{"id":55260,"date":"2016-06-23T14:18:17","date_gmt":"2016-06-23T13:18:17","guid":{"rendered":"http:\/\/kapitalis.com\/tunisie\/?p=55260"},"modified":"2016-06-24T17:24:33","modified_gmt":"2016-06-24T16:24:33","slug":"kairouan-les-islamistes-en-costume-et-les-modernistes-en-jebba","status":"publish","type":"post","link":"https:\/\/kapitalis.com\/tunisie\/2016\/06\/23\/kairouan-les-islamistes-en-costume-et-les-modernistes-en-jebba\/","title":{"rendered":"Kairouan : Les islamistes en costume et les modernistes en jebba"},"content":{"rendered":"<p style=\"text-align: center;\"><img loading=\"lazy\" decoding=\"async\" class=\"alignnone size-full wp-image-55261\" src=\"http:\/\/kapitalis.com\/tunisie\/wp-content\/uploads\/2016\/06\/Mosquee-Okbaa-Gouvernement.jpg\" alt=\"Mosquee-Okbaa-Gouvernement\" width=\"626\" height=\"380\" \/><\/p>\n<p style=\"text-align: left;\"><em><strong>Les images de la c\u00e9r\u00e9monie, qui s\u2019est d\u00e9roul\u00e9e mercredi soir \u00e0 la mosqu\u00e9e Okba Ibn Naf\u00e2a, \u00e0 Kairouan, ont interpell\u00e9 les Tunisiens.<\/strong> <\/em><\/p>\n<p style=\"text-align: left;\"><!--more--><\/p>\n<p style=\"text-align: left;\">Au cours de cette c\u00e9r\u00e9monie politico-religieuse, organis\u00e9e \u00e0 l\u2019occasion de la c\u00e9l\u00e9bration du 1450e anniversaire de la r\u00e9v\u00e9lation du Coran, la majorit\u00e9 des invit\u00e9s, et notamment les membres du gouvernement Habib Essid, ont port\u00e9 la jebba traditionnelle.<\/p>\n<p style=\"text-align: left;\">Pour se d\u00e9marquer, les dirigeants d\u2019Ennahdha ont tous port\u00e9 un costume occidental, de Abdelkarim Harouni, pr\u00e9sident du conseil de la choura, \u00e0 Ali Larayedh, secr\u00e9taire g\u00e9n\u00e9ral, en passant par Mongi Marzouk, ministre de l&rsquo;Energie et des Mines, qui est apparent\u00e9 nahdhaoui.<\/p>\n<p style=\"text-align: left;\">Difficile de croire que ce choix n\u2019a pas \u00e9t\u00e9 dict\u00e9 par la direction du parti islamiste, qui tente ainsi de faire accr\u00e9diter l\u2019id\u00e9e qu\u2019il est devenu une formation civile qui respecte le principe r\u00e9publicain de la s\u00e9paration entre la politique et la religion.<\/p>\n<p style=\"text-align: left;\">Au-del\u00e0 de cet affichage qui tient beaucoup de la communication politique, les Tunisiens, qui ne sont pas dupes, savent \u00e0 quoi s\u2019en tenir avec les Nahdhaouis, champions du monde de la duplicit\u00e9 et du mensonge\u2026<\/p>\n<p style=\"text-align: right;\"><strong>Z. A. <\/strong><\/p>\n","protected":false},"excerpt":{"rendered":"<p>Les images de la c\u00e9r\u00e9monie, qui s\u2019est d\u00e9roul\u00e9e mercredi soir \u00e0 la mosqu\u00e9e Okba Ibn Naf\u00e2a, \u00e0 Kairouan, ont interpell\u00e9 les Tunisiens.<\/p>\n","protected":false},"author":8,"featured_media":55261,"comment_status":"open","ping_status":"open","sticky":false,"template":"","format":"standard","meta":{"footnotes":""},"categories":[997,2433],"tags":[1648,2679,4801],"class_list":["post-55260","post","type-post","status-publish","format-standard","has-post-thumbnail","hentry","category-politique","category-tunisie","tag-islamistes","tag-larayedh","tag-modernistes"],"yoast_head":"<!-- This site is optimized with the Yoast SEO plugin v26.6 - https:\/\/yoast.com\/wordpress\/plugins\/seo\/ -->\n<title>Kairouan : Les islamistes en costume et les modernistes en jebba - Kapitalis<\/title>\n<meta name=\"robots\" content=\"index, follow, max-snippet:-1, max-image-preview:large, max-video-preview:-1\" \/>\n<link rel=\"canonical\" href=\"https:\/\/kapitalis.com\/tunisie\/2016\/06\/23\/kairouan-les-islamistes-en-costume-et-les-modernistes-en-jebba\/\" \/>\n<meta property=\"og:locale\" content=\"fr_FR\" \/>\n<meta property=\"og:type\" content=\"article\" \/>\n<meta property=\"og:title\" content=\"Kairouan : Les islamistes en costume et les modernistes en jebba - Kapitalis\" \/>\n<meta property=\"og:description\" content=\"Les images de la c\u00e9r\u00e9monie, qui s\u2019est d\u00e9roul\u00e9e mercredi soir \u00e0 la mosqu\u00e9e Okba Ibn Naf\u00e2a, \u00e0 Kairouan, ont interpell\u00e9 les Tunisiens.\" \/>\n<meta property=\"og:url\" content=\"https:\/\/kapitalis.com\/tunisie\/2016\/06\/23\/kairouan-les-islamistes-en-costume-et-les-modernistes-en-jebba\/\" \/>\n<meta property=\"og:site_name\" content=\"Kapitalis\" \/>\n<meta property=\"article:publisher\" content=\"https:\/\/www.facebook.com\/KapitalisInfo\/\" \/>\n<meta property=\"article:published_time\" content=\"2016-06-23T13:18:17+00:00\" \/>\n<meta property=\"article:modified_time\" content=\"2016-06-24T16:24:33+00:00\" \/>\n<meta property=\"og:image\" content=\"https:\/\/kapitalis.com\/tunisie\/wp-content\/uploads\/2022\/05\/kapitalis-logo-fb.png\" \/>\n\t<meta property=\"og:image:width\" content=\"1200\" \/>\n\t<meta property=\"og:image:height\" content=\"630\" \/>\n\t<meta property=\"og:image:type\" content=\"image\/png\" \/>\n<meta name=\"author\" content=\"webmaster kapitalis\" \/>\n<meta name=\"twitter:card\" content=\"summary_large_image\" \/>\n<meta name=\"twitter:creator\" content=\"@KapitalisInfo\" \/>\n<meta name=\"twitter:site\" content=\"@KapitalisInfo\" \/>\n<meta name=\"twitter:label1\" content=\"\u00c9crit par\" \/>\n\t<meta name=\"twitter:data1\" content=\"webmaster kapitalis\" \/>\n\t<meta name=\"twitter:label2\" content=\"Dur\u00e9e de lecture estim\u00e9e\" \/>\n\t<meta name=\"twitter:data2\" content=\"1 minute\" \/>\n<script type=\"application\/ld+json\" class=\"yoast-schema-graph\">{\"@context\":\"https:\/\/schema.org\",\"@graph\":[{\"@type\":\"Article\",\"@id\":\"https:\/\/kapitalis.com\/tunisie\/2016\/06\/23\/kairouan-les-islamistes-en-costume-et-les-modernistes-en-jebba\/#article\",\"isPartOf\":{\"@id\":\"https:\/\/kapitalis.com\/tunisie\/2016\/06\/23\/kairouan-les-islamistes-en-costume-et-les-modernistes-en-jebba\/\"},\"author\":{\"name\":\"webmaster kapitalis\",\"@id\":\"https:\/\/kapitalis.com\/tunisie\/#\/schema\/person\/d71f33a9ca44f7bad4698210b480c8e9\"},\"headline\":\"Kairouan : Les islamistes en costume et les modernistes en jebba\",\"datePublished\":\"2016-06-23T13:18:17+00:00\",\"dateModified\":\"2016-06-24T16:24:33+00:00\",\"mainEntityOfPage\":{\"@id\":\"https:\/\/kapitalis.com\/tunisie\/2016\/06\/23\/kairouan-les-islamistes-en-costume-et-les-modernistes-en-jebba\/\"},\"wordCount\":215,\"commentCount\":12,\"publisher\":{\"@id\":\"https:\/\/kapitalis.com\/tunisie\/#organization\"},\"image\":{\"@id\":\"https:\/\/kapitalis.com\/tunisie\/2016\/06\/23\/kairouan-les-islamistes-en-costume-et-les-modernistes-en-jebba\/#primaryimage\"},\"thumbnailUrl\":\"\",\"keywords\":[\"islamistes\",\"Larayedh\",\"modernistes\"],\"articleSection\":[\"POLITIQUE\",\"Tunisie\"],\"inLanguage\":\"fr-FR\",\"potentialAction\":[{\"@type\":\"CommentAction\",\"name\":\"Comment\",\"target\":[\"https:\/\/kapitalis.com\/tunisie\/2016\/06\/23\/kairouan-les-islamistes-en-costume-et-les-modernistes-en-jebba\/#respond\"]}]},{\"@type\":\"WebPage\",\"@id\":\"https:\/\/kapitalis.com\/tunisie\/2016\/06\/23\/kairouan-les-islamistes-en-costume-et-les-modernistes-en-jebba\/\",\"url\":\"https:\/\/kapitalis.com\/tunisie\/2016\/06\/23\/kairouan-les-islamistes-en-costume-et-les-modernistes-en-jebba\/\",\"name\":\"Kairouan : Les islamistes en costume et les modernistes en jebba - Kapitalis\",\"isPartOf\":{\"@id\":\"https:\/\/kapitalis.com\/tunisie\/#website\"},\"primaryImageOfPage\":{\"@id\":\"https:\/\/kapitalis.com\/tunisie\/2016\/06\/23\/kairouan-les-islamistes-en-costume-et-les-modernistes-en-jebba\/#primaryimage\"},\"image\":{\"@id\":\"https:\/\/kapitalis.com\/tunisie\/2016\/06\/23\/kairouan-les-islamistes-en-costume-et-les-modernistes-en-jebba\/#primaryimage\"},\"thumbnailUrl\":\"\",\"datePublished\":\"2016-06-23T13:18:17+00:00\",\"dateModified\":\"2016-06-24T16:24:33+00:00\",\"breadcrumb\":{\"@id\":\"https:\/\/kapitalis.com\/tunisie\/2016\/06\/23\/kairouan-les-islamistes-en-costume-et-les-modernistes-en-jebba\/#breadcrumb\"},\"inLanguage\":\"fr-FR\",\"potentialAction\":[{\"@type\":\"ReadAction\",\"target\":[\"https:\/\/kapitalis.com\/tunisie\/2016\/06\/23\/kairouan-les-islamistes-en-costume-et-les-modernistes-en-jebba\/\"]}]},{\"@type\":\"ImageObject\",\"inLanguage\":\"fr-FR\",\"@id\":\"https:\/\/kapitalis.com\/tunisie\/2016\/06\/23\/kairouan-les-islamistes-en-costume-et-les-modernistes-en-jebba\/#primaryimage\",\"url\":\"\",\"contentUrl\":\"\"},{\"@type\":\"BreadcrumbList\",\"@id\":\"https:\/\/kapitalis.com\/tunisie\/2016\/06\/23\/kairouan-les-islamistes-en-costume-et-les-modernistes-en-jebba\/#breadcrumb\",\"itemListElement\":[{\"@type\":\"ListItem\",\"position\":1,\"name\":\"Accueil\",\"item\":\"https:\/\/kapitalis.com\/tunisie\/\"},{\"@type\":\"ListItem\",\"position\":2,\"name\":\"Kairouan : Les islamistes en costume et les modernistes en jebba\"}]},{\"@type\":\"WebSite\",\"@id\":\"https:\/\/kapitalis.com\/tunisie\/#website\",\"url\":\"https:\/\/kapitalis.com\/tunisie\/\",\"name\":\"Kapitalis\",\"description\":\"L&#039;actualit\u00e9 en Tunisie et dans le monde\",\"publisher\":{\"@id\":\"https:\/\/kapitalis.com\/tunisie\/#organization\"},\"potentialAction\":[{\"@type\":\"SearchAction\",\"target\":{\"@type\":\"EntryPoint\",\"urlTemplate\":\"https:\/\/kapitalis.com\/tunisie\/?s={search_term_string}\"},\"query-input\":{\"@type\":\"PropertyValueSpecification\",\"valueRequired\":true,\"valueName\":\"search_term_string\"}}],\"inLanguage\":\"fr-FR\"},{\"@type\":\"Organization\",\"@id\":\"https:\/\/kapitalis.com\/tunisie\/#organization\",\"name\":\"Kapitalis\",\"url\":\"https:\/\/kapitalis.com\/tunisie\/\",\"logo\":{\"@type\":\"ImageObject\",\"inLanguage\":\"fr-FR\",\"@id\":\"https:\/\/kapitalis.com\/tunisie\/#\/schema\/logo\/image\/\",\"url\":\"https:\/\/kapitalis.com\/tunisie\/wp-content\/uploads\/2022\/05\/Kapitalis-big-size.png\",\"contentUrl\":\"https:\/\/kapitalis.com\/tunisie\/wp-content\/uploads\/2022\/05\/Kapitalis-big-size.png\",\"width\":5000,\"height\":1500,\"caption\":\"Kapitalis\"},\"image\":{\"@id\":\"https:\/\/kapitalis.com\/tunisie\/#\/schema\/logo\/image\/\"},\"sameAs\":[\"https:\/\/www.facebook.com\/KapitalisInfo\/\",\"https:\/\/x.com\/KapitalisInfo\",\"https:\/\/www.youtube.com\/channel\/UC-yDYrHyfFBWWZaOw3FPg9Q\"]},{\"@type\":\"Person\",\"@id\":\"https:\/\/kapitalis.com\/tunisie\/#\/schema\/person\/d71f33a9ca44f7bad4698210b480c8e9\",\"name\":\"webmaster kapitalis\",\"url\":\"https:\/\/kapitalis.com\/tunisie\/author\/webmaster-kapitalis\/\"}]}<\/script>\n<!-- \/ Yoast SEO plugin. -->","yoast_head_json":{"title":"Kairouan : Les islamistes en costume et les modernistes en jebba - Kapitalis","robots":{"index":"index","follow":"follow","max-snippet":"max-snippet:-1","max-image-preview":"max-image-preview:large","max-video-preview":"max-video-preview:-1"},"canonical":"https:\/\/kapitalis.com\/tunisie\/2016\/06\/23\/kairouan-les-islamistes-en-costume-et-les-modernistes-en-jebba\/","og_locale":"fr_FR","og_type":"article","og_title":"Kairouan : Les islamistes en costume et les modernistes en jebba - Kapitalis","og_description":"Les images de la c\u00e9r\u00e9monie, qui s\u2019est d\u00e9roul\u00e9e mercredi soir \u00e0 la mosqu\u00e9e Okba Ibn Naf\u00e2a, \u00e0 Kairouan, ont interpell\u00e9 les Tunisiens.","og_url":"https:\/\/kapitalis.com\/tunisie\/2016\/06\/23\/kairouan-les-islamistes-en-costume-et-les-modernistes-en-jebba\/","og_site_name":"Kapitalis","article_publisher":"https:\/\/www.facebook.com\/KapitalisInfo\/","article_published_time":"2016-06-23T13:18:17+00:00","article_modified_time":"2016-06-24T16:24:33+00:00","og_image":[{"width":1200,"height":630,"url":"https:\/\/kapitalis.com\/tunisie\/wp-content\/uploads\/2022\/05\/kapitalis-logo-fb.png","type":"image\/png"}],"author":"webmaster kapitalis","twitter_card":"summary_large_image","twitter_creator":"@KapitalisInfo","twitter_site":"@KapitalisInfo","twitter_misc":{"\u00c9crit par":"webmaster kapitalis","Dur\u00e9e de lecture estim\u00e9e":"1 minute"},"schema":{"@context":"https:\/\/schema.org","@graph":[{"@type":"Article","@id":"https:\/\/kapitalis.com\/tunisie\/2016\/06\/23\/kairouan-les-islamistes-en-costume-et-les-modernistes-en-jebba\/#article","isPartOf":{"@id":"https:\/\/kapitalis.com\/tunisie\/2016\/06\/23\/kairouan-les-islamistes-en-costume-et-les-modernistes-en-jebba\/"},"author":{"name":"webmaster kapitalis","@id":"https:\/\/kapitalis.com\/tunisie\/#\/schema\/person\/d71f33a9ca44f7bad4698210b480c8e9"},"headline":"Kairouan : Les islamistes en costume et les modernistes en jebba","datePublished":"2016-06-23T13:18:17+00:00","dateModified":"2016-06-24T16:24:33+00:00","mainEntityOfPage":{"@id":"https:\/\/kapitalis.com\/tunisie\/2016\/06\/23\/kairouan-les-islamistes-en-costume-et-les-modernistes-en-jebba\/"},"wordCount":215,"commentCount":12,"publisher":{"@id":"https:\/\/kapitalis.com\/tunisie\/#organization"},"image":{"@id":"https:\/\/kapitalis.com\/tunisie\/2016\/06\/23\/kairouan-les-islamistes-en-costume-et-les-modernistes-en-jebba\/#primaryimage"},"thumbnailUrl":"","keywords":["islamistes","Larayedh","modernistes"],"articleSection":["POLITIQUE","Tunisie"],"inLanguage":"fr-FR","potentialAction":[{"@type":"CommentAction","name":"Comment","target":["https:\/\/kapitalis.com\/tunisie\/2016\/06\/23\/kairouan-les-islamistes-en-costume-et-les-modernistes-en-jebba\/#respond"]}]},{"@type":"WebPage","@id":"https:\/\/kapitalis.com\/tunisie\/2016\/06\/23\/kairouan-les-islamistes-en-costume-et-les-modernistes-en-jebba\/","url":"https:\/\/kapitalis.com\/tunisie\/2016\/06\/23\/kairouan-les-islamistes-en-costume-et-les-modernistes-en-jebba\/","name":"Kairouan : Les islamistes en costume et les modernistes en jebba - Kapitalis","isPartOf":{"@id":"https:\/\/kapitalis.com\/tunisie\/#website"},"primaryImageOfPage":{"@id":"https:\/\/kapitalis.com\/tunisie\/2016\/06\/23\/kairouan-les-islamistes-en-costume-et-les-modernistes-en-jebba\/#primaryimage"},"image":{"@id":"https:\/\/kapitalis.com\/tunisie\/2016\/06\/23\/kairouan-les-islamistes-en-costume-et-les-modernistes-en-jebba\/#primaryimage"},"thumbnailUrl":"","datePublished":"2016-06-23T13:18:17+00:00","dateModified":"2016-06-24T16:24:33+00:00","breadcrumb":{"@id":"https:\/\/kapitalis.com\/tunisie\/2016\/06\/23\/kairouan-les-islamistes-en-costume-et-les-modernistes-en-jebba\/#breadcrumb"},"inLanguage":"fr-FR","potentialAction":[{"@type":"ReadAction","target":["https:\/\/kapitalis.com\/tunisie\/2016\/06\/23\/kairouan-les-islamistes-en-costume-et-les-modernistes-en-jebba\/"]}]},{"@type":"ImageObject","inLanguage":"fr-FR","@id":"https:\/\/kapitalis.com\/tunisie\/2016\/06\/23\/kairouan-les-islamistes-en-costume-et-les-modernistes-en-jebba\/#primaryimage","url":"","contentUrl":""},{"@type":"BreadcrumbList","@id":"https:\/\/kapitalis.com\/tunisie\/2016\/06\/23\/kairouan-les-islamistes-en-costume-et-les-modernistes-en-jebba\/#breadcrumb","itemListElement":[{"@type":"ListItem","position":1,"name":"Accueil","item":"https:\/\/kapitalis.com\/tunisie\/"},{"@type":"ListItem","position":2,"name":"Kairouan : Les islamistes en costume et les modernistes en jebba"}]},{"@type":"WebSite","@id":"https:\/\/kapitalis.com\/tunisie\/#website","url":"https:\/\/kapitalis.com\/tunisie\/","name":"Kapitalis","description":"L&#039;actualit\u00e9 en Tunisie et dans le monde","publisher":{"@id":"https:\/\/kapitalis.com\/tunisie\/#organization"},"potentialAction":[{"@type":"SearchAction","target":{"@type":"EntryPoint","urlTemplate":"https:\/\/kapitalis.com\/tunisie\/?s={search_term_string}"},"query-input":{"@type":"PropertyValueSpecification","valueRequired":true,"valueName":"search_term_string"}}],"inLanguage":"fr-FR"},{"@type":"Organization","@id":"https:\/\/kapitalis.com\/tunisie\/#organization","name":"Kapitalis","url":"https:\/\/kapitalis.com\/tunisie\/","logo":{"@type":"ImageObject","inLanguage":"fr-FR","@id":"https:\/\/kapitalis.com\/tunisie\/#\/schema\/logo\/image\/","url":"https:\/\/kapitalis.com\/tunisie\/wp-content\/uploads\/2022\/05\/Kapitalis-big-size.png","contentUrl":"https:\/\/kapitalis.com\/tunisie\/wp-content\/uploads\/2022\/05\/Kapitalis-big-size.png","width":5000,"height":1500,"caption":"Kapitalis"},"image":{"@id":"https:\/\/kapitalis.com\/tunisie\/#\/schema\/logo\/image\/"},"sameAs":["https:\/\/www.facebook.com\/KapitalisInfo\/","https:\/\/x.com\/KapitalisInfo","https:\/\/www.youtube.com\/channel\/UC-yDYrHyfFBWWZaOw3FPg9Q"]},{"@type":"Person","@id":"https:\/\/kapitalis.com\/tunisie\/#\/schema\/person\/d71f33a9ca44f7bad4698210b480c8e9","name":"webmaster kapitalis","url":"https:\/\/kapitalis.com\/tunisie\/author\/webmaster-kapitalis\/"}]}},"_links":{"self":[{"href":"https:\/\/kapitalis.com\/tunisie\/wp-json\/wp\/v2\/posts\/55260","targetHints":{"allow":["GET"]}}],"collection":[{"href":"https:\/\/kapitalis.com\/tunisie\/wp-json\/wp\/v2\/posts"}],"about":[{"href":"https:\/\/kapitalis.com\/tunisie\/wp-json\/wp\/v2\/types\/post"}],"author":[{"embeddable":true,"href":"https:\/\/kapitalis.com\/tunisie\/wp-json\/wp\/v2\/users\/8"}],"replies":[{"embeddable":true,"href":"https:\/\/kapitalis.com\/tunisie\/wp-json\/wp\/v2\/comments?post=55260"}],"version-history":[{"count":0,"href":"https:\/\/kapitalis.com\/tunisie\/wp-json\/wp\/v2\/posts\/55260\/revisions"}],"wp:featuredmedia":[{"embeddable":true,"href":"https:\/\/kapitalis.com\/tunisie\/wp-json\/wp\/v2\/media\/55261"}],"wp:attachment":[{"href":"https:\/\/kapitalis.com\/tunisie\/wp-json\/wp\/v2\/media?parent=55260"}],"wp:term":[{"taxonomy":"category","embeddable":true,"href":"https:\/\/kapitalis.com\/tunisie\/wp-json\/wp\/v2\/categories?post=55260"},{"taxonomy":"post_tag","embeddable":true,"href":"https:\/\/kapitalis.com\/tunisie\/wp-json\/wp\/v2\/tags?post=55260"}],"curies":[{"name":"wp","href":"https:\/\/api.w.org\/{rel}","templated":true}]}}