{"id":55339,"date":"2016-06-24T09:43:12","date_gmt":"2016-06-24T08:43:12","guid":{"rendered":"http:\/\/kapitalis.com\/tunisie\/?p=55339"},"modified":"2016-06-24T09:44:41","modified_gmt":"2016-06-24T08:44:41","slug":"me-leila-haddad-se-dit-menacee-et-porte-plainte","status":"publish","type":"post","link":"https:\/\/kapitalis.com\/tunisie\/2016\/06\/24\/me-leila-haddad-se-dit-menacee-et-porte-plainte\/","title":{"rendered":"Me Leila Haddad se dit menac\u00e9e et porte plainte"},"content":{"rendered":"<p style=\"text-align: center;\"><img loading=\"lazy\" decoding=\"async\" class=\"alignnone size-full wp-image-55340\" src=\"http:\/\/kapitalis.com\/tunisie\/wp-content\/uploads\/2016\/06\/Me-Leila-Haddad.jpg\" alt=\"Me Leila Haddad\" width=\"626\" height=\"380\" \/><\/p>\n<p><em><strong>Me Leila Haddad a port\u00e9 plainte aupr\u00e8s du procureur de la r\u00e9publique suite \u00e0 de s\u00e9rieuses menaces.<\/strong><\/em><\/p>\n<p><!--more--><\/p>\n<p>L\u2019avocate, qui s&rsquo;est faite conna\u00eetre\u00a0en d\u00e9fendant\u00a0les familles des martyrs et des bless\u00e9s de la r\u00e9volution,\u00a0<span style=\"line-height: 1.5;\">a indiqu\u00e9 que 2 individus, \u00e0 bord d\u2019un deux-roues, se sont rendus, jeudi \u00e0 3 heures du matin, dans\u00a0l\u2019immeuble o\u00f9 elle habite et ont demand\u00e9 au gardien de transmettre ce message Leila Haddad: \u00ab<\/span><em style=\"line-height: 1.5;\">Nous savons\u00a0 o\u00f9 elle habite, nous connaissons sa voiture et nous ferons le n\u00e9cessaire au bon moment<\/em><span style=\"line-height: 1.5;\">\u00bb, avant de repartir.<\/span><\/p>\n<p>L\u2019avocate a \u00e9galement inform\u00e9, ce matin, le Conseil de l\u2019Ordre des avocats et a rappel\u00e9 que ce n\u2019est pas la premi\u00e8re fois qu\u2019elle re\u00e7oit des menaces.<\/p>\n<p>\u00ab<em>Je me suis habitu\u00e9e aux menaces sur les r\u00e9seaux sociaux.\u00a0J\u2019ai m\u00eame \u00e9t\u00e9 interpell\u00e9e pr\u00e8s de mon bureau qu\u2019on a essay\u00e9 d\u2019investir \u00e0 plusieurs reprises, mais il s\u2019agit l\u00e0 de mon domicile et cela prend donc une tournure plus grave<\/em>\u00bb, a-t-elle pr\u00e9cis\u00e9.<\/p>\n<p style=\"text-align: right;\"><strong>Y. N.<\/strong><\/p>\n","protected":false},"excerpt":{"rendered":"<p>Me Leila Haddad a port\u00e9 plainte aupr\u00e8s du procureur de la r\u00e9publique suite \u00e0 de s\u00e9rieuses menaces.<\/p>\n","protected":false},"author":6,"featured_media":55340,"comment_status":"open","ping_status":"open","sticky":false,"template":"","format":"standard","meta":{"footnotes":""},"categories":[998,2433],"tags":[9743,2825,721,1612],"class_list":["post-55339","post","type-post","status-publish","format-standard","has-post-thumbnail","hentry","category-societe","category-tunisie","tag-leila-haddad","tag-menaces","tag-plainte","tag-procureur"],"yoast_head":"<!-- This site is optimized with the Yoast SEO plugin v26.6 - https:\/\/yoast.com\/wordpress\/plugins\/seo\/ -->\n<title>Me Leila Haddad se dit menac\u00e9e et porte plainte - Kapitalis<\/title>\n<meta name=\"robots\" content=\"index, follow, max-snippet:-1, max-image-preview:large, max-video-preview:-1\" \/>\n<link rel=\"canonical\" href=\"https:\/\/kapitalis.com\/tunisie\/2016\/06\/24\/me-leila-haddad-se-dit-menacee-et-porte-plainte\/\" \/>\n<meta property=\"og:locale\" content=\"fr_FR\" \/>\n<meta property=\"og:type\" content=\"article\" \/>\n<meta property=\"og:title\" content=\"Me Leila Haddad se dit menac\u00e9e et porte plainte - Kapitalis\" \/>\n<meta property=\"og:description\" content=\"Me Leila Haddad a port\u00e9 plainte aupr\u00e8s du procureur de la r\u00e9publique suite \u00e0 de s\u00e9rieuses menaces.\" \/>\n<meta property=\"og:url\" content=\"https:\/\/kapitalis.com\/tunisie\/2016\/06\/24\/me-leila-haddad-se-dit-menacee-et-porte-plainte\/\" \/>\n<meta property=\"og:site_name\" content=\"Kapitalis\" \/>\n<meta property=\"article:publisher\" content=\"https:\/\/www.facebook.com\/KapitalisInfo\/\" \/>\n<meta property=\"article:published_time\" content=\"2016-06-24T08:43:12+00:00\" \/>\n<meta property=\"article:modified_time\" content=\"2016-06-24T08:44:41+00:00\" \/>\n<meta property=\"og:image\" content=\"https:\/\/kapitalis.com\/tunisie\/wp-content\/uploads\/2022\/05\/kapitalis-logo-fb.png\" \/>\n\t<meta property=\"og:image:width\" content=\"1200\" \/>\n\t<meta property=\"og:image:height\" content=\"630\" \/>\n\t<meta property=\"og:image:type\" content=\"image\/png\" \/>\n<meta name=\"author\" content=\"Yusra NY\" \/>\n<meta name=\"twitter:card\" content=\"summary_large_image\" \/>\n<meta name=\"twitter:creator\" content=\"@KapitalisInfo\" \/>\n<meta name=\"twitter:site\" content=\"@KapitalisInfo\" \/>\n<meta name=\"twitter:label1\" content=\"\u00c9crit par\" \/>\n\t<meta name=\"twitter:data1\" content=\"Yusra NY\" \/>\n\t<meta name=\"twitter:label2\" content=\"Dur\u00e9e de lecture estim\u00e9e\" \/>\n\t<meta name=\"twitter:data2\" content=\"1 minute\" \/>\n<script type=\"application\/ld+json\" class=\"yoast-schema-graph\">{\"@context\":\"https:\/\/schema.org\",\"@graph\":[{\"@type\":\"Article\",\"@id\":\"https:\/\/kapitalis.com\/tunisie\/2016\/06\/24\/me-leila-haddad-se-dit-menacee-et-porte-plainte\/#article\",\"isPartOf\":{\"@id\":\"https:\/\/kapitalis.com\/tunisie\/2016\/06\/24\/me-leila-haddad-se-dit-menacee-et-porte-plainte\/\"},\"author\":{\"name\":\"Yusra NY\",\"@id\":\"https:\/\/kapitalis.com\/tunisie\/#\/schema\/person\/74bbde0154d49d790a92aaeac5bc01d5\"},\"headline\":\"Me Leila Haddad se dit menac\u00e9e et porte plainte\",\"datePublished\":\"2016-06-24T08:43:12+00:00\",\"dateModified\":\"2016-06-24T08:44:41+00:00\",\"mainEntityOfPage\":{\"@id\":\"https:\/\/kapitalis.com\/tunisie\/2016\/06\/24\/me-leila-haddad-se-dit-menacee-et-porte-plainte\/\"},\"wordCount\":189,\"commentCount\":0,\"publisher\":{\"@id\":\"https:\/\/kapitalis.com\/tunisie\/#organization\"},\"image\":{\"@id\":\"https:\/\/kapitalis.com\/tunisie\/2016\/06\/24\/me-leila-haddad-se-dit-menacee-et-porte-plainte\/#primaryimage\"},\"thumbnailUrl\":\"\",\"keywords\":[\"Leila Haddad\",\"menaces\",\"plainte\",\"procureur\"],\"articleSection\":[\"SOCIETE\",\"Tunisie\"],\"inLanguage\":\"fr-FR\",\"potentialAction\":[{\"@type\":\"CommentAction\",\"name\":\"Comment\",\"target\":[\"https:\/\/kapitalis.com\/tunisie\/2016\/06\/24\/me-leila-haddad-se-dit-menacee-et-porte-plainte\/#respond\"]}]},{\"@type\":\"WebPage\",\"@id\":\"https:\/\/kapitalis.com\/tunisie\/2016\/06\/24\/me-leila-haddad-se-dit-menacee-et-porte-plainte\/\",\"url\":\"https:\/\/kapitalis.com\/tunisie\/2016\/06\/24\/me-leila-haddad-se-dit-menacee-et-porte-plainte\/\",\"name\":\"Me Leila Haddad se dit menac\u00e9e et porte plainte - Kapitalis\",\"isPartOf\":{\"@id\":\"https:\/\/kapitalis.com\/tunisie\/#website\"},\"primaryImageOfPage\":{\"@id\":\"https:\/\/kapitalis.com\/tunisie\/2016\/06\/24\/me-leila-haddad-se-dit-menacee-et-porte-plainte\/#primaryimage\"},\"image\":{\"@id\":\"https:\/\/kapitalis.com\/tunisie\/2016\/06\/24\/me-leila-haddad-se-dit-menacee-et-porte-plainte\/#primaryimage\"},\"thumbnailUrl\":\"\",\"datePublished\":\"2016-06-24T08:43:12+00:00\",\"dateModified\":\"2016-06-24T08:44:41+00:00\",\"breadcrumb\":{\"@id\":\"https:\/\/kapitalis.com\/tunisie\/2016\/06\/24\/me-leila-haddad-se-dit-menacee-et-porte-plainte\/#breadcrumb\"},\"inLanguage\":\"fr-FR\",\"potentialAction\":[{\"@type\":\"ReadAction\",\"target\":[\"https:\/\/kapitalis.com\/tunisie\/2016\/06\/24\/me-leila-haddad-se-dit-menacee-et-porte-plainte\/\"]}]},{\"@type\":\"ImageObject\",\"inLanguage\":\"fr-FR\",\"@id\":\"https:\/\/kapitalis.com\/tunisie\/2016\/06\/24\/me-leila-haddad-se-dit-menacee-et-porte-plainte\/#primaryimage\",\"url\":\"\",\"contentUrl\":\"\"},{\"@type\":\"BreadcrumbList\",\"@id\":\"https:\/\/kapitalis.com\/tunisie\/2016\/06\/24\/me-leila-haddad-se-dit-menacee-et-porte-plainte\/#breadcrumb\",\"itemListElement\":[{\"@type\":\"ListItem\",\"position\":1,\"name\":\"Accueil\",\"item\":\"https:\/\/kapitalis.com\/tunisie\/\"},{\"@type\":\"ListItem\",\"position\":2,\"name\":\"Me Leila Haddad se dit menac\u00e9e et porte plainte\"}]},{\"@type\":\"WebSite\",\"@id\":\"https:\/\/kapitalis.com\/tunisie\/#website\",\"url\":\"https:\/\/kapitalis.com\/tunisie\/\",\"name\":\"Kapitalis\",\"description\":\"L&#039;actualit\u00e9 en Tunisie et dans le monde\",\"publisher\":{\"@id\":\"https:\/\/kapitalis.com\/tunisie\/#organization\"},\"potentialAction\":[{\"@type\":\"SearchAction\",\"target\":{\"@type\":\"EntryPoint\",\"urlTemplate\":\"https:\/\/kapitalis.com\/tunisie\/?s={search_term_string}\"},\"query-input\":{\"@type\":\"PropertyValueSpecification\",\"valueRequired\":true,\"valueName\":\"search_term_string\"}}],\"inLanguage\":\"fr-FR\"},{\"@type\":\"Organization\",\"@id\":\"https:\/\/kapitalis.com\/tunisie\/#organization\",\"name\":\"Kapitalis\",\"url\":\"https:\/\/kapitalis.com\/tunisie\/\",\"logo\":{\"@type\":\"ImageObject\",\"inLanguage\":\"fr-FR\",\"@id\":\"https:\/\/kapitalis.com\/tunisie\/#\/schema\/logo\/image\/\",\"url\":\"https:\/\/kapitalis.com\/tunisie\/wp-content\/uploads\/2022\/05\/Kapitalis-big-size.png\",\"contentUrl\":\"https:\/\/kapitalis.com\/tunisie\/wp-content\/uploads\/2022\/05\/Kapitalis-big-size.png\",\"width\":5000,\"height\":1500,\"caption\":\"Kapitalis\"},\"image\":{\"@id\":\"https:\/\/kapitalis.com\/tunisie\/#\/schema\/logo\/image\/\"},\"sameAs\":[\"https:\/\/www.facebook.com\/KapitalisInfo\/\",\"https:\/\/x.com\/KapitalisInfo\",\"https:\/\/www.youtube.com\/channel\/UC-yDYrHyfFBWWZaOw3FPg9Q\"]},{\"@type\":\"Person\",\"@id\":\"https:\/\/kapitalis.com\/tunisie\/#\/schema\/person\/74bbde0154d49d790a92aaeac5bc01d5\",\"name\":\"Yusra NY\",\"url\":\"https:\/\/kapitalis.com\/tunisie\/author\/yuza_adam\/\"}]}<\/script>\n<!-- \/ Yoast SEO plugin. -->","yoast_head_json":{"title":"Me Leila Haddad se dit menac\u00e9e et porte plainte - Kapitalis","robots":{"index":"index","follow":"follow","max-snippet":"max-snippet:-1","max-image-preview":"max-image-preview:large","max-video-preview":"max-video-preview:-1"},"canonical":"https:\/\/kapitalis.com\/tunisie\/2016\/06\/24\/me-leila-haddad-se-dit-menacee-et-porte-plainte\/","og_locale":"fr_FR","og_type":"article","og_title":"Me Leila Haddad se dit menac\u00e9e et porte plainte - Kapitalis","og_description":"Me Leila Haddad a port\u00e9 plainte aupr\u00e8s du procureur de la r\u00e9publique suite \u00e0 de s\u00e9rieuses menaces.","og_url":"https:\/\/kapitalis.com\/tunisie\/2016\/06\/24\/me-leila-haddad-se-dit-menacee-et-porte-plainte\/","og_site_name":"Kapitalis","article_publisher":"https:\/\/www.facebook.com\/KapitalisInfo\/","article_published_time":"2016-06-24T08:43:12+00:00","article_modified_time":"2016-06-24T08:44:41+00:00","og_image":[{"width":1200,"height":630,"url":"https:\/\/kapitalis.com\/tunisie\/wp-content\/uploads\/2022\/05\/kapitalis-logo-fb.png","type":"image\/png"}],"author":"Yusra NY","twitter_card":"summary_large_image","twitter_creator":"@KapitalisInfo","twitter_site":"@KapitalisInfo","twitter_misc":{"\u00c9crit par":"Yusra NY","Dur\u00e9e de lecture estim\u00e9e":"1 minute"},"schema":{"@context":"https:\/\/schema.org","@graph":[{"@type":"Article","@id":"https:\/\/kapitalis.com\/tunisie\/2016\/06\/24\/me-leila-haddad-se-dit-menacee-et-porte-plainte\/#article","isPartOf":{"@id":"https:\/\/kapitalis.com\/tunisie\/2016\/06\/24\/me-leila-haddad-se-dit-menacee-et-porte-plainte\/"},"author":{"name":"Yusra NY","@id":"https:\/\/kapitalis.com\/tunisie\/#\/schema\/person\/74bbde0154d49d790a92aaeac5bc01d5"},"headline":"Me Leila Haddad se dit menac\u00e9e et porte plainte","datePublished":"2016-06-24T08:43:12+00:00","dateModified":"2016-06-24T08:44:41+00:00","mainEntityOfPage":{"@id":"https:\/\/kapitalis.com\/tunisie\/2016\/06\/24\/me-leila-haddad-se-dit-menacee-et-porte-plainte\/"},"wordCount":189,"commentCount":0,"publisher":{"@id":"https:\/\/kapitalis.com\/tunisie\/#organization"},"image":{"@id":"https:\/\/kapitalis.com\/tunisie\/2016\/06\/24\/me-leila-haddad-se-dit-menacee-et-porte-plainte\/#primaryimage"},"thumbnailUrl":"","keywords":["Leila Haddad","menaces","plainte","procureur"],"articleSection":["SOCIETE","Tunisie"],"inLanguage":"fr-FR","potentialAction":[{"@type":"CommentAction","name":"Comment","target":["https:\/\/kapitalis.com\/tunisie\/2016\/06\/24\/me-leila-haddad-se-dit-menacee-et-porte-plainte\/#respond"]}]},{"@type":"WebPage","@id":"https:\/\/kapitalis.com\/tunisie\/2016\/06\/24\/me-leila-haddad-se-dit-menacee-et-porte-plainte\/","url":"https:\/\/kapitalis.com\/tunisie\/2016\/06\/24\/me-leila-haddad-se-dit-menacee-et-porte-plainte\/","name":"Me Leila Haddad se dit menac\u00e9e et porte plainte - Kapitalis","isPartOf":{"@id":"https:\/\/kapitalis.com\/tunisie\/#website"},"primaryImageOfPage":{"@id":"https:\/\/kapitalis.com\/tunisie\/2016\/06\/24\/me-leila-haddad-se-dit-menacee-et-porte-plainte\/#primaryimage"},"image":{"@id":"https:\/\/kapitalis.com\/tunisie\/2016\/06\/24\/me-leila-haddad-se-dit-menacee-et-porte-plainte\/#primaryimage"},"thumbnailUrl":"","datePublished":"2016-06-24T08:43:12+00:00","dateModified":"2016-06-24T08:44:41+00:00","breadcrumb":{"@id":"https:\/\/kapitalis.com\/tunisie\/2016\/06\/24\/me-leila-haddad-se-dit-menacee-et-porte-plainte\/#breadcrumb"},"inLanguage":"fr-FR","potentialAction":[{"@type":"ReadAction","target":["https:\/\/kapitalis.com\/tunisie\/2016\/06\/24\/me-leila-haddad-se-dit-menacee-et-porte-plainte\/"]}]},{"@type":"ImageObject","inLanguage":"fr-FR","@id":"https:\/\/kapitalis.com\/tunisie\/2016\/06\/24\/me-leila-haddad-se-dit-menacee-et-porte-plainte\/#primaryimage","url":"","contentUrl":""},{"@type":"BreadcrumbList","@id":"https:\/\/kapitalis.com\/tunisie\/2016\/06\/24\/me-leila-haddad-se-dit-menacee-et-porte-plainte\/#breadcrumb","itemListElement":[{"@type":"ListItem","position":1,"name":"Accueil","item":"https:\/\/kapitalis.com\/tunisie\/"},{"@type":"ListItem","position":2,"name":"Me Leila Haddad se dit menac\u00e9e et porte plainte"}]},{"@type":"WebSite","@id":"https:\/\/kapitalis.com\/tunisie\/#website","url":"https:\/\/kapitalis.com\/tunisie\/","name":"Kapitalis","description":"L&#039;actualit\u00e9 en Tunisie et dans le monde","publisher":{"@id":"https:\/\/kapitalis.com\/tunisie\/#organization"},"potentialAction":[{"@type":"SearchAction","target":{"@type":"EntryPoint","urlTemplate":"https:\/\/kapitalis.com\/tunisie\/?s={search_term_string}"},"query-input":{"@type":"PropertyValueSpecification","valueRequired":true,"valueName":"search_term_string"}}],"inLanguage":"fr-FR"},{"@type":"Organization","@id":"https:\/\/kapitalis.com\/tunisie\/#organization","name":"Kapitalis","url":"https:\/\/kapitalis.com\/tunisie\/","logo":{"@type":"ImageObject","inLanguage":"fr-FR","@id":"https:\/\/kapitalis.com\/tunisie\/#\/schema\/logo\/image\/","url":"https:\/\/kapitalis.com\/tunisie\/wp-content\/uploads\/2022\/05\/Kapitalis-big-size.png","contentUrl":"https:\/\/kapitalis.com\/tunisie\/wp-content\/uploads\/2022\/05\/Kapitalis-big-size.png","width":5000,"height":1500,"caption":"Kapitalis"},"image":{"@id":"https:\/\/kapitalis.com\/tunisie\/#\/schema\/logo\/image\/"},"sameAs":["https:\/\/www.facebook.com\/KapitalisInfo\/","https:\/\/x.com\/KapitalisInfo","https:\/\/www.youtube.com\/channel\/UC-yDYrHyfFBWWZaOw3FPg9Q"]},{"@type":"Person","@id":"https:\/\/kapitalis.com\/tunisie\/#\/schema\/person\/74bbde0154d49d790a92aaeac5bc01d5","name":"Yusra NY","url":"https:\/\/kapitalis.com\/tunisie\/author\/yuza_adam\/"}]}},"_links":{"self":[{"href":"https:\/\/kapitalis.com\/tunisie\/wp-json\/wp\/v2\/posts\/55339","targetHints":{"allow":["GET"]}}],"collection":[{"href":"https:\/\/kapitalis.com\/tunisie\/wp-json\/wp\/v2\/posts"}],"about":[{"href":"https:\/\/kapitalis.com\/tunisie\/wp-json\/wp\/v2\/types\/post"}],"author":[{"embeddable":true,"href":"https:\/\/kapitalis.com\/tunisie\/wp-json\/wp\/v2\/users\/6"}],"replies":[{"embeddable":true,"href":"https:\/\/kapitalis.com\/tunisie\/wp-json\/wp\/v2\/comments?post=55339"}],"version-history":[{"count":0,"href":"https:\/\/kapitalis.com\/tunisie\/wp-json\/wp\/v2\/posts\/55339\/revisions"}],"wp:featuredmedia":[{"embeddable":true,"href":"https:\/\/kapitalis.com\/tunisie\/wp-json\/wp\/v2\/media\/55340"}],"wp:attachment":[{"href":"https:\/\/kapitalis.com\/tunisie\/wp-json\/wp\/v2\/media?parent=55339"}],"wp:term":[{"taxonomy":"category","embeddable":true,"href":"https:\/\/kapitalis.com\/tunisie\/wp-json\/wp\/v2\/categories?post=55339"},{"taxonomy":"post_tag","embeddable":true,"href":"https:\/\/kapitalis.com\/tunisie\/wp-json\/wp\/v2\/tags?post=55339"}],"curies":[{"name":"wp","href":"https:\/\/api.w.org\/{rel}","templated":true}]}}