{"id":5546327,"date":"2022-12-07T12:52:04","date_gmt":"2022-12-07T11:52:04","guid":{"rendered":"https:\/\/kapitalis.com\/tunisie\/?p=5546327"},"modified":"2022-12-07T12:58:52","modified_gmt":"2022-12-07T11:58:52","slug":"mohamed-abbou-ce-nest-pas-nous-qui-avons-change-mais-kais-saied","status":"publish","type":"post","link":"https:\/\/kapitalis.com\/tunisie\/2022\/12\/07\/mohamed-abbou-ce-nest-pas-nous-qui-avons-change-mais-kais-saied\/","title":{"rendered":"Mohamed Abbou : \u00abCe n&rsquo;est pas nous qui avons chang\u00e9, mais Ka\u00efs Sa\u00efed\u00bb"},"content":{"rendered":"\n<p><strong><em>On reproche \u00e0 Mohamed Abbou son passage brutal d&rsquo;un fort soutien au pr\u00e9sident de la r\u00e9publique, au lendemain de sa proclamation de l&rsquo;\u00e9tat d&rsquo;exception, le 25 juillet 2021, \u00e0 une opposition totale \u00e0 ce dernier. \u00abCe n&rsquo;est pas nous qui avons chang\u00e9, mais Ka\u00efs Sa\u00efed\u00bb, r\u00e9pond-il. <\/em><\/strong><\/p>\n\n\n\n<!--more-->\n\n\n\n<p>L&rsquo;ancien ministre, qui a mis fin \u00e0 ses activit\u00e9s politiques au lendemain de la chute du gouvernement Elyes Fakhfakh dont il \u00e9tait membre, a \u00e9t\u00e9 l&rsquo;invit\u00e9 de la Matinale de <a href=\"https:\/\/www.shemsfm.net\/ar\/video\/216437\/%D9%85%D8%AD%D9%85%D8%AF-%D8%B9%D8%A8%D9%88-%D9%82%D9%8A%D8%B3-%D8%B3%D8%B9%D9%8A-%D8%AF-%D8%B4%D8%AF-%D9%82%D8%AF-%D9%88%D9%85%D8%A9-%D9%88%D8%A8%D8%AF%D8%A7-%D9%8A%D9%83%D8%B3-%D8%B1-%D9%81%D9%8A-%D8%A7%D9%84%D8%AF%D9%88%D9%84%D8%A9\" target=\"_blank\" rel=\"noreferrer noopener\">Shems FM<\/a>.<\/p>\n\n\n\n<p>En r\u00e9ponse \u00e0 la question ci-haut, il a expliqu\u00e9 qu&rsquo;il avait soutenu l&rsquo;utilisation de l&rsquo;article 80 de la constitution de 2014 pour dissoudre le gouvernement Hichem Mechichi et geler le parlement <em>\u00abparce que la situation \u00e9tait devenue intenable. On est arriv\u00e9 \u00e0 une \u00e9tape o\u00f9 le gouvernement \u00e9tait compl\u00e8tement paralys\u00e9 par les querelles politiques et o\u00f9 le climat g\u00e9n\u00e9ral dans le pays s&rsquo;\u00e9tait beaucoup d\u00e9t\u00e9rior\u00e9 et ne permettait plus la reprise des investissements. On ne cr\u00e9ait plus de richesses et les hommes d&rsquo;affaires subissaient le chantage de certains partis politiques, et pas seulement Ennahdha. Le recours \u00e0 l&rsquo;article 80 devenait n\u00e9cessaire, mais il s&rsquo;agissait, dans notre esprit, d&rsquo;une parenth\u00e8se de trois \u00e0 cinq mois avant de revenir \u00e0 la normalit\u00e9 constitutionnelle et d\u00e9mocratique. Or, Ka\u00efs Sa\u00efed a pris go\u00fbt au pouvoir et s&rsquo;est pris pour un leader. Il s&rsquo;est mis \u00e0 mettre en \u0153uvre son projet politique personnel<strong>\u00bb<\/strong><\/em>.<\/p>\n\n\n\n<p>Selon Mohamed Abbou, c&rsquo;est Ka\u00efs Sa\u00efed qui a chang\u00e9 et qui a montr\u00e9 sa volont\u00e9 de prendre en main la totalit\u00e9 des pouvoirs dans le pays d\u00e8s le 22 septembre 2021, date \u00e0 laquelle il avait promulgu\u00e9 le d\u00e9cret-loi n\u00b0 117. Et c&rsquo;est depuis cette date, c&rsquo;est-\u00e0-dire deux mois apr\u00e8s la proclamation de l&rsquo;\u00e9tat d&rsquo;exception, que l&rsquo;ancien pr\u00e9sident du parti Attayar a exprim\u00e9 ses premi\u00e8res r\u00e9serves vis-\u00e0-vis du projet politique du pr\u00e9sident de la r\u00e9publique. <\/p>\n\n\n\n<p><em>\u00abLe probl\u00e8me n&rsquo;est pas de changer de constitution ou de loi \u00e9lectorale. Car le probl\u00e8me ne r\u00e9side pas dans les textes de loi, mais dans leur mise en \u0153uvre par les hommes et les femmes. Il s&rsquo;agit d&rsquo;appliquer les lois et de respecter l&rsquo;Etat de droit et d&rsquo;institutions. On pourra cr\u00e9er autant de lois que l&rsquo;on voudra, on ne changera pas le peuple qui est cens\u00e9 les appliquer\u00bb<\/em>, a expliqu\u00e9 Me Abbou, en lan\u00e7ant cette boutade : <em>\u00abNous n&rsquo;allons tout de m\u00eame pas changer de peuple<strong> <\/strong>!\u00bb<\/em><\/p>\n\n\n\n<p class=\"has-text-align-right\"><strong>I. B. <\/strong><\/p>\n","protected":false},"excerpt":{"rendered":"<p>\u00abCe n&rsquo;est pas nous qui avons chang\u00e9, mais Ka\u00efs Sa\u00efed\u00bb, d\u00e9clare Mohamed Abbou. <\/p>\n","protected":false},"author":8,"featured_media":5546667,"comment_status":"open","ping_status":"open","sticky":false,"template":"","format":"standard","meta":{"footnotes":""},"categories":[997,2433],"tags":[15519,63723,49543,74899,12235,4416,62643],"class_list":["post-5546327","post","type-post","status-publish","format-standard","has-post-thumbnail","hentry","category-politique","category-tunisie","tag-attayar","tag-elyes-fakhfakh","tag-ennahdha","tag-hichem-mechichi","tag-kais-saied","tag-mohamed-abbou","tag-tunisie"],"yoast_head":"<!-- This site is optimized with the Yoast SEO plugin v26.6 - https:\/\/yoast.com\/wordpress\/plugins\/seo\/ -->\n<title>Mohamed Abbou : \u00abCe n&#039;est pas nous qui avons chang\u00e9, mais Ka\u00efs Sa\u00efed\u00bb - Kapitalis<\/title>\n<meta name=\"robots\" content=\"index, follow, max-snippet:-1, max-image-preview:large, max-video-preview:-1\" \/>\n<link rel=\"canonical\" href=\"https:\/\/kapitalis.com\/tunisie\/2022\/12\/07\/mohamed-abbou-ce-nest-pas-nous-qui-avons-change-mais-kais-saied\/\" \/>\n<meta property=\"og:locale\" content=\"fr_FR\" \/>\n<meta property=\"og:type\" content=\"article\" \/>\n<meta property=\"og:title\" content=\"Mohamed Abbou : \u00abCe n&#039;est pas nous qui avons chang\u00e9, mais Ka\u00efs Sa\u00efed\u00bb - Kapitalis\" \/>\n<meta property=\"og:description\" content=\"\u00abCe n&#039;est pas nous qui avons chang\u00e9, mais Ka\u00efs Sa\u00efed\u00bb, d\u00e9clare Mohamed Abbou.\" \/>\n<meta property=\"og:url\" content=\"https:\/\/kapitalis.com\/tunisie\/2022\/12\/07\/mohamed-abbou-ce-nest-pas-nous-qui-avons-change-mais-kais-saied\/\" \/>\n<meta property=\"og:site_name\" content=\"Kapitalis\" \/>\n<meta property=\"article:publisher\" content=\"https:\/\/www.facebook.com\/KapitalisInfo\/\" \/>\n<meta property=\"article:published_time\" content=\"2022-12-07T11:52:04+00:00\" \/>\n<meta property=\"article:modified_time\" content=\"2022-12-07T11:58:52+00:00\" \/>\n<meta property=\"og:image\" content=\"https:\/\/kapitalis.com\/tunisie\/wp-content\/uploads\/2022\/12\/Mohamed-Abbou.jpg\" \/>\n\t<meta property=\"og:image:width\" content=\"1200\" \/>\n\t<meta property=\"og:image:height\" content=\"630\" \/>\n\t<meta property=\"og:image:type\" content=\"image\/jpeg\" \/>\n<meta name=\"author\" content=\"webmaster kapitalis\" \/>\n<meta name=\"twitter:card\" content=\"summary_large_image\" \/>\n<meta name=\"twitter:creator\" content=\"@KapitalisInfo\" \/>\n<meta name=\"twitter:site\" content=\"@KapitalisInfo\" \/>\n<meta name=\"twitter:label1\" content=\"\u00c9crit par\" \/>\n\t<meta name=\"twitter:data1\" content=\"webmaster kapitalis\" \/>\n\t<meta name=\"twitter:label2\" content=\"Dur\u00e9e de lecture estim\u00e9e\" \/>\n\t<meta name=\"twitter:data2\" content=\"2 minutes\" \/>\n<script type=\"application\/ld+json\" class=\"yoast-schema-graph\">{\"@context\":\"https:\/\/schema.org\",\"@graph\":[{\"@type\":\"Article\",\"@id\":\"https:\/\/kapitalis.com\/tunisie\/2022\/12\/07\/mohamed-abbou-ce-nest-pas-nous-qui-avons-change-mais-kais-saied\/#article\",\"isPartOf\":{\"@id\":\"https:\/\/kapitalis.com\/tunisie\/2022\/12\/07\/mohamed-abbou-ce-nest-pas-nous-qui-avons-change-mais-kais-saied\/\"},\"author\":{\"name\":\"webmaster kapitalis\",\"@id\":\"https:\/\/kapitalis.com\/tunisie\/#\/schema\/person\/d71f33a9ca44f7bad4698210b480c8e9\"},\"headline\":\"Mohamed Abbou : \u00abCe n&rsquo;est pas nous qui avons chang\u00e9, mais Ka\u00efs Sa\u00efed\u00bb\",\"datePublished\":\"2022-12-07T11:52:04+00:00\",\"dateModified\":\"2022-12-07T11:58:52+00:00\",\"mainEntityOfPage\":{\"@id\":\"https:\/\/kapitalis.com\/tunisie\/2022\/12\/07\/mohamed-abbou-ce-nest-pas-nous-qui-avons-change-mais-kais-saied\/\"},\"wordCount\":423,\"commentCount\":2,\"publisher\":{\"@id\":\"https:\/\/kapitalis.com\/tunisie\/#organization\"},\"image\":{\"@id\":\"https:\/\/kapitalis.com\/tunisie\/2022\/12\/07\/mohamed-abbou-ce-nest-pas-nous-qui-avons-change-mais-kais-saied\/#primaryimage\"},\"thumbnailUrl\":\"https:\/\/kapitalis.com\/tunisie\/wp-content\/uploads\/2022\/12\/Mohamed-Abbou.jpg\",\"keywords\":[\"Attayar\",\"Ely\u00e8s Fakhfakh\",\"Ennahdha\",\"Hichem Mechichi\",\"Ka\u00efs Saied\",\"Mohamed Abbou\",\"Tunisie\"],\"articleSection\":[\"POLITIQUE\",\"Tunisie\"],\"inLanguage\":\"fr-FR\",\"potentialAction\":[{\"@type\":\"CommentAction\",\"name\":\"Comment\",\"target\":[\"https:\/\/kapitalis.com\/tunisie\/2022\/12\/07\/mohamed-abbou-ce-nest-pas-nous-qui-avons-change-mais-kais-saied\/#respond\"]}]},{\"@type\":\"WebPage\",\"@id\":\"https:\/\/kapitalis.com\/tunisie\/2022\/12\/07\/mohamed-abbou-ce-nest-pas-nous-qui-avons-change-mais-kais-saied\/\",\"url\":\"https:\/\/kapitalis.com\/tunisie\/2022\/12\/07\/mohamed-abbou-ce-nest-pas-nous-qui-avons-change-mais-kais-saied\/\",\"name\":\"Mohamed Abbou : \u00abCe n'est pas nous qui avons chang\u00e9, mais Ka\u00efs Sa\u00efed\u00bb - Kapitalis\",\"isPartOf\":{\"@id\":\"https:\/\/kapitalis.com\/tunisie\/#website\"},\"primaryImageOfPage\":{\"@id\":\"https:\/\/kapitalis.com\/tunisie\/2022\/12\/07\/mohamed-abbou-ce-nest-pas-nous-qui-avons-change-mais-kais-saied\/#primaryimage\"},\"image\":{\"@id\":\"https:\/\/kapitalis.com\/tunisie\/2022\/12\/07\/mohamed-abbou-ce-nest-pas-nous-qui-avons-change-mais-kais-saied\/#primaryimage\"},\"thumbnailUrl\":\"https:\/\/kapitalis.com\/tunisie\/wp-content\/uploads\/2022\/12\/Mohamed-Abbou.jpg\",\"datePublished\":\"2022-12-07T11:52:04+00:00\",\"dateModified\":\"2022-12-07T11:58:52+00:00\",\"breadcrumb\":{\"@id\":\"https:\/\/kapitalis.com\/tunisie\/2022\/12\/07\/mohamed-abbou-ce-nest-pas-nous-qui-avons-change-mais-kais-saied\/#breadcrumb\"},\"inLanguage\":\"fr-FR\",\"potentialAction\":[{\"@type\":\"ReadAction\",\"target\":[\"https:\/\/kapitalis.com\/tunisie\/2022\/12\/07\/mohamed-abbou-ce-nest-pas-nous-qui-avons-change-mais-kais-saied\/\"]}]},{\"@type\":\"ImageObject\",\"inLanguage\":\"fr-FR\",\"@id\":\"https:\/\/kapitalis.com\/tunisie\/2022\/12\/07\/mohamed-abbou-ce-nest-pas-nous-qui-avons-change-mais-kais-saied\/#primaryimage\",\"url\":\"https:\/\/kapitalis.com\/tunisie\/wp-content\/uploads\/2022\/12\/Mohamed-Abbou.jpg\",\"contentUrl\":\"https:\/\/kapitalis.com\/tunisie\/wp-content\/uploads\/2022\/12\/Mohamed-Abbou.jpg\",\"width\":1200,\"height\":630},{\"@type\":\"BreadcrumbList\",\"@id\":\"https:\/\/kapitalis.com\/tunisie\/2022\/12\/07\/mohamed-abbou-ce-nest-pas-nous-qui-avons-change-mais-kais-saied\/#breadcrumb\",\"itemListElement\":[{\"@type\":\"ListItem\",\"position\":1,\"name\":\"Accueil\",\"item\":\"https:\/\/kapitalis.com\/tunisie\/\"},{\"@type\":\"ListItem\",\"position\":2,\"name\":\"Mohamed Abbou : \u00abCe n&rsquo;est pas nous qui avons chang\u00e9, mais Ka\u00efs Sa\u00efed\u00bb\"}]},{\"@type\":\"WebSite\",\"@id\":\"https:\/\/kapitalis.com\/tunisie\/#website\",\"url\":\"https:\/\/kapitalis.com\/tunisie\/\",\"name\":\"Kapitalis\",\"description\":\"L&#039;actualit\u00e9 en Tunisie et dans le monde\",\"publisher\":{\"@id\":\"https:\/\/kapitalis.com\/tunisie\/#organization\"},\"potentialAction\":[{\"@type\":\"SearchAction\",\"target\":{\"@type\":\"EntryPoint\",\"urlTemplate\":\"https:\/\/kapitalis.com\/tunisie\/?s={search_term_string}\"},\"query-input\":{\"@type\":\"PropertyValueSpecification\",\"valueRequired\":true,\"valueName\":\"search_term_string\"}}],\"inLanguage\":\"fr-FR\"},{\"@type\":\"Organization\",\"@id\":\"https:\/\/kapitalis.com\/tunisie\/#organization\",\"name\":\"Kapitalis\",\"url\":\"https:\/\/kapitalis.com\/tunisie\/\",\"logo\":{\"@type\":\"ImageObject\",\"inLanguage\":\"fr-FR\",\"@id\":\"https:\/\/kapitalis.com\/tunisie\/#\/schema\/logo\/image\/\",\"url\":\"https:\/\/kapitalis.com\/tunisie\/wp-content\/uploads\/2022\/05\/Kapitalis-big-size.png\",\"contentUrl\":\"https:\/\/kapitalis.com\/tunisie\/wp-content\/uploads\/2022\/05\/Kapitalis-big-size.png\",\"width\":5000,\"height\":1500,\"caption\":\"Kapitalis\"},\"image\":{\"@id\":\"https:\/\/kapitalis.com\/tunisie\/#\/schema\/logo\/image\/\"},\"sameAs\":[\"https:\/\/www.facebook.com\/KapitalisInfo\/\",\"https:\/\/x.com\/KapitalisInfo\",\"https:\/\/www.youtube.com\/channel\/UC-yDYrHyfFBWWZaOw3FPg9Q\"]},{\"@type\":\"Person\",\"@id\":\"https:\/\/kapitalis.com\/tunisie\/#\/schema\/person\/d71f33a9ca44f7bad4698210b480c8e9\",\"name\":\"webmaster kapitalis\",\"url\":\"https:\/\/kapitalis.com\/tunisie\/author\/webmaster-kapitalis\/\"}]}<\/script>\n<!-- \/ Yoast SEO plugin. -->","yoast_head_json":{"title":"Mohamed Abbou : \u00abCe n'est pas nous qui avons chang\u00e9, mais Ka\u00efs Sa\u00efed\u00bb - Kapitalis","robots":{"index":"index","follow":"follow","max-snippet":"max-snippet:-1","max-image-preview":"max-image-preview:large","max-video-preview":"max-video-preview:-1"},"canonical":"https:\/\/kapitalis.com\/tunisie\/2022\/12\/07\/mohamed-abbou-ce-nest-pas-nous-qui-avons-change-mais-kais-saied\/","og_locale":"fr_FR","og_type":"article","og_title":"Mohamed Abbou : \u00abCe n'est pas nous qui avons chang\u00e9, mais Ka\u00efs Sa\u00efed\u00bb - Kapitalis","og_description":"\u00abCe n'est pas nous qui avons chang\u00e9, mais Ka\u00efs Sa\u00efed\u00bb, d\u00e9clare Mohamed Abbou.","og_url":"https:\/\/kapitalis.com\/tunisie\/2022\/12\/07\/mohamed-abbou-ce-nest-pas-nous-qui-avons-change-mais-kais-saied\/","og_site_name":"Kapitalis","article_publisher":"https:\/\/www.facebook.com\/KapitalisInfo\/","article_published_time":"2022-12-07T11:52:04+00:00","article_modified_time":"2022-12-07T11:58:52+00:00","og_image":[{"width":1200,"height":630,"url":"https:\/\/kapitalis.com\/tunisie\/wp-content\/uploads\/2022\/12\/Mohamed-Abbou.jpg","type":"image\/jpeg"}],"author":"webmaster kapitalis","twitter_card":"summary_large_image","twitter_creator":"@KapitalisInfo","twitter_site":"@KapitalisInfo","twitter_misc":{"\u00c9crit par":"webmaster kapitalis","Dur\u00e9e de lecture estim\u00e9e":"2 minutes"},"schema":{"@context":"https:\/\/schema.org","@graph":[{"@type":"Article","@id":"https:\/\/kapitalis.com\/tunisie\/2022\/12\/07\/mohamed-abbou-ce-nest-pas-nous-qui-avons-change-mais-kais-saied\/#article","isPartOf":{"@id":"https:\/\/kapitalis.com\/tunisie\/2022\/12\/07\/mohamed-abbou-ce-nest-pas-nous-qui-avons-change-mais-kais-saied\/"},"author":{"name":"webmaster kapitalis","@id":"https:\/\/kapitalis.com\/tunisie\/#\/schema\/person\/d71f33a9ca44f7bad4698210b480c8e9"},"headline":"Mohamed Abbou : \u00abCe n&rsquo;est pas nous qui avons chang\u00e9, mais Ka\u00efs Sa\u00efed\u00bb","datePublished":"2022-12-07T11:52:04+00:00","dateModified":"2022-12-07T11:58:52+00:00","mainEntityOfPage":{"@id":"https:\/\/kapitalis.com\/tunisie\/2022\/12\/07\/mohamed-abbou-ce-nest-pas-nous-qui-avons-change-mais-kais-saied\/"},"wordCount":423,"commentCount":2,"publisher":{"@id":"https:\/\/kapitalis.com\/tunisie\/#organization"},"image":{"@id":"https:\/\/kapitalis.com\/tunisie\/2022\/12\/07\/mohamed-abbou-ce-nest-pas-nous-qui-avons-change-mais-kais-saied\/#primaryimage"},"thumbnailUrl":"https:\/\/kapitalis.com\/tunisie\/wp-content\/uploads\/2022\/12\/Mohamed-Abbou.jpg","keywords":["Attayar","Ely\u00e8s Fakhfakh","Ennahdha","Hichem Mechichi","Ka\u00efs Saied","Mohamed Abbou","Tunisie"],"articleSection":["POLITIQUE","Tunisie"],"inLanguage":"fr-FR","potentialAction":[{"@type":"CommentAction","name":"Comment","target":["https:\/\/kapitalis.com\/tunisie\/2022\/12\/07\/mohamed-abbou-ce-nest-pas-nous-qui-avons-change-mais-kais-saied\/#respond"]}]},{"@type":"WebPage","@id":"https:\/\/kapitalis.com\/tunisie\/2022\/12\/07\/mohamed-abbou-ce-nest-pas-nous-qui-avons-change-mais-kais-saied\/","url":"https:\/\/kapitalis.com\/tunisie\/2022\/12\/07\/mohamed-abbou-ce-nest-pas-nous-qui-avons-change-mais-kais-saied\/","name":"Mohamed Abbou : \u00abCe n'est pas nous qui avons chang\u00e9, mais Ka\u00efs Sa\u00efed\u00bb - Kapitalis","isPartOf":{"@id":"https:\/\/kapitalis.com\/tunisie\/#website"},"primaryImageOfPage":{"@id":"https:\/\/kapitalis.com\/tunisie\/2022\/12\/07\/mohamed-abbou-ce-nest-pas-nous-qui-avons-change-mais-kais-saied\/#primaryimage"},"image":{"@id":"https:\/\/kapitalis.com\/tunisie\/2022\/12\/07\/mohamed-abbou-ce-nest-pas-nous-qui-avons-change-mais-kais-saied\/#primaryimage"},"thumbnailUrl":"https:\/\/kapitalis.com\/tunisie\/wp-content\/uploads\/2022\/12\/Mohamed-Abbou.jpg","datePublished":"2022-12-07T11:52:04+00:00","dateModified":"2022-12-07T11:58:52+00:00","breadcrumb":{"@id":"https:\/\/kapitalis.com\/tunisie\/2022\/12\/07\/mohamed-abbou-ce-nest-pas-nous-qui-avons-change-mais-kais-saied\/#breadcrumb"},"inLanguage":"fr-FR","potentialAction":[{"@type":"ReadAction","target":["https:\/\/kapitalis.com\/tunisie\/2022\/12\/07\/mohamed-abbou-ce-nest-pas-nous-qui-avons-change-mais-kais-saied\/"]}]},{"@type":"ImageObject","inLanguage":"fr-FR","@id":"https:\/\/kapitalis.com\/tunisie\/2022\/12\/07\/mohamed-abbou-ce-nest-pas-nous-qui-avons-change-mais-kais-saied\/#primaryimage","url":"https:\/\/kapitalis.com\/tunisie\/wp-content\/uploads\/2022\/12\/Mohamed-Abbou.jpg","contentUrl":"https:\/\/kapitalis.com\/tunisie\/wp-content\/uploads\/2022\/12\/Mohamed-Abbou.jpg","width":1200,"height":630},{"@type":"BreadcrumbList","@id":"https:\/\/kapitalis.com\/tunisie\/2022\/12\/07\/mohamed-abbou-ce-nest-pas-nous-qui-avons-change-mais-kais-saied\/#breadcrumb","itemListElement":[{"@type":"ListItem","position":1,"name":"Accueil","item":"https:\/\/kapitalis.com\/tunisie\/"},{"@type":"ListItem","position":2,"name":"Mohamed Abbou : \u00abCe n&rsquo;est pas nous qui avons chang\u00e9, mais Ka\u00efs Sa\u00efed\u00bb"}]},{"@type":"WebSite","@id":"https:\/\/kapitalis.com\/tunisie\/#website","url":"https:\/\/kapitalis.com\/tunisie\/","name":"Kapitalis","description":"L&#039;actualit\u00e9 en Tunisie et dans le monde","publisher":{"@id":"https:\/\/kapitalis.com\/tunisie\/#organization"},"potentialAction":[{"@type":"SearchAction","target":{"@type":"EntryPoint","urlTemplate":"https:\/\/kapitalis.com\/tunisie\/?s={search_term_string}"},"query-input":{"@type":"PropertyValueSpecification","valueRequired":true,"valueName":"search_term_string"}}],"inLanguage":"fr-FR"},{"@type":"Organization","@id":"https:\/\/kapitalis.com\/tunisie\/#organization","name":"Kapitalis","url":"https:\/\/kapitalis.com\/tunisie\/","logo":{"@type":"ImageObject","inLanguage":"fr-FR","@id":"https:\/\/kapitalis.com\/tunisie\/#\/schema\/logo\/image\/","url":"https:\/\/kapitalis.com\/tunisie\/wp-content\/uploads\/2022\/05\/Kapitalis-big-size.png","contentUrl":"https:\/\/kapitalis.com\/tunisie\/wp-content\/uploads\/2022\/05\/Kapitalis-big-size.png","width":5000,"height":1500,"caption":"Kapitalis"},"image":{"@id":"https:\/\/kapitalis.com\/tunisie\/#\/schema\/logo\/image\/"},"sameAs":["https:\/\/www.facebook.com\/KapitalisInfo\/","https:\/\/x.com\/KapitalisInfo","https:\/\/www.youtube.com\/channel\/UC-yDYrHyfFBWWZaOw3FPg9Q"]},{"@type":"Person","@id":"https:\/\/kapitalis.com\/tunisie\/#\/schema\/person\/d71f33a9ca44f7bad4698210b480c8e9","name":"webmaster kapitalis","url":"https:\/\/kapitalis.com\/tunisie\/author\/webmaster-kapitalis\/"}]}},"_links":{"self":[{"href":"https:\/\/kapitalis.com\/tunisie\/wp-json\/wp\/v2\/posts\/5546327","targetHints":{"allow":["GET"]}}],"collection":[{"href":"https:\/\/kapitalis.com\/tunisie\/wp-json\/wp\/v2\/posts"}],"about":[{"href":"https:\/\/kapitalis.com\/tunisie\/wp-json\/wp\/v2\/types\/post"}],"author":[{"embeddable":true,"href":"https:\/\/kapitalis.com\/tunisie\/wp-json\/wp\/v2\/users\/8"}],"replies":[{"embeddable":true,"href":"https:\/\/kapitalis.com\/tunisie\/wp-json\/wp\/v2\/comments?post=5546327"}],"version-history":[{"count":5,"href":"https:\/\/kapitalis.com\/tunisie\/wp-json\/wp\/v2\/posts\/5546327\/revisions"}],"predecessor-version":[{"id":5546767,"href":"https:\/\/kapitalis.com\/tunisie\/wp-json\/wp\/v2\/posts\/5546327\/revisions\/5546767"}],"wp:featuredmedia":[{"embeddable":true,"href":"https:\/\/kapitalis.com\/tunisie\/wp-json\/wp\/v2\/media\/5546667"}],"wp:attachment":[{"href":"https:\/\/kapitalis.com\/tunisie\/wp-json\/wp\/v2\/media?parent=5546327"}],"wp:term":[{"taxonomy":"category","embeddable":true,"href":"https:\/\/kapitalis.com\/tunisie\/wp-json\/wp\/v2\/categories?post=5546327"},{"taxonomy":"post_tag","embeddable":true,"href":"https:\/\/kapitalis.com\/tunisie\/wp-json\/wp\/v2\/tags?post=5546327"}],"curies":[{"name":"wp","href":"https:\/\/api.w.org\/{rel}","templated":true}]}}