{"id":5546852,"date":"2022-12-07T13:28:24","date_gmt":"2022-12-07T12:28:24","guid":{"rendered":"https:\/\/kapitalis.com\/tunisie\/?p=5546852"},"modified":"2022-12-07T13:28:26","modified_gmt":"2022-12-07T12:28:26","slug":"club-africain-lassemblee-generale-elective-fixee-au-7-janvier-2023","status":"publish","type":"post","link":"https:\/\/kapitalis.com\/tunisie\/2022\/12\/07\/club-africain-lassemblee-generale-elective-fixee-au-7-janvier-2023\/","title":{"rendered":"Club africain\u00a0: l\u2019assembl\u00e9e g\u00e9n\u00e9rale \u00e9lective fix\u00e9e au 7 janvier 2023"},"content":{"rendered":"\n<p><strong><em>Le Club africain (CA) a annonc\u00e9 la composition du comit\u00e9 charg\u00e9 d\u2019encadrer les assembl\u00e9es g\u00e9n\u00e9rales et les intervenants, et fixer la date de vente des cartes d\u2019adh\u00e9sion, de pr\u00e9sentation des candidatures au comit\u00e9 directeur et de l\u2019assembl\u00e9e g\u00e9n\u00e9rale \u00e9lective.<\/em><\/strong><\/p>\n\n\n\n<!--more-->\n\n\n\n<p>Selon le communiqu\u00e9 publi\u00e9 \u00e0 cet effet ce mercredi 7 d\u00e9cembre 2022, la vente des cartes d\u2019adh\u00e9sion commencera le 12 d\u00e9cembre, pour se poursuivre jusqu\u2019au 31 du m\u00eame mois, et le tarif d\u2019adh\u00e9sion a \u00e9t\u00e9 fix\u00e9 \u00e0 100 dinars.<\/p>\n\n\n\n<p>La pr\u00e9sentation des candidatures au comit\u00e9 directeur et \u00e0 la pr\u00e9sidence du club sera ouverte le 12 d\u00e9cembre, pour se cl\u00f4turer le 3 janvier 2023. Et l\u2019assembl\u00e9e g\u00e9n\u00e9rale \u00e9lective se tiendra le mardi 7 janvier, l\u2019heure et le lieu devant \u00eatre indiqu\u00e9s ult\u00e9rieurement.<\/p>\n\n\n\n<p>Le CA a \u00e9galement indiqu\u00e9 que les t\u00e2ches ont \u00e9t\u00e9 r\u00e9parties entre les membres dudit comit\u00e9 comme suit:<\/p>\n\n\n\n<p>&#8211; Adnan Lassoued : pr\u00e9sident;<\/p>\n\n\n\n<p>&#8211; Toumi Ben Farhat : porte-parole officiel;<\/p>\n\n\n\n<p>&#8211; Mohamed Aymen Chbak : secr\u00e9taire g\u00e9n\u00e9ral;<\/p>\n\n\n\n<p>&#8211; Zine El Abidine Oueslati : membre.<\/p>\n\n\n\n<p>&#8211; Mohsen Trabelsi : membre. <\/p>\n","protected":false},"excerpt":{"rendered":"<p>Le club africain tiendra son assembl\u00e9e g\u00e9n\u00e9rale \u00e9lective le 7 janvier 2023. <\/p>\n","protected":false},"author":8,"featured_media":5547087,"comment_status":"open","ping_status":"open","sticky":false,"template":"","format":"standard","meta":{"footnotes":""},"categories":[999,2433],"tags":[104941,211,104942,76467,86469,104943],"class_list":["post-5546852","post","type-post","status-publish","format-standard","has-post-thumbnail","hentry","category-sport","category-tunisie","tag-adnan-lassoued","tag-club-africain","tag-mohamed-aymen-chbak","tag-mohsen-trabelsi","tag-toumi-ben-farhat","tag-zine-el-abidine-oueslati"],"yoast_head":"<!-- This site is optimized with the Yoast SEO plugin v26.6 - https:\/\/yoast.com\/wordpress\/plugins\/seo\/ -->\n<title>Club africain\u00a0: l\u2019assembl\u00e9e g\u00e9n\u00e9rale \u00e9lective fix\u00e9e au 7 janvier 2023 - Kapitalis<\/title>\n<meta name=\"robots\" content=\"index, follow, max-snippet:-1, max-image-preview:large, max-video-preview:-1\" \/>\n<link rel=\"canonical\" href=\"https:\/\/kapitalis.com\/tunisie\/2022\/12\/07\/club-africain-lassemblee-generale-elective-fixee-au-7-janvier-2023\/\" \/>\n<meta property=\"og:locale\" content=\"fr_FR\" \/>\n<meta property=\"og:type\" content=\"article\" \/>\n<meta property=\"og:title\" content=\"Club africain\u00a0: l\u2019assembl\u00e9e g\u00e9n\u00e9rale \u00e9lective fix\u00e9e au 7 janvier 2023 - Kapitalis\" \/>\n<meta property=\"og:description\" content=\"Le club africain tiendra son assembl\u00e9e g\u00e9n\u00e9rale \u00e9lective le 7 janvier 2023.\" \/>\n<meta property=\"og:url\" content=\"https:\/\/kapitalis.com\/tunisie\/2022\/12\/07\/club-africain-lassemblee-generale-elective-fixee-au-7-janvier-2023\/\" \/>\n<meta property=\"og:site_name\" content=\"Kapitalis\" \/>\n<meta property=\"article:publisher\" content=\"https:\/\/www.facebook.com\/KapitalisInfo\/\" \/>\n<meta property=\"article:published_time\" content=\"2022-12-07T12:28:24+00:00\" \/>\n<meta property=\"article:modified_time\" content=\"2022-12-07T12:28:26+00:00\" \/>\n<meta property=\"og:image\" content=\"https:\/\/kapitalis.com\/tunisie\/wp-content\/uploads\/2022\/12\/Club-africain.jpg\" \/>\n\t<meta property=\"og:image:width\" content=\"1200\" \/>\n\t<meta property=\"og:image:height\" content=\"630\" \/>\n\t<meta property=\"og:image:type\" content=\"image\/jpeg\" \/>\n<meta name=\"author\" content=\"webmaster kapitalis\" \/>\n<meta name=\"twitter:card\" content=\"summary_large_image\" \/>\n<meta name=\"twitter:creator\" content=\"@KapitalisInfo\" \/>\n<meta name=\"twitter:site\" content=\"@KapitalisInfo\" \/>\n<meta name=\"twitter:label1\" content=\"\u00c9crit par\" \/>\n\t<meta name=\"twitter:data1\" content=\"webmaster kapitalis\" \/>\n\t<meta name=\"twitter:label2\" content=\"Dur\u00e9e de lecture estim\u00e9e\" \/>\n\t<meta name=\"twitter:data2\" content=\"1 minute\" \/>\n<script type=\"application\/ld+json\" class=\"yoast-schema-graph\">{\"@context\":\"https:\/\/schema.org\",\"@graph\":[{\"@type\":\"Article\",\"@id\":\"https:\/\/kapitalis.com\/tunisie\/2022\/12\/07\/club-africain-lassemblee-generale-elective-fixee-au-7-janvier-2023\/#article\",\"isPartOf\":{\"@id\":\"https:\/\/kapitalis.com\/tunisie\/2022\/12\/07\/club-africain-lassemblee-generale-elective-fixee-au-7-janvier-2023\/\"},\"author\":{\"name\":\"webmaster kapitalis\",\"@id\":\"https:\/\/kapitalis.com\/tunisie\/#\/schema\/person\/d71f33a9ca44f7bad4698210b480c8e9\"},\"headline\":\"Club africain\u00a0: l\u2019assembl\u00e9e g\u00e9n\u00e9rale \u00e9lective fix\u00e9e au 7 janvier 2023\",\"datePublished\":\"2022-12-07T12:28:24+00:00\",\"dateModified\":\"2022-12-07T12:28:26+00:00\",\"mainEntityOfPage\":{\"@id\":\"https:\/\/kapitalis.com\/tunisie\/2022\/12\/07\/club-africain-lassemblee-generale-elective-fixee-au-7-janvier-2023\/\"},\"wordCount\":202,\"commentCount\":0,\"publisher\":{\"@id\":\"https:\/\/kapitalis.com\/tunisie\/#organization\"},\"image\":{\"@id\":\"https:\/\/kapitalis.com\/tunisie\/2022\/12\/07\/club-africain-lassemblee-generale-elective-fixee-au-7-janvier-2023\/#primaryimage\"},\"thumbnailUrl\":\"https:\/\/kapitalis.com\/tunisie\/wp-content\/uploads\/2022\/12\/Club-africain.jpg\",\"keywords\":[\"Adnan Lassoued\",\"Club Africain\",\"Mohamed Aymen Chbak\",\"Mohsen Trabelsi\",\"Toumi Ben Farhat\",\"Zine El Abidine Oueslati\"],\"articleSection\":[\"SPORT\",\"Tunisie\"],\"inLanguage\":\"fr-FR\",\"potentialAction\":[{\"@type\":\"CommentAction\",\"name\":\"Comment\",\"target\":[\"https:\/\/kapitalis.com\/tunisie\/2022\/12\/07\/club-africain-lassemblee-generale-elective-fixee-au-7-janvier-2023\/#respond\"]}]},{\"@type\":\"WebPage\",\"@id\":\"https:\/\/kapitalis.com\/tunisie\/2022\/12\/07\/club-africain-lassemblee-generale-elective-fixee-au-7-janvier-2023\/\",\"url\":\"https:\/\/kapitalis.com\/tunisie\/2022\/12\/07\/club-africain-lassemblee-generale-elective-fixee-au-7-janvier-2023\/\",\"name\":\"Club africain\u00a0: l\u2019assembl\u00e9e g\u00e9n\u00e9rale \u00e9lective fix\u00e9e au 7 janvier 2023 - Kapitalis\",\"isPartOf\":{\"@id\":\"https:\/\/kapitalis.com\/tunisie\/#website\"},\"primaryImageOfPage\":{\"@id\":\"https:\/\/kapitalis.com\/tunisie\/2022\/12\/07\/club-africain-lassemblee-generale-elective-fixee-au-7-janvier-2023\/#primaryimage\"},\"image\":{\"@id\":\"https:\/\/kapitalis.com\/tunisie\/2022\/12\/07\/club-africain-lassemblee-generale-elective-fixee-au-7-janvier-2023\/#primaryimage\"},\"thumbnailUrl\":\"https:\/\/kapitalis.com\/tunisie\/wp-content\/uploads\/2022\/12\/Club-africain.jpg\",\"datePublished\":\"2022-12-07T12:28:24+00:00\",\"dateModified\":\"2022-12-07T12:28:26+00:00\",\"breadcrumb\":{\"@id\":\"https:\/\/kapitalis.com\/tunisie\/2022\/12\/07\/club-africain-lassemblee-generale-elective-fixee-au-7-janvier-2023\/#breadcrumb\"},\"inLanguage\":\"fr-FR\",\"potentialAction\":[{\"@type\":\"ReadAction\",\"target\":[\"https:\/\/kapitalis.com\/tunisie\/2022\/12\/07\/club-africain-lassemblee-generale-elective-fixee-au-7-janvier-2023\/\"]}]},{\"@type\":\"ImageObject\",\"inLanguage\":\"fr-FR\",\"@id\":\"https:\/\/kapitalis.com\/tunisie\/2022\/12\/07\/club-africain-lassemblee-generale-elective-fixee-au-7-janvier-2023\/#primaryimage\",\"url\":\"https:\/\/kapitalis.com\/tunisie\/wp-content\/uploads\/2022\/12\/Club-africain.jpg\",\"contentUrl\":\"https:\/\/kapitalis.com\/tunisie\/wp-content\/uploads\/2022\/12\/Club-africain.jpg\",\"width\":1200,\"height\":630},{\"@type\":\"BreadcrumbList\",\"@id\":\"https:\/\/kapitalis.com\/tunisie\/2022\/12\/07\/club-africain-lassemblee-generale-elective-fixee-au-7-janvier-2023\/#breadcrumb\",\"itemListElement\":[{\"@type\":\"ListItem\",\"position\":1,\"name\":\"Accueil\",\"item\":\"https:\/\/kapitalis.com\/tunisie\/\"},{\"@type\":\"ListItem\",\"position\":2,\"name\":\"Club africain\u00a0: l\u2019assembl\u00e9e g\u00e9n\u00e9rale \u00e9lective fix\u00e9e au 7 janvier 2023\"}]},{\"@type\":\"WebSite\",\"@id\":\"https:\/\/kapitalis.com\/tunisie\/#website\",\"url\":\"https:\/\/kapitalis.com\/tunisie\/\",\"name\":\"Kapitalis\",\"description\":\"L&#039;actualit\u00e9 en Tunisie et dans le monde\",\"publisher\":{\"@id\":\"https:\/\/kapitalis.com\/tunisie\/#organization\"},\"potentialAction\":[{\"@type\":\"SearchAction\",\"target\":{\"@type\":\"EntryPoint\",\"urlTemplate\":\"https:\/\/kapitalis.com\/tunisie\/?s={search_term_string}\"},\"query-input\":{\"@type\":\"PropertyValueSpecification\",\"valueRequired\":true,\"valueName\":\"search_term_string\"}}],\"inLanguage\":\"fr-FR\"},{\"@type\":\"Organization\",\"@id\":\"https:\/\/kapitalis.com\/tunisie\/#organization\",\"name\":\"Kapitalis\",\"url\":\"https:\/\/kapitalis.com\/tunisie\/\",\"logo\":{\"@type\":\"ImageObject\",\"inLanguage\":\"fr-FR\",\"@id\":\"https:\/\/kapitalis.com\/tunisie\/#\/schema\/logo\/image\/\",\"url\":\"https:\/\/kapitalis.com\/tunisie\/wp-content\/uploads\/2022\/05\/Kapitalis-big-size.png\",\"contentUrl\":\"https:\/\/kapitalis.com\/tunisie\/wp-content\/uploads\/2022\/05\/Kapitalis-big-size.png\",\"width\":5000,\"height\":1500,\"caption\":\"Kapitalis\"},\"image\":{\"@id\":\"https:\/\/kapitalis.com\/tunisie\/#\/schema\/logo\/image\/\"},\"sameAs\":[\"https:\/\/www.facebook.com\/KapitalisInfo\/\",\"https:\/\/x.com\/KapitalisInfo\",\"https:\/\/www.youtube.com\/channel\/UC-yDYrHyfFBWWZaOw3FPg9Q\"]},{\"@type\":\"Person\",\"@id\":\"https:\/\/kapitalis.com\/tunisie\/#\/schema\/person\/d71f33a9ca44f7bad4698210b480c8e9\",\"name\":\"webmaster kapitalis\",\"url\":\"https:\/\/kapitalis.com\/tunisie\/author\/webmaster-kapitalis\/\"}]}<\/script>\n<!-- \/ Yoast SEO plugin. -->","yoast_head_json":{"title":"Club africain\u00a0: l\u2019assembl\u00e9e g\u00e9n\u00e9rale \u00e9lective fix\u00e9e au 7 janvier 2023 - Kapitalis","robots":{"index":"index","follow":"follow","max-snippet":"max-snippet:-1","max-image-preview":"max-image-preview:large","max-video-preview":"max-video-preview:-1"},"canonical":"https:\/\/kapitalis.com\/tunisie\/2022\/12\/07\/club-africain-lassemblee-generale-elective-fixee-au-7-janvier-2023\/","og_locale":"fr_FR","og_type":"article","og_title":"Club africain\u00a0: l\u2019assembl\u00e9e g\u00e9n\u00e9rale \u00e9lective fix\u00e9e au 7 janvier 2023 - Kapitalis","og_description":"Le club africain tiendra son assembl\u00e9e g\u00e9n\u00e9rale \u00e9lective le 7 janvier 2023.","og_url":"https:\/\/kapitalis.com\/tunisie\/2022\/12\/07\/club-africain-lassemblee-generale-elective-fixee-au-7-janvier-2023\/","og_site_name":"Kapitalis","article_publisher":"https:\/\/www.facebook.com\/KapitalisInfo\/","article_published_time":"2022-12-07T12:28:24+00:00","article_modified_time":"2022-12-07T12:28:26+00:00","og_image":[{"width":1200,"height":630,"url":"https:\/\/kapitalis.com\/tunisie\/wp-content\/uploads\/2022\/12\/Club-africain.jpg","type":"image\/jpeg"}],"author":"webmaster kapitalis","twitter_card":"summary_large_image","twitter_creator":"@KapitalisInfo","twitter_site":"@KapitalisInfo","twitter_misc":{"\u00c9crit par":"webmaster kapitalis","Dur\u00e9e de lecture estim\u00e9e":"1 minute"},"schema":{"@context":"https:\/\/schema.org","@graph":[{"@type":"Article","@id":"https:\/\/kapitalis.com\/tunisie\/2022\/12\/07\/club-africain-lassemblee-generale-elective-fixee-au-7-janvier-2023\/#article","isPartOf":{"@id":"https:\/\/kapitalis.com\/tunisie\/2022\/12\/07\/club-africain-lassemblee-generale-elective-fixee-au-7-janvier-2023\/"},"author":{"name":"webmaster kapitalis","@id":"https:\/\/kapitalis.com\/tunisie\/#\/schema\/person\/d71f33a9ca44f7bad4698210b480c8e9"},"headline":"Club africain\u00a0: l\u2019assembl\u00e9e g\u00e9n\u00e9rale \u00e9lective fix\u00e9e au 7 janvier 2023","datePublished":"2022-12-07T12:28:24+00:00","dateModified":"2022-12-07T12:28:26+00:00","mainEntityOfPage":{"@id":"https:\/\/kapitalis.com\/tunisie\/2022\/12\/07\/club-africain-lassemblee-generale-elective-fixee-au-7-janvier-2023\/"},"wordCount":202,"commentCount":0,"publisher":{"@id":"https:\/\/kapitalis.com\/tunisie\/#organization"},"image":{"@id":"https:\/\/kapitalis.com\/tunisie\/2022\/12\/07\/club-africain-lassemblee-generale-elective-fixee-au-7-janvier-2023\/#primaryimage"},"thumbnailUrl":"https:\/\/kapitalis.com\/tunisie\/wp-content\/uploads\/2022\/12\/Club-africain.jpg","keywords":["Adnan Lassoued","Club Africain","Mohamed Aymen Chbak","Mohsen Trabelsi","Toumi Ben Farhat","Zine El Abidine Oueslati"],"articleSection":["SPORT","Tunisie"],"inLanguage":"fr-FR","potentialAction":[{"@type":"CommentAction","name":"Comment","target":["https:\/\/kapitalis.com\/tunisie\/2022\/12\/07\/club-africain-lassemblee-generale-elective-fixee-au-7-janvier-2023\/#respond"]}]},{"@type":"WebPage","@id":"https:\/\/kapitalis.com\/tunisie\/2022\/12\/07\/club-africain-lassemblee-generale-elective-fixee-au-7-janvier-2023\/","url":"https:\/\/kapitalis.com\/tunisie\/2022\/12\/07\/club-africain-lassemblee-generale-elective-fixee-au-7-janvier-2023\/","name":"Club africain\u00a0: l\u2019assembl\u00e9e g\u00e9n\u00e9rale \u00e9lective fix\u00e9e au 7 janvier 2023 - Kapitalis","isPartOf":{"@id":"https:\/\/kapitalis.com\/tunisie\/#website"},"primaryImageOfPage":{"@id":"https:\/\/kapitalis.com\/tunisie\/2022\/12\/07\/club-africain-lassemblee-generale-elective-fixee-au-7-janvier-2023\/#primaryimage"},"image":{"@id":"https:\/\/kapitalis.com\/tunisie\/2022\/12\/07\/club-africain-lassemblee-generale-elective-fixee-au-7-janvier-2023\/#primaryimage"},"thumbnailUrl":"https:\/\/kapitalis.com\/tunisie\/wp-content\/uploads\/2022\/12\/Club-africain.jpg","datePublished":"2022-12-07T12:28:24+00:00","dateModified":"2022-12-07T12:28:26+00:00","breadcrumb":{"@id":"https:\/\/kapitalis.com\/tunisie\/2022\/12\/07\/club-africain-lassemblee-generale-elective-fixee-au-7-janvier-2023\/#breadcrumb"},"inLanguage":"fr-FR","potentialAction":[{"@type":"ReadAction","target":["https:\/\/kapitalis.com\/tunisie\/2022\/12\/07\/club-africain-lassemblee-generale-elective-fixee-au-7-janvier-2023\/"]}]},{"@type":"ImageObject","inLanguage":"fr-FR","@id":"https:\/\/kapitalis.com\/tunisie\/2022\/12\/07\/club-africain-lassemblee-generale-elective-fixee-au-7-janvier-2023\/#primaryimage","url":"https:\/\/kapitalis.com\/tunisie\/wp-content\/uploads\/2022\/12\/Club-africain.jpg","contentUrl":"https:\/\/kapitalis.com\/tunisie\/wp-content\/uploads\/2022\/12\/Club-africain.jpg","width":1200,"height":630},{"@type":"BreadcrumbList","@id":"https:\/\/kapitalis.com\/tunisie\/2022\/12\/07\/club-africain-lassemblee-generale-elective-fixee-au-7-janvier-2023\/#breadcrumb","itemListElement":[{"@type":"ListItem","position":1,"name":"Accueil","item":"https:\/\/kapitalis.com\/tunisie\/"},{"@type":"ListItem","position":2,"name":"Club africain\u00a0: l\u2019assembl\u00e9e g\u00e9n\u00e9rale \u00e9lective fix\u00e9e au 7 janvier 2023"}]},{"@type":"WebSite","@id":"https:\/\/kapitalis.com\/tunisie\/#website","url":"https:\/\/kapitalis.com\/tunisie\/","name":"Kapitalis","description":"L&#039;actualit\u00e9 en Tunisie et dans le monde","publisher":{"@id":"https:\/\/kapitalis.com\/tunisie\/#organization"},"potentialAction":[{"@type":"SearchAction","target":{"@type":"EntryPoint","urlTemplate":"https:\/\/kapitalis.com\/tunisie\/?s={search_term_string}"},"query-input":{"@type":"PropertyValueSpecification","valueRequired":true,"valueName":"search_term_string"}}],"inLanguage":"fr-FR"},{"@type":"Organization","@id":"https:\/\/kapitalis.com\/tunisie\/#organization","name":"Kapitalis","url":"https:\/\/kapitalis.com\/tunisie\/","logo":{"@type":"ImageObject","inLanguage":"fr-FR","@id":"https:\/\/kapitalis.com\/tunisie\/#\/schema\/logo\/image\/","url":"https:\/\/kapitalis.com\/tunisie\/wp-content\/uploads\/2022\/05\/Kapitalis-big-size.png","contentUrl":"https:\/\/kapitalis.com\/tunisie\/wp-content\/uploads\/2022\/05\/Kapitalis-big-size.png","width":5000,"height":1500,"caption":"Kapitalis"},"image":{"@id":"https:\/\/kapitalis.com\/tunisie\/#\/schema\/logo\/image\/"},"sameAs":["https:\/\/www.facebook.com\/KapitalisInfo\/","https:\/\/x.com\/KapitalisInfo","https:\/\/www.youtube.com\/channel\/UC-yDYrHyfFBWWZaOw3FPg9Q"]},{"@type":"Person","@id":"https:\/\/kapitalis.com\/tunisie\/#\/schema\/person\/d71f33a9ca44f7bad4698210b480c8e9","name":"webmaster kapitalis","url":"https:\/\/kapitalis.com\/tunisie\/author\/webmaster-kapitalis\/"}]}},"_links":{"self":[{"href":"https:\/\/kapitalis.com\/tunisie\/wp-json\/wp\/v2\/posts\/5546852","targetHints":{"allow":["GET"]}}],"collection":[{"href":"https:\/\/kapitalis.com\/tunisie\/wp-json\/wp\/v2\/posts"}],"about":[{"href":"https:\/\/kapitalis.com\/tunisie\/wp-json\/wp\/v2\/types\/post"}],"author":[{"embeddable":true,"href":"https:\/\/kapitalis.com\/tunisie\/wp-json\/wp\/v2\/users\/8"}],"replies":[{"embeddable":true,"href":"https:\/\/kapitalis.com\/tunisie\/wp-json\/wp\/v2\/comments?post=5546852"}],"version-history":[{"count":2,"href":"https:\/\/kapitalis.com\/tunisie\/wp-json\/wp\/v2\/posts\/5546852\/revisions"}],"predecessor-version":[{"id":5547093,"href":"https:\/\/kapitalis.com\/tunisie\/wp-json\/wp\/v2\/posts\/5546852\/revisions\/5547093"}],"wp:featuredmedia":[{"embeddable":true,"href":"https:\/\/kapitalis.com\/tunisie\/wp-json\/wp\/v2\/media\/5547087"}],"wp:attachment":[{"href":"https:\/\/kapitalis.com\/tunisie\/wp-json\/wp\/v2\/media?parent=5546852"}],"wp:term":[{"taxonomy":"category","embeddable":true,"href":"https:\/\/kapitalis.com\/tunisie\/wp-json\/wp\/v2\/categories?post=5546852"},{"taxonomy":"post_tag","embeddable":true,"href":"https:\/\/kapitalis.com\/tunisie\/wp-json\/wp\/v2\/tags?post=5546852"}],"curies":[{"name":"wp","href":"https:\/\/api.w.org\/{rel}","templated":true}]}}