{"id":555087,"date":"2022-05-12T15:10:30","date_gmt":"2022-05-12T13:10:30","guid":{"rendered":"https:\/\/kapitalis.com\/tunisie\/?p=555087"},"modified":"2022-05-12T15:14:07","modified_gmt":"2022-05-12T13:14:07","slug":"tunisie-politique-amine-mahfoudh-precise-les-modalites-du-dialogue-national","status":"publish","type":"post","link":"https:\/\/kapitalis.com\/tunisie\/2022\/05\/12\/tunisie-politique-amine-mahfoudh-precise-les-modalites-du-dialogue-national\/","title":{"rendered":"Tunisie-Politique : Amin Mahfoudh pr\u00e9cise les modalit\u00e9s du dialogue national"},"content":{"rendered":"\n<p><strong><em>Amin Mahfoudh a d\u00e9clar\u00e9 que \u00ables r\u00e9sultats du dialogue national ne sont pas connus d&rsquo;avance<em>\u00bb<\/em><\/em> et que <em><strong><em>\u00ab<\/em><\/strong>les parties qui y participeront contribueront \u00e0 la formulation de ses contenus avec le pr\u00e9sident de la r\u00e9publique\u00bb.<\/em><\/strong><\/p>\n\n\n\n<!--more-->\n\n\n\n<p>Dans une d\u00e9claration \u00e0 l&rsquo;agence Tap, publi\u00e9e aujourd&rsquo;hui, jeudi 12 mai 2022, le professeur de droit constitutionnel (associ\u00e9 par le pr\u00e9sident de la r\u00e9publique Ka\u00efs Sa\u00efed au comit\u00e9 en charge de proposer un projet de constitution devant \u00eatre soumis au r\u00e9f\u00e9rendum du 25 juillet prochain), a ajout\u00e9\u00a0: <em>\u00abL&rsquo;avis de toutes les parties qui participeront \u00e0 ce dialogue, les organisations, les personnalit\u00e9s et les partis, sera entendu pour pr\u00e9parer les contenus de ce dialogue dans un cadre d\u00e9mocratique. C&rsquo;est le peuple qui d\u00e9cidera en derni\u00e8re instance du sort de ce qui a \u00e9t\u00e9 pr\u00e9par\u00e9 en votant par oui ou par non.\u00bb<\/em><\/p>\n\n\n\n<p>M. Mahfoudh a rappel\u00e9 que le pr\u00e9sident de la r\u00e9publique avait annonc\u00e9 la formation d&rsquo;une commission compos\u00e9e de deux sous-commissions dont la premi\u00e8re est charg\u00e9e de mener le dialogue national, au sein de laquelle les organisations nationales, les partis et les personnalit\u00e9s formuleront leurs id\u00e9es sur les caract\u00e9ristiques de la nouvelle constitution.<\/p>\n\n\n\n<p>Quant \u00e0 la deuxi\u00e8me sous-commission, elle aura une vocation juridique et sera charg\u00e9e de synth\u00e9tiser et de formuler les r\u00e9sultats du dialogue conform\u00e9ment aux demandes exprim\u00e9es et aux principes stipul\u00e9s. Les parties qui y participeront seront tenues de soumettre un projet d&rsquo;\u00c9tat d\u00e9mocratique, un Etat de droit et des institutions.<\/p>\n\n\n\n<p><em>\u00abLe processus de pr\u00e9paration sera sous la responsabilit\u00e9 du pr\u00e9sident de la r\u00e9publique, avec l&rsquo;aide de la commission dont les membres seront d\u00e9sign\u00e9s, mais le texte sera approuv\u00e9 par le peuple souverain le 25 juillet, et le vote ne se fera pas sur la personne du pr\u00e9sident Ka\u00efs Sa\u00efed, mais sur le contenu du projet qui sera formul\u00e9\u00bb<\/em>, a expliqu\u00e9 M. Mahfoudh. Pr\u00e9caution pr\u00e9cieuse s&rsquo;il en est pour qu&rsquo;un vote par non au r\u00e9f\u00e9rendum n&rsquo;aura pas pour cons\u00e9quence la d\u00e9mission du pr\u00e9sident, mais seulement l&rsquo;enterrement de son projet.  <\/p>\n\n\n\n<p>Concernant les d\u00e9lais li\u00e9s \u00e0 la convocation des \u00e9lecteurs et \u00e0 la publication du texte de loi sur le r\u00e9f\u00e9rendum au Journal officiel (avant le 25 mai en vertu de la loi \u00e9lectorale en vigueur), M. Mahfoudh a d\u00e9clar\u00e9 que la loi \u00e9lectorale actuelle ne sera pas appliqu\u00e9e et qu&rsquo;un nouveau texte sera pr\u00e9par\u00e9 pour r\u00e9glementer le r\u00e9f\u00e9rendum du 25 juillet, qui pr\u00e9cisera toutes les modalit\u00e9s (d\u00e9lais de convocation des \u00e9lecteurs et de la campagne \u00e9lectorale pour assurer l&rsquo;\u00e9galit\u00e9 et la transparence de l&rsquo;op\u00e9ration).<\/p>\n\n\n\n<p>Le 1er mai, le pr\u00e9sident Sa\u00efed a annonc\u00e9 la formation d&rsquo;un comit\u00e9 charg\u00e9 du dialogue national, excluant les partis politiques, qu&rsquo;il consid\u00e8re comme <em>\u00abresponsables de la crise politique et \u00e9conomique que traverse le pays\u00bb<\/em>.<\/p>\n\n\n\n<p>De son c\u00f4t\u00e9, le secr\u00e9taire g\u00e9n\u00e9ral de l&rsquo;Union g\u00e9n\u00e9rale tunisienne du travail (UGTT), Noureddine Taboubi, a d\u00e9clar\u00e9, le 7 mai, que la centrale syndicale prendra part au dialogue national et sera une force de proposition&#8230; si un cadre appropri\u00e9 est assur\u00e9 \u00e0 une telle participation, consid\u00e9rant que le cadre actuel ne l&rsquo;est pas.<\/p>\n\n\n\n<p class=\"has-text-align-right\"><strong>I. B.<\/strong><\/p>\n","protected":false},"excerpt":{"rendered":"<p>Amin Mahfoudh a d\u00e9clar\u00e9 que \u00ables r\u00e9sultats du dialogue national ne sont pas connus d&rsquo;avance\u00bb .<\/p>\n","protected":false},"author":8,"featured_media":555580,"comment_status":"open","ping_status":"open","sticky":false,"template":"","format":"standard","meta":{"footnotes":""},"categories":[997,2433],"tags":[94012,230,76012,21897,2889,62643,936],"class_list":["post-555087","post","type-post","status-publish","format-standard","has-post-thumbnail","hentry","category-politique","category-tunisie","tag-amin-mahfoudh","tag-constitution","tag-kais-saied-2","tag-noureddine-taboubi","tag-referendum","tag-tunisie","tag-ugtt"],"yoast_head":"<!-- This site is optimized with the Yoast SEO plugin v26.6 - https:\/\/yoast.com\/wordpress\/plugins\/seo\/ -->\n<title>Tunisie-Politique : Amin Mahfoudh pr\u00e9cise les modalit\u00e9s du dialogue national - Kapitalis<\/title>\n<meta name=\"robots\" content=\"index, follow, max-snippet:-1, max-image-preview:large, max-video-preview:-1\" \/>\n<link rel=\"canonical\" href=\"https:\/\/kapitalis.com\/tunisie\/2022\/05\/12\/tunisie-politique-amine-mahfoudh-precise-les-modalites-du-dialogue-national\/\" \/>\n<meta property=\"og:locale\" content=\"fr_FR\" \/>\n<meta property=\"og:type\" content=\"article\" \/>\n<meta property=\"og:title\" content=\"Tunisie-Politique : Amin Mahfoudh pr\u00e9cise les modalit\u00e9s du dialogue national - Kapitalis\" \/>\n<meta property=\"og:description\" content=\"Amin Mahfoudh a d\u00e9clar\u00e9 que \u00ables r\u00e9sultats du dialogue national ne sont pas connus d&#039;avance\u00bb .\" \/>\n<meta property=\"og:url\" content=\"https:\/\/kapitalis.com\/tunisie\/2022\/05\/12\/tunisie-politique-amine-mahfoudh-precise-les-modalites-du-dialogue-national\/\" \/>\n<meta property=\"og:site_name\" content=\"Kapitalis\" \/>\n<meta property=\"article:publisher\" content=\"https:\/\/www.facebook.com\/KapitalisInfo\/\" \/>\n<meta property=\"article:published_time\" content=\"2022-05-12T13:10:30+00:00\" \/>\n<meta property=\"article:modified_time\" content=\"2022-05-12T13:14:07+00:00\" \/>\n<meta property=\"og:image\" content=\"https:\/\/kapitalis.com\/tunisie\/wp-content\/uploads\/2022\/05\/Amin-Mahfoudh.jpg\" \/>\n\t<meta property=\"og:image:width\" content=\"1200\" \/>\n\t<meta property=\"og:image:height\" content=\"630\" \/>\n\t<meta property=\"og:image:type\" content=\"image\/jpeg\" \/>\n<meta name=\"author\" content=\"webmaster kapitalis\" \/>\n<meta name=\"twitter:card\" content=\"summary_large_image\" \/>\n<meta name=\"twitter:creator\" content=\"@KapitalisInfo\" \/>\n<meta name=\"twitter:site\" content=\"@KapitalisInfo\" \/>\n<meta name=\"twitter:label1\" content=\"\u00c9crit par\" \/>\n\t<meta name=\"twitter:data1\" content=\"webmaster kapitalis\" \/>\n\t<meta name=\"twitter:label2\" content=\"Dur\u00e9e de lecture estim\u00e9e\" \/>\n\t<meta name=\"twitter:data2\" content=\"3 minutes\" \/>\n<script type=\"application\/ld+json\" class=\"yoast-schema-graph\">{\"@context\":\"https:\/\/schema.org\",\"@graph\":[{\"@type\":\"Article\",\"@id\":\"https:\/\/kapitalis.com\/tunisie\/2022\/05\/12\/tunisie-politique-amine-mahfoudh-precise-les-modalites-du-dialogue-national\/#article\",\"isPartOf\":{\"@id\":\"https:\/\/kapitalis.com\/tunisie\/2022\/05\/12\/tunisie-politique-amine-mahfoudh-precise-les-modalites-du-dialogue-national\/\"},\"author\":{\"name\":\"webmaster kapitalis\",\"@id\":\"https:\/\/kapitalis.com\/tunisie\/#\/schema\/person\/d71f33a9ca44f7bad4698210b480c8e9\"},\"headline\":\"Tunisie-Politique : Amin Mahfoudh pr\u00e9cise les modalit\u00e9s du dialogue national\",\"datePublished\":\"2022-05-12T13:10:30+00:00\",\"dateModified\":\"2022-05-12T13:14:07+00:00\",\"mainEntityOfPage\":{\"@id\":\"https:\/\/kapitalis.com\/tunisie\/2022\/05\/12\/tunisie-politique-amine-mahfoudh-precise-les-modalites-du-dialogue-national\/\"},\"wordCount\":571,\"commentCount\":1,\"publisher\":{\"@id\":\"https:\/\/kapitalis.com\/tunisie\/#organization\"},\"image\":{\"@id\":\"https:\/\/kapitalis.com\/tunisie\/2022\/05\/12\/tunisie-politique-amine-mahfoudh-precise-les-modalites-du-dialogue-national\/#primaryimage\"},\"thumbnailUrl\":\"https:\/\/kapitalis.com\/tunisie\/wp-content\/uploads\/2022\/05\/Amin-Mahfoudh.jpg\",\"keywords\":[\"Amin Mahfoudh\",\"constitution\",\"Ka\u00efs Sa\u00efed\",\"Noureddine Taboubi\",\"r\u00e9f\u00e9rendum\",\"Tunisie\",\"UGTT\"],\"articleSection\":[\"POLITIQUE\",\"Tunisie\"],\"inLanguage\":\"fr-FR\",\"potentialAction\":[{\"@type\":\"CommentAction\",\"name\":\"Comment\",\"target\":[\"https:\/\/kapitalis.com\/tunisie\/2022\/05\/12\/tunisie-politique-amine-mahfoudh-precise-les-modalites-du-dialogue-national\/#respond\"]}]},{\"@type\":\"WebPage\",\"@id\":\"https:\/\/kapitalis.com\/tunisie\/2022\/05\/12\/tunisie-politique-amine-mahfoudh-precise-les-modalites-du-dialogue-national\/\",\"url\":\"https:\/\/kapitalis.com\/tunisie\/2022\/05\/12\/tunisie-politique-amine-mahfoudh-precise-les-modalites-du-dialogue-national\/\",\"name\":\"Tunisie-Politique : Amin Mahfoudh pr\u00e9cise les modalit\u00e9s du dialogue national - Kapitalis\",\"isPartOf\":{\"@id\":\"https:\/\/kapitalis.com\/tunisie\/#website\"},\"primaryImageOfPage\":{\"@id\":\"https:\/\/kapitalis.com\/tunisie\/2022\/05\/12\/tunisie-politique-amine-mahfoudh-precise-les-modalites-du-dialogue-national\/#primaryimage\"},\"image\":{\"@id\":\"https:\/\/kapitalis.com\/tunisie\/2022\/05\/12\/tunisie-politique-amine-mahfoudh-precise-les-modalites-du-dialogue-national\/#primaryimage\"},\"thumbnailUrl\":\"https:\/\/kapitalis.com\/tunisie\/wp-content\/uploads\/2022\/05\/Amin-Mahfoudh.jpg\",\"datePublished\":\"2022-05-12T13:10:30+00:00\",\"dateModified\":\"2022-05-12T13:14:07+00:00\",\"breadcrumb\":{\"@id\":\"https:\/\/kapitalis.com\/tunisie\/2022\/05\/12\/tunisie-politique-amine-mahfoudh-precise-les-modalites-du-dialogue-national\/#breadcrumb\"},\"inLanguage\":\"fr-FR\",\"potentialAction\":[{\"@type\":\"ReadAction\",\"target\":[\"https:\/\/kapitalis.com\/tunisie\/2022\/05\/12\/tunisie-politique-amine-mahfoudh-precise-les-modalites-du-dialogue-national\/\"]}]},{\"@type\":\"ImageObject\",\"inLanguage\":\"fr-FR\",\"@id\":\"https:\/\/kapitalis.com\/tunisie\/2022\/05\/12\/tunisie-politique-amine-mahfoudh-precise-les-modalites-du-dialogue-national\/#primaryimage\",\"url\":\"https:\/\/kapitalis.com\/tunisie\/wp-content\/uploads\/2022\/05\/Amin-Mahfoudh.jpg\",\"contentUrl\":\"https:\/\/kapitalis.com\/tunisie\/wp-content\/uploads\/2022\/05\/Amin-Mahfoudh.jpg\",\"width\":1200,\"height\":630},{\"@type\":\"BreadcrumbList\",\"@id\":\"https:\/\/kapitalis.com\/tunisie\/2022\/05\/12\/tunisie-politique-amine-mahfoudh-precise-les-modalites-du-dialogue-national\/#breadcrumb\",\"itemListElement\":[{\"@type\":\"ListItem\",\"position\":1,\"name\":\"Accueil\",\"item\":\"https:\/\/kapitalis.com\/tunisie\/\"},{\"@type\":\"ListItem\",\"position\":2,\"name\":\"Tunisie-Politique : Amin Mahfoudh pr\u00e9cise les modalit\u00e9s du dialogue national\"}]},{\"@type\":\"WebSite\",\"@id\":\"https:\/\/kapitalis.com\/tunisie\/#website\",\"url\":\"https:\/\/kapitalis.com\/tunisie\/\",\"name\":\"Kapitalis\",\"description\":\"L&#039;actualit\u00e9 en Tunisie et dans le monde\",\"publisher\":{\"@id\":\"https:\/\/kapitalis.com\/tunisie\/#organization\"},\"potentialAction\":[{\"@type\":\"SearchAction\",\"target\":{\"@type\":\"EntryPoint\",\"urlTemplate\":\"https:\/\/kapitalis.com\/tunisie\/?s={search_term_string}\"},\"query-input\":{\"@type\":\"PropertyValueSpecification\",\"valueRequired\":true,\"valueName\":\"search_term_string\"}}],\"inLanguage\":\"fr-FR\"},{\"@type\":\"Organization\",\"@id\":\"https:\/\/kapitalis.com\/tunisie\/#organization\",\"name\":\"Kapitalis\",\"url\":\"https:\/\/kapitalis.com\/tunisie\/\",\"logo\":{\"@type\":\"ImageObject\",\"inLanguage\":\"fr-FR\",\"@id\":\"https:\/\/kapitalis.com\/tunisie\/#\/schema\/logo\/image\/\",\"url\":\"https:\/\/kapitalis.com\/tunisie\/wp-content\/uploads\/2022\/05\/Kapitalis-big-size.png\",\"contentUrl\":\"https:\/\/kapitalis.com\/tunisie\/wp-content\/uploads\/2022\/05\/Kapitalis-big-size.png\",\"width\":5000,\"height\":1500,\"caption\":\"Kapitalis\"},\"image\":{\"@id\":\"https:\/\/kapitalis.com\/tunisie\/#\/schema\/logo\/image\/\"},\"sameAs\":[\"https:\/\/www.facebook.com\/KapitalisInfo\/\",\"https:\/\/x.com\/KapitalisInfo\",\"https:\/\/www.youtube.com\/channel\/UC-yDYrHyfFBWWZaOw3FPg9Q\"]},{\"@type\":\"Person\",\"@id\":\"https:\/\/kapitalis.com\/tunisie\/#\/schema\/person\/d71f33a9ca44f7bad4698210b480c8e9\",\"name\":\"webmaster kapitalis\",\"url\":\"https:\/\/kapitalis.com\/tunisie\/author\/webmaster-kapitalis\/\"}]}<\/script>\n<!-- \/ Yoast SEO plugin. -->","yoast_head_json":{"title":"Tunisie-Politique : Amin Mahfoudh pr\u00e9cise les modalit\u00e9s du dialogue national - Kapitalis","robots":{"index":"index","follow":"follow","max-snippet":"max-snippet:-1","max-image-preview":"max-image-preview:large","max-video-preview":"max-video-preview:-1"},"canonical":"https:\/\/kapitalis.com\/tunisie\/2022\/05\/12\/tunisie-politique-amine-mahfoudh-precise-les-modalites-du-dialogue-national\/","og_locale":"fr_FR","og_type":"article","og_title":"Tunisie-Politique : Amin Mahfoudh pr\u00e9cise les modalit\u00e9s du dialogue national - Kapitalis","og_description":"Amin Mahfoudh a d\u00e9clar\u00e9 que \u00ables r\u00e9sultats du dialogue national ne sont pas connus d'avance\u00bb .","og_url":"https:\/\/kapitalis.com\/tunisie\/2022\/05\/12\/tunisie-politique-amine-mahfoudh-precise-les-modalites-du-dialogue-national\/","og_site_name":"Kapitalis","article_publisher":"https:\/\/www.facebook.com\/KapitalisInfo\/","article_published_time":"2022-05-12T13:10:30+00:00","article_modified_time":"2022-05-12T13:14:07+00:00","og_image":[{"width":1200,"height":630,"url":"https:\/\/kapitalis.com\/tunisie\/wp-content\/uploads\/2022\/05\/Amin-Mahfoudh.jpg","type":"image\/jpeg"}],"author":"webmaster kapitalis","twitter_card":"summary_large_image","twitter_creator":"@KapitalisInfo","twitter_site":"@KapitalisInfo","twitter_misc":{"\u00c9crit par":"webmaster kapitalis","Dur\u00e9e de lecture estim\u00e9e":"3 minutes"},"schema":{"@context":"https:\/\/schema.org","@graph":[{"@type":"Article","@id":"https:\/\/kapitalis.com\/tunisie\/2022\/05\/12\/tunisie-politique-amine-mahfoudh-precise-les-modalites-du-dialogue-national\/#article","isPartOf":{"@id":"https:\/\/kapitalis.com\/tunisie\/2022\/05\/12\/tunisie-politique-amine-mahfoudh-precise-les-modalites-du-dialogue-national\/"},"author":{"name":"webmaster kapitalis","@id":"https:\/\/kapitalis.com\/tunisie\/#\/schema\/person\/d71f33a9ca44f7bad4698210b480c8e9"},"headline":"Tunisie-Politique : Amin Mahfoudh pr\u00e9cise les modalit\u00e9s du dialogue national","datePublished":"2022-05-12T13:10:30+00:00","dateModified":"2022-05-12T13:14:07+00:00","mainEntityOfPage":{"@id":"https:\/\/kapitalis.com\/tunisie\/2022\/05\/12\/tunisie-politique-amine-mahfoudh-precise-les-modalites-du-dialogue-national\/"},"wordCount":571,"commentCount":1,"publisher":{"@id":"https:\/\/kapitalis.com\/tunisie\/#organization"},"image":{"@id":"https:\/\/kapitalis.com\/tunisie\/2022\/05\/12\/tunisie-politique-amine-mahfoudh-precise-les-modalites-du-dialogue-national\/#primaryimage"},"thumbnailUrl":"https:\/\/kapitalis.com\/tunisie\/wp-content\/uploads\/2022\/05\/Amin-Mahfoudh.jpg","keywords":["Amin Mahfoudh","constitution","Ka\u00efs Sa\u00efed","Noureddine Taboubi","r\u00e9f\u00e9rendum","Tunisie","UGTT"],"articleSection":["POLITIQUE","Tunisie"],"inLanguage":"fr-FR","potentialAction":[{"@type":"CommentAction","name":"Comment","target":["https:\/\/kapitalis.com\/tunisie\/2022\/05\/12\/tunisie-politique-amine-mahfoudh-precise-les-modalites-du-dialogue-national\/#respond"]}]},{"@type":"WebPage","@id":"https:\/\/kapitalis.com\/tunisie\/2022\/05\/12\/tunisie-politique-amine-mahfoudh-precise-les-modalites-du-dialogue-national\/","url":"https:\/\/kapitalis.com\/tunisie\/2022\/05\/12\/tunisie-politique-amine-mahfoudh-precise-les-modalites-du-dialogue-national\/","name":"Tunisie-Politique : Amin Mahfoudh pr\u00e9cise les modalit\u00e9s du dialogue national - Kapitalis","isPartOf":{"@id":"https:\/\/kapitalis.com\/tunisie\/#website"},"primaryImageOfPage":{"@id":"https:\/\/kapitalis.com\/tunisie\/2022\/05\/12\/tunisie-politique-amine-mahfoudh-precise-les-modalites-du-dialogue-national\/#primaryimage"},"image":{"@id":"https:\/\/kapitalis.com\/tunisie\/2022\/05\/12\/tunisie-politique-amine-mahfoudh-precise-les-modalites-du-dialogue-national\/#primaryimage"},"thumbnailUrl":"https:\/\/kapitalis.com\/tunisie\/wp-content\/uploads\/2022\/05\/Amin-Mahfoudh.jpg","datePublished":"2022-05-12T13:10:30+00:00","dateModified":"2022-05-12T13:14:07+00:00","breadcrumb":{"@id":"https:\/\/kapitalis.com\/tunisie\/2022\/05\/12\/tunisie-politique-amine-mahfoudh-precise-les-modalites-du-dialogue-national\/#breadcrumb"},"inLanguage":"fr-FR","potentialAction":[{"@type":"ReadAction","target":["https:\/\/kapitalis.com\/tunisie\/2022\/05\/12\/tunisie-politique-amine-mahfoudh-precise-les-modalites-du-dialogue-national\/"]}]},{"@type":"ImageObject","inLanguage":"fr-FR","@id":"https:\/\/kapitalis.com\/tunisie\/2022\/05\/12\/tunisie-politique-amine-mahfoudh-precise-les-modalites-du-dialogue-national\/#primaryimage","url":"https:\/\/kapitalis.com\/tunisie\/wp-content\/uploads\/2022\/05\/Amin-Mahfoudh.jpg","contentUrl":"https:\/\/kapitalis.com\/tunisie\/wp-content\/uploads\/2022\/05\/Amin-Mahfoudh.jpg","width":1200,"height":630},{"@type":"BreadcrumbList","@id":"https:\/\/kapitalis.com\/tunisie\/2022\/05\/12\/tunisie-politique-amine-mahfoudh-precise-les-modalites-du-dialogue-national\/#breadcrumb","itemListElement":[{"@type":"ListItem","position":1,"name":"Accueil","item":"https:\/\/kapitalis.com\/tunisie\/"},{"@type":"ListItem","position":2,"name":"Tunisie-Politique : Amin Mahfoudh pr\u00e9cise les modalit\u00e9s du dialogue national"}]},{"@type":"WebSite","@id":"https:\/\/kapitalis.com\/tunisie\/#website","url":"https:\/\/kapitalis.com\/tunisie\/","name":"Kapitalis","description":"L&#039;actualit\u00e9 en Tunisie et dans le monde","publisher":{"@id":"https:\/\/kapitalis.com\/tunisie\/#organization"},"potentialAction":[{"@type":"SearchAction","target":{"@type":"EntryPoint","urlTemplate":"https:\/\/kapitalis.com\/tunisie\/?s={search_term_string}"},"query-input":{"@type":"PropertyValueSpecification","valueRequired":true,"valueName":"search_term_string"}}],"inLanguage":"fr-FR"},{"@type":"Organization","@id":"https:\/\/kapitalis.com\/tunisie\/#organization","name":"Kapitalis","url":"https:\/\/kapitalis.com\/tunisie\/","logo":{"@type":"ImageObject","inLanguage":"fr-FR","@id":"https:\/\/kapitalis.com\/tunisie\/#\/schema\/logo\/image\/","url":"https:\/\/kapitalis.com\/tunisie\/wp-content\/uploads\/2022\/05\/Kapitalis-big-size.png","contentUrl":"https:\/\/kapitalis.com\/tunisie\/wp-content\/uploads\/2022\/05\/Kapitalis-big-size.png","width":5000,"height":1500,"caption":"Kapitalis"},"image":{"@id":"https:\/\/kapitalis.com\/tunisie\/#\/schema\/logo\/image\/"},"sameAs":["https:\/\/www.facebook.com\/KapitalisInfo\/","https:\/\/x.com\/KapitalisInfo","https:\/\/www.youtube.com\/channel\/UC-yDYrHyfFBWWZaOw3FPg9Q"]},{"@type":"Person","@id":"https:\/\/kapitalis.com\/tunisie\/#\/schema\/person\/d71f33a9ca44f7bad4698210b480c8e9","name":"webmaster kapitalis","url":"https:\/\/kapitalis.com\/tunisie\/author\/webmaster-kapitalis\/"}]}},"_links":{"self":[{"href":"https:\/\/kapitalis.com\/tunisie\/wp-json\/wp\/v2\/posts\/555087","targetHints":{"allow":["GET"]}}],"collection":[{"href":"https:\/\/kapitalis.com\/tunisie\/wp-json\/wp\/v2\/posts"}],"about":[{"href":"https:\/\/kapitalis.com\/tunisie\/wp-json\/wp\/v2\/types\/post"}],"author":[{"embeddable":true,"href":"https:\/\/kapitalis.com\/tunisie\/wp-json\/wp\/v2\/users\/8"}],"replies":[{"embeddable":true,"href":"https:\/\/kapitalis.com\/tunisie\/wp-json\/wp\/v2\/comments?post=555087"}],"version-history":[{"count":0,"href":"https:\/\/kapitalis.com\/tunisie\/wp-json\/wp\/v2\/posts\/555087\/revisions"}],"wp:featuredmedia":[{"embeddable":true,"href":"https:\/\/kapitalis.com\/tunisie\/wp-json\/wp\/v2\/media\/555580"}],"wp:attachment":[{"href":"https:\/\/kapitalis.com\/tunisie\/wp-json\/wp\/v2\/media?parent=555087"}],"wp:term":[{"taxonomy":"category","embeddable":true,"href":"https:\/\/kapitalis.com\/tunisie\/wp-json\/wp\/v2\/categories?post=555087"},{"taxonomy":"post_tag","embeddable":true,"href":"https:\/\/kapitalis.com\/tunisie\/wp-json\/wp\/v2\/tags?post=555087"}],"curies":[{"name":"wp","href":"https:\/\/api.w.org\/{rel}","templated":true}]}}