{"id":55534,"date":"2016-06-25T13:16:57","date_gmt":"2016-06-25T12:16:57","guid":{"rendered":"http:\/\/kapitalis.com\/tunisie\/?p=55534"},"modified":"2016-06-25T13:16:57","modified_gmt":"2016-06-25T12:16:57","slug":"ariana-coupures-deau-du-lundi-soir-au-mardi-apres-midi","status":"publish","type":"post","link":"https:\/\/kapitalis.com\/tunisie\/2016\/06\/25\/ariana-coupures-deau-du-lundi-soir-au-mardi-apres-midi\/","title":{"rendered":"Ariana : Coupures d\u2019eau du lundi soir au mardi apr\u00e8s-midi"},"content":{"rendered":"<p style=\"text-align: center;\"><img loading=\"lazy\" decoding=\"async\" class=\"alignnone size-full wp-image-17119\" src=\"http:\/\/kapitalis.com\/tunisie\/wp-content\/uploads\/2015\/10\/eau-potable.jpeg\" alt=\"eau-potable\" width=\"626\" height=\"380\" \/><\/p>\n<p><em><strong>Des coupures d\u2019eau potable sont pr\u00e9vues le 27 juin \u00e0 partir de 22h jusqu&rsquo;au 28 \u00e0 16h, dans plusieurs quartiers du gouvernorat de l\u2019Ariana, au nord de Tunis.<\/strong><\/em><\/p>\n<p><!--more--><\/p>\n<p>C\u2019est ce qu\u2019a annonc\u00e9, vendredi, la Soci\u00e9t\u00e9 nationale d\u2019exploitation et de distribution des eaux (Sonede), dans un communiqu\u00e9, pr\u00e9cisant que les coupures seront dues \u00e0 des travaux de maintenance dans le\u00a0r\u00e9seau de distribution, engag\u00e9s dans le cadre du projet d&rsquo;am\u00e9lioration de l&rsquo;approvisionnement en eau potable dans les localit\u00e9s du Pont de Bizerte et Kala\u00e2t El-Andalous.<\/p>\n<p>Les quartiers, qui seront concern\u00e9s\u00a0par les coupures sont ceux de B\u00e9jaoua 2, Kouazine et Jebal Ammar. Des perturbations sont aussi attendues \u00e0 Mbarka, cit\u00e9 Tbayeb, Sidi Thabet, cit\u00e9 Mongi Slim, le centre des non-voyants, Chorfech, Pont de Bizerte et Borj El-Had.<\/p>\n<p style=\"text-align: right;\"><strong>Y. N.<\/strong><\/p>\n","protected":false},"excerpt":{"rendered":"<p>Des coupures d\u2019eau potable sont pr\u00e9vues le 27 juin \u00e0 partir de 22h jusqu&rsquo;au 28 \u00e0 16h, dans plusieurs quartiers du gouvernorat de l\u2019Ariana, au nord de Tunis.<\/p>\n","protected":false},"author":6,"featured_media":0,"comment_status":"open","ping_status":"open","sticky":false,"template":"","format":"standard","meta":{"footnotes":""},"categories":[993,2433],"tags":[79],"class_list":["post-55534","post","type-post","status-publish","format-standard","hentry","category-conso","category-tunisie","tag-ariana"],"yoast_head":"<!-- This site is optimized with the Yoast SEO plugin v26.6 - https:\/\/yoast.com\/wordpress\/plugins\/seo\/ -->\n<title>Ariana : Coupures d\u2019eau du lundi soir au mardi apr\u00e8s-midi - Kapitalis<\/title>\n<meta name=\"robots\" content=\"index, follow, max-snippet:-1, max-image-preview:large, max-video-preview:-1\" \/>\n<link rel=\"canonical\" href=\"https:\/\/kapitalis.com\/tunisie\/2016\/06\/25\/ariana-coupures-deau-du-lundi-soir-au-mardi-apres-midi\/\" \/>\n<meta property=\"og:locale\" content=\"fr_FR\" \/>\n<meta property=\"og:type\" content=\"article\" \/>\n<meta property=\"og:title\" content=\"Ariana : Coupures d\u2019eau du lundi soir au mardi apr\u00e8s-midi - Kapitalis\" \/>\n<meta property=\"og:description\" content=\"Des coupures d\u2019eau potable sont pr\u00e9vues le 27 juin \u00e0 partir de 22h jusqu&rsquo;au 28 \u00e0 16h, dans plusieurs quartiers du gouvernorat de l\u2019Ariana, au nord de Tunis.\" \/>\n<meta property=\"og:url\" content=\"https:\/\/kapitalis.com\/tunisie\/2016\/06\/25\/ariana-coupures-deau-du-lundi-soir-au-mardi-apres-midi\/\" \/>\n<meta property=\"og:site_name\" content=\"Kapitalis\" \/>\n<meta property=\"article:publisher\" content=\"https:\/\/www.facebook.com\/KapitalisInfo\/\" \/>\n<meta property=\"article:published_time\" content=\"2016-06-25T12:16:57+00:00\" \/>\n<meta property=\"og:image\" content=\"http:\/\/kapitalis.com\/tunisie\/wp-content\/uploads\/2015\/10\/eau-potable.jpeg\" \/>\n<meta name=\"author\" content=\"Yusra NY\" \/>\n<meta name=\"twitter:card\" content=\"summary_large_image\" \/>\n<meta name=\"twitter:creator\" content=\"@KapitalisInfo\" \/>\n<meta name=\"twitter:site\" content=\"@KapitalisInfo\" \/>\n<meta name=\"twitter:label1\" content=\"\u00c9crit par\" \/>\n\t<meta name=\"twitter:data1\" content=\"Yusra NY\" \/>\n\t<meta name=\"twitter:label2\" content=\"Dur\u00e9e de lecture estim\u00e9e\" \/>\n\t<meta name=\"twitter:data2\" content=\"1 minute\" \/>\n<script type=\"application\/ld+json\" class=\"yoast-schema-graph\">{\"@context\":\"https:\/\/schema.org\",\"@graph\":[{\"@type\":\"Article\",\"@id\":\"https:\/\/kapitalis.com\/tunisie\/2016\/06\/25\/ariana-coupures-deau-du-lundi-soir-au-mardi-apres-midi\/#article\",\"isPartOf\":{\"@id\":\"https:\/\/kapitalis.com\/tunisie\/2016\/06\/25\/ariana-coupures-deau-du-lundi-soir-au-mardi-apres-midi\/\"},\"author\":{\"name\":\"Yusra NY\",\"@id\":\"https:\/\/kapitalis.com\/tunisie\/#\/schema\/person\/74bbde0154d49d790a92aaeac5bc01d5\"},\"headline\":\"Ariana : Coupures d\u2019eau du lundi soir au mardi apr\u00e8s-midi\",\"datePublished\":\"2016-06-25T12:16:57+00:00\",\"mainEntityOfPage\":{\"@id\":\"https:\/\/kapitalis.com\/tunisie\/2016\/06\/25\/ariana-coupures-deau-du-lundi-soir-au-mardi-apres-midi\/\"},\"wordCount\":147,\"commentCount\":0,\"publisher\":{\"@id\":\"https:\/\/kapitalis.com\/tunisie\/#organization\"},\"image\":{\"@id\":\"https:\/\/kapitalis.com\/tunisie\/2016\/06\/25\/ariana-coupures-deau-du-lundi-soir-au-mardi-apres-midi\/#primaryimage\"},\"thumbnailUrl\":\"http:\/\/kapitalis.com\/tunisie\/wp-content\/uploads\/2015\/10\/eau-potable.jpeg\",\"keywords\":[\"Ariana\"],\"articleSection\":[\"CONSO\",\"Tunisie\"],\"inLanguage\":\"fr-FR\",\"potentialAction\":[{\"@type\":\"CommentAction\",\"name\":\"Comment\",\"target\":[\"https:\/\/kapitalis.com\/tunisie\/2016\/06\/25\/ariana-coupures-deau-du-lundi-soir-au-mardi-apres-midi\/#respond\"]}]},{\"@type\":\"WebPage\",\"@id\":\"https:\/\/kapitalis.com\/tunisie\/2016\/06\/25\/ariana-coupures-deau-du-lundi-soir-au-mardi-apres-midi\/\",\"url\":\"https:\/\/kapitalis.com\/tunisie\/2016\/06\/25\/ariana-coupures-deau-du-lundi-soir-au-mardi-apres-midi\/\",\"name\":\"Ariana : Coupures d\u2019eau du lundi soir au mardi apr\u00e8s-midi - Kapitalis\",\"isPartOf\":{\"@id\":\"https:\/\/kapitalis.com\/tunisie\/#website\"},\"primaryImageOfPage\":{\"@id\":\"https:\/\/kapitalis.com\/tunisie\/2016\/06\/25\/ariana-coupures-deau-du-lundi-soir-au-mardi-apres-midi\/#primaryimage\"},\"image\":{\"@id\":\"https:\/\/kapitalis.com\/tunisie\/2016\/06\/25\/ariana-coupures-deau-du-lundi-soir-au-mardi-apres-midi\/#primaryimage\"},\"thumbnailUrl\":\"http:\/\/kapitalis.com\/tunisie\/wp-content\/uploads\/2015\/10\/eau-potable.jpeg\",\"datePublished\":\"2016-06-25T12:16:57+00:00\",\"breadcrumb\":{\"@id\":\"https:\/\/kapitalis.com\/tunisie\/2016\/06\/25\/ariana-coupures-deau-du-lundi-soir-au-mardi-apres-midi\/#breadcrumb\"},\"inLanguage\":\"fr-FR\",\"potentialAction\":[{\"@type\":\"ReadAction\",\"target\":[\"https:\/\/kapitalis.com\/tunisie\/2016\/06\/25\/ariana-coupures-deau-du-lundi-soir-au-mardi-apres-midi\/\"]}]},{\"@type\":\"ImageObject\",\"inLanguage\":\"fr-FR\",\"@id\":\"https:\/\/kapitalis.com\/tunisie\/2016\/06\/25\/ariana-coupures-deau-du-lundi-soir-au-mardi-apres-midi\/#primaryimage\",\"url\":\"http:\/\/kapitalis.com\/tunisie\/wp-content\/uploads\/2015\/10\/eau-potable.jpeg\",\"contentUrl\":\"http:\/\/kapitalis.com\/tunisie\/wp-content\/uploads\/2015\/10\/eau-potable.jpeg\"},{\"@type\":\"BreadcrumbList\",\"@id\":\"https:\/\/kapitalis.com\/tunisie\/2016\/06\/25\/ariana-coupures-deau-du-lundi-soir-au-mardi-apres-midi\/#breadcrumb\",\"itemListElement\":[{\"@type\":\"ListItem\",\"position\":1,\"name\":\"Accueil\",\"item\":\"https:\/\/kapitalis.com\/tunisie\/\"},{\"@type\":\"ListItem\",\"position\":2,\"name\":\"Ariana : Coupures d\u2019eau du lundi soir au mardi apr\u00e8s-midi\"}]},{\"@type\":\"WebSite\",\"@id\":\"https:\/\/kapitalis.com\/tunisie\/#website\",\"url\":\"https:\/\/kapitalis.com\/tunisie\/\",\"name\":\"Kapitalis\",\"description\":\"L&#039;actualit\u00e9 en Tunisie et dans le monde\",\"publisher\":{\"@id\":\"https:\/\/kapitalis.com\/tunisie\/#organization\"},\"potentialAction\":[{\"@type\":\"SearchAction\",\"target\":{\"@type\":\"EntryPoint\",\"urlTemplate\":\"https:\/\/kapitalis.com\/tunisie\/?s={search_term_string}\"},\"query-input\":{\"@type\":\"PropertyValueSpecification\",\"valueRequired\":true,\"valueName\":\"search_term_string\"}}],\"inLanguage\":\"fr-FR\"},{\"@type\":\"Organization\",\"@id\":\"https:\/\/kapitalis.com\/tunisie\/#organization\",\"name\":\"Kapitalis\",\"url\":\"https:\/\/kapitalis.com\/tunisie\/\",\"logo\":{\"@type\":\"ImageObject\",\"inLanguage\":\"fr-FR\",\"@id\":\"https:\/\/kapitalis.com\/tunisie\/#\/schema\/logo\/image\/\",\"url\":\"https:\/\/kapitalis.com\/tunisie\/wp-content\/uploads\/2022\/05\/Kapitalis-big-size.png\",\"contentUrl\":\"https:\/\/kapitalis.com\/tunisie\/wp-content\/uploads\/2022\/05\/Kapitalis-big-size.png\",\"width\":5000,\"height\":1500,\"caption\":\"Kapitalis\"},\"image\":{\"@id\":\"https:\/\/kapitalis.com\/tunisie\/#\/schema\/logo\/image\/\"},\"sameAs\":[\"https:\/\/www.facebook.com\/KapitalisInfo\/\",\"https:\/\/x.com\/KapitalisInfo\",\"https:\/\/www.youtube.com\/channel\/UC-yDYrHyfFBWWZaOw3FPg9Q\"]},{\"@type\":\"Person\",\"@id\":\"https:\/\/kapitalis.com\/tunisie\/#\/schema\/person\/74bbde0154d49d790a92aaeac5bc01d5\",\"name\":\"Yusra NY\",\"url\":\"https:\/\/kapitalis.com\/tunisie\/author\/yuza_adam\/\"}]}<\/script>\n<!-- \/ Yoast SEO plugin. -->","yoast_head_json":{"title":"Ariana : Coupures d\u2019eau du lundi soir au mardi apr\u00e8s-midi - Kapitalis","robots":{"index":"index","follow":"follow","max-snippet":"max-snippet:-1","max-image-preview":"max-image-preview:large","max-video-preview":"max-video-preview:-1"},"canonical":"https:\/\/kapitalis.com\/tunisie\/2016\/06\/25\/ariana-coupures-deau-du-lundi-soir-au-mardi-apres-midi\/","og_locale":"fr_FR","og_type":"article","og_title":"Ariana : Coupures d\u2019eau du lundi soir au mardi apr\u00e8s-midi - Kapitalis","og_description":"Des coupures d\u2019eau potable sont pr\u00e9vues le 27 juin \u00e0 partir de 22h jusqu&rsquo;au 28 \u00e0 16h, dans plusieurs quartiers du gouvernorat de l\u2019Ariana, au nord de Tunis.","og_url":"https:\/\/kapitalis.com\/tunisie\/2016\/06\/25\/ariana-coupures-deau-du-lundi-soir-au-mardi-apres-midi\/","og_site_name":"Kapitalis","article_publisher":"https:\/\/www.facebook.com\/KapitalisInfo\/","article_published_time":"2016-06-25T12:16:57+00:00","og_image":[{"url":"http:\/\/kapitalis.com\/tunisie\/wp-content\/uploads\/2015\/10\/eau-potable.jpeg","type":"","width":"","height":""}],"author":"Yusra NY","twitter_card":"summary_large_image","twitter_creator":"@KapitalisInfo","twitter_site":"@KapitalisInfo","twitter_misc":{"\u00c9crit par":"Yusra NY","Dur\u00e9e de lecture estim\u00e9e":"1 minute"},"schema":{"@context":"https:\/\/schema.org","@graph":[{"@type":"Article","@id":"https:\/\/kapitalis.com\/tunisie\/2016\/06\/25\/ariana-coupures-deau-du-lundi-soir-au-mardi-apres-midi\/#article","isPartOf":{"@id":"https:\/\/kapitalis.com\/tunisie\/2016\/06\/25\/ariana-coupures-deau-du-lundi-soir-au-mardi-apres-midi\/"},"author":{"name":"Yusra NY","@id":"https:\/\/kapitalis.com\/tunisie\/#\/schema\/person\/74bbde0154d49d790a92aaeac5bc01d5"},"headline":"Ariana : Coupures d\u2019eau du lundi soir au mardi apr\u00e8s-midi","datePublished":"2016-06-25T12:16:57+00:00","mainEntityOfPage":{"@id":"https:\/\/kapitalis.com\/tunisie\/2016\/06\/25\/ariana-coupures-deau-du-lundi-soir-au-mardi-apres-midi\/"},"wordCount":147,"commentCount":0,"publisher":{"@id":"https:\/\/kapitalis.com\/tunisie\/#organization"},"image":{"@id":"https:\/\/kapitalis.com\/tunisie\/2016\/06\/25\/ariana-coupures-deau-du-lundi-soir-au-mardi-apres-midi\/#primaryimage"},"thumbnailUrl":"http:\/\/kapitalis.com\/tunisie\/wp-content\/uploads\/2015\/10\/eau-potable.jpeg","keywords":["Ariana"],"articleSection":["CONSO","Tunisie"],"inLanguage":"fr-FR","potentialAction":[{"@type":"CommentAction","name":"Comment","target":["https:\/\/kapitalis.com\/tunisie\/2016\/06\/25\/ariana-coupures-deau-du-lundi-soir-au-mardi-apres-midi\/#respond"]}]},{"@type":"WebPage","@id":"https:\/\/kapitalis.com\/tunisie\/2016\/06\/25\/ariana-coupures-deau-du-lundi-soir-au-mardi-apres-midi\/","url":"https:\/\/kapitalis.com\/tunisie\/2016\/06\/25\/ariana-coupures-deau-du-lundi-soir-au-mardi-apres-midi\/","name":"Ariana : Coupures d\u2019eau du lundi soir au mardi apr\u00e8s-midi - Kapitalis","isPartOf":{"@id":"https:\/\/kapitalis.com\/tunisie\/#website"},"primaryImageOfPage":{"@id":"https:\/\/kapitalis.com\/tunisie\/2016\/06\/25\/ariana-coupures-deau-du-lundi-soir-au-mardi-apres-midi\/#primaryimage"},"image":{"@id":"https:\/\/kapitalis.com\/tunisie\/2016\/06\/25\/ariana-coupures-deau-du-lundi-soir-au-mardi-apres-midi\/#primaryimage"},"thumbnailUrl":"http:\/\/kapitalis.com\/tunisie\/wp-content\/uploads\/2015\/10\/eau-potable.jpeg","datePublished":"2016-06-25T12:16:57+00:00","breadcrumb":{"@id":"https:\/\/kapitalis.com\/tunisie\/2016\/06\/25\/ariana-coupures-deau-du-lundi-soir-au-mardi-apres-midi\/#breadcrumb"},"inLanguage":"fr-FR","potentialAction":[{"@type":"ReadAction","target":["https:\/\/kapitalis.com\/tunisie\/2016\/06\/25\/ariana-coupures-deau-du-lundi-soir-au-mardi-apres-midi\/"]}]},{"@type":"ImageObject","inLanguage":"fr-FR","@id":"https:\/\/kapitalis.com\/tunisie\/2016\/06\/25\/ariana-coupures-deau-du-lundi-soir-au-mardi-apres-midi\/#primaryimage","url":"http:\/\/kapitalis.com\/tunisie\/wp-content\/uploads\/2015\/10\/eau-potable.jpeg","contentUrl":"http:\/\/kapitalis.com\/tunisie\/wp-content\/uploads\/2015\/10\/eau-potable.jpeg"},{"@type":"BreadcrumbList","@id":"https:\/\/kapitalis.com\/tunisie\/2016\/06\/25\/ariana-coupures-deau-du-lundi-soir-au-mardi-apres-midi\/#breadcrumb","itemListElement":[{"@type":"ListItem","position":1,"name":"Accueil","item":"https:\/\/kapitalis.com\/tunisie\/"},{"@type":"ListItem","position":2,"name":"Ariana : Coupures d\u2019eau du lundi soir au mardi apr\u00e8s-midi"}]},{"@type":"WebSite","@id":"https:\/\/kapitalis.com\/tunisie\/#website","url":"https:\/\/kapitalis.com\/tunisie\/","name":"Kapitalis","description":"L&#039;actualit\u00e9 en Tunisie et dans le monde","publisher":{"@id":"https:\/\/kapitalis.com\/tunisie\/#organization"},"potentialAction":[{"@type":"SearchAction","target":{"@type":"EntryPoint","urlTemplate":"https:\/\/kapitalis.com\/tunisie\/?s={search_term_string}"},"query-input":{"@type":"PropertyValueSpecification","valueRequired":true,"valueName":"search_term_string"}}],"inLanguage":"fr-FR"},{"@type":"Organization","@id":"https:\/\/kapitalis.com\/tunisie\/#organization","name":"Kapitalis","url":"https:\/\/kapitalis.com\/tunisie\/","logo":{"@type":"ImageObject","inLanguage":"fr-FR","@id":"https:\/\/kapitalis.com\/tunisie\/#\/schema\/logo\/image\/","url":"https:\/\/kapitalis.com\/tunisie\/wp-content\/uploads\/2022\/05\/Kapitalis-big-size.png","contentUrl":"https:\/\/kapitalis.com\/tunisie\/wp-content\/uploads\/2022\/05\/Kapitalis-big-size.png","width":5000,"height":1500,"caption":"Kapitalis"},"image":{"@id":"https:\/\/kapitalis.com\/tunisie\/#\/schema\/logo\/image\/"},"sameAs":["https:\/\/www.facebook.com\/KapitalisInfo\/","https:\/\/x.com\/KapitalisInfo","https:\/\/www.youtube.com\/channel\/UC-yDYrHyfFBWWZaOw3FPg9Q"]},{"@type":"Person","@id":"https:\/\/kapitalis.com\/tunisie\/#\/schema\/person\/74bbde0154d49d790a92aaeac5bc01d5","name":"Yusra NY","url":"https:\/\/kapitalis.com\/tunisie\/author\/yuza_adam\/"}]}},"_links":{"self":[{"href":"https:\/\/kapitalis.com\/tunisie\/wp-json\/wp\/v2\/posts\/55534","targetHints":{"allow":["GET"]}}],"collection":[{"href":"https:\/\/kapitalis.com\/tunisie\/wp-json\/wp\/v2\/posts"}],"about":[{"href":"https:\/\/kapitalis.com\/tunisie\/wp-json\/wp\/v2\/types\/post"}],"author":[{"embeddable":true,"href":"https:\/\/kapitalis.com\/tunisie\/wp-json\/wp\/v2\/users\/6"}],"replies":[{"embeddable":true,"href":"https:\/\/kapitalis.com\/tunisie\/wp-json\/wp\/v2\/comments?post=55534"}],"version-history":[{"count":0,"href":"https:\/\/kapitalis.com\/tunisie\/wp-json\/wp\/v2\/posts\/55534\/revisions"}],"wp:attachment":[{"href":"https:\/\/kapitalis.com\/tunisie\/wp-json\/wp\/v2\/media?parent=55534"}],"wp:term":[{"taxonomy":"category","embeddable":true,"href":"https:\/\/kapitalis.com\/tunisie\/wp-json\/wp\/v2\/categories?post=55534"},{"taxonomy":"post_tag","embeddable":true,"href":"https:\/\/kapitalis.com\/tunisie\/wp-json\/wp\/v2\/tags?post=55534"}],"curies":[{"name":"wp","href":"https:\/\/api.w.org\/{rel}","templated":true}]}}