{"id":5555344,"date":"2022-12-08T12:29:15","date_gmt":"2022-12-08T11:29:15","guid":{"rendered":"https:\/\/kapitalis.com\/tunisie\/?p=5555344"},"modified":"2022-12-08T12:34:21","modified_gmt":"2022-12-08T11:34:21","slug":"neji-jalloul-le-pouvoir-et-lopposition-ont-echoue-les-tunisiens-ne-leur-font-plus-confiance","status":"publish","type":"post","link":"https:\/\/kapitalis.com\/tunisie\/2022\/12\/08\/neji-jalloul-le-pouvoir-et-lopposition-ont-echoue-les-tunisiens-ne-leur-font-plus-confiance\/","title":{"rendered":"Neji Jalloul : \u00abLe pouvoir et l\u2019opposition ont \u00e9chou\u00e9, les Tunisiens ne leur font plus confiance\u00bb"},"content":{"rendered":"\n<p><strong><em>Le chef du parti de la Coalition nationale tunisienne, Neji Jalloul, a d\u00e9clar\u00e9 que la sc\u00e8ne politique actuelle souffre d\u2019un pouvoir d\u00e9faillant et d\u2019une opposition qui l\u2019est encore davantage.<\/em><\/strong><\/p>\n\n\n\n<!--more-->\n\n\n\n<p>Intervenant aujourd&rsquo;hui, mercredi 7 d\u00e9cembre 2022, dans l\u2019\u00e9mission<a href=\"https:\/\/www.shemsfm.net\/ar\/%D8%A7%D9%84%D8%A3%D8%AE%D8%A8%D8%A7%D8%B1_%D8%B4%D9%85%D8%B3-%D8%A7%D9%84%D8%A7%D8%AE%D8%A8%D8%A7%D8%B1\/391683\/%D9%86%D8%A7%D8%AC%D9%8A-%D8%AC%D9%84-%D9%88%D9%84-%D8%A7%D9%84%D8%B3%D9%84%D8%B7%D8%A9-%D9%81%D8%A7%D8%B4%D9%84%D8%A9-%D9%88%D8%A7%D9%84%D9%85%D8%B9%D8%A7%D8%B1%D8%B6%D8%A9-%D8%A7%D9%81%D8%B4%D9%84-%D9%85%D9%86%D9%87%D8%A7-%D9%88%D8%A7%D9%84%D8%B4%D8%B9%D8%A8-%D9%82%D8%A7%D8%B7%D8%B9-%D8%A7%D9%84%D8%AC%D9%85%D9%8A%D8%B9\" target=\"_blank\" rel=\"noreferrer noopener\"> Studio Shems<\/a>, Neji Jaloul a imput\u00e9 l\u2019\u00e9chec de l\u2019opposition \u00e0 sa dispersion et son incapacit\u00e9 \u00e0 unifier ses rangs.<em> \u00abLe peuple tunisien boycotte aujourd\u2019hui tous les politiciens et se noie dans ses probl\u00e8mes quotidiens\u00bb<\/em>, a d\u00e9clar\u00e9 l\u2019ancien ministre de l\u2019Education, tout en mettant en garde contre ce qu\u2019il a appel\u00e9 <em>\u00able manque de confiance des Tunisiens dans les solutions collectives et son recours aux solutions individuelles, qui ont conduit \u00e0 des ph\u00e9nom\u00e8nes dangereux, notamment la migration irr\u00e9guli\u00e8re.\u00bb<\/em><\/p>\n\n\n\n<p>Neji Jalloul a par ailleurs soulign\u00e9 l\u2019importance du dialogue entre les diff\u00e9rentes parties pour trouver des solutions efficaces aux probl\u00e8mes des Tunisiens, plut\u00f4t que de se laisser occuper par les conflits politiques.<\/p>\n\n\n\n<p>Rappelons que le parti de la Coalition nationale tunisienne avait lanc\u00e9, le 13 novembre dernier, une <a href=\"https:\/\/kapitalis.com\/tunisie\/2022\/11\/14\/le-parti-coalition-nationale-veut-rassembler-lopposition\/\" target=\"_blank\" rel=\"noreferrer noopener\">initiative nationale<\/a> avec le soutien de l\u2019Union g\u00e9n\u00e9rale tunisienne du travail (UGTT), r\u00e9unissant partenaires sociaux, partis politiques, organisations et experts, pour \u00e9laborer un document d\u2019orientation visant \u00e0 faire face \u00e0 la crise politique, \u00e9conomique et sociale dans le pays. Cette initiative semble avoir fait un flop monumental d\u2019o\u00f9 la rage de Neji Jalloul contre les partis de l\u2019opposition. <em>\u00a0\u00a0<\/em> <\/p>\n\n\n\n<p class=\"has-text-align-right\"><strong>I. B.<\/strong><\/p>\n\n\n\n<figure class=\"wp-block-embed is-type-wp-embed is-provider-kapitalis wp-block-embed-kapitalis\"><div class=\"wp-block-embed__wrapper\">\n<blockquote class=\"wp-embedded-content\" data-secret=\"1h6gQZH93g\"><a href=\"https:\/\/kapitalis.com\/tunisie\/2022\/11\/14\/le-parti-coalition-nationale-veut-rassembler-lopposition\/\">Tunisie : le parti de la Coalition nationale veut rassembler l\u2019opposition \u00a0\u00a0\u00a0<\/a><\/blockquote><iframe loading=\"lazy\" class=\"wp-embedded-content\" sandbox=\"allow-scripts\" security=\"restricted\" style=\"position: absolute; clip: rect(1px, 1px, 1px, 1px);\" title=\"\u00ab\u00a0Tunisie : le parti de la Coalition nationale veut rassembler l\u2019opposition \u00a0\u00a0\u00a0\u00a0\u00bb &#8212; Kapitalis\" src=\"https:\/\/kapitalis.com\/tunisie\/2022\/11\/14\/le-parti-coalition-nationale-veut-rassembler-lopposition\/embed\/#?secret=kNz3uv4VdO#?secret=1h6gQZH93g\" data-secret=\"1h6gQZH93g\" width=\"600\" height=\"338\" frameborder=\"0\" marginwidth=\"0\" marginheight=\"0\" scrolling=\"no\"><\/iframe>\n<\/div><\/figure>\n","protected":false},"excerpt":{"rendered":"<p>Selon Neji Jalloul, la sc\u00e8ne politique actuelle en Tunisie souffre d\u2019un pouvoir d\u00e9faillant et d\u2019une opposition qui l\u2019est encore davantage.<\/p>\n","protected":false},"author":8,"featured_media":5555367,"comment_status":"open","ping_status":"open","sticky":false,"template":"","format":"standard","meta":{"footnotes":""},"categories":[997,2433],"tags":[3159,62643,936],"class_list":["post-5555344","post","type-post","status-publish","format-standard","has-post-thumbnail","hentry","category-politique","category-tunisie","tag-neji-jalloul","tag-tunisie","tag-ugtt"],"yoast_head":"<!-- This site is optimized with the Yoast SEO plugin v26.6 - https:\/\/yoast.com\/wordpress\/plugins\/seo\/ -->\n<title>Neji Jalloul : \u00abLe pouvoir et l\u2019opposition ont \u00e9chou\u00e9, les Tunisiens ne leur font plus confiance\u00bb - Kapitalis<\/title>\n<meta name=\"robots\" content=\"index, follow, max-snippet:-1, max-image-preview:large, max-video-preview:-1\" \/>\n<link rel=\"canonical\" href=\"https:\/\/kapitalis.com\/tunisie\/2022\/12\/08\/neji-jalloul-le-pouvoir-et-lopposition-ont-echoue-les-tunisiens-ne-leur-font-plus-confiance\/\" \/>\n<meta property=\"og:locale\" content=\"fr_FR\" \/>\n<meta property=\"og:type\" content=\"article\" \/>\n<meta property=\"og:title\" content=\"Neji Jalloul : \u00abLe pouvoir et l\u2019opposition ont \u00e9chou\u00e9, les Tunisiens ne leur font plus confiance\u00bb - Kapitalis\" \/>\n<meta property=\"og:description\" content=\"Selon Neji Jalloul, la sc\u00e8ne politique actuelle en Tunisie souffre d\u2019un pouvoir d\u00e9faillant et d\u2019une opposition qui l\u2019est encore davantage.\" \/>\n<meta property=\"og:url\" content=\"https:\/\/kapitalis.com\/tunisie\/2022\/12\/08\/neji-jalloul-le-pouvoir-et-lopposition-ont-echoue-les-tunisiens-ne-leur-font-plus-confiance\/\" \/>\n<meta property=\"og:site_name\" content=\"Kapitalis\" \/>\n<meta property=\"article:publisher\" content=\"https:\/\/www.facebook.com\/KapitalisInfo\/\" \/>\n<meta property=\"article:published_time\" content=\"2022-12-08T11:29:15+00:00\" \/>\n<meta property=\"article:modified_time\" content=\"2022-12-08T11:34:21+00:00\" \/>\n<meta property=\"og:image\" content=\"https:\/\/kapitalis.com\/tunisie\/wp-content\/uploads\/2022\/12\/Neji-Jalloul.jpg\" \/>\n\t<meta property=\"og:image:width\" content=\"1200\" \/>\n\t<meta property=\"og:image:height\" content=\"630\" \/>\n\t<meta property=\"og:image:type\" content=\"image\/jpeg\" \/>\n<meta name=\"author\" content=\"webmaster kapitalis\" \/>\n<meta name=\"twitter:card\" content=\"summary_large_image\" \/>\n<meta name=\"twitter:creator\" content=\"@KapitalisInfo\" \/>\n<meta name=\"twitter:site\" content=\"@KapitalisInfo\" \/>\n<meta name=\"twitter:label1\" content=\"\u00c9crit par\" \/>\n\t<meta name=\"twitter:data1\" content=\"webmaster kapitalis\" \/>\n\t<meta name=\"twitter:label2\" content=\"Dur\u00e9e de lecture estim\u00e9e\" \/>\n\t<meta name=\"twitter:data2\" content=\"2 minutes\" \/>\n<script type=\"application\/ld+json\" class=\"yoast-schema-graph\">{\"@context\":\"https:\/\/schema.org\",\"@graph\":[{\"@type\":\"Article\",\"@id\":\"https:\/\/kapitalis.com\/tunisie\/2022\/12\/08\/neji-jalloul-le-pouvoir-et-lopposition-ont-echoue-les-tunisiens-ne-leur-font-plus-confiance\/#article\",\"isPartOf\":{\"@id\":\"https:\/\/kapitalis.com\/tunisie\/2022\/12\/08\/neji-jalloul-le-pouvoir-et-lopposition-ont-echoue-les-tunisiens-ne-leur-font-plus-confiance\/\"},\"author\":{\"name\":\"webmaster kapitalis\",\"@id\":\"https:\/\/kapitalis.com\/tunisie\/#\/schema\/person\/d71f33a9ca44f7bad4698210b480c8e9\"},\"headline\":\"Neji Jalloul : \u00abLe pouvoir et l\u2019opposition ont \u00e9chou\u00e9, les Tunisiens ne leur font plus confiance\u00bb\",\"datePublished\":\"2022-12-08T11:29:15+00:00\",\"dateModified\":\"2022-12-08T11:34:21+00:00\",\"mainEntityOfPage\":{\"@id\":\"https:\/\/kapitalis.com\/tunisie\/2022\/12\/08\/neji-jalloul-le-pouvoir-et-lopposition-ont-echoue-les-tunisiens-ne-leur-font-plus-confiance\/\"},\"wordCount\":266,\"commentCount\":3,\"publisher\":{\"@id\":\"https:\/\/kapitalis.com\/tunisie\/#organization\"},\"image\":{\"@id\":\"https:\/\/kapitalis.com\/tunisie\/2022\/12\/08\/neji-jalloul-le-pouvoir-et-lopposition-ont-echoue-les-tunisiens-ne-leur-font-plus-confiance\/#primaryimage\"},\"thumbnailUrl\":\"https:\/\/kapitalis.com\/tunisie\/wp-content\/uploads\/2022\/12\/Neji-Jalloul.jpg\",\"keywords\":[\"Neji Jalloul\",\"Tunisie\",\"UGTT\"],\"articleSection\":[\"POLITIQUE\",\"Tunisie\"],\"inLanguage\":\"fr-FR\",\"potentialAction\":[{\"@type\":\"CommentAction\",\"name\":\"Comment\",\"target\":[\"https:\/\/kapitalis.com\/tunisie\/2022\/12\/08\/neji-jalloul-le-pouvoir-et-lopposition-ont-echoue-les-tunisiens-ne-leur-font-plus-confiance\/#respond\"]}]},{\"@type\":\"WebPage\",\"@id\":\"https:\/\/kapitalis.com\/tunisie\/2022\/12\/08\/neji-jalloul-le-pouvoir-et-lopposition-ont-echoue-les-tunisiens-ne-leur-font-plus-confiance\/\",\"url\":\"https:\/\/kapitalis.com\/tunisie\/2022\/12\/08\/neji-jalloul-le-pouvoir-et-lopposition-ont-echoue-les-tunisiens-ne-leur-font-plus-confiance\/\",\"name\":\"Neji Jalloul : \u00abLe pouvoir et l\u2019opposition ont \u00e9chou\u00e9, les Tunisiens ne leur font plus confiance\u00bb - Kapitalis\",\"isPartOf\":{\"@id\":\"https:\/\/kapitalis.com\/tunisie\/#website\"},\"primaryImageOfPage\":{\"@id\":\"https:\/\/kapitalis.com\/tunisie\/2022\/12\/08\/neji-jalloul-le-pouvoir-et-lopposition-ont-echoue-les-tunisiens-ne-leur-font-plus-confiance\/#primaryimage\"},\"image\":{\"@id\":\"https:\/\/kapitalis.com\/tunisie\/2022\/12\/08\/neji-jalloul-le-pouvoir-et-lopposition-ont-echoue-les-tunisiens-ne-leur-font-plus-confiance\/#primaryimage\"},\"thumbnailUrl\":\"https:\/\/kapitalis.com\/tunisie\/wp-content\/uploads\/2022\/12\/Neji-Jalloul.jpg\",\"datePublished\":\"2022-12-08T11:29:15+00:00\",\"dateModified\":\"2022-12-08T11:34:21+00:00\",\"breadcrumb\":{\"@id\":\"https:\/\/kapitalis.com\/tunisie\/2022\/12\/08\/neji-jalloul-le-pouvoir-et-lopposition-ont-echoue-les-tunisiens-ne-leur-font-plus-confiance\/#breadcrumb\"},\"inLanguage\":\"fr-FR\",\"potentialAction\":[{\"@type\":\"ReadAction\",\"target\":[\"https:\/\/kapitalis.com\/tunisie\/2022\/12\/08\/neji-jalloul-le-pouvoir-et-lopposition-ont-echoue-les-tunisiens-ne-leur-font-plus-confiance\/\"]}]},{\"@type\":\"ImageObject\",\"inLanguage\":\"fr-FR\",\"@id\":\"https:\/\/kapitalis.com\/tunisie\/2022\/12\/08\/neji-jalloul-le-pouvoir-et-lopposition-ont-echoue-les-tunisiens-ne-leur-font-plus-confiance\/#primaryimage\",\"url\":\"https:\/\/kapitalis.com\/tunisie\/wp-content\/uploads\/2022\/12\/Neji-Jalloul.jpg\",\"contentUrl\":\"https:\/\/kapitalis.com\/tunisie\/wp-content\/uploads\/2022\/12\/Neji-Jalloul.jpg\",\"width\":1200,\"height\":630},{\"@type\":\"BreadcrumbList\",\"@id\":\"https:\/\/kapitalis.com\/tunisie\/2022\/12\/08\/neji-jalloul-le-pouvoir-et-lopposition-ont-echoue-les-tunisiens-ne-leur-font-plus-confiance\/#breadcrumb\",\"itemListElement\":[{\"@type\":\"ListItem\",\"position\":1,\"name\":\"Accueil\",\"item\":\"https:\/\/kapitalis.com\/tunisie\/\"},{\"@type\":\"ListItem\",\"position\":2,\"name\":\"Neji Jalloul : \u00abLe pouvoir et l\u2019opposition ont \u00e9chou\u00e9, les Tunisiens ne leur font plus confiance\u00bb\"}]},{\"@type\":\"WebSite\",\"@id\":\"https:\/\/kapitalis.com\/tunisie\/#website\",\"url\":\"https:\/\/kapitalis.com\/tunisie\/\",\"name\":\"Kapitalis\",\"description\":\"L&#039;actualit\u00e9 en Tunisie et dans le monde\",\"publisher\":{\"@id\":\"https:\/\/kapitalis.com\/tunisie\/#organization\"},\"potentialAction\":[{\"@type\":\"SearchAction\",\"target\":{\"@type\":\"EntryPoint\",\"urlTemplate\":\"https:\/\/kapitalis.com\/tunisie\/?s={search_term_string}\"},\"query-input\":{\"@type\":\"PropertyValueSpecification\",\"valueRequired\":true,\"valueName\":\"search_term_string\"}}],\"inLanguage\":\"fr-FR\"},{\"@type\":\"Organization\",\"@id\":\"https:\/\/kapitalis.com\/tunisie\/#organization\",\"name\":\"Kapitalis\",\"url\":\"https:\/\/kapitalis.com\/tunisie\/\",\"logo\":{\"@type\":\"ImageObject\",\"inLanguage\":\"fr-FR\",\"@id\":\"https:\/\/kapitalis.com\/tunisie\/#\/schema\/logo\/image\/\",\"url\":\"https:\/\/kapitalis.com\/tunisie\/wp-content\/uploads\/2022\/05\/Kapitalis-big-size.png\",\"contentUrl\":\"https:\/\/kapitalis.com\/tunisie\/wp-content\/uploads\/2022\/05\/Kapitalis-big-size.png\",\"width\":5000,\"height\":1500,\"caption\":\"Kapitalis\"},\"image\":{\"@id\":\"https:\/\/kapitalis.com\/tunisie\/#\/schema\/logo\/image\/\"},\"sameAs\":[\"https:\/\/www.facebook.com\/KapitalisInfo\/\",\"https:\/\/x.com\/KapitalisInfo\",\"https:\/\/www.youtube.com\/channel\/UC-yDYrHyfFBWWZaOw3FPg9Q\"]},{\"@type\":\"Person\",\"@id\":\"https:\/\/kapitalis.com\/tunisie\/#\/schema\/person\/d71f33a9ca44f7bad4698210b480c8e9\",\"name\":\"webmaster kapitalis\",\"url\":\"https:\/\/kapitalis.com\/tunisie\/author\/webmaster-kapitalis\/\"}]}<\/script>\n<!-- \/ Yoast SEO plugin. -->","yoast_head_json":{"title":"Neji Jalloul : \u00abLe pouvoir et l\u2019opposition ont \u00e9chou\u00e9, les Tunisiens ne leur font plus confiance\u00bb - Kapitalis","robots":{"index":"index","follow":"follow","max-snippet":"max-snippet:-1","max-image-preview":"max-image-preview:large","max-video-preview":"max-video-preview:-1"},"canonical":"https:\/\/kapitalis.com\/tunisie\/2022\/12\/08\/neji-jalloul-le-pouvoir-et-lopposition-ont-echoue-les-tunisiens-ne-leur-font-plus-confiance\/","og_locale":"fr_FR","og_type":"article","og_title":"Neji Jalloul : \u00abLe pouvoir et l\u2019opposition ont \u00e9chou\u00e9, les Tunisiens ne leur font plus confiance\u00bb - Kapitalis","og_description":"Selon Neji Jalloul, la sc\u00e8ne politique actuelle en Tunisie souffre d\u2019un pouvoir d\u00e9faillant et d\u2019une opposition qui l\u2019est encore davantage.","og_url":"https:\/\/kapitalis.com\/tunisie\/2022\/12\/08\/neji-jalloul-le-pouvoir-et-lopposition-ont-echoue-les-tunisiens-ne-leur-font-plus-confiance\/","og_site_name":"Kapitalis","article_publisher":"https:\/\/www.facebook.com\/KapitalisInfo\/","article_published_time":"2022-12-08T11:29:15+00:00","article_modified_time":"2022-12-08T11:34:21+00:00","og_image":[{"width":1200,"height":630,"url":"https:\/\/kapitalis.com\/tunisie\/wp-content\/uploads\/2022\/12\/Neji-Jalloul.jpg","type":"image\/jpeg"}],"author":"webmaster kapitalis","twitter_card":"summary_large_image","twitter_creator":"@KapitalisInfo","twitter_site":"@KapitalisInfo","twitter_misc":{"\u00c9crit par":"webmaster kapitalis","Dur\u00e9e de lecture estim\u00e9e":"2 minutes"},"schema":{"@context":"https:\/\/schema.org","@graph":[{"@type":"Article","@id":"https:\/\/kapitalis.com\/tunisie\/2022\/12\/08\/neji-jalloul-le-pouvoir-et-lopposition-ont-echoue-les-tunisiens-ne-leur-font-plus-confiance\/#article","isPartOf":{"@id":"https:\/\/kapitalis.com\/tunisie\/2022\/12\/08\/neji-jalloul-le-pouvoir-et-lopposition-ont-echoue-les-tunisiens-ne-leur-font-plus-confiance\/"},"author":{"name":"webmaster kapitalis","@id":"https:\/\/kapitalis.com\/tunisie\/#\/schema\/person\/d71f33a9ca44f7bad4698210b480c8e9"},"headline":"Neji Jalloul : \u00abLe pouvoir et l\u2019opposition ont \u00e9chou\u00e9, les Tunisiens ne leur font plus confiance\u00bb","datePublished":"2022-12-08T11:29:15+00:00","dateModified":"2022-12-08T11:34:21+00:00","mainEntityOfPage":{"@id":"https:\/\/kapitalis.com\/tunisie\/2022\/12\/08\/neji-jalloul-le-pouvoir-et-lopposition-ont-echoue-les-tunisiens-ne-leur-font-plus-confiance\/"},"wordCount":266,"commentCount":3,"publisher":{"@id":"https:\/\/kapitalis.com\/tunisie\/#organization"},"image":{"@id":"https:\/\/kapitalis.com\/tunisie\/2022\/12\/08\/neji-jalloul-le-pouvoir-et-lopposition-ont-echoue-les-tunisiens-ne-leur-font-plus-confiance\/#primaryimage"},"thumbnailUrl":"https:\/\/kapitalis.com\/tunisie\/wp-content\/uploads\/2022\/12\/Neji-Jalloul.jpg","keywords":["Neji Jalloul","Tunisie","UGTT"],"articleSection":["POLITIQUE","Tunisie"],"inLanguage":"fr-FR","potentialAction":[{"@type":"CommentAction","name":"Comment","target":["https:\/\/kapitalis.com\/tunisie\/2022\/12\/08\/neji-jalloul-le-pouvoir-et-lopposition-ont-echoue-les-tunisiens-ne-leur-font-plus-confiance\/#respond"]}]},{"@type":"WebPage","@id":"https:\/\/kapitalis.com\/tunisie\/2022\/12\/08\/neji-jalloul-le-pouvoir-et-lopposition-ont-echoue-les-tunisiens-ne-leur-font-plus-confiance\/","url":"https:\/\/kapitalis.com\/tunisie\/2022\/12\/08\/neji-jalloul-le-pouvoir-et-lopposition-ont-echoue-les-tunisiens-ne-leur-font-plus-confiance\/","name":"Neji Jalloul : \u00abLe pouvoir et l\u2019opposition ont \u00e9chou\u00e9, les Tunisiens ne leur font plus confiance\u00bb - Kapitalis","isPartOf":{"@id":"https:\/\/kapitalis.com\/tunisie\/#website"},"primaryImageOfPage":{"@id":"https:\/\/kapitalis.com\/tunisie\/2022\/12\/08\/neji-jalloul-le-pouvoir-et-lopposition-ont-echoue-les-tunisiens-ne-leur-font-plus-confiance\/#primaryimage"},"image":{"@id":"https:\/\/kapitalis.com\/tunisie\/2022\/12\/08\/neji-jalloul-le-pouvoir-et-lopposition-ont-echoue-les-tunisiens-ne-leur-font-plus-confiance\/#primaryimage"},"thumbnailUrl":"https:\/\/kapitalis.com\/tunisie\/wp-content\/uploads\/2022\/12\/Neji-Jalloul.jpg","datePublished":"2022-12-08T11:29:15+00:00","dateModified":"2022-12-08T11:34:21+00:00","breadcrumb":{"@id":"https:\/\/kapitalis.com\/tunisie\/2022\/12\/08\/neji-jalloul-le-pouvoir-et-lopposition-ont-echoue-les-tunisiens-ne-leur-font-plus-confiance\/#breadcrumb"},"inLanguage":"fr-FR","potentialAction":[{"@type":"ReadAction","target":["https:\/\/kapitalis.com\/tunisie\/2022\/12\/08\/neji-jalloul-le-pouvoir-et-lopposition-ont-echoue-les-tunisiens-ne-leur-font-plus-confiance\/"]}]},{"@type":"ImageObject","inLanguage":"fr-FR","@id":"https:\/\/kapitalis.com\/tunisie\/2022\/12\/08\/neji-jalloul-le-pouvoir-et-lopposition-ont-echoue-les-tunisiens-ne-leur-font-plus-confiance\/#primaryimage","url":"https:\/\/kapitalis.com\/tunisie\/wp-content\/uploads\/2022\/12\/Neji-Jalloul.jpg","contentUrl":"https:\/\/kapitalis.com\/tunisie\/wp-content\/uploads\/2022\/12\/Neji-Jalloul.jpg","width":1200,"height":630},{"@type":"BreadcrumbList","@id":"https:\/\/kapitalis.com\/tunisie\/2022\/12\/08\/neji-jalloul-le-pouvoir-et-lopposition-ont-echoue-les-tunisiens-ne-leur-font-plus-confiance\/#breadcrumb","itemListElement":[{"@type":"ListItem","position":1,"name":"Accueil","item":"https:\/\/kapitalis.com\/tunisie\/"},{"@type":"ListItem","position":2,"name":"Neji Jalloul : \u00abLe pouvoir et l\u2019opposition ont \u00e9chou\u00e9, les Tunisiens ne leur font plus confiance\u00bb"}]},{"@type":"WebSite","@id":"https:\/\/kapitalis.com\/tunisie\/#website","url":"https:\/\/kapitalis.com\/tunisie\/","name":"Kapitalis","description":"L&#039;actualit\u00e9 en Tunisie et dans le monde","publisher":{"@id":"https:\/\/kapitalis.com\/tunisie\/#organization"},"potentialAction":[{"@type":"SearchAction","target":{"@type":"EntryPoint","urlTemplate":"https:\/\/kapitalis.com\/tunisie\/?s={search_term_string}"},"query-input":{"@type":"PropertyValueSpecification","valueRequired":true,"valueName":"search_term_string"}}],"inLanguage":"fr-FR"},{"@type":"Organization","@id":"https:\/\/kapitalis.com\/tunisie\/#organization","name":"Kapitalis","url":"https:\/\/kapitalis.com\/tunisie\/","logo":{"@type":"ImageObject","inLanguage":"fr-FR","@id":"https:\/\/kapitalis.com\/tunisie\/#\/schema\/logo\/image\/","url":"https:\/\/kapitalis.com\/tunisie\/wp-content\/uploads\/2022\/05\/Kapitalis-big-size.png","contentUrl":"https:\/\/kapitalis.com\/tunisie\/wp-content\/uploads\/2022\/05\/Kapitalis-big-size.png","width":5000,"height":1500,"caption":"Kapitalis"},"image":{"@id":"https:\/\/kapitalis.com\/tunisie\/#\/schema\/logo\/image\/"},"sameAs":["https:\/\/www.facebook.com\/KapitalisInfo\/","https:\/\/x.com\/KapitalisInfo","https:\/\/www.youtube.com\/channel\/UC-yDYrHyfFBWWZaOw3FPg9Q"]},{"@type":"Person","@id":"https:\/\/kapitalis.com\/tunisie\/#\/schema\/person\/d71f33a9ca44f7bad4698210b480c8e9","name":"webmaster kapitalis","url":"https:\/\/kapitalis.com\/tunisie\/author\/webmaster-kapitalis\/"}]}},"_links":{"self":[{"href":"https:\/\/kapitalis.com\/tunisie\/wp-json\/wp\/v2\/posts\/5555344","targetHints":{"allow":["GET"]}}],"collection":[{"href":"https:\/\/kapitalis.com\/tunisie\/wp-json\/wp\/v2\/posts"}],"about":[{"href":"https:\/\/kapitalis.com\/tunisie\/wp-json\/wp\/v2\/types\/post"}],"author":[{"embeddable":true,"href":"https:\/\/kapitalis.com\/tunisie\/wp-json\/wp\/v2\/users\/8"}],"replies":[{"embeddable":true,"href":"https:\/\/kapitalis.com\/tunisie\/wp-json\/wp\/v2\/comments?post=5555344"}],"version-history":[{"count":3,"href":"https:\/\/kapitalis.com\/tunisie\/wp-json\/wp\/v2\/posts\/5555344\/revisions"}],"predecessor-version":[{"id":5555435,"href":"https:\/\/kapitalis.com\/tunisie\/wp-json\/wp\/v2\/posts\/5555344\/revisions\/5555435"}],"wp:featuredmedia":[{"embeddable":true,"href":"https:\/\/kapitalis.com\/tunisie\/wp-json\/wp\/v2\/media\/5555367"}],"wp:attachment":[{"href":"https:\/\/kapitalis.com\/tunisie\/wp-json\/wp\/v2\/media?parent=5555344"}],"wp:term":[{"taxonomy":"category","embeddable":true,"href":"https:\/\/kapitalis.com\/tunisie\/wp-json\/wp\/v2\/categories?post=5555344"},{"taxonomy":"post_tag","embeddable":true,"href":"https:\/\/kapitalis.com\/tunisie\/wp-json\/wp\/v2\/tags?post=5555344"}],"curies":[{"name":"wp","href":"https:\/\/api.w.org\/{rel}","templated":true}]}}