{"id":555917,"date":"2022-05-12T17:06:28","date_gmt":"2022-05-12T15:06:28","guid":{"rendered":"https:\/\/kapitalis.com\/tunisie\/?p=555917"},"modified":"2022-05-12T17:06:30","modified_gmt":"2022-05-12T15:06:30","slug":"gabes-cinema-fen-2022-retour-sur-une-edition-placee-sous-le-signe-des-retrouvailles-et-de-la-festivite","status":"publish","type":"post","link":"https:\/\/kapitalis.com\/tunisie\/2022\/05\/12\/gabes-cinema-fen-2022-retour-sur-une-edition-placee-sous-le-signe-des-retrouvailles-et-de-la-festivite\/","title":{"rendered":"Gab\u00e8s Cin\u00e9ma Fen 2022\u00a0: Retour sur une \u00e9dition plac\u00e9e sous le signe des retrouvailles et de la festivit\u00e9"},"content":{"rendered":"\n<p><strong><em>La 4<sup>e<\/sup> \u00e9dition du Festival Gab\u00e8s Cin\u00e9ma Fen sera cl\u00f4tur\u00e9e ce soir apr\u00e8s une semaine riche en rencontres et en d\u00e9bats autour du 7<sup>e<\/sup> art en pr\u00e9sence d\u2019invit\u00e9s de marque. Les grands festivals de cin\u00e9ma ne se tiennent plus uniquement \u00e0 la capitale, Gab\u00e8s Cin\u00e9ma Fen en est la preuve.<\/em><\/strong><\/p>\n\n\n\n<!--more-->\n\n\n\n<p>Depuis son lancement en 2019, le festival Gab\u00e8s Cin\u00e9ma Fen s\u2019est vite impos\u00e9 comme l\u2019un des grands rendez-vous cin\u00e9matographiques en Tunisie, r\u00e9unissant \u00e0 chaque \u00e9dition des stars du cin\u00e9ma tunisien, arabe et mondial, des cin\u00e9astes engag\u00e9s et un public assoiff\u00e9 de culture.<\/p>\n\n\n\n<p>Malgr\u00e9 la pand\u00e9mie du Coronavirus (Covid-19) qui avait mis le monde de l\u2019art et de la culture en arr\u00eat en 2020, le festival n\u2019a manqu\u00e9 \u00e0 aucune de ses \u00e9ditions en s\u2019adaptant avec la situation sanitaire compliqu\u00e9e gr\u00e2ce au format num\u00e9rique.<\/p>\n\n\n\n<div class=\"wp-block-columns is-layout-flex wp-container-core-columns-is-layout-9d6595d7 wp-block-columns-is-layout-flex\">\n<div class=\"wp-block-column is-layout-flow wp-block-column-is-layout-flow\">\n<figure class=\"wp-block-image size-large\"><img loading=\"lazy\" decoding=\"async\" width=\"1024\" height=\"538\" src=\"https:\/\/kapitalis.com\/tunisie\/wp-content\/uploads\/2022\/05\/Gabes-Cinema-1024x538.jpg\" alt=\"\" class=\"wp-image-557364\" srcset=\"https:\/\/kapitalis.com\/tunisie\/wp-content\/uploads\/2022\/05\/Gabes-Cinema-1024x538.jpg 1024w, https:\/\/kapitalis.com\/tunisie\/wp-content\/uploads\/2022\/05\/Gabes-Cinema-300x158.jpg 300w, https:\/\/kapitalis.com\/tunisie\/wp-content\/uploads\/2022\/05\/Gabes-Cinema-768x403.jpg 768w, https:\/\/kapitalis.com\/tunisie\/wp-content\/uploads\/2022\/05\/Gabes-Cinema-580x305.jpg 580w, https:\/\/kapitalis.com\/tunisie\/wp-content\/uploads\/2022\/05\/Gabes-Cinema-860x452.jpg 860w, https:\/\/kapitalis.com\/tunisie\/wp-content\/uploads\/2022\/05\/Gabes-Cinema-1160x609.jpg 1160w, https:\/\/kapitalis.com\/tunisie\/wp-content\/uploads\/2022\/05\/Gabes-Cinema.jpg 1200w\" sizes=\"auto, (max-width: 1024px) 100vw, 1024px\" \/><\/figure>\n<\/div>\n\n\n\n<div class=\"wp-block-column is-layout-flow wp-block-column-is-layout-flow\">\n<figure class=\"wp-block-image size-large\"><img loading=\"lazy\" decoding=\"async\" width=\"1024\" height=\"538\" src=\"https:\/\/kapitalis.com\/tunisie\/wp-content\/uploads\/2022\/05\/Gabes-Cinema-Fen-2022..-1024x538.jpg\" alt=\"\" class=\"wp-image-557345\" srcset=\"https:\/\/kapitalis.com\/tunisie\/wp-content\/uploads\/2022\/05\/Gabes-Cinema-Fen-2022..-1024x538.jpg 1024w, https:\/\/kapitalis.com\/tunisie\/wp-content\/uploads\/2022\/05\/Gabes-Cinema-Fen-2022..-300x158.jpg 300w, https:\/\/kapitalis.com\/tunisie\/wp-content\/uploads\/2022\/05\/Gabes-Cinema-Fen-2022..-768x403.jpg 768w, https:\/\/kapitalis.com\/tunisie\/wp-content\/uploads\/2022\/05\/Gabes-Cinema-Fen-2022..-580x305.jpg 580w, https:\/\/kapitalis.com\/tunisie\/wp-content\/uploads\/2022\/05\/Gabes-Cinema-Fen-2022..-860x452.jpg 860w, https:\/\/kapitalis.com\/tunisie\/wp-content\/uploads\/2022\/05\/Gabes-Cinema-Fen-2022..-1160x609.jpg 1160w, https:\/\/kapitalis.com\/tunisie\/wp-content\/uploads\/2022\/05\/Gabes-Cinema-Fen-2022...jpg 1200w\" sizes=\"auto, (max-width: 1024px) 100vw, 1024px\" \/><\/figure>\n<\/div>\n<\/div>\n\n\n\n<p>Deux ans apr\u00e8s, le festival marque son grand retour en pr\u00e9sence du public. la 4<sup>e<\/sup> \u00e9dition a en effet \u00e9t\u00e9 plac\u00e9e sous le signe des retrouvailles et de la festivit\u00e9 avec le r\u00e9ouverture des salles de cin\u00e9ma et la participation des artistes qui ont r\u00e9pondu pr\u00e9sent cette ann\u00e9e.<\/p>\n\n\n\n<p>Le comit\u00e9 directeur a concoct\u00e9 cette ann\u00e9e un programme de taille avec l\u2019habituelle comp\u00e9tition officielle et les diff\u00e9rentes sections parall\u00e8les. Plusieurs films ont \u00e9t\u00e9 pr\u00e9sent\u00e9s en premi\u00e8re tunisienne et plusieurs cin\u00e9astes et acteurs \u00e9taient pr\u00e9sents sur place pour pr\u00e9senter leurs films et en d\u00e9battre avec le public comme la star tunisienne Dhafer El Abidine dont le premier film \u00ab\u00a0<em>Ghodwa\u00a0<\/em>\u00bb a \u00e9t\u00e9 projet\u00e9 \u00e0 guichet ferm\u00e9.<\/p>\n\n\n\n<p>La marraine du festival Hend Sabri \u00e9tait \u00e9galement pr\u00e9sente et a particip\u00e9 \u00e0 une table ronde autour de l\u2019art et des femmes entrepreneures. Les tables rondes, les rencontres, les ateliers et les master-classes ont \u00e9t\u00e9 des moments forts de cette \u00e9dition en plus des projections de films.<\/p>\n\n\n\n<div class=\"wp-block-columns is-layout-flex wp-container-core-columns-is-layout-9d6595d7 wp-block-columns-is-layout-flex\">\n<div class=\"wp-block-column is-layout-flow wp-block-column-is-layout-flow\">\n<figure class=\"wp-block-image size-large\"><img loading=\"lazy\" decoding=\"async\" width=\"1024\" height=\"538\" src=\"https:\/\/kapitalis.com\/tunisie\/wp-content\/uploads\/2022\/05\/Gabes-Cinema-Fen-2022....-1024x538.jpg\" alt=\"\" class=\"wp-image-557392\" srcset=\"https:\/\/kapitalis.com\/tunisie\/wp-content\/uploads\/2022\/05\/Gabes-Cinema-Fen-2022....-1024x538.jpg 1024w, https:\/\/kapitalis.com\/tunisie\/wp-content\/uploads\/2022\/05\/Gabes-Cinema-Fen-2022....-300x158.jpg 300w, https:\/\/kapitalis.com\/tunisie\/wp-content\/uploads\/2022\/05\/Gabes-Cinema-Fen-2022....-768x403.jpg 768w, https:\/\/kapitalis.com\/tunisie\/wp-content\/uploads\/2022\/05\/Gabes-Cinema-Fen-2022....-580x305.jpg 580w, https:\/\/kapitalis.com\/tunisie\/wp-content\/uploads\/2022\/05\/Gabes-Cinema-Fen-2022....-860x452.jpg 860w, https:\/\/kapitalis.com\/tunisie\/wp-content\/uploads\/2022\/05\/Gabes-Cinema-Fen-2022....-1160x609.jpg 1160w, https:\/\/kapitalis.com\/tunisie\/wp-content\/uploads\/2022\/05\/Gabes-Cinema-Fen-2022.....jpg 1200w\" sizes=\"auto, (max-width: 1024px) 100vw, 1024px\" \/><\/figure>\n<\/div>\n\n\n\n<div class=\"wp-block-column is-layout-flow wp-block-column-is-layout-flow\">\n<figure class=\"wp-block-image size-large\"><img loading=\"lazy\" decoding=\"async\" width=\"1024\" height=\"538\" src=\"https:\/\/kapitalis.com\/tunisie\/wp-content\/uploads\/2022\/05\/Gabes-Cinema.-1024x538.jpg\" alt=\"\" class=\"wp-image-557411\" srcset=\"https:\/\/kapitalis.com\/tunisie\/wp-content\/uploads\/2022\/05\/Gabes-Cinema.-1024x538.jpg 1024w, https:\/\/kapitalis.com\/tunisie\/wp-content\/uploads\/2022\/05\/Gabes-Cinema.-300x158.jpg 300w, https:\/\/kapitalis.com\/tunisie\/wp-content\/uploads\/2022\/05\/Gabes-Cinema.-768x403.jpg 768w, https:\/\/kapitalis.com\/tunisie\/wp-content\/uploads\/2022\/05\/Gabes-Cinema.-580x305.jpg 580w, https:\/\/kapitalis.com\/tunisie\/wp-content\/uploads\/2022\/05\/Gabes-Cinema.-860x452.jpg 860w, https:\/\/kapitalis.com\/tunisie\/wp-content\/uploads\/2022\/05\/Gabes-Cinema.-1160x609.jpg 1160w, https:\/\/kapitalis.com\/tunisie\/wp-content\/uploads\/2022\/05\/Gabes-Cinema..jpg 1200w\" sizes=\"auto, (max-width: 1024px) 100vw, 1024px\" \/><\/figure>\n<\/div>\n<\/div>\n\n\n\n<p>Se voulant ouvert sur les autres expressions artistiques, le festival a programm\u00e9 cette ann\u00e9e une exposition sur l\u2019histoire du Football \u00e0 Gab\u00e8s, l\u2019atelier El K qui a accompagn\u00e9 les enfants dans la cr\u00e9ation de leurs propres films \u00e0 partir d\u2019archives familiales, mais \u00e9galement le programme \u00ab&nbsp;K Off&nbsp;\u00bb d\u00e9di\u00e9 \u00e0 l\u2019art vid\u00e9o ayant permis \u00e0 dix jeunes artistes tunisiens de pr\u00e9senter leurs installations vid\u00e9o. \u00ab&nbsp;Cette section prend comme point d\u2019ancrage ces artistes, leur pratique individuelle et consid\u00e8re l\u2019\u00e9mergence d\u2019une sc\u00e8ne artistique o\u00f9 la r\u00e9alit\u00e9 et l\u2019exp\u00e9rience&nbsp; de chacun constitue une source d\u2019inspiration. (\u2026) Gab\u00e8s est une ville qui a besoin d\u2019engagement et de nouvelle perspectives&nbsp;\u00bb, indique la curatrice de la section K Off Kenza Jemmali.<\/p>\n\n\n\n<p>La section El Kazma a \u00e9galement constitu\u00e9 l\u2019un des moments forts de cette \u00e9dition o\u00f9 il a \u00e9t\u00e9 question de traiter les usages politiques de l\u2019image \u00e0 travers des films du Moyen-Orient qui abordaient des questions politiques, environnementales, et historiques. Le terrorisme, la propagande politique, la photo comme instrument de n\u00e9o-colonialisme, l\u2019identit\u00e9 entre l\u2019individuel et le collectif \u00e9taient des sujets parmi d\u2019autres trait\u00e9s dans ce programme.<\/p>\n\n\n\n<div class=\"wp-block-columns is-layout-flex wp-container-core-columns-is-layout-9d6595d7 wp-block-columns-is-layout-flex\">\n<div class=\"wp-block-column is-layout-flow wp-block-column-is-layout-flow\">\n<figure class=\"wp-block-image size-large\"><img loading=\"lazy\" decoding=\"async\" width=\"1024\" height=\"538\" src=\"https:\/\/kapitalis.com\/tunisie\/wp-content\/uploads\/2022\/05\/Gabes-Cinema-2022-1024x538.jpg\" alt=\"\" class=\"wp-image-557614\" srcset=\"https:\/\/kapitalis.com\/tunisie\/wp-content\/uploads\/2022\/05\/Gabes-Cinema-2022-1024x538.jpg 1024w, https:\/\/kapitalis.com\/tunisie\/wp-content\/uploads\/2022\/05\/Gabes-Cinema-2022-300x158.jpg 300w, https:\/\/kapitalis.com\/tunisie\/wp-content\/uploads\/2022\/05\/Gabes-Cinema-2022-768x403.jpg 768w, https:\/\/kapitalis.com\/tunisie\/wp-content\/uploads\/2022\/05\/Gabes-Cinema-2022-580x305.jpg 580w, https:\/\/kapitalis.com\/tunisie\/wp-content\/uploads\/2022\/05\/Gabes-Cinema-2022-860x452.jpg 860w, https:\/\/kapitalis.com\/tunisie\/wp-content\/uploads\/2022\/05\/Gabes-Cinema-2022-1160x609.jpg 1160w, https:\/\/kapitalis.com\/tunisie\/wp-content\/uploads\/2022\/05\/Gabes-Cinema-2022.jpg 1200w\" sizes=\"auto, (max-width: 1024px) 100vw, 1024px\" \/><\/figure>\n<\/div>\n\n\n\n<div class=\"wp-block-column is-layout-flow wp-block-column-is-layout-flow\">\n<figure class=\"wp-block-image size-large\"><img loading=\"lazy\" decoding=\"async\" width=\"1024\" height=\"538\" src=\"https:\/\/kapitalis.com\/tunisie\/wp-content\/uploads\/2022\/05\/Gabes-Cinema-2022..-1024x538.jpg\" alt=\"\" class=\"wp-image-557626\" srcset=\"https:\/\/kapitalis.com\/tunisie\/wp-content\/uploads\/2022\/05\/Gabes-Cinema-2022..-1024x538.jpg 1024w, https:\/\/kapitalis.com\/tunisie\/wp-content\/uploads\/2022\/05\/Gabes-Cinema-2022..-300x158.jpg 300w, https:\/\/kapitalis.com\/tunisie\/wp-content\/uploads\/2022\/05\/Gabes-Cinema-2022..-768x403.jpg 768w, https:\/\/kapitalis.com\/tunisie\/wp-content\/uploads\/2022\/05\/Gabes-Cinema-2022..-580x305.jpg 580w, https:\/\/kapitalis.com\/tunisie\/wp-content\/uploads\/2022\/05\/Gabes-Cinema-2022..-860x452.jpg 860w, https:\/\/kapitalis.com\/tunisie\/wp-content\/uploads\/2022\/05\/Gabes-Cinema-2022..-1160x609.jpg 1160w, https:\/\/kapitalis.com\/tunisie\/wp-content\/uploads\/2022\/05\/Gabes-Cinema-2022...jpg 1200w\" sizes=\"auto, (max-width: 1024px) 100vw, 1024px\" \/><\/figure>\n<\/div>\n<\/div>\n\n\n\n<p>La musique \u00e9tait aussi au rendez-vous cette ann\u00e9e avec le musicien Nuri et son univers musical africain con\u00e7u comme un voyage sonore et u hommage \u00e0 l\u2019h\u00e9ritage africain de la Tunisie entre instruments traditionnels et sons \u00e9lectroniques.<\/p>\n\n\n\n<p>La soir\u00e9e de cl\u00f4ture est pr\u00e9vue pour ce soir \u00e0 partir de 19h et sera diffus\u00e9e en direct sur la cha\u00eene nationale Al Wataniya. Le palamar\u00e8s de la 4<sup>e<\/sup> \u00e9dition y sera annonc\u00e9.<\/p>\n\n\n\n<p class=\"has-text-align-right\"><strong>F.B<\/strong><\/p>\n","protected":false},"excerpt":{"rendered":"<p>La 4e \u00e9dition du Festival Gab\u00e8s Cin\u00e9ma Fen sera cl\u00f4tur\u00e9e ce soir apr\u00e8s une semaine riche en rencontres et en d\u00e9bats autour du 7e art en pr\u00e9sence d\u2019invit\u00e9s de marque. Les grands festivals de cin\u00e9ma ne se tiennent plus uniquement \u00e0 la capitale, Gab\u00e8s Cin\u00e9ma Fen en est la preuve.<\/p>\n","protected":false},"author":26,"featured_media":557240,"comment_status":"open","ping_status":"open","sticky":false,"template":"","format":"standard","meta":{"footnotes":""},"categories":[992,994,2433],"tags":[406,99597,5529,62643],"class_list":["post-555917","post","type-post","status-publish","format-standard","has-post-thumbnail","hentry","category-a-la-une","category-culture","category-tunisie","tag-gabes","tag-gabes-cinema-fen-2022-2","tag-hend-sabri","tag-tunisie"],"yoast_head":"<!-- This site is optimized with the Yoast SEO plugin v26.6 - https:\/\/yoast.com\/wordpress\/plugins\/seo\/ -->\n<title>Gab\u00e8s Cin\u00e9ma Fen 2022\u00a0: Retour sur une \u00e9dition plac\u00e9e sous le signe des retrouvailles et de la festivit\u00e9 - Kapitalis<\/title>\n<meta name=\"robots\" content=\"index, follow, max-snippet:-1, max-image-preview:large, max-video-preview:-1\" \/>\n<link rel=\"canonical\" href=\"https:\/\/kapitalis.com\/tunisie\/2022\/05\/12\/gabes-cinema-fen-2022-retour-sur-une-edition-placee-sous-le-signe-des-retrouvailles-et-de-la-festivite\/\" \/>\n<meta property=\"og:locale\" content=\"fr_FR\" \/>\n<meta property=\"og:type\" content=\"article\" \/>\n<meta property=\"og:title\" content=\"Gab\u00e8s Cin\u00e9ma Fen 2022\u00a0: Retour sur une \u00e9dition plac\u00e9e sous le signe des retrouvailles et de la festivit\u00e9 - Kapitalis\" \/>\n<meta property=\"og:description\" content=\"La 4e \u00e9dition du Festival Gab\u00e8s Cin\u00e9ma Fen sera cl\u00f4tur\u00e9e ce soir apr\u00e8s une semaine riche en rencontres et en d\u00e9bats autour du 7e art en pr\u00e9sence d\u2019invit\u00e9s de marque. Les grands festivals de cin\u00e9ma ne se tiennent plus uniquement \u00e0 la capitale, Gab\u00e8s Cin\u00e9ma Fen en est la preuve.\" \/>\n<meta property=\"og:url\" content=\"https:\/\/kapitalis.com\/tunisie\/2022\/05\/12\/gabes-cinema-fen-2022-retour-sur-une-edition-placee-sous-le-signe-des-retrouvailles-et-de-la-festivite\/\" \/>\n<meta property=\"og:site_name\" content=\"Kapitalis\" \/>\n<meta property=\"article:publisher\" content=\"https:\/\/www.facebook.com\/KapitalisInfo\/\" \/>\n<meta property=\"article:published_time\" content=\"2022-05-12T15:06:28+00:00\" \/>\n<meta property=\"article:modified_time\" content=\"2022-05-12T15:06:30+00:00\" \/>\n<meta property=\"og:image\" content=\"https:\/\/kapitalis.com\/tunisie\/wp-content\/uploads\/2022\/05\/Gabes-Cinema-Fen-2022.jpg\" \/>\n\t<meta property=\"og:image:width\" content=\"1200\" \/>\n\t<meta property=\"og:image:height\" content=\"630\" \/>\n\t<meta property=\"og:image:type\" content=\"image\/jpeg\" \/>\n<meta name=\"author\" content=\"Fawz BenAli\" \/>\n<meta name=\"twitter:card\" content=\"summary_large_image\" \/>\n<meta name=\"twitter:creator\" content=\"@KapitalisInfo\" \/>\n<meta name=\"twitter:site\" content=\"@KapitalisInfo\" \/>\n<meta name=\"twitter:label1\" content=\"\u00c9crit par\" \/>\n\t<meta name=\"twitter:data1\" content=\"Fawz BenAli\" \/>\n\t<meta name=\"twitter:label2\" content=\"Dur\u00e9e de lecture estim\u00e9e\" \/>\n\t<meta name=\"twitter:data2\" content=\"5 minutes\" \/>\n<script type=\"application\/ld+json\" class=\"yoast-schema-graph\">{\"@context\":\"https:\/\/schema.org\",\"@graph\":[{\"@type\":\"Article\",\"@id\":\"https:\/\/kapitalis.com\/tunisie\/2022\/05\/12\/gabes-cinema-fen-2022-retour-sur-une-edition-placee-sous-le-signe-des-retrouvailles-et-de-la-festivite\/#article\",\"isPartOf\":{\"@id\":\"https:\/\/kapitalis.com\/tunisie\/2022\/05\/12\/gabes-cinema-fen-2022-retour-sur-une-edition-placee-sous-le-signe-des-retrouvailles-et-de-la-festivite\/\"},\"author\":{\"name\":\"Fawz BenAli\",\"@id\":\"https:\/\/kapitalis.com\/tunisie\/#\/schema\/person\/73a5ecc1f6ae540c6ed91342eadca948\"},\"headline\":\"Gab\u00e8s Cin\u00e9ma Fen 2022\u00a0: Retour sur une \u00e9dition plac\u00e9e sous le signe des retrouvailles et de la festivit\u00e9\",\"datePublished\":\"2022-05-12T15:06:28+00:00\",\"dateModified\":\"2022-05-12T15:06:30+00:00\",\"mainEntityOfPage\":{\"@id\":\"https:\/\/kapitalis.com\/tunisie\/2022\/05\/12\/gabes-cinema-fen-2022-retour-sur-une-edition-placee-sous-le-signe-des-retrouvailles-et-de-la-festivite\/\"},\"wordCount\":645,\"commentCount\":0,\"publisher\":{\"@id\":\"https:\/\/kapitalis.com\/tunisie\/#organization\"},\"image\":{\"@id\":\"https:\/\/kapitalis.com\/tunisie\/2022\/05\/12\/gabes-cinema-fen-2022-retour-sur-une-edition-placee-sous-le-signe-des-retrouvailles-et-de-la-festivite\/#primaryimage\"},\"thumbnailUrl\":\"https:\/\/kapitalis.com\/tunisie\/wp-content\/uploads\/2022\/05\/Gabes-Cinema-Fen-2022.jpg\",\"keywords\":[\"Gab\u00e8s\",\"Gab\u00e8s Cin\u00e9ma Fen 2022\",\"Hend Sabri\",\"Tunisie\"],\"articleSection\":[\"A LA UNE\",\"CULTURE\",\"Tunisie\"],\"inLanguage\":\"fr-FR\",\"potentialAction\":[{\"@type\":\"CommentAction\",\"name\":\"Comment\",\"target\":[\"https:\/\/kapitalis.com\/tunisie\/2022\/05\/12\/gabes-cinema-fen-2022-retour-sur-une-edition-placee-sous-le-signe-des-retrouvailles-et-de-la-festivite\/#respond\"]}]},{\"@type\":\"WebPage\",\"@id\":\"https:\/\/kapitalis.com\/tunisie\/2022\/05\/12\/gabes-cinema-fen-2022-retour-sur-une-edition-placee-sous-le-signe-des-retrouvailles-et-de-la-festivite\/\",\"url\":\"https:\/\/kapitalis.com\/tunisie\/2022\/05\/12\/gabes-cinema-fen-2022-retour-sur-une-edition-placee-sous-le-signe-des-retrouvailles-et-de-la-festivite\/\",\"name\":\"Gab\u00e8s Cin\u00e9ma Fen 2022\u00a0: Retour sur une \u00e9dition plac\u00e9e sous le signe des retrouvailles et de la festivit\u00e9 - Kapitalis\",\"isPartOf\":{\"@id\":\"https:\/\/kapitalis.com\/tunisie\/#website\"},\"primaryImageOfPage\":{\"@id\":\"https:\/\/kapitalis.com\/tunisie\/2022\/05\/12\/gabes-cinema-fen-2022-retour-sur-une-edition-placee-sous-le-signe-des-retrouvailles-et-de-la-festivite\/#primaryimage\"},\"image\":{\"@id\":\"https:\/\/kapitalis.com\/tunisie\/2022\/05\/12\/gabes-cinema-fen-2022-retour-sur-une-edition-placee-sous-le-signe-des-retrouvailles-et-de-la-festivite\/#primaryimage\"},\"thumbnailUrl\":\"https:\/\/kapitalis.com\/tunisie\/wp-content\/uploads\/2022\/05\/Gabes-Cinema-Fen-2022.jpg\",\"datePublished\":\"2022-05-12T15:06:28+00:00\",\"dateModified\":\"2022-05-12T15:06:30+00:00\",\"breadcrumb\":{\"@id\":\"https:\/\/kapitalis.com\/tunisie\/2022\/05\/12\/gabes-cinema-fen-2022-retour-sur-une-edition-placee-sous-le-signe-des-retrouvailles-et-de-la-festivite\/#breadcrumb\"},\"inLanguage\":\"fr-FR\",\"potentialAction\":[{\"@type\":\"ReadAction\",\"target\":[\"https:\/\/kapitalis.com\/tunisie\/2022\/05\/12\/gabes-cinema-fen-2022-retour-sur-une-edition-placee-sous-le-signe-des-retrouvailles-et-de-la-festivite\/\"]}]},{\"@type\":\"ImageObject\",\"inLanguage\":\"fr-FR\",\"@id\":\"https:\/\/kapitalis.com\/tunisie\/2022\/05\/12\/gabes-cinema-fen-2022-retour-sur-une-edition-placee-sous-le-signe-des-retrouvailles-et-de-la-festivite\/#primaryimage\",\"url\":\"https:\/\/kapitalis.com\/tunisie\/wp-content\/uploads\/2022\/05\/Gabes-Cinema-Fen-2022.jpg\",\"contentUrl\":\"https:\/\/kapitalis.com\/tunisie\/wp-content\/uploads\/2022\/05\/Gabes-Cinema-Fen-2022.jpg\",\"width\":1200,\"height\":630},{\"@type\":\"BreadcrumbList\",\"@id\":\"https:\/\/kapitalis.com\/tunisie\/2022\/05\/12\/gabes-cinema-fen-2022-retour-sur-une-edition-placee-sous-le-signe-des-retrouvailles-et-de-la-festivite\/#breadcrumb\",\"itemListElement\":[{\"@type\":\"ListItem\",\"position\":1,\"name\":\"Accueil\",\"item\":\"https:\/\/kapitalis.com\/tunisie\/\"},{\"@type\":\"ListItem\",\"position\":2,\"name\":\"Gab\u00e8s Cin\u00e9ma Fen 2022\u00a0: Retour sur une \u00e9dition plac\u00e9e sous le signe des retrouvailles et de la festivit\u00e9\"}]},{\"@type\":\"WebSite\",\"@id\":\"https:\/\/kapitalis.com\/tunisie\/#website\",\"url\":\"https:\/\/kapitalis.com\/tunisie\/\",\"name\":\"Kapitalis\",\"description\":\"L&#039;actualit\u00e9 en Tunisie et dans le monde\",\"publisher\":{\"@id\":\"https:\/\/kapitalis.com\/tunisie\/#organization\"},\"potentialAction\":[{\"@type\":\"SearchAction\",\"target\":{\"@type\":\"EntryPoint\",\"urlTemplate\":\"https:\/\/kapitalis.com\/tunisie\/?s={search_term_string}\"},\"query-input\":{\"@type\":\"PropertyValueSpecification\",\"valueRequired\":true,\"valueName\":\"search_term_string\"}}],\"inLanguage\":\"fr-FR\"},{\"@type\":\"Organization\",\"@id\":\"https:\/\/kapitalis.com\/tunisie\/#organization\",\"name\":\"Kapitalis\",\"url\":\"https:\/\/kapitalis.com\/tunisie\/\",\"logo\":{\"@type\":\"ImageObject\",\"inLanguage\":\"fr-FR\",\"@id\":\"https:\/\/kapitalis.com\/tunisie\/#\/schema\/logo\/image\/\",\"url\":\"https:\/\/kapitalis.com\/tunisie\/wp-content\/uploads\/2022\/05\/Kapitalis-big-size.png\",\"contentUrl\":\"https:\/\/kapitalis.com\/tunisie\/wp-content\/uploads\/2022\/05\/Kapitalis-big-size.png\",\"width\":5000,\"height\":1500,\"caption\":\"Kapitalis\"},\"image\":{\"@id\":\"https:\/\/kapitalis.com\/tunisie\/#\/schema\/logo\/image\/\"},\"sameAs\":[\"https:\/\/www.facebook.com\/KapitalisInfo\/\",\"https:\/\/x.com\/KapitalisInfo\",\"https:\/\/www.youtube.com\/channel\/UC-yDYrHyfFBWWZaOw3FPg9Q\"]},{\"@type\":\"Person\",\"@id\":\"https:\/\/kapitalis.com\/tunisie\/#\/schema\/person\/73a5ecc1f6ae540c6ed91342eadca948\",\"name\":\"Fawz BenAli\",\"url\":\"https:\/\/kapitalis.com\/tunisie\/author\/fawz\/\"}]}<\/script>\n<!-- \/ Yoast SEO plugin. -->","yoast_head_json":{"title":"Gab\u00e8s Cin\u00e9ma Fen 2022\u00a0: Retour sur une \u00e9dition plac\u00e9e sous le signe des retrouvailles et de la festivit\u00e9 - Kapitalis","robots":{"index":"index","follow":"follow","max-snippet":"max-snippet:-1","max-image-preview":"max-image-preview:large","max-video-preview":"max-video-preview:-1"},"canonical":"https:\/\/kapitalis.com\/tunisie\/2022\/05\/12\/gabes-cinema-fen-2022-retour-sur-une-edition-placee-sous-le-signe-des-retrouvailles-et-de-la-festivite\/","og_locale":"fr_FR","og_type":"article","og_title":"Gab\u00e8s Cin\u00e9ma Fen 2022\u00a0: Retour sur une \u00e9dition plac\u00e9e sous le signe des retrouvailles et de la festivit\u00e9 - Kapitalis","og_description":"La 4e \u00e9dition du Festival Gab\u00e8s Cin\u00e9ma Fen sera cl\u00f4tur\u00e9e ce soir apr\u00e8s une semaine riche en rencontres et en d\u00e9bats autour du 7e art en pr\u00e9sence d\u2019invit\u00e9s de marque. Les grands festivals de cin\u00e9ma ne se tiennent plus uniquement \u00e0 la capitale, Gab\u00e8s Cin\u00e9ma Fen en est la preuve.","og_url":"https:\/\/kapitalis.com\/tunisie\/2022\/05\/12\/gabes-cinema-fen-2022-retour-sur-une-edition-placee-sous-le-signe-des-retrouvailles-et-de-la-festivite\/","og_site_name":"Kapitalis","article_publisher":"https:\/\/www.facebook.com\/KapitalisInfo\/","article_published_time":"2022-05-12T15:06:28+00:00","article_modified_time":"2022-05-12T15:06:30+00:00","og_image":[{"width":1200,"height":630,"url":"https:\/\/kapitalis.com\/tunisie\/wp-content\/uploads\/2022\/05\/Gabes-Cinema-Fen-2022.jpg","type":"image\/jpeg"}],"author":"Fawz BenAli","twitter_card":"summary_large_image","twitter_creator":"@KapitalisInfo","twitter_site":"@KapitalisInfo","twitter_misc":{"\u00c9crit par":"Fawz BenAli","Dur\u00e9e de lecture estim\u00e9e":"5 minutes"},"schema":{"@context":"https:\/\/schema.org","@graph":[{"@type":"Article","@id":"https:\/\/kapitalis.com\/tunisie\/2022\/05\/12\/gabes-cinema-fen-2022-retour-sur-une-edition-placee-sous-le-signe-des-retrouvailles-et-de-la-festivite\/#article","isPartOf":{"@id":"https:\/\/kapitalis.com\/tunisie\/2022\/05\/12\/gabes-cinema-fen-2022-retour-sur-une-edition-placee-sous-le-signe-des-retrouvailles-et-de-la-festivite\/"},"author":{"name":"Fawz BenAli","@id":"https:\/\/kapitalis.com\/tunisie\/#\/schema\/person\/73a5ecc1f6ae540c6ed91342eadca948"},"headline":"Gab\u00e8s Cin\u00e9ma Fen 2022\u00a0: Retour sur une \u00e9dition plac\u00e9e sous le signe des retrouvailles et de la festivit\u00e9","datePublished":"2022-05-12T15:06:28+00:00","dateModified":"2022-05-12T15:06:30+00:00","mainEntityOfPage":{"@id":"https:\/\/kapitalis.com\/tunisie\/2022\/05\/12\/gabes-cinema-fen-2022-retour-sur-une-edition-placee-sous-le-signe-des-retrouvailles-et-de-la-festivite\/"},"wordCount":645,"commentCount":0,"publisher":{"@id":"https:\/\/kapitalis.com\/tunisie\/#organization"},"image":{"@id":"https:\/\/kapitalis.com\/tunisie\/2022\/05\/12\/gabes-cinema-fen-2022-retour-sur-une-edition-placee-sous-le-signe-des-retrouvailles-et-de-la-festivite\/#primaryimage"},"thumbnailUrl":"https:\/\/kapitalis.com\/tunisie\/wp-content\/uploads\/2022\/05\/Gabes-Cinema-Fen-2022.jpg","keywords":["Gab\u00e8s","Gab\u00e8s Cin\u00e9ma Fen 2022","Hend Sabri","Tunisie"],"articleSection":["A LA UNE","CULTURE","Tunisie"],"inLanguage":"fr-FR","potentialAction":[{"@type":"CommentAction","name":"Comment","target":["https:\/\/kapitalis.com\/tunisie\/2022\/05\/12\/gabes-cinema-fen-2022-retour-sur-une-edition-placee-sous-le-signe-des-retrouvailles-et-de-la-festivite\/#respond"]}]},{"@type":"WebPage","@id":"https:\/\/kapitalis.com\/tunisie\/2022\/05\/12\/gabes-cinema-fen-2022-retour-sur-une-edition-placee-sous-le-signe-des-retrouvailles-et-de-la-festivite\/","url":"https:\/\/kapitalis.com\/tunisie\/2022\/05\/12\/gabes-cinema-fen-2022-retour-sur-une-edition-placee-sous-le-signe-des-retrouvailles-et-de-la-festivite\/","name":"Gab\u00e8s Cin\u00e9ma Fen 2022\u00a0: Retour sur une \u00e9dition plac\u00e9e sous le signe des retrouvailles et de la festivit\u00e9 - Kapitalis","isPartOf":{"@id":"https:\/\/kapitalis.com\/tunisie\/#website"},"primaryImageOfPage":{"@id":"https:\/\/kapitalis.com\/tunisie\/2022\/05\/12\/gabes-cinema-fen-2022-retour-sur-une-edition-placee-sous-le-signe-des-retrouvailles-et-de-la-festivite\/#primaryimage"},"image":{"@id":"https:\/\/kapitalis.com\/tunisie\/2022\/05\/12\/gabes-cinema-fen-2022-retour-sur-une-edition-placee-sous-le-signe-des-retrouvailles-et-de-la-festivite\/#primaryimage"},"thumbnailUrl":"https:\/\/kapitalis.com\/tunisie\/wp-content\/uploads\/2022\/05\/Gabes-Cinema-Fen-2022.jpg","datePublished":"2022-05-12T15:06:28+00:00","dateModified":"2022-05-12T15:06:30+00:00","breadcrumb":{"@id":"https:\/\/kapitalis.com\/tunisie\/2022\/05\/12\/gabes-cinema-fen-2022-retour-sur-une-edition-placee-sous-le-signe-des-retrouvailles-et-de-la-festivite\/#breadcrumb"},"inLanguage":"fr-FR","potentialAction":[{"@type":"ReadAction","target":["https:\/\/kapitalis.com\/tunisie\/2022\/05\/12\/gabes-cinema-fen-2022-retour-sur-une-edition-placee-sous-le-signe-des-retrouvailles-et-de-la-festivite\/"]}]},{"@type":"ImageObject","inLanguage":"fr-FR","@id":"https:\/\/kapitalis.com\/tunisie\/2022\/05\/12\/gabes-cinema-fen-2022-retour-sur-une-edition-placee-sous-le-signe-des-retrouvailles-et-de-la-festivite\/#primaryimage","url":"https:\/\/kapitalis.com\/tunisie\/wp-content\/uploads\/2022\/05\/Gabes-Cinema-Fen-2022.jpg","contentUrl":"https:\/\/kapitalis.com\/tunisie\/wp-content\/uploads\/2022\/05\/Gabes-Cinema-Fen-2022.jpg","width":1200,"height":630},{"@type":"BreadcrumbList","@id":"https:\/\/kapitalis.com\/tunisie\/2022\/05\/12\/gabes-cinema-fen-2022-retour-sur-une-edition-placee-sous-le-signe-des-retrouvailles-et-de-la-festivite\/#breadcrumb","itemListElement":[{"@type":"ListItem","position":1,"name":"Accueil","item":"https:\/\/kapitalis.com\/tunisie\/"},{"@type":"ListItem","position":2,"name":"Gab\u00e8s Cin\u00e9ma Fen 2022\u00a0: Retour sur une \u00e9dition plac\u00e9e sous le signe des retrouvailles et de la festivit\u00e9"}]},{"@type":"WebSite","@id":"https:\/\/kapitalis.com\/tunisie\/#website","url":"https:\/\/kapitalis.com\/tunisie\/","name":"Kapitalis","description":"L&#039;actualit\u00e9 en Tunisie et dans le monde","publisher":{"@id":"https:\/\/kapitalis.com\/tunisie\/#organization"},"potentialAction":[{"@type":"SearchAction","target":{"@type":"EntryPoint","urlTemplate":"https:\/\/kapitalis.com\/tunisie\/?s={search_term_string}"},"query-input":{"@type":"PropertyValueSpecification","valueRequired":true,"valueName":"search_term_string"}}],"inLanguage":"fr-FR"},{"@type":"Organization","@id":"https:\/\/kapitalis.com\/tunisie\/#organization","name":"Kapitalis","url":"https:\/\/kapitalis.com\/tunisie\/","logo":{"@type":"ImageObject","inLanguage":"fr-FR","@id":"https:\/\/kapitalis.com\/tunisie\/#\/schema\/logo\/image\/","url":"https:\/\/kapitalis.com\/tunisie\/wp-content\/uploads\/2022\/05\/Kapitalis-big-size.png","contentUrl":"https:\/\/kapitalis.com\/tunisie\/wp-content\/uploads\/2022\/05\/Kapitalis-big-size.png","width":5000,"height":1500,"caption":"Kapitalis"},"image":{"@id":"https:\/\/kapitalis.com\/tunisie\/#\/schema\/logo\/image\/"},"sameAs":["https:\/\/www.facebook.com\/KapitalisInfo\/","https:\/\/x.com\/KapitalisInfo","https:\/\/www.youtube.com\/channel\/UC-yDYrHyfFBWWZaOw3FPg9Q"]},{"@type":"Person","@id":"https:\/\/kapitalis.com\/tunisie\/#\/schema\/person\/73a5ecc1f6ae540c6ed91342eadca948","name":"Fawz BenAli","url":"https:\/\/kapitalis.com\/tunisie\/author\/fawz\/"}]}},"_links":{"self":[{"href":"https:\/\/kapitalis.com\/tunisie\/wp-json\/wp\/v2\/posts\/555917","targetHints":{"allow":["GET"]}}],"collection":[{"href":"https:\/\/kapitalis.com\/tunisie\/wp-json\/wp\/v2\/posts"}],"about":[{"href":"https:\/\/kapitalis.com\/tunisie\/wp-json\/wp\/v2\/types\/post"}],"author":[{"embeddable":true,"href":"https:\/\/kapitalis.com\/tunisie\/wp-json\/wp\/v2\/users\/26"}],"replies":[{"embeddable":true,"href":"https:\/\/kapitalis.com\/tunisie\/wp-json\/wp\/v2\/comments?post=555917"}],"version-history":[{"count":0,"href":"https:\/\/kapitalis.com\/tunisie\/wp-json\/wp\/v2\/posts\/555917\/revisions"}],"wp:featuredmedia":[{"embeddable":true,"href":"https:\/\/kapitalis.com\/tunisie\/wp-json\/wp\/v2\/media\/557240"}],"wp:attachment":[{"href":"https:\/\/kapitalis.com\/tunisie\/wp-json\/wp\/v2\/media?parent=555917"}],"wp:term":[{"taxonomy":"category","embeddable":true,"href":"https:\/\/kapitalis.com\/tunisie\/wp-json\/wp\/v2\/categories?post=555917"},{"taxonomy":"post_tag","embeddable":true,"href":"https:\/\/kapitalis.com\/tunisie\/wp-json\/wp\/v2\/tags?post=555917"}],"curies":[{"name":"wp","href":"https:\/\/api.w.org\/{rel}","templated":true}]}}