{"id":5563310,"date":"2022-12-09T12:51:57","date_gmt":"2022-12-09T11:51:57","guid":{"rendered":"https:\/\/kapitalis.com\/tunisie\/?p=5563310"},"modified":"2022-12-09T12:51:59","modified_gmt":"2022-12-09T11:51:59","slug":"developpement-30-ans-dactions-du-groupe-afd-en-tunisie","status":"publish","type":"post","link":"https:\/\/kapitalis.com\/tunisie\/2022\/12\/09\/developpement-30-ans-dactions-du-groupe-afd-en-tunisie\/","title":{"rendered":"D\u00e9veloppement\u00a0: 30 ans d\u2019actions du Groupe AFD en Tunisie"},"content":{"rendered":"\n<p><strong><em>Quelques jours apr\u00e8s avoir souffl\u00e9 sa 81e bougie, l\u2019Agence fran\u00e7aise de d\u00e9veloppement (AFD) f\u00eate ses 30 ans d\u2019activit\u00e9 en Tunisie.<\/em><\/strong><\/p>\n\n\n\n<!--more-->\n\n\n\n<p>Une collaboration qui a vu le jour en 1992 et qui, depuis, a donn\u00e9 lieu au financement de quelques 200 projets repr\u00e9sentant 4 milliards d\u2019euros d\u2019engagements en trente ans (dont un milliard d\u2019euros sur les 6 derni\u00e8res ann\u00e9es), sous le signe de la&nbsp; coop\u00e9ration et du soutien sans faille \u00e0 la transition \u00e9conomique, sociale et \u00e9cologique tunisienne.<\/p>\n\n\n\n<p>C\u2019est au sein de l\u2019Institut national des sciences appliqu\u00e9es et de technologie (Insat) et entour\u00e9 des g\u00e9n\u00e9rations futures de la Tunisie que le Groupe AFD, compos\u00e9 de l\u2019AFD, de Proparco, d\u2019Expertise France et de Digital Africa, a choisi de c\u00e9l\u00e9brer cet anniversaire. Une journ\u00e9e compl\u00e8te d\u2019activit\u00e9s, intitul\u00e9e <em>\u00ab30 ans d\u2019actions en faveur de la jeunesse et de l\u2019entrepreneuriat en Tunisie\u00bb<\/em> et d\u00e9di\u00e9e aux jeunes \u00e9tudiants ainsi qu\u2019aux entrepreneurs, a \u00e9t\u00e9 organis\u00e9e ce mercredi 7 d\u00e9cembre 2022.<\/p>\n\n\n\n<p>L\u2019\u00e9v\u00e9nement accueillait notamment le ministre de la Formation professionnelle et de l\u2019Emploi, Nasreddine Nsibi, le ministre de l\u2019Enseignement sup\u00e9rieur et de la Recherche scientifique, Moncef Boukthir, l\u2019ambassadeur de France en Tunisie, Andr\u00e9 Parant, le directeur Afrique de l\u2019AFD, Christian Yoka, la directrice du r\u00e9seau et membre du comit\u00e9 ex\u00e9cutif de Proparco, Myriam Brigui, le directeur de l\u2019AFD en Tunisie, Yazid Safir ou encore le directeur de l\u2019Insat, Samir Hamza.<\/p>\n\n\n\n<p>Attach\u00e9 aux valeurs d\u2019humanisme qui animent les Tunisiens et soucieux de la lutte contre les in\u00e9galit\u00e9s, le Groupe AFD n\u2019a cess\u00e9 d\u2019appuyer, au cours de ces ann\u00e9es d\u2019activit\u00e9s en Tunisie, toute une jeunesse aspirant \u00e0 am\u00e9liorer et \u00e0 faire \u00e9voluer les choses.<\/p>\n\n\n\n<figure class=\"wp-block-embed is-type-wp-embed is-provider-kapitalis wp-block-embed-kapitalis\"><div class=\"wp-block-embed__wrapper\">\n<blockquote class=\"wp-embedded-content\" data-secret=\"bHlC2EfcXt\"><a href=\"https:\/\/kapitalis.com\/tunisie\/2022\/12\/05\/document-le-groupe-afd-fete-des-30-ans-en-tunisie\/\">Document\u00a0: le Groupe AFD f\u00eate des 30 ans en Tunisie\u00a0<\/a><\/blockquote><iframe loading=\"lazy\" class=\"wp-embedded-content\" sandbox=\"allow-scripts\" security=\"restricted\" style=\"position: absolute; clip: rect(1px, 1px, 1px, 1px);\" title=\"\u00ab\u00a0Document\u00a0: le Groupe AFD f\u00eate des 30 ans en Tunisie\u00a0\u00a0\u00bb &#8212; Kapitalis\" src=\"https:\/\/kapitalis.com\/tunisie\/2022\/12\/05\/document-le-groupe-afd-fete-des-30-ans-en-tunisie\/embed\/#?secret=whCXrsWupf#?secret=bHlC2EfcXt\" data-secret=\"bHlC2EfcXt\" width=\"600\" height=\"338\" frameborder=\"0\" marginwidth=\"0\" marginheight=\"0\" scrolling=\"no\"><\/iframe>\n<\/div><\/figure>\n\n\n\n<p>Environnement, promotion de l\u2019agriculture, formation des jeunes et lutte contre le changement climatique\u2026 l\u2019AFD n\u2019a jamais l\u00e9sin\u00e9 sur les moyens ni les efforts afin de venir en aide aux acteurs nationaux d\u00e9sireux de faire avancer les projets, de casser les barri\u00e8res et de r\u00e9duire les foss\u00e9s existants.<\/p>\n\n\n\n<p>Cet \u00e9v\u00e9nement a \u00e9t\u00e9 l\u2019occasion de r\u00e9unir plusieurs acteurs universitaires, financier (tunisiens et fran\u00e7ais) entrepreneurs et \u00e9galement des partenaires techniques pour traiter les questions de la formation des jeunes, lors du panel autour l\u2019\u00e9volution de la formation des ing\u00e9nieurs en Tunisie par exemple, mais aussi autour du<em> \u00abSport et d\u00e9veloppement\u00bb<\/em> \u00e0 l\u2019occasion du tournoi de basket organis\u00e9 pour les \u00e9tudiants de l\u2019Insat.<\/p>\n\n\n\n<p>Une journ\u00e9e riche en enseignements, o\u00f9 de nombreux workshops et formations ont \u00e9t\u00e9 organis\u00e9s par les experts pr\u00e9sents sur place, \u00e0 l\u2019instar de Lab\u2019ess, l\u2019incubateur tunisien \u00e0 impact social et environnemental, The Dot, 1er hub d\u2019innovation digitale en Tunisie ou encore de Minassa, l\u2019incubateur de la sc\u00e8ne culturelle et cr\u00e9ative tunisienne.<\/p>\n\n\n\n<p>Les Objectifs de d\u00e9veloppement durable, v\u00e9ritable axe strat\u00e9gique de l\u2019AFD ont \u00e9galement \u00e9t\u00e9 au c\u0153ur de cette journ\u00e9e, \u00e0 travers un concours d\u2019id\u00e9es entrepreneuriales, d\u00e9velopp\u00e9 dans le cadre du projet Innov\u2019i \u2013 EU4 Innovation, financ\u00e9 par l\u2019Union europ\u00e9enne et mis en \u0153uvre par Expertise France, contribuant ainsi au d\u00e9veloppement d\u2019id\u00e9es innovantes et r\u00e9pondant \u00e9galement aux d\u00e9fis du d\u00e9veloppement durable auxquelles les g\u00e9n\u00e9rations futures sont confront\u00e9es. Les laur\u00e9ats ont \u00e9t\u00e9 r\u00e9compens\u00e9s apr\u00e8s d\u00e9lib\u00e9ration d\u2019un jury compos\u00e9 d\u2019experts de l\u2019\u00e9cosyst\u00e8me entrepreneurial.<\/p>\n\n\n\n<p>L\u2019\u00e9v\u00e9nement a \u00e9galement \u00e9t\u00e9 l\u2019occasion de faire intervenir trois personnalit\u00e9s aux parcours professionnels inspirants, venues partager leur exp\u00e9rience avec un auditoire pr\u00e9sent en nombre : Emna Kharouf, ancienne directrice de l\u2019Atuge et associ\u00e9e Deloitte, Lamia Fourati, chief strategy officer du groupe OneTech, ainsi que Iheb Triki, co-fondateur et Ceo de la prometteuse startup Kumulus.<\/p>\n\n\n\n<p>Enfin, la journ\u00e9e s\u2019est cl\u00f4tur\u00e9e avec le concert du duo Noor &amp; Selim Arjoun produit par Akacia Productions, un des b\u00e9n\u00e9ficiaires du programme Afrique Cr\u00e9ative financ\u00e9 par le Groupe AFD au profit des entrepreneurs des industries culturelles et cr\u00e9atives.<\/p>\n\n\n\n<p>C\u2019est dire les efforts d\u00e9ploy\u00e9s par le Groupe AFD afin d\u2019aider la Tunisie \u00e0 faire face aux enjeux futurs qui se profilent.<\/p>\n\n\n\n<p><strong><em>Communiqu\u00e9.<\/em><\/strong><\/p>\n","protected":false},"excerpt":{"rendered":"<p>Le Groupe AFD n\u2019a cess\u00e9 d\u2019appuyer, au cours de ces ann\u00e9es d\u2019activit\u00e9s en Tunisie, toute une jeunesse aspirant \u00e0 am\u00e9liorer et \u00e0 faire \u00e9voluer les choses.<\/p>\n","protected":false},"author":8,"featured_media":5563391,"comment_status":"open","ping_status":"open","sticky":false,"template":"","format":"standard","meta":{"footnotes":""},"categories":[995,2433],"tags":[81219,18828,85282,100567,17321,105007,105005,105008,11586,105006,62643],"class_list":["post-5563310","post","type-post","status-publish","format-standard","has-post-thumbnail","hentry","category-economie","category-tunisie","tag-emna-kharouf","tag-expertise-france","tag-groupe-afd","tag-iheb-triki","tag-insat","tag-lamia-fourati","tag-myriam-brigui","tag-noor-selim-arjoun","tag-proparco","tag-samir-hamza","tag-tunisie"],"yoast_head":"<!-- This site is optimized with the Yoast SEO plugin v26.6 - https:\/\/yoast.com\/wordpress\/plugins\/seo\/ -->\n<title>D\u00e9veloppement\u00a0: 30 ans d\u2019actions du Groupe AFD en Tunisie - Kapitalis<\/title>\n<meta name=\"robots\" content=\"index, follow, max-snippet:-1, max-image-preview:large, max-video-preview:-1\" \/>\n<link rel=\"canonical\" href=\"https:\/\/kapitalis.com\/tunisie\/2022\/12\/09\/developpement-30-ans-dactions-du-groupe-afd-en-tunisie\/\" \/>\n<meta property=\"og:locale\" content=\"fr_FR\" \/>\n<meta property=\"og:type\" content=\"article\" \/>\n<meta property=\"og:title\" content=\"D\u00e9veloppement\u00a0: 30 ans d\u2019actions du Groupe AFD en Tunisie - Kapitalis\" \/>\n<meta property=\"og:description\" content=\"Le Groupe AFD n\u2019a cess\u00e9 d\u2019appuyer, au cours de ces ann\u00e9es d\u2019activit\u00e9s en Tunisie, toute une jeunesse aspirant \u00e0 am\u00e9liorer et \u00e0 faire \u00e9voluer les choses.\" \/>\n<meta property=\"og:url\" content=\"https:\/\/kapitalis.com\/tunisie\/2022\/12\/09\/developpement-30-ans-dactions-du-groupe-afd-en-tunisie\/\" \/>\n<meta property=\"og:site_name\" content=\"Kapitalis\" \/>\n<meta property=\"article:publisher\" content=\"https:\/\/www.facebook.com\/KapitalisInfo\/\" \/>\n<meta property=\"article:published_time\" content=\"2022-12-09T11:51:57+00:00\" \/>\n<meta property=\"article:modified_time\" content=\"2022-12-09T11:51:59+00:00\" \/>\n<meta property=\"og:image\" content=\"https:\/\/kapitalis.com\/tunisie\/wp-content\/uploads\/2022\/12\/AFD-Tunisie.jpg\" \/>\n\t<meta property=\"og:image:width\" content=\"1200\" \/>\n\t<meta property=\"og:image:height\" content=\"630\" \/>\n\t<meta property=\"og:image:type\" content=\"image\/jpeg\" \/>\n<meta name=\"author\" content=\"webmaster kapitalis\" \/>\n<meta name=\"twitter:card\" content=\"summary_large_image\" \/>\n<meta name=\"twitter:creator\" content=\"@KapitalisInfo\" \/>\n<meta name=\"twitter:site\" content=\"@KapitalisInfo\" \/>\n<meta name=\"twitter:label1\" content=\"\u00c9crit par\" \/>\n\t<meta name=\"twitter:data1\" content=\"webmaster kapitalis\" \/>\n\t<meta name=\"twitter:label2\" content=\"Dur\u00e9e de lecture estim\u00e9e\" \/>\n\t<meta name=\"twitter:data2\" content=\"4 minutes\" \/>\n<script type=\"application\/ld+json\" class=\"yoast-schema-graph\">{\"@context\":\"https:\/\/schema.org\",\"@graph\":[{\"@type\":\"Article\",\"@id\":\"https:\/\/kapitalis.com\/tunisie\/2022\/12\/09\/developpement-30-ans-dactions-du-groupe-afd-en-tunisie\/#article\",\"isPartOf\":{\"@id\":\"https:\/\/kapitalis.com\/tunisie\/2022\/12\/09\/developpement-30-ans-dactions-du-groupe-afd-en-tunisie\/\"},\"author\":{\"name\":\"webmaster kapitalis\",\"@id\":\"https:\/\/kapitalis.com\/tunisie\/#\/schema\/person\/d71f33a9ca44f7bad4698210b480c8e9\"},\"headline\":\"D\u00e9veloppement\u00a0: 30 ans d\u2019actions du Groupe AFD en Tunisie\",\"datePublished\":\"2022-12-09T11:51:57+00:00\",\"dateModified\":\"2022-12-09T11:51:59+00:00\",\"mainEntityOfPage\":{\"@id\":\"https:\/\/kapitalis.com\/tunisie\/2022\/12\/09\/developpement-30-ans-dactions-du-groupe-afd-en-tunisie\/\"},\"wordCount\":750,\"commentCount\":0,\"publisher\":{\"@id\":\"https:\/\/kapitalis.com\/tunisie\/#organization\"},\"image\":{\"@id\":\"https:\/\/kapitalis.com\/tunisie\/2022\/12\/09\/developpement-30-ans-dactions-du-groupe-afd-en-tunisie\/#primaryimage\"},\"thumbnailUrl\":\"https:\/\/kapitalis.com\/tunisie\/wp-content\/uploads\/2022\/12\/AFD-Tunisie.jpg\",\"keywords\":[\"Emna Kharouf\",\"Expertise France\",\"Groupe AFD\",\"Iheb Triki\",\"Insat\",\"Lamia Fourati\",\"Myriam Brigui\",\"Noor &amp; Selim Arjoun\",\"Proparco\",\"Samir Hamza\",\"Tunisie\"],\"articleSection\":[\"ECONOMIE\",\"Tunisie\"],\"inLanguage\":\"fr-FR\",\"potentialAction\":[{\"@type\":\"CommentAction\",\"name\":\"Comment\",\"target\":[\"https:\/\/kapitalis.com\/tunisie\/2022\/12\/09\/developpement-30-ans-dactions-du-groupe-afd-en-tunisie\/#respond\"]}]},{\"@type\":\"WebPage\",\"@id\":\"https:\/\/kapitalis.com\/tunisie\/2022\/12\/09\/developpement-30-ans-dactions-du-groupe-afd-en-tunisie\/\",\"url\":\"https:\/\/kapitalis.com\/tunisie\/2022\/12\/09\/developpement-30-ans-dactions-du-groupe-afd-en-tunisie\/\",\"name\":\"D\u00e9veloppement\u00a0: 30 ans d\u2019actions du Groupe AFD en Tunisie - Kapitalis\",\"isPartOf\":{\"@id\":\"https:\/\/kapitalis.com\/tunisie\/#website\"},\"primaryImageOfPage\":{\"@id\":\"https:\/\/kapitalis.com\/tunisie\/2022\/12\/09\/developpement-30-ans-dactions-du-groupe-afd-en-tunisie\/#primaryimage\"},\"image\":{\"@id\":\"https:\/\/kapitalis.com\/tunisie\/2022\/12\/09\/developpement-30-ans-dactions-du-groupe-afd-en-tunisie\/#primaryimage\"},\"thumbnailUrl\":\"https:\/\/kapitalis.com\/tunisie\/wp-content\/uploads\/2022\/12\/AFD-Tunisie.jpg\",\"datePublished\":\"2022-12-09T11:51:57+00:00\",\"dateModified\":\"2022-12-09T11:51:59+00:00\",\"breadcrumb\":{\"@id\":\"https:\/\/kapitalis.com\/tunisie\/2022\/12\/09\/developpement-30-ans-dactions-du-groupe-afd-en-tunisie\/#breadcrumb\"},\"inLanguage\":\"fr-FR\",\"potentialAction\":[{\"@type\":\"ReadAction\",\"target\":[\"https:\/\/kapitalis.com\/tunisie\/2022\/12\/09\/developpement-30-ans-dactions-du-groupe-afd-en-tunisie\/\"]}]},{\"@type\":\"ImageObject\",\"inLanguage\":\"fr-FR\",\"@id\":\"https:\/\/kapitalis.com\/tunisie\/2022\/12\/09\/developpement-30-ans-dactions-du-groupe-afd-en-tunisie\/#primaryimage\",\"url\":\"https:\/\/kapitalis.com\/tunisie\/wp-content\/uploads\/2022\/12\/AFD-Tunisie.jpg\",\"contentUrl\":\"https:\/\/kapitalis.com\/tunisie\/wp-content\/uploads\/2022\/12\/AFD-Tunisie.jpg\",\"width\":1200,\"height\":630},{\"@type\":\"BreadcrumbList\",\"@id\":\"https:\/\/kapitalis.com\/tunisie\/2022\/12\/09\/developpement-30-ans-dactions-du-groupe-afd-en-tunisie\/#breadcrumb\",\"itemListElement\":[{\"@type\":\"ListItem\",\"position\":1,\"name\":\"Accueil\",\"item\":\"https:\/\/kapitalis.com\/tunisie\/\"},{\"@type\":\"ListItem\",\"position\":2,\"name\":\"D\u00e9veloppement\u00a0: 30 ans d\u2019actions du Groupe AFD en Tunisie\"}]},{\"@type\":\"WebSite\",\"@id\":\"https:\/\/kapitalis.com\/tunisie\/#website\",\"url\":\"https:\/\/kapitalis.com\/tunisie\/\",\"name\":\"Kapitalis\",\"description\":\"L&#039;actualit\u00e9 en Tunisie et dans le monde\",\"publisher\":{\"@id\":\"https:\/\/kapitalis.com\/tunisie\/#organization\"},\"potentialAction\":[{\"@type\":\"SearchAction\",\"target\":{\"@type\":\"EntryPoint\",\"urlTemplate\":\"https:\/\/kapitalis.com\/tunisie\/?s={search_term_string}\"},\"query-input\":{\"@type\":\"PropertyValueSpecification\",\"valueRequired\":true,\"valueName\":\"search_term_string\"}}],\"inLanguage\":\"fr-FR\"},{\"@type\":\"Organization\",\"@id\":\"https:\/\/kapitalis.com\/tunisie\/#organization\",\"name\":\"Kapitalis\",\"url\":\"https:\/\/kapitalis.com\/tunisie\/\",\"logo\":{\"@type\":\"ImageObject\",\"inLanguage\":\"fr-FR\",\"@id\":\"https:\/\/kapitalis.com\/tunisie\/#\/schema\/logo\/image\/\",\"url\":\"https:\/\/kapitalis.com\/tunisie\/wp-content\/uploads\/2022\/05\/Kapitalis-big-size.png\",\"contentUrl\":\"https:\/\/kapitalis.com\/tunisie\/wp-content\/uploads\/2022\/05\/Kapitalis-big-size.png\",\"width\":5000,\"height\":1500,\"caption\":\"Kapitalis\"},\"image\":{\"@id\":\"https:\/\/kapitalis.com\/tunisie\/#\/schema\/logo\/image\/\"},\"sameAs\":[\"https:\/\/www.facebook.com\/KapitalisInfo\/\",\"https:\/\/x.com\/KapitalisInfo\",\"https:\/\/www.youtube.com\/channel\/UC-yDYrHyfFBWWZaOw3FPg9Q\"]},{\"@type\":\"Person\",\"@id\":\"https:\/\/kapitalis.com\/tunisie\/#\/schema\/person\/d71f33a9ca44f7bad4698210b480c8e9\",\"name\":\"webmaster kapitalis\",\"url\":\"https:\/\/kapitalis.com\/tunisie\/author\/webmaster-kapitalis\/\"}]}<\/script>\n<!-- \/ Yoast SEO plugin. -->","yoast_head_json":{"title":"D\u00e9veloppement\u00a0: 30 ans d\u2019actions du Groupe AFD en Tunisie - Kapitalis","robots":{"index":"index","follow":"follow","max-snippet":"max-snippet:-1","max-image-preview":"max-image-preview:large","max-video-preview":"max-video-preview:-1"},"canonical":"https:\/\/kapitalis.com\/tunisie\/2022\/12\/09\/developpement-30-ans-dactions-du-groupe-afd-en-tunisie\/","og_locale":"fr_FR","og_type":"article","og_title":"D\u00e9veloppement\u00a0: 30 ans d\u2019actions du Groupe AFD en Tunisie - Kapitalis","og_description":"Le Groupe AFD n\u2019a cess\u00e9 d\u2019appuyer, au cours de ces ann\u00e9es d\u2019activit\u00e9s en Tunisie, toute une jeunesse aspirant \u00e0 am\u00e9liorer et \u00e0 faire \u00e9voluer les choses.","og_url":"https:\/\/kapitalis.com\/tunisie\/2022\/12\/09\/developpement-30-ans-dactions-du-groupe-afd-en-tunisie\/","og_site_name":"Kapitalis","article_publisher":"https:\/\/www.facebook.com\/KapitalisInfo\/","article_published_time":"2022-12-09T11:51:57+00:00","article_modified_time":"2022-12-09T11:51:59+00:00","og_image":[{"width":1200,"height":630,"url":"https:\/\/kapitalis.com\/tunisie\/wp-content\/uploads\/2022\/12\/AFD-Tunisie.jpg","type":"image\/jpeg"}],"author":"webmaster kapitalis","twitter_card":"summary_large_image","twitter_creator":"@KapitalisInfo","twitter_site":"@KapitalisInfo","twitter_misc":{"\u00c9crit par":"webmaster kapitalis","Dur\u00e9e de lecture estim\u00e9e":"4 minutes"},"schema":{"@context":"https:\/\/schema.org","@graph":[{"@type":"Article","@id":"https:\/\/kapitalis.com\/tunisie\/2022\/12\/09\/developpement-30-ans-dactions-du-groupe-afd-en-tunisie\/#article","isPartOf":{"@id":"https:\/\/kapitalis.com\/tunisie\/2022\/12\/09\/developpement-30-ans-dactions-du-groupe-afd-en-tunisie\/"},"author":{"name":"webmaster kapitalis","@id":"https:\/\/kapitalis.com\/tunisie\/#\/schema\/person\/d71f33a9ca44f7bad4698210b480c8e9"},"headline":"D\u00e9veloppement\u00a0: 30 ans d\u2019actions du Groupe AFD en Tunisie","datePublished":"2022-12-09T11:51:57+00:00","dateModified":"2022-12-09T11:51:59+00:00","mainEntityOfPage":{"@id":"https:\/\/kapitalis.com\/tunisie\/2022\/12\/09\/developpement-30-ans-dactions-du-groupe-afd-en-tunisie\/"},"wordCount":750,"commentCount":0,"publisher":{"@id":"https:\/\/kapitalis.com\/tunisie\/#organization"},"image":{"@id":"https:\/\/kapitalis.com\/tunisie\/2022\/12\/09\/developpement-30-ans-dactions-du-groupe-afd-en-tunisie\/#primaryimage"},"thumbnailUrl":"https:\/\/kapitalis.com\/tunisie\/wp-content\/uploads\/2022\/12\/AFD-Tunisie.jpg","keywords":["Emna Kharouf","Expertise France","Groupe AFD","Iheb Triki","Insat","Lamia Fourati","Myriam Brigui","Noor &amp; Selim Arjoun","Proparco","Samir Hamza","Tunisie"],"articleSection":["ECONOMIE","Tunisie"],"inLanguage":"fr-FR","potentialAction":[{"@type":"CommentAction","name":"Comment","target":["https:\/\/kapitalis.com\/tunisie\/2022\/12\/09\/developpement-30-ans-dactions-du-groupe-afd-en-tunisie\/#respond"]}]},{"@type":"WebPage","@id":"https:\/\/kapitalis.com\/tunisie\/2022\/12\/09\/developpement-30-ans-dactions-du-groupe-afd-en-tunisie\/","url":"https:\/\/kapitalis.com\/tunisie\/2022\/12\/09\/developpement-30-ans-dactions-du-groupe-afd-en-tunisie\/","name":"D\u00e9veloppement\u00a0: 30 ans d\u2019actions du Groupe AFD en Tunisie - Kapitalis","isPartOf":{"@id":"https:\/\/kapitalis.com\/tunisie\/#website"},"primaryImageOfPage":{"@id":"https:\/\/kapitalis.com\/tunisie\/2022\/12\/09\/developpement-30-ans-dactions-du-groupe-afd-en-tunisie\/#primaryimage"},"image":{"@id":"https:\/\/kapitalis.com\/tunisie\/2022\/12\/09\/developpement-30-ans-dactions-du-groupe-afd-en-tunisie\/#primaryimage"},"thumbnailUrl":"https:\/\/kapitalis.com\/tunisie\/wp-content\/uploads\/2022\/12\/AFD-Tunisie.jpg","datePublished":"2022-12-09T11:51:57+00:00","dateModified":"2022-12-09T11:51:59+00:00","breadcrumb":{"@id":"https:\/\/kapitalis.com\/tunisie\/2022\/12\/09\/developpement-30-ans-dactions-du-groupe-afd-en-tunisie\/#breadcrumb"},"inLanguage":"fr-FR","potentialAction":[{"@type":"ReadAction","target":["https:\/\/kapitalis.com\/tunisie\/2022\/12\/09\/developpement-30-ans-dactions-du-groupe-afd-en-tunisie\/"]}]},{"@type":"ImageObject","inLanguage":"fr-FR","@id":"https:\/\/kapitalis.com\/tunisie\/2022\/12\/09\/developpement-30-ans-dactions-du-groupe-afd-en-tunisie\/#primaryimage","url":"https:\/\/kapitalis.com\/tunisie\/wp-content\/uploads\/2022\/12\/AFD-Tunisie.jpg","contentUrl":"https:\/\/kapitalis.com\/tunisie\/wp-content\/uploads\/2022\/12\/AFD-Tunisie.jpg","width":1200,"height":630},{"@type":"BreadcrumbList","@id":"https:\/\/kapitalis.com\/tunisie\/2022\/12\/09\/developpement-30-ans-dactions-du-groupe-afd-en-tunisie\/#breadcrumb","itemListElement":[{"@type":"ListItem","position":1,"name":"Accueil","item":"https:\/\/kapitalis.com\/tunisie\/"},{"@type":"ListItem","position":2,"name":"D\u00e9veloppement\u00a0: 30 ans d\u2019actions du Groupe AFD en Tunisie"}]},{"@type":"WebSite","@id":"https:\/\/kapitalis.com\/tunisie\/#website","url":"https:\/\/kapitalis.com\/tunisie\/","name":"Kapitalis","description":"L&#039;actualit\u00e9 en Tunisie et dans le monde","publisher":{"@id":"https:\/\/kapitalis.com\/tunisie\/#organization"},"potentialAction":[{"@type":"SearchAction","target":{"@type":"EntryPoint","urlTemplate":"https:\/\/kapitalis.com\/tunisie\/?s={search_term_string}"},"query-input":{"@type":"PropertyValueSpecification","valueRequired":true,"valueName":"search_term_string"}}],"inLanguage":"fr-FR"},{"@type":"Organization","@id":"https:\/\/kapitalis.com\/tunisie\/#organization","name":"Kapitalis","url":"https:\/\/kapitalis.com\/tunisie\/","logo":{"@type":"ImageObject","inLanguage":"fr-FR","@id":"https:\/\/kapitalis.com\/tunisie\/#\/schema\/logo\/image\/","url":"https:\/\/kapitalis.com\/tunisie\/wp-content\/uploads\/2022\/05\/Kapitalis-big-size.png","contentUrl":"https:\/\/kapitalis.com\/tunisie\/wp-content\/uploads\/2022\/05\/Kapitalis-big-size.png","width":5000,"height":1500,"caption":"Kapitalis"},"image":{"@id":"https:\/\/kapitalis.com\/tunisie\/#\/schema\/logo\/image\/"},"sameAs":["https:\/\/www.facebook.com\/KapitalisInfo\/","https:\/\/x.com\/KapitalisInfo","https:\/\/www.youtube.com\/channel\/UC-yDYrHyfFBWWZaOw3FPg9Q"]},{"@type":"Person","@id":"https:\/\/kapitalis.com\/tunisie\/#\/schema\/person\/d71f33a9ca44f7bad4698210b480c8e9","name":"webmaster kapitalis","url":"https:\/\/kapitalis.com\/tunisie\/author\/webmaster-kapitalis\/"}]}},"_links":{"self":[{"href":"https:\/\/kapitalis.com\/tunisie\/wp-json\/wp\/v2\/posts\/5563310","targetHints":{"allow":["GET"]}}],"collection":[{"href":"https:\/\/kapitalis.com\/tunisie\/wp-json\/wp\/v2\/posts"}],"about":[{"href":"https:\/\/kapitalis.com\/tunisie\/wp-json\/wp\/v2\/types\/post"}],"author":[{"embeddable":true,"href":"https:\/\/kapitalis.com\/tunisie\/wp-json\/wp\/v2\/users\/8"}],"replies":[{"embeddable":true,"href":"https:\/\/kapitalis.com\/tunisie\/wp-json\/wp\/v2\/comments?post=5563310"}],"version-history":[{"count":1,"href":"https:\/\/kapitalis.com\/tunisie\/wp-json\/wp\/v2\/posts\/5563310\/revisions"}],"predecessor-version":[{"id":5563396,"href":"https:\/\/kapitalis.com\/tunisie\/wp-json\/wp\/v2\/posts\/5563310\/revisions\/5563396"}],"wp:featuredmedia":[{"embeddable":true,"href":"https:\/\/kapitalis.com\/tunisie\/wp-json\/wp\/v2\/media\/5563391"}],"wp:attachment":[{"href":"https:\/\/kapitalis.com\/tunisie\/wp-json\/wp\/v2\/media?parent=5563310"}],"wp:term":[{"taxonomy":"category","embeddable":true,"href":"https:\/\/kapitalis.com\/tunisie\/wp-json\/wp\/v2\/categories?post=5563310"},{"taxonomy":"post_tag","embeddable":true,"href":"https:\/\/kapitalis.com\/tunisie\/wp-json\/wp\/v2\/tags?post=5563310"}],"curies":[{"name":"wp","href":"https:\/\/api.w.org\/{rel}","templated":true}]}}