{"id":55760,"date":"2016-06-27T09:14:06","date_gmt":"2016-06-27T08:14:06","guid":{"rendered":"http:\/\/kapitalis.com\/tunisie\/?p=55760"},"modified":"2016-06-27T09:14:06","modified_gmt":"2016-06-27T08:14:06","slug":"un-repas-de-la-fraternite-a-djerba","status":"publish","type":"post","link":"https:\/\/kapitalis.com\/tunisie\/2016\/06\/27\/un-repas-de-la-fraternite-a-djerba\/","title":{"rendered":"Un \u00abRepas de la fraternit\u00e9\u00bb \u00e0 Djerba"},"content":{"rendered":"<p><img loading=\"lazy\" decoding=\"async\" class=\"alignnone size-full wp-image-55761 aligncenter\" src=\"http:\/\/kapitalis.com\/tunisie\/wp-content\/uploads\/2016\/06\/Diner-de-la-fraternite-Djerba.jpg\" alt=\"Diner-de-la-fraternite-Djerba\" width=\"626\" height=\"380\" \/><\/p>\n<p><em><strong>Un repas d\u2019iftar (rupture du je\u00fbne) a \u00e9t\u00e9 organis\u00e9, samedi, \u00e0 Djerba, avec la participation de 500 personnes de diff\u00e9rentes confessions (musulmans, chr\u00e9tiens et juifs).<\/strong><\/em><\/p>\n<p><!--more--><\/p>\n<p>Organis\u00e9 par l\u2019association Hibiscus Djerba, cet iftar baptis\u00e9<em> \u00abRepas de la fraternit\u00e9\u00bb<\/em> s\u2019est d\u00e9roul\u00e9 \u00e0 la corniche de Houmet Essouk, avec la participation des habitants de l\u2019\u00eele et des touristes.<\/p>\n<p>Les organisateurs ont voulu transmettre un message de paix et d\u00e9montrer la profondeur des relations liant les habitants de Djerba quelle que soit leur religion. La rencontre a \u00e9t\u00e9 une occasion pour apporter un t\u00e9moignage sur la coexistence pacifique entre les habitants des diff\u00e9rentes confessions, a indiqu\u00e9 le pr\u00e9sident de l\u2019association Hibiscus Djerba, Chedli\u00a0Ben Messaoud. Le <em>\u00abrepas de la fraternit\u00e9\u00bb<\/em> constitue une occasion pour partager l\u2019ambiance v\u00e9cue par les je\u00fbneurs pendant le mois de ramadan, a-t-il ajout\u00e9.<\/p>\n<p>Il s\u2019agit, en outre, de faire passer un message, pendant cette p\u00e9riode qui co\u00efncide avec le d\u00e9marrage de la saison touristique, stipulant que la Tunisie est une terre qui bannit la violence et la discrimination, ont indiqu\u00e9 certaines participants, soulignant l\u2019importance de ce type de manifestation dans la diffusion d\u2019une image positive la Tunisie comme un pays de coexistence pacifique o\u00f9 les \u00e9trangers ont toujours \u00e9t\u00e9 les bienvenus.<\/p>\n<p style=\"text-align: right;\"><strong>I. B.<\/strong> (avec Tap).<\/p>\n","protected":false},"excerpt":{"rendered":"<p>Un repas d\u2019iftar (rupture du je\u00fbne) a \u00e9t\u00e9 organis\u00e9, samedi, \u00e0 Djerba, avec la participation de 500 personnes de diff\u00e9rentes confessions (musulmans, chr\u00e9tiens et juifs).<\/p>\n","protected":false},"author":8,"featured_media":55761,"comment_status":"open","ping_status":"open","sticky":false,"template":"","format":"standard","meta":{"footnotes":""},"categories":[998,2433],"tags":[1972,284,455,2432,1971,648,2758],"class_list":["post-55760","post","type-post","status-publish","format-standard","has-post-thumbnail","hentry","category-societe","category-tunisie","tag-chretiens","tag-djerba","tag-houmet-essouk","tag-iftar","tag-juifs","tag-musulmans","tag-rupture-du-jeune"],"yoast_head":"<!-- This site is optimized with the Yoast SEO plugin v26.6 - https:\/\/yoast.com\/wordpress\/plugins\/seo\/ -->\n<title>Un \u00abRepas de la fraternit\u00e9\u00bb \u00e0 Djerba - Kapitalis<\/title>\n<meta name=\"robots\" content=\"index, follow, max-snippet:-1, max-image-preview:large, max-video-preview:-1\" \/>\n<link rel=\"canonical\" href=\"https:\/\/kapitalis.com\/tunisie\/2016\/06\/27\/un-repas-de-la-fraternite-a-djerba\/\" \/>\n<meta property=\"og:locale\" content=\"fr_FR\" \/>\n<meta property=\"og:type\" content=\"article\" \/>\n<meta property=\"og:title\" content=\"Un \u00abRepas de la fraternit\u00e9\u00bb \u00e0 Djerba - Kapitalis\" \/>\n<meta property=\"og:description\" content=\"Un repas d\u2019iftar (rupture du je\u00fbne) a \u00e9t\u00e9 organis\u00e9, samedi, \u00e0 Djerba, avec la participation de 500 personnes de diff\u00e9rentes confessions (musulmans, chr\u00e9tiens et juifs).\" \/>\n<meta property=\"og:url\" content=\"https:\/\/kapitalis.com\/tunisie\/2016\/06\/27\/un-repas-de-la-fraternite-a-djerba\/\" \/>\n<meta property=\"og:site_name\" content=\"Kapitalis\" \/>\n<meta property=\"article:publisher\" content=\"https:\/\/www.facebook.com\/KapitalisInfo\/\" \/>\n<meta property=\"article:published_time\" content=\"2016-06-27T08:14:06+00:00\" \/>\n<meta property=\"og:image\" content=\"https:\/\/kapitalis.com\/tunisie\/wp-content\/uploads\/2022\/05\/kapitalis-logo-fb.png\" \/>\n\t<meta property=\"og:image:width\" content=\"1200\" \/>\n\t<meta property=\"og:image:height\" content=\"630\" \/>\n\t<meta property=\"og:image:type\" content=\"image\/png\" \/>\n<meta name=\"author\" content=\"webmaster kapitalis\" \/>\n<meta name=\"twitter:card\" content=\"summary_large_image\" \/>\n<meta name=\"twitter:creator\" content=\"@KapitalisInfo\" \/>\n<meta name=\"twitter:site\" content=\"@KapitalisInfo\" \/>\n<meta name=\"twitter:label1\" content=\"\u00c9crit par\" \/>\n\t<meta name=\"twitter:data1\" content=\"webmaster kapitalis\" \/>\n\t<meta name=\"twitter:label2\" content=\"Dur\u00e9e de lecture estim\u00e9e\" \/>\n\t<meta name=\"twitter:data2\" content=\"1 minute\" \/>\n<script type=\"application\/ld+json\" class=\"yoast-schema-graph\">{\"@context\":\"https:\/\/schema.org\",\"@graph\":[{\"@type\":\"Article\",\"@id\":\"https:\/\/kapitalis.com\/tunisie\/2016\/06\/27\/un-repas-de-la-fraternite-a-djerba\/#article\",\"isPartOf\":{\"@id\":\"https:\/\/kapitalis.com\/tunisie\/2016\/06\/27\/un-repas-de-la-fraternite-a-djerba\/\"},\"author\":{\"name\":\"webmaster kapitalis\",\"@id\":\"https:\/\/kapitalis.com\/tunisie\/#\/schema\/person\/d71f33a9ca44f7bad4698210b480c8e9\"},\"headline\":\"Un \u00abRepas de la fraternit\u00e9\u00bb \u00e0 Djerba\",\"datePublished\":\"2016-06-27T08:14:06+00:00\",\"mainEntityOfPage\":{\"@id\":\"https:\/\/kapitalis.com\/tunisie\/2016\/06\/27\/un-repas-de-la-fraternite-a-djerba\/\"},\"wordCount\":230,\"commentCount\":0,\"publisher\":{\"@id\":\"https:\/\/kapitalis.com\/tunisie\/#organization\"},\"image\":{\"@id\":\"https:\/\/kapitalis.com\/tunisie\/2016\/06\/27\/un-repas-de-la-fraternite-a-djerba\/#primaryimage\"},\"thumbnailUrl\":\"\",\"keywords\":[\"chr\u00e9tiens\",\"Djerba\",\"Houmet Essouk\",\"iftar\",\"juifs\",\"musulmans\",\"rupture du je\u00fbne\"],\"articleSection\":[\"SOCIETE\",\"Tunisie\"],\"inLanguage\":\"fr-FR\",\"potentialAction\":[{\"@type\":\"CommentAction\",\"name\":\"Comment\",\"target\":[\"https:\/\/kapitalis.com\/tunisie\/2016\/06\/27\/un-repas-de-la-fraternite-a-djerba\/#respond\"]}]},{\"@type\":\"WebPage\",\"@id\":\"https:\/\/kapitalis.com\/tunisie\/2016\/06\/27\/un-repas-de-la-fraternite-a-djerba\/\",\"url\":\"https:\/\/kapitalis.com\/tunisie\/2016\/06\/27\/un-repas-de-la-fraternite-a-djerba\/\",\"name\":\"Un \u00abRepas de la fraternit\u00e9\u00bb \u00e0 Djerba - Kapitalis\",\"isPartOf\":{\"@id\":\"https:\/\/kapitalis.com\/tunisie\/#website\"},\"primaryImageOfPage\":{\"@id\":\"https:\/\/kapitalis.com\/tunisie\/2016\/06\/27\/un-repas-de-la-fraternite-a-djerba\/#primaryimage\"},\"image\":{\"@id\":\"https:\/\/kapitalis.com\/tunisie\/2016\/06\/27\/un-repas-de-la-fraternite-a-djerba\/#primaryimage\"},\"thumbnailUrl\":\"\",\"datePublished\":\"2016-06-27T08:14:06+00:00\",\"breadcrumb\":{\"@id\":\"https:\/\/kapitalis.com\/tunisie\/2016\/06\/27\/un-repas-de-la-fraternite-a-djerba\/#breadcrumb\"},\"inLanguage\":\"fr-FR\",\"potentialAction\":[{\"@type\":\"ReadAction\",\"target\":[\"https:\/\/kapitalis.com\/tunisie\/2016\/06\/27\/un-repas-de-la-fraternite-a-djerba\/\"]}]},{\"@type\":\"ImageObject\",\"inLanguage\":\"fr-FR\",\"@id\":\"https:\/\/kapitalis.com\/tunisie\/2016\/06\/27\/un-repas-de-la-fraternite-a-djerba\/#primaryimage\",\"url\":\"\",\"contentUrl\":\"\"},{\"@type\":\"BreadcrumbList\",\"@id\":\"https:\/\/kapitalis.com\/tunisie\/2016\/06\/27\/un-repas-de-la-fraternite-a-djerba\/#breadcrumb\",\"itemListElement\":[{\"@type\":\"ListItem\",\"position\":1,\"name\":\"Accueil\",\"item\":\"https:\/\/kapitalis.com\/tunisie\/\"},{\"@type\":\"ListItem\",\"position\":2,\"name\":\"Un \u00abRepas de la fraternit\u00e9\u00bb \u00e0 Djerba\"}]},{\"@type\":\"WebSite\",\"@id\":\"https:\/\/kapitalis.com\/tunisie\/#website\",\"url\":\"https:\/\/kapitalis.com\/tunisie\/\",\"name\":\"Kapitalis\",\"description\":\"L&#039;actualit\u00e9 en Tunisie et dans le monde\",\"publisher\":{\"@id\":\"https:\/\/kapitalis.com\/tunisie\/#organization\"},\"potentialAction\":[{\"@type\":\"SearchAction\",\"target\":{\"@type\":\"EntryPoint\",\"urlTemplate\":\"https:\/\/kapitalis.com\/tunisie\/?s={search_term_string}\"},\"query-input\":{\"@type\":\"PropertyValueSpecification\",\"valueRequired\":true,\"valueName\":\"search_term_string\"}}],\"inLanguage\":\"fr-FR\"},{\"@type\":\"Organization\",\"@id\":\"https:\/\/kapitalis.com\/tunisie\/#organization\",\"name\":\"Kapitalis\",\"url\":\"https:\/\/kapitalis.com\/tunisie\/\",\"logo\":{\"@type\":\"ImageObject\",\"inLanguage\":\"fr-FR\",\"@id\":\"https:\/\/kapitalis.com\/tunisie\/#\/schema\/logo\/image\/\",\"url\":\"https:\/\/kapitalis.com\/tunisie\/wp-content\/uploads\/2022\/05\/Kapitalis-big-size.png\",\"contentUrl\":\"https:\/\/kapitalis.com\/tunisie\/wp-content\/uploads\/2022\/05\/Kapitalis-big-size.png\",\"width\":5000,\"height\":1500,\"caption\":\"Kapitalis\"},\"image\":{\"@id\":\"https:\/\/kapitalis.com\/tunisie\/#\/schema\/logo\/image\/\"},\"sameAs\":[\"https:\/\/www.facebook.com\/KapitalisInfo\/\",\"https:\/\/x.com\/KapitalisInfo\",\"https:\/\/www.youtube.com\/channel\/UC-yDYrHyfFBWWZaOw3FPg9Q\"]},{\"@type\":\"Person\",\"@id\":\"https:\/\/kapitalis.com\/tunisie\/#\/schema\/person\/d71f33a9ca44f7bad4698210b480c8e9\",\"name\":\"webmaster kapitalis\",\"url\":\"https:\/\/kapitalis.com\/tunisie\/author\/webmaster-kapitalis\/\"}]}<\/script>\n<!-- \/ Yoast SEO plugin. -->","yoast_head_json":{"title":"Un \u00abRepas de la fraternit\u00e9\u00bb \u00e0 Djerba - Kapitalis","robots":{"index":"index","follow":"follow","max-snippet":"max-snippet:-1","max-image-preview":"max-image-preview:large","max-video-preview":"max-video-preview:-1"},"canonical":"https:\/\/kapitalis.com\/tunisie\/2016\/06\/27\/un-repas-de-la-fraternite-a-djerba\/","og_locale":"fr_FR","og_type":"article","og_title":"Un \u00abRepas de la fraternit\u00e9\u00bb \u00e0 Djerba - Kapitalis","og_description":"Un repas d\u2019iftar (rupture du je\u00fbne) a \u00e9t\u00e9 organis\u00e9, samedi, \u00e0 Djerba, avec la participation de 500 personnes de diff\u00e9rentes confessions (musulmans, chr\u00e9tiens et juifs).","og_url":"https:\/\/kapitalis.com\/tunisie\/2016\/06\/27\/un-repas-de-la-fraternite-a-djerba\/","og_site_name":"Kapitalis","article_publisher":"https:\/\/www.facebook.com\/KapitalisInfo\/","article_published_time":"2016-06-27T08:14:06+00:00","og_image":[{"width":1200,"height":630,"url":"https:\/\/kapitalis.com\/tunisie\/wp-content\/uploads\/2022\/05\/kapitalis-logo-fb.png","type":"image\/png"}],"author":"webmaster kapitalis","twitter_card":"summary_large_image","twitter_creator":"@KapitalisInfo","twitter_site":"@KapitalisInfo","twitter_misc":{"\u00c9crit par":"webmaster kapitalis","Dur\u00e9e de lecture estim\u00e9e":"1 minute"},"schema":{"@context":"https:\/\/schema.org","@graph":[{"@type":"Article","@id":"https:\/\/kapitalis.com\/tunisie\/2016\/06\/27\/un-repas-de-la-fraternite-a-djerba\/#article","isPartOf":{"@id":"https:\/\/kapitalis.com\/tunisie\/2016\/06\/27\/un-repas-de-la-fraternite-a-djerba\/"},"author":{"name":"webmaster kapitalis","@id":"https:\/\/kapitalis.com\/tunisie\/#\/schema\/person\/d71f33a9ca44f7bad4698210b480c8e9"},"headline":"Un \u00abRepas de la fraternit\u00e9\u00bb \u00e0 Djerba","datePublished":"2016-06-27T08:14:06+00:00","mainEntityOfPage":{"@id":"https:\/\/kapitalis.com\/tunisie\/2016\/06\/27\/un-repas-de-la-fraternite-a-djerba\/"},"wordCount":230,"commentCount":0,"publisher":{"@id":"https:\/\/kapitalis.com\/tunisie\/#organization"},"image":{"@id":"https:\/\/kapitalis.com\/tunisie\/2016\/06\/27\/un-repas-de-la-fraternite-a-djerba\/#primaryimage"},"thumbnailUrl":"","keywords":["chr\u00e9tiens","Djerba","Houmet Essouk","iftar","juifs","musulmans","rupture du je\u00fbne"],"articleSection":["SOCIETE","Tunisie"],"inLanguage":"fr-FR","potentialAction":[{"@type":"CommentAction","name":"Comment","target":["https:\/\/kapitalis.com\/tunisie\/2016\/06\/27\/un-repas-de-la-fraternite-a-djerba\/#respond"]}]},{"@type":"WebPage","@id":"https:\/\/kapitalis.com\/tunisie\/2016\/06\/27\/un-repas-de-la-fraternite-a-djerba\/","url":"https:\/\/kapitalis.com\/tunisie\/2016\/06\/27\/un-repas-de-la-fraternite-a-djerba\/","name":"Un \u00abRepas de la fraternit\u00e9\u00bb \u00e0 Djerba - Kapitalis","isPartOf":{"@id":"https:\/\/kapitalis.com\/tunisie\/#website"},"primaryImageOfPage":{"@id":"https:\/\/kapitalis.com\/tunisie\/2016\/06\/27\/un-repas-de-la-fraternite-a-djerba\/#primaryimage"},"image":{"@id":"https:\/\/kapitalis.com\/tunisie\/2016\/06\/27\/un-repas-de-la-fraternite-a-djerba\/#primaryimage"},"thumbnailUrl":"","datePublished":"2016-06-27T08:14:06+00:00","breadcrumb":{"@id":"https:\/\/kapitalis.com\/tunisie\/2016\/06\/27\/un-repas-de-la-fraternite-a-djerba\/#breadcrumb"},"inLanguage":"fr-FR","potentialAction":[{"@type":"ReadAction","target":["https:\/\/kapitalis.com\/tunisie\/2016\/06\/27\/un-repas-de-la-fraternite-a-djerba\/"]}]},{"@type":"ImageObject","inLanguage":"fr-FR","@id":"https:\/\/kapitalis.com\/tunisie\/2016\/06\/27\/un-repas-de-la-fraternite-a-djerba\/#primaryimage","url":"","contentUrl":""},{"@type":"BreadcrumbList","@id":"https:\/\/kapitalis.com\/tunisie\/2016\/06\/27\/un-repas-de-la-fraternite-a-djerba\/#breadcrumb","itemListElement":[{"@type":"ListItem","position":1,"name":"Accueil","item":"https:\/\/kapitalis.com\/tunisie\/"},{"@type":"ListItem","position":2,"name":"Un \u00abRepas de la fraternit\u00e9\u00bb \u00e0 Djerba"}]},{"@type":"WebSite","@id":"https:\/\/kapitalis.com\/tunisie\/#website","url":"https:\/\/kapitalis.com\/tunisie\/","name":"Kapitalis","description":"L&#039;actualit\u00e9 en Tunisie et dans le monde","publisher":{"@id":"https:\/\/kapitalis.com\/tunisie\/#organization"},"potentialAction":[{"@type":"SearchAction","target":{"@type":"EntryPoint","urlTemplate":"https:\/\/kapitalis.com\/tunisie\/?s={search_term_string}"},"query-input":{"@type":"PropertyValueSpecification","valueRequired":true,"valueName":"search_term_string"}}],"inLanguage":"fr-FR"},{"@type":"Organization","@id":"https:\/\/kapitalis.com\/tunisie\/#organization","name":"Kapitalis","url":"https:\/\/kapitalis.com\/tunisie\/","logo":{"@type":"ImageObject","inLanguage":"fr-FR","@id":"https:\/\/kapitalis.com\/tunisie\/#\/schema\/logo\/image\/","url":"https:\/\/kapitalis.com\/tunisie\/wp-content\/uploads\/2022\/05\/Kapitalis-big-size.png","contentUrl":"https:\/\/kapitalis.com\/tunisie\/wp-content\/uploads\/2022\/05\/Kapitalis-big-size.png","width":5000,"height":1500,"caption":"Kapitalis"},"image":{"@id":"https:\/\/kapitalis.com\/tunisie\/#\/schema\/logo\/image\/"},"sameAs":["https:\/\/www.facebook.com\/KapitalisInfo\/","https:\/\/x.com\/KapitalisInfo","https:\/\/www.youtube.com\/channel\/UC-yDYrHyfFBWWZaOw3FPg9Q"]},{"@type":"Person","@id":"https:\/\/kapitalis.com\/tunisie\/#\/schema\/person\/d71f33a9ca44f7bad4698210b480c8e9","name":"webmaster kapitalis","url":"https:\/\/kapitalis.com\/tunisie\/author\/webmaster-kapitalis\/"}]}},"_links":{"self":[{"href":"https:\/\/kapitalis.com\/tunisie\/wp-json\/wp\/v2\/posts\/55760","targetHints":{"allow":["GET"]}}],"collection":[{"href":"https:\/\/kapitalis.com\/tunisie\/wp-json\/wp\/v2\/posts"}],"about":[{"href":"https:\/\/kapitalis.com\/tunisie\/wp-json\/wp\/v2\/types\/post"}],"author":[{"embeddable":true,"href":"https:\/\/kapitalis.com\/tunisie\/wp-json\/wp\/v2\/users\/8"}],"replies":[{"embeddable":true,"href":"https:\/\/kapitalis.com\/tunisie\/wp-json\/wp\/v2\/comments?post=55760"}],"version-history":[{"count":0,"href":"https:\/\/kapitalis.com\/tunisie\/wp-json\/wp\/v2\/posts\/55760\/revisions"}],"wp:featuredmedia":[{"embeddable":true,"href":"https:\/\/kapitalis.com\/tunisie\/wp-json\/wp\/v2\/media\/55761"}],"wp:attachment":[{"href":"https:\/\/kapitalis.com\/tunisie\/wp-json\/wp\/v2\/media?parent=55760"}],"wp:term":[{"taxonomy":"category","embeddable":true,"href":"https:\/\/kapitalis.com\/tunisie\/wp-json\/wp\/v2\/categories?post=55760"},{"taxonomy":"post_tag","embeddable":true,"href":"https:\/\/kapitalis.com\/tunisie\/wp-json\/wp\/v2\/tags?post=55760"}],"curies":[{"name":"wp","href":"https:\/\/api.w.org\/{rel}","templated":true}]}}