{"id":5578,"date":"2015-06-29T23:11:40","date_gmt":"2015-06-29T22:11:40","guid":{"rendered":"http:\/\/kapitalis.com\/tunisie\/?p=5578"},"modified":"2018-06-13T14:04:27","modified_gmt":"2018-06-13T13:04:27","slug":"assassinat-de-chokri-belaid-les-dessous-dun-crime-islamiste","status":"publish","type":"post","link":"https:\/\/kapitalis.com\/tunisie\/2015\/06\/29\/assassinat-de-chokri-belaid-les-dessous-dun-crime-islamiste\/","title":{"rendered":"Assassinat de Chokri Bela\u00efd: Les dessous d\u2019un crime islamiste"},"content":{"rendered":"<p><img loading=\"lazy\" decoding=\"async\" class=\"aligncenter size-full wp-image-5579\" src=\"http:\/\/kapitalis.com\/tunisie\/wp-content\/uploads\/2015\/06\/Chokri-Belaid1.jpg\" alt=\"Chokri-Belaid\" width=\"626\" height=\"380\" \/><\/p>\n<p><em><strong>Le proc\u00e8s des assassins de Chokri Bela\u00efd s\u2019ouvre aujourd\u2019hui \u00e0 Tunis. Dans une s\u00e9rie d\u2019articles, Kapitalis revient sur les circonstances de cet assassinat.\u00a0 \u00a0<\/strong><\/em><\/p>\n<p>Par <strong>Abdellatif Ben Salem<\/strong><\/p>\n<p><!--more--><\/p>\n<p>L\u2019audace intellectuelle de Chokri Bela\u00efd, conjugu\u00e9e \u00e0 une connaissance profonde de notre r\u00e9alit\u00e9 historique, son intelligence du moment sp\u00e9cifique que traversait son pays et le r\u00f4le important qu\u2019il joua dans l\u2019organisation de la r\u00e9sistance contre les vell\u00e9it\u00e9s h\u00e9g\u00e9moniques des islamistes et leur tentative de remodeler de fond en comble la soci\u00e9t\u00e9 et l\u2019Etat, pour les\u00a0 conformer \u00e0 leur vision pseudo th\u00e9ologique, lui valurent, d\u00e8s le lendemain de la r\u00e9volution de la dignit\u00e9, le respect et l\u2019affection de vastes secteurs de la population tunisienne.<\/p>\n<p>Pour nous qui avons suivi et accompagn\u00e9 son combat contre les islamistes jusqu\u2019\u00e0 son assassinat, nous pouvons affirmer que son sacrifice supr\u00eame constitua un tournant d\u00e9cisif dans notre histoire. Et c\u2019est de l\u2019issue du proc\u00e8s de ses tueurs qui s\u2019ouvre ce mardi 30 juin 2015, que d\u00e9pendra le devenir de la Tunisie d\u00e9mocratique.<\/p>\n<p>Au fond, Chokri Bela\u00efd a toujours cherch\u00e9 \u00e0 faire comprendre aux Tunisien-ne-s que l\u2019islam politique est une aberration et il ne doit pas y avoir de place pour lui sur notre terre. Il a \u00e9t\u00e9 abattu \u00e0 cause de cela. Certes, la main qui a appuy\u00e9 sur la g\u00e2chette importe, mais elle importe peu en comparaison avec ceux qui l\u2019ont arm\u00e9e. Ce proc\u00e8s doit \u00eatre celui de l\u2019islam politique et de ses repr\u00e9sentants et leurs complices impliqu\u00e9s dans ce meurtre et pas autre chose.<\/p>\n<p><strong>Acte 1 : Avant le 6 f\u00e9vrier 2013 <\/strong><\/p>\n<p>Tout a commenc\u00e9 vers le milieu de l\u2019ann\u00e9e 2012, entre le mois de juin et juillet, quand le d\u00e9nomm\u00e9 Mohamed Cherif Jebali(1), ancien officier de police rattach\u00e9 aux services du tristement c\u00e9l\u00e8bre Mohamed Ali Ganzoui, le plus honni des directeur de s\u00fbret\u00e9 de la d\u00e9funte dictature, a fait circuler sur les r\u00e9seaux sociaux un r\u00e9quisitoire violent contre Chokri Bela\u00efd, secr\u00e9taire g\u00e9n\u00e9ral du Parti des patriotes-d\u00e9mocrates unifi\u00e9 (PPDU), plus connu par l\u2019abr\u00e9viation Watad. Ce texte diffamatoire constituait une atteinte grave \u00e0 son honneur d\u2019avocat, \u00e0 sa probit\u00e9 d\u2019intellectuelle, \u00e0 son int\u00e9grit\u00e9 de dirigeant politique et \u00e0 sa dignit\u00e9 de citoyen.<\/p>\n<p>Les nombreuses relances provocatrices, qui suivirent la premi\u00e8re mise en ligne de ce pamphlet, cherchaient \u00e0 exercer le maximum de pression sur Chokri Bela\u00efd pour le contraindre \u00e0 r\u00e9pondre aux accusations contenues dans ce libelle, tout en le d\u00e9fiant avec insistance de porter l\u2019affaire devant les tribunaux !<\/p>\n<p>Au-del\u00e0 du contenu infamant, celui qui se pr\u00e9sentait comme auteur s\u2019acharnait tout particuli\u00e8rement \u00e0 d\u00e9shonorer l\u2019avocat, en pr\u00e9sentant de lui une image si contrast\u00e9e avec celle connue du public, qu\u2019on en restait litt\u00e9ralement interdit.<\/p>\n<p>Pour r\u00e9ussir son coup, Cherif Jebali a employ\u00e9, volontairement ou involontairement, un proc\u00e9d\u00e9 appliqu\u00e9\u00a0 en sciences sociales appel\u00e9 le <em>\u00abraisonnement paradoxal<\/em>\u00bb, qui consiste a prendre le contrepied d\u2019une chose et d\u2019affirmer son contraire, la lettre de d\u00e9nonciation diffus\u00e9e cherchait incontestablement \u00e0 frapper fort et \u00e0 provoquer le maximum de d\u00e9g\u00e2ts<br \/>\nDans le contexte post-r\u00e9volutionnaire d\u2019il y a 3 ans, marqu\u00e9 par des affrontements politiques impitoyables entre les repr\u00e9sentants des forces antagoniques de la Tro\u00efka, alliance tripartite Ennahdha\/Al-Moatamar\/Ettakatol au pouvoir, soutenue par les salafistes et la mouvance jihadiste radicale, d\u2019un c\u00f4t\u00e9, et de l\u2019autre, et les repr\u00e9sentants de l\u2019opposition d\u00e9mocratique, qui, viennent \u00e0 peine, les uns et les autres, de sortir en pleine lumi\u00e8re apr\u00e8s des d\u00e9cennies de prison, d\u2019exil et de clandestinit\u00e9, et par cons\u00e9quent encore mal connus du grand public.<\/p>\n<p><strong>Le syst\u00e8me de d\u00e9sinformation <\/strong><\/p>\n<p>Il \u00e9tait \u00e0 la port\u00e9e de tout un chacun, l\u2019acc\u00e8s facile des nouvelles technologies de communication aidant, de diffuser \u00e0 la vitesse du son les plus folles des rumeurs et des mystifications sur telle ou telle personne. Tr\u00e8s t\u00f4t, Ennahdha et d\u2019une mani\u00e8re g\u00e9n\u00e9rale la galaxie islamiste et jihadiste avaient, au lendemain de la r\u00e9volution, compris le profit qu\u2019ils pouvaient tirer de l\u2019arme de la rumeur massive et son efficacit\u00e9 redoutable pour d\u00e9sorienter les gens et d\u00e9stabiliser leurs ennemis. Le mouvement islamiste, tout parti au pouvoir qu\u2019il \u00e9tait, et son arm\u00e9e d\u2019ex\u00e9cutants, alignant des centaines voire des milliers de page facebook r\u00e9mun\u00e9r\u00e9es et chapeaut\u00e9es par une cellule de d\u00e9sinformation, de propagande et d\u2019intox baptis\u00e9e \u2018\u2018<em>Maktab al-tadhl\u00eel\u2019<\/em>\u2019 (Bureau de la d\u00e9sinformation), affectionnaient particuli\u00e8rement le maniement de l\u2019invective, de la diffamation et de la menace.<\/p>\n<p style=\"text-align: center;\"><img loading=\"lazy\" decoding=\"async\" class=\"aligncenter size-full wp-image-5580\" src=\"http:\/\/kapitalis.com\/tunisie\/wp-content\/uploads\/2015\/06\/Rached-Ghannouchi-et-Moncef-Ouerghi.jpg\" alt=\"Rached-Ghannouchi-et-Moncef-Ouerghi\" width=\"500\" height=\"300\" \/><\/p>\n<p style=\"text-align: center;\"><em>Accolade de Rached Ghannouchi et Moncef Ouerghi, qui entrainait les futurs jihadistes tueurs de Chokri Belaid.<\/em><\/p>\n<p>La constitution des groupes suppl\u00e9tifs violents, calqu\u00e9s sur le mod\u00e8le des milices fascistes des r\u00e9gimes totalitaires des ann\u00e9es 1930, et des d\u00e9tachement de combattantes f\u00e9minines (<em>\u00abmuntaqib\u00e2t\u00bb<\/em>) \u00e0 l\u2019iranienne, dont l\u2019entrainement fut confi\u00e9 un temps \u00e0 une ressortissante asiatique, probablement l\u2019\u00e9pouse du jihadiste Moncef Ouerghi (d\u00e9c\u00e9d\u00e9 dans des circonstances myst\u00e9rieuses)(2), inventeur de l\u2019art martial appel\u00e9 \u00ab<em>zamaqtel\u00bb<\/em> (global war), sont venus compl\u00e9ter cette architecture r\u00e9pressive et guerri\u00e8re, confirmant, s\u2019il en \u00e9tait besoin, l\u2019enracinement profond de la sph\u00e8re islamiste, toutes ramifications confondues, dans la \u00abculture\u00bb de la violence politique et, son corollaire, l\u2019usage de m\u00e9thodes brutales et paramilitaires pour neutraliser ses ennemis et asseoir son h\u00e9g\u00e9monie.<\/p>\n<p>Cependant \u00e0 l\u2019exception d\u2019une poign\u00e9e d\u2019observateurs attentifs de la vie politique, le pamphlet de Ch\u00e9rif Jebali n\u2019avait pas vraiment affol\u00e9 la toile, ni provoqu\u00e9 la moindre panique dans les rangs des amis de Chokri Bela\u00efd, d\u2019autant, qu\u2019en ces temps de clivages et d\u2019affrontements ouverts, on ne voulait y voir qu\u2019un colportage de ragots destin\u00e9 \u00e0 ternir l\u2019image d\u2019un patriote dont la d\u00e9nonciation des vis\u00e9es totalitaires d\u2019Ennahdha ne susciteraient, dans les pires des cas, que la col\u00e8re de quelque responsables. En cons\u00e9quence de quoi, personne ou presque n\u2019accorda, \u00e0 ce stade, suffisamment d\u2019importance \u00e0 cet \u00e9pisode de gu\u00e9rilla virtuelle qui d\u00e9chirait la Toile et faisait rage du matin au soir.<\/p>\n<p>Rappelons que d\u00e8s les premi\u00e8res semaines de l\u2019exercice des deux gouvernement provisoire de Mohamed Ghannouchi, ainsi que du troisi\u00e8me pr\u00e9sid\u00e9 par B\u00e9ji Ca\u00efd Essebsi, les jeunes commen\u00e7aient d\u00e9j\u00e0 \u00e0 crier au vol de la r\u00e9volution. De Tunis, \u00e0 Sidi Bouzid et \u00e0 M\u00e9denine, et des fronti\u00e8res occidentales d\u00e9sh\u00e9rit\u00e9es, aux villes du Sahel qu\u2019on continue \u00e0 croire prosp\u00e8res, le concept d\u2019<em>\u00ab\u00eeltif\u00e2f\u00bb<\/em> (r\u00e9cup\u00e9ration) de la r\u00e9volution faisait tranquillement son chemin jusqu\u2019\u00e0 devenir, en quelques mois, une v\u00e9rit\u00e9 massive que les \u00e9v\u00e9nements ult\u00e9rieurs viendront confirmer.<\/p>\n<p>Apr\u00e8s la victoire d\u2019Ennahdha et des partis croupions, le CpR et Ettakatol, le ciel de Tunisie s\u2019est obscurci davantage, l\u2019immense fiert\u00e9 des Tunisien-ne-s d\u2019avoir<em> \u00abd\u00e9gag\u00e9\u00bb<\/em>, sans intervention \u00e9trang\u00e8re, le dictateur comme un malpropre, dissout son parti et d\u00e9mantel\u00e9 son syst\u00e8me mafieux, s\u2019\u00e9vapora comme par enchantement pour laisser place \u00e0 une profonde d\u00e9sillusion.<\/p>\n<p>Les portes de l\u2019enfer s\u2019ouvrirent un 26 d\u00e9cembre de l\u2019ann\u00e9e 2011, jour d\u2019investiture de Hamadi Jebali comme chef de gouvernement provisoire, quand les Tunisiens d\u00e9couvrirent, m\u00e9dus\u00e9s, des centaines des miliciens d\u2019Ennahdha mass\u00e9es autour de la Place de la Kasbah, exhibant, dans une attitude insolence, la \u00abcolombe bleue\u00bb aux ailes d\u00e9mesur\u00e9ment d\u00e9ploy\u00e9es de leur parti.<\/p>\n<p><strong>Mais qui est au juste Cherif Jebali?<\/strong><\/p>\n<p>Impliqu\u00e9 dans une affaire de m\u0153urs, Mohamed Cherif Jebali fut limog\u00e9 de son poste d\u2019inspecteur de police, mais son mentor et protecteur de l\u2019\u00e9poque, Mohamed Ali Ganzoui, intervint en sa faveur et l\u2019inscrit au Barreau de Tunis. Cette recommandation, venant de la part d\u2019un haut responsable de la hi\u00e9rarchie polici\u00e8re, lui permettra de rafler des nombreuses affaires li\u00e9es aux contentieux de l\u2019Etat. En 2005, il proposa \u00e0 des membres d\u2019Ennahdha, dont l\u2019avocat Noureddine Bhiri, en marge du sit-in organis\u00e9 par les avocats en solidarit\u00e9 avec Mohamed Abbou, une interm\u00e9diation avec des hauts responsables du corps de la s\u00e9curit\u00e9.<\/p>\n<p>Les avocats du Barreau de Tunis et certains acteurs de la soci\u00e9t\u00e9 civile, dont Chokri Bela\u00efd, ne tard\u00e8rent pas \u00e0 le d\u00e9masquer en tant que taupe de la police politique. Pour se prot\u00e9ger, Ch\u00e9rif Jebali se refugia dans le groupe d\u2019avocats du parti-Etat RCD, o\u00f9 il fut nomm\u00e9 directeur de campagne de Me H\u00e9di Triki, qui briguait son dernier mandat \u00e0 la t\u00eate de l\u2019Ordre des Avocats. Sa mission principale consistait alors \u00e0 orchestrer des campagnes calomnieuses contre les candidats rivaux tels Me B\u00e9chir Essid, Abdessattar Ben Moussa et Abderrazak Kilani. Il fit alors circuler sur ce dernier la rumeur qu\u2019il est d\u2019ascendance juive.<\/p>\n<p>Comme tous les ex\u00e9cutants de basses \u0153uvre, Cherif Jebali poss\u00e8de le profil de la fonction : arch\u00e9type de ces cr\u00e9atures qui surgissent et prosp\u00e8rent \u00e0 la faveur des troubles et des convulsions politiques que traverse un pays dans les p\u00e9riodes de grandes ruptures.<\/p>\n<p>Quand on observe attentivement les mani\u00e8res reptilienne de cet avocaillon et ancien flic de Ben Ali, crachant son fiel sur quelques plateaux de t\u00e9l\u00e9vision islamistes, contre ceux qu\u2019il appelle \u00ab<em>contrer\u00e9volutionnaires<\/em>\u00bb, en exhibant \u00e0 tout bout de champ des documents prot\u00e9g\u00e9s par le secret d\u2019Etat, de comptes rendus d\u2019\u00e9coutes t\u00e9l\u00e9phoniques et de listing des num\u00e9ros de portables ultraconfidentiels, sans que la justice lui pose la question sur ses sources d\u2019information, on est, ou bien choqu\u00e9, ou pris d\u2019un immense d\u00e9go\u00fbt devant la mansu\u00e9tude douteuse des trois gouvernements successifs de la Tro\u00efka \u00e0 son \u00e9gard.<\/p>\n<p>Auteur de plusieurs d\u00e9lits et infractions, escroquerie, malversations, d\u00e9tournements, qui lui vaudront la traduction devant le conseil de discipline et la radiation de l\u2019Ordre des Avocats. Il sera interdit d\u2019exercer, c\u2019est l\u00e0 qu\u2019il entreprendra un rapprochement de certains membres du CpR. Il leur facilitera des contacts avec des responsables du corps de s\u00e9curit\u00e9 tels que Sami Sik Salem, directeur g\u00e9n\u00e9ral de la s\u00e9curit\u00e9 pr\u00e9sidentielle, \u00e9lev\u00e9 la m\u00eame ann\u00e9e par le pr\u00e9sident provisoire de la r\u00e9publique, Moncef Marzouki, au grade de colonel-major. Ses nouveaux \u00ab<em>tuyaux\u00bb \u00abc\u00e9p\u00e9ristes<\/em>\u00bb ne donneront aucun r\u00e9sultat probant car les casseroles qu\u2019il tra\u00eene derri\u00e8re causaient un tel vacarme que m\u00eame les gens du CpR ont fini par le l\u00e2cher.<\/p>\n<p>C\u2019est ainsi qu\u2019il s\u2019est mis \u00e0 la recherche d\u2019un nouveau parrain. Ce sera cette fois-ci Ennahdha. Comme on l\u2019a vu, d\u2019abord parce que les solutions \u00e0 ses d\u00e9m\u00eal\u00e9s avec la justice, en tant qu\u2019ancien avocat des Trabelsi (Mohamed Nacer et Houssen) interdit d\u2019exercice, passaient n\u00e9cessairement par la section r\u00e9gionale du barreau de Tunis aux mains de l\u2019islamiste Mohamed N\u00e9jib Ben Youssef. Ensuite, seul un fil direct avec la minist\u00e8re de la Justice est \u00e0 m\u00eame de lui garantir une protection contre les poursuites engag\u00e9es contre lui.<\/p>\n<p style=\"text-align: center;\"><img loading=\"lazy\" decoding=\"async\" class=\"aligncenter size-full wp-image-5582\" src=\"http:\/\/kapitalis.com\/tunisie\/wp-content\/uploads\/2015\/06\/Cherif-Jebali.jpg\" alt=\"Cherif-Jebali\" width=\"500\" height=\"350\" \/><\/p>\n<p style=\"text-align: center;\"><em>Ch\u00e9rif J\u00e9bali, l&rsquo;homme de main du CpR et d&rsquo;Ennahdha. <\/em><\/p>\n<p>A partir de l\u00e0, Ch\u00e9rif Jebali deviendra un visiteur r\u00e9gulier du bureau de Fadhel Sa\u00efhi, charg\u00e9 de mission au cabinet du ministre islamiste de la Justice, Noureddine Bhiri, et de Mustapha Yahyaoui. Mais le fil\u00a0 d\u2019Ariane se perd\u00a0 \u00e0 ce stade.<br \/>\nEst-ce dans les arcanes des hautes sph\u00e8res du pouvoir, o\u00f9 d\u00e8s qu\u2019ils ont \u00e9t\u00e9 investis de leur nouvelles fonctions, les nouveaux \u00ab<em>ma\u00eetres<\/em>\u00bb recevaient \u00e0 tour de bras, le ralliement par centaines des naufrag\u00e9s de la dictature: hauts responsables de la police \u00ab<em>repentis<\/em>\u00bb, hommes d\u2019affaires corrompus, ancien tortionnaires, gardes chiourmes, taupes, propagandistes z\u00e9l\u00e9s, journalistes remerci\u00e9s, indicateurs en qu\u00eate de nouvelles \u00ab<em>affectations<\/em>\u00bb, convertis \u00e0 la nouvelle religion, \u00ab<em>p\u00e9d\u00e9g\u00e9<\/em>\u00bb de cha\u00eenes de t\u00e9l\u00e9vision priv\u00e9es, et m\u00eame des hommes politiques \u00ab<em>respectables<\/em>\u00bb, tous pr\u00eats ou presque \u00e0 vendre p\u00e8re et m\u00e8re pour entrer dans les bonnes gr\u00e2ces des nouveaux gouvernants, que Ch\u00e9rif Jebali fut investi de la mission peu glorieuse de donner le coup d\u2019envoi \u00e0 la campagne de pers\u00e9cution contre Chokri Bela\u00efd?<\/p>\n<p>Savait-il que son enr\u00f4lement allait conduire, quelques mois plus tard, au premier meurtre politique d\u2019un acteur majeur de la r\u00e9volution tunisienne et le deuxi\u00e8me de l\u2019histoire post ind\u00e9pendance apr\u00e8s celui de Salah Ben Youssef, ancien secr\u00e9taire g\u00e9n\u00e9ral du N\u00e9o-Destour, \u00e0 Francfort, sur ordre d\u2019Habib Bourguiba.<\/p>\n<p>Simple hasard ou co\u00efncidence fortuite? La lettre diffamatoire prenant pour cible Chokri Bela\u00efd a commenc\u00e9 \u00e0 circuler vers la p\u00e9riode o\u00f9 Ch\u00e9rif Jebali a finalement acc\u00e9d\u00e9 \u00e0 ses contacts \u00e0 la sancta sanctorum, le saint si\u00e8ge de la section tunisienne des Fr\u00e8res musulmans, au quartier de Montplaisir?<\/p>\n<p><strong>Les pr\u00e9paratifs de la mise \u00e0 mort <\/strong><\/p>\n<p>La question qui se pose est celle de d\u00e9terminer s\u2019il a agi seul, de sa propre initiative, ou bien a-t-il \u00e9t\u00e9 missionn\u00e9 par un commanditaire agissant dans l\u2019ombre. R\u00e9pondre \u00e0 cette question est d\u2019une importance capitale, car c\u2019est d\u2019elle que d\u00e9pendra la confirmation de l\u2019existence d\u2019un \u00ab<em>donneur d\u2019ordre<\/em>\u00bb qui supervisa \u00e0 distance la longue traque de Chokri Bela\u00efd, car c\u2019est bien d\u2019une traque qu\u2019il s\u2019agit? C\u2019est cette r\u00e9ponse qui permettra aux enqu\u00eateurs de remonter, \u00e0 partir du texte initial incrimin\u00e9, toute la fili\u00e8re, du dernier au premier maillon de la cha\u00eene des responsabilit\u00e9s intellectuelles et mat\u00e9rielles dans la planification et l\u2019ex\u00e9cution par \u00e9tapes du projet d\u2019assassinat de Chokri Bela\u00efd. A une telle question, il est du devoir de la justice de fournir une r\u00e9ponse convaincante aux Tunisien-ne-s.<\/p>\n<p>Quoi qu\u2019il en soit, les accusations mensong\u00e8res d\u2019une extr\u00eame gravit\u00e9 port\u00e9es par Cherif Jebali contre Chokri Bela\u00efd participeraient d\u2019un complot et pourraient tout \u00e0 fait confondre ce dernier en tant que complice dans une tentative d\u2019\u00ab<em>ex\u00e9cution politique\u00bb<\/em> \u2013 non de <em>\u00abliquidation physique\u00bb<\/em> \u2013 que la justice lui trouvera la qualification ad\u00e9quate pour l\u2019inculper.<\/p>\n<p>Et puisqu\u2019on est dans le domaine des interrogations, on est en droit de penser \u00e9galement, qu\u2019ayant constat\u00e9 qu\u2019ils n\u2019\u00e9taient pas en mesure d\u2019infliger dans un premier temps \u00e0 Chokri Bela\u00efd, cette \u00abmort politique\u00bb, ses pers\u00e9cuteurs durent se r\u00e9soudre \u00e0 opter pour une autre solution, en d\u00e9cidant, en d\u2019autres termes, de passer \u00e0 l\u2019acte en d\u00e9cr\u00e9tant contre lui une sentence de mort pour le r\u00e9duire d\u00e9finitivement au silence.<\/p>\n<p>Nous n\u2019ajouterons rien de nouveau, \u00e0 ce propos, en rappelant que la violence et le meurtre politiques sont consubstantiels \u00e0 l\u2019islam politique. Nul autre auteur n\u2019a mieux d\u00e9fini \u2013 pour illustrer cette v\u00e9rit\u00e9 \u2013 en une aussi concise et magistrale expression l\u2019essence de cette horrible d\u00e9viation de l\u2019islam, que Rifaat al-Sa\u00efd quand il affirmait qu\u2019<em>\u00abal-ta\u2019aslum, fikr musallah\u00bb<\/em> (<em>\u00abl\u2019islamisme est une \u2018pens\u00e9e\u2019 en arme<\/em>\u00bb).<\/p>\n<p>A ce stade de la conjuration criminelle, Cherif Jebali ignorait sans doute qu\u2019il n\u2019\u00e9tait, tout compte fait, que la partie \u00e9mergente d\u2019une m\u00e9canique t\u00e9n\u00e9breuse et complexe, aux ramifications inextricables et multiples, allant du pseudo-avocat radi\u00e9 et de d\u2019ancien officier de police \u00abcass\u00e9\u00bb qu\u2019il \u00e9tait, jusqu\u2019aux arcanes de l\u2019Etat et du gouvernement\u00a0 provisoires de la \u00abTro\u00efka\u00bb, en passant par une multitude d\u2019enchev\u00eatrements incroyables de lobby locaux et internationaux, des r\u00e9sidus de l\u2019ancien r\u00e9gime appel\u00e9s Etat profond, discr\u00e8tement tapis dans les labyrinthes de l\u2019administration en attendant leur heure, d\u2019officines de renseignements \u00e9trang\u00e8res, de la n\u00e9buleuse islamiste gravitant autour de l\u2019orbite d\u2019Ennahdha et de ses alli\u00e9s directs, le Qatar et la Turquie, et indirects, les Etats-Unis et Isra\u00ebl, des riches hommes d\u2019affaires du Golfe, et du jihadisme global, aux int\u00e9r\u00eats tant\u00f4t convergents, tant\u00f4t divergents, s\u2019accordent sur un seul point, \u00e0 savoir, la crainte que suscitait la contagion d\u2019une r\u00e9volution dont la r\u00e9ussite risquerait non seulement d\u2019ancrer solidement un mode de gouvernance d\u00e9mocratique dans notre pays, susceptible de devenir un mod\u00e8le de r\u00e9f\u00e9rence pour le monde arabe et musulman, premier producteur mondial des hydrocarbures, et m\u00eame au-del\u00e0 ; mais aussi, sur le long et moyen terme, de retourner les fondations d\u2019un ordre mondial injuste fond\u00e9 sur l\u2019exploitation, l\u2019in\u00e9galit\u00e9 et la mis\u00e8re.<\/p>\n<p>La justice tunisienne, dont le proc\u00e8s des assassins de Chokri Bela\u00efd, constitue \u00able bapt\u00eame de feu\u00bb saura-elle trouver la solution \u00e0 cette quadrature du cercle?<\/p>\n<p>Le but poursuivi par Ennahdha et ses dirigeants, Rached Ghannouchi, Hamadi Jebali, Ali Larayedh, Habib Ellouze, Sadok Chourou, Abdelfattah Mourou, etc., derri\u00e8re la sale guerre men\u00e9e contre Chokri Bela\u00efd, \u00e9tait d\u2019insinuer le doute dans l\u2019esprit de l\u2019opinion, ensuite l\u2019attirer dans le pi\u00e8ge des proc\u00e8s et batailles judiciaires sans fins, pour le d\u00e9tourner de la t\u00e2che \u00e0 laquelle il s\u2019\u00e9tait attel\u00e9 avec ses amis, de la co-fondation du Front populaire et de la consolidation des structures internes de son propre parti. Mais pas seulement.<\/p>\n<p>Pour comprendre cet objectif final des islamistes, il faudrait replacer ces men\u00e9es dans leur contexte et suivre l\u2019\u00e9volution des mois qui suivirent l\u2019acc\u00e8s au pouvoir du mouvement Ennahdha, en d\u00e9cembre 2011.<\/p>\n<p>La <em>\u00abvictoire \u00e9lectorale\u00bb<\/em> des islamistes du 23 octobre de cette ann\u00e9e-l\u00e0, toute relative et controvers\u00e9e en soi, sans entrer dans des d\u00e9tails connus de tous, a \u00e9t\u00e9 interpr\u00e9t\u00e9e par leur direction en terme th\u00e9ologique comme un accomplissement de la volont\u00e9 divine, et quiconque oserait la remettre en cause ou m\u00eame lui viendrait l\u2019id\u00e9e de formuler des critiques \u00e0 propos des infractions innombrables au code \u00e9lectoral, notamment le financement \u00e9tranger massif et l\u2019incurie de l\u2019Instance sup\u00e9rieure des \u00e9lections pr\u00e9sid\u00e9e par Kamel Jendoubi, connu pour avoir \u00e9t\u00e9 l\u2019une des chevilles ouvri\u00e8res de l\u2019alliance du 18 octobre 2005 avec les islamistes, sera consid\u00e9r\u00e9 comme un ennemi de Dieu.<\/p>\n<p>D\u2019o\u00f9 la difficult\u00e9 de contester cette \u00abl\u00e9gitimit\u00e9\u00bb, aux accents divins, devenue une sorte de leitmotiv que les islamistes et leur alli\u00e9s de la Tro\u00efka opposeront syst\u00e9matiquement \u00e0 leurs d\u00e9tracteurs pour se maintenir au pouvoir au-del\u00e0 des termes fix\u00e9s par <em>\u00abla petite Constitution\u00bb<\/em>.<\/p>\n<p><strong>La n\u00e9buleuse et son ennemi jur\u00e9<\/strong><\/p>\n<p>Donc foin de mandat d\u2019un an ou m\u00eame de cinq. Des t\u00e9moignages dignes de foi datant de cette p\u00e9riode confirment bien que des nombreux dirigeants d\u2019Ennahdha et de leur boutures, le CpR de Marzouki et Ettakatol de Ben Ja\u00e2far, r\u00e9p\u00e9taient \u00e0 l\u2019envie qu\u2019ils sont l\u00e0 (en 2012) pour au moins 40 ans, et l\u2019opposition devrait revoir ses calculs.<\/p>\n<p>Apr\u00e8s le triomphe de la premi\u00e8re r\u00e9volution dans l\u2019histoire et dans la g\u00e9ographie arabes, le camp d\u00e9mocrate pouvait l\u00e9gitimement penser, vu la tournure prise par les \u00e9v\u00e9nements, que la \u00abvictoire des urnes\u00bb d\u2019un mouvement puissamment financ\u00e9 et soutenu par l\u2019axe am\u00e9ricano-turco-qatari \u2013 confirm\u00e9 par Barak Obama devant le Congr\u00e8s \u2013, dont le programme politique consistait \u00e0 ramener le pays 14 si\u00e8cles en arri\u00e8re, n\u2019\u00e9tait autre, pour paraphraser Jorge Lu\u00eds Borges, qu\u2019un <em>\u00abcurieux abus de la statistique\u00bb<\/em>, et les tentatives de division des Tunisiens entre <em>\u00abpeuple musulman\u00bb<\/em>, d\u2019un c\u00f4t\u00e9, et <em>\u00abla\u00efcs\u00bb<\/em> ou <em>\u00abmodernistes\u00bb<\/em> de l\u2019autre, ont scind\u00e9 le pays en deux camps irr\u00e9ductibles, et cr\u00e9\u00e9, pour la premi\u00e8re fois dans son histoire, une bipolarisation qui n\u2019eut de cesse de s\u2019accentuer pour culminer, le 6 f\u00e9vrier 2013, avec l\u2019assassinat de Chokri Bela\u00efd.<\/p>\n<p>Le refus de la Tro\u00efka de quitter le pouvoir le 23 octobre 2012 au terme d\u2019une ann\u00e9e de gouvernance calamiteuse, comme le stipulaient son propre engagement et les dispositions de \u00abla loi organisant les pouvoirs provisoires\u00bb, ne pouvaient que conforter la paraphrase malicieuse mais combien judicieuse de l\u2019\u00e9crivain argentin.<\/p>\n<p>Les retournements de l\u2019histoire en Egypte \u00e9taient l\u00e0 pour rendre \u00e9galement justice au commentaire de l\u2019auteur de l\u2019<em>\u2018\u2018Aleph\u2019\u2019<\/em>. Les statistiques permettent en effet de vaincre mais n\u2019aident pas \u00e0 convaincre ! Exc\u00e9d\u00e9s par \u00ables abus\u00bb des alter ego d\u2019Ennahdha, 30 millions d\u2019Egyptiens \u2013 qui savaient faire bon usage \u00ab<em>de la statistique\u00bb<\/em> \u2013 descendirent dans les rues pour inviter la secte de Fr\u00e8res musulmans \u00e0 d\u00e9barrasser le plancher.<\/p>\n<p style=\"text-align: right;\"><strong>(A suivre) <\/strong><\/p>\n<p style=\"text-align: left;\"><em><strong>Notes :<\/strong><\/em><\/p>\n<p><em>1- Les informations que nous reproduisons \u00e0 propos de ce pseudo-avocat sont extraites d\u2019un document sign\u00e9 par le pseudonyme Sam (se pr\u00e9sentant comme membre du Watad unifi\u00e9) post\u00e9 durant l\u2019\u00e9t\u00e9 2012 (deux mois avant la constitution du Front Populaire) dans cette riposte tardive aux all\u00e9gations de Cherif Jebali, l\u2019auteur jette une lumi\u00e8re crue sur le pass\u00e9 trouble de cet individu, pr\u00e9sent\u00e9 comme un mercenaire travaillant\u00a0 au service du mouvement Ennahdha, qui l\u2019 a charg\u00e9 d\u2019instiguer une campagne de diffamation contre le camp d\u00e9mocratique et en particulier contre le dirigeant du Watad unifi\u00e9 Chokri Bela\u00efd. Nous estimons que la pr\u00e9servation de l\u2019anonymat de l\u2019auteur pour des raisons de s\u00e9curit\u00e9 ne met absolument pas en doute la v\u00e9racit\u00e9 et le s\u00e9rieux de l\u2019ensemble des donn\u00e9es expos\u00e9es. Par respect \u00e0 la m\u00e9moire du martyr nous nous sommes abstenus de reproduire le document post\u00e9 par Cherif Jebali, toutefois\u00a0 nous avons jug\u00e9 utile d\u2019en reprendre certains points en raison de l\u2019importance qu\u2019ils\u00a0 peuvent rev\u00eatir pour \u00e9clairer le lecteur qui cherche \u00e0 savoir davantage sur cette conspiration soigneusement con\u00e7ue et pr\u00e9par\u00e9e par la n\u00e9buleuse islamiste dans laquelle nous incluons bien entendu des responsables d\u2019Ennahdha, et dont le dernier acte fut l\u2019assassinat, le 6 f\u00e9vrier 2013, du leader r\u00e9volutionnaire. Dans la deuxi\u00e8me partie du document le d\u00e9nomm\u00e9 Sam s\u2019est employ\u00e9 \u00e0 r\u00e9futer point par point les all\u00e9gations mensong\u00e8res de Cherif Jebali. On y apprend \u00e9galement, qu\u2019\u00abapr\u00e8s concertation avec Chokri Belaid, Maitres Mohamed H\u00e9di Abidi et Outayl Hamdi ont d\u00e9pos\u00e9 plainte contre le d\u00e9nomm\u00e9 Mohamed Cherif Jebali, pour diffamation et diffusion de fausse rumeurs.<\/em><br \/>\n<em>Convaincu d\u2019abus de confiance, Cherif Jebali a \u00e9t\u00e9 condamn\u00e9, le 4 avril 2015, dans une autre affaire, \u00e0 deux ans de prison avec sursis et 20.000 dinars d\u2019amende. S\u2019il ne fait pas appel, il devrait normalement \u00eatre ray\u00e9 de l\u2019Ordre des avocats, si ce n\u2019est pas d\u00e9j\u00e0 fait. Au moins douze autres affaires attendent leur instruction. Il faudrait pr\u00e9ciser que r\u00e9cemment cet avocaillon a particip\u00e9 activement aux c\u00f4t\u00e9s des Ligues de protection de la r\u00e9volution (CpR) et des groupes extr\u00e9mistes radicaux dans la campagne pr\u00e9sidentielle de Moncef Marzouki. <\/em><\/p>\n<p><em>2- Mohamed Moncef Ouerghi est d\u00e9c\u00e9d\u00e9 le jour de l\u2019Aid Al-Idha, le 26 octobre\u00a0 2012, d\u2019une crise cardiaque. Condamn\u00e9 \u00e0 une lourde peine sous l\u2019ancien r\u00e9gime, il a \u00e9t\u00e9\u00a0 lib\u00e9r\u00e9 \u00e0 la faveur de l\u2019amnistie g\u00e9n\u00e9rale de 2011. Deux mois avant sa mort, des clich\u00e9s le montraient en train de faire la pri\u00e8re \u00e0 l\u2019occasion de la f\u00eate de l\u2019Aid Al-Fitr, au Kram Ouest, fief des milices violentes inf\u00e9od\u00e9es \u00e0 Ennahdha, derri\u00e8re \u00abl\u2019imam\u00bb Rached Ghannouchi venu mobiliser ses troupes. <\/em><br \/>\n<em>Peu apr\u00e8s la mort de Ouerghi, son fils Mohamed, ma\u00eetre en \u00abzamaqtel\u00bb, malgr\u00e9 une d\u00e9ficience mentale \u00e9vidente, a \u00e9t\u00e9 interpell\u00e9 par la police pour des raisons inconnues. Depuis, on n\u2019a plus entendu parler de lui. C\u2019est un t\u00e9moin oculaire qui a livr\u00e9 \u00e0 Kapitalis un t\u00e9moignage \u00e9crit, illustr\u00e9 par une photographie, affirmant avoir assist\u00e9, \u00e0 l\u2019aube, \u00e0 un entrainement de type militaire d\u2019un groupe de femmes d\u2019Ennahdha, au bord de la mer \u00e0 K\u00e9libia.<\/em><\/p>\n","protected":false},"excerpt":{"rendered":"<p>Le proc\u00e8s des assassins de Chokri Bela\u00efd s\u2019ouvre aujourd\u2019hui \u00e0 Tunis. Dans une s\u00e9rie d\u2019articles, Kapitalis revient sur les circonstances de cet assassinat.\u00a0 \u00a0 Par Abdellatif Ben Salem<\/p>\n","protected":false},"author":5,"featured_media":5579,"comment_status":"open","ping_status":"open","sticky":false,"template":"","format":"standard","meta":{"footnotes":""},"categories":[992,997,2433],"tags":[92,204,743],"class_list":["post-5578","post","type-post","status-publish","format-standard","has-post-thumbnail","hentry","category-a-la-une","category-politique","category-tunisie","tag-assassinat","tag-chokri-belaid","tag-proces"],"yoast_head":"<!-- This site is optimized with the Yoast SEO plugin v26.6 - https:\/\/yoast.com\/wordpress\/plugins\/seo\/ -->\n<title>Assassinat de Chokri Bela\u00efd: Les dessous d\u2019un crime islamiste - Kapitalis<\/title>\n<meta name=\"robots\" content=\"index, follow, max-snippet:-1, max-image-preview:large, max-video-preview:-1\" \/>\n<link rel=\"canonical\" href=\"https:\/\/kapitalis.com\/tunisie\/2015\/06\/29\/assassinat-de-chokri-belaid-les-dessous-dun-crime-islamiste\/\" \/>\n<meta property=\"og:locale\" content=\"fr_FR\" \/>\n<meta property=\"og:type\" content=\"article\" \/>\n<meta property=\"og:title\" content=\"Assassinat de Chokri Bela\u00efd: Les dessous d\u2019un crime islamiste - Kapitalis\" \/>\n<meta property=\"og:description\" content=\"Le proc\u00e8s des assassins de Chokri Bela\u00efd s\u2019ouvre aujourd\u2019hui \u00e0 Tunis. Dans une s\u00e9rie d\u2019articles, Kapitalis revient sur les circonstances de cet assassinat.\u00a0 \u00a0 Par Abdellatif Ben Salem\" \/>\n<meta property=\"og:url\" content=\"https:\/\/kapitalis.com\/tunisie\/2015\/06\/29\/assassinat-de-chokri-belaid-les-dessous-dun-crime-islamiste\/\" \/>\n<meta property=\"og:site_name\" content=\"Kapitalis\" \/>\n<meta property=\"article:publisher\" content=\"https:\/\/www.facebook.com\/KapitalisInfo\/\" \/>\n<meta property=\"article:published_time\" content=\"2015-06-29T22:11:40+00:00\" \/>\n<meta property=\"article:modified_time\" content=\"2018-06-13T13:04:27+00:00\" \/>\n<meta property=\"og:image\" content=\"https:\/\/kapitalis.com\/tunisie\/wp-content\/uploads\/2022\/05\/kapitalis-logo-fb.png\" \/>\n\t<meta property=\"og:image:width\" content=\"1200\" \/>\n\t<meta property=\"og:image:height\" content=\"630\" \/>\n\t<meta property=\"og:image:type\" content=\"image\/png\" \/>\n<meta name=\"author\" content=\"Ridha Elkefi\" \/>\n<meta name=\"twitter:card\" content=\"summary_large_image\" \/>\n<meta name=\"twitter:creator\" content=\"@KapitalisInfo\" \/>\n<meta name=\"twitter:site\" content=\"@KapitalisInfo\" \/>\n<meta name=\"twitter:label1\" content=\"\u00c9crit par\" \/>\n\t<meta name=\"twitter:data1\" content=\"Ridha Elkefi\" \/>\n\t<meta name=\"twitter:label2\" content=\"Dur\u00e9e de lecture estim\u00e9e\" \/>\n\t<meta name=\"twitter:data2\" content=\"20 minutes\" \/>\n<script type=\"application\/ld+json\" class=\"yoast-schema-graph\">{\"@context\":\"https:\/\/schema.org\",\"@graph\":[{\"@type\":\"Article\",\"@id\":\"https:\/\/kapitalis.com\/tunisie\/2015\/06\/29\/assassinat-de-chokri-belaid-les-dessous-dun-crime-islamiste\/#article\",\"isPartOf\":{\"@id\":\"https:\/\/kapitalis.com\/tunisie\/2015\/06\/29\/assassinat-de-chokri-belaid-les-dessous-dun-crime-islamiste\/\"},\"author\":{\"name\":\"Ridha Elkefi\",\"@id\":\"https:\/\/kapitalis.com\/tunisie\/#\/schema\/person\/16627fc9b2fc0116230e88af071eebab\"},\"headline\":\"Assassinat de Chokri Bela\u00efd: Les dessous d\u2019un crime islamiste\",\"datePublished\":\"2015-06-29T22:11:40+00:00\",\"dateModified\":\"2018-06-13T13:04:27+00:00\",\"mainEntityOfPage\":{\"@id\":\"https:\/\/kapitalis.com\/tunisie\/2015\/06\/29\/assassinat-de-chokri-belaid-les-dessous-dun-crime-islamiste\/\"},\"wordCount\":4099,\"commentCount\":3,\"publisher\":{\"@id\":\"https:\/\/kapitalis.com\/tunisie\/#organization\"},\"image\":{\"@id\":\"https:\/\/kapitalis.com\/tunisie\/2015\/06\/29\/assassinat-de-chokri-belaid-les-dessous-dun-crime-islamiste\/#primaryimage\"},\"thumbnailUrl\":\"\",\"keywords\":[\"assassinat\",\"Chokri Belaid\",\"proc\u00e8s\"],\"articleSection\":[\"A LA UNE\",\"POLITIQUE\",\"Tunisie\"],\"inLanguage\":\"fr-FR\",\"potentialAction\":[{\"@type\":\"CommentAction\",\"name\":\"Comment\",\"target\":[\"https:\/\/kapitalis.com\/tunisie\/2015\/06\/29\/assassinat-de-chokri-belaid-les-dessous-dun-crime-islamiste\/#respond\"]}]},{\"@type\":\"WebPage\",\"@id\":\"https:\/\/kapitalis.com\/tunisie\/2015\/06\/29\/assassinat-de-chokri-belaid-les-dessous-dun-crime-islamiste\/\",\"url\":\"https:\/\/kapitalis.com\/tunisie\/2015\/06\/29\/assassinat-de-chokri-belaid-les-dessous-dun-crime-islamiste\/\",\"name\":\"Assassinat de Chokri Bela\u00efd: Les dessous d\u2019un crime islamiste - Kapitalis\",\"isPartOf\":{\"@id\":\"https:\/\/kapitalis.com\/tunisie\/#website\"},\"primaryImageOfPage\":{\"@id\":\"https:\/\/kapitalis.com\/tunisie\/2015\/06\/29\/assassinat-de-chokri-belaid-les-dessous-dun-crime-islamiste\/#primaryimage\"},\"image\":{\"@id\":\"https:\/\/kapitalis.com\/tunisie\/2015\/06\/29\/assassinat-de-chokri-belaid-les-dessous-dun-crime-islamiste\/#primaryimage\"},\"thumbnailUrl\":\"\",\"datePublished\":\"2015-06-29T22:11:40+00:00\",\"dateModified\":\"2018-06-13T13:04:27+00:00\",\"breadcrumb\":{\"@id\":\"https:\/\/kapitalis.com\/tunisie\/2015\/06\/29\/assassinat-de-chokri-belaid-les-dessous-dun-crime-islamiste\/#breadcrumb\"},\"inLanguage\":\"fr-FR\",\"potentialAction\":[{\"@type\":\"ReadAction\",\"target\":[\"https:\/\/kapitalis.com\/tunisie\/2015\/06\/29\/assassinat-de-chokri-belaid-les-dessous-dun-crime-islamiste\/\"]}]},{\"@type\":\"ImageObject\",\"inLanguage\":\"fr-FR\",\"@id\":\"https:\/\/kapitalis.com\/tunisie\/2015\/06\/29\/assassinat-de-chokri-belaid-les-dessous-dun-crime-islamiste\/#primaryimage\",\"url\":\"\",\"contentUrl\":\"\"},{\"@type\":\"BreadcrumbList\",\"@id\":\"https:\/\/kapitalis.com\/tunisie\/2015\/06\/29\/assassinat-de-chokri-belaid-les-dessous-dun-crime-islamiste\/#breadcrumb\",\"itemListElement\":[{\"@type\":\"ListItem\",\"position\":1,\"name\":\"Accueil\",\"item\":\"https:\/\/kapitalis.com\/tunisie\/\"},{\"@type\":\"ListItem\",\"position\":2,\"name\":\"Assassinat de Chokri Bela\u00efd: Les dessous d\u2019un crime islamiste\"}]},{\"@type\":\"WebSite\",\"@id\":\"https:\/\/kapitalis.com\/tunisie\/#website\",\"url\":\"https:\/\/kapitalis.com\/tunisie\/\",\"name\":\"Kapitalis\",\"description\":\"L&#039;actualit\u00e9 en Tunisie et dans le monde\",\"publisher\":{\"@id\":\"https:\/\/kapitalis.com\/tunisie\/#organization\"},\"potentialAction\":[{\"@type\":\"SearchAction\",\"target\":{\"@type\":\"EntryPoint\",\"urlTemplate\":\"https:\/\/kapitalis.com\/tunisie\/?s={search_term_string}\"},\"query-input\":{\"@type\":\"PropertyValueSpecification\",\"valueRequired\":true,\"valueName\":\"search_term_string\"}}],\"inLanguage\":\"fr-FR\"},{\"@type\":\"Organization\",\"@id\":\"https:\/\/kapitalis.com\/tunisie\/#organization\",\"name\":\"Kapitalis\",\"url\":\"https:\/\/kapitalis.com\/tunisie\/\",\"logo\":{\"@type\":\"ImageObject\",\"inLanguage\":\"fr-FR\",\"@id\":\"https:\/\/kapitalis.com\/tunisie\/#\/schema\/logo\/image\/\",\"url\":\"https:\/\/kapitalis.com\/tunisie\/wp-content\/uploads\/2022\/05\/Kapitalis-big-size.png\",\"contentUrl\":\"https:\/\/kapitalis.com\/tunisie\/wp-content\/uploads\/2022\/05\/Kapitalis-big-size.png\",\"width\":5000,\"height\":1500,\"caption\":\"Kapitalis\"},\"image\":{\"@id\":\"https:\/\/kapitalis.com\/tunisie\/#\/schema\/logo\/image\/\"},\"sameAs\":[\"https:\/\/www.facebook.com\/KapitalisInfo\/\",\"https:\/\/x.com\/KapitalisInfo\",\"https:\/\/www.youtube.com\/channel\/UC-yDYrHyfFBWWZaOw3FPg9Q\"]},{\"@type\":\"Person\",\"@id\":\"https:\/\/kapitalis.com\/tunisie\/#\/schema\/person\/16627fc9b2fc0116230e88af071eebab\",\"name\":\"Ridha Elkefi\",\"url\":\"https:\/\/kapitalis.com\/tunisie\/author\/ridha-kefi\/\"}]}<\/script>\n<!-- \/ Yoast SEO plugin. -->","yoast_head_json":{"title":"Assassinat de Chokri Bela\u00efd: Les dessous d\u2019un crime islamiste - Kapitalis","robots":{"index":"index","follow":"follow","max-snippet":"max-snippet:-1","max-image-preview":"max-image-preview:large","max-video-preview":"max-video-preview:-1"},"canonical":"https:\/\/kapitalis.com\/tunisie\/2015\/06\/29\/assassinat-de-chokri-belaid-les-dessous-dun-crime-islamiste\/","og_locale":"fr_FR","og_type":"article","og_title":"Assassinat de Chokri Bela\u00efd: Les dessous d\u2019un crime islamiste - Kapitalis","og_description":"Le proc\u00e8s des assassins de Chokri Bela\u00efd s\u2019ouvre aujourd\u2019hui \u00e0 Tunis. Dans une s\u00e9rie d\u2019articles, Kapitalis revient sur les circonstances de cet assassinat.\u00a0 \u00a0 Par Abdellatif Ben Salem","og_url":"https:\/\/kapitalis.com\/tunisie\/2015\/06\/29\/assassinat-de-chokri-belaid-les-dessous-dun-crime-islamiste\/","og_site_name":"Kapitalis","article_publisher":"https:\/\/www.facebook.com\/KapitalisInfo\/","article_published_time":"2015-06-29T22:11:40+00:00","article_modified_time":"2018-06-13T13:04:27+00:00","og_image":[{"width":1200,"height":630,"url":"https:\/\/kapitalis.com\/tunisie\/wp-content\/uploads\/2022\/05\/kapitalis-logo-fb.png","type":"image\/png"}],"author":"Ridha Elkefi","twitter_card":"summary_large_image","twitter_creator":"@KapitalisInfo","twitter_site":"@KapitalisInfo","twitter_misc":{"\u00c9crit par":"Ridha Elkefi","Dur\u00e9e de lecture estim\u00e9e":"20 minutes"},"schema":{"@context":"https:\/\/schema.org","@graph":[{"@type":"Article","@id":"https:\/\/kapitalis.com\/tunisie\/2015\/06\/29\/assassinat-de-chokri-belaid-les-dessous-dun-crime-islamiste\/#article","isPartOf":{"@id":"https:\/\/kapitalis.com\/tunisie\/2015\/06\/29\/assassinat-de-chokri-belaid-les-dessous-dun-crime-islamiste\/"},"author":{"name":"Ridha Elkefi","@id":"https:\/\/kapitalis.com\/tunisie\/#\/schema\/person\/16627fc9b2fc0116230e88af071eebab"},"headline":"Assassinat de Chokri Bela\u00efd: Les dessous d\u2019un crime islamiste","datePublished":"2015-06-29T22:11:40+00:00","dateModified":"2018-06-13T13:04:27+00:00","mainEntityOfPage":{"@id":"https:\/\/kapitalis.com\/tunisie\/2015\/06\/29\/assassinat-de-chokri-belaid-les-dessous-dun-crime-islamiste\/"},"wordCount":4099,"commentCount":3,"publisher":{"@id":"https:\/\/kapitalis.com\/tunisie\/#organization"},"image":{"@id":"https:\/\/kapitalis.com\/tunisie\/2015\/06\/29\/assassinat-de-chokri-belaid-les-dessous-dun-crime-islamiste\/#primaryimage"},"thumbnailUrl":"","keywords":["assassinat","Chokri Belaid","proc\u00e8s"],"articleSection":["A LA UNE","POLITIQUE","Tunisie"],"inLanguage":"fr-FR","potentialAction":[{"@type":"CommentAction","name":"Comment","target":["https:\/\/kapitalis.com\/tunisie\/2015\/06\/29\/assassinat-de-chokri-belaid-les-dessous-dun-crime-islamiste\/#respond"]}]},{"@type":"WebPage","@id":"https:\/\/kapitalis.com\/tunisie\/2015\/06\/29\/assassinat-de-chokri-belaid-les-dessous-dun-crime-islamiste\/","url":"https:\/\/kapitalis.com\/tunisie\/2015\/06\/29\/assassinat-de-chokri-belaid-les-dessous-dun-crime-islamiste\/","name":"Assassinat de Chokri Bela\u00efd: Les dessous d\u2019un crime islamiste - Kapitalis","isPartOf":{"@id":"https:\/\/kapitalis.com\/tunisie\/#website"},"primaryImageOfPage":{"@id":"https:\/\/kapitalis.com\/tunisie\/2015\/06\/29\/assassinat-de-chokri-belaid-les-dessous-dun-crime-islamiste\/#primaryimage"},"image":{"@id":"https:\/\/kapitalis.com\/tunisie\/2015\/06\/29\/assassinat-de-chokri-belaid-les-dessous-dun-crime-islamiste\/#primaryimage"},"thumbnailUrl":"","datePublished":"2015-06-29T22:11:40+00:00","dateModified":"2018-06-13T13:04:27+00:00","breadcrumb":{"@id":"https:\/\/kapitalis.com\/tunisie\/2015\/06\/29\/assassinat-de-chokri-belaid-les-dessous-dun-crime-islamiste\/#breadcrumb"},"inLanguage":"fr-FR","potentialAction":[{"@type":"ReadAction","target":["https:\/\/kapitalis.com\/tunisie\/2015\/06\/29\/assassinat-de-chokri-belaid-les-dessous-dun-crime-islamiste\/"]}]},{"@type":"ImageObject","inLanguage":"fr-FR","@id":"https:\/\/kapitalis.com\/tunisie\/2015\/06\/29\/assassinat-de-chokri-belaid-les-dessous-dun-crime-islamiste\/#primaryimage","url":"","contentUrl":""},{"@type":"BreadcrumbList","@id":"https:\/\/kapitalis.com\/tunisie\/2015\/06\/29\/assassinat-de-chokri-belaid-les-dessous-dun-crime-islamiste\/#breadcrumb","itemListElement":[{"@type":"ListItem","position":1,"name":"Accueil","item":"https:\/\/kapitalis.com\/tunisie\/"},{"@type":"ListItem","position":2,"name":"Assassinat de Chokri Bela\u00efd: Les dessous d\u2019un crime islamiste"}]},{"@type":"WebSite","@id":"https:\/\/kapitalis.com\/tunisie\/#website","url":"https:\/\/kapitalis.com\/tunisie\/","name":"Kapitalis","description":"L&#039;actualit\u00e9 en Tunisie et dans le monde","publisher":{"@id":"https:\/\/kapitalis.com\/tunisie\/#organization"},"potentialAction":[{"@type":"SearchAction","target":{"@type":"EntryPoint","urlTemplate":"https:\/\/kapitalis.com\/tunisie\/?s={search_term_string}"},"query-input":{"@type":"PropertyValueSpecification","valueRequired":true,"valueName":"search_term_string"}}],"inLanguage":"fr-FR"},{"@type":"Organization","@id":"https:\/\/kapitalis.com\/tunisie\/#organization","name":"Kapitalis","url":"https:\/\/kapitalis.com\/tunisie\/","logo":{"@type":"ImageObject","inLanguage":"fr-FR","@id":"https:\/\/kapitalis.com\/tunisie\/#\/schema\/logo\/image\/","url":"https:\/\/kapitalis.com\/tunisie\/wp-content\/uploads\/2022\/05\/Kapitalis-big-size.png","contentUrl":"https:\/\/kapitalis.com\/tunisie\/wp-content\/uploads\/2022\/05\/Kapitalis-big-size.png","width":5000,"height":1500,"caption":"Kapitalis"},"image":{"@id":"https:\/\/kapitalis.com\/tunisie\/#\/schema\/logo\/image\/"},"sameAs":["https:\/\/www.facebook.com\/KapitalisInfo\/","https:\/\/x.com\/KapitalisInfo","https:\/\/www.youtube.com\/channel\/UC-yDYrHyfFBWWZaOw3FPg9Q"]},{"@type":"Person","@id":"https:\/\/kapitalis.com\/tunisie\/#\/schema\/person\/16627fc9b2fc0116230e88af071eebab","name":"Ridha Elkefi","url":"https:\/\/kapitalis.com\/tunisie\/author\/ridha-kefi\/"}]}},"_links":{"self":[{"href":"https:\/\/kapitalis.com\/tunisie\/wp-json\/wp\/v2\/posts\/5578","targetHints":{"allow":["GET"]}}],"collection":[{"href":"https:\/\/kapitalis.com\/tunisie\/wp-json\/wp\/v2\/posts"}],"about":[{"href":"https:\/\/kapitalis.com\/tunisie\/wp-json\/wp\/v2\/types\/post"}],"author":[{"embeddable":true,"href":"https:\/\/kapitalis.com\/tunisie\/wp-json\/wp\/v2\/users\/5"}],"replies":[{"embeddable":true,"href":"https:\/\/kapitalis.com\/tunisie\/wp-json\/wp\/v2\/comments?post=5578"}],"version-history":[{"count":0,"href":"https:\/\/kapitalis.com\/tunisie\/wp-json\/wp\/v2\/posts\/5578\/revisions"}],"wp:featuredmedia":[{"embeddable":true,"href":"https:\/\/kapitalis.com\/tunisie\/wp-json\/wp\/v2\/media\/5579"}],"wp:attachment":[{"href":"https:\/\/kapitalis.com\/tunisie\/wp-json\/wp\/v2\/media?parent=5578"}],"wp:term":[{"taxonomy":"category","embeddable":true,"href":"https:\/\/kapitalis.com\/tunisie\/wp-json\/wp\/v2\/categories?post=5578"},{"taxonomy":"post_tag","embeddable":true,"href":"https:\/\/kapitalis.com\/tunisie\/wp-json\/wp\/v2\/tags?post=5578"}],"curies":[{"name":"wp","href":"https:\/\/api.w.org\/{rel}","templated":true}]}}