{"id":55912,"date":"2016-06-28T09:16:57","date_gmt":"2016-06-28T08:16:57","guid":{"rendered":"http:\/\/kapitalis.com\/tunisie\/?p=55912"},"modified":"2016-06-28T09:16:57","modified_gmt":"2016-06-28T08:16:57","slug":"suspicion-dabus-sexuel-fermeture-dun-jardin-denfants-a-bizerte","status":"publish","type":"post","link":"https:\/\/kapitalis.com\/tunisie\/2016\/06\/28\/suspicion-dabus-sexuel-fermeture-dun-jardin-denfants-a-bizerte\/","title":{"rendered":"Suspicion d\u2019abus sexuel : Fermeture d\u2019un jardin d\u2019enfants \u00e0 Bizerte"},"content":{"rendered":"<p><img loading=\"lazy\" decoding=\"async\" class=\"alignnone size-full wp-image-29624 aligncenter\" src=\"http:\/\/kapitalis.com\/tunisie\/wp-content\/uploads\/2015\/12\/viol-enfants.jpg\" alt=\"viol enfants\" width=\"626\" height=\"380\" \/><\/p>\n<p><em><strong>Le gouverneur de Bizerte a ordonn\u00e9, lundi, la fermeture provisoire d\u2019un jardin d\u2019enfants pour suspicion d\u2019abus sexuel sur un enfant.<\/strong><\/em><\/p>\n<p><!--more--><\/p>\n<p>Cette d\u00e9cision, rapporte l\u2019agence Tap, a \u00e9t\u00e9 prise suite \u00e0 des rapports issus du minist\u00e8re de la Femme, de l\u2019Enfance et de la Famille, de la d\u00e9l\u00e9gation r\u00e9gionale de la protection de l\u2019enfance et de la commission r\u00e9gionale de suivi et de contr\u00f4le des \u00e9tablissements pour enfants.<\/p>\n<p>Elle demeure provisoire jusqu\u2019\u00e0 ce qu\u2019un verdict judiciaire soit rendu dans cette affaire. Une enqu\u00eate judiciaire a, en effet, \u00e9t\u00e9 ouverte sur cette affaire qui remonte \u00e0 mai dernier, le directeur d\u2019un jardin d\u2019enfants \u00e0 Bizerte-Sud ayant \u00e9t\u00e9 suspect\u00e9 d\u2019agression sexuelle sur une fillette (4 ans).<\/p>\n<p style=\"text-align: right;\"><strong>I. B.<\/strong> (avec Tap).<\/p>\n","protected":false},"excerpt":{"rendered":"<p>Le gouverneur de Bizerte a ordonn\u00e9, lundi, la fermeture provisoire d\u2019un jardin d\u2019enfants pour suspicion d\u2019abus sexuel sur un enfant.<\/p>\n","protected":false},"author":8,"featured_media":0,"comment_status":"open","ping_status":"open","sticky":false,"template":"","format":"standard","meta":{"footnotes":""},"categories":[998,2433],"tags":[17173,15172,10892,11282],"class_list":["post-55912","post","type-post","status-publish","format-standard","hentry","category-societe","category-tunisie","tag-abus-sexuel","tag-enquete-judiciaire","tag-jardin-denfants","tag-protection-de-lenfance"],"yoast_head":"<!-- This site is optimized with the Yoast SEO plugin v26.6 - https:\/\/yoast.com\/wordpress\/plugins\/seo\/ -->\n<title>Suspicion d\u2019abus sexuel : Fermeture d\u2019un jardin d\u2019enfants \u00e0 Bizerte - Kapitalis<\/title>\n<meta name=\"robots\" content=\"index, follow, max-snippet:-1, max-image-preview:large, max-video-preview:-1\" \/>\n<link rel=\"canonical\" href=\"https:\/\/kapitalis.com\/tunisie\/2016\/06\/28\/suspicion-dabus-sexuel-fermeture-dun-jardin-denfants-a-bizerte\/\" \/>\n<meta property=\"og:locale\" content=\"fr_FR\" \/>\n<meta property=\"og:type\" content=\"article\" \/>\n<meta property=\"og:title\" content=\"Suspicion d\u2019abus sexuel : Fermeture d\u2019un jardin d\u2019enfants \u00e0 Bizerte - Kapitalis\" \/>\n<meta property=\"og:description\" content=\"Le gouverneur de Bizerte a ordonn\u00e9, lundi, la fermeture provisoire d\u2019un jardin d\u2019enfants pour suspicion d\u2019abus sexuel sur un enfant.\" \/>\n<meta property=\"og:url\" content=\"https:\/\/kapitalis.com\/tunisie\/2016\/06\/28\/suspicion-dabus-sexuel-fermeture-dun-jardin-denfants-a-bizerte\/\" \/>\n<meta property=\"og:site_name\" content=\"Kapitalis\" \/>\n<meta property=\"article:publisher\" content=\"https:\/\/www.facebook.com\/KapitalisInfo\/\" \/>\n<meta property=\"article:published_time\" content=\"2016-06-28T08:16:57+00:00\" \/>\n<meta property=\"og:image\" content=\"http:\/\/kapitalis.com\/tunisie\/wp-content\/uploads\/2015\/12\/viol-enfants.jpg\" \/>\n<meta name=\"author\" content=\"webmaster kapitalis\" \/>\n<meta name=\"twitter:card\" content=\"summary_large_image\" \/>\n<meta name=\"twitter:creator\" content=\"@KapitalisInfo\" \/>\n<meta name=\"twitter:site\" content=\"@KapitalisInfo\" \/>\n<meta name=\"twitter:label1\" content=\"\u00c9crit par\" \/>\n\t<meta name=\"twitter:data1\" content=\"webmaster kapitalis\" \/>\n\t<meta name=\"twitter:label2\" content=\"Dur\u00e9e de lecture estim\u00e9e\" \/>\n\t<meta name=\"twitter:data2\" content=\"1 minute\" \/>\n<script type=\"application\/ld+json\" class=\"yoast-schema-graph\">{\"@context\":\"https:\/\/schema.org\",\"@graph\":[{\"@type\":\"Article\",\"@id\":\"https:\/\/kapitalis.com\/tunisie\/2016\/06\/28\/suspicion-dabus-sexuel-fermeture-dun-jardin-denfants-a-bizerte\/#article\",\"isPartOf\":{\"@id\":\"https:\/\/kapitalis.com\/tunisie\/2016\/06\/28\/suspicion-dabus-sexuel-fermeture-dun-jardin-denfants-a-bizerte\/\"},\"author\":{\"name\":\"webmaster kapitalis\",\"@id\":\"https:\/\/kapitalis.com\/tunisie\/#\/schema\/person\/d71f33a9ca44f7bad4698210b480c8e9\"},\"headline\":\"Suspicion d\u2019abus sexuel : Fermeture d\u2019un jardin d\u2019enfants \u00e0 Bizerte\",\"datePublished\":\"2016-06-28T08:16:57+00:00\",\"mainEntityOfPage\":{\"@id\":\"https:\/\/kapitalis.com\/tunisie\/2016\/06\/28\/suspicion-dabus-sexuel-fermeture-dun-jardin-denfants-a-bizerte\/\"},\"wordCount\":142,\"commentCount\":0,\"publisher\":{\"@id\":\"https:\/\/kapitalis.com\/tunisie\/#organization\"},\"image\":{\"@id\":\"https:\/\/kapitalis.com\/tunisie\/2016\/06\/28\/suspicion-dabus-sexuel-fermeture-dun-jardin-denfants-a-bizerte\/#primaryimage\"},\"thumbnailUrl\":\"http:\/\/kapitalis.com\/tunisie\/wp-content\/uploads\/2015\/12\/viol-enfants.jpg\",\"keywords\":[\"abus sexuel\",\"enqu\u00eate judiciaire\",\"jardin d\u2019enfants\",\"protection de l'enfance\"],\"articleSection\":[\"SOCIETE\",\"Tunisie\"],\"inLanguage\":\"fr-FR\",\"potentialAction\":[{\"@type\":\"CommentAction\",\"name\":\"Comment\",\"target\":[\"https:\/\/kapitalis.com\/tunisie\/2016\/06\/28\/suspicion-dabus-sexuel-fermeture-dun-jardin-denfants-a-bizerte\/#respond\"]}]},{\"@type\":\"WebPage\",\"@id\":\"https:\/\/kapitalis.com\/tunisie\/2016\/06\/28\/suspicion-dabus-sexuel-fermeture-dun-jardin-denfants-a-bizerte\/\",\"url\":\"https:\/\/kapitalis.com\/tunisie\/2016\/06\/28\/suspicion-dabus-sexuel-fermeture-dun-jardin-denfants-a-bizerte\/\",\"name\":\"Suspicion d\u2019abus sexuel : Fermeture d\u2019un jardin d\u2019enfants \u00e0 Bizerte - Kapitalis\",\"isPartOf\":{\"@id\":\"https:\/\/kapitalis.com\/tunisie\/#website\"},\"primaryImageOfPage\":{\"@id\":\"https:\/\/kapitalis.com\/tunisie\/2016\/06\/28\/suspicion-dabus-sexuel-fermeture-dun-jardin-denfants-a-bizerte\/#primaryimage\"},\"image\":{\"@id\":\"https:\/\/kapitalis.com\/tunisie\/2016\/06\/28\/suspicion-dabus-sexuel-fermeture-dun-jardin-denfants-a-bizerte\/#primaryimage\"},\"thumbnailUrl\":\"http:\/\/kapitalis.com\/tunisie\/wp-content\/uploads\/2015\/12\/viol-enfants.jpg\",\"datePublished\":\"2016-06-28T08:16:57+00:00\",\"breadcrumb\":{\"@id\":\"https:\/\/kapitalis.com\/tunisie\/2016\/06\/28\/suspicion-dabus-sexuel-fermeture-dun-jardin-denfants-a-bizerte\/#breadcrumb\"},\"inLanguage\":\"fr-FR\",\"potentialAction\":[{\"@type\":\"ReadAction\",\"target\":[\"https:\/\/kapitalis.com\/tunisie\/2016\/06\/28\/suspicion-dabus-sexuel-fermeture-dun-jardin-denfants-a-bizerte\/\"]}]},{\"@type\":\"ImageObject\",\"inLanguage\":\"fr-FR\",\"@id\":\"https:\/\/kapitalis.com\/tunisie\/2016\/06\/28\/suspicion-dabus-sexuel-fermeture-dun-jardin-denfants-a-bizerte\/#primaryimage\",\"url\":\"http:\/\/kapitalis.com\/tunisie\/wp-content\/uploads\/2015\/12\/viol-enfants.jpg\",\"contentUrl\":\"http:\/\/kapitalis.com\/tunisie\/wp-content\/uploads\/2015\/12\/viol-enfants.jpg\"},{\"@type\":\"BreadcrumbList\",\"@id\":\"https:\/\/kapitalis.com\/tunisie\/2016\/06\/28\/suspicion-dabus-sexuel-fermeture-dun-jardin-denfants-a-bizerte\/#breadcrumb\",\"itemListElement\":[{\"@type\":\"ListItem\",\"position\":1,\"name\":\"Accueil\",\"item\":\"https:\/\/kapitalis.com\/tunisie\/\"},{\"@type\":\"ListItem\",\"position\":2,\"name\":\"Suspicion d\u2019abus sexuel : Fermeture d\u2019un jardin d\u2019enfants \u00e0 Bizerte\"}]},{\"@type\":\"WebSite\",\"@id\":\"https:\/\/kapitalis.com\/tunisie\/#website\",\"url\":\"https:\/\/kapitalis.com\/tunisie\/\",\"name\":\"Kapitalis\",\"description\":\"L&#039;actualit\u00e9 en Tunisie et dans le monde\",\"publisher\":{\"@id\":\"https:\/\/kapitalis.com\/tunisie\/#organization\"},\"potentialAction\":[{\"@type\":\"SearchAction\",\"target\":{\"@type\":\"EntryPoint\",\"urlTemplate\":\"https:\/\/kapitalis.com\/tunisie\/?s={search_term_string}\"},\"query-input\":{\"@type\":\"PropertyValueSpecification\",\"valueRequired\":true,\"valueName\":\"search_term_string\"}}],\"inLanguage\":\"fr-FR\"},{\"@type\":\"Organization\",\"@id\":\"https:\/\/kapitalis.com\/tunisie\/#organization\",\"name\":\"Kapitalis\",\"url\":\"https:\/\/kapitalis.com\/tunisie\/\",\"logo\":{\"@type\":\"ImageObject\",\"inLanguage\":\"fr-FR\",\"@id\":\"https:\/\/kapitalis.com\/tunisie\/#\/schema\/logo\/image\/\",\"url\":\"https:\/\/kapitalis.com\/tunisie\/wp-content\/uploads\/2022\/05\/Kapitalis-big-size.png\",\"contentUrl\":\"https:\/\/kapitalis.com\/tunisie\/wp-content\/uploads\/2022\/05\/Kapitalis-big-size.png\",\"width\":5000,\"height\":1500,\"caption\":\"Kapitalis\"},\"image\":{\"@id\":\"https:\/\/kapitalis.com\/tunisie\/#\/schema\/logo\/image\/\"},\"sameAs\":[\"https:\/\/www.facebook.com\/KapitalisInfo\/\",\"https:\/\/x.com\/KapitalisInfo\",\"https:\/\/www.youtube.com\/channel\/UC-yDYrHyfFBWWZaOw3FPg9Q\"]},{\"@type\":\"Person\",\"@id\":\"https:\/\/kapitalis.com\/tunisie\/#\/schema\/person\/d71f33a9ca44f7bad4698210b480c8e9\",\"name\":\"webmaster kapitalis\",\"url\":\"https:\/\/kapitalis.com\/tunisie\/author\/webmaster-kapitalis\/\"}]}<\/script>\n<!-- \/ Yoast SEO plugin. -->","yoast_head_json":{"title":"Suspicion d\u2019abus sexuel : Fermeture d\u2019un jardin d\u2019enfants \u00e0 Bizerte - Kapitalis","robots":{"index":"index","follow":"follow","max-snippet":"max-snippet:-1","max-image-preview":"max-image-preview:large","max-video-preview":"max-video-preview:-1"},"canonical":"https:\/\/kapitalis.com\/tunisie\/2016\/06\/28\/suspicion-dabus-sexuel-fermeture-dun-jardin-denfants-a-bizerte\/","og_locale":"fr_FR","og_type":"article","og_title":"Suspicion d\u2019abus sexuel : Fermeture d\u2019un jardin d\u2019enfants \u00e0 Bizerte - Kapitalis","og_description":"Le gouverneur de Bizerte a ordonn\u00e9, lundi, la fermeture provisoire d\u2019un jardin d\u2019enfants pour suspicion d\u2019abus sexuel sur un enfant.","og_url":"https:\/\/kapitalis.com\/tunisie\/2016\/06\/28\/suspicion-dabus-sexuel-fermeture-dun-jardin-denfants-a-bizerte\/","og_site_name":"Kapitalis","article_publisher":"https:\/\/www.facebook.com\/KapitalisInfo\/","article_published_time":"2016-06-28T08:16:57+00:00","og_image":[{"url":"http:\/\/kapitalis.com\/tunisie\/wp-content\/uploads\/2015\/12\/viol-enfants.jpg","type":"","width":"","height":""}],"author":"webmaster kapitalis","twitter_card":"summary_large_image","twitter_creator":"@KapitalisInfo","twitter_site":"@KapitalisInfo","twitter_misc":{"\u00c9crit par":"webmaster kapitalis","Dur\u00e9e de lecture estim\u00e9e":"1 minute"},"schema":{"@context":"https:\/\/schema.org","@graph":[{"@type":"Article","@id":"https:\/\/kapitalis.com\/tunisie\/2016\/06\/28\/suspicion-dabus-sexuel-fermeture-dun-jardin-denfants-a-bizerte\/#article","isPartOf":{"@id":"https:\/\/kapitalis.com\/tunisie\/2016\/06\/28\/suspicion-dabus-sexuel-fermeture-dun-jardin-denfants-a-bizerte\/"},"author":{"name":"webmaster kapitalis","@id":"https:\/\/kapitalis.com\/tunisie\/#\/schema\/person\/d71f33a9ca44f7bad4698210b480c8e9"},"headline":"Suspicion d\u2019abus sexuel : Fermeture d\u2019un jardin d\u2019enfants \u00e0 Bizerte","datePublished":"2016-06-28T08:16:57+00:00","mainEntityOfPage":{"@id":"https:\/\/kapitalis.com\/tunisie\/2016\/06\/28\/suspicion-dabus-sexuel-fermeture-dun-jardin-denfants-a-bizerte\/"},"wordCount":142,"commentCount":0,"publisher":{"@id":"https:\/\/kapitalis.com\/tunisie\/#organization"},"image":{"@id":"https:\/\/kapitalis.com\/tunisie\/2016\/06\/28\/suspicion-dabus-sexuel-fermeture-dun-jardin-denfants-a-bizerte\/#primaryimage"},"thumbnailUrl":"http:\/\/kapitalis.com\/tunisie\/wp-content\/uploads\/2015\/12\/viol-enfants.jpg","keywords":["abus sexuel","enqu\u00eate judiciaire","jardin d\u2019enfants","protection de l'enfance"],"articleSection":["SOCIETE","Tunisie"],"inLanguage":"fr-FR","potentialAction":[{"@type":"CommentAction","name":"Comment","target":["https:\/\/kapitalis.com\/tunisie\/2016\/06\/28\/suspicion-dabus-sexuel-fermeture-dun-jardin-denfants-a-bizerte\/#respond"]}]},{"@type":"WebPage","@id":"https:\/\/kapitalis.com\/tunisie\/2016\/06\/28\/suspicion-dabus-sexuel-fermeture-dun-jardin-denfants-a-bizerte\/","url":"https:\/\/kapitalis.com\/tunisie\/2016\/06\/28\/suspicion-dabus-sexuel-fermeture-dun-jardin-denfants-a-bizerte\/","name":"Suspicion d\u2019abus sexuel : Fermeture d\u2019un jardin d\u2019enfants \u00e0 Bizerte - Kapitalis","isPartOf":{"@id":"https:\/\/kapitalis.com\/tunisie\/#website"},"primaryImageOfPage":{"@id":"https:\/\/kapitalis.com\/tunisie\/2016\/06\/28\/suspicion-dabus-sexuel-fermeture-dun-jardin-denfants-a-bizerte\/#primaryimage"},"image":{"@id":"https:\/\/kapitalis.com\/tunisie\/2016\/06\/28\/suspicion-dabus-sexuel-fermeture-dun-jardin-denfants-a-bizerte\/#primaryimage"},"thumbnailUrl":"http:\/\/kapitalis.com\/tunisie\/wp-content\/uploads\/2015\/12\/viol-enfants.jpg","datePublished":"2016-06-28T08:16:57+00:00","breadcrumb":{"@id":"https:\/\/kapitalis.com\/tunisie\/2016\/06\/28\/suspicion-dabus-sexuel-fermeture-dun-jardin-denfants-a-bizerte\/#breadcrumb"},"inLanguage":"fr-FR","potentialAction":[{"@type":"ReadAction","target":["https:\/\/kapitalis.com\/tunisie\/2016\/06\/28\/suspicion-dabus-sexuel-fermeture-dun-jardin-denfants-a-bizerte\/"]}]},{"@type":"ImageObject","inLanguage":"fr-FR","@id":"https:\/\/kapitalis.com\/tunisie\/2016\/06\/28\/suspicion-dabus-sexuel-fermeture-dun-jardin-denfants-a-bizerte\/#primaryimage","url":"http:\/\/kapitalis.com\/tunisie\/wp-content\/uploads\/2015\/12\/viol-enfants.jpg","contentUrl":"http:\/\/kapitalis.com\/tunisie\/wp-content\/uploads\/2015\/12\/viol-enfants.jpg"},{"@type":"BreadcrumbList","@id":"https:\/\/kapitalis.com\/tunisie\/2016\/06\/28\/suspicion-dabus-sexuel-fermeture-dun-jardin-denfants-a-bizerte\/#breadcrumb","itemListElement":[{"@type":"ListItem","position":1,"name":"Accueil","item":"https:\/\/kapitalis.com\/tunisie\/"},{"@type":"ListItem","position":2,"name":"Suspicion d\u2019abus sexuel : Fermeture d\u2019un jardin d\u2019enfants \u00e0 Bizerte"}]},{"@type":"WebSite","@id":"https:\/\/kapitalis.com\/tunisie\/#website","url":"https:\/\/kapitalis.com\/tunisie\/","name":"Kapitalis","description":"L&#039;actualit\u00e9 en Tunisie et dans le monde","publisher":{"@id":"https:\/\/kapitalis.com\/tunisie\/#organization"},"potentialAction":[{"@type":"SearchAction","target":{"@type":"EntryPoint","urlTemplate":"https:\/\/kapitalis.com\/tunisie\/?s={search_term_string}"},"query-input":{"@type":"PropertyValueSpecification","valueRequired":true,"valueName":"search_term_string"}}],"inLanguage":"fr-FR"},{"@type":"Organization","@id":"https:\/\/kapitalis.com\/tunisie\/#organization","name":"Kapitalis","url":"https:\/\/kapitalis.com\/tunisie\/","logo":{"@type":"ImageObject","inLanguage":"fr-FR","@id":"https:\/\/kapitalis.com\/tunisie\/#\/schema\/logo\/image\/","url":"https:\/\/kapitalis.com\/tunisie\/wp-content\/uploads\/2022\/05\/Kapitalis-big-size.png","contentUrl":"https:\/\/kapitalis.com\/tunisie\/wp-content\/uploads\/2022\/05\/Kapitalis-big-size.png","width":5000,"height":1500,"caption":"Kapitalis"},"image":{"@id":"https:\/\/kapitalis.com\/tunisie\/#\/schema\/logo\/image\/"},"sameAs":["https:\/\/www.facebook.com\/KapitalisInfo\/","https:\/\/x.com\/KapitalisInfo","https:\/\/www.youtube.com\/channel\/UC-yDYrHyfFBWWZaOw3FPg9Q"]},{"@type":"Person","@id":"https:\/\/kapitalis.com\/tunisie\/#\/schema\/person\/d71f33a9ca44f7bad4698210b480c8e9","name":"webmaster kapitalis","url":"https:\/\/kapitalis.com\/tunisie\/author\/webmaster-kapitalis\/"}]}},"_links":{"self":[{"href":"https:\/\/kapitalis.com\/tunisie\/wp-json\/wp\/v2\/posts\/55912","targetHints":{"allow":["GET"]}}],"collection":[{"href":"https:\/\/kapitalis.com\/tunisie\/wp-json\/wp\/v2\/posts"}],"about":[{"href":"https:\/\/kapitalis.com\/tunisie\/wp-json\/wp\/v2\/types\/post"}],"author":[{"embeddable":true,"href":"https:\/\/kapitalis.com\/tunisie\/wp-json\/wp\/v2\/users\/8"}],"replies":[{"embeddable":true,"href":"https:\/\/kapitalis.com\/tunisie\/wp-json\/wp\/v2\/comments?post=55912"}],"version-history":[{"count":0,"href":"https:\/\/kapitalis.com\/tunisie\/wp-json\/wp\/v2\/posts\/55912\/revisions"}],"wp:attachment":[{"href":"https:\/\/kapitalis.com\/tunisie\/wp-json\/wp\/v2\/media?parent=55912"}],"wp:term":[{"taxonomy":"category","embeddable":true,"href":"https:\/\/kapitalis.com\/tunisie\/wp-json\/wp\/v2\/categories?post=55912"},{"taxonomy":"post_tag","embeddable":true,"href":"https:\/\/kapitalis.com\/tunisie\/wp-json\/wp\/v2\/tags?post=55912"}],"curies":[{"name":"wp","href":"https:\/\/api.w.org\/{rel}","templated":true}]}}