{"id":56007,"date":"2016-06-28T13:30:50","date_gmt":"2016-06-28T12:30:50","guid":{"rendered":"http:\/\/kapitalis.com\/tunisie\/?p=56007"},"modified":"2016-06-28T14:02:32","modified_gmt":"2016-06-28T13:02:32","slug":"sit-in-sayeb_yasmina-a-hammamet","status":"publish","type":"post","link":"https:\/\/kapitalis.com\/tunisie\/2016\/06\/28\/sit-in-sayeb_yasmina-a-hammamet\/","title":{"rendered":"Sit-in Sayeb_Yasmina \u00e0 Hammamet"},"content":{"rendered":"<p style=\"text-align: center;\"><img loading=\"lazy\" decoding=\"async\" class=\"alignnone size-full wp-image-56015\" src=\"http:\/\/kapitalis.com\/tunisie\/wp-content\/uploads\/2016\/06\/Sit-in-Hammamet-Ban.jpg\" alt=\"Sit-in-Hammamet-Ban\" width=\"626\" height=\"380\" \/><\/p>\n<p><em><strong>Samedi soir, \u00e0 22 h, il y avait foule devant la municipalit\u00e9 de Hammamet : un sit-in auquel a appel\u00e9 le collectif compos\u00e9 du R\u00e9seau associatif local et des principaux partis politiques.<\/strong><\/em><\/p>\n<p>Par<strong> S. S.<\/strong> &amp; <strong>M. K.<\/strong>,<em> correspondance sp\u00e9ciale.<\/em><\/p>\n<p><!--more--><\/p>\n<p>Rassembl\u00e9s et unis par un seul objectif : sauver l&rsquo;espace Yasmina des convoitises des promoteurs immobiliers en refusant le changement de sa vocation socioculturelle. Sauver l&rsquo;espace Yasmina, c\u2019est sauver un pan de la m\u00e9moire des habitants de Hammamet en m\u00eame temps que leur droit, le droit des jeunes et des moins jeunes, le droit des enfants et des g\u00e9n\u00e9rations futures aux loisirs, \u00e0 la culture, au sport et \u00e0 la verdure dans un espace d\u00e9di\u00e9. Sauver Yasmina, c&rsquo;est pr\u00e9server la beaut\u00e9 du site et l\u2019esth\u00e9tique du centre-ville.<\/p>\n<p style=\"text-align: center;\"><img loading=\"lazy\" decoding=\"async\" class=\"alignnone size-full wp-image-51119\" src=\"http:\/\/kapitalis.com\/tunisie\/wp-content\/uploads\/2016\/05\/Espace-Yasmina-Hammamet-2.jpg\" alt=\"Espace-Yasmina-Hammamet-2\" width=\"500\" height=\"300\" \/><\/p>\n<p style=\"text-align: center;\"><em>Espace Yasmina, un peu de verdure au coeur de Hammamet.<\/em><\/p>\n<p>Les habitants de Hammamet se sont mobilis\u00e9s par centaines pour dire et redire non \u00e0 la vente par l&rsquo;Agence fonci\u00e8re touristique (AFT) d\u2019une partie de l\u2019espace Yasmina; non \u00e0 l&rsquo;\u00e9dification d\u2019un m\u00e9ga-complexe commercial sur l&rsquo;avenue Habib Bourguiba; oui \u00e0 l\u2019acquisition par la municipalit\u00e9 des lots de l\u2019AFT; oui \u00e0 l\u2019unit\u00e9 de l\u2019espace Yasmina et oui \u00e0 la vocation socioculturelle du site.<\/p>\n<p style=\"text-align: center;\"><img loading=\"lazy\" decoding=\"async\" class=\"alignnone size-full wp-image-56009\" src=\"http:\/\/kapitalis.com\/tunisie\/wp-content\/uploads\/2016\/06\/Sit-in-Hammamet-2.jpg\" alt=\"Sit-in-Hammamet-2\" width=\"500\" height=\"700\" \/><\/p>\n<p>Pour le dire haut et fort, les Hammam\u00e9tois sont venus exprimer leur d\u00e9termination \u00e0 rester mobilis\u00e9s et \u00e0 chaque fois plus nombreux jusqu\u2019\u00e0 la r\u00e9alisation de leur objectif. En effet, ce rassemblement est le premier d\u2019une s\u00e9rie de manifestations qui, crescendo, vont sillonner la ville pour expliquer, sensibiliser, et mobiliser les habitants de Hammamet jusqu\u2019\u00e0 obtenir gain de cause \u00e0 savoir l\u2019arr\u00eat du projet de centre commercial et l\u2019engagement des proc\u00e9dures officielles pour l\u2019acquisition de lots de l\u2019AFT par la municipalit\u00e9.<\/p>\n<p>Il y a eu tr\u00e8s peu de discours sinon pour expliquer aux participants la bonne cause et les informer des actions et contacts entrepris aupr\u00e8s des autorit\u00e9s locales et r\u00e9gionales comp\u00e9tentes. Cette action militante et citoyenne pour d\u00e9fendre l\u2019int\u00e9r\u00eat g\u00e9n\u00e9ral des habitants de Hammamet aura permis de r\u00e9aliser une premi\u00e8re du genre : rassembler toutes les sensibilit\u00e9s politiques et de pens\u00e9e sans exclusive et unir les adversaires les plus farouches qui hier s\u2019insultaient et refusaient de s\u2019asseoir autour d\u2019une m\u00eame table.<\/p>\n<p>Les organisateurs ont apport\u00e9 la preuve que, malgr\u00e9 les divergences, un accord minimum, fond\u00e9 sur l\u2019int\u00e9r\u00eat bien compris des citoyens et de la ville et sur les principes du vivre ensemble dans un cadre d\u00e9mocratique respectueux de la Constitution, est possible.<\/p>\n<p style=\"text-align: center;\"><img loading=\"lazy\" decoding=\"async\" class=\"alignnone size-full wp-image-56010\" src=\"http:\/\/kapitalis.com\/tunisie\/wp-content\/uploads\/2016\/06\/Sit-in-Hammamet-3.jpg\" alt=\"Sit-in-Hammamet-3\" width=\"500\" height=\"350\" \/><\/p>\n<p>Pour conclure, il faut dire que le combat de proximit\u00e9 pour l\u2019int\u00e9r\u00eat de la ville et de ses habitants ne fait que commencer et la dynamique vertueuse enclench\u00e9e ne s\u2019arr\u00eatera pas en si bon chemin comme l\u2019a r\u00e9p\u00e9t\u00e9 dans son style inimitable l\u2019ami de tous et l\u2019animateur hors pair Ridha Gharbi qui a su traduire par la chanson, la danse, l\u2019humour et la musique l\u2019esprit de tous et transmettre le message qu\u2019il faut.<\/p>\n<p>A cette occasion, une p\u00e9tition a \u00e9t\u00e9 sign\u00e9e par plusieurs centaines de personnes. La mobilisation est importante et les organisateurs s\u2019attendent \u00e0 recueillir quelques milliers de signatures pour exprimer la d\u00e9termination des habitants de Hammamet \u00e0 sauver l\u2019espace Yasmina.<\/p>\n<p><em><strong>Article li\u00e9:\u00a0<\/strong><\/em><\/p>\n<p><a href=\"http:\/\/kapitalis.com\/tunisie\/2016\/05\/23\/hammamet-non-a-la-privatisation-de-lespace-yasmina\/\"><em>Hammamet : Non \u00e0 la privatisation de l\u2019espace Yasmina !<\/em><\/a><\/p>\n","protected":false},"excerpt":{"rendered":"<p>Samedi soir, \u00e0 22 h, il y avait foule devant la municipalit\u00e9 de Hammamet : un sit-in auquel a appel\u00e9 le collectif compos\u00e9 du R\u00e9seau associatif local et des principaux partis politiques. Par S. S. &amp; M. K., correspondance sp\u00e9ciale.<\/p>\n","protected":false},"author":8,"featured_media":56008,"comment_status":"open","ping_status":"open","sticky":false,"template":"","format":"standard","meta":{"footnotes":""},"categories":[992,998,2433],"tags":[439,1120],"class_list":["post-56007","post","type-post","status-publish","format-standard","has-post-thumbnail","hentry","category-a-la-une","category-societe","category-tunisie","tag-hammamet","tag-municipalite"],"yoast_head":"<!-- This site is optimized with the Yoast SEO plugin v26.6 - https:\/\/yoast.com\/wordpress\/plugins\/seo\/ -->\n<title>Sit-in Sayeb_Yasmina \u00e0 Hammamet - Kapitalis<\/title>\n<meta name=\"robots\" content=\"index, follow, max-snippet:-1, max-image-preview:large, max-video-preview:-1\" \/>\n<link rel=\"canonical\" href=\"https:\/\/kapitalis.com\/tunisie\/2016\/06\/28\/sit-in-sayeb_yasmina-a-hammamet\/\" \/>\n<meta property=\"og:locale\" content=\"fr_FR\" \/>\n<meta property=\"og:type\" content=\"article\" \/>\n<meta property=\"og:title\" content=\"Sit-in Sayeb_Yasmina \u00e0 Hammamet - Kapitalis\" \/>\n<meta property=\"og:description\" content=\"Samedi soir, \u00e0 22 h, il y avait foule devant la municipalit\u00e9 de Hammamet : un sit-in auquel a appel\u00e9 le collectif compos\u00e9 du R\u00e9seau associatif local et des principaux partis politiques. Par S. S. &amp; M. K., correspondance sp\u00e9ciale.\" \/>\n<meta property=\"og:url\" content=\"https:\/\/kapitalis.com\/tunisie\/2016\/06\/28\/sit-in-sayeb_yasmina-a-hammamet\/\" \/>\n<meta property=\"og:site_name\" content=\"Kapitalis\" \/>\n<meta property=\"article:publisher\" content=\"https:\/\/www.facebook.com\/KapitalisInfo\/\" \/>\n<meta property=\"article:published_time\" content=\"2016-06-28T12:30:50+00:00\" \/>\n<meta property=\"article:modified_time\" content=\"2016-06-28T13:02:32+00:00\" \/>\n<meta property=\"og:image\" content=\"https:\/\/kapitalis.com\/tunisie\/wp-content\/uploads\/2022\/05\/kapitalis-logo-fb.png\" \/>\n\t<meta property=\"og:image:width\" content=\"1200\" \/>\n\t<meta property=\"og:image:height\" content=\"630\" \/>\n\t<meta property=\"og:image:type\" content=\"image\/png\" \/>\n<meta name=\"author\" content=\"webmaster kapitalis\" \/>\n<meta name=\"twitter:card\" content=\"summary_large_image\" \/>\n<meta name=\"twitter:creator\" content=\"@KapitalisInfo\" \/>\n<meta name=\"twitter:site\" content=\"@KapitalisInfo\" \/>\n<meta name=\"twitter:label1\" content=\"\u00c9crit par\" \/>\n\t<meta name=\"twitter:data1\" content=\"webmaster kapitalis\" \/>\n\t<meta name=\"twitter:label2\" content=\"Dur\u00e9e de lecture estim\u00e9e\" \/>\n\t<meta name=\"twitter:data2\" content=\"3 minutes\" \/>\n<script type=\"application\/ld+json\" class=\"yoast-schema-graph\">{\"@context\":\"https:\/\/schema.org\",\"@graph\":[{\"@type\":\"Article\",\"@id\":\"https:\/\/kapitalis.com\/tunisie\/2016\/06\/28\/sit-in-sayeb_yasmina-a-hammamet\/#article\",\"isPartOf\":{\"@id\":\"https:\/\/kapitalis.com\/tunisie\/2016\/06\/28\/sit-in-sayeb_yasmina-a-hammamet\/\"},\"author\":{\"name\":\"webmaster kapitalis\",\"@id\":\"https:\/\/kapitalis.com\/tunisie\/#\/schema\/person\/d71f33a9ca44f7bad4698210b480c8e9\"},\"headline\":\"Sit-in Sayeb_Yasmina \u00e0 Hammamet\",\"datePublished\":\"2016-06-28T12:30:50+00:00\",\"dateModified\":\"2016-06-28T13:02:32+00:00\",\"mainEntityOfPage\":{\"@id\":\"https:\/\/kapitalis.com\/tunisie\/2016\/06\/28\/sit-in-sayeb_yasmina-a-hammamet\/\"},\"wordCount\":587,\"commentCount\":2,\"publisher\":{\"@id\":\"https:\/\/kapitalis.com\/tunisie\/#organization\"},\"image\":{\"@id\":\"https:\/\/kapitalis.com\/tunisie\/2016\/06\/28\/sit-in-sayeb_yasmina-a-hammamet\/#primaryimage\"},\"thumbnailUrl\":\"\",\"keywords\":[\"Hammamet\",\"municipalit\u00e9\"],\"articleSection\":[\"A LA UNE\",\"SOCIETE\",\"Tunisie\"],\"inLanguage\":\"fr-FR\",\"potentialAction\":[{\"@type\":\"CommentAction\",\"name\":\"Comment\",\"target\":[\"https:\/\/kapitalis.com\/tunisie\/2016\/06\/28\/sit-in-sayeb_yasmina-a-hammamet\/#respond\"]}]},{\"@type\":\"WebPage\",\"@id\":\"https:\/\/kapitalis.com\/tunisie\/2016\/06\/28\/sit-in-sayeb_yasmina-a-hammamet\/\",\"url\":\"https:\/\/kapitalis.com\/tunisie\/2016\/06\/28\/sit-in-sayeb_yasmina-a-hammamet\/\",\"name\":\"Sit-in Sayeb_Yasmina \u00e0 Hammamet - Kapitalis\",\"isPartOf\":{\"@id\":\"https:\/\/kapitalis.com\/tunisie\/#website\"},\"primaryImageOfPage\":{\"@id\":\"https:\/\/kapitalis.com\/tunisie\/2016\/06\/28\/sit-in-sayeb_yasmina-a-hammamet\/#primaryimage\"},\"image\":{\"@id\":\"https:\/\/kapitalis.com\/tunisie\/2016\/06\/28\/sit-in-sayeb_yasmina-a-hammamet\/#primaryimage\"},\"thumbnailUrl\":\"\",\"datePublished\":\"2016-06-28T12:30:50+00:00\",\"dateModified\":\"2016-06-28T13:02:32+00:00\",\"breadcrumb\":{\"@id\":\"https:\/\/kapitalis.com\/tunisie\/2016\/06\/28\/sit-in-sayeb_yasmina-a-hammamet\/#breadcrumb\"},\"inLanguage\":\"fr-FR\",\"potentialAction\":[{\"@type\":\"ReadAction\",\"target\":[\"https:\/\/kapitalis.com\/tunisie\/2016\/06\/28\/sit-in-sayeb_yasmina-a-hammamet\/\"]}]},{\"@type\":\"ImageObject\",\"inLanguage\":\"fr-FR\",\"@id\":\"https:\/\/kapitalis.com\/tunisie\/2016\/06\/28\/sit-in-sayeb_yasmina-a-hammamet\/#primaryimage\",\"url\":\"\",\"contentUrl\":\"\"},{\"@type\":\"BreadcrumbList\",\"@id\":\"https:\/\/kapitalis.com\/tunisie\/2016\/06\/28\/sit-in-sayeb_yasmina-a-hammamet\/#breadcrumb\",\"itemListElement\":[{\"@type\":\"ListItem\",\"position\":1,\"name\":\"Accueil\",\"item\":\"https:\/\/kapitalis.com\/tunisie\/\"},{\"@type\":\"ListItem\",\"position\":2,\"name\":\"Sit-in Sayeb_Yasmina \u00e0 Hammamet\"}]},{\"@type\":\"WebSite\",\"@id\":\"https:\/\/kapitalis.com\/tunisie\/#website\",\"url\":\"https:\/\/kapitalis.com\/tunisie\/\",\"name\":\"Kapitalis\",\"description\":\"L&#039;actualit\u00e9 en Tunisie et dans le monde\",\"publisher\":{\"@id\":\"https:\/\/kapitalis.com\/tunisie\/#organization\"},\"potentialAction\":[{\"@type\":\"SearchAction\",\"target\":{\"@type\":\"EntryPoint\",\"urlTemplate\":\"https:\/\/kapitalis.com\/tunisie\/?s={search_term_string}\"},\"query-input\":{\"@type\":\"PropertyValueSpecification\",\"valueRequired\":true,\"valueName\":\"search_term_string\"}}],\"inLanguage\":\"fr-FR\"},{\"@type\":\"Organization\",\"@id\":\"https:\/\/kapitalis.com\/tunisie\/#organization\",\"name\":\"Kapitalis\",\"url\":\"https:\/\/kapitalis.com\/tunisie\/\",\"logo\":{\"@type\":\"ImageObject\",\"inLanguage\":\"fr-FR\",\"@id\":\"https:\/\/kapitalis.com\/tunisie\/#\/schema\/logo\/image\/\",\"url\":\"https:\/\/kapitalis.com\/tunisie\/wp-content\/uploads\/2022\/05\/Kapitalis-big-size.png\",\"contentUrl\":\"https:\/\/kapitalis.com\/tunisie\/wp-content\/uploads\/2022\/05\/Kapitalis-big-size.png\",\"width\":5000,\"height\":1500,\"caption\":\"Kapitalis\"},\"image\":{\"@id\":\"https:\/\/kapitalis.com\/tunisie\/#\/schema\/logo\/image\/\"},\"sameAs\":[\"https:\/\/www.facebook.com\/KapitalisInfo\/\",\"https:\/\/x.com\/KapitalisInfo\",\"https:\/\/www.youtube.com\/channel\/UC-yDYrHyfFBWWZaOw3FPg9Q\"]},{\"@type\":\"Person\",\"@id\":\"https:\/\/kapitalis.com\/tunisie\/#\/schema\/person\/d71f33a9ca44f7bad4698210b480c8e9\",\"name\":\"webmaster kapitalis\",\"url\":\"https:\/\/kapitalis.com\/tunisie\/author\/webmaster-kapitalis\/\"}]}<\/script>\n<!-- \/ Yoast SEO plugin. -->","yoast_head_json":{"title":"Sit-in Sayeb_Yasmina \u00e0 Hammamet - Kapitalis","robots":{"index":"index","follow":"follow","max-snippet":"max-snippet:-1","max-image-preview":"max-image-preview:large","max-video-preview":"max-video-preview:-1"},"canonical":"https:\/\/kapitalis.com\/tunisie\/2016\/06\/28\/sit-in-sayeb_yasmina-a-hammamet\/","og_locale":"fr_FR","og_type":"article","og_title":"Sit-in Sayeb_Yasmina \u00e0 Hammamet - Kapitalis","og_description":"Samedi soir, \u00e0 22 h, il y avait foule devant la municipalit\u00e9 de Hammamet : un sit-in auquel a appel\u00e9 le collectif compos\u00e9 du R\u00e9seau associatif local et des principaux partis politiques. Par S. S. &amp; M. K., correspondance sp\u00e9ciale.","og_url":"https:\/\/kapitalis.com\/tunisie\/2016\/06\/28\/sit-in-sayeb_yasmina-a-hammamet\/","og_site_name":"Kapitalis","article_publisher":"https:\/\/www.facebook.com\/KapitalisInfo\/","article_published_time":"2016-06-28T12:30:50+00:00","article_modified_time":"2016-06-28T13:02:32+00:00","og_image":[{"width":1200,"height":630,"url":"https:\/\/kapitalis.com\/tunisie\/wp-content\/uploads\/2022\/05\/kapitalis-logo-fb.png","type":"image\/png"}],"author":"webmaster kapitalis","twitter_card":"summary_large_image","twitter_creator":"@KapitalisInfo","twitter_site":"@KapitalisInfo","twitter_misc":{"\u00c9crit par":"webmaster kapitalis","Dur\u00e9e de lecture estim\u00e9e":"3 minutes"},"schema":{"@context":"https:\/\/schema.org","@graph":[{"@type":"Article","@id":"https:\/\/kapitalis.com\/tunisie\/2016\/06\/28\/sit-in-sayeb_yasmina-a-hammamet\/#article","isPartOf":{"@id":"https:\/\/kapitalis.com\/tunisie\/2016\/06\/28\/sit-in-sayeb_yasmina-a-hammamet\/"},"author":{"name":"webmaster kapitalis","@id":"https:\/\/kapitalis.com\/tunisie\/#\/schema\/person\/d71f33a9ca44f7bad4698210b480c8e9"},"headline":"Sit-in Sayeb_Yasmina \u00e0 Hammamet","datePublished":"2016-06-28T12:30:50+00:00","dateModified":"2016-06-28T13:02:32+00:00","mainEntityOfPage":{"@id":"https:\/\/kapitalis.com\/tunisie\/2016\/06\/28\/sit-in-sayeb_yasmina-a-hammamet\/"},"wordCount":587,"commentCount":2,"publisher":{"@id":"https:\/\/kapitalis.com\/tunisie\/#organization"},"image":{"@id":"https:\/\/kapitalis.com\/tunisie\/2016\/06\/28\/sit-in-sayeb_yasmina-a-hammamet\/#primaryimage"},"thumbnailUrl":"","keywords":["Hammamet","municipalit\u00e9"],"articleSection":["A LA UNE","SOCIETE","Tunisie"],"inLanguage":"fr-FR","potentialAction":[{"@type":"CommentAction","name":"Comment","target":["https:\/\/kapitalis.com\/tunisie\/2016\/06\/28\/sit-in-sayeb_yasmina-a-hammamet\/#respond"]}]},{"@type":"WebPage","@id":"https:\/\/kapitalis.com\/tunisie\/2016\/06\/28\/sit-in-sayeb_yasmina-a-hammamet\/","url":"https:\/\/kapitalis.com\/tunisie\/2016\/06\/28\/sit-in-sayeb_yasmina-a-hammamet\/","name":"Sit-in Sayeb_Yasmina \u00e0 Hammamet - Kapitalis","isPartOf":{"@id":"https:\/\/kapitalis.com\/tunisie\/#website"},"primaryImageOfPage":{"@id":"https:\/\/kapitalis.com\/tunisie\/2016\/06\/28\/sit-in-sayeb_yasmina-a-hammamet\/#primaryimage"},"image":{"@id":"https:\/\/kapitalis.com\/tunisie\/2016\/06\/28\/sit-in-sayeb_yasmina-a-hammamet\/#primaryimage"},"thumbnailUrl":"","datePublished":"2016-06-28T12:30:50+00:00","dateModified":"2016-06-28T13:02:32+00:00","breadcrumb":{"@id":"https:\/\/kapitalis.com\/tunisie\/2016\/06\/28\/sit-in-sayeb_yasmina-a-hammamet\/#breadcrumb"},"inLanguage":"fr-FR","potentialAction":[{"@type":"ReadAction","target":["https:\/\/kapitalis.com\/tunisie\/2016\/06\/28\/sit-in-sayeb_yasmina-a-hammamet\/"]}]},{"@type":"ImageObject","inLanguage":"fr-FR","@id":"https:\/\/kapitalis.com\/tunisie\/2016\/06\/28\/sit-in-sayeb_yasmina-a-hammamet\/#primaryimage","url":"","contentUrl":""},{"@type":"BreadcrumbList","@id":"https:\/\/kapitalis.com\/tunisie\/2016\/06\/28\/sit-in-sayeb_yasmina-a-hammamet\/#breadcrumb","itemListElement":[{"@type":"ListItem","position":1,"name":"Accueil","item":"https:\/\/kapitalis.com\/tunisie\/"},{"@type":"ListItem","position":2,"name":"Sit-in Sayeb_Yasmina \u00e0 Hammamet"}]},{"@type":"WebSite","@id":"https:\/\/kapitalis.com\/tunisie\/#website","url":"https:\/\/kapitalis.com\/tunisie\/","name":"Kapitalis","description":"L&#039;actualit\u00e9 en Tunisie et dans le monde","publisher":{"@id":"https:\/\/kapitalis.com\/tunisie\/#organization"},"potentialAction":[{"@type":"SearchAction","target":{"@type":"EntryPoint","urlTemplate":"https:\/\/kapitalis.com\/tunisie\/?s={search_term_string}"},"query-input":{"@type":"PropertyValueSpecification","valueRequired":true,"valueName":"search_term_string"}}],"inLanguage":"fr-FR"},{"@type":"Organization","@id":"https:\/\/kapitalis.com\/tunisie\/#organization","name":"Kapitalis","url":"https:\/\/kapitalis.com\/tunisie\/","logo":{"@type":"ImageObject","inLanguage":"fr-FR","@id":"https:\/\/kapitalis.com\/tunisie\/#\/schema\/logo\/image\/","url":"https:\/\/kapitalis.com\/tunisie\/wp-content\/uploads\/2022\/05\/Kapitalis-big-size.png","contentUrl":"https:\/\/kapitalis.com\/tunisie\/wp-content\/uploads\/2022\/05\/Kapitalis-big-size.png","width":5000,"height":1500,"caption":"Kapitalis"},"image":{"@id":"https:\/\/kapitalis.com\/tunisie\/#\/schema\/logo\/image\/"},"sameAs":["https:\/\/www.facebook.com\/KapitalisInfo\/","https:\/\/x.com\/KapitalisInfo","https:\/\/www.youtube.com\/channel\/UC-yDYrHyfFBWWZaOw3FPg9Q"]},{"@type":"Person","@id":"https:\/\/kapitalis.com\/tunisie\/#\/schema\/person\/d71f33a9ca44f7bad4698210b480c8e9","name":"webmaster kapitalis","url":"https:\/\/kapitalis.com\/tunisie\/author\/webmaster-kapitalis\/"}]}},"_links":{"self":[{"href":"https:\/\/kapitalis.com\/tunisie\/wp-json\/wp\/v2\/posts\/56007","targetHints":{"allow":["GET"]}}],"collection":[{"href":"https:\/\/kapitalis.com\/tunisie\/wp-json\/wp\/v2\/posts"}],"about":[{"href":"https:\/\/kapitalis.com\/tunisie\/wp-json\/wp\/v2\/types\/post"}],"author":[{"embeddable":true,"href":"https:\/\/kapitalis.com\/tunisie\/wp-json\/wp\/v2\/users\/8"}],"replies":[{"embeddable":true,"href":"https:\/\/kapitalis.com\/tunisie\/wp-json\/wp\/v2\/comments?post=56007"}],"version-history":[{"count":0,"href":"https:\/\/kapitalis.com\/tunisie\/wp-json\/wp\/v2\/posts\/56007\/revisions"}],"wp:featuredmedia":[{"embeddable":true,"href":"https:\/\/kapitalis.com\/tunisie\/wp-json\/wp\/v2\/media\/56008"}],"wp:attachment":[{"href":"https:\/\/kapitalis.com\/tunisie\/wp-json\/wp\/v2\/media?parent=56007"}],"wp:term":[{"taxonomy":"category","embeddable":true,"href":"https:\/\/kapitalis.com\/tunisie\/wp-json\/wp\/v2\/categories?post=56007"},{"taxonomy":"post_tag","embeddable":true,"href":"https:\/\/kapitalis.com\/tunisie\/wp-json\/wp\/v2\/tags?post=56007"}],"curies":[{"name":"wp","href":"https:\/\/api.w.org\/{rel}","templated":true}]}}