{"id":5601012,"date":"2022-12-10T08:53:31","date_gmt":"2022-12-10T07:53:31","guid":{"rendered":"https:\/\/kapitalis.com\/tunisie\/?p=5601012"},"modified":"2022-12-10T09:30:50","modified_gmt":"2022-12-10T08:30:50","slug":"tunisie-lentreprise-letat-et-la-crise","status":"publish","type":"post","link":"https:\/\/kapitalis.com\/tunisie\/2022\/12\/10\/tunisie-lentreprise-letat-et-la-crise\/","title":{"rendered":"Tunisie\u00a0: l\u2019entreprise, l\u2019Etat et la crise \u00a0"},"content":{"rendered":"\n<p><strong><em>Le pr\u00e9sident de l\u2019Institut arabe des chefs d\u2019entreprises (IACE), Ta\u00efeb Bayahi, a appel\u00e9, \u00e0 l&rsquo;ouverture de la 36e \u00e9dition des Journ\u00e9es de l\u2019Entreprise sur \u00abL\u2019entreprise et la s\u00e9curit\u00e9: libert\u00e9 et souverainet\u00e9\u00bb, organis\u00e9e par l&rsquo;IACE \u00e0 Sousse, le vendredi 9 d\u00e9cembre, en pr\u00e9sence de pr\u00e8s de 700 participants, \u00e0 reconsid\u00e9rer le r\u00f4le de l&rsquo;Etat dans l&rsquo;\u00e9conomie, qui plus est, dans un contexte de crise.<\/em><\/strong><\/p>\n\n\n\n<!--more-->\n\n\n\n<p>Le th\u00e8me de cette \u00e9dition des Journ\u00e9es de l\u2019entreprise refl\u00e8te les crises \u00e9conomiques survenues ces derni\u00e8res ann\u00e9es et leur impact notamment en mati\u00e8re de hausse des prix et de baisse des mati\u00e8res premi\u00e8res, a d\u00e9clar\u00e9 M. Bayahi, en soulignant la n\u00e9cessit\u00e9 de discuter de l\u2019intervention de l\u2019Etat au niveau du rendement des march\u00e9s, estimant que l\u2019entreprise ne doit pas \u00eatre seule \u00e0 faire face aux difficult\u00e9s \u00e9conomiques, \u00e0 la hausse des co\u00fbts et au manque de mati\u00e8res premi\u00e8res.<\/p>\n\n\n\n<p>Pr\u00e9sidant la c\u00e9r\u00e9monie d\u2019ouverture de cette \u00e9dition, en remplacement de la cheffe du gouvernement, Najla Bouden, la ministre de l\u2019Industrie, des Mines et de l\u2019Energie, Neila Nouira Gongi, a affirm\u00e9 que ces journ\u00e9es se tiennent, cette ann\u00e9e, dans un contexte sp\u00e9cial marqu\u00e9 par une crise \u00e9nerg\u00e9tique et un dysfonctionnement des cha\u00eenes d\u2019approvisionnement alimentaire \u00e0 l\u2019\u00e9chelle mondiale, \u00e0 cause de la guerre entre la Russie et l\u2019Ukraine, d\u00e9clench\u00e9e le 24 f\u00e9vrier 2022.<\/p>\n\n\n\n<p>Pour cette raison, l\u2019IACE a choisi de concentrer les d\u00e9bats de ces journ\u00e9es (8, 9 et 10 d\u00e9cembre 2022), sur les questions de la s\u00e9curit\u00e9 \u00e9nerg\u00e9tique, alimentaire et hydrique et aussi la s\u00e9curit\u00e9 cybern\u00e9tique.<\/p>\n\n\n\n<p>Prennent part \u00e0 cette \u00e9dition des repr\u00e9sentants des organisations patronales d\u2019Egypte, de Cor\u00e9e du sud et d\u2019Ukraine, des hommes d\u2019affaires, des hommes politiques, des \u00e9conomistes et un repr\u00e9sentant du Fonds mon\u00e9taires international (FMI).<\/p>\n\n\n\n<h2 class=\"wp-block-heading\">L\u2019entreprise face \u00e0 la crise<\/h2>\n\n\n\n<p>Les panels organis\u00e9s portent sur les th\u00e8mes de la <em>\u00abSouverainet\u00e9 \u00e9conomique : priorit\u00e9s et exigences\u00bb<\/em> et <em>\u00abNouvelles contraintes, nouvelles strat\u00e9gies de l\u2019entreprise\u00bb<\/em>. Se tiendront \u00e9galement deux sessions sp\u00e9ciales sur <em>\u00abTroubles sociaux et p\u00e9rennit\u00e9 de l\u2019entreprise\u00bb<\/em> et <em>\u00abCybersecurity\u00bb<\/em>.<\/p>\n\n\n<div class=\"wp-block-image\">\n<figure class=\"aligncenter size-large is-resized\"><img decoding=\"async\" src=\"https:\/\/kapitalis.com\/tunisie\/wp-content\/uploads\/2022\/12\/Neila-Gongi-Journee-Entreprise-1024x538.jpg\" alt=\"\" class=\"wp-image-5601088\" width=\"600\" srcset=\"https:\/\/kapitalis.com\/tunisie\/wp-content\/uploads\/2022\/12\/Neila-Gongi-Journee-Entreprise-1024x538.jpg 1024w, https:\/\/kapitalis.com\/tunisie\/wp-content\/uploads\/2022\/12\/Neila-Gongi-Journee-Entreprise-300x158.jpg 300w, https:\/\/kapitalis.com\/tunisie\/wp-content\/uploads\/2022\/12\/Neila-Gongi-Journee-Entreprise-768x403.jpg 768w, https:\/\/kapitalis.com\/tunisie\/wp-content\/uploads\/2022\/12\/Neila-Gongi-Journee-Entreprise-580x305.jpg 580w, https:\/\/kapitalis.com\/tunisie\/wp-content\/uploads\/2022\/12\/Neila-Gongi-Journee-Entreprise-860x452.jpg 860w, https:\/\/kapitalis.com\/tunisie\/wp-content\/uploads\/2022\/12\/Neila-Gongi-Journee-Entreprise-1160x609.jpg 1160w, https:\/\/kapitalis.com\/tunisie\/wp-content\/uploads\/2022\/12\/Neila-Gongi-Journee-Entreprise.jpg 1200w\" sizes=\"(max-width: 1024px) 100vw, 1024px\" \/><figcaption class=\"wp-element-caption\"><em>Neila Nouira Gongi.<\/em><\/figcaption><\/figure>\n<\/div>\n\n\n<p>Le programme de cette ann\u00e9e pr\u00e9voit des activit\u00e9s de r\u00e9flexion sous forme de <em>\u00abfishbowl\u00bb<\/em> destin\u00e9es \u00e0 proposer des solutions innovantes aux entreprises confront\u00e9es \u00e0 plusieurs probl\u00e9matiques dont principalement :1. Quelles opportunit\u00e9s d\u2019investissement en p\u00e9riode de crise ?; 2. Quels modes de financement adopter face \u00e0 la hausse des taux et au resserrement mon\u00e9taire ?; 3. Quel plan social \u00e9voquer en p\u00e9riode de stagflation ?<\/p>\n\n\n\n<p>Une session sp\u00e9ciale s\u2019\u00e9tait tenue avant-hier, jeudi, sur <em>\u00abL\u2019organisation et la r\u00e9gulation des march\u00e9s : libert\u00e9 et s\u00e9curit\u00e9\u00bb<\/em>, \u00e0 laquelle n\u2019a pas assist\u00e9, comme pr\u00e9vu, la ministre du Commerce et du D\u00e9veloppement des exportations, Fadhila Rabhi Ben Hamza.<\/p>\n\n\n\n<p>Selon Mme Nouira Gongi, l\u2019organisation de cette 36e \u00e9dition des Journ\u00e9es de l\u2019Entreprise intervient dans un contexte national, r\u00e9gional et international tr\u00e8s d\u00e9licat, en raison des r\u00e9percussions de la pand\u00e9mie du coronavirus et du conflit russo-ukrainien, lesquelles ont pouss\u00e9 le monde vers une nouvelle crise \u00e9conomique.<\/p>\n\n\n\n<p>Ouvrant ces journ\u00e9es, la ministre a ajout\u00e9 que le gouvernement a r\u00e9agi favorablement aux besoins urgents des entreprises, en adoptant plusieurs mesures visant \u00e0 stimuler l\u2019investissement, assurer la p\u00e9rennit\u00e9 du tissu \u00e9conomique et facilit\u00e9 l\u2019acc\u00e8s aux financements n\u00e9cessaires.<\/p>\n\n\n\n<p>Dans ce cadre, elle a rappel\u00e9 la promulgation, r\u00e9cemment, du d\u00e9cret- loi n\u00b02022-68 relatif \u00e0 l\u2019am\u00e9lioration de l\u2019efficacit\u00e9 de l\u2019ex\u00e9cution des projets publics et priv\u00e9s.<\/p>\n\n\n<div class=\"wp-block-image\">\n<figure class=\"aligncenter size-large is-resized\"><img decoding=\"async\" src=\"https:\/\/kapitalis.com\/tunisie\/wp-content\/uploads\/2022\/12\/Journees-Entreprise-2022-3-1024x538.jpg\" alt=\"\" class=\"wp-image-5601091\" width=\"600\" srcset=\"https:\/\/kapitalis.com\/tunisie\/wp-content\/uploads\/2022\/12\/Journees-Entreprise-2022-3-1024x538.jpg 1024w, https:\/\/kapitalis.com\/tunisie\/wp-content\/uploads\/2022\/12\/Journees-Entreprise-2022-3-300x158.jpg 300w, https:\/\/kapitalis.com\/tunisie\/wp-content\/uploads\/2022\/12\/Journees-Entreprise-2022-3-768x403.jpg 768w, https:\/\/kapitalis.com\/tunisie\/wp-content\/uploads\/2022\/12\/Journees-Entreprise-2022-3-580x305.jpg 580w, https:\/\/kapitalis.com\/tunisie\/wp-content\/uploads\/2022\/12\/Journees-Entreprise-2022-3-860x452.jpg 860w, https:\/\/kapitalis.com\/tunisie\/wp-content\/uploads\/2022\/12\/Journees-Entreprise-2022-3-1160x609.jpg 1160w, https:\/\/kapitalis.com\/tunisie\/wp-content\/uploads\/2022\/12\/Journees-Entreprise-2022-3.jpg 1200w\" sizes=\"(max-width: 1024px) 100vw, 1024px\" \/><\/figure>\n<\/div>\n\n\n<p>Elle a fait part, aussi, de la volont\u00e9 du gouvernement d\u2019adopter une approche int\u00e9gr\u00e9e pour l\u2019\u00e9laboration des r\u00e9formes et des programmes n\u00e9cessaires facilitant la sortie de la crise et la relance \u00e9conomique.<\/p>\n\n\n\n<p><em>\u00abLe gouvernement a \u00e9labor\u00e9 un programme national de r\u00e9formes r\u00e9alistes, pouvant \u00eatre mises en \u0153uvre, dans le cadre d\u2019une approche participative, tout en prenant en consid\u00e9ration l\u2019importance du volet social\u00bb<\/em>, a-t-elle assur\u00e9.<\/p>\n\n\n\n<h2 class=\"wp-block-heading\">R\u00e9forme globale de la fiscalit\u00e9<\/h2>\n\n\n\n<p>D\u2019apr\u00e8s elle, ce programme repose sur plusieurs axes, dont l\u2019am\u00e9lioration de l\u2019acc\u00e8s au march\u00e9, le d\u00e9veloppement de l\u2019infrastructure et de la technologie, ce qui permettra de fournir de meilleurs services logistiques, et d\u2019activer le r\u00f4le des technop\u00f4les, notamment dans les domaines de l\u2019innovation, de la recherche et du d\u00e9veloppement. La finalit\u00e9 est de soutenir l\u2019effort de restructuration du tissu \u00e9conomique et d\u2019impulser sa comp\u00e9titivit\u00e9.<\/p>\n\n\n\n<p>Ce programme vise, aussi, \u00e0 soutenir l\u2019investissement priv\u00e9, \u00e0 travers le renforcement des m\u00e9canismes de financement n\u00e9cessaires, surtout au profit des petites et moyennes entreprises et des start-up, outre l\u2019am\u00e9lioration de l\u2019int\u00e9gration financi\u00e8re, le d\u00e9veloppement de services de paiement \u00e9lectronique et la s\u00e9curisation de la r\u00e9silience financi\u00e8re du secteur bancaire.<\/p>\n\n\n<div class=\"wp-block-image\">\n<figure class=\"aligncenter size-large is-resized\"><img decoding=\"async\" src=\"https:\/\/kapitalis.com\/tunisie\/wp-content\/uploads\/2022\/12\/Journees-Entreprise-2022-2-1024x538.jpg\" alt=\"\" class=\"wp-image-5601095\" width=\"600\" srcset=\"https:\/\/kapitalis.com\/tunisie\/wp-content\/uploads\/2022\/12\/Journees-Entreprise-2022-2-1024x538.jpg 1024w, https:\/\/kapitalis.com\/tunisie\/wp-content\/uploads\/2022\/12\/Journees-Entreprise-2022-2-300x158.jpg 300w, https:\/\/kapitalis.com\/tunisie\/wp-content\/uploads\/2022\/12\/Journees-Entreprise-2022-2-768x403.jpg 768w, https:\/\/kapitalis.com\/tunisie\/wp-content\/uploads\/2022\/12\/Journees-Entreprise-2022-2-580x305.jpg 580w, https:\/\/kapitalis.com\/tunisie\/wp-content\/uploads\/2022\/12\/Journees-Entreprise-2022-2-860x452.jpg 860w, https:\/\/kapitalis.com\/tunisie\/wp-content\/uploads\/2022\/12\/Journees-Entreprise-2022-2-1160x609.jpg 1160w, https:\/\/kapitalis.com\/tunisie\/wp-content\/uploads\/2022\/12\/Journees-Entreprise-2022-2.jpg 1200w\" sizes=\"(max-width: 1024px) 100vw, 1024px\" \/><\/figure>\n<\/div>\n\n\n<p><em>&nbsp;\u00abLes r\u00e9formes sont fond\u00e9es sur la r\u00e9forme globale de la fiscalit\u00e9, en vue de consacrer la justice fiscale, la transparence des transactions, la modernisation de l\u2019administration fiscale, la rationalisation des avantages fiscaux et l\u2019int\u00e9gration du secteur parall\u00e8le. La loi de finances pour l\u2019exercice 2023 comprendra des mesures dans ce sens\u00bb<\/em>, a assur\u00e9 la ministre, en faisant remarquer que dans le cadre de la r\u00e9forme de la fonction publique, l\u2019accent sera mis sur la digitalisation de l\u2019administration, la rationalisation de la gestion des ressources humaines et le d\u00e9veloppement du syst\u00e8me de r\u00e9mun\u00e9ration.<\/p>\n\n\n\n<p>Mme Gongi a soulign\u00e9, \u00e0 cet \u00e9gard, l\u2019engagement du gouvernement \u00e0 poursuivre le dialogue avec l\u2019UGTT et l\u2019Utica et \u00e0 \u0153uvrer \u00e0 pr\u00e9server le pouvoir d\u2019achat du citoyen, \u00e0 travers l\u2019all\u00e8gement de l\u2019impact de l\u2019inflation import\u00e9e.<\/p>\n\n\n\n<h2 class=\"wp-block-heading\">Audit des entreprises publiques<\/h2>\n\n\n\n<p>La ministre a affirm\u00e9 que le gouvernement a d\u00e9cid\u00e9 d\u2019engager un audit des entreprises publiques et \u00e0 \u0153uvrer \u00e0 instaurer un nouveau syst\u00e8me de gouvernance de ces \u00e9tablissements, lequel sera fond\u00e9 sur davantage de souplesse et de transparence et la reddition des comptes. Il s\u2019agit, \u00e9galement, d\u2019\u00e9laborer une liste des entreprises publiques actives dans les secteurs strat\u00e9giques, afin d\u2019am\u00e9liorer la qualit\u00e9 des services publics et leur comp\u00e9titivit\u00e9, sans pour autant c\u00e9der ces entreprises aux priv\u00e9s. Elle a mis en exergue le souci du gouvernement de revoir le syst\u00e8me de compensation des produits de base, en vue le rationaliser et de prot\u00e9ger le pouvoir d\u2019achat des cat\u00e9gories moyennes et \u00e0 faible revenu.<\/p>\n\n\n\n<p><em>\u00abLe gouvernement est convaincu que&nbsp;le programme de r\u00e9formes va permettre de ma\u00eetriser progressivement, les \u00e9quilibres des finances publiques et aura un impact positif sur l\u2019emploi \u00e0 moyen et long termes\u00bb<\/em>, a dit Mme Gongi, ajoutant que la s\u00e9curit\u00e9 alimentaire et \u00e9nerg\u00e9tique&nbsp;continue d\u2019\u00eatre le d\u00e9fi majeur auquel fait face la Tunisie aujourd\u2019hui. Elle, \u00e0 cet effet, fait \u00e9tat de la d\u00e9termination du gouvernement \u00e0 r\u00e9aliser l\u2019autosuffisance en bl\u00e9 dur, limiter l\u2019importation de certains produits et promouvoir les ressources fourrag\u00e8res locales pour soutenir la fili\u00e8re laiti\u00e8re.<\/p>\n\n\n<div class=\"wp-block-image\">\n<figure class=\"aligncenter size-large is-resized\"><img decoding=\"async\" src=\"https:\/\/kapitalis.com\/tunisie\/wp-content\/uploads\/2022\/12\/Journees-Entreprise-2022-1024x538.jpg\" alt=\"\" class=\"wp-image-5601101\" width=\"600\" srcset=\"https:\/\/kapitalis.com\/tunisie\/wp-content\/uploads\/2022\/12\/Journees-Entreprise-2022-1024x538.jpg 1024w, https:\/\/kapitalis.com\/tunisie\/wp-content\/uploads\/2022\/12\/Journees-Entreprise-2022-300x158.jpg 300w, https:\/\/kapitalis.com\/tunisie\/wp-content\/uploads\/2022\/12\/Journees-Entreprise-2022-768x403.jpg 768w, https:\/\/kapitalis.com\/tunisie\/wp-content\/uploads\/2022\/12\/Journees-Entreprise-2022-580x305.jpg 580w, https:\/\/kapitalis.com\/tunisie\/wp-content\/uploads\/2022\/12\/Journees-Entreprise-2022-860x452.jpg 860w, https:\/\/kapitalis.com\/tunisie\/wp-content\/uploads\/2022\/12\/Journees-Entreprise-2022-1160x609.jpg 1160w, https:\/\/kapitalis.com\/tunisie\/wp-content\/uploads\/2022\/12\/Journees-Entreprise-2022.jpg 1200w\" sizes=\"(max-width: 1024px) 100vw, 1024px\" \/><\/figure>\n<\/div>\n\n\n<p>En ce qui concerne la s\u00e9curit\u00e9 hydrique, elle a indiqu\u00e9 que le gouvernement a \u0153uvr\u00e9 pour acc\u00e9l\u00e9rer le raccordement des barrages du nord au centre et entam\u00e9 la r\u00e9alisation de nouveaux barrages en plus du parach\u00e8vement des stations de dessalement des eaux \u00e0 Zarat, Sousse et Sfax.<\/p>\n\n\n\n<p>La ministre a \u00e9galement rappel\u00e9&nbsp;la d\u00e9termination du gouvernement \u00e0 renforcer la s\u00e9curit\u00e9 \u00e9nerg\u00e9tique \u00e0 travers l\u2019acc\u00e9l\u00e9ration des strat\u00e9gies nationales de transition \u00e9nerg\u00e9tique. <em>\u00abLe gouvernement a adopt\u00e9 une s\u00e9rie de projets d\u2019investissement dans les \u00e9nergies renouvelables, &nbsp;l\u2019objectif \u00e9tant de maitriser le d\u00e9ficit \u00e9nerg\u00e9tique et de cr\u00e9er des opportunit\u00e9s d\u2019emplois verts\u00bb<\/em>, a-t-elle assur\u00e9.<\/p>\n\n\n\n<p>Evoquant les n\u00e9gociations avec le FMI, elle a indiqu\u00e9 que l\u2019aboutissement \u00e0 un accord au niveau des experts, le 15 octobre 2022, est un <em>\u00abt\u00e9moignage de la cr\u00e9dibilit\u00e9 et de la viabilit\u00e9 du programme de r\u00e9formes et aussi, un signe de confiance en la capacit\u00e9 de &nbsp;r\u00e9silience de l\u2019\u00e9conomie nationale\u00bb<\/em>. Et d\u2019\u00e9voquer les retomb\u00e9es positives de cet accord dont notamment le rel\u00e8vement de la note de d\u00e9faut \u00e9metteur \u00e0 long terme en devises de la Tunisie de \u00abCCC\u00bb \u00e0 \u00abCCC+\u00bb par l\u2019agence de notation Fitch Ratings, le 1er d\u00e9cembre courant, apr\u00e8s une s\u00e9rie de baisses successives de la notation.<\/p>\n\n\n\n<p>La ministre a fait savoir qu\u2019il y a un regain de confiance de la part des partenaires strat\u00e9giques de la Tunisie, confirm\u00e9 par la Conf\u00e9rence internationale de Tokyo sur le d\u00e9veloppement de l\u2019Afrique (Ticad8), tenue courant ao\u00fbt \u00e0 Tunis, et le Sommet de la Francophonie en novembre \u00e0 Djerba).<\/p>\n\n\n\n<p class=\"has-text-align-right\"><strong>I. B.<\/strong> (avec Tap.)<\/p>\n\n\n\n<figure class=\"wp-block-embed is-type-wp-embed is-provider-kapitalis wp-block-embed-kapitalis\"><div class=\"wp-block-embed__wrapper\">\n<blockquote class=\"wp-embedded-content\" data-secret=\"XNY30qLrAr\"><a href=\"https:\/\/kapitalis.com\/tunisie\/2022\/12\/10\/journees-de-lentreprise-samir-saied-plaide-pour-lamelioration-du-climat-des-affaires\/\">Journ\u00e9es de l\u2019Entreprise\u00a0: Samir Sa\u00efed plaide pour l\u2019am\u00e9lioration du climat des affaires<\/a><\/blockquote><iframe loading=\"lazy\" class=\"wp-embedded-content\" sandbox=\"allow-scripts\" security=\"restricted\" style=\"position: absolute; clip: rect(1px, 1px, 1px, 1px);\" title=\"\u00ab\u00a0Journ\u00e9es de l\u2019Entreprise\u00a0: Samir Sa\u00efed plaide pour l\u2019am\u00e9lioration du climat des affaires\u00a0\u00bb &#8212; Kapitalis\" src=\"https:\/\/kapitalis.com\/tunisie\/2022\/12\/10\/journees-de-lentreprise-samir-saied-plaide-pour-lamelioration-du-climat-des-affaires\/embed\/#?secret=z27IiEJTMS#?secret=XNY30qLrAr\" data-secret=\"XNY30qLrAr\" width=\"600\" height=\"338\" frameborder=\"0\" marginwidth=\"0\" marginheight=\"0\" scrolling=\"no\"><\/iframe>\n<\/div><\/figure>\n","protected":false},"excerpt":{"rendered":"<p>Ta\u00efeb Bayahi appelle \u00e0 l&rsquo;ouverture des Journ\u00e9es de l&rsquo;entreprise \u00e0 Sousse \u00e0 reconsid\u00e9rer le r\u00f4le de l&rsquo;Etat dans une \u00e9conomie en crise.  <\/p>\n","protected":false},"author":8,"featured_media":5601086,"comment_status":"open","ping_status":"open","sticky":false,"template":"","format":"standard","meta":{"footnotes":""},"categories":[992,995,2433],"tags":[388,460,8708,94013,72688,62643,936,940],"class_list":["post-5601012","post","type-post","status-publish","format-standard","has-post-thumbnail","hentry","category-a-la-une","category-economie","category-tunisie","tag-fmi","tag-iace","tag-journees-de-lentreprise","tag-neila-nouira-gongi","tag-taieb-bayahi","tag-tunisie","tag-ugtt","tag-utica"],"yoast_head":"<!-- This site is optimized with the Yoast SEO plugin v26.6 - https:\/\/yoast.com\/wordpress\/plugins\/seo\/ -->\n<title>Tunisie\u00a0: l\u2019entreprise, l\u2019Etat et la crise \u00a0 - Kapitalis<\/title>\n<meta name=\"robots\" content=\"index, follow, max-snippet:-1, max-image-preview:large, max-video-preview:-1\" \/>\n<link rel=\"canonical\" href=\"https:\/\/kapitalis.com\/tunisie\/2022\/12\/10\/tunisie-lentreprise-letat-et-la-crise\/\" \/>\n<meta property=\"og:locale\" content=\"fr_FR\" \/>\n<meta property=\"og:type\" content=\"article\" \/>\n<meta property=\"og:title\" content=\"Tunisie\u00a0: l\u2019entreprise, l\u2019Etat et la crise \u00a0 - Kapitalis\" \/>\n<meta property=\"og:description\" content=\"Ta\u00efeb Bayahi appelle \u00e0 l&#039;ouverture des Journ\u00e9es de l&#039;entreprise \u00e0 Sousse \u00e0 reconsid\u00e9rer le r\u00f4le de l&#039;Etat dans une \u00e9conomie en crise.\" \/>\n<meta property=\"og:url\" content=\"https:\/\/kapitalis.com\/tunisie\/2022\/12\/10\/tunisie-lentreprise-letat-et-la-crise\/\" \/>\n<meta property=\"og:site_name\" content=\"Kapitalis\" \/>\n<meta property=\"article:publisher\" content=\"https:\/\/www.facebook.com\/KapitalisInfo\/\" \/>\n<meta property=\"article:published_time\" content=\"2022-12-10T07:53:31+00:00\" \/>\n<meta property=\"article:modified_time\" content=\"2022-12-10T08:30:50+00:00\" \/>\n<meta property=\"og:image\" content=\"https:\/\/kapitalis.com\/tunisie\/wp-content\/uploads\/2022\/12\/Taieb-Bayahi-Journees-Entreprise-2022.jpg\" \/>\n\t<meta property=\"og:image:width\" content=\"1200\" \/>\n\t<meta property=\"og:image:height\" content=\"630\" \/>\n\t<meta property=\"og:image:type\" content=\"image\/jpeg\" \/>\n<meta name=\"author\" content=\"webmaster kapitalis\" \/>\n<meta name=\"twitter:card\" content=\"summary_large_image\" \/>\n<meta name=\"twitter:creator\" content=\"@KapitalisInfo\" \/>\n<meta name=\"twitter:site\" content=\"@KapitalisInfo\" \/>\n<meta name=\"twitter:label1\" content=\"\u00c9crit par\" \/>\n\t<meta name=\"twitter:data1\" content=\"webmaster kapitalis\" \/>\n\t<meta name=\"twitter:label2\" content=\"Dur\u00e9e de lecture estim\u00e9e\" \/>\n\t<meta name=\"twitter:data2\" content=\"8 minutes\" \/>\n<script type=\"application\/ld+json\" class=\"yoast-schema-graph\">{\"@context\":\"https:\/\/schema.org\",\"@graph\":[{\"@type\":\"Article\",\"@id\":\"https:\/\/kapitalis.com\/tunisie\/2022\/12\/10\/tunisie-lentreprise-letat-et-la-crise\/#article\",\"isPartOf\":{\"@id\":\"https:\/\/kapitalis.com\/tunisie\/2022\/12\/10\/tunisie-lentreprise-letat-et-la-crise\/\"},\"author\":{\"name\":\"webmaster kapitalis\",\"@id\":\"https:\/\/kapitalis.com\/tunisie\/#\/schema\/person\/d71f33a9ca44f7bad4698210b480c8e9\"},\"headline\":\"Tunisie\u00a0: l\u2019entreprise, l\u2019Etat et la crise \u00a0\",\"datePublished\":\"2022-12-10T07:53:31+00:00\",\"dateModified\":\"2022-12-10T08:30:50+00:00\",\"mainEntityOfPage\":{\"@id\":\"https:\/\/kapitalis.com\/tunisie\/2022\/12\/10\/tunisie-lentreprise-letat-et-la-crise\/\"},\"wordCount\":1518,\"commentCount\":4,\"publisher\":{\"@id\":\"https:\/\/kapitalis.com\/tunisie\/#organization\"},\"image\":{\"@id\":\"https:\/\/kapitalis.com\/tunisie\/2022\/12\/10\/tunisie-lentreprise-letat-et-la-crise\/#primaryimage\"},\"thumbnailUrl\":\"https:\/\/kapitalis.com\/tunisie\/wp-content\/uploads\/2022\/12\/Taieb-Bayahi-Journees-Entreprise-2022.jpg\",\"keywords\":[\"FMI\",\"IACE\",\"Journ\u00e9es de l'entreprise\",\"Neila Nouira Gongi\",\"Taieb Bayahi\",\"Tunisie\",\"UGTT\",\"Utica\"],\"articleSection\":[\"A LA UNE\",\"ECONOMIE\",\"Tunisie\"],\"inLanguage\":\"fr-FR\",\"potentialAction\":[{\"@type\":\"CommentAction\",\"name\":\"Comment\",\"target\":[\"https:\/\/kapitalis.com\/tunisie\/2022\/12\/10\/tunisie-lentreprise-letat-et-la-crise\/#respond\"]}]},{\"@type\":\"WebPage\",\"@id\":\"https:\/\/kapitalis.com\/tunisie\/2022\/12\/10\/tunisie-lentreprise-letat-et-la-crise\/\",\"url\":\"https:\/\/kapitalis.com\/tunisie\/2022\/12\/10\/tunisie-lentreprise-letat-et-la-crise\/\",\"name\":\"Tunisie\u00a0: l\u2019entreprise, l\u2019Etat et la crise \u00a0 - Kapitalis\",\"isPartOf\":{\"@id\":\"https:\/\/kapitalis.com\/tunisie\/#website\"},\"primaryImageOfPage\":{\"@id\":\"https:\/\/kapitalis.com\/tunisie\/2022\/12\/10\/tunisie-lentreprise-letat-et-la-crise\/#primaryimage\"},\"image\":{\"@id\":\"https:\/\/kapitalis.com\/tunisie\/2022\/12\/10\/tunisie-lentreprise-letat-et-la-crise\/#primaryimage\"},\"thumbnailUrl\":\"https:\/\/kapitalis.com\/tunisie\/wp-content\/uploads\/2022\/12\/Taieb-Bayahi-Journees-Entreprise-2022.jpg\",\"datePublished\":\"2022-12-10T07:53:31+00:00\",\"dateModified\":\"2022-12-10T08:30:50+00:00\",\"breadcrumb\":{\"@id\":\"https:\/\/kapitalis.com\/tunisie\/2022\/12\/10\/tunisie-lentreprise-letat-et-la-crise\/#breadcrumb\"},\"inLanguage\":\"fr-FR\",\"potentialAction\":[{\"@type\":\"ReadAction\",\"target\":[\"https:\/\/kapitalis.com\/tunisie\/2022\/12\/10\/tunisie-lentreprise-letat-et-la-crise\/\"]}]},{\"@type\":\"ImageObject\",\"inLanguage\":\"fr-FR\",\"@id\":\"https:\/\/kapitalis.com\/tunisie\/2022\/12\/10\/tunisie-lentreprise-letat-et-la-crise\/#primaryimage\",\"url\":\"https:\/\/kapitalis.com\/tunisie\/wp-content\/uploads\/2022\/12\/Taieb-Bayahi-Journees-Entreprise-2022.jpg\",\"contentUrl\":\"https:\/\/kapitalis.com\/tunisie\/wp-content\/uploads\/2022\/12\/Taieb-Bayahi-Journees-Entreprise-2022.jpg\",\"width\":1200,\"height\":630},{\"@type\":\"BreadcrumbList\",\"@id\":\"https:\/\/kapitalis.com\/tunisie\/2022\/12\/10\/tunisie-lentreprise-letat-et-la-crise\/#breadcrumb\",\"itemListElement\":[{\"@type\":\"ListItem\",\"position\":1,\"name\":\"Accueil\",\"item\":\"https:\/\/kapitalis.com\/tunisie\/\"},{\"@type\":\"ListItem\",\"position\":2,\"name\":\"Tunisie\u00a0: l\u2019entreprise, l\u2019Etat et la crise \u00a0\"}]},{\"@type\":\"WebSite\",\"@id\":\"https:\/\/kapitalis.com\/tunisie\/#website\",\"url\":\"https:\/\/kapitalis.com\/tunisie\/\",\"name\":\"Kapitalis\",\"description\":\"L&#039;actualit\u00e9 en Tunisie et dans le monde\",\"publisher\":{\"@id\":\"https:\/\/kapitalis.com\/tunisie\/#organization\"},\"potentialAction\":[{\"@type\":\"SearchAction\",\"target\":{\"@type\":\"EntryPoint\",\"urlTemplate\":\"https:\/\/kapitalis.com\/tunisie\/?s={search_term_string}\"},\"query-input\":{\"@type\":\"PropertyValueSpecification\",\"valueRequired\":true,\"valueName\":\"search_term_string\"}}],\"inLanguage\":\"fr-FR\"},{\"@type\":\"Organization\",\"@id\":\"https:\/\/kapitalis.com\/tunisie\/#organization\",\"name\":\"Kapitalis\",\"url\":\"https:\/\/kapitalis.com\/tunisie\/\",\"logo\":{\"@type\":\"ImageObject\",\"inLanguage\":\"fr-FR\",\"@id\":\"https:\/\/kapitalis.com\/tunisie\/#\/schema\/logo\/image\/\",\"url\":\"https:\/\/kapitalis.com\/tunisie\/wp-content\/uploads\/2022\/05\/Kapitalis-big-size.png\",\"contentUrl\":\"https:\/\/kapitalis.com\/tunisie\/wp-content\/uploads\/2022\/05\/Kapitalis-big-size.png\",\"width\":5000,\"height\":1500,\"caption\":\"Kapitalis\"},\"image\":{\"@id\":\"https:\/\/kapitalis.com\/tunisie\/#\/schema\/logo\/image\/\"},\"sameAs\":[\"https:\/\/www.facebook.com\/KapitalisInfo\/\",\"https:\/\/x.com\/KapitalisInfo\",\"https:\/\/www.youtube.com\/channel\/UC-yDYrHyfFBWWZaOw3FPg9Q\"]},{\"@type\":\"Person\",\"@id\":\"https:\/\/kapitalis.com\/tunisie\/#\/schema\/person\/d71f33a9ca44f7bad4698210b480c8e9\",\"name\":\"webmaster kapitalis\",\"url\":\"https:\/\/kapitalis.com\/tunisie\/author\/webmaster-kapitalis\/\"}]}<\/script>\n<!-- \/ Yoast SEO plugin. -->","yoast_head_json":{"title":"Tunisie\u00a0: l\u2019entreprise, l\u2019Etat et la crise \u00a0 - Kapitalis","robots":{"index":"index","follow":"follow","max-snippet":"max-snippet:-1","max-image-preview":"max-image-preview:large","max-video-preview":"max-video-preview:-1"},"canonical":"https:\/\/kapitalis.com\/tunisie\/2022\/12\/10\/tunisie-lentreprise-letat-et-la-crise\/","og_locale":"fr_FR","og_type":"article","og_title":"Tunisie\u00a0: l\u2019entreprise, l\u2019Etat et la crise \u00a0 - Kapitalis","og_description":"Ta\u00efeb Bayahi appelle \u00e0 l'ouverture des Journ\u00e9es de l'entreprise \u00e0 Sousse \u00e0 reconsid\u00e9rer le r\u00f4le de l'Etat dans une \u00e9conomie en crise.","og_url":"https:\/\/kapitalis.com\/tunisie\/2022\/12\/10\/tunisie-lentreprise-letat-et-la-crise\/","og_site_name":"Kapitalis","article_publisher":"https:\/\/www.facebook.com\/KapitalisInfo\/","article_published_time":"2022-12-10T07:53:31+00:00","article_modified_time":"2022-12-10T08:30:50+00:00","og_image":[{"width":1200,"height":630,"url":"https:\/\/kapitalis.com\/tunisie\/wp-content\/uploads\/2022\/12\/Taieb-Bayahi-Journees-Entreprise-2022.jpg","type":"image\/jpeg"}],"author":"webmaster kapitalis","twitter_card":"summary_large_image","twitter_creator":"@KapitalisInfo","twitter_site":"@KapitalisInfo","twitter_misc":{"\u00c9crit par":"webmaster kapitalis","Dur\u00e9e de lecture estim\u00e9e":"8 minutes"},"schema":{"@context":"https:\/\/schema.org","@graph":[{"@type":"Article","@id":"https:\/\/kapitalis.com\/tunisie\/2022\/12\/10\/tunisie-lentreprise-letat-et-la-crise\/#article","isPartOf":{"@id":"https:\/\/kapitalis.com\/tunisie\/2022\/12\/10\/tunisie-lentreprise-letat-et-la-crise\/"},"author":{"name":"webmaster kapitalis","@id":"https:\/\/kapitalis.com\/tunisie\/#\/schema\/person\/d71f33a9ca44f7bad4698210b480c8e9"},"headline":"Tunisie\u00a0: l\u2019entreprise, l\u2019Etat et la crise \u00a0","datePublished":"2022-12-10T07:53:31+00:00","dateModified":"2022-12-10T08:30:50+00:00","mainEntityOfPage":{"@id":"https:\/\/kapitalis.com\/tunisie\/2022\/12\/10\/tunisie-lentreprise-letat-et-la-crise\/"},"wordCount":1518,"commentCount":4,"publisher":{"@id":"https:\/\/kapitalis.com\/tunisie\/#organization"},"image":{"@id":"https:\/\/kapitalis.com\/tunisie\/2022\/12\/10\/tunisie-lentreprise-letat-et-la-crise\/#primaryimage"},"thumbnailUrl":"https:\/\/kapitalis.com\/tunisie\/wp-content\/uploads\/2022\/12\/Taieb-Bayahi-Journees-Entreprise-2022.jpg","keywords":["FMI","IACE","Journ\u00e9es de l'entreprise","Neila Nouira Gongi","Taieb Bayahi","Tunisie","UGTT","Utica"],"articleSection":["A LA UNE","ECONOMIE","Tunisie"],"inLanguage":"fr-FR","potentialAction":[{"@type":"CommentAction","name":"Comment","target":["https:\/\/kapitalis.com\/tunisie\/2022\/12\/10\/tunisie-lentreprise-letat-et-la-crise\/#respond"]}]},{"@type":"WebPage","@id":"https:\/\/kapitalis.com\/tunisie\/2022\/12\/10\/tunisie-lentreprise-letat-et-la-crise\/","url":"https:\/\/kapitalis.com\/tunisie\/2022\/12\/10\/tunisie-lentreprise-letat-et-la-crise\/","name":"Tunisie\u00a0: l\u2019entreprise, l\u2019Etat et la crise \u00a0 - Kapitalis","isPartOf":{"@id":"https:\/\/kapitalis.com\/tunisie\/#website"},"primaryImageOfPage":{"@id":"https:\/\/kapitalis.com\/tunisie\/2022\/12\/10\/tunisie-lentreprise-letat-et-la-crise\/#primaryimage"},"image":{"@id":"https:\/\/kapitalis.com\/tunisie\/2022\/12\/10\/tunisie-lentreprise-letat-et-la-crise\/#primaryimage"},"thumbnailUrl":"https:\/\/kapitalis.com\/tunisie\/wp-content\/uploads\/2022\/12\/Taieb-Bayahi-Journees-Entreprise-2022.jpg","datePublished":"2022-12-10T07:53:31+00:00","dateModified":"2022-12-10T08:30:50+00:00","breadcrumb":{"@id":"https:\/\/kapitalis.com\/tunisie\/2022\/12\/10\/tunisie-lentreprise-letat-et-la-crise\/#breadcrumb"},"inLanguage":"fr-FR","potentialAction":[{"@type":"ReadAction","target":["https:\/\/kapitalis.com\/tunisie\/2022\/12\/10\/tunisie-lentreprise-letat-et-la-crise\/"]}]},{"@type":"ImageObject","inLanguage":"fr-FR","@id":"https:\/\/kapitalis.com\/tunisie\/2022\/12\/10\/tunisie-lentreprise-letat-et-la-crise\/#primaryimage","url":"https:\/\/kapitalis.com\/tunisie\/wp-content\/uploads\/2022\/12\/Taieb-Bayahi-Journees-Entreprise-2022.jpg","contentUrl":"https:\/\/kapitalis.com\/tunisie\/wp-content\/uploads\/2022\/12\/Taieb-Bayahi-Journees-Entreprise-2022.jpg","width":1200,"height":630},{"@type":"BreadcrumbList","@id":"https:\/\/kapitalis.com\/tunisie\/2022\/12\/10\/tunisie-lentreprise-letat-et-la-crise\/#breadcrumb","itemListElement":[{"@type":"ListItem","position":1,"name":"Accueil","item":"https:\/\/kapitalis.com\/tunisie\/"},{"@type":"ListItem","position":2,"name":"Tunisie\u00a0: l\u2019entreprise, l\u2019Etat et la crise \u00a0"}]},{"@type":"WebSite","@id":"https:\/\/kapitalis.com\/tunisie\/#website","url":"https:\/\/kapitalis.com\/tunisie\/","name":"Kapitalis","description":"L&#039;actualit\u00e9 en Tunisie et dans le monde","publisher":{"@id":"https:\/\/kapitalis.com\/tunisie\/#organization"},"potentialAction":[{"@type":"SearchAction","target":{"@type":"EntryPoint","urlTemplate":"https:\/\/kapitalis.com\/tunisie\/?s={search_term_string}"},"query-input":{"@type":"PropertyValueSpecification","valueRequired":true,"valueName":"search_term_string"}}],"inLanguage":"fr-FR"},{"@type":"Organization","@id":"https:\/\/kapitalis.com\/tunisie\/#organization","name":"Kapitalis","url":"https:\/\/kapitalis.com\/tunisie\/","logo":{"@type":"ImageObject","inLanguage":"fr-FR","@id":"https:\/\/kapitalis.com\/tunisie\/#\/schema\/logo\/image\/","url":"https:\/\/kapitalis.com\/tunisie\/wp-content\/uploads\/2022\/05\/Kapitalis-big-size.png","contentUrl":"https:\/\/kapitalis.com\/tunisie\/wp-content\/uploads\/2022\/05\/Kapitalis-big-size.png","width":5000,"height":1500,"caption":"Kapitalis"},"image":{"@id":"https:\/\/kapitalis.com\/tunisie\/#\/schema\/logo\/image\/"},"sameAs":["https:\/\/www.facebook.com\/KapitalisInfo\/","https:\/\/x.com\/KapitalisInfo","https:\/\/www.youtube.com\/channel\/UC-yDYrHyfFBWWZaOw3FPg9Q"]},{"@type":"Person","@id":"https:\/\/kapitalis.com\/tunisie\/#\/schema\/person\/d71f33a9ca44f7bad4698210b480c8e9","name":"webmaster kapitalis","url":"https:\/\/kapitalis.com\/tunisie\/author\/webmaster-kapitalis\/"}]}},"_links":{"self":[{"href":"https:\/\/kapitalis.com\/tunisie\/wp-json\/wp\/v2\/posts\/5601012","targetHints":{"allow":["GET"]}}],"collection":[{"href":"https:\/\/kapitalis.com\/tunisie\/wp-json\/wp\/v2\/posts"}],"about":[{"href":"https:\/\/kapitalis.com\/tunisie\/wp-json\/wp\/v2\/types\/post"}],"author":[{"embeddable":true,"href":"https:\/\/kapitalis.com\/tunisie\/wp-json\/wp\/v2\/users\/8"}],"replies":[{"embeddable":true,"href":"https:\/\/kapitalis.com\/tunisie\/wp-json\/wp\/v2\/comments?post=5601012"}],"version-history":[{"count":2,"href":"https:\/\/kapitalis.com\/tunisie\/wp-json\/wp\/v2\/posts\/5601012\/revisions"}],"predecessor-version":[{"id":5601311,"href":"https:\/\/kapitalis.com\/tunisie\/wp-json\/wp\/v2\/posts\/5601012\/revisions\/5601311"}],"wp:featuredmedia":[{"embeddable":true,"href":"https:\/\/kapitalis.com\/tunisie\/wp-json\/wp\/v2\/media\/5601086"}],"wp:attachment":[{"href":"https:\/\/kapitalis.com\/tunisie\/wp-json\/wp\/v2\/media?parent=5601012"}],"wp:term":[{"taxonomy":"category","embeddable":true,"href":"https:\/\/kapitalis.com\/tunisie\/wp-json\/wp\/v2\/categories?post=5601012"},{"taxonomy":"post_tag","embeddable":true,"href":"https:\/\/kapitalis.com\/tunisie\/wp-json\/wp\/v2\/tags?post=5601012"}],"curies":[{"name":"wp","href":"https:\/\/api.w.org\/{rel}","templated":true}]}}