{"id":5601239,"date":"2022-12-10T09:28:32","date_gmt":"2022-12-10T08:28:32","guid":{"rendered":"https:\/\/kapitalis.com\/tunisie\/?p=5601239"},"modified":"2022-12-10T09:28:33","modified_gmt":"2022-12-10T08:28:33","slug":"journees-de-lentreprise-samir-saied-plaide-pour-lamelioration-du-climat-des-affaires","status":"publish","type":"post","link":"https:\/\/kapitalis.com\/tunisie\/2022\/12\/10\/journees-de-lentreprise-samir-saied-plaide-pour-lamelioration-du-climat-des-affaires\/","title":{"rendered":"Journ\u00e9es de l\u2019Entreprise\u00a0: Samir Sa\u00efed plaide pour l\u2019am\u00e9lioration du climat des affaires"},"content":{"rendered":"\n<p><strong><em>Le Fonds mon\u00e9taire international (FMI) pr\u00e9voit l\u2019examen du programme de r\u00e9formes pr\u00e9sent\u00e9 par la Tunisie et la conclusion d\u2019un accord d\u00e9finitif avec notre pays, lors de la r\u00e9union de son conseil d\u2019administration, pr\u00e9vue le 19 d\u00e9cembre 2022.<\/em><\/strong><\/p>\n\n\n\n<!--more-->\n\n\n\n<p>C\u2019est ce qu\u2019a indiqu\u00e9 le ministre de l\u2019Economie et du Plan, Samir Sa\u00efed, dans une d\u00e9claration aux m\u00e9dias, en marge de la 36<sup>e<\/sup> \u00e9dition des Journ\u00e9es de l\u2019Entreprise, ouverte vendredi 9 d\u00e9cembre 2022, \u00e0 Sousse, ajoutant que le d\u00e9caissement de la premi\u00e8re tranche du pr\u00eat d\u2019un montant global de 1,9 milliard de dollars est conditionn\u00e9 \u00e0 la d\u00e9cision du conseil d\u2019administration de l\u2019institution financi\u00e8re.<\/p>\n\n\n\n<p>Le 15 octobre dernier, le FMI avait annonc\u00e9 que ses services et les autorit\u00e9s tunisiennes \u00e9taient parvenus \u00e0 un accord au niveau des services pour soutenir les politiques \u00e9conomiques de notre pays avec un accord de 48 mois, au titre du m\u00e9canisme \u00e9largi de cr\u00e9dit, d\u2019environ 1,9 milliard de dollars.<\/p>\n\n\n\n<p>Le ministre de l\u2019Economie a rappel\u00e9 que le programme national de r\u00e9forme pr\u00e9sent\u00e9 au FMI dans le cadre de la demande de pr\u00eat comprend un ensemble de r\u00e9formes qui doivent \u00eatre men\u00e9es de mani\u00e8re intensive pour remettre l\u2019\u00e9conomie tunisienne sur la bonne voie et r\u00e9tablir les \u00e9quilibres financiers de l\u2019Etat.<\/p>\n\n\n\n<p>Il a ajout\u00e9 que les r\u00e9formes prioritaires concernent les entreprises publiques et la justice fiscale pour lutter contre l\u2019\u00e9conomie parall\u00e8le, qui profite des infrastructures et ne paie pas d\u2019imp\u00f4ts. Elles concernent aussi les subventions de certains produits, l\u2019am\u00e9lioration du climat des affaires, et la cr\u00e9ation d\u2019emplois et de richesses&#8230;<\/p>\n\n\n\n<p>Saied a aussi d\u00e9clar\u00e9 que <em>\u00able programme de r\u00e9forme avait convaincu non seulement le FMI mais aussi d\u2019autres parties, ce qui explique la r\u00e9cente am\u00e9lioration de la note souveraine de la Tunisie, non enregistr\u00e9e depuis 11 ans\u00bb<\/em> (par l\u2019agence de notation Fitch Ratings de \u2018\u2018CCC\u2019\u2019 \u00e0 \u2018\u2018CCC+\u2019\u2019), a-t-il d\u00e9clar\u00e9.<\/p>\n\n\n\n<p><em>\u00abL\u2019accord avec le FMI donne un signal fort \u00e0 tous les bailleurs de fonds internationaux, ce qui nous rend relativement optimistes, mais nous devons travailler\u00bb<\/em>, a d\u00e9clar\u00e9 le ministre de l\u2019Economie, ajoutant que le plan de d\u00e9veloppement de la Tunisie pour la p\u00e9riode 2023-2025 est en cours d\u2019examen et sera prochainement pr\u00e9sent\u00e9 au conseil des ministres.<\/p>\n\n\n\n<p>Ce plan a \u00e9t\u00e9 r\u00e9alis\u00e9 en un temps record, soit 10 mois, avec la contribution de toutes les organisations professionnelles, de la soci\u00e9t\u00e9 civile et des acteurs socio-\u00e9conomiques, a ajout\u00e9 le ministre, en assurant que le gouvernement a r\u00e9pondu aux besoins urgents des entreprises en adoptant plusieurs mesures visant \u00e0 stimuler l\u2019investissement, garantir la p\u00e9rennit\u00e9 du tissu \u00e9conomique et faciliter l\u2019acc\u00e8s aux financements n\u00e9cessaires.<\/p>\n\n\n\n<p>Samir Sa\u00efed a particip\u00e9 \u00e0 un cercle de discussion sur le th\u00e8me\u00a0: <em>\u00abNouvelles contraintes, nouvelles strat\u00e9gies de l\u2019entreprise\u00bb <\/em>avec la participation de Noureddine Hajji, directeur g\u00e9n\u00e9ral d\u2019EY Tunisie, Rabeb Fersi, directrice g\u00e9n\u00e9rale de Ifarming-Tunisia, et Habib Karaouli, directeur g\u00e9n\u00e9ral de Cap Bank. \u00a0<\/p>\n\n\n\n<p class=\"has-text-align-right\"><strong>I. B. <\/strong>(avec Tap).<\/p>\n\n\n\n<figure class=\"wp-block-embed is-type-wp-embed is-provider-kapitalis wp-block-embed-kapitalis\"><div class=\"wp-block-embed__wrapper\">\n<blockquote class=\"wp-embedded-content\" data-secret=\"GGhbb1VOOD\"><a href=\"https:\/\/kapitalis.com\/tunisie\/2022\/12\/10\/tunisie-lentreprise-letat-et-la-crise\/\">Tunisie\u00a0: l\u2019entreprise, l\u2019Etat et la crise \u00a0<\/a><\/blockquote><iframe loading=\"lazy\" class=\"wp-embedded-content\" sandbox=\"allow-scripts\" security=\"restricted\" style=\"position: absolute; clip: rect(1px, 1px, 1px, 1px);\" title=\"\u00ab\u00a0Tunisie\u00a0: l\u2019entreprise, l\u2019Etat et la crise \u00a0\u00a0\u00bb &#8212; Kapitalis\" src=\"https:\/\/kapitalis.com\/tunisie\/2022\/12\/10\/tunisie-lentreprise-letat-et-la-crise\/embed\/#?secret=q9pgm4hclN#?secret=GGhbb1VOOD\" data-secret=\"GGhbb1VOOD\" width=\"600\" height=\"338\" frameborder=\"0\" marginwidth=\"0\" marginheight=\"0\" scrolling=\"no\"><\/iframe>\n<\/div><\/figure>\n","protected":false},"excerpt":{"rendered":"<p>Le nouveau plan de d\u00e9veloppement de la Tunisie pour la p\u00e9riode 2023-2025 pr\u00e9voit des mesures visant \u00e0 stimuler l\u2019investissement, garantir la p\u00e9rennit\u00e9 du tissu \u00e9conomique et faciliter l\u2019acc\u00e8s aux financements. <\/p>\n","protected":false},"author":8,"featured_media":5601269,"comment_status":"open","ping_status":"open","sticky":false,"template":"","format":"standard","meta":{"footnotes":""},"categories":[995,2433],"tags":[388,24478,460,8708,16779,105020,10055,854,62643],"class_list":["post-5601239","post","type-post","status-publish","format-standard","has-post-thumbnail","hentry","category-economie","category-tunisie","tag-fmi","tag-habib-karaouli","tag-iace","tag-journees-de-lentreprise","tag-noureddine-hajji","tag-rabeb-fersi","tag-samir-saied","tag-sousse","tag-tunisie"],"yoast_head":"<!-- This site is optimized with the Yoast SEO plugin v26.6 - https:\/\/yoast.com\/wordpress\/plugins\/seo\/ -->\n<title>Journ\u00e9es de l\u2019Entreprise\u00a0: Samir Sa\u00efed plaide pour l\u2019am\u00e9lioration du climat des affaires - Kapitalis<\/title>\n<meta name=\"robots\" content=\"index, follow, max-snippet:-1, max-image-preview:large, max-video-preview:-1\" \/>\n<link rel=\"canonical\" href=\"https:\/\/kapitalis.com\/tunisie\/2022\/12\/10\/journees-de-lentreprise-samir-saied-plaide-pour-lamelioration-du-climat-des-affaires\/\" \/>\n<meta property=\"og:locale\" content=\"fr_FR\" \/>\n<meta property=\"og:type\" content=\"article\" \/>\n<meta property=\"og:title\" content=\"Journ\u00e9es de l\u2019Entreprise\u00a0: Samir Sa\u00efed plaide pour l\u2019am\u00e9lioration du climat des affaires - Kapitalis\" \/>\n<meta property=\"og:description\" content=\"Le nouveau plan de d\u00e9veloppement de la Tunisie pour la p\u00e9riode 2023-2025 pr\u00e9voit des mesures visant \u00e0 stimuler l\u2019investissement, garantir la p\u00e9rennit\u00e9 du tissu \u00e9conomique et faciliter l\u2019acc\u00e8s aux financements.\" \/>\n<meta property=\"og:url\" content=\"https:\/\/kapitalis.com\/tunisie\/2022\/12\/10\/journees-de-lentreprise-samir-saied-plaide-pour-lamelioration-du-climat-des-affaires\/\" \/>\n<meta property=\"og:site_name\" content=\"Kapitalis\" \/>\n<meta property=\"article:publisher\" content=\"https:\/\/www.facebook.com\/KapitalisInfo\/\" \/>\n<meta property=\"article:published_time\" content=\"2022-12-10T08:28:32+00:00\" \/>\n<meta property=\"article:modified_time\" content=\"2022-12-10T08:28:33+00:00\" \/>\n<meta property=\"og:image\" content=\"https:\/\/kapitalis.com\/tunisie\/wp-content\/uploads\/2022\/12\/Samir-Saied-IACE.jpg\" \/>\n\t<meta property=\"og:image:width\" content=\"1200\" \/>\n\t<meta property=\"og:image:height\" content=\"630\" \/>\n\t<meta property=\"og:image:type\" content=\"image\/jpeg\" \/>\n<meta name=\"author\" content=\"webmaster kapitalis\" \/>\n<meta name=\"twitter:card\" content=\"summary_large_image\" \/>\n<meta name=\"twitter:creator\" content=\"@KapitalisInfo\" \/>\n<meta name=\"twitter:site\" content=\"@KapitalisInfo\" \/>\n<meta name=\"twitter:label1\" content=\"\u00c9crit par\" \/>\n\t<meta name=\"twitter:data1\" content=\"webmaster kapitalis\" \/>\n\t<meta name=\"twitter:label2\" content=\"Dur\u00e9e de lecture estim\u00e9e\" \/>\n\t<meta name=\"twitter:data2\" content=\"3 minutes\" \/>\n<script type=\"application\/ld+json\" class=\"yoast-schema-graph\">{\"@context\":\"https:\/\/schema.org\",\"@graph\":[{\"@type\":\"Article\",\"@id\":\"https:\/\/kapitalis.com\/tunisie\/2022\/12\/10\/journees-de-lentreprise-samir-saied-plaide-pour-lamelioration-du-climat-des-affaires\/#article\",\"isPartOf\":{\"@id\":\"https:\/\/kapitalis.com\/tunisie\/2022\/12\/10\/journees-de-lentreprise-samir-saied-plaide-pour-lamelioration-du-climat-des-affaires\/\"},\"author\":{\"name\":\"webmaster kapitalis\",\"@id\":\"https:\/\/kapitalis.com\/tunisie\/#\/schema\/person\/d71f33a9ca44f7bad4698210b480c8e9\"},\"headline\":\"Journ\u00e9es de l\u2019Entreprise\u00a0: Samir Sa\u00efed plaide pour l\u2019am\u00e9lioration du climat des affaires\",\"datePublished\":\"2022-12-10T08:28:32+00:00\",\"dateModified\":\"2022-12-10T08:28:33+00:00\",\"mainEntityOfPage\":{\"@id\":\"https:\/\/kapitalis.com\/tunisie\/2022\/12\/10\/journees-de-lentreprise-samir-saied-plaide-pour-lamelioration-du-climat-des-affaires\/\"},\"wordCount\":556,\"commentCount\":1,\"publisher\":{\"@id\":\"https:\/\/kapitalis.com\/tunisie\/#organization\"},\"image\":{\"@id\":\"https:\/\/kapitalis.com\/tunisie\/2022\/12\/10\/journees-de-lentreprise-samir-saied-plaide-pour-lamelioration-du-climat-des-affaires\/#primaryimage\"},\"thumbnailUrl\":\"https:\/\/kapitalis.com\/tunisie\/wp-content\/uploads\/2022\/12\/Samir-Saied-IACE.jpg\",\"keywords\":[\"FMI\",\"Habib Karaouli\",\"IACE\",\"Journ\u00e9es de l'entreprise\",\"Noureddine Hajji\",\"Rabeb Fersi\",\"Samir Saied\",\"Sousse\",\"Tunisie\"],\"articleSection\":[\"ECONOMIE\",\"Tunisie\"],\"inLanguage\":\"fr-FR\",\"potentialAction\":[{\"@type\":\"CommentAction\",\"name\":\"Comment\",\"target\":[\"https:\/\/kapitalis.com\/tunisie\/2022\/12\/10\/journees-de-lentreprise-samir-saied-plaide-pour-lamelioration-du-climat-des-affaires\/#respond\"]}]},{\"@type\":\"WebPage\",\"@id\":\"https:\/\/kapitalis.com\/tunisie\/2022\/12\/10\/journees-de-lentreprise-samir-saied-plaide-pour-lamelioration-du-climat-des-affaires\/\",\"url\":\"https:\/\/kapitalis.com\/tunisie\/2022\/12\/10\/journees-de-lentreprise-samir-saied-plaide-pour-lamelioration-du-climat-des-affaires\/\",\"name\":\"Journ\u00e9es de l\u2019Entreprise\u00a0: Samir Sa\u00efed plaide pour l\u2019am\u00e9lioration du climat des affaires - Kapitalis\",\"isPartOf\":{\"@id\":\"https:\/\/kapitalis.com\/tunisie\/#website\"},\"primaryImageOfPage\":{\"@id\":\"https:\/\/kapitalis.com\/tunisie\/2022\/12\/10\/journees-de-lentreprise-samir-saied-plaide-pour-lamelioration-du-climat-des-affaires\/#primaryimage\"},\"image\":{\"@id\":\"https:\/\/kapitalis.com\/tunisie\/2022\/12\/10\/journees-de-lentreprise-samir-saied-plaide-pour-lamelioration-du-climat-des-affaires\/#primaryimage\"},\"thumbnailUrl\":\"https:\/\/kapitalis.com\/tunisie\/wp-content\/uploads\/2022\/12\/Samir-Saied-IACE.jpg\",\"datePublished\":\"2022-12-10T08:28:32+00:00\",\"dateModified\":\"2022-12-10T08:28:33+00:00\",\"breadcrumb\":{\"@id\":\"https:\/\/kapitalis.com\/tunisie\/2022\/12\/10\/journees-de-lentreprise-samir-saied-plaide-pour-lamelioration-du-climat-des-affaires\/#breadcrumb\"},\"inLanguage\":\"fr-FR\",\"potentialAction\":[{\"@type\":\"ReadAction\",\"target\":[\"https:\/\/kapitalis.com\/tunisie\/2022\/12\/10\/journees-de-lentreprise-samir-saied-plaide-pour-lamelioration-du-climat-des-affaires\/\"]}]},{\"@type\":\"ImageObject\",\"inLanguage\":\"fr-FR\",\"@id\":\"https:\/\/kapitalis.com\/tunisie\/2022\/12\/10\/journees-de-lentreprise-samir-saied-plaide-pour-lamelioration-du-climat-des-affaires\/#primaryimage\",\"url\":\"https:\/\/kapitalis.com\/tunisie\/wp-content\/uploads\/2022\/12\/Samir-Saied-IACE.jpg\",\"contentUrl\":\"https:\/\/kapitalis.com\/tunisie\/wp-content\/uploads\/2022\/12\/Samir-Saied-IACE.jpg\",\"width\":1200,\"height\":630},{\"@type\":\"BreadcrumbList\",\"@id\":\"https:\/\/kapitalis.com\/tunisie\/2022\/12\/10\/journees-de-lentreprise-samir-saied-plaide-pour-lamelioration-du-climat-des-affaires\/#breadcrumb\",\"itemListElement\":[{\"@type\":\"ListItem\",\"position\":1,\"name\":\"Accueil\",\"item\":\"https:\/\/kapitalis.com\/tunisie\/\"},{\"@type\":\"ListItem\",\"position\":2,\"name\":\"Journ\u00e9es de l\u2019Entreprise\u00a0: Samir Sa\u00efed plaide pour l\u2019am\u00e9lioration du climat des affaires\"}]},{\"@type\":\"WebSite\",\"@id\":\"https:\/\/kapitalis.com\/tunisie\/#website\",\"url\":\"https:\/\/kapitalis.com\/tunisie\/\",\"name\":\"Kapitalis\",\"description\":\"L&#039;actualit\u00e9 en Tunisie et dans le monde\",\"publisher\":{\"@id\":\"https:\/\/kapitalis.com\/tunisie\/#organization\"},\"potentialAction\":[{\"@type\":\"SearchAction\",\"target\":{\"@type\":\"EntryPoint\",\"urlTemplate\":\"https:\/\/kapitalis.com\/tunisie\/?s={search_term_string}\"},\"query-input\":{\"@type\":\"PropertyValueSpecification\",\"valueRequired\":true,\"valueName\":\"search_term_string\"}}],\"inLanguage\":\"fr-FR\"},{\"@type\":\"Organization\",\"@id\":\"https:\/\/kapitalis.com\/tunisie\/#organization\",\"name\":\"Kapitalis\",\"url\":\"https:\/\/kapitalis.com\/tunisie\/\",\"logo\":{\"@type\":\"ImageObject\",\"inLanguage\":\"fr-FR\",\"@id\":\"https:\/\/kapitalis.com\/tunisie\/#\/schema\/logo\/image\/\",\"url\":\"https:\/\/kapitalis.com\/tunisie\/wp-content\/uploads\/2022\/05\/Kapitalis-big-size.png\",\"contentUrl\":\"https:\/\/kapitalis.com\/tunisie\/wp-content\/uploads\/2022\/05\/Kapitalis-big-size.png\",\"width\":5000,\"height\":1500,\"caption\":\"Kapitalis\"},\"image\":{\"@id\":\"https:\/\/kapitalis.com\/tunisie\/#\/schema\/logo\/image\/\"},\"sameAs\":[\"https:\/\/www.facebook.com\/KapitalisInfo\/\",\"https:\/\/x.com\/KapitalisInfo\",\"https:\/\/www.youtube.com\/channel\/UC-yDYrHyfFBWWZaOw3FPg9Q\"]},{\"@type\":\"Person\",\"@id\":\"https:\/\/kapitalis.com\/tunisie\/#\/schema\/person\/d71f33a9ca44f7bad4698210b480c8e9\",\"name\":\"webmaster kapitalis\",\"url\":\"https:\/\/kapitalis.com\/tunisie\/author\/webmaster-kapitalis\/\"}]}<\/script>\n<!-- \/ Yoast SEO plugin. -->","yoast_head_json":{"title":"Journ\u00e9es de l\u2019Entreprise\u00a0: Samir Sa\u00efed plaide pour l\u2019am\u00e9lioration du climat des affaires - Kapitalis","robots":{"index":"index","follow":"follow","max-snippet":"max-snippet:-1","max-image-preview":"max-image-preview:large","max-video-preview":"max-video-preview:-1"},"canonical":"https:\/\/kapitalis.com\/tunisie\/2022\/12\/10\/journees-de-lentreprise-samir-saied-plaide-pour-lamelioration-du-climat-des-affaires\/","og_locale":"fr_FR","og_type":"article","og_title":"Journ\u00e9es de l\u2019Entreprise\u00a0: Samir Sa\u00efed plaide pour l\u2019am\u00e9lioration du climat des affaires - Kapitalis","og_description":"Le nouveau plan de d\u00e9veloppement de la Tunisie pour la p\u00e9riode 2023-2025 pr\u00e9voit des mesures visant \u00e0 stimuler l\u2019investissement, garantir la p\u00e9rennit\u00e9 du tissu \u00e9conomique et faciliter l\u2019acc\u00e8s aux financements.","og_url":"https:\/\/kapitalis.com\/tunisie\/2022\/12\/10\/journees-de-lentreprise-samir-saied-plaide-pour-lamelioration-du-climat-des-affaires\/","og_site_name":"Kapitalis","article_publisher":"https:\/\/www.facebook.com\/KapitalisInfo\/","article_published_time":"2022-12-10T08:28:32+00:00","article_modified_time":"2022-12-10T08:28:33+00:00","og_image":[{"width":1200,"height":630,"url":"https:\/\/kapitalis.com\/tunisie\/wp-content\/uploads\/2022\/12\/Samir-Saied-IACE.jpg","type":"image\/jpeg"}],"author":"webmaster kapitalis","twitter_card":"summary_large_image","twitter_creator":"@KapitalisInfo","twitter_site":"@KapitalisInfo","twitter_misc":{"\u00c9crit par":"webmaster kapitalis","Dur\u00e9e de lecture estim\u00e9e":"3 minutes"},"schema":{"@context":"https:\/\/schema.org","@graph":[{"@type":"Article","@id":"https:\/\/kapitalis.com\/tunisie\/2022\/12\/10\/journees-de-lentreprise-samir-saied-plaide-pour-lamelioration-du-climat-des-affaires\/#article","isPartOf":{"@id":"https:\/\/kapitalis.com\/tunisie\/2022\/12\/10\/journees-de-lentreprise-samir-saied-plaide-pour-lamelioration-du-climat-des-affaires\/"},"author":{"name":"webmaster kapitalis","@id":"https:\/\/kapitalis.com\/tunisie\/#\/schema\/person\/d71f33a9ca44f7bad4698210b480c8e9"},"headline":"Journ\u00e9es de l\u2019Entreprise\u00a0: Samir Sa\u00efed plaide pour l\u2019am\u00e9lioration du climat des affaires","datePublished":"2022-12-10T08:28:32+00:00","dateModified":"2022-12-10T08:28:33+00:00","mainEntityOfPage":{"@id":"https:\/\/kapitalis.com\/tunisie\/2022\/12\/10\/journees-de-lentreprise-samir-saied-plaide-pour-lamelioration-du-climat-des-affaires\/"},"wordCount":556,"commentCount":1,"publisher":{"@id":"https:\/\/kapitalis.com\/tunisie\/#organization"},"image":{"@id":"https:\/\/kapitalis.com\/tunisie\/2022\/12\/10\/journees-de-lentreprise-samir-saied-plaide-pour-lamelioration-du-climat-des-affaires\/#primaryimage"},"thumbnailUrl":"https:\/\/kapitalis.com\/tunisie\/wp-content\/uploads\/2022\/12\/Samir-Saied-IACE.jpg","keywords":["FMI","Habib Karaouli","IACE","Journ\u00e9es de l'entreprise","Noureddine Hajji","Rabeb Fersi","Samir Saied","Sousse","Tunisie"],"articleSection":["ECONOMIE","Tunisie"],"inLanguage":"fr-FR","potentialAction":[{"@type":"CommentAction","name":"Comment","target":["https:\/\/kapitalis.com\/tunisie\/2022\/12\/10\/journees-de-lentreprise-samir-saied-plaide-pour-lamelioration-du-climat-des-affaires\/#respond"]}]},{"@type":"WebPage","@id":"https:\/\/kapitalis.com\/tunisie\/2022\/12\/10\/journees-de-lentreprise-samir-saied-plaide-pour-lamelioration-du-climat-des-affaires\/","url":"https:\/\/kapitalis.com\/tunisie\/2022\/12\/10\/journees-de-lentreprise-samir-saied-plaide-pour-lamelioration-du-climat-des-affaires\/","name":"Journ\u00e9es de l\u2019Entreprise\u00a0: Samir Sa\u00efed plaide pour l\u2019am\u00e9lioration du climat des affaires - Kapitalis","isPartOf":{"@id":"https:\/\/kapitalis.com\/tunisie\/#website"},"primaryImageOfPage":{"@id":"https:\/\/kapitalis.com\/tunisie\/2022\/12\/10\/journees-de-lentreprise-samir-saied-plaide-pour-lamelioration-du-climat-des-affaires\/#primaryimage"},"image":{"@id":"https:\/\/kapitalis.com\/tunisie\/2022\/12\/10\/journees-de-lentreprise-samir-saied-plaide-pour-lamelioration-du-climat-des-affaires\/#primaryimage"},"thumbnailUrl":"https:\/\/kapitalis.com\/tunisie\/wp-content\/uploads\/2022\/12\/Samir-Saied-IACE.jpg","datePublished":"2022-12-10T08:28:32+00:00","dateModified":"2022-12-10T08:28:33+00:00","breadcrumb":{"@id":"https:\/\/kapitalis.com\/tunisie\/2022\/12\/10\/journees-de-lentreprise-samir-saied-plaide-pour-lamelioration-du-climat-des-affaires\/#breadcrumb"},"inLanguage":"fr-FR","potentialAction":[{"@type":"ReadAction","target":["https:\/\/kapitalis.com\/tunisie\/2022\/12\/10\/journees-de-lentreprise-samir-saied-plaide-pour-lamelioration-du-climat-des-affaires\/"]}]},{"@type":"ImageObject","inLanguage":"fr-FR","@id":"https:\/\/kapitalis.com\/tunisie\/2022\/12\/10\/journees-de-lentreprise-samir-saied-plaide-pour-lamelioration-du-climat-des-affaires\/#primaryimage","url":"https:\/\/kapitalis.com\/tunisie\/wp-content\/uploads\/2022\/12\/Samir-Saied-IACE.jpg","contentUrl":"https:\/\/kapitalis.com\/tunisie\/wp-content\/uploads\/2022\/12\/Samir-Saied-IACE.jpg","width":1200,"height":630},{"@type":"BreadcrumbList","@id":"https:\/\/kapitalis.com\/tunisie\/2022\/12\/10\/journees-de-lentreprise-samir-saied-plaide-pour-lamelioration-du-climat-des-affaires\/#breadcrumb","itemListElement":[{"@type":"ListItem","position":1,"name":"Accueil","item":"https:\/\/kapitalis.com\/tunisie\/"},{"@type":"ListItem","position":2,"name":"Journ\u00e9es de l\u2019Entreprise\u00a0: Samir Sa\u00efed plaide pour l\u2019am\u00e9lioration du climat des affaires"}]},{"@type":"WebSite","@id":"https:\/\/kapitalis.com\/tunisie\/#website","url":"https:\/\/kapitalis.com\/tunisie\/","name":"Kapitalis","description":"L&#039;actualit\u00e9 en Tunisie et dans le monde","publisher":{"@id":"https:\/\/kapitalis.com\/tunisie\/#organization"},"potentialAction":[{"@type":"SearchAction","target":{"@type":"EntryPoint","urlTemplate":"https:\/\/kapitalis.com\/tunisie\/?s={search_term_string}"},"query-input":{"@type":"PropertyValueSpecification","valueRequired":true,"valueName":"search_term_string"}}],"inLanguage":"fr-FR"},{"@type":"Organization","@id":"https:\/\/kapitalis.com\/tunisie\/#organization","name":"Kapitalis","url":"https:\/\/kapitalis.com\/tunisie\/","logo":{"@type":"ImageObject","inLanguage":"fr-FR","@id":"https:\/\/kapitalis.com\/tunisie\/#\/schema\/logo\/image\/","url":"https:\/\/kapitalis.com\/tunisie\/wp-content\/uploads\/2022\/05\/Kapitalis-big-size.png","contentUrl":"https:\/\/kapitalis.com\/tunisie\/wp-content\/uploads\/2022\/05\/Kapitalis-big-size.png","width":5000,"height":1500,"caption":"Kapitalis"},"image":{"@id":"https:\/\/kapitalis.com\/tunisie\/#\/schema\/logo\/image\/"},"sameAs":["https:\/\/www.facebook.com\/KapitalisInfo\/","https:\/\/x.com\/KapitalisInfo","https:\/\/www.youtube.com\/channel\/UC-yDYrHyfFBWWZaOw3FPg9Q"]},{"@type":"Person","@id":"https:\/\/kapitalis.com\/tunisie\/#\/schema\/person\/d71f33a9ca44f7bad4698210b480c8e9","name":"webmaster kapitalis","url":"https:\/\/kapitalis.com\/tunisie\/author\/webmaster-kapitalis\/"}]}},"_links":{"self":[{"href":"https:\/\/kapitalis.com\/tunisie\/wp-json\/wp\/v2\/posts\/5601239","targetHints":{"allow":["GET"]}}],"collection":[{"href":"https:\/\/kapitalis.com\/tunisie\/wp-json\/wp\/v2\/posts"}],"about":[{"href":"https:\/\/kapitalis.com\/tunisie\/wp-json\/wp\/v2\/types\/post"}],"author":[{"embeddable":true,"href":"https:\/\/kapitalis.com\/tunisie\/wp-json\/wp\/v2\/users\/8"}],"replies":[{"embeddable":true,"href":"https:\/\/kapitalis.com\/tunisie\/wp-json\/wp\/v2\/comments?post=5601239"}],"version-history":[{"count":1,"href":"https:\/\/kapitalis.com\/tunisie\/wp-json\/wp\/v2\/posts\/5601239\/revisions"}],"predecessor-version":[{"id":5601288,"href":"https:\/\/kapitalis.com\/tunisie\/wp-json\/wp\/v2\/posts\/5601239\/revisions\/5601288"}],"wp:featuredmedia":[{"embeddable":true,"href":"https:\/\/kapitalis.com\/tunisie\/wp-json\/wp\/v2\/media\/5601269"}],"wp:attachment":[{"href":"https:\/\/kapitalis.com\/tunisie\/wp-json\/wp\/v2\/media?parent=5601239"}],"wp:term":[{"taxonomy":"category","embeddable":true,"href":"https:\/\/kapitalis.com\/tunisie\/wp-json\/wp\/v2\/categories?post=5601239"},{"taxonomy":"post_tag","embeddable":true,"href":"https:\/\/kapitalis.com\/tunisie\/wp-json\/wp\/v2\/tags?post=5601239"}],"curies":[{"name":"wp","href":"https:\/\/api.w.org\/{rel}","templated":true}]}}