{"id":56093,"date":"2016-06-29T10:12:39","date_gmt":"2016-06-29T09:12:39","guid":{"rendered":"http:\/\/kapitalis.com\/tunisie\/?p=56093"},"modified":"2016-06-29T10:12:39","modified_gmt":"2016-06-29T09:12:39","slug":"annee-scolaire-2016-2017-augmentation-du-nombre-des-jours-de-classe-de-130-a-193","status":"publish","type":"post","link":"https:\/\/kapitalis.com\/tunisie\/2016\/06\/29\/annee-scolaire-2016-2017-augmentation-du-nombre-des-jours-de-classe-de-130-a-193\/","title":{"rendered":"Ann\u00e9e scolaire 2016-2017 : Augmentation du nombre des jours de classe de 130 \u00e0 193"},"content":{"rendered":"<p style=\"text-align: center;\"><img loading=\"lazy\" decoding=\"async\" class=\"alignnone size-full wp-image-40281\" src=\"http:\/\/kapitalis.com\/tunisie\/wp-content\/uploads\/2016\/02\/n\u00e9ji-jalloul.jpg\" alt=\"n\u00e9ji-jalloul\" width=\"626\" height=\"380\" \/><\/p>\n<p style=\"text-align: left;\"><em><strong>A partir de l\u2019ann\u00e9e scolaire 2016-2017, le nombre des jours de classe par an passera de 130 \u00e0 193 jours, pour se rapprocher des standards internationaux dans ce domaine.<\/strong> <\/em><\/p>\n<p style=\"text-align: left;\"><!--more--><\/p>\n<p style=\"text-align: left;\">C\u2019est l\u00e0, en tout cas, le v\u0153u du ministre de l\u2019Education, N\u00e9ji Jalloul, qui a d\u00e9clar\u00e9, samedi dernier, en marge de l\u2019inauguration du si\u00e8ge de la direction locale de l\u2019\u00e9ducation et de l&rsquo;enseignement, \u00e0 l&rsquo;\u00e9cole primaire Taieb Mhiri \u00e0 Hammamet : <em>\u00abIl a \u00e9t\u00e9 d\u00e9cid\u00e9 de diviser l\u2019ann\u00e9e scolaire en deux semestres, avec un syst\u00e8me de cinq semaines de cours suivies d\u2019une semaine de vacances. Le samedi sera jour de repos pour les \u00e9l\u00e8ves de l\u2019enseignement primaire\u00bb.<\/em><\/p>\n<p style=\"text-align: left;\">Le syst\u00e8me \u00e9ducatif tunisien enregistre actuellement un nombre d\u2019heures de cours nettement inf\u00e9rieur aux moyennes annuelles mondiales, avec les jours de classe les plus charg\u00e9s, a relev\u00e9 M. Jalloul, ce qui, on l\u2019imagine, affecte le niveau et la qualit\u00e9 des enseignements et r\u00e9duit les capacit\u00e9s d\u2019assimilation et d\u2019apprentissage des \u00e9l\u00e8ves. D\u2019o\u00f9 le projet d\u2019augmenter le nombre des jours de classe par an de 130 \u00e0 193, projet qui risque de faire face \u00e0 la r\u00e9sistance d\u2019une partie du cadre enseignant, oppos\u00e9e \u00e0 toute tentative de r\u00e9forme du secteur.<\/p>\n<p style=\"text-align: right;\"><strong>I. B.<\/strong><\/p>\n","protected":false},"excerpt":{"rendered":"<p>A partir de l\u2019ann\u00e9e scolaire 2016-2017, le nombre des jours de classe par an passera de 130 \u00e0 193 jours, pour se rapprocher des standards internationaux dans ce domaine.<\/p>\n","protected":false},"author":8,"featured_media":0,"comment_status":"open","ping_status":"open","sticky":false,"template":"","format":"standard","meta":{"footnotes":""},"categories":[998,2433],"tags":[306,3159,774],"class_list":["post-56093","post","type-post","status-publish","format-standard","hentry","category-societe","category-tunisie","tag-education","tag-neji-jalloul","tag-reforme"],"yoast_head":"<!-- This site is optimized with the Yoast SEO plugin v26.6 - https:\/\/yoast.com\/wordpress\/plugins\/seo\/ -->\n<title>Ann\u00e9e scolaire 2016-2017 : Augmentation du nombre des jours de classe de 130 \u00e0 193 - Kapitalis<\/title>\n<meta name=\"robots\" content=\"index, follow, max-snippet:-1, max-image-preview:large, max-video-preview:-1\" \/>\n<link rel=\"canonical\" href=\"https:\/\/kapitalis.com\/tunisie\/2016\/06\/29\/annee-scolaire-2016-2017-augmentation-du-nombre-des-jours-de-classe-de-130-a-193\/\" \/>\n<meta property=\"og:locale\" content=\"fr_FR\" \/>\n<meta property=\"og:type\" content=\"article\" \/>\n<meta property=\"og:title\" content=\"Ann\u00e9e scolaire 2016-2017 : Augmentation du nombre des jours de classe de 130 \u00e0 193 - Kapitalis\" \/>\n<meta property=\"og:description\" content=\"A partir de l\u2019ann\u00e9e scolaire 2016-2017, le nombre des jours de classe par an passera de 130 \u00e0 193 jours, pour se rapprocher des standards internationaux dans ce domaine.\" \/>\n<meta property=\"og:url\" content=\"https:\/\/kapitalis.com\/tunisie\/2016\/06\/29\/annee-scolaire-2016-2017-augmentation-du-nombre-des-jours-de-classe-de-130-a-193\/\" \/>\n<meta property=\"og:site_name\" content=\"Kapitalis\" \/>\n<meta property=\"article:publisher\" content=\"https:\/\/www.facebook.com\/KapitalisInfo\/\" \/>\n<meta property=\"article:published_time\" content=\"2016-06-29T09:12:39+00:00\" \/>\n<meta property=\"og:image\" content=\"https:\/\/kapitalis.com\/tunisie\/wp-content\/uploads\/2022\/05\/kapitalis-logo-fb.png\" \/>\n\t<meta property=\"og:image:width\" content=\"1200\" \/>\n\t<meta property=\"og:image:height\" content=\"630\" \/>\n\t<meta property=\"og:image:type\" content=\"image\/png\" \/>\n<meta name=\"author\" content=\"webmaster kapitalis\" \/>\n<meta name=\"twitter:card\" content=\"summary_large_image\" \/>\n<meta name=\"twitter:creator\" content=\"@KapitalisInfo\" \/>\n<meta name=\"twitter:site\" content=\"@KapitalisInfo\" \/>\n<meta name=\"twitter:label1\" content=\"\u00c9crit par\" \/>\n\t<meta name=\"twitter:data1\" content=\"webmaster kapitalis\" \/>\n\t<meta name=\"twitter:label2\" content=\"Dur\u00e9e de lecture estim\u00e9e\" \/>\n\t<meta name=\"twitter:data2\" content=\"1 minute\" \/>\n<script type=\"application\/ld+json\" class=\"yoast-schema-graph\">{\"@context\":\"https:\/\/schema.org\",\"@graph\":[{\"@type\":\"Article\",\"@id\":\"https:\/\/kapitalis.com\/tunisie\/2016\/06\/29\/annee-scolaire-2016-2017-augmentation-du-nombre-des-jours-de-classe-de-130-a-193\/#article\",\"isPartOf\":{\"@id\":\"https:\/\/kapitalis.com\/tunisie\/2016\/06\/29\/annee-scolaire-2016-2017-augmentation-du-nombre-des-jours-de-classe-de-130-a-193\/\"},\"author\":{\"name\":\"webmaster kapitalis\",\"@id\":\"https:\/\/kapitalis.com\/tunisie\/#\/schema\/person\/d71f33a9ca44f7bad4698210b480c8e9\"},\"headline\":\"Ann\u00e9e scolaire 2016-2017 : Augmentation du nombre des jours de classe de 130 \u00e0 193\",\"datePublished\":\"2016-06-29T09:12:39+00:00\",\"mainEntityOfPage\":{\"@id\":\"https:\/\/kapitalis.com\/tunisie\/2016\/06\/29\/annee-scolaire-2016-2017-augmentation-du-nombre-des-jours-de-classe-de-130-a-193\/\"},\"wordCount\":231,\"commentCount\":0,\"publisher\":{\"@id\":\"https:\/\/kapitalis.com\/tunisie\/#organization\"},\"keywords\":[\"\u00e9ducation\",\"Neji Jalloul\",\"r\u00e9forme\"],\"articleSection\":[\"SOCIETE\",\"Tunisie\"],\"inLanguage\":\"fr-FR\",\"potentialAction\":[{\"@type\":\"CommentAction\",\"name\":\"Comment\",\"target\":[\"https:\/\/kapitalis.com\/tunisie\/2016\/06\/29\/annee-scolaire-2016-2017-augmentation-du-nombre-des-jours-de-classe-de-130-a-193\/#respond\"]}]},{\"@type\":\"WebPage\",\"@id\":\"https:\/\/kapitalis.com\/tunisie\/2016\/06\/29\/annee-scolaire-2016-2017-augmentation-du-nombre-des-jours-de-classe-de-130-a-193\/\",\"url\":\"https:\/\/kapitalis.com\/tunisie\/2016\/06\/29\/annee-scolaire-2016-2017-augmentation-du-nombre-des-jours-de-classe-de-130-a-193\/\",\"name\":\"Ann\u00e9e scolaire 2016-2017 : Augmentation du nombre des jours de classe de 130 \u00e0 193 - Kapitalis\",\"isPartOf\":{\"@id\":\"https:\/\/kapitalis.com\/tunisie\/#website\"},\"datePublished\":\"2016-06-29T09:12:39+00:00\",\"breadcrumb\":{\"@id\":\"https:\/\/kapitalis.com\/tunisie\/2016\/06\/29\/annee-scolaire-2016-2017-augmentation-du-nombre-des-jours-de-classe-de-130-a-193\/#breadcrumb\"},\"inLanguage\":\"fr-FR\",\"potentialAction\":[{\"@type\":\"ReadAction\",\"target\":[\"https:\/\/kapitalis.com\/tunisie\/2016\/06\/29\/annee-scolaire-2016-2017-augmentation-du-nombre-des-jours-de-classe-de-130-a-193\/\"]}]},{\"@type\":\"BreadcrumbList\",\"@id\":\"https:\/\/kapitalis.com\/tunisie\/2016\/06\/29\/annee-scolaire-2016-2017-augmentation-du-nombre-des-jours-de-classe-de-130-a-193\/#breadcrumb\",\"itemListElement\":[{\"@type\":\"ListItem\",\"position\":1,\"name\":\"Accueil\",\"item\":\"https:\/\/kapitalis.com\/tunisie\/\"},{\"@type\":\"ListItem\",\"position\":2,\"name\":\"Ann\u00e9e scolaire 2016-2017 : Augmentation du nombre des jours de classe de 130 \u00e0 193\"}]},{\"@type\":\"WebSite\",\"@id\":\"https:\/\/kapitalis.com\/tunisie\/#website\",\"url\":\"https:\/\/kapitalis.com\/tunisie\/\",\"name\":\"Kapitalis\",\"description\":\"L&#039;actualit\u00e9 en Tunisie et dans le monde\",\"publisher\":{\"@id\":\"https:\/\/kapitalis.com\/tunisie\/#organization\"},\"potentialAction\":[{\"@type\":\"SearchAction\",\"target\":{\"@type\":\"EntryPoint\",\"urlTemplate\":\"https:\/\/kapitalis.com\/tunisie\/?s={search_term_string}\"},\"query-input\":{\"@type\":\"PropertyValueSpecification\",\"valueRequired\":true,\"valueName\":\"search_term_string\"}}],\"inLanguage\":\"fr-FR\"},{\"@type\":\"Organization\",\"@id\":\"https:\/\/kapitalis.com\/tunisie\/#organization\",\"name\":\"Kapitalis\",\"url\":\"https:\/\/kapitalis.com\/tunisie\/\",\"logo\":{\"@type\":\"ImageObject\",\"inLanguage\":\"fr-FR\",\"@id\":\"https:\/\/kapitalis.com\/tunisie\/#\/schema\/logo\/image\/\",\"url\":\"https:\/\/kapitalis.com\/tunisie\/wp-content\/uploads\/2022\/05\/Kapitalis-big-size.png\",\"contentUrl\":\"https:\/\/kapitalis.com\/tunisie\/wp-content\/uploads\/2022\/05\/Kapitalis-big-size.png\",\"width\":5000,\"height\":1500,\"caption\":\"Kapitalis\"},\"image\":{\"@id\":\"https:\/\/kapitalis.com\/tunisie\/#\/schema\/logo\/image\/\"},\"sameAs\":[\"https:\/\/www.facebook.com\/KapitalisInfo\/\",\"https:\/\/x.com\/KapitalisInfo\",\"https:\/\/www.youtube.com\/channel\/UC-yDYrHyfFBWWZaOw3FPg9Q\"]},{\"@type\":\"Person\",\"@id\":\"https:\/\/kapitalis.com\/tunisie\/#\/schema\/person\/d71f33a9ca44f7bad4698210b480c8e9\",\"name\":\"webmaster kapitalis\",\"url\":\"https:\/\/kapitalis.com\/tunisie\/author\/webmaster-kapitalis\/\"}]}<\/script>\n<!-- \/ Yoast SEO plugin. -->","yoast_head_json":{"title":"Ann\u00e9e scolaire 2016-2017 : Augmentation du nombre des jours de classe de 130 \u00e0 193 - Kapitalis","robots":{"index":"index","follow":"follow","max-snippet":"max-snippet:-1","max-image-preview":"max-image-preview:large","max-video-preview":"max-video-preview:-1"},"canonical":"https:\/\/kapitalis.com\/tunisie\/2016\/06\/29\/annee-scolaire-2016-2017-augmentation-du-nombre-des-jours-de-classe-de-130-a-193\/","og_locale":"fr_FR","og_type":"article","og_title":"Ann\u00e9e scolaire 2016-2017 : Augmentation du nombre des jours de classe de 130 \u00e0 193 - Kapitalis","og_description":"A partir de l\u2019ann\u00e9e scolaire 2016-2017, le nombre des jours de classe par an passera de 130 \u00e0 193 jours, pour se rapprocher des standards internationaux dans ce domaine.","og_url":"https:\/\/kapitalis.com\/tunisie\/2016\/06\/29\/annee-scolaire-2016-2017-augmentation-du-nombre-des-jours-de-classe-de-130-a-193\/","og_site_name":"Kapitalis","article_publisher":"https:\/\/www.facebook.com\/KapitalisInfo\/","article_published_time":"2016-06-29T09:12:39+00:00","og_image":[{"width":1200,"height":630,"url":"https:\/\/kapitalis.com\/tunisie\/wp-content\/uploads\/2022\/05\/kapitalis-logo-fb.png","type":"image\/png"}],"author":"webmaster kapitalis","twitter_card":"summary_large_image","twitter_creator":"@KapitalisInfo","twitter_site":"@KapitalisInfo","twitter_misc":{"\u00c9crit par":"webmaster kapitalis","Dur\u00e9e de lecture estim\u00e9e":"1 minute"},"schema":{"@context":"https:\/\/schema.org","@graph":[{"@type":"Article","@id":"https:\/\/kapitalis.com\/tunisie\/2016\/06\/29\/annee-scolaire-2016-2017-augmentation-du-nombre-des-jours-de-classe-de-130-a-193\/#article","isPartOf":{"@id":"https:\/\/kapitalis.com\/tunisie\/2016\/06\/29\/annee-scolaire-2016-2017-augmentation-du-nombre-des-jours-de-classe-de-130-a-193\/"},"author":{"name":"webmaster kapitalis","@id":"https:\/\/kapitalis.com\/tunisie\/#\/schema\/person\/d71f33a9ca44f7bad4698210b480c8e9"},"headline":"Ann\u00e9e scolaire 2016-2017 : Augmentation du nombre des jours de classe de 130 \u00e0 193","datePublished":"2016-06-29T09:12:39+00:00","mainEntityOfPage":{"@id":"https:\/\/kapitalis.com\/tunisie\/2016\/06\/29\/annee-scolaire-2016-2017-augmentation-du-nombre-des-jours-de-classe-de-130-a-193\/"},"wordCount":231,"commentCount":0,"publisher":{"@id":"https:\/\/kapitalis.com\/tunisie\/#organization"},"keywords":["\u00e9ducation","Neji Jalloul","r\u00e9forme"],"articleSection":["SOCIETE","Tunisie"],"inLanguage":"fr-FR","potentialAction":[{"@type":"CommentAction","name":"Comment","target":["https:\/\/kapitalis.com\/tunisie\/2016\/06\/29\/annee-scolaire-2016-2017-augmentation-du-nombre-des-jours-de-classe-de-130-a-193\/#respond"]}]},{"@type":"WebPage","@id":"https:\/\/kapitalis.com\/tunisie\/2016\/06\/29\/annee-scolaire-2016-2017-augmentation-du-nombre-des-jours-de-classe-de-130-a-193\/","url":"https:\/\/kapitalis.com\/tunisie\/2016\/06\/29\/annee-scolaire-2016-2017-augmentation-du-nombre-des-jours-de-classe-de-130-a-193\/","name":"Ann\u00e9e scolaire 2016-2017 : Augmentation du nombre des jours de classe de 130 \u00e0 193 - Kapitalis","isPartOf":{"@id":"https:\/\/kapitalis.com\/tunisie\/#website"},"datePublished":"2016-06-29T09:12:39+00:00","breadcrumb":{"@id":"https:\/\/kapitalis.com\/tunisie\/2016\/06\/29\/annee-scolaire-2016-2017-augmentation-du-nombre-des-jours-de-classe-de-130-a-193\/#breadcrumb"},"inLanguage":"fr-FR","potentialAction":[{"@type":"ReadAction","target":["https:\/\/kapitalis.com\/tunisie\/2016\/06\/29\/annee-scolaire-2016-2017-augmentation-du-nombre-des-jours-de-classe-de-130-a-193\/"]}]},{"@type":"BreadcrumbList","@id":"https:\/\/kapitalis.com\/tunisie\/2016\/06\/29\/annee-scolaire-2016-2017-augmentation-du-nombre-des-jours-de-classe-de-130-a-193\/#breadcrumb","itemListElement":[{"@type":"ListItem","position":1,"name":"Accueil","item":"https:\/\/kapitalis.com\/tunisie\/"},{"@type":"ListItem","position":2,"name":"Ann\u00e9e scolaire 2016-2017 : Augmentation du nombre des jours de classe de 130 \u00e0 193"}]},{"@type":"WebSite","@id":"https:\/\/kapitalis.com\/tunisie\/#website","url":"https:\/\/kapitalis.com\/tunisie\/","name":"Kapitalis","description":"L&#039;actualit\u00e9 en Tunisie et dans le monde","publisher":{"@id":"https:\/\/kapitalis.com\/tunisie\/#organization"},"potentialAction":[{"@type":"SearchAction","target":{"@type":"EntryPoint","urlTemplate":"https:\/\/kapitalis.com\/tunisie\/?s={search_term_string}"},"query-input":{"@type":"PropertyValueSpecification","valueRequired":true,"valueName":"search_term_string"}}],"inLanguage":"fr-FR"},{"@type":"Organization","@id":"https:\/\/kapitalis.com\/tunisie\/#organization","name":"Kapitalis","url":"https:\/\/kapitalis.com\/tunisie\/","logo":{"@type":"ImageObject","inLanguage":"fr-FR","@id":"https:\/\/kapitalis.com\/tunisie\/#\/schema\/logo\/image\/","url":"https:\/\/kapitalis.com\/tunisie\/wp-content\/uploads\/2022\/05\/Kapitalis-big-size.png","contentUrl":"https:\/\/kapitalis.com\/tunisie\/wp-content\/uploads\/2022\/05\/Kapitalis-big-size.png","width":5000,"height":1500,"caption":"Kapitalis"},"image":{"@id":"https:\/\/kapitalis.com\/tunisie\/#\/schema\/logo\/image\/"},"sameAs":["https:\/\/www.facebook.com\/KapitalisInfo\/","https:\/\/x.com\/KapitalisInfo","https:\/\/www.youtube.com\/channel\/UC-yDYrHyfFBWWZaOw3FPg9Q"]},{"@type":"Person","@id":"https:\/\/kapitalis.com\/tunisie\/#\/schema\/person\/d71f33a9ca44f7bad4698210b480c8e9","name":"webmaster kapitalis","url":"https:\/\/kapitalis.com\/tunisie\/author\/webmaster-kapitalis\/"}]}},"_links":{"self":[{"href":"https:\/\/kapitalis.com\/tunisie\/wp-json\/wp\/v2\/posts\/56093","targetHints":{"allow":["GET"]}}],"collection":[{"href":"https:\/\/kapitalis.com\/tunisie\/wp-json\/wp\/v2\/posts"}],"about":[{"href":"https:\/\/kapitalis.com\/tunisie\/wp-json\/wp\/v2\/types\/post"}],"author":[{"embeddable":true,"href":"https:\/\/kapitalis.com\/tunisie\/wp-json\/wp\/v2\/users\/8"}],"replies":[{"embeddable":true,"href":"https:\/\/kapitalis.com\/tunisie\/wp-json\/wp\/v2\/comments?post=56093"}],"version-history":[{"count":0,"href":"https:\/\/kapitalis.com\/tunisie\/wp-json\/wp\/v2\/posts\/56093\/revisions"}],"wp:attachment":[{"href":"https:\/\/kapitalis.com\/tunisie\/wp-json\/wp\/v2\/media?parent=56093"}],"wp:term":[{"taxonomy":"category","embeddable":true,"href":"https:\/\/kapitalis.com\/tunisie\/wp-json\/wp\/v2\/categories?post=56093"},{"taxonomy":"post_tag","embeddable":true,"href":"https:\/\/kapitalis.com\/tunisie\/wp-json\/wp\/v2\/tags?post=56093"}],"curies":[{"name":"wp","href":"https:\/\/api.w.org\/{rel}","templated":true}]}}