{"id":5615,"date":"2015-06-30T10:40:48","date_gmt":"2015-06-30T09:40:48","guid":{"rendered":"http:\/\/kapitalis.com\/tunisie\/?p=5615"},"modified":"2015-06-30T10:40:48","modified_gmt":"2015-06-30T09:40:48","slug":"affaire-chokri-belaid-appel-a-laudition-de-ali-larayedh","status":"publish","type":"post","link":"https:\/\/kapitalis.com\/tunisie\/2015\/06\/30\/affaire-chokri-belaid-appel-a-laudition-de-ali-larayedh\/","title":{"rendered":"Affaire Chokri Bela\u00efd: Appel \u00e0 l\u2019audition de Ali Larayedh"},"content":{"rendered":"<p><img loading=\"lazy\" decoding=\"async\" class=\"aligncenter size-full wp-image-5616\" src=\"http:\/\/kapitalis.com\/tunisie\/wp-content\/uploads\/2015\/06\/Proces-Chokri-Belaid1.jpg\" alt=\"Proces-Chokri-Belaid\" width=\"626\" height=\"380\" \/><\/p>\n<p><em><strong>Le proc\u00e8s des 30 suspects dans l\u2019assassinat de Chokri Bela\u00efd s\u2019est ouvert, aujourd\u2019hui, \u00e0 Tunis, sous une tr\u00e8s haute surveillance.<\/strong> <\/em><\/p>\n<p><!--more--><\/p>\n<p>Des mesures exceptionnelles de s\u00e9curit\u00e9 ont, en effet, \u00e9t\u00e9 prises, ce mardi 30 juin 2015, autour du palais de la justice de Tunis. Avocats (pr\u00e8s de 300), journalistes et membres des familles ont \u00e9t\u00e9 m\u00e9ticuleusement fouill\u00e9s par les forces de l\u2019ordre \u00e0 l\u2019entr\u00e9e du tribunal.<\/p>\n<p>Des dizaines de citoyens, dont des militants du Front populaire et des activistes de la soci\u00e9t\u00e9 civile, ont observ\u00e9, d\u00e8s 8H00, un sit-in \u00e0 la rue Bab Benat, o\u00f9 se trouve le tribunal, pour appeler \u00e0 l\u2019audition de Ali Larayedh, actuel secr\u00e9taire g\u00e9n\u00e9ral du parti islamiste Ennahdha et ministre de l\u2019Int\u00e9rieur au moment de l\u2019assassinat de Chokri Belaid (6 f\u00e9vrier 2013).<\/p>\n<p>La famille du dirigeant de gauche, son \u00e9pouse Basma Khalfaoui et les membres de son comit\u00e9 de d\u00e9fense ne cessent d\u2019appeler \u00e0 l\u2019audition de M. Larayedh, qu\u2019ils accusent de laxisme sinon de complicit\u00e9 passive, qui ont facilit\u00e9 l\u2019ex\u00e9cution de ce crime par des extr\u00e9mistes religieux proches des milieux islamistes.<\/p>\n<p style=\"text-align: right;\"><strong>Z. A.\u00a0\u00a0<\/strong><\/p>\n","protected":false},"excerpt":{"rendered":"<p>Le proc\u00e8s des 30 suspects dans l\u2019assassinat de Chokri Bela\u00efd s\u2019est ouvert, aujourd\u2019hui, \u00e0 Tunis, sous une tr\u00e8s haute surveillance.<\/p>\n","protected":false},"author":5,"featured_media":5616,"comment_status":"open","ping_status":"open","sticky":false,"template":"","format":"standard","meta":{"footnotes":""},"categories":[997,2433],"tags":[2744,1583,204,731,743,921],"class_list":["post-5615","post","type-post","status-publish","format-standard","has-post-thumbnail","hentry","category-politique","category-tunisie","tag-affaire","tag-ali-larayedh","tag-chokri-belaid","tag-politique","tag-proces","tag-tribunal"],"yoast_head":"<!-- This site is optimized with the Yoast SEO plugin v26.6 - https:\/\/yoast.com\/wordpress\/plugins\/seo\/ -->\n<title>Affaire Chokri Bela\u00efd: Appel \u00e0 l\u2019audition de Ali Larayedh - Kapitalis<\/title>\n<meta name=\"robots\" content=\"index, follow, max-snippet:-1, max-image-preview:large, max-video-preview:-1\" \/>\n<link rel=\"canonical\" href=\"https:\/\/kapitalis.com\/tunisie\/2015\/06\/30\/affaire-chokri-belaid-appel-a-laudition-de-ali-larayedh\/\" \/>\n<meta property=\"og:locale\" content=\"fr_FR\" \/>\n<meta property=\"og:type\" content=\"article\" \/>\n<meta property=\"og:title\" content=\"Affaire Chokri Bela\u00efd: Appel \u00e0 l\u2019audition de Ali Larayedh - Kapitalis\" \/>\n<meta property=\"og:description\" content=\"Le proc\u00e8s des 30 suspects dans l\u2019assassinat de Chokri Bela\u00efd s\u2019est ouvert, aujourd\u2019hui, \u00e0 Tunis, sous une tr\u00e8s haute surveillance.\" \/>\n<meta property=\"og:url\" content=\"https:\/\/kapitalis.com\/tunisie\/2015\/06\/30\/affaire-chokri-belaid-appel-a-laudition-de-ali-larayedh\/\" \/>\n<meta property=\"og:site_name\" content=\"Kapitalis\" \/>\n<meta property=\"article:publisher\" content=\"https:\/\/www.facebook.com\/KapitalisInfo\/\" \/>\n<meta property=\"article:published_time\" content=\"2015-06-30T09:40:48+00:00\" \/>\n<meta property=\"og:image\" content=\"https:\/\/kapitalis.com\/tunisie\/wp-content\/uploads\/2022\/05\/kapitalis-logo-fb.png\" \/>\n\t<meta property=\"og:image:width\" content=\"1200\" \/>\n\t<meta property=\"og:image:height\" content=\"630\" \/>\n\t<meta property=\"og:image:type\" content=\"image\/png\" \/>\n<meta name=\"author\" content=\"Ridha Elkefi\" \/>\n<meta name=\"twitter:card\" content=\"summary_large_image\" \/>\n<meta name=\"twitter:creator\" content=\"@KapitalisInfo\" \/>\n<meta name=\"twitter:site\" content=\"@KapitalisInfo\" \/>\n<meta name=\"twitter:label1\" content=\"\u00c9crit par\" \/>\n\t<meta name=\"twitter:data1\" content=\"Ridha Elkefi\" \/>\n\t<meta name=\"twitter:label2\" content=\"Dur\u00e9e de lecture estim\u00e9e\" \/>\n\t<meta name=\"twitter:data2\" content=\"1 minute\" \/>\n<script type=\"application\/ld+json\" class=\"yoast-schema-graph\">{\"@context\":\"https:\/\/schema.org\",\"@graph\":[{\"@type\":\"Article\",\"@id\":\"https:\/\/kapitalis.com\/tunisie\/2015\/06\/30\/affaire-chokri-belaid-appel-a-laudition-de-ali-larayedh\/#article\",\"isPartOf\":{\"@id\":\"https:\/\/kapitalis.com\/tunisie\/2015\/06\/30\/affaire-chokri-belaid-appel-a-laudition-de-ali-larayedh\/\"},\"author\":{\"name\":\"Ridha Elkefi\",\"@id\":\"https:\/\/kapitalis.com\/tunisie\/#\/schema\/person\/16627fc9b2fc0116230e88af071eebab\"},\"headline\":\"Affaire Chokri Bela\u00efd: Appel \u00e0 l\u2019audition de Ali Larayedh\",\"datePublished\":\"2015-06-30T09:40:48+00:00\",\"mainEntityOfPage\":{\"@id\":\"https:\/\/kapitalis.com\/tunisie\/2015\/06\/30\/affaire-chokri-belaid-appel-a-laudition-de-ali-larayedh\/\"},\"wordCount\":206,\"commentCount\":1,\"publisher\":{\"@id\":\"https:\/\/kapitalis.com\/tunisie\/#organization\"},\"image\":{\"@id\":\"https:\/\/kapitalis.com\/tunisie\/2015\/06\/30\/affaire-chokri-belaid-appel-a-laudition-de-ali-larayedh\/#primaryimage\"},\"thumbnailUrl\":\"\",\"keywords\":[\"affaire\",\"Ali Larayedh\",\"Chokri Belaid\",\"politique\",\"proc\u00e8s\",\"tribunal\"],\"articleSection\":[\"POLITIQUE\",\"Tunisie\"],\"inLanguage\":\"fr-FR\",\"potentialAction\":[{\"@type\":\"CommentAction\",\"name\":\"Comment\",\"target\":[\"https:\/\/kapitalis.com\/tunisie\/2015\/06\/30\/affaire-chokri-belaid-appel-a-laudition-de-ali-larayedh\/#respond\"]}]},{\"@type\":\"WebPage\",\"@id\":\"https:\/\/kapitalis.com\/tunisie\/2015\/06\/30\/affaire-chokri-belaid-appel-a-laudition-de-ali-larayedh\/\",\"url\":\"https:\/\/kapitalis.com\/tunisie\/2015\/06\/30\/affaire-chokri-belaid-appel-a-laudition-de-ali-larayedh\/\",\"name\":\"Affaire Chokri Bela\u00efd: Appel \u00e0 l\u2019audition de Ali Larayedh - Kapitalis\",\"isPartOf\":{\"@id\":\"https:\/\/kapitalis.com\/tunisie\/#website\"},\"primaryImageOfPage\":{\"@id\":\"https:\/\/kapitalis.com\/tunisie\/2015\/06\/30\/affaire-chokri-belaid-appel-a-laudition-de-ali-larayedh\/#primaryimage\"},\"image\":{\"@id\":\"https:\/\/kapitalis.com\/tunisie\/2015\/06\/30\/affaire-chokri-belaid-appel-a-laudition-de-ali-larayedh\/#primaryimage\"},\"thumbnailUrl\":\"\",\"datePublished\":\"2015-06-30T09:40:48+00:00\",\"breadcrumb\":{\"@id\":\"https:\/\/kapitalis.com\/tunisie\/2015\/06\/30\/affaire-chokri-belaid-appel-a-laudition-de-ali-larayedh\/#breadcrumb\"},\"inLanguage\":\"fr-FR\",\"potentialAction\":[{\"@type\":\"ReadAction\",\"target\":[\"https:\/\/kapitalis.com\/tunisie\/2015\/06\/30\/affaire-chokri-belaid-appel-a-laudition-de-ali-larayedh\/\"]}]},{\"@type\":\"ImageObject\",\"inLanguage\":\"fr-FR\",\"@id\":\"https:\/\/kapitalis.com\/tunisie\/2015\/06\/30\/affaire-chokri-belaid-appel-a-laudition-de-ali-larayedh\/#primaryimage\",\"url\":\"\",\"contentUrl\":\"\"},{\"@type\":\"BreadcrumbList\",\"@id\":\"https:\/\/kapitalis.com\/tunisie\/2015\/06\/30\/affaire-chokri-belaid-appel-a-laudition-de-ali-larayedh\/#breadcrumb\",\"itemListElement\":[{\"@type\":\"ListItem\",\"position\":1,\"name\":\"Accueil\",\"item\":\"https:\/\/kapitalis.com\/tunisie\/\"},{\"@type\":\"ListItem\",\"position\":2,\"name\":\"Affaire Chokri Bela\u00efd: Appel \u00e0 l\u2019audition de Ali Larayedh\"}]},{\"@type\":\"WebSite\",\"@id\":\"https:\/\/kapitalis.com\/tunisie\/#website\",\"url\":\"https:\/\/kapitalis.com\/tunisie\/\",\"name\":\"Kapitalis\",\"description\":\"L&#039;actualit\u00e9 en Tunisie et dans le monde\",\"publisher\":{\"@id\":\"https:\/\/kapitalis.com\/tunisie\/#organization\"},\"potentialAction\":[{\"@type\":\"SearchAction\",\"target\":{\"@type\":\"EntryPoint\",\"urlTemplate\":\"https:\/\/kapitalis.com\/tunisie\/?s={search_term_string}\"},\"query-input\":{\"@type\":\"PropertyValueSpecification\",\"valueRequired\":true,\"valueName\":\"search_term_string\"}}],\"inLanguage\":\"fr-FR\"},{\"@type\":\"Organization\",\"@id\":\"https:\/\/kapitalis.com\/tunisie\/#organization\",\"name\":\"Kapitalis\",\"url\":\"https:\/\/kapitalis.com\/tunisie\/\",\"logo\":{\"@type\":\"ImageObject\",\"inLanguage\":\"fr-FR\",\"@id\":\"https:\/\/kapitalis.com\/tunisie\/#\/schema\/logo\/image\/\",\"url\":\"https:\/\/kapitalis.com\/tunisie\/wp-content\/uploads\/2022\/05\/Kapitalis-big-size.png\",\"contentUrl\":\"https:\/\/kapitalis.com\/tunisie\/wp-content\/uploads\/2022\/05\/Kapitalis-big-size.png\",\"width\":5000,\"height\":1500,\"caption\":\"Kapitalis\"},\"image\":{\"@id\":\"https:\/\/kapitalis.com\/tunisie\/#\/schema\/logo\/image\/\"},\"sameAs\":[\"https:\/\/www.facebook.com\/KapitalisInfo\/\",\"https:\/\/x.com\/KapitalisInfo\",\"https:\/\/www.youtube.com\/channel\/UC-yDYrHyfFBWWZaOw3FPg9Q\"]},{\"@type\":\"Person\",\"@id\":\"https:\/\/kapitalis.com\/tunisie\/#\/schema\/person\/16627fc9b2fc0116230e88af071eebab\",\"name\":\"Ridha Elkefi\",\"url\":\"https:\/\/kapitalis.com\/tunisie\/author\/ridha-kefi\/\"}]}<\/script>\n<!-- \/ Yoast SEO plugin. -->","yoast_head_json":{"title":"Affaire Chokri Bela\u00efd: Appel \u00e0 l\u2019audition de Ali Larayedh - Kapitalis","robots":{"index":"index","follow":"follow","max-snippet":"max-snippet:-1","max-image-preview":"max-image-preview:large","max-video-preview":"max-video-preview:-1"},"canonical":"https:\/\/kapitalis.com\/tunisie\/2015\/06\/30\/affaire-chokri-belaid-appel-a-laudition-de-ali-larayedh\/","og_locale":"fr_FR","og_type":"article","og_title":"Affaire Chokri Bela\u00efd: Appel \u00e0 l\u2019audition de Ali Larayedh - Kapitalis","og_description":"Le proc\u00e8s des 30 suspects dans l\u2019assassinat de Chokri Bela\u00efd s\u2019est ouvert, aujourd\u2019hui, \u00e0 Tunis, sous une tr\u00e8s haute surveillance.","og_url":"https:\/\/kapitalis.com\/tunisie\/2015\/06\/30\/affaire-chokri-belaid-appel-a-laudition-de-ali-larayedh\/","og_site_name":"Kapitalis","article_publisher":"https:\/\/www.facebook.com\/KapitalisInfo\/","article_published_time":"2015-06-30T09:40:48+00:00","og_image":[{"width":1200,"height":630,"url":"https:\/\/kapitalis.com\/tunisie\/wp-content\/uploads\/2022\/05\/kapitalis-logo-fb.png","type":"image\/png"}],"author":"Ridha Elkefi","twitter_card":"summary_large_image","twitter_creator":"@KapitalisInfo","twitter_site":"@KapitalisInfo","twitter_misc":{"\u00c9crit par":"Ridha Elkefi","Dur\u00e9e de lecture estim\u00e9e":"1 minute"},"schema":{"@context":"https:\/\/schema.org","@graph":[{"@type":"Article","@id":"https:\/\/kapitalis.com\/tunisie\/2015\/06\/30\/affaire-chokri-belaid-appel-a-laudition-de-ali-larayedh\/#article","isPartOf":{"@id":"https:\/\/kapitalis.com\/tunisie\/2015\/06\/30\/affaire-chokri-belaid-appel-a-laudition-de-ali-larayedh\/"},"author":{"name":"Ridha Elkefi","@id":"https:\/\/kapitalis.com\/tunisie\/#\/schema\/person\/16627fc9b2fc0116230e88af071eebab"},"headline":"Affaire Chokri Bela\u00efd: Appel \u00e0 l\u2019audition de Ali Larayedh","datePublished":"2015-06-30T09:40:48+00:00","mainEntityOfPage":{"@id":"https:\/\/kapitalis.com\/tunisie\/2015\/06\/30\/affaire-chokri-belaid-appel-a-laudition-de-ali-larayedh\/"},"wordCount":206,"commentCount":1,"publisher":{"@id":"https:\/\/kapitalis.com\/tunisie\/#organization"},"image":{"@id":"https:\/\/kapitalis.com\/tunisie\/2015\/06\/30\/affaire-chokri-belaid-appel-a-laudition-de-ali-larayedh\/#primaryimage"},"thumbnailUrl":"","keywords":["affaire","Ali Larayedh","Chokri Belaid","politique","proc\u00e8s","tribunal"],"articleSection":["POLITIQUE","Tunisie"],"inLanguage":"fr-FR","potentialAction":[{"@type":"CommentAction","name":"Comment","target":["https:\/\/kapitalis.com\/tunisie\/2015\/06\/30\/affaire-chokri-belaid-appel-a-laudition-de-ali-larayedh\/#respond"]}]},{"@type":"WebPage","@id":"https:\/\/kapitalis.com\/tunisie\/2015\/06\/30\/affaire-chokri-belaid-appel-a-laudition-de-ali-larayedh\/","url":"https:\/\/kapitalis.com\/tunisie\/2015\/06\/30\/affaire-chokri-belaid-appel-a-laudition-de-ali-larayedh\/","name":"Affaire Chokri Bela\u00efd: Appel \u00e0 l\u2019audition de Ali Larayedh - Kapitalis","isPartOf":{"@id":"https:\/\/kapitalis.com\/tunisie\/#website"},"primaryImageOfPage":{"@id":"https:\/\/kapitalis.com\/tunisie\/2015\/06\/30\/affaire-chokri-belaid-appel-a-laudition-de-ali-larayedh\/#primaryimage"},"image":{"@id":"https:\/\/kapitalis.com\/tunisie\/2015\/06\/30\/affaire-chokri-belaid-appel-a-laudition-de-ali-larayedh\/#primaryimage"},"thumbnailUrl":"","datePublished":"2015-06-30T09:40:48+00:00","breadcrumb":{"@id":"https:\/\/kapitalis.com\/tunisie\/2015\/06\/30\/affaire-chokri-belaid-appel-a-laudition-de-ali-larayedh\/#breadcrumb"},"inLanguage":"fr-FR","potentialAction":[{"@type":"ReadAction","target":["https:\/\/kapitalis.com\/tunisie\/2015\/06\/30\/affaire-chokri-belaid-appel-a-laudition-de-ali-larayedh\/"]}]},{"@type":"ImageObject","inLanguage":"fr-FR","@id":"https:\/\/kapitalis.com\/tunisie\/2015\/06\/30\/affaire-chokri-belaid-appel-a-laudition-de-ali-larayedh\/#primaryimage","url":"","contentUrl":""},{"@type":"BreadcrumbList","@id":"https:\/\/kapitalis.com\/tunisie\/2015\/06\/30\/affaire-chokri-belaid-appel-a-laudition-de-ali-larayedh\/#breadcrumb","itemListElement":[{"@type":"ListItem","position":1,"name":"Accueil","item":"https:\/\/kapitalis.com\/tunisie\/"},{"@type":"ListItem","position":2,"name":"Affaire Chokri Bela\u00efd: Appel \u00e0 l\u2019audition de Ali Larayedh"}]},{"@type":"WebSite","@id":"https:\/\/kapitalis.com\/tunisie\/#website","url":"https:\/\/kapitalis.com\/tunisie\/","name":"Kapitalis","description":"L&#039;actualit\u00e9 en Tunisie et dans le monde","publisher":{"@id":"https:\/\/kapitalis.com\/tunisie\/#organization"},"potentialAction":[{"@type":"SearchAction","target":{"@type":"EntryPoint","urlTemplate":"https:\/\/kapitalis.com\/tunisie\/?s={search_term_string}"},"query-input":{"@type":"PropertyValueSpecification","valueRequired":true,"valueName":"search_term_string"}}],"inLanguage":"fr-FR"},{"@type":"Organization","@id":"https:\/\/kapitalis.com\/tunisie\/#organization","name":"Kapitalis","url":"https:\/\/kapitalis.com\/tunisie\/","logo":{"@type":"ImageObject","inLanguage":"fr-FR","@id":"https:\/\/kapitalis.com\/tunisie\/#\/schema\/logo\/image\/","url":"https:\/\/kapitalis.com\/tunisie\/wp-content\/uploads\/2022\/05\/Kapitalis-big-size.png","contentUrl":"https:\/\/kapitalis.com\/tunisie\/wp-content\/uploads\/2022\/05\/Kapitalis-big-size.png","width":5000,"height":1500,"caption":"Kapitalis"},"image":{"@id":"https:\/\/kapitalis.com\/tunisie\/#\/schema\/logo\/image\/"},"sameAs":["https:\/\/www.facebook.com\/KapitalisInfo\/","https:\/\/x.com\/KapitalisInfo","https:\/\/www.youtube.com\/channel\/UC-yDYrHyfFBWWZaOw3FPg9Q"]},{"@type":"Person","@id":"https:\/\/kapitalis.com\/tunisie\/#\/schema\/person\/16627fc9b2fc0116230e88af071eebab","name":"Ridha Elkefi","url":"https:\/\/kapitalis.com\/tunisie\/author\/ridha-kefi\/"}]}},"_links":{"self":[{"href":"https:\/\/kapitalis.com\/tunisie\/wp-json\/wp\/v2\/posts\/5615","targetHints":{"allow":["GET"]}}],"collection":[{"href":"https:\/\/kapitalis.com\/tunisie\/wp-json\/wp\/v2\/posts"}],"about":[{"href":"https:\/\/kapitalis.com\/tunisie\/wp-json\/wp\/v2\/types\/post"}],"author":[{"embeddable":true,"href":"https:\/\/kapitalis.com\/tunisie\/wp-json\/wp\/v2\/users\/5"}],"replies":[{"embeddable":true,"href":"https:\/\/kapitalis.com\/tunisie\/wp-json\/wp\/v2\/comments?post=5615"}],"version-history":[{"count":0,"href":"https:\/\/kapitalis.com\/tunisie\/wp-json\/wp\/v2\/posts\/5615\/revisions"}],"wp:featuredmedia":[{"embeddable":true,"href":"https:\/\/kapitalis.com\/tunisie\/wp-json\/wp\/v2\/media\/5616"}],"wp:attachment":[{"href":"https:\/\/kapitalis.com\/tunisie\/wp-json\/wp\/v2\/media?parent=5615"}],"wp:term":[{"taxonomy":"category","embeddable":true,"href":"https:\/\/kapitalis.com\/tunisie\/wp-json\/wp\/v2\/categories?post=5615"},{"taxonomy":"post_tag","embeddable":true,"href":"https:\/\/kapitalis.com\/tunisie\/wp-json\/wp\/v2\/tags?post=5615"}],"curies":[{"name":"wp","href":"https:\/\/api.w.org\/{rel}","templated":true}]}}