{"id":5628088,"date":"2022-12-10T20:38:18","date_gmt":"2022-12-10T19:38:18","guid":{"rendered":"https:\/\/kapitalis.com\/tunisie\/?p=5628088"},"modified":"2022-12-10T20:39:59","modified_gmt":"2022-12-10T19:39:59","slug":"ahmed-nejib-chebbi-pour-un-nouveau-gouvernement-afin-de-sauver-la-tunisie","status":"publish","type":"post","link":"https:\/\/kapitalis.com\/tunisie\/2022\/12\/10\/ahmed-nejib-chebbi-pour-un-nouveau-gouvernement-afin-de-sauver-la-tunisie\/","title":{"rendered":"Ahmed N\u00e9jib Chebbi pour un nouveau gouvernement \u00abafin de sauver la Tunisie\u00bb"},"content":{"rendered":"\n<p><strong><em>Ahmed N\u00e9jib Chebbi qui dirige le Front de Salut national (FSN) estime que la crise s&rsquo;aggrave de jour en jour et que \u00abpour sauver la Tunisie, un nouveau gouvernement comp\u00e9tent doit \u00eatre mis en place, et pr\u00e9parer des \u00e9lections l\u00e9gitimes\u00bb.<\/em><\/strong><\/p>\n\n\n\n<!--more-->\n\n\n\n<p>Le FSN a organis\u00e9, ce samedi 10 d\u00e9cembre 2022, une marche contre le pouvoir en place, le chef de l&rsquo;Etat et le processus du 25 Juillet, ainsi que contre les l\u00e9gislatives du 17 d\u00e9cembre, estimant que celles-ci sont ill\u00e9gitimes et en les qualifiant de <em>\u00abmascarade \u00e9lectorale \u00e9manant d&rsquo;un coup d&rsquo;Etat\u00bb.<\/em><\/p>\n\n\n\n<figure class=\"wp-block-gallery aligncenter has-nested-images columns-2 is-cropped wp-block-gallery-1 is-layout-flex wp-block-gallery-is-layout-flex\">\n<figure class=\"wp-block-image size-large\"><img loading=\"lazy\" decoding=\"async\" width=\"1024\" height=\"682\" data-id=\"5629206\" src=\"https:\/\/kapitalis.com\/tunisie\/wp-content\/uploads\/2022\/12\/l6-1024x682.jpg\" alt=\"\" class=\"wp-image-5629206\" srcset=\"https:\/\/kapitalis.com\/tunisie\/wp-content\/uploads\/2022\/12\/l6-1024x682.jpg 1024w, https:\/\/kapitalis.com\/tunisie\/wp-content\/uploads\/2022\/12\/l6-300x200.jpg 300w, https:\/\/kapitalis.com\/tunisie\/wp-content\/uploads\/2022\/12\/l6-768x512.jpg 768w, https:\/\/kapitalis.com\/tunisie\/wp-content\/uploads\/2022\/12\/l6-580x387.jpg 580w, https:\/\/kapitalis.com\/tunisie\/wp-content\/uploads\/2022\/12\/l6-860x573.jpg 860w, https:\/\/kapitalis.com\/tunisie\/wp-content\/uploads\/2022\/12\/l6-1160x773.jpg 1160w, https:\/\/kapitalis.com\/tunisie\/wp-content\/uploads\/2022\/12\/l6.jpg 1280w\" sizes=\"auto, (max-width: 1024px) 100vw, 1024px\" \/><\/figure>\n\n\n\n<figure class=\"wp-block-image size-large\"><img loading=\"lazy\" decoding=\"async\" width=\"1024\" height=\"682\" data-id=\"5629208\" src=\"https:\/\/kapitalis.com\/tunisie\/wp-content\/uploads\/2022\/12\/l5-1024x682.jpg\" alt=\"\" class=\"wp-image-5629208\" srcset=\"https:\/\/kapitalis.com\/tunisie\/wp-content\/uploads\/2022\/12\/l5-1024x682.jpg 1024w, https:\/\/kapitalis.com\/tunisie\/wp-content\/uploads\/2022\/12\/l5-300x200.jpg 300w, https:\/\/kapitalis.com\/tunisie\/wp-content\/uploads\/2022\/12\/l5-768x512.jpg 768w, https:\/\/kapitalis.com\/tunisie\/wp-content\/uploads\/2022\/12\/l5-580x387.jpg 580w, https:\/\/kapitalis.com\/tunisie\/wp-content\/uploads\/2022\/12\/l5-860x573.jpg 860w, https:\/\/kapitalis.com\/tunisie\/wp-content\/uploads\/2022\/12\/l5-1160x773.jpg 1160w, https:\/\/kapitalis.com\/tunisie\/wp-content\/uploads\/2022\/12\/l5.jpg 1280w\" sizes=\"auto, (max-width: 1024px) 100vw, 1024px\" \/><\/figure>\n\n\n\n<figure class=\"wp-block-image size-large\"><img loading=\"lazy\" decoding=\"async\" width=\"1024\" height=\"682\" data-id=\"5629195\" src=\"https:\/\/kapitalis.com\/tunisie\/wp-content\/uploads\/2022\/12\/l3-1024x682.jpg\" alt=\"\" class=\"wp-image-5629195\" srcset=\"https:\/\/kapitalis.com\/tunisie\/wp-content\/uploads\/2022\/12\/l3-1024x682.jpg 1024w, https:\/\/kapitalis.com\/tunisie\/wp-content\/uploads\/2022\/12\/l3-300x200.jpg 300w, https:\/\/kapitalis.com\/tunisie\/wp-content\/uploads\/2022\/12\/l3-768x512.jpg 768w, https:\/\/kapitalis.com\/tunisie\/wp-content\/uploads\/2022\/12\/l3-580x387.jpg 580w, https:\/\/kapitalis.com\/tunisie\/wp-content\/uploads\/2022\/12\/l3-860x573.jpg 860w, https:\/\/kapitalis.com\/tunisie\/wp-content\/uploads\/2022\/12\/l3-1160x773.jpg 1160w, https:\/\/kapitalis.com\/tunisie\/wp-content\/uploads\/2022\/12\/l3.jpg 1280w\" sizes=\"auto, (max-width: 1024px) 100vw, 1024px\" \/><\/figure>\n\n\n\n<figure class=\"wp-block-image size-large\"><img loading=\"lazy\" decoding=\"async\" width=\"1024\" height=\"682\" data-id=\"5629209\" src=\"https:\/\/kapitalis.com\/tunisie\/wp-content\/uploads\/2022\/12\/l2-1024x682.jpg\" alt=\"\" class=\"wp-image-5629209\" srcset=\"https:\/\/kapitalis.com\/tunisie\/wp-content\/uploads\/2022\/12\/l2-1024x682.jpg 1024w, https:\/\/kapitalis.com\/tunisie\/wp-content\/uploads\/2022\/12\/l2-300x200.jpg 300w, https:\/\/kapitalis.com\/tunisie\/wp-content\/uploads\/2022\/12\/l2-768x512.jpg 768w, https:\/\/kapitalis.com\/tunisie\/wp-content\/uploads\/2022\/12\/l2-580x387.jpg 580w, https:\/\/kapitalis.com\/tunisie\/wp-content\/uploads\/2022\/12\/l2-860x573.jpg 860w, https:\/\/kapitalis.com\/tunisie\/wp-content\/uploads\/2022\/12\/l2-1160x773.jpg 1160w, https:\/\/kapitalis.com\/tunisie\/wp-content\/uploads\/2022\/12\/l2.jpg 1280w\" sizes=\"auto, (max-width: 1024px) 100vw, 1024px\" \/><\/figure>\n<\/figure>\n\n\n\n<p>A l&rsquo;occasion, Ahmed N\u00e9jib Chebbi qui a initi\u00e9 le FSN soutenu par des partis de l&rsquo;opposition \u00e0 l&rsquo;instar d&rsquo;Ennahdha, Al-Karama ou encore Qalb Tounes, a affirm\u00e9 que la Tunisie fait face \u00e0 une crise sans pr\u00e9c\u00e9dent et qui s\u2019aggrave de jour en jour. <\/p>\n\n\n\n<p>Pour faire face \u00e0 tout cela, M. Chebbi, qui appelle au boycott des prochaines l\u00e9gislatives, propose la mise en place d&rsquo;un nouveau gouvernement capable de mener les r\u00e9formes n\u00e9cessaires afin de sauver la Tunisie.<\/p>\n\n\n\n<p>\u00ab<em> Le gouvernement devra engager des r\u00e9formes sociales, politiques, \u00e9conomiques et constitutionnelles, pour pouvoir ensuite mettre en place de vraies \u00e9lections l\u00e9gitimes\u00bb<\/em>, a-t-il encore lanc\u00e9, tout en affirmant que <em>\u00abl&rsquo;union et la mobilisation des partis de l\u2019opposition se poursuivent dans les r\u00e9gions du pays afin de faire face au coup d&rsquo;Etat\u00bb.<\/em><\/p>\n","protected":false},"excerpt":{"rendered":"<p>Ahmed N\u00e9jib Chebbi pour un nouveau gouvernement \u00abafin de sauver la Tunisie\u00bb<\/p>\n","protected":false},"author":6,"featured_media":5629297,"comment_status":"open","ping_status":"open","sticky":false,"template":"","format":"standard","meta":{"footnotes":""},"categories":[997,2433],"tags":[6350,313,102922,76012,9031,62643],"class_list":["post-5628088","post","type-post","status-publish","format-standard","has-post-thumbnail","hentry","category-politique","category-tunisie","tag-ahmed-nejib-chebbi","tag-elections","tag-fsn","tag-kais-saied-2","tag-legislatives","tag-tunisie"],"yoast_head":"<!-- This site is optimized with the Yoast SEO plugin v26.6 - https:\/\/yoast.com\/wordpress\/plugins\/seo\/ -->\n<title>Ahmed N\u00e9jib Chebbi pour un nouveau gouvernement \u00abafin de sauver la Tunisie\u00bb - Kapitalis<\/title>\n<meta name=\"description\" content=\"Ahmed N\u00e9jib Chebbi qui dirige le Front de Salut national (FSN) estime que la crise en Tunisie s&#039;aggrave de jour en jour et que \u00abpour sauver la Tunisie, un nouveau gouvernement comp\u00e9tent doit \u00eatre mis en place, et pr\u00e9parer des \u00e9lections l\u00e9gitimes\u00bb.\" \/>\n<meta name=\"robots\" content=\"index, follow, max-snippet:-1, max-image-preview:large, max-video-preview:-1\" \/>\n<link rel=\"canonical\" href=\"https:\/\/kapitalis.com\/tunisie\/2022\/12\/10\/ahmed-nejib-chebbi-pour-un-nouveau-gouvernement-afin-de-sauver-la-tunisie\/\" \/>\n<meta property=\"og:locale\" content=\"fr_FR\" \/>\n<meta property=\"og:type\" content=\"article\" \/>\n<meta property=\"og:title\" content=\"Ahmed N\u00e9jib Chebbi pour un nouveau gouvernement \u00abafin de sauver la Tunisie\u00bb - Kapitalis\" \/>\n<meta property=\"og:description\" content=\"Ahmed N\u00e9jib Chebbi qui dirige le Front de Salut national (FSN) estime que la crise en Tunisie s&#039;aggrave de jour en jour et que \u00abpour sauver la Tunisie, un nouveau gouvernement comp\u00e9tent doit \u00eatre mis en place, et pr\u00e9parer des \u00e9lections l\u00e9gitimes\u00bb.\" \/>\n<meta property=\"og:url\" content=\"https:\/\/kapitalis.com\/tunisie\/2022\/12\/10\/ahmed-nejib-chebbi-pour-un-nouveau-gouvernement-afin-de-sauver-la-tunisie\/\" \/>\n<meta property=\"og:site_name\" content=\"Kapitalis\" \/>\n<meta property=\"article:publisher\" content=\"https:\/\/www.facebook.com\/KapitalisInfo\/\" \/>\n<meta property=\"article:published_time\" content=\"2022-12-10T19:38:18+00:00\" \/>\n<meta property=\"article:modified_time\" content=\"2022-12-10T19:39:59+00:00\" \/>\n<meta property=\"og:image\" content=\"https:\/\/kapitalis.com\/tunisie\/wp-content\/uploads\/2022\/12\/FSN-chebbi.jpg\" \/>\n\t<meta property=\"og:image:width\" content=\"1200\" \/>\n\t<meta property=\"og:image:height\" content=\"630\" \/>\n\t<meta property=\"og:image:type\" content=\"image\/jpeg\" \/>\n<meta name=\"author\" content=\"Yusra NY\" \/>\n<meta name=\"twitter:card\" content=\"summary_large_image\" \/>\n<meta name=\"twitter:creator\" content=\"@KapitalisInfo\" \/>\n<meta name=\"twitter:site\" content=\"@KapitalisInfo\" \/>\n<meta name=\"twitter:label1\" content=\"\u00c9crit par\" \/>\n\t<meta name=\"twitter:data1\" content=\"Yusra NY\" \/>\n\t<meta name=\"twitter:label2\" content=\"Dur\u00e9e de lecture estim\u00e9e\" \/>\n\t<meta name=\"twitter:data2\" content=\"2 minutes\" \/>\n<script type=\"application\/ld+json\" class=\"yoast-schema-graph\">{\"@context\":\"https:\/\/schema.org\",\"@graph\":[{\"@type\":\"Article\",\"@id\":\"https:\/\/kapitalis.com\/tunisie\/2022\/12\/10\/ahmed-nejib-chebbi-pour-un-nouveau-gouvernement-afin-de-sauver-la-tunisie\/#article\",\"isPartOf\":{\"@id\":\"https:\/\/kapitalis.com\/tunisie\/2022\/12\/10\/ahmed-nejib-chebbi-pour-un-nouveau-gouvernement-afin-de-sauver-la-tunisie\/\"},\"author\":{\"name\":\"Yusra NY\",\"@id\":\"https:\/\/kapitalis.com\/tunisie\/#\/schema\/person\/74bbde0154d49d790a92aaeac5bc01d5\"},\"headline\":\"Ahmed N\u00e9jib Chebbi pour un nouveau gouvernement \u00abafin de sauver la Tunisie\u00bb\",\"datePublished\":\"2022-12-10T19:38:18+00:00\",\"dateModified\":\"2022-12-10T19:39:59+00:00\",\"mainEntityOfPage\":{\"@id\":\"https:\/\/kapitalis.com\/tunisie\/2022\/12\/10\/ahmed-nejib-chebbi-pour-un-nouveau-gouvernement-afin-de-sauver-la-tunisie\/\"},\"wordCount\":242,\"commentCount\":5,\"publisher\":{\"@id\":\"https:\/\/kapitalis.com\/tunisie\/#organization\"},\"image\":{\"@id\":\"https:\/\/kapitalis.com\/tunisie\/2022\/12\/10\/ahmed-nejib-chebbi-pour-un-nouveau-gouvernement-afin-de-sauver-la-tunisie\/#primaryimage\"},\"thumbnailUrl\":\"https:\/\/kapitalis.com\/tunisie\/wp-content\/uploads\/2022\/12\/FSN-chebbi.jpg\",\"keywords\":[\"Ahmed N\u00e9jib Chebbi\",\"\u00e9lections\",\"FSN\",\"Ka\u00efs Sa\u00efed\",\"l\u00e9gislatives\",\"Tunisie\"],\"articleSection\":[\"POLITIQUE\",\"Tunisie\"],\"inLanguage\":\"fr-FR\",\"potentialAction\":[{\"@type\":\"CommentAction\",\"name\":\"Comment\",\"target\":[\"https:\/\/kapitalis.com\/tunisie\/2022\/12\/10\/ahmed-nejib-chebbi-pour-un-nouveau-gouvernement-afin-de-sauver-la-tunisie\/#respond\"]}]},{\"@type\":\"WebPage\",\"@id\":\"https:\/\/kapitalis.com\/tunisie\/2022\/12\/10\/ahmed-nejib-chebbi-pour-un-nouveau-gouvernement-afin-de-sauver-la-tunisie\/\",\"url\":\"https:\/\/kapitalis.com\/tunisie\/2022\/12\/10\/ahmed-nejib-chebbi-pour-un-nouveau-gouvernement-afin-de-sauver-la-tunisie\/\",\"name\":\"Ahmed N\u00e9jib Chebbi pour un nouveau gouvernement \u00abafin de sauver la Tunisie\u00bb - Kapitalis\",\"isPartOf\":{\"@id\":\"https:\/\/kapitalis.com\/tunisie\/#website\"},\"primaryImageOfPage\":{\"@id\":\"https:\/\/kapitalis.com\/tunisie\/2022\/12\/10\/ahmed-nejib-chebbi-pour-un-nouveau-gouvernement-afin-de-sauver-la-tunisie\/#primaryimage\"},\"image\":{\"@id\":\"https:\/\/kapitalis.com\/tunisie\/2022\/12\/10\/ahmed-nejib-chebbi-pour-un-nouveau-gouvernement-afin-de-sauver-la-tunisie\/#primaryimage\"},\"thumbnailUrl\":\"https:\/\/kapitalis.com\/tunisie\/wp-content\/uploads\/2022\/12\/FSN-chebbi.jpg\",\"datePublished\":\"2022-12-10T19:38:18+00:00\",\"dateModified\":\"2022-12-10T19:39:59+00:00\",\"description\":\"Ahmed N\u00e9jib Chebbi qui dirige le Front de Salut national (FSN) estime que la crise en Tunisie s'aggrave de jour en jour et que \u00abpour sauver la Tunisie, un nouveau gouvernement comp\u00e9tent doit \u00eatre mis en place, et pr\u00e9parer des \u00e9lections l\u00e9gitimes\u00bb.\",\"breadcrumb\":{\"@id\":\"https:\/\/kapitalis.com\/tunisie\/2022\/12\/10\/ahmed-nejib-chebbi-pour-un-nouveau-gouvernement-afin-de-sauver-la-tunisie\/#breadcrumb\"},\"inLanguage\":\"fr-FR\",\"potentialAction\":[{\"@type\":\"ReadAction\",\"target\":[\"https:\/\/kapitalis.com\/tunisie\/2022\/12\/10\/ahmed-nejib-chebbi-pour-un-nouveau-gouvernement-afin-de-sauver-la-tunisie\/\"]}]},{\"@type\":\"ImageObject\",\"inLanguage\":\"fr-FR\",\"@id\":\"https:\/\/kapitalis.com\/tunisie\/2022\/12\/10\/ahmed-nejib-chebbi-pour-un-nouveau-gouvernement-afin-de-sauver-la-tunisie\/#primaryimage\",\"url\":\"https:\/\/kapitalis.com\/tunisie\/wp-content\/uploads\/2022\/12\/FSN-chebbi.jpg\",\"contentUrl\":\"https:\/\/kapitalis.com\/tunisie\/wp-content\/uploads\/2022\/12\/FSN-chebbi.jpg\",\"width\":1200,\"height\":630},{\"@type\":\"BreadcrumbList\",\"@id\":\"https:\/\/kapitalis.com\/tunisie\/2022\/12\/10\/ahmed-nejib-chebbi-pour-un-nouveau-gouvernement-afin-de-sauver-la-tunisie\/#breadcrumb\",\"itemListElement\":[{\"@type\":\"ListItem\",\"position\":1,\"name\":\"Accueil\",\"item\":\"https:\/\/kapitalis.com\/tunisie\/\"},{\"@type\":\"ListItem\",\"position\":2,\"name\":\"Ahmed N\u00e9jib Chebbi pour un nouveau gouvernement \u00abafin de sauver la Tunisie\u00bb\"}]},{\"@type\":\"WebSite\",\"@id\":\"https:\/\/kapitalis.com\/tunisie\/#website\",\"url\":\"https:\/\/kapitalis.com\/tunisie\/\",\"name\":\"Kapitalis\",\"description\":\"L&#039;actualit\u00e9 en Tunisie et dans le monde\",\"publisher\":{\"@id\":\"https:\/\/kapitalis.com\/tunisie\/#organization\"},\"potentialAction\":[{\"@type\":\"SearchAction\",\"target\":{\"@type\":\"EntryPoint\",\"urlTemplate\":\"https:\/\/kapitalis.com\/tunisie\/?s={search_term_string}\"},\"query-input\":{\"@type\":\"PropertyValueSpecification\",\"valueRequired\":true,\"valueName\":\"search_term_string\"}}],\"inLanguage\":\"fr-FR\"},{\"@type\":\"Organization\",\"@id\":\"https:\/\/kapitalis.com\/tunisie\/#organization\",\"name\":\"Kapitalis\",\"url\":\"https:\/\/kapitalis.com\/tunisie\/\",\"logo\":{\"@type\":\"ImageObject\",\"inLanguage\":\"fr-FR\",\"@id\":\"https:\/\/kapitalis.com\/tunisie\/#\/schema\/logo\/image\/\",\"url\":\"https:\/\/kapitalis.com\/tunisie\/wp-content\/uploads\/2022\/05\/Kapitalis-big-size.png\",\"contentUrl\":\"https:\/\/kapitalis.com\/tunisie\/wp-content\/uploads\/2022\/05\/Kapitalis-big-size.png\",\"width\":5000,\"height\":1500,\"caption\":\"Kapitalis\"},\"image\":{\"@id\":\"https:\/\/kapitalis.com\/tunisie\/#\/schema\/logo\/image\/\"},\"sameAs\":[\"https:\/\/www.facebook.com\/KapitalisInfo\/\",\"https:\/\/x.com\/KapitalisInfo\",\"https:\/\/www.youtube.com\/channel\/UC-yDYrHyfFBWWZaOw3FPg9Q\"]},{\"@type\":\"Person\",\"@id\":\"https:\/\/kapitalis.com\/tunisie\/#\/schema\/person\/74bbde0154d49d790a92aaeac5bc01d5\",\"name\":\"Yusra NY\",\"url\":\"https:\/\/kapitalis.com\/tunisie\/author\/yuza_adam\/\"}]}<\/script>\n<!-- \/ Yoast SEO plugin. -->","yoast_head_json":{"title":"Ahmed N\u00e9jib Chebbi pour un nouveau gouvernement \u00abafin de sauver la Tunisie\u00bb - Kapitalis","description":"Ahmed N\u00e9jib Chebbi qui dirige le Front de Salut national (FSN) estime que la crise en Tunisie s'aggrave de jour en jour et que \u00abpour sauver la Tunisie, un nouveau gouvernement comp\u00e9tent doit \u00eatre mis en place, et pr\u00e9parer des \u00e9lections l\u00e9gitimes\u00bb.","robots":{"index":"index","follow":"follow","max-snippet":"max-snippet:-1","max-image-preview":"max-image-preview:large","max-video-preview":"max-video-preview:-1"},"canonical":"https:\/\/kapitalis.com\/tunisie\/2022\/12\/10\/ahmed-nejib-chebbi-pour-un-nouveau-gouvernement-afin-de-sauver-la-tunisie\/","og_locale":"fr_FR","og_type":"article","og_title":"Ahmed N\u00e9jib Chebbi pour un nouveau gouvernement \u00abafin de sauver la Tunisie\u00bb - Kapitalis","og_description":"Ahmed N\u00e9jib Chebbi qui dirige le Front de Salut national (FSN) estime que la crise en Tunisie s'aggrave de jour en jour et que \u00abpour sauver la Tunisie, un nouveau gouvernement comp\u00e9tent doit \u00eatre mis en place, et pr\u00e9parer des \u00e9lections l\u00e9gitimes\u00bb.","og_url":"https:\/\/kapitalis.com\/tunisie\/2022\/12\/10\/ahmed-nejib-chebbi-pour-un-nouveau-gouvernement-afin-de-sauver-la-tunisie\/","og_site_name":"Kapitalis","article_publisher":"https:\/\/www.facebook.com\/KapitalisInfo\/","article_published_time":"2022-12-10T19:38:18+00:00","article_modified_time":"2022-12-10T19:39:59+00:00","og_image":[{"width":1200,"height":630,"url":"https:\/\/kapitalis.com\/tunisie\/wp-content\/uploads\/2022\/12\/FSN-chebbi.jpg","type":"image\/jpeg"}],"author":"Yusra NY","twitter_card":"summary_large_image","twitter_creator":"@KapitalisInfo","twitter_site":"@KapitalisInfo","twitter_misc":{"\u00c9crit par":"Yusra NY","Dur\u00e9e de lecture estim\u00e9e":"2 minutes"},"schema":{"@context":"https:\/\/schema.org","@graph":[{"@type":"Article","@id":"https:\/\/kapitalis.com\/tunisie\/2022\/12\/10\/ahmed-nejib-chebbi-pour-un-nouveau-gouvernement-afin-de-sauver-la-tunisie\/#article","isPartOf":{"@id":"https:\/\/kapitalis.com\/tunisie\/2022\/12\/10\/ahmed-nejib-chebbi-pour-un-nouveau-gouvernement-afin-de-sauver-la-tunisie\/"},"author":{"name":"Yusra NY","@id":"https:\/\/kapitalis.com\/tunisie\/#\/schema\/person\/74bbde0154d49d790a92aaeac5bc01d5"},"headline":"Ahmed N\u00e9jib Chebbi pour un nouveau gouvernement \u00abafin de sauver la Tunisie\u00bb","datePublished":"2022-12-10T19:38:18+00:00","dateModified":"2022-12-10T19:39:59+00:00","mainEntityOfPage":{"@id":"https:\/\/kapitalis.com\/tunisie\/2022\/12\/10\/ahmed-nejib-chebbi-pour-un-nouveau-gouvernement-afin-de-sauver-la-tunisie\/"},"wordCount":242,"commentCount":5,"publisher":{"@id":"https:\/\/kapitalis.com\/tunisie\/#organization"},"image":{"@id":"https:\/\/kapitalis.com\/tunisie\/2022\/12\/10\/ahmed-nejib-chebbi-pour-un-nouveau-gouvernement-afin-de-sauver-la-tunisie\/#primaryimage"},"thumbnailUrl":"https:\/\/kapitalis.com\/tunisie\/wp-content\/uploads\/2022\/12\/FSN-chebbi.jpg","keywords":["Ahmed N\u00e9jib Chebbi","\u00e9lections","FSN","Ka\u00efs Sa\u00efed","l\u00e9gislatives","Tunisie"],"articleSection":["POLITIQUE","Tunisie"],"inLanguage":"fr-FR","potentialAction":[{"@type":"CommentAction","name":"Comment","target":["https:\/\/kapitalis.com\/tunisie\/2022\/12\/10\/ahmed-nejib-chebbi-pour-un-nouveau-gouvernement-afin-de-sauver-la-tunisie\/#respond"]}]},{"@type":"WebPage","@id":"https:\/\/kapitalis.com\/tunisie\/2022\/12\/10\/ahmed-nejib-chebbi-pour-un-nouveau-gouvernement-afin-de-sauver-la-tunisie\/","url":"https:\/\/kapitalis.com\/tunisie\/2022\/12\/10\/ahmed-nejib-chebbi-pour-un-nouveau-gouvernement-afin-de-sauver-la-tunisie\/","name":"Ahmed N\u00e9jib Chebbi pour un nouveau gouvernement \u00abafin de sauver la Tunisie\u00bb - Kapitalis","isPartOf":{"@id":"https:\/\/kapitalis.com\/tunisie\/#website"},"primaryImageOfPage":{"@id":"https:\/\/kapitalis.com\/tunisie\/2022\/12\/10\/ahmed-nejib-chebbi-pour-un-nouveau-gouvernement-afin-de-sauver-la-tunisie\/#primaryimage"},"image":{"@id":"https:\/\/kapitalis.com\/tunisie\/2022\/12\/10\/ahmed-nejib-chebbi-pour-un-nouveau-gouvernement-afin-de-sauver-la-tunisie\/#primaryimage"},"thumbnailUrl":"https:\/\/kapitalis.com\/tunisie\/wp-content\/uploads\/2022\/12\/FSN-chebbi.jpg","datePublished":"2022-12-10T19:38:18+00:00","dateModified":"2022-12-10T19:39:59+00:00","description":"Ahmed N\u00e9jib Chebbi qui dirige le Front de Salut national (FSN) estime que la crise en Tunisie s'aggrave de jour en jour et que \u00abpour sauver la Tunisie, un nouveau gouvernement comp\u00e9tent doit \u00eatre mis en place, et pr\u00e9parer des \u00e9lections l\u00e9gitimes\u00bb.","breadcrumb":{"@id":"https:\/\/kapitalis.com\/tunisie\/2022\/12\/10\/ahmed-nejib-chebbi-pour-un-nouveau-gouvernement-afin-de-sauver-la-tunisie\/#breadcrumb"},"inLanguage":"fr-FR","potentialAction":[{"@type":"ReadAction","target":["https:\/\/kapitalis.com\/tunisie\/2022\/12\/10\/ahmed-nejib-chebbi-pour-un-nouveau-gouvernement-afin-de-sauver-la-tunisie\/"]}]},{"@type":"ImageObject","inLanguage":"fr-FR","@id":"https:\/\/kapitalis.com\/tunisie\/2022\/12\/10\/ahmed-nejib-chebbi-pour-un-nouveau-gouvernement-afin-de-sauver-la-tunisie\/#primaryimage","url":"https:\/\/kapitalis.com\/tunisie\/wp-content\/uploads\/2022\/12\/FSN-chebbi.jpg","contentUrl":"https:\/\/kapitalis.com\/tunisie\/wp-content\/uploads\/2022\/12\/FSN-chebbi.jpg","width":1200,"height":630},{"@type":"BreadcrumbList","@id":"https:\/\/kapitalis.com\/tunisie\/2022\/12\/10\/ahmed-nejib-chebbi-pour-un-nouveau-gouvernement-afin-de-sauver-la-tunisie\/#breadcrumb","itemListElement":[{"@type":"ListItem","position":1,"name":"Accueil","item":"https:\/\/kapitalis.com\/tunisie\/"},{"@type":"ListItem","position":2,"name":"Ahmed N\u00e9jib Chebbi pour un nouveau gouvernement \u00abafin de sauver la Tunisie\u00bb"}]},{"@type":"WebSite","@id":"https:\/\/kapitalis.com\/tunisie\/#website","url":"https:\/\/kapitalis.com\/tunisie\/","name":"Kapitalis","description":"L&#039;actualit\u00e9 en Tunisie et dans le monde","publisher":{"@id":"https:\/\/kapitalis.com\/tunisie\/#organization"},"potentialAction":[{"@type":"SearchAction","target":{"@type":"EntryPoint","urlTemplate":"https:\/\/kapitalis.com\/tunisie\/?s={search_term_string}"},"query-input":{"@type":"PropertyValueSpecification","valueRequired":true,"valueName":"search_term_string"}}],"inLanguage":"fr-FR"},{"@type":"Organization","@id":"https:\/\/kapitalis.com\/tunisie\/#organization","name":"Kapitalis","url":"https:\/\/kapitalis.com\/tunisie\/","logo":{"@type":"ImageObject","inLanguage":"fr-FR","@id":"https:\/\/kapitalis.com\/tunisie\/#\/schema\/logo\/image\/","url":"https:\/\/kapitalis.com\/tunisie\/wp-content\/uploads\/2022\/05\/Kapitalis-big-size.png","contentUrl":"https:\/\/kapitalis.com\/tunisie\/wp-content\/uploads\/2022\/05\/Kapitalis-big-size.png","width":5000,"height":1500,"caption":"Kapitalis"},"image":{"@id":"https:\/\/kapitalis.com\/tunisie\/#\/schema\/logo\/image\/"},"sameAs":["https:\/\/www.facebook.com\/KapitalisInfo\/","https:\/\/x.com\/KapitalisInfo","https:\/\/www.youtube.com\/channel\/UC-yDYrHyfFBWWZaOw3FPg9Q"]},{"@type":"Person","@id":"https:\/\/kapitalis.com\/tunisie\/#\/schema\/person\/74bbde0154d49d790a92aaeac5bc01d5","name":"Yusra NY","url":"https:\/\/kapitalis.com\/tunisie\/author\/yuza_adam\/"}]}},"_links":{"self":[{"href":"https:\/\/kapitalis.com\/tunisie\/wp-json\/wp\/v2\/posts\/5628088","targetHints":{"allow":["GET"]}}],"collection":[{"href":"https:\/\/kapitalis.com\/tunisie\/wp-json\/wp\/v2\/posts"}],"about":[{"href":"https:\/\/kapitalis.com\/tunisie\/wp-json\/wp\/v2\/types\/post"}],"author":[{"embeddable":true,"href":"https:\/\/kapitalis.com\/tunisie\/wp-json\/wp\/v2\/users\/6"}],"replies":[{"embeddable":true,"href":"https:\/\/kapitalis.com\/tunisie\/wp-json\/wp\/v2\/comments?post=5628088"}],"version-history":[{"count":6,"href":"https:\/\/kapitalis.com\/tunisie\/wp-json\/wp\/v2\/posts\/5628088\/revisions"}],"predecessor-version":[{"id":5630008,"href":"https:\/\/kapitalis.com\/tunisie\/wp-json\/wp\/v2\/posts\/5628088\/revisions\/5630008"}],"wp:featuredmedia":[{"embeddable":true,"href":"https:\/\/kapitalis.com\/tunisie\/wp-json\/wp\/v2\/media\/5629297"}],"wp:attachment":[{"href":"https:\/\/kapitalis.com\/tunisie\/wp-json\/wp\/v2\/media?parent=5628088"}],"wp:term":[{"taxonomy":"category","embeddable":true,"href":"https:\/\/kapitalis.com\/tunisie\/wp-json\/wp\/v2\/categories?post=5628088"},{"taxonomy":"post_tag","embeddable":true,"href":"https:\/\/kapitalis.com\/tunisie\/wp-json\/wp\/v2\/tags?post=5628088"}],"curies":[{"name":"wp","href":"https:\/\/api.w.org\/{rel}","templated":true}]}}