{"id":5637,"date":"2015-06-30T12:19:25","date_gmt":"2015-06-30T11:19:25","guid":{"rendered":"http:\/\/kapitalis.com\/tunisie\/?p=5637"},"modified":"2015-06-30T12:19:25","modified_gmt":"2015-06-30T11:19:25","slug":"attaque-de-sousse-la-piste-du-2e-tireur-confirmee-par-plusieurs-sources","status":"publish","type":"post","link":"https:\/\/kapitalis.com\/tunisie\/2015\/06\/30\/attaque-de-sousse-la-piste-du-2e-tireur-confirmee-par-plusieurs-sources\/","title":{"rendered":"Attaque de Sousse: La piste du 2e tireur confirm\u00e9e par plusieurs sources"},"content":{"rendered":"<p><img loading=\"lazy\" decoding=\"async\" class=\"aligncenter size-full wp-image-5638\" src=\"http:\/\/kapitalis.com\/tunisie\/wp-content\/uploads\/2015\/06\/Steeve-Johnson.jpg\" alt=\"Steeve-Johnson\" width=\"626\" height=\"380\" \/><\/p>\n<p><em><strong>Au moins 5 rescap\u00e9s britanniques ont rapport\u00e9 aux m\u00e9dias qu\u2019un 2e tireur a particip\u00e9 \u00e0 l\u2019attaque terroriste de Sousse, aux c\u00f4t\u00e9s de Seifeddine Rezgui.<\/strong><\/em><\/p>\n<p><!--more--><\/p>\n<p>Alors que la police tunisienne a assur\u00e9 avoir abattu le terroriste ayant caus\u00e9 ce carnage, perp\u00e9tr\u00e9 vendredi 26 juin 2016, qui s\u2019est sold\u00e9 par la mort de 38 touristes, en majorit\u00e9 des Britanniques, des t\u00e9moignages de survivants s\u2019accordent pour dire qu\u2019un second homme a ouvert le feu avec Seifeddine Rezgui<\/p>\n<p>Kirsty Murray, bless\u00e9e \u00e0 la jambe a \u00e9t\u00e9 la premi\u00e8re \u00e0 \u00e9voquer la pr\u00e9sence d\u2019un second tireur. Quatre autres t\u00e9moins parlent d\u2019un <em>\u00abhomme torse nu, en short rouge et tirant sur les vacanciers \u00e0 l\u2019aide d\u2019une arme automatique\u00bb<\/em>.<\/p>\n<p>Le t\u00e9moignage de Steeve Johnson, officier de police \u00e0 la retraite, qui \u00e9tait en vacances avec son \u00e9pouse \u00e0 Sousse, est accablant pour la police tunisienne: <em>\u00abIl tirait \u00e0 l\u2019arme automatique et portait un short rouge. Lorsque nous avons appris qu\u2019un terroriste a \u00e9t\u00e9 abattu et qu\u2019il \u00e9tait en tenue noire, j\u2019ai \u00e9t\u00e9 indiquer \u00e0 un policier qu\u2019un 2e homme portant un short rouge a tir\u00e9 sur nous. Il m\u2019a assur\u00e9 que m\u00eame l\u2019homme en rouge a \u00e9t\u00e9 abattu\u00bb<\/em>, a racont\u00e9 Steeve Johnson. Et d\u2019ajouter: <em>\u00abMais aux informations, la version de la police ne parle que d\u2019un homme. Je suis s\u00fbr de ce que je raconte\u00bb.<\/em><\/p>\n<p>Michael Perry, qui avait pris la fuite dans la m\u00eame direction que son compatriote Steeve Johnson, a lui aussi parl\u00e9 d\u2018un homme en short rouge, tirant \u00e0 l\u2019arme automatique.<\/p>\n<p>Tony Hines confirme cette version et indique avoir vu cet homme en rouge, alors qu\u2019il \u00e9tait r\u00e9fugi\u00e9 au 3e \u00e9tage de l\u2019h\u00f4tel.<br \/>\nLee Inwood ne sait plus quelle couleur exactement portait le tireur mais a indiqu\u00e9 qu\u2019il y avait \u00ab<em>au moins 2 tireurs, les bruits des armes \u00e9taient diff\u00e9rentes et venaient de 2 endroits\u00bb.<\/em><\/p>\n<p>Rappelons que la Grande Bretagne a d\u00e9cid\u00e9 de d\u00e9ployer 600 agents britanniques pour enqu\u00eater sur l\u2019attaque terroriste \u00e0 l\u2019h\u00f4tel Riu Imperial Marhaba, \u00e0 El-Kantaoui, Sousse.<\/p>\n<p style=\"text-align: right;\"><strong>Y. N. M.<\/strong><\/p>\n<p><em><strong>Illustration<\/strong> : Steeve Johnson.\u00a0\u00a0 \u00a0<\/em><\/p>\n","protected":false},"excerpt":{"rendered":"<p>Au moins 5 rescap\u00e9s britanniques ont rapport\u00e9 aux m\u00e9dias qu\u2019un 2e tireur a particip\u00e9 \u00e0 l\u2019attaque terroriste de Sousse, aux c\u00f4t\u00e9s de Seifeddine Rezgui.<\/p>\n","protected":false},"author":5,"featured_media":5638,"comment_status":"open","ping_status":"open","sticky":false,"template":"","format":"standard","meta":{"footnotes":""},"categories":[998,2433],"tags":[2021,2676,311,2687],"class_list":["post-5637","post","type-post","status-publish","format-standard","has-post-thumbnail","hentry","category-societe","category-tunisie","tag-attaque-terroriste","tag-britannique","tag-el-kantaoui","tag-grande-bretagne"],"yoast_head":"<!-- This site is optimized with the Yoast SEO plugin v26.6 - https:\/\/yoast.com\/wordpress\/plugins\/seo\/ -->\n<title>Attaque de Sousse: La piste du 2e tireur confirm\u00e9e par plusieurs sources - Kapitalis<\/title>\n<meta name=\"robots\" content=\"index, follow, max-snippet:-1, max-image-preview:large, max-video-preview:-1\" \/>\n<link rel=\"canonical\" href=\"https:\/\/kapitalis.com\/tunisie\/2015\/06\/30\/attaque-de-sousse-la-piste-du-2e-tireur-confirmee-par-plusieurs-sources\/\" \/>\n<meta property=\"og:locale\" content=\"fr_FR\" \/>\n<meta property=\"og:type\" content=\"article\" \/>\n<meta property=\"og:title\" content=\"Attaque de Sousse: La piste du 2e tireur confirm\u00e9e par plusieurs sources - Kapitalis\" \/>\n<meta property=\"og:description\" content=\"Au moins 5 rescap\u00e9s britanniques ont rapport\u00e9 aux m\u00e9dias qu\u2019un 2e tireur a particip\u00e9 \u00e0 l\u2019attaque terroriste de Sousse, aux c\u00f4t\u00e9s de Seifeddine Rezgui.\" \/>\n<meta property=\"og:url\" content=\"https:\/\/kapitalis.com\/tunisie\/2015\/06\/30\/attaque-de-sousse-la-piste-du-2e-tireur-confirmee-par-plusieurs-sources\/\" \/>\n<meta property=\"og:site_name\" content=\"Kapitalis\" \/>\n<meta property=\"article:publisher\" content=\"https:\/\/www.facebook.com\/KapitalisInfo\/\" \/>\n<meta property=\"article:published_time\" content=\"2015-06-30T11:19:25+00:00\" \/>\n<meta property=\"og:image\" content=\"https:\/\/kapitalis.com\/tunisie\/wp-content\/uploads\/2022\/05\/kapitalis-logo-fb.png\" \/>\n\t<meta property=\"og:image:width\" content=\"1200\" \/>\n\t<meta property=\"og:image:height\" content=\"630\" \/>\n\t<meta property=\"og:image:type\" content=\"image\/png\" \/>\n<meta name=\"author\" content=\"Ridha Elkefi\" \/>\n<meta name=\"twitter:card\" content=\"summary_large_image\" \/>\n<meta name=\"twitter:creator\" content=\"@KapitalisInfo\" \/>\n<meta name=\"twitter:site\" content=\"@KapitalisInfo\" \/>\n<meta name=\"twitter:label1\" content=\"\u00c9crit par\" \/>\n\t<meta name=\"twitter:data1\" content=\"Ridha Elkefi\" \/>\n\t<meta name=\"twitter:label2\" content=\"Dur\u00e9e de lecture estim\u00e9e\" \/>\n\t<meta name=\"twitter:data2\" content=\"2 minutes\" \/>\n<script type=\"application\/ld+json\" class=\"yoast-schema-graph\">{\"@context\":\"https:\/\/schema.org\",\"@graph\":[{\"@type\":\"Article\",\"@id\":\"https:\/\/kapitalis.com\/tunisie\/2015\/06\/30\/attaque-de-sousse-la-piste-du-2e-tireur-confirmee-par-plusieurs-sources\/#article\",\"isPartOf\":{\"@id\":\"https:\/\/kapitalis.com\/tunisie\/2015\/06\/30\/attaque-de-sousse-la-piste-du-2e-tireur-confirmee-par-plusieurs-sources\/\"},\"author\":{\"name\":\"Ridha Elkefi\",\"@id\":\"https:\/\/kapitalis.com\/tunisie\/#\/schema\/person\/16627fc9b2fc0116230e88af071eebab\"},\"headline\":\"Attaque de Sousse: La piste du 2e tireur confirm\u00e9e par plusieurs sources\",\"datePublished\":\"2015-06-30T11:19:25+00:00\",\"mainEntityOfPage\":{\"@id\":\"https:\/\/kapitalis.com\/tunisie\/2015\/06\/30\/attaque-de-sousse-la-piste-du-2e-tireur-confirmee-par-plusieurs-sources\/\"},\"wordCount\":373,\"commentCount\":2,\"publisher\":{\"@id\":\"https:\/\/kapitalis.com\/tunisie\/#organization\"},\"image\":{\"@id\":\"https:\/\/kapitalis.com\/tunisie\/2015\/06\/30\/attaque-de-sousse-la-piste-du-2e-tireur-confirmee-par-plusieurs-sources\/#primaryimage\"},\"thumbnailUrl\":\"\",\"keywords\":[\"attaque terroriste\",\"Britannique\",\"El-Kantaoui\",\"Grande Bretagne\"],\"articleSection\":[\"SOCIETE\",\"Tunisie\"],\"inLanguage\":\"fr-FR\",\"potentialAction\":[{\"@type\":\"CommentAction\",\"name\":\"Comment\",\"target\":[\"https:\/\/kapitalis.com\/tunisie\/2015\/06\/30\/attaque-de-sousse-la-piste-du-2e-tireur-confirmee-par-plusieurs-sources\/#respond\"]}]},{\"@type\":\"WebPage\",\"@id\":\"https:\/\/kapitalis.com\/tunisie\/2015\/06\/30\/attaque-de-sousse-la-piste-du-2e-tireur-confirmee-par-plusieurs-sources\/\",\"url\":\"https:\/\/kapitalis.com\/tunisie\/2015\/06\/30\/attaque-de-sousse-la-piste-du-2e-tireur-confirmee-par-plusieurs-sources\/\",\"name\":\"Attaque de Sousse: La piste du 2e tireur confirm\u00e9e par plusieurs sources - Kapitalis\",\"isPartOf\":{\"@id\":\"https:\/\/kapitalis.com\/tunisie\/#website\"},\"primaryImageOfPage\":{\"@id\":\"https:\/\/kapitalis.com\/tunisie\/2015\/06\/30\/attaque-de-sousse-la-piste-du-2e-tireur-confirmee-par-plusieurs-sources\/#primaryimage\"},\"image\":{\"@id\":\"https:\/\/kapitalis.com\/tunisie\/2015\/06\/30\/attaque-de-sousse-la-piste-du-2e-tireur-confirmee-par-plusieurs-sources\/#primaryimage\"},\"thumbnailUrl\":\"\",\"datePublished\":\"2015-06-30T11:19:25+00:00\",\"breadcrumb\":{\"@id\":\"https:\/\/kapitalis.com\/tunisie\/2015\/06\/30\/attaque-de-sousse-la-piste-du-2e-tireur-confirmee-par-plusieurs-sources\/#breadcrumb\"},\"inLanguage\":\"fr-FR\",\"potentialAction\":[{\"@type\":\"ReadAction\",\"target\":[\"https:\/\/kapitalis.com\/tunisie\/2015\/06\/30\/attaque-de-sousse-la-piste-du-2e-tireur-confirmee-par-plusieurs-sources\/\"]}]},{\"@type\":\"ImageObject\",\"inLanguage\":\"fr-FR\",\"@id\":\"https:\/\/kapitalis.com\/tunisie\/2015\/06\/30\/attaque-de-sousse-la-piste-du-2e-tireur-confirmee-par-plusieurs-sources\/#primaryimage\",\"url\":\"\",\"contentUrl\":\"\"},{\"@type\":\"BreadcrumbList\",\"@id\":\"https:\/\/kapitalis.com\/tunisie\/2015\/06\/30\/attaque-de-sousse-la-piste-du-2e-tireur-confirmee-par-plusieurs-sources\/#breadcrumb\",\"itemListElement\":[{\"@type\":\"ListItem\",\"position\":1,\"name\":\"Accueil\",\"item\":\"https:\/\/kapitalis.com\/tunisie\/\"},{\"@type\":\"ListItem\",\"position\":2,\"name\":\"Attaque de Sousse: La piste du 2e tireur confirm\u00e9e par plusieurs sources\"}]},{\"@type\":\"WebSite\",\"@id\":\"https:\/\/kapitalis.com\/tunisie\/#website\",\"url\":\"https:\/\/kapitalis.com\/tunisie\/\",\"name\":\"Kapitalis\",\"description\":\"L&#039;actualit\u00e9 en Tunisie et dans le monde\",\"publisher\":{\"@id\":\"https:\/\/kapitalis.com\/tunisie\/#organization\"},\"potentialAction\":[{\"@type\":\"SearchAction\",\"target\":{\"@type\":\"EntryPoint\",\"urlTemplate\":\"https:\/\/kapitalis.com\/tunisie\/?s={search_term_string}\"},\"query-input\":{\"@type\":\"PropertyValueSpecification\",\"valueRequired\":true,\"valueName\":\"search_term_string\"}}],\"inLanguage\":\"fr-FR\"},{\"@type\":\"Organization\",\"@id\":\"https:\/\/kapitalis.com\/tunisie\/#organization\",\"name\":\"Kapitalis\",\"url\":\"https:\/\/kapitalis.com\/tunisie\/\",\"logo\":{\"@type\":\"ImageObject\",\"inLanguage\":\"fr-FR\",\"@id\":\"https:\/\/kapitalis.com\/tunisie\/#\/schema\/logo\/image\/\",\"url\":\"https:\/\/kapitalis.com\/tunisie\/wp-content\/uploads\/2022\/05\/Kapitalis-big-size.png\",\"contentUrl\":\"https:\/\/kapitalis.com\/tunisie\/wp-content\/uploads\/2022\/05\/Kapitalis-big-size.png\",\"width\":5000,\"height\":1500,\"caption\":\"Kapitalis\"},\"image\":{\"@id\":\"https:\/\/kapitalis.com\/tunisie\/#\/schema\/logo\/image\/\"},\"sameAs\":[\"https:\/\/www.facebook.com\/KapitalisInfo\/\",\"https:\/\/x.com\/KapitalisInfo\",\"https:\/\/www.youtube.com\/channel\/UC-yDYrHyfFBWWZaOw3FPg9Q\"]},{\"@type\":\"Person\",\"@id\":\"https:\/\/kapitalis.com\/tunisie\/#\/schema\/person\/16627fc9b2fc0116230e88af071eebab\",\"name\":\"Ridha Elkefi\",\"url\":\"https:\/\/kapitalis.com\/tunisie\/author\/ridha-kefi\/\"}]}<\/script>\n<!-- \/ Yoast SEO plugin. -->","yoast_head_json":{"title":"Attaque de Sousse: La piste du 2e tireur confirm\u00e9e par plusieurs sources - Kapitalis","robots":{"index":"index","follow":"follow","max-snippet":"max-snippet:-1","max-image-preview":"max-image-preview:large","max-video-preview":"max-video-preview:-1"},"canonical":"https:\/\/kapitalis.com\/tunisie\/2015\/06\/30\/attaque-de-sousse-la-piste-du-2e-tireur-confirmee-par-plusieurs-sources\/","og_locale":"fr_FR","og_type":"article","og_title":"Attaque de Sousse: La piste du 2e tireur confirm\u00e9e par plusieurs sources - Kapitalis","og_description":"Au moins 5 rescap\u00e9s britanniques ont rapport\u00e9 aux m\u00e9dias qu\u2019un 2e tireur a particip\u00e9 \u00e0 l\u2019attaque terroriste de Sousse, aux c\u00f4t\u00e9s de Seifeddine Rezgui.","og_url":"https:\/\/kapitalis.com\/tunisie\/2015\/06\/30\/attaque-de-sousse-la-piste-du-2e-tireur-confirmee-par-plusieurs-sources\/","og_site_name":"Kapitalis","article_publisher":"https:\/\/www.facebook.com\/KapitalisInfo\/","article_published_time":"2015-06-30T11:19:25+00:00","og_image":[{"width":1200,"height":630,"url":"https:\/\/kapitalis.com\/tunisie\/wp-content\/uploads\/2022\/05\/kapitalis-logo-fb.png","type":"image\/png"}],"author":"Ridha Elkefi","twitter_card":"summary_large_image","twitter_creator":"@KapitalisInfo","twitter_site":"@KapitalisInfo","twitter_misc":{"\u00c9crit par":"Ridha Elkefi","Dur\u00e9e de lecture estim\u00e9e":"2 minutes"},"schema":{"@context":"https:\/\/schema.org","@graph":[{"@type":"Article","@id":"https:\/\/kapitalis.com\/tunisie\/2015\/06\/30\/attaque-de-sousse-la-piste-du-2e-tireur-confirmee-par-plusieurs-sources\/#article","isPartOf":{"@id":"https:\/\/kapitalis.com\/tunisie\/2015\/06\/30\/attaque-de-sousse-la-piste-du-2e-tireur-confirmee-par-plusieurs-sources\/"},"author":{"name":"Ridha Elkefi","@id":"https:\/\/kapitalis.com\/tunisie\/#\/schema\/person\/16627fc9b2fc0116230e88af071eebab"},"headline":"Attaque de Sousse: La piste du 2e tireur confirm\u00e9e par plusieurs sources","datePublished":"2015-06-30T11:19:25+00:00","mainEntityOfPage":{"@id":"https:\/\/kapitalis.com\/tunisie\/2015\/06\/30\/attaque-de-sousse-la-piste-du-2e-tireur-confirmee-par-plusieurs-sources\/"},"wordCount":373,"commentCount":2,"publisher":{"@id":"https:\/\/kapitalis.com\/tunisie\/#organization"},"image":{"@id":"https:\/\/kapitalis.com\/tunisie\/2015\/06\/30\/attaque-de-sousse-la-piste-du-2e-tireur-confirmee-par-plusieurs-sources\/#primaryimage"},"thumbnailUrl":"","keywords":["attaque terroriste","Britannique","El-Kantaoui","Grande Bretagne"],"articleSection":["SOCIETE","Tunisie"],"inLanguage":"fr-FR","potentialAction":[{"@type":"CommentAction","name":"Comment","target":["https:\/\/kapitalis.com\/tunisie\/2015\/06\/30\/attaque-de-sousse-la-piste-du-2e-tireur-confirmee-par-plusieurs-sources\/#respond"]}]},{"@type":"WebPage","@id":"https:\/\/kapitalis.com\/tunisie\/2015\/06\/30\/attaque-de-sousse-la-piste-du-2e-tireur-confirmee-par-plusieurs-sources\/","url":"https:\/\/kapitalis.com\/tunisie\/2015\/06\/30\/attaque-de-sousse-la-piste-du-2e-tireur-confirmee-par-plusieurs-sources\/","name":"Attaque de Sousse: La piste du 2e tireur confirm\u00e9e par plusieurs sources - Kapitalis","isPartOf":{"@id":"https:\/\/kapitalis.com\/tunisie\/#website"},"primaryImageOfPage":{"@id":"https:\/\/kapitalis.com\/tunisie\/2015\/06\/30\/attaque-de-sousse-la-piste-du-2e-tireur-confirmee-par-plusieurs-sources\/#primaryimage"},"image":{"@id":"https:\/\/kapitalis.com\/tunisie\/2015\/06\/30\/attaque-de-sousse-la-piste-du-2e-tireur-confirmee-par-plusieurs-sources\/#primaryimage"},"thumbnailUrl":"","datePublished":"2015-06-30T11:19:25+00:00","breadcrumb":{"@id":"https:\/\/kapitalis.com\/tunisie\/2015\/06\/30\/attaque-de-sousse-la-piste-du-2e-tireur-confirmee-par-plusieurs-sources\/#breadcrumb"},"inLanguage":"fr-FR","potentialAction":[{"@type":"ReadAction","target":["https:\/\/kapitalis.com\/tunisie\/2015\/06\/30\/attaque-de-sousse-la-piste-du-2e-tireur-confirmee-par-plusieurs-sources\/"]}]},{"@type":"ImageObject","inLanguage":"fr-FR","@id":"https:\/\/kapitalis.com\/tunisie\/2015\/06\/30\/attaque-de-sousse-la-piste-du-2e-tireur-confirmee-par-plusieurs-sources\/#primaryimage","url":"","contentUrl":""},{"@type":"BreadcrumbList","@id":"https:\/\/kapitalis.com\/tunisie\/2015\/06\/30\/attaque-de-sousse-la-piste-du-2e-tireur-confirmee-par-plusieurs-sources\/#breadcrumb","itemListElement":[{"@type":"ListItem","position":1,"name":"Accueil","item":"https:\/\/kapitalis.com\/tunisie\/"},{"@type":"ListItem","position":2,"name":"Attaque de Sousse: La piste du 2e tireur confirm\u00e9e par plusieurs sources"}]},{"@type":"WebSite","@id":"https:\/\/kapitalis.com\/tunisie\/#website","url":"https:\/\/kapitalis.com\/tunisie\/","name":"Kapitalis","description":"L&#039;actualit\u00e9 en Tunisie et dans le monde","publisher":{"@id":"https:\/\/kapitalis.com\/tunisie\/#organization"},"potentialAction":[{"@type":"SearchAction","target":{"@type":"EntryPoint","urlTemplate":"https:\/\/kapitalis.com\/tunisie\/?s={search_term_string}"},"query-input":{"@type":"PropertyValueSpecification","valueRequired":true,"valueName":"search_term_string"}}],"inLanguage":"fr-FR"},{"@type":"Organization","@id":"https:\/\/kapitalis.com\/tunisie\/#organization","name":"Kapitalis","url":"https:\/\/kapitalis.com\/tunisie\/","logo":{"@type":"ImageObject","inLanguage":"fr-FR","@id":"https:\/\/kapitalis.com\/tunisie\/#\/schema\/logo\/image\/","url":"https:\/\/kapitalis.com\/tunisie\/wp-content\/uploads\/2022\/05\/Kapitalis-big-size.png","contentUrl":"https:\/\/kapitalis.com\/tunisie\/wp-content\/uploads\/2022\/05\/Kapitalis-big-size.png","width":5000,"height":1500,"caption":"Kapitalis"},"image":{"@id":"https:\/\/kapitalis.com\/tunisie\/#\/schema\/logo\/image\/"},"sameAs":["https:\/\/www.facebook.com\/KapitalisInfo\/","https:\/\/x.com\/KapitalisInfo","https:\/\/www.youtube.com\/channel\/UC-yDYrHyfFBWWZaOw3FPg9Q"]},{"@type":"Person","@id":"https:\/\/kapitalis.com\/tunisie\/#\/schema\/person\/16627fc9b2fc0116230e88af071eebab","name":"Ridha Elkefi","url":"https:\/\/kapitalis.com\/tunisie\/author\/ridha-kefi\/"}]}},"_links":{"self":[{"href":"https:\/\/kapitalis.com\/tunisie\/wp-json\/wp\/v2\/posts\/5637","targetHints":{"allow":["GET"]}}],"collection":[{"href":"https:\/\/kapitalis.com\/tunisie\/wp-json\/wp\/v2\/posts"}],"about":[{"href":"https:\/\/kapitalis.com\/tunisie\/wp-json\/wp\/v2\/types\/post"}],"author":[{"embeddable":true,"href":"https:\/\/kapitalis.com\/tunisie\/wp-json\/wp\/v2\/users\/5"}],"replies":[{"embeddable":true,"href":"https:\/\/kapitalis.com\/tunisie\/wp-json\/wp\/v2\/comments?post=5637"}],"version-history":[{"count":0,"href":"https:\/\/kapitalis.com\/tunisie\/wp-json\/wp\/v2\/posts\/5637\/revisions"}],"wp:featuredmedia":[{"embeddable":true,"href":"https:\/\/kapitalis.com\/tunisie\/wp-json\/wp\/v2\/media\/5638"}],"wp:attachment":[{"href":"https:\/\/kapitalis.com\/tunisie\/wp-json\/wp\/v2\/media?parent=5637"}],"wp:term":[{"taxonomy":"category","embeddable":true,"href":"https:\/\/kapitalis.com\/tunisie\/wp-json\/wp\/v2\/categories?post=5637"},{"taxonomy":"post_tag","embeddable":true,"href":"https:\/\/kapitalis.com\/tunisie\/wp-json\/wp\/v2\/tags?post=5637"}],"curies":[{"name":"wp","href":"https:\/\/api.w.org\/{rel}","templated":true}]}}