{"id":5637739,"date":"2022-12-11T07:46:36","date_gmt":"2022-12-11T06:46:36","guid":{"rendered":"https:\/\/kapitalis.com\/tunisie\/?p=5637739"},"modified":"2022-12-11T07:46:37","modified_gmt":"2022-12-11T06:46:37","slug":"black-spartacus-esclave-general-et-homme-detat-face-a-la-revolution-francaise","status":"publish","type":"post","link":"https:\/\/kapitalis.com\/tunisie\/2022\/12\/11\/black-spartacus-esclave-general-et-homme-detat-face-a-la-revolution-francaise\/","title":{"rendered":"\u2018\u2018Black Spartacus\u2019\u2019 : esclave, g\u00e9n\u00e9ral et homme d\u2019Etat face \u00e0 la r\u00e9volution fran\u00e7aise"},"content":{"rendered":"\n<p><strong><em>C\u2019est l\u2019histoire d\u2019un esclave devenu commandant d\u2019arm\u00e9e qui mit fin \u00e0 l\u2019esclavage dans l\u2019\u00eele de Saint Domingue, en chassa l\u2019arm\u00e9e de Napol\u00e9on Bonaparte et mis un terme au r\u00eave colonial fran\u00e7ais en Louisiane et en Floride<\/em><\/strong>, <strong><em>avant que sa d\u00e9pouille ne se retrouve au Panth\u00e9on, \u00e0 Paris.\u00a0<\/em><\/strong><\/p>\n\n\n\n<p>Par <strong>Dr Mounir Hanablia<\/strong> *<\/p>\n\n\n\n<!--more-->\n\n\n\n<p>En 1802, lors de la bataille de la cr\u00eate \u00e0 Pierrot, les arm\u00e9es anti-esclavagistes compos\u00e9es de noirs et de m\u00e9tis, ainsi que de quelques blancs, avaient charg\u00e9 en chantant <em>\u2018\u2018La Marseillaise\u2019\u2019<\/em> l\u2019arm\u00e9e fran\u00e7aise du g\u00e9n\u00e9ral Leclerc, venue d\u2019au-del\u00e0 les mers les combattre sur l\u2019ordre du premier consul Napol\u00e9on Bonaparte. Cela r\u00e9sume d\u00e9j\u00e0 toute la complexit\u00e9 de la r\u00e9alit\u00e9 politique qui pr\u00e9valait.<\/p>\n\n\n\n<p>Deux ann\u00e9es plus tard, lors de la bataille de la Verti\u00e8re, l\u2019arm\u00e9e fran\u00e7aise du g\u00e9n\u00e9ral Rochambeau avait \u00e9t\u00e9 taill\u00e9e en pi\u00e8ces par les esclaves affranchis du g\u00e9n\u00e9ral Dessalines, marquant par la fin de la pr\u00e9sence fran\u00e7aise, et l\u2019ind\u00e9pendance de l\u2019\u00eele de Saint&nbsp; Domingue, situ\u00e9e dans les Cara\u00efbes.<\/p>\n\n\n\n<p>Dien Bien Phu avait donc bien eu un pr\u00e9c\u00e9dent, tout comme d\u2019ailleurs l\u2019Alg\u00e9rie. En effet l\u2019insurrection de Saint Domingue en 1791 avait r\u00e9v\u00e9l\u00e9 la face occulte de la r\u00e9volution fran\u00e7aise, celle subordonnant la D\u00e9claration des Droits de l\u2019Homme et du Citoyen dans les \u00eeles, aux int\u00e9r\u00eats du lobby colonial de Massiac, et ceux des propri\u00e9taires blancs esclavagistes des \u00eeles.<\/p>\n\n\n\n<h2 class=\"wp-block-heading\">Un destin fabuleux et tragique<\/h2>\n\n\n\n<p>C\u2019est dans ce contexte trouble qu\u2019est apparu le personnage de Toussaint dit Louverture, cet esclave promu cocher d\u2019un grand propri\u00e9taire cr\u00e9ole \u00e9clair\u00e9, qui avait rencontr\u00e9 la r\u00e9volution en lisant Rousseau et Raynal. Son destin l\u2019avait d\u2019abord conduit, des rangs des esclaves soulev\u00e9s, \u00e0 ceux de l\u2019arm\u00e9e espagnole qui contr\u00f4lait\u00a0l\u2019Est de l\u2019\u00eele, avant de choisir de se rallier \u00e0 celle de la R\u00e9publique Fran\u00e7aise.\u00a0Il avait mis ses dons de conciliateur et de diplomate au service de ses sup\u00e9rieurs; c\u2019est ainsi qu\u2019il avait gagn\u00e9 la confiance du commandant en chef de l\u2019arm\u00e9e\u00a0avant de finir par le remplacer.<\/p>\n\n\n\n<figure class=\"wp-block-embed is-type-wp-embed is-provider-kapitalis wp-block-embed-kapitalis\"><div class=\"wp-block-embed__wrapper\">\n<blockquote class=\"wp-embedded-content\" data-secret=\"P2pm4xrkgC\"><a href=\"https:\/\/kapitalis.com\/tunisie\/2021\/12\/11\/note-de-lecture-king-leopolds-ghost-au-coeur-des-tenebres-du-congo\/\">Note de lecture : \u00ab\u00a0King Leopold&rsquo;s Ghost\u00a0\u00bb, au c\u0153ur des t\u00e9n\u00e8bres du Congo<\/a><\/blockquote><iframe loading=\"lazy\" class=\"wp-embedded-content\" sandbox=\"allow-scripts\" security=\"restricted\" style=\"position: absolute; clip: rect(1px, 1px, 1px, 1px);\" title=\"\u00ab\u00a0Note de lecture : \u00ab\u00a0King Leopold&rsquo;s Ghost\u00a0\u00bb, au c\u0153ur des t\u00e9n\u00e8bres du Congo\u00a0\u00bb &#8212; Kapitalis\" src=\"https:\/\/kapitalis.com\/tunisie\/2021\/12\/11\/note-de-lecture-king-leopolds-ghost-au-coeur-des-tenebres-du-congo\/embed\/#?secret=9M4bczhITy#?secret=P2pm4xrkgC\" data-secret=\"P2pm4xrkgC\" width=\"600\" height=\"338\" frameborder=\"0\" marginwidth=\"0\" marginheight=\"0\" scrolling=\"no\"><\/iframe>\n<\/div><\/figure>\n\n\n\n<p>Les autorit\u00e9s fran\u00e7aises avaient bien envoy\u00e9 successivement trois agents afin de s\u2019assurer le contr\u00f4le de l\u2019administration mais ce fut peine perdue; ils furent intimid\u00e9s, isol\u00e9s, et neutralis\u00e9s.<\/p>\n\n\n\n<p>Toussaint en supprimant l\u2019esclavage s\u2019\u00e9tait assur\u00e9 le soutien d\u2019une grande partie de la population, et son respect des vies et des biens des grands colons blancs lui en avait garanti au moins la sympathie. Il avait chass\u00e9 les Britanniques des postes qu\u2019ils occupaient dans l\u2019\u00eele puis il avait \u00e9tabli des relations commerciales avec eux ainsi qu\u2019avec les Am\u00e9ricains. Il avait attaqu\u00e9 la partie Est de l\u2019\u00eele, en avait chass\u00e9 les Espagnols puis lib\u00e9r\u00e9 les esclaves.<\/p>\n\n\n\n<p>Saint Domingue avait \u00e9t\u00e9 ainsi r\u00e9unifi\u00e9e et le commerce y avait connu un essor remarquable. Il avait enfin couronn\u00e9 son \u0153uvre par la r\u00e9daction d\u2019une constitution qui avait consacr\u00e9 une ind\u00e9pendance de fait qu\u2019il avait toujours ni\u00e9 rechercher.<\/p>\n\n\n\n<p>Mais tout cela ne s\u2019\u00e9tait pas fait sans difficult\u00e9. Il y avait eu le soul\u00e8vement dans le Sud du g\u00e9n\u00e9ral m\u00e9tis Rigaud, soutenu par les Britanniques, et qualifi\u00e9 de guerre des couteaux, marqu\u00e9e par des massacres. Puis il y eut la tentative de coup d\u2019Etat de son neveu Moyse qu\u2019il fit ex\u00e9cuter. Il avait fait face \u00e0 l\u2019hostilit\u00e9 des agriculteurs qu\u2019il pr\u00e9tendait fixer dans les plantations gr\u00e2ce \u00e0 un code du travail&nbsp;astreignant, per\u00e7u comme un retour \u00e0 l\u2019esclavage.&nbsp;<\/p>\n\n\n\n<h2 class=\"wp-block-heading\">Une inspiration pour les mouvements de lib\u00e9ration &nbsp;<\/h2>\n\n\n\n<p>Toussaint Louverture s&rsquo;\u00e9tait assur\u00e9 un pouvoir autoritaire dont la pr\u00e9tention av\u00e9r\u00e9e \u00e9tait&nbsp; la libert\u00e9 et le bonheur de tous les habitants ind\u00e9pendamment de leur appartenance ethnique. Tout ceci mena\u00e7ait \u00e9videmment le colonialisme&nbsp;l\u00e0 o\u00f9 il prosp\u00e9rait le plus, tant dans les possessions anglaises ou espagnoles des Antilles, que les Etats esclavagistes des Etats Unis o\u00f9 en 1798 des bruits \u00e9voquaient&nbsp;le d\u00e9barquement d\u2019une arm\u00e9e noire venue de Saint Domingue lib\u00e9rer les esclaves.<\/p>\n\n\n\n<p>Aussi une fois la paix d\u2019Amien sign\u00e9e, les Anglais permirent \u00e0 Napol\u00e9on Bonaparte d\u2019envoyer en 1802 un corps exp\u00e9ditionnaire de 20.000 soldats restaurer la supr\u00e9matie blanche sur Saint Domingue, liquider le pouvoir noir, et r\u00e9tablir l\u2019esclavage dans les \u00eeles, aboli en 1794.<\/p>\n\n\n\n<p>Apr\u00e8s quelques semaines de gu\u00e9rilla, Toussaint abandonn\u00e9 par plusieurs de ses g\u00e9n\u00e9raux jugea pr\u00e9f\u00e9rable de gagner du temps en n\u00e9gociant, tout en tablant sur les terribles ravages que le climat des \u00eeles occasionnerait&nbsp;sur les Europ\u00e9ens. Mais il fut trahi, d\u00e9port\u00e9 en France et emprisonn\u00e9 dans le fort de Joux dans le Jura, dans des conditions tr\u00e8s dures, et au bout de huit mois il mourut.<\/p>\n\n\n\n<p>N\u00e9anmoins dans la lutte contre l\u2019esclavage, aux Etats Unis, au Venezuela, dans les \u00eeles Cara\u00efbes, il devint le symbole de la capacit\u00e9 des noirs \u00e0 se lib\u00e9rer avec succ\u00e8s de leurs cha\u00eenes, et&nbsp;Frederic Douglas, Marcus Garvey, Nat Turner firent son apologie. Les Irlandais en lutte contre l\u2019occupation anglaise assimil\u00e8rent leur combat au sien, et le r\u00e9volutionnaire cubain Fidel Castro s\u2019en r\u00e9clama. Le po\u00e8te chilien Pablo Neruda salua sa m\u00e9moire. Aim\u00e9 C\u00e9saire et Frantz Fanon, quoique&nbsp;pour des raisons diff\u00e9rentes, en firent une source d\u2019inspiration.<\/p>\n\n\n\n<p>C\u2019est l\u2019ambigu\u00eft\u00e9\u00a0de l\u2019\u00c9tat\u00a0 Fran\u00e7ais qui s\u2019est finalement r\u00e9v\u00e9l\u00e9e int\u00e9ressante. En 2001, la\u00a0loi Taubira assimilait l\u2019esclavage \u00e0 un crime contre l\u2019humanit\u00e9. Des statues\u00a0 repr\u00e9sentant Toussaint, en g\u00e9n\u00e9ral d\u2019arm\u00e9e jacobin, furent bien dress\u00e9es \u00e0 la Rochelle, Nantes, Bordeaux, toutes des villes qui avaient servi de ports de transit en direction de l\u2019Am\u00e9rique et des Cara\u00efbes, mais elles furent plac\u00e9es loin des centre villes, l\u2019une parmi elles \u00e9tant situ\u00e9e m\u00eame \u00e0 l\u2019int\u00e9rieur de l&rsquo;h\u00f4tel d&rsquo;un ancien commer\u00e7ant qui avait fait fortune dans la traite des esclaves.<\/p>\n\n\n\n<p>En France, bien que sa d\u00e9pouille ait \u00e9t\u00e9 inhum\u00e9e au Panth\u00e9on, Toussaint Louverture g\u00eane toujours, parce que ses arm\u00e9es apr\u00e8s sa mort ont fini par battre celles de Napol\u00e9on Bonaparte et de les chasser de Saint Domingue, mettant un terme du m\u00eame coup au r\u00eave colonial fran\u00e7ais en Louisiane et en Floride. Il g\u00eane surtout parce que les noirs de Saint Domingue se sont lib\u00e9r\u00e9s de l\u2019esclavage par leur propre combat, en d\u00e9pit de la D\u00e9claration des Droits de l&rsquo;Homme et des Citoyens que l\u2019Assembl\u00e9e Nationale Fran\u00e7aise, pr\u00e9tendant se soulever contre la tyrannie, consid\u00e9rait comme ne s\u2019appliquant pas aux esclaves des colonies, mettant \u00e0 mal la pr\u00e9tention de la r\u00e9volution fran\u00e7aise \u00e0 l\u2019universel et \u00e0 la libert\u00e9.<\/p>\n\n\n\n<p>* <em>M\u00e9decin de libre pratique. <\/em><\/p>\n\n\n\n<p><strong><em>\u2018\u2018Black Spartacus. The Epic Life of Toussaint Louverture\u2019\u2019, de Sudhir Hazareesingh, \u00a0Penguin Press , 464 pages, 5 janvier 2022.<\/em><\/strong><\/p>\n","protected":false},"excerpt":{"rendered":"<p>C\u2019est l\u2019histoire d\u2019un esclave devenu commandant d\u2019arm\u00e9e qui chassa l\u2019arm\u00e9e de Napol\u00e9on Bonaparte de l\u2019\u00eele de Saint Domingue et mit fin \u00e0 l&rsquo;esclavage. <\/p>\n","protected":false},"author":8,"featured_media":5637801,"comment_status":"open","ping_status":"open","sticky":false,"template":"","format":"standard","meta":{"footnotes":""},"categories":[992,994],"tags":[4633,105041,84374,105040,105042],"class_list":["post-5637739","post","type-post","status-publish","format-standard","has-post-thumbnail","hentry","category-a-la-une","category-culture","tag-esclavage","tag-napoleon-bonaparte","tag-revolution-francaise","tag-saint-domingue","tag-toussaint-louverture"],"yoast_head":"<!-- This site is optimized with the Yoast SEO plugin v26.6 - https:\/\/yoast.com\/wordpress\/plugins\/seo\/ -->\n<title>\u2018\u2018Black Spartacus\u2019\u2019 : esclave, g\u00e9n\u00e9ral et homme d\u2019Etat face \u00e0 la r\u00e9volution fran\u00e7aise - Kapitalis<\/title>\n<meta name=\"robots\" content=\"index, follow, max-snippet:-1, max-image-preview:large, max-video-preview:-1\" \/>\n<link rel=\"canonical\" href=\"https:\/\/kapitalis.com\/tunisie\/2022\/12\/11\/black-spartacus-esclave-general-et-homme-detat-face-a-la-revolution-francaise\/\" \/>\n<meta property=\"og:locale\" content=\"fr_FR\" \/>\n<meta property=\"og:type\" content=\"article\" \/>\n<meta property=\"og:title\" content=\"\u2018\u2018Black Spartacus\u2019\u2019 : esclave, g\u00e9n\u00e9ral et homme d\u2019Etat face \u00e0 la r\u00e9volution fran\u00e7aise - Kapitalis\" \/>\n<meta property=\"og:description\" content=\"C\u2019est l\u2019histoire d\u2019un esclave devenu commandant d\u2019arm\u00e9e qui chassa l\u2019arm\u00e9e de Napol\u00e9on Bonaparte de l\u2019\u00eele de Saint Domingue et mit fin \u00e0 l&#039;esclavage.\" \/>\n<meta property=\"og:url\" content=\"https:\/\/kapitalis.com\/tunisie\/2022\/12\/11\/black-spartacus-esclave-general-et-homme-detat-face-a-la-revolution-francaise\/\" \/>\n<meta property=\"og:site_name\" content=\"Kapitalis\" \/>\n<meta property=\"article:publisher\" content=\"https:\/\/www.facebook.com\/KapitalisInfo\/\" \/>\n<meta property=\"article:published_time\" content=\"2022-12-11T06:46:36+00:00\" \/>\n<meta property=\"article:modified_time\" content=\"2022-12-11T06:46:37+00:00\" \/>\n<meta property=\"og:image\" content=\"https:\/\/kapitalis.com\/tunisie\/wp-content\/uploads\/2022\/12\/Black-Spartacus.jpg\" \/>\n\t<meta property=\"og:image:width\" content=\"1200\" \/>\n\t<meta property=\"og:image:height\" content=\"630\" \/>\n\t<meta property=\"og:image:type\" content=\"image\/jpeg\" \/>\n<meta name=\"author\" content=\"webmaster kapitalis\" \/>\n<meta name=\"twitter:card\" content=\"summary_large_image\" \/>\n<meta name=\"twitter:creator\" content=\"@KapitalisInfo\" \/>\n<meta name=\"twitter:site\" content=\"@KapitalisInfo\" \/>\n<meta name=\"twitter:label1\" content=\"\u00c9crit par\" \/>\n\t<meta name=\"twitter:data1\" content=\"webmaster kapitalis\" \/>\n\t<meta name=\"twitter:label2\" content=\"Dur\u00e9e de lecture estim\u00e9e\" \/>\n\t<meta name=\"twitter:data2\" content=\"6 minutes\" \/>\n<script type=\"application\/ld+json\" class=\"yoast-schema-graph\">{\"@context\":\"https:\/\/schema.org\",\"@graph\":[{\"@type\":\"Article\",\"@id\":\"https:\/\/kapitalis.com\/tunisie\/2022\/12\/11\/black-spartacus-esclave-general-et-homme-detat-face-a-la-revolution-francaise\/#article\",\"isPartOf\":{\"@id\":\"https:\/\/kapitalis.com\/tunisie\/2022\/12\/11\/black-spartacus-esclave-general-et-homme-detat-face-a-la-revolution-francaise\/\"},\"author\":{\"name\":\"webmaster kapitalis\",\"@id\":\"https:\/\/kapitalis.com\/tunisie\/#\/schema\/person\/d71f33a9ca44f7bad4698210b480c8e9\"},\"headline\":\"\u2018\u2018Black Spartacus\u2019\u2019 : esclave, g\u00e9n\u00e9ral et homme d\u2019Etat face \u00e0 la r\u00e9volution fran\u00e7aise\",\"datePublished\":\"2022-12-11T06:46:36+00:00\",\"dateModified\":\"2022-12-11T06:46:37+00:00\",\"mainEntityOfPage\":{\"@id\":\"https:\/\/kapitalis.com\/tunisie\/2022\/12\/11\/black-spartacus-esclave-general-et-homme-detat-face-a-la-revolution-francaise\/\"},\"wordCount\":1265,\"commentCount\":0,\"publisher\":{\"@id\":\"https:\/\/kapitalis.com\/tunisie\/#organization\"},\"image\":{\"@id\":\"https:\/\/kapitalis.com\/tunisie\/2022\/12\/11\/black-spartacus-esclave-general-et-homme-detat-face-a-la-revolution-francaise\/#primaryimage\"},\"thumbnailUrl\":\"https:\/\/kapitalis.com\/tunisie\/wp-content\/uploads\/2022\/12\/Black-Spartacus.jpg\",\"keywords\":[\"Esclavage\",\"Napol\u00e9on Bonaparte\",\"R\u00e9volution fran\u00e7aise\",\"Saint Domingue\",\"Toussaint Louverture\"],\"articleSection\":[\"A LA UNE\",\"CULTURE\"],\"inLanguage\":\"fr-FR\",\"potentialAction\":[{\"@type\":\"CommentAction\",\"name\":\"Comment\",\"target\":[\"https:\/\/kapitalis.com\/tunisie\/2022\/12\/11\/black-spartacus-esclave-general-et-homme-detat-face-a-la-revolution-francaise\/#respond\"]}]},{\"@type\":\"WebPage\",\"@id\":\"https:\/\/kapitalis.com\/tunisie\/2022\/12\/11\/black-spartacus-esclave-general-et-homme-detat-face-a-la-revolution-francaise\/\",\"url\":\"https:\/\/kapitalis.com\/tunisie\/2022\/12\/11\/black-spartacus-esclave-general-et-homme-detat-face-a-la-revolution-francaise\/\",\"name\":\"\u2018\u2018Black Spartacus\u2019\u2019 : esclave, g\u00e9n\u00e9ral et homme d\u2019Etat face \u00e0 la r\u00e9volution fran\u00e7aise - Kapitalis\",\"isPartOf\":{\"@id\":\"https:\/\/kapitalis.com\/tunisie\/#website\"},\"primaryImageOfPage\":{\"@id\":\"https:\/\/kapitalis.com\/tunisie\/2022\/12\/11\/black-spartacus-esclave-general-et-homme-detat-face-a-la-revolution-francaise\/#primaryimage\"},\"image\":{\"@id\":\"https:\/\/kapitalis.com\/tunisie\/2022\/12\/11\/black-spartacus-esclave-general-et-homme-detat-face-a-la-revolution-francaise\/#primaryimage\"},\"thumbnailUrl\":\"https:\/\/kapitalis.com\/tunisie\/wp-content\/uploads\/2022\/12\/Black-Spartacus.jpg\",\"datePublished\":\"2022-12-11T06:46:36+00:00\",\"dateModified\":\"2022-12-11T06:46:37+00:00\",\"breadcrumb\":{\"@id\":\"https:\/\/kapitalis.com\/tunisie\/2022\/12\/11\/black-spartacus-esclave-general-et-homme-detat-face-a-la-revolution-francaise\/#breadcrumb\"},\"inLanguage\":\"fr-FR\",\"potentialAction\":[{\"@type\":\"ReadAction\",\"target\":[\"https:\/\/kapitalis.com\/tunisie\/2022\/12\/11\/black-spartacus-esclave-general-et-homme-detat-face-a-la-revolution-francaise\/\"]}]},{\"@type\":\"ImageObject\",\"inLanguage\":\"fr-FR\",\"@id\":\"https:\/\/kapitalis.com\/tunisie\/2022\/12\/11\/black-spartacus-esclave-general-et-homme-detat-face-a-la-revolution-francaise\/#primaryimage\",\"url\":\"https:\/\/kapitalis.com\/tunisie\/wp-content\/uploads\/2022\/12\/Black-Spartacus.jpg\",\"contentUrl\":\"https:\/\/kapitalis.com\/tunisie\/wp-content\/uploads\/2022\/12\/Black-Spartacus.jpg\",\"width\":1200,\"height\":630},{\"@type\":\"BreadcrumbList\",\"@id\":\"https:\/\/kapitalis.com\/tunisie\/2022\/12\/11\/black-spartacus-esclave-general-et-homme-detat-face-a-la-revolution-francaise\/#breadcrumb\",\"itemListElement\":[{\"@type\":\"ListItem\",\"position\":1,\"name\":\"Accueil\",\"item\":\"https:\/\/kapitalis.com\/tunisie\/\"},{\"@type\":\"ListItem\",\"position\":2,\"name\":\"\u2018\u2018Black Spartacus\u2019\u2019 : esclave, g\u00e9n\u00e9ral et homme d\u2019Etat face \u00e0 la r\u00e9volution fran\u00e7aise\"}]},{\"@type\":\"WebSite\",\"@id\":\"https:\/\/kapitalis.com\/tunisie\/#website\",\"url\":\"https:\/\/kapitalis.com\/tunisie\/\",\"name\":\"Kapitalis\",\"description\":\"L&#039;actualit\u00e9 en Tunisie et dans le monde\",\"publisher\":{\"@id\":\"https:\/\/kapitalis.com\/tunisie\/#organization\"},\"potentialAction\":[{\"@type\":\"SearchAction\",\"target\":{\"@type\":\"EntryPoint\",\"urlTemplate\":\"https:\/\/kapitalis.com\/tunisie\/?s={search_term_string}\"},\"query-input\":{\"@type\":\"PropertyValueSpecification\",\"valueRequired\":true,\"valueName\":\"search_term_string\"}}],\"inLanguage\":\"fr-FR\"},{\"@type\":\"Organization\",\"@id\":\"https:\/\/kapitalis.com\/tunisie\/#organization\",\"name\":\"Kapitalis\",\"url\":\"https:\/\/kapitalis.com\/tunisie\/\",\"logo\":{\"@type\":\"ImageObject\",\"inLanguage\":\"fr-FR\",\"@id\":\"https:\/\/kapitalis.com\/tunisie\/#\/schema\/logo\/image\/\",\"url\":\"https:\/\/kapitalis.com\/tunisie\/wp-content\/uploads\/2022\/05\/Kapitalis-big-size.png\",\"contentUrl\":\"https:\/\/kapitalis.com\/tunisie\/wp-content\/uploads\/2022\/05\/Kapitalis-big-size.png\",\"width\":5000,\"height\":1500,\"caption\":\"Kapitalis\"},\"image\":{\"@id\":\"https:\/\/kapitalis.com\/tunisie\/#\/schema\/logo\/image\/\"},\"sameAs\":[\"https:\/\/www.facebook.com\/KapitalisInfo\/\",\"https:\/\/x.com\/KapitalisInfo\",\"https:\/\/www.youtube.com\/channel\/UC-yDYrHyfFBWWZaOw3FPg9Q\"]},{\"@type\":\"Person\",\"@id\":\"https:\/\/kapitalis.com\/tunisie\/#\/schema\/person\/d71f33a9ca44f7bad4698210b480c8e9\",\"name\":\"webmaster kapitalis\",\"url\":\"https:\/\/kapitalis.com\/tunisie\/author\/webmaster-kapitalis\/\"}]}<\/script>\n<!-- \/ Yoast SEO plugin. -->","yoast_head_json":{"title":"\u2018\u2018Black Spartacus\u2019\u2019 : esclave, g\u00e9n\u00e9ral et homme d\u2019Etat face \u00e0 la r\u00e9volution fran\u00e7aise - Kapitalis","robots":{"index":"index","follow":"follow","max-snippet":"max-snippet:-1","max-image-preview":"max-image-preview:large","max-video-preview":"max-video-preview:-1"},"canonical":"https:\/\/kapitalis.com\/tunisie\/2022\/12\/11\/black-spartacus-esclave-general-et-homme-detat-face-a-la-revolution-francaise\/","og_locale":"fr_FR","og_type":"article","og_title":"\u2018\u2018Black Spartacus\u2019\u2019 : esclave, g\u00e9n\u00e9ral et homme d\u2019Etat face \u00e0 la r\u00e9volution fran\u00e7aise - Kapitalis","og_description":"C\u2019est l\u2019histoire d\u2019un esclave devenu commandant d\u2019arm\u00e9e qui chassa l\u2019arm\u00e9e de Napol\u00e9on Bonaparte de l\u2019\u00eele de Saint Domingue et mit fin \u00e0 l'esclavage.","og_url":"https:\/\/kapitalis.com\/tunisie\/2022\/12\/11\/black-spartacus-esclave-general-et-homme-detat-face-a-la-revolution-francaise\/","og_site_name":"Kapitalis","article_publisher":"https:\/\/www.facebook.com\/KapitalisInfo\/","article_published_time":"2022-12-11T06:46:36+00:00","article_modified_time":"2022-12-11T06:46:37+00:00","og_image":[{"width":1200,"height":630,"url":"https:\/\/kapitalis.com\/tunisie\/wp-content\/uploads\/2022\/12\/Black-Spartacus.jpg","type":"image\/jpeg"}],"author":"webmaster kapitalis","twitter_card":"summary_large_image","twitter_creator":"@KapitalisInfo","twitter_site":"@KapitalisInfo","twitter_misc":{"\u00c9crit par":"webmaster kapitalis","Dur\u00e9e de lecture estim\u00e9e":"6 minutes"},"schema":{"@context":"https:\/\/schema.org","@graph":[{"@type":"Article","@id":"https:\/\/kapitalis.com\/tunisie\/2022\/12\/11\/black-spartacus-esclave-general-et-homme-detat-face-a-la-revolution-francaise\/#article","isPartOf":{"@id":"https:\/\/kapitalis.com\/tunisie\/2022\/12\/11\/black-spartacus-esclave-general-et-homme-detat-face-a-la-revolution-francaise\/"},"author":{"name":"webmaster kapitalis","@id":"https:\/\/kapitalis.com\/tunisie\/#\/schema\/person\/d71f33a9ca44f7bad4698210b480c8e9"},"headline":"\u2018\u2018Black Spartacus\u2019\u2019 : esclave, g\u00e9n\u00e9ral et homme d\u2019Etat face \u00e0 la r\u00e9volution fran\u00e7aise","datePublished":"2022-12-11T06:46:36+00:00","dateModified":"2022-12-11T06:46:37+00:00","mainEntityOfPage":{"@id":"https:\/\/kapitalis.com\/tunisie\/2022\/12\/11\/black-spartacus-esclave-general-et-homme-detat-face-a-la-revolution-francaise\/"},"wordCount":1265,"commentCount":0,"publisher":{"@id":"https:\/\/kapitalis.com\/tunisie\/#organization"},"image":{"@id":"https:\/\/kapitalis.com\/tunisie\/2022\/12\/11\/black-spartacus-esclave-general-et-homme-detat-face-a-la-revolution-francaise\/#primaryimage"},"thumbnailUrl":"https:\/\/kapitalis.com\/tunisie\/wp-content\/uploads\/2022\/12\/Black-Spartacus.jpg","keywords":["Esclavage","Napol\u00e9on Bonaparte","R\u00e9volution fran\u00e7aise","Saint Domingue","Toussaint Louverture"],"articleSection":["A LA UNE","CULTURE"],"inLanguage":"fr-FR","potentialAction":[{"@type":"CommentAction","name":"Comment","target":["https:\/\/kapitalis.com\/tunisie\/2022\/12\/11\/black-spartacus-esclave-general-et-homme-detat-face-a-la-revolution-francaise\/#respond"]}]},{"@type":"WebPage","@id":"https:\/\/kapitalis.com\/tunisie\/2022\/12\/11\/black-spartacus-esclave-general-et-homme-detat-face-a-la-revolution-francaise\/","url":"https:\/\/kapitalis.com\/tunisie\/2022\/12\/11\/black-spartacus-esclave-general-et-homme-detat-face-a-la-revolution-francaise\/","name":"\u2018\u2018Black Spartacus\u2019\u2019 : esclave, g\u00e9n\u00e9ral et homme d\u2019Etat face \u00e0 la r\u00e9volution fran\u00e7aise - Kapitalis","isPartOf":{"@id":"https:\/\/kapitalis.com\/tunisie\/#website"},"primaryImageOfPage":{"@id":"https:\/\/kapitalis.com\/tunisie\/2022\/12\/11\/black-spartacus-esclave-general-et-homme-detat-face-a-la-revolution-francaise\/#primaryimage"},"image":{"@id":"https:\/\/kapitalis.com\/tunisie\/2022\/12\/11\/black-spartacus-esclave-general-et-homme-detat-face-a-la-revolution-francaise\/#primaryimage"},"thumbnailUrl":"https:\/\/kapitalis.com\/tunisie\/wp-content\/uploads\/2022\/12\/Black-Spartacus.jpg","datePublished":"2022-12-11T06:46:36+00:00","dateModified":"2022-12-11T06:46:37+00:00","breadcrumb":{"@id":"https:\/\/kapitalis.com\/tunisie\/2022\/12\/11\/black-spartacus-esclave-general-et-homme-detat-face-a-la-revolution-francaise\/#breadcrumb"},"inLanguage":"fr-FR","potentialAction":[{"@type":"ReadAction","target":["https:\/\/kapitalis.com\/tunisie\/2022\/12\/11\/black-spartacus-esclave-general-et-homme-detat-face-a-la-revolution-francaise\/"]}]},{"@type":"ImageObject","inLanguage":"fr-FR","@id":"https:\/\/kapitalis.com\/tunisie\/2022\/12\/11\/black-spartacus-esclave-general-et-homme-detat-face-a-la-revolution-francaise\/#primaryimage","url":"https:\/\/kapitalis.com\/tunisie\/wp-content\/uploads\/2022\/12\/Black-Spartacus.jpg","contentUrl":"https:\/\/kapitalis.com\/tunisie\/wp-content\/uploads\/2022\/12\/Black-Spartacus.jpg","width":1200,"height":630},{"@type":"BreadcrumbList","@id":"https:\/\/kapitalis.com\/tunisie\/2022\/12\/11\/black-spartacus-esclave-general-et-homme-detat-face-a-la-revolution-francaise\/#breadcrumb","itemListElement":[{"@type":"ListItem","position":1,"name":"Accueil","item":"https:\/\/kapitalis.com\/tunisie\/"},{"@type":"ListItem","position":2,"name":"\u2018\u2018Black Spartacus\u2019\u2019 : esclave, g\u00e9n\u00e9ral et homme d\u2019Etat face \u00e0 la r\u00e9volution fran\u00e7aise"}]},{"@type":"WebSite","@id":"https:\/\/kapitalis.com\/tunisie\/#website","url":"https:\/\/kapitalis.com\/tunisie\/","name":"Kapitalis","description":"L&#039;actualit\u00e9 en Tunisie et dans le monde","publisher":{"@id":"https:\/\/kapitalis.com\/tunisie\/#organization"},"potentialAction":[{"@type":"SearchAction","target":{"@type":"EntryPoint","urlTemplate":"https:\/\/kapitalis.com\/tunisie\/?s={search_term_string}"},"query-input":{"@type":"PropertyValueSpecification","valueRequired":true,"valueName":"search_term_string"}}],"inLanguage":"fr-FR"},{"@type":"Organization","@id":"https:\/\/kapitalis.com\/tunisie\/#organization","name":"Kapitalis","url":"https:\/\/kapitalis.com\/tunisie\/","logo":{"@type":"ImageObject","inLanguage":"fr-FR","@id":"https:\/\/kapitalis.com\/tunisie\/#\/schema\/logo\/image\/","url":"https:\/\/kapitalis.com\/tunisie\/wp-content\/uploads\/2022\/05\/Kapitalis-big-size.png","contentUrl":"https:\/\/kapitalis.com\/tunisie\/wp-content\/uploads\/2022\/05\/Kapitalis-big-size.png","width":5000,"height":1500,"caption":"Kapitalis"},"image":{"@id":"https:\/\/kapitalis.com\/tunisie\/#\/schema\/logo\/image\/"},"sameAs":["https:\/\/www.facebook.com\/KapitalisInfo\/","https:\/\/x.com\/KapitalisInfo","https:\/\/www.youtube.com\/channel\/UC-yDYrHyfFBWWZaOw3FPg9Q"]},{"@type":"Person","@id":"https:\/\/kapitalis.com\/tunisie\/#\/schema\/person\/d71f33a9ca44f7bad4698210b480c8e9","name":"webmaster kapitalis","url":"https:\/\/kapitalis.com\/tunisie\/author\/webmaster-kapitalis\/"}]}},"_links":{"self":[{"href":"https:\/\/kapitalis.com\/tunisie\/wp-json\/wp\/v2\/posts\/5637739","targetHints":{"allow":["GET"]}}],"collection":[{"href":"https:\/\/kapitalis.com\/tunisie\/wp-json\/wp\/v2\/posts"}],"about":[{"href":"https:\/\/kapitalis.com\/tunisie\/wp-json\/wp\/v2\/types\/post"}],"author":[{"embeddable":true,"href":"https:\/\/kapitalis.com\/tunisie\/wp-json\/wp\/v2\/users\/8"}],"replies":[{"embeddable":true,"href":"https:\/\/kapitalis.com\/tunisie\/wp-json\/wp\/v2\/comments?post=5637739"}],"version-history":[{"count":1,"href":"https:\/\/kapitalis.com\/tunisie\/wp-json\/wp\/v2\/posts\/5637739\/revisions"}],"predecessor-version":[{"id":5637806,"href":"https:\/\/kapitalis.com\/tunisie\/wp-json\/wp\/v2\/posts\/5637739\/revisions\/5637806"}],"wp:featuredmedia":[{"embeddable":true,"href":"https:\/\/kapitalis.com\/tunisie\/wp-json\/wp\/v2\/media\/5637801"}],"wp:attachment":[{"href":"https:\/\/kapitalis.com\/tunisie\/wp-json\/wp\/v2\/media?parent=5637739"}],"wp:term":[{"taxonomy":"category","embeddable":true,"href":"https:\/\/kapitalis.com\/tunisie\/wp-json\/wp\/v2\/categories?post=5637739"},{"taxonomy":"post_tag","embeddable":true,"href":"https:\/\/kapitalis.com\/tunisie\/wp-json\/wp\/v2\/tags?post=5637739"}],"curies":[{"name":"wp","href":"https:\/\/api.w.org\/{rel}","templated":true}]}}