{"id":56436,"date":"2016-07-01T15:25:14","date_gmt":"2016-07-01T14:25:14","guid":{"rendered":"http:\/\/kapitalis.com\/tunisie\/?p=56436"},"modified":"2016-07-01T15:27:19","modified_gmt":"2016-07-01T14:27:19","slug":"la-famille-de-lagent-martyr-ben-amara-percoit-bien-une-pension","status":"publish","type":"post","link":"https:\/\/kapitalis.com\/tunisie\/2016\/07\/01\/la-famille-de-lagent-martyr-ben-amara-percoit-bien-une-pension\/","title":{"rendered":"La famille de l\u2019agent martyr Ben Amara per\u00e7oit bien une pension"},"content":{"rendered":"<p style=\"text-align: center;\"><img loading=\"lazy\" decoding=\"async\" class=\"alignnone size-full wp-image-56438\" src=\"http:\/\/kapitalis.com\/tunisie\/wp-content\/uploads\/2016\/07\/Garde-pr\u00e9sidentielle-martyr-Chokri-pension-pr\u00e9sidence.jpg\" alt=\"Garde pr\u00e9sidentielle- martyr Chokri pension-pr\u00e9sidence\" width=\"626\" height=\"380\" \/><\/p>\n<p><em><strong>Contrairement \u00e0 ce qui a \u00e9t\u00e9 annonc\u00e9 par des syndicats de police, une pension est bien vers\u00e9e \u00e0 la famille de l\u2019agent Chokri Ben Amara, tu\u00e9 dans l\u2019attentat terroriste de novembre dernier.<\/strong><\/em><\/p>\n<p><!--more--><\/p>\n<p>C\u2019est ce qu&rsquo;a indiqu\u00e9, aujourd\u2019hui, la pr\u00e9sidence de la r\u00e9publique dans un communiqu\u00e9, pr\u00e9cisant que la pension est vers\u00e9e aux ayants droits depuis janvier 2016, et ce, en application de l&rsquo;article 11 de la loi n\u00b0 51 de 2013 (loi de finances compl\u00e9mentaire pour l&rsquo;ann\u00e9e 2013).<\/p>\n<p>Ce communiqu\u00e9 d\u00e9ment les all\u00e9gations des syndicats qui avaient d\u00e9nonc\u00e9 la situation de la famille de Chokri Ben Amara, originaire de Rouaiguia, d\u00e9l\u00e9gation du Fahs, gouvernorat de Zaghouan, en\u00a0affirmant qu&rsquo;elle ne percevait pas\u00a0la\u00a0pension pr\u00e9vue pour les\u00a0familles des agents martyrs parce que Chokri Ben Amara \u00e9tait c\u00e9libataire.<\/p>\n<p>Le 24 novembre 2015, la Tunisie a \u00e9t\u00e9 secou\u00e9e par une attaque, revendiqu\u00e9e par l\u2019organisation terroriste de l\u2019Etat islamique (Daech), contre un bus de de la garde pr\u00e9sidentielle au centre-ville de Tunis, qui a fait 12 morts parmi les agents, dont Chokri Ben Amara.<\/p>\n<p style=\"text-align: right;\"><strong>Y. N.<\/strong><\/p>\n","protected":false},"excerpt":{"rendered":"<p>Contrairement \u00e0 ce qui a \u00e9t\u00e9 annonc\u00e9 par des syndicats de police, une pension est bien vers\u00e9e \u00e0 la famille de l\u2019agent Chokri Ben Amara, tu\u00e9 dans l\u2019attentat terroriste de novembre dernier.<\/p>\n","protected":false},"author":6,"featured_media":56438,"comment_status":"open","ping_status":"open","sticky":false,"template":"","format":"standard","meta":{"footnotes":""},"categories":[998,2433],"tags":[1209,2021,258,2224,3995,2066],"class_list":["post-56436","post","type-post","status-publish","format-standard","has-post-thumbnail","hentry","category-societe","category-tunisie","tag-agent","tag-attaque-terroriste","tag-daech","tag-garde-presidentielle","tag-organisation-terroriste","tag-zaghouan"],"yoast_head":"<!-- This site is optimized with the Yoast SEO plugin v26.6 - https:\/\/yoast.com\/wordpress\/plugins\/seo\/ -->\n<title>La famille de l\u2019agent martyr Ben Amara per\u00e7oit bien une pension - Kapitalis<\/title>\n<meta name=\"robots\" content=\"index, follow, max-snippet:-1, max-image-preview:large, max-video-preview:-1\" \/>\n<link rel=\"canonical\" href=\"https:\/\/kapitalis.com\/tunisie\/2016\/07\/01\/la-famille-de-lagent-martyr-ben-amara-percoit-bien-une-pension\/\" \/>\n<meta property=\"og:locale\" content=\"fr_FR\" \/>\n<meta property=\"og:type\" content=\"article\" \/>\n<meta property=\"og:title\" content=\"La famille de l\u2019agent martyr Ben Amara per\u00e7oit bien une pension - Kapitalis\" \/>\n<meta property=\"og:description\" content=\"Contrairement \u00e0 ce qui a \u00e9t\u00e9 annonc\u00e9 par des syndicats de police, une pension est bien vers\u00e9e \u00e0 la famille de l\u2019agent Chokri Ben Amara, tu\u00e9 dans l\u2019attentat terroriste de novembre dernier.\" \/>\n<meta property=\"og:url\" content=\"https:\/\/kapitalis.com\/tunisie\/2016\/07\/01\/la-famille-de-lagent-martyr-ben-amara-percoit-bien-une-pension\/\" \/>\n<meta property=\"og:site_name\" content=\"Kapitalis\" \/>\n<meta property=\"article:publisher\" content=\"https:\/\/www.facebook.com\/KapitalisInfo\/\" \/>\n<meta property=\"article:published_time\" content=\"2016-07-01T14:25:14+00:00\" \/>\n<meta property=\"article:modified_time\" content=\"2016-07-01T14:27:19+00:00\" \/>\n<meta property=\"og:image\" content=\"https:\/\/kapitalis.com\/tunisie\/wp-content\/uploads\/2022\/05\/kapitalis-logo-fb.png\" \/>\n\t<meta property=\"og:image:width\" content=\"1200\" \/>\n\t<meta property=\"og:image:height\" content=\"630\" \/>\n\t<meta property=\"og:image:type\" content=\"image\/png\" \/>\n<meta name=\"author\" content=\"Yusra NY\" \/>\n<meta name=\"twitter:card\" content=\"summary_large_image\" \/>\n<meta name=\"twitter:creator\" content=\"@KapitalisInfo\" \/>\n<meta name=\"twitter:site\" content=\"@KapitalisInfo\" \/>\n<meta name=\"twitter:label1\" content=\"\u00c9crit par\" \/>\n\t<meta name=\"twitter:data1\" content=\"Yusra NY\" \/>\n\t<meta name=\"twitter:label2\" content=\"Dur\u00e9e de lecture estim\u00e9e\" \/>\n\t<meta name=\"twitter:data2\" content=\"1 minute\" \/>\n<script type=\"application\/ld+json\" class=\"yoast-schema-graph\">{\"@context\":\"https:\/\/schema.org\",\"@graph\":[{\"@type\":\"Article\",\"@id\":\"https:\/\/kapitalis.com\/tunisie\/2016\/07\/01\/la-famille-de-lagent-martyr-ben-amara-percoit-bien-une-pension\/#article\",\"isPartOf\":{\"@id\":\"https:\/\/kapitalis.com\/tunisie\/2016\/07\/01\/la-famille-de-lagent-martyr-ben-amara-percoit-bien-une-pension\/\"},\"author\":{\"name\":\"Yusra NY\",\"@id\":\"https:\/\/kapitalis.com\/tunisie\/#\/schema\/person\/74bbde0154d49d790a92aaeac5bc01d5\"},\"headline\":\"La famille de l\u2019agent martyr Ben Amara per\u00e7oit bien une pension\",\"datePublished\":\"2016-07-01T14:25:14+00:00\",\"dateModified\":\"2016-07-01T14:27:19+00:00\",\"mainEntityOfPage\":{\"@id\":\"https:\/\/kapitalis.com\/tunisie\/2016\/07\/01\/la-famille-de-lagent-martyr-ben-amara-percoit-bien-une-pension\/\"},\"wordCount\":200,\"commentCount\":0,\"publisher\":{\"@id\":\"https:\/\/kapitalis.com\/tunisie\/#organization\"},\"image\":{\"@id\":\"https:\/\/kapitalis.com\/tunisie\/2016\/07\/01\/la-famille-de-lagent-martyr-ben-amara-percoit-bien-une-pension\/#primaryimage\"},\"thumbnailUrl\":\"\",\"keywords\":[\"agent\",\"attaque terroriste\",\"Daech\",\"garde pr\u00e9sidentielle\",\"organisation terroriste\",\"Zaghouan\"],\"articleSection\":[\"SOCIETE\",\"Tunisie\"],\"inLanguage\":\"fr-FR\",\"potentialAction\":[{\"@type\":\"CommentAction\",\"name\":\"Comment\",\"target\":[\"https:\/\/kapitalis.com\/tunisie\/2016\/07\/01\/la-famille-de-lagent-martyr-ben-amara-percoit-bien-une-pension\/#respond\"]}]},{\"@type\":\"WebPage\",\"@id\":\"https:\/\/kapitalis.com\/tunisie\/2016\/07\/01\/la-famille-de-lagent-martyr-ben-amara-percoit-bien-une-pension\/\",\"url\":\"https:\/\/kapitalis.com\/tunisie\/2016\/07\/01\/la-famille-de-lagent-martyr-ben-amara-percoit-bien-une-pension\/\",\"name\":\"La famille de l\u2019agent martyr Ben Amara per\u00e7oit bien une pension - Kapitalis\",\"isPartOf\":{\"@id\":\"https:\/\/kapitalis.com\/tunisie\/#website\"},\"primaryImageOfPage\":{\"@id\":\"https:\/\/kapitalis.com\/tunisie\/2016\/07\/01\/la-famille-de-lagent-martyr-ben-amara-percoit-bien-une-pension\/#primaryimage\"},\"image\":{\"@id\":\"https:\/\/kapitalis.com\/tunisie\/2016\/07\/01\/la-famille-de-lagent-martyr-ben-amara-percoit-bien-une-pension\/#primaryimage\"},\"thumbnailUrl\":\"\",\"datePublished\":\"2016-07-01T14:25:14+00:00\",\"dateModified\":\"2016-07-01T14:27:19+00:00\",\"breadcrumb\":{\"@id\":\"https:\/\/kapitalis.com\/tunisie\/2016\/07\/01\/la-famille-de-lagent-martyr-ben-amara-percoit-bien-une-pension\/#breadcrumb\"},\"inLanguage\":\"fr-FR\",\"potentialAction\":[{\"@type\":\"ReadAction\",\"target\":[\"https:\/\/kapitalis.com\/tunisie\/2016\/07\/01\/la-famille-de-lagent-martyr-ben-amara-percoit-bien-une-pension\/\"]}]},{\"@type\":\"ImageObject\",\"inLanguage\":\"fr-FR\",\"@id\":\"https:\/\/kapitalis.com\/tunisie\/2016\/07\/01\/la-famille-de-lagent-martyr-ben-amara-percoit-bien-une-pension\/#primaryimage\",\"url\":\"\",\"contentUrl\":\"\"},{\"@type\":\"BreadcrumbList\",\"@id\":\"https:\/\/kapitalis.com\/tunisie\/2016\/07\/01\/la-famille-de-lagent-martyr-ben-amara-percoit-bien-une-pension\/#breadcrumb\",\"itemListElement\":[{\"@type\":\"ListItem\",\"position\":1,\"name\":\"Accueil\",\"item\":\"https:\/\/kapitalis.com\/tunisie\/\"},{\"@type\":\"ListItem\",\"position\":2,\"name\":\"La famille de l\u2019agent martyr Ben Amara per\u00e7oit bien une pension\"}]},{\"@type\":\"WebSite\",\"@id\":\"https:\/\/kapitalis.com\/tunisie\/#website\",\"url\":\"https:\/\/kapitalis.com\/tunisie\/\",\"name\":\"Kapitalis\",\"description\":\"L&#039;actualit\u00e9 en Tunisie et dans le monde\",\"publisher\":{\"@id\":\"https:\/\/kapitalis.com\/tunisie\/#organization\"},\"potentialAction\":[{\"@type\":\"SearchAction\",\"target\":{\"@type\":\"EntryPoint\",\"urlTemplate\":\"https:\/\/kapitalis.com\/tunisie\/?s={search_term_string}\"},\"query-input\":{\"@type\":\"PropertyValueSpecification\",\"valueRequired\":true,\"valueName\":\"search_term_string\"}}],\"inLanguage\":\"fr-FR\"},{\"@type\":\"Organization\",\"@id\":\"https:\/\/kapitalis.com\/tunisie\/#organization\",\"name\":\"Kapitalis\",\"url\":\"https:\/\/kapitalis.com\/tunisie\/\",\"logo\":{\"@type\":\"ImageObject\",\"inLanguage\":\"fr-FR\",\"@id\":\"https:\/\/kapitalis.com\/tunisie\/#\/schema\/logo\/image\/\",\"url\":\"https:\/\/kapitalis.com\/tunisie\/wp-content\/uploads\/2022\/05\/Kapitalis-big-size.png\",\"contentUrl\":\"https:\/\/kapitalis.com\/tunisie\/wp-content\/uploads\/2022\/05\/Kapitalis-big-size.png\",\"width\":5000,\"height\":1500,\"caption\":\"Kapitalis\"},\"image\":{\"@id\":\"https:\/\/kapitalis.com\/tunisie\/#\/schema\/logo\/image\/\"},\"sameAs\":[\"https:\/\/www.facebook.com\/KapitalisInfo\/\",\"https:\/\/x.com\/KapitalisInfo\",\"https:\/\/www.youtube.com\/channel\/UC-yDYrHyfFBWWZaOw3FPg9Q\"]},{\"@type\":\"Person\",\"@id\":\"https:\/\/kapitalis.com\/tunisie\/#\/schema\/person\/74bbde0154d49d790a92aaeac5bc01d5\",\"name\":\"Yusra NY\",\"url\":\"https:\/\/kapitalis.com\/tunisie\/author\/yuza_adam\/\"}]}<\/script>\n<!-- \/ Yoast SEO plugin. -->","yoast_head_json":{"title":"La famille de l\u2019agent martyr Ben Amara per\u00e7oit bien une pension - Kapitalis","robots":{"index":"index","follow":"follow","max-snippet":"max-snippet:-1","max-image-preview":"max-image-preview:large","max-video-preview":"max-video-preview:-1"},"canonical":"https:\/\/kapitalis.com\/tunisie\/2016\/07\/01\/la-famille-de-lagent-martyr-ben-amara-percoit-bien-une-pension\/","og_locale":"fr_FR","og_type":"article","og_title":"La famille de l\u2019agent martyr Ben Amara per\u00e7oit bien une pension - Kapitalis","og_description":"Contrairement \u00e0 ce qui a \u00e9t\u00e9 annonc\u00e9 par des syndicats de police, une pension est bien vers\u00e9e \u00e0 la famille de l\u2019agent Chokri Ben Amara, tu\u00e9 dans l\u2019attentat terroriste de novembre dernier.","og_url":"https:\/\/kapitalis.com\/tunisie\/2016\/07\/01\/la-famille-de-lagent-martyr-ben-amara-percoit-bien-une-pension\/","og_site_name":"Kapitalis","article_publisher":"https:\/\/www.facebook.com\/KapitalisInfo\/","article_published_time":"2016-07-01T14:25:14+00:00","article_modified_time":"2016-07-01T14:27:19+00:00","og_image":[{"width":1200,"height":630,"url":"https:\/\/kapitalis.com\/tunisie\/wp-content\/uploads\/2022\/05\/kapitalis-logo-fb.png","type":"image\/png"}],"author":"Yusra NY","twitter_card":"summary_large_image","twitter_creator":"@KapitalisInfo","twitter_site":"@KapitalisInfo","twitter_misc":{"\u00c9crit par":"Yusra NY","Dur\u00e9e de lecture estim\u00e9e":"1 minute"},"schema":{"@context":"https:\/\/schema.org","@graph":[{"@type":"Article","@id":"https:\/\/kapitalis.com\/tunisie\/2016\/07\/01\/la-famille-de-lagent-martyr-ben-amara-percoit-bien-une-pension\/#article","isPartOf":{"@id":"https:\/\/kapitalis.com\/tunisie\/2016\/07\/01\/la-famille-de-lagent-martyr-ben-amara-percoit-bien-une-pension\/"},"author":{"name":"Yusra NY","@id":"https:\/\/kapitalis.com\/tunisie\/#\/schema\/person\/74bbde0154d49d790a92aaeac5bc01d5"},"headline":"La famille de l\u2019agent martyr Ben Amara per\u00e7oit bien une pension","datePublished":"2016-07-01T14:25:14+00:00","dateModified":"2016-07-01T14:27:19+00:00","mainEntityOfPage":{"@id":"https:\/\/kapitalis.com\/tunisie\/2016\/07\/01\/la-famille-de-lagent-martyr-ben-amara-percoit-bien-une-pension\/"},"wordCount":200,"commentCount":0,"publisher":{"@id":"https:\/\/kapitalis.com\/tunisie\/#organization"},"image":{"@id":"https:\/\/kapitalis.com\/tunisie\/2016\/07\/01\/la-famille-de-lagent-martyr-ben-amara-percoit-bien-une-pension\/#primaryimage"},"thumbnailUrl":"","keywords":["agent","attaque terroriste","Daech","garde pr\u00e9sidentielle","organisation terroriste","Zaghouan"],"articleSection":["SOCIETE","Tunisie"],"inLanguage":"fr-FR","potentialAction":[{"@type":"CommentAction","name":"Comment","target":["https:\/\/kapitalis.com\/tunisie\/2016\/07\/01\/la-famille-de-lagent-martyr-ben-amara-percoit-bien-une-pension\/#respond"]}]},{"@type":"WebPage","@id":"https:\/\/kapitalis.com\/tunisie\/2016\/07\/01\/la-famille-de-lagent-martyr-ben-amara-percoit-bien-une-pension\/","url":"https:\/\/kapitalis.com\/tunisie\/2016\/07\/01\/la-famille-de-lagent-martyr-ben-amara-percoit-bien-une-pension\/","name":"La famille de l\u2019agent martyr Ben Amara per\u00e7oit bien une pension - Kapitalis","isPartOf":{"@id":"https:\/\/kapitalis.com\/tunisie\/#website"},"primaryImageOfPage":{"@id":"https:\/\/kapitalis.com\/tunisie\/2016\/07\/01\/la-famille-de-lagent-martyr-ben-amara-percoit-bien-une-pension\/#primaryimage"},"image":{"@id":"https:\/\/kapitalis.com\/tunisie\/2016\/07\/01\/la-famille-de-lagent-martyr-ben-amara-percoit-bien-une-pension\/#primaryimage"},"thumbnailUrl":"","datePublished":"2016-07-01T14:25:14+00:00","dateModified":"2016-07-01T14:27:19+00:00","breadcrumb":{"@id":"https:\/\/kapitalis.com\/tunisie\/2016\/07\/01\/la-famille-de-lagent-martyr-ben-amara-percoit-bien-une-pension\/#breadcrumb"},"inLanguage":"fr-FR","potentialAction":[{"@type":"ReadAction","target":["https:\/\/kapitalis.com\/tunisie\/2016\/07\/01\/la-famille-de-lagent-martyr-ben-amara-percoit-bien-une-pension\/"]}]},{"@type":"ImageObject","inLanguage":"fr-FR","@id":"https:\/\/kapitalis.com\/tunisie\/2016\/07\/01\/la-famille-de-lagent-martyr-ben-amara-percoit-bien-une-pension\/#primaryimage","url":"","contentUrl":""},{"@type":"BreadcrumbList","@id":"https:\/\/kapitalis.com\/tunisie\/2016\/07\/01\/la-famille-de-lagent-martyr-ben-amara-percoit-bien-une-pension\/#breadcrumb","itemListElement":[{"@type":"ListItem","position":1,"name":"Accueil","item":"https:\/\/kapitalis.com\/tunisie\/"},{"@type":"ListItem","position":2,"name":"La famille de l\u2019agent martyr Ben Amara per\u00e7oit bien une pension"}]},{"@type":"WebSite","@id":"https:\/\/kapitalis.com\/tunisie\/#website","url":"https:\/\/kapitalis.com\/tunisie\/","name":"Kapitalis","description":"L&#039;actualit\u00e9 en Tunisie et dans le monde","publisher":{"@id":"https:\/\/kapitalis.com\/tunisie\/#organization"},"potentialAction":[{"@type":"SearchAction","target":{"@type":"EntryPoint","urlTemplate":"https:\/\/kapitalis.com\/tunisie\/?s={search_term_string}"},"query-input":{"@type":"PropertyValueSpecification","valueRequired":true,"valueName":"search_term_string"}}],"inLanguage":"fr-FR"},{"@type":"Organization","@id":"https:\/\/kapitalis.com\/tunisie\/#organization","name":"Kapitalis","url":"https:\/\/kapitalis.com\/tunisie\/","logo":{"@type":"ImageObject","inLanguage":"fr-FR","@id":"https:\/\/kapitalis.com\/tunisie\/#\/schema\/logo\/image\/","url":"https:\/\/kapitalis.com\/tunisie\/wp-content\/uploads\/2022\/05\/Kapitalis-big-size.png","contentUrl":"https:\/\/kapitalis.com\/tunisie\/wp-content\/uploads\/2022\/05\/Kapitalis-big-size.png","width":5000,"height":1500,"caption":"Kapitalis"},"image":{"@id":"https:\/\/kapitalis.com\/tunisie\/#\/schema\/logo\/image\/"},"sameAs":["https:\/\/www.facebook.com\/KapitalisInfo\/","https:\/\/x.com\/KapitalisInfo","https:\/\/www.youtube.com\/channel\/UC-yDYrHyfFBWWZaOw3FPg9Q"]},{"@type":"Person","@id":"https:\/\/kapitalis.com\/tunisie\/#\/schema\/person\/74bbde0154d49d790a92aaeac5bc01d5","name":"Yusra NY","url":"https:\/\/kapitalis.com\/tunisie\/author\/yuza_adam\/"}]}},"_links":{"self":[{"href":"https:\/\/kapitalis.com\/tunisie\/wp-json\/wp\/v2\/posts\/56436","targetHints":{"allow":["GET"]}}],"collection":[{"href":"https:\/\/kapitalis.com\/tunisie\/wp-json\/wp\/v2\/posts"}],"about":[{"href":"https:\/\/kapitalis.com\/tunisie\/wp-json\/wp\/v2\/types\/post"}],"author":[{"embeddable":true,"href":"https:\/\/kapitalis.com\/tunisie\/wp-json\/wp\/v2\/users\/6"}],"replies":[{"embeddable":true,"href":"https:\/\/kapitalis.com\/tunisie\/wp-json\/wp\/v2\/comments?post=56436"}],"version-history":[{"count":0,"href":"https:\/\/kapitalis.com\/tunisie\/wp-json\/wp\/v2\/posts\/56436\/revisions"}],"wp:featuredmedia":[{"embeddable":true,"href":"https:\/\/kapitalis.com\/tunisie\/wp-json\/wp\/v2\/media\/56438"}],"wp:attachment":[{"href":"https:\/\/kapitalis.com\/tunisie\/wp-json\/wp\/v2\/media?parent=56436"}],"wp:term":[{"taxonomy":"category","embeddable":true,"href":"https:\/\/kapitalis.com\/tunisie\/wp-json\/wp\/v2\/categories?post=56436"},{"taxonomy":"post_tag","embeddable":true,"href":"https:\/\/kapitalis.com\/tunisie\/wp-json\/wp\/v2\/tags?post=56436"}],"curies":[{"name":"wp","href":"https:\/\/api.w.org\/{rel}","templated":true}]}}