{"id":5670889,"date":"2022-12-14T00:07:19","date_gmt":"2022-12-13T23:07:19","guid":{"rendered":"https:\/\/kapitalis.com\/tunisie\/?p=5670889"},"modified":"2022-12-14T00:13:56","modified_gmt":"2022-12-13T23:13:56","slug":"tunisie-telecom-partenaire-technologique-des-journees-de-lentreprise","status":"publish","type":"post","link":"https:\/\/kapitalis.com\/tunisie\/2022\/12\/14\/tunisie-telecom-partenaire-technologique-des-journees-de-lentreprise\/","title":{"rendered":"Tunisie Telecom partenaire technologique des Journ\u00e9es de l\u2019Entreprise"},"content":{"rendered":"\n<p><strong><em><a href=\"https:\/\/www.tunisietelecom.tn\/Fr\" target=\"_blank\" rel=\"noreferrer noopener\">Tunisie Telecom<\/a> a particip\u00e9 comme \u201cPartenaire Technologique\u201c \u00e0 la 36\u00e8me \u00e9dition des Journ\u00e9es de l\u2019entreprise, qui s\u2019est tenue du 8 au 10 d\u00e9cembre 2022 \u00e0 Sousse, sous le th\u00e8me de \u00ab l&rsquo;Entreprise et la S\u00e9curit\u00e9 : Libert\u00e9s et Souverainet\u00e9 \u00bb.<\/em><\/strong><\/p>\n\n\n\n<!--more-->\n\n\n\n<p>Lors de cette \u00e9dition, <a href=\"https:\/\/www.tunisietelecom.tn\/Fr\" target=\"_blank\" rel=\"noreferrer noopener\">Tunisie Telecom<\/a> a pr\u00e9sent\u00e9 aux participants ses offres et ses nouveaut\u00e9s ax\u00e9es sur le Cloud, la S\u00e9curit\u00e9 et la Productivit\u00e9. L\u2019op\u00e9rateur national a expos\u00e9 ses solutions \u00ab <em>business<\/em> \u00bb alliant performance et agilit\u00e9 pour satisfaire aux besoins de la flotte, ses solutions diversifi\u00e9s et adapt\u00e9es \u00ab Advanced \u00bb favorisant une meilleure flexibilit\u00e9, un rendement optimal et une collaboration en temps r\u00e9el ; ainsi que ses solutions connect\u00e9es \u00ab Smart \u00bb pour un business plus intelligent \u2026.<\/p>\n\n\n<div class=\"wp-block-image\">\n<figure class=\"aligncenter size-full is-resized\"><img decoding=\"async\" src=\"https:\/\/kapitalis.com\/tunisie\/wp-content\/uploads\/2022\/12\/tt2.png\" alt=\"\" class=\"wp-image-5670951\" width=\"500\" srcset=\"https:\/\/kapitalis.com\/tunisie\/wp-content\/uploads\/2022\/12\/tt2.png 605w, https:\/\/kapitalis.com\/tunisie\/wp-content\/uploads\/2022\/12\/tt2-300x155.png 300w, https:\/\/kapitalis.com\/tunisie\/wp-content\/uploads\/2022\/12\/tt2-580x300.png 580w\" sizes=\"(max-width: 605px) 100vw, 605px\" \/><\/figure>\n<\/div>\n\n\n<p>D\u2019ailleurs, une des nouveaut\u00e9s de cette ann\u00e9e est le service \u00ab Easy Saff by <a href=\"https:\/\/www.tunisietelecom.tn\/Fr\" target=\"_blank\" rel=\"noreferrer noopener\">TT<\/a> \u00bb, une solution de gestion des files d\u2019attente et de prise de rendez-vous \u00e0 distance, permettant aux entreprises d\u2019automatiser les r\u00e9servations de leurs clients en leur proposant le service de r\u00e9servation en ligne et d\u2019avoir une vue globale sur l\u2019activit\u00e9 de leurs employ\u00e9s. Cette solution a \u00e9t\u00e9 d\u00e9velopp\u00e9e en collaboration avec Liberrex\u00bb a d\u00e9clar\u00e9 en marge de ces Journ\u00e9es, Jihene Hedhili Bouzaiene, Directeur Ex\u00e9cutif des March\u00e9s Entreprise chez <a href=\"https:\/\/www.tunisietelecom.tn\/Fr\" target=\"_blank\" rel=\"noreferrer noopener\">Tunisie Telecom<\/a>.<\/p>\n\n\n\n<p>A cet \u00e9v\u00e8nement, <a href=\"https:\/\/www.tunisietelecom.tn\/Fr\" target=\"_blank\" rel=\"noreferrer noopener\">Tunisie Telecom<\/a> a accueilli les participants dans un cadre innovant qui les met d\u2019embl\u00e9e dans une immersion audiovisuelle des Solutions B2B digitales et de connectivit\u00e9. Une exp\u00e9rience unique en son genre qui a d\u00e9not\u00e9 et qui d\u00e9montre une nouvelle approche de <a href=\"https:\/\/www.tunisietelecom.tn\/Fr\" target=\"_blank\" rel=\"noreferrer noopener\">Tunisie Telecom.<\/a><\/p>\n\n\n<div class=\"wp-block-image\">\n<figure class=\"aligncenter size-full is-resized\"><img decoding=\"async\" src=\"https:\/\/kapitalis.com\/tunisie\/wp-content\/uploads\/2022\/12\/tt3.jpg\" alt=\"\" class=\"wp-image-5670958\" width=\"500\" srcset=\"https:\/\/kapitalis.com\/tunisie\/wp-content\/uploads\/2022\/12\/tt3.jpg 604w, https:\/\/kapitalis.com\/tunisie\/wp-content\/uploads\/2022\/12\/tt3-300x225.jpg 300w, https:\/\/kapitalis.com\/tunisie\/wp-content\/uploads\/2022\/12\/tt3-580x435.jpg 580w\" sizes=\"(max-width: 604px) 100vw, 604px\" \/><\/figure>\n<\/div>\n\n\n<p>Ce contexte a \u00e9t\u00e9 aussi l\u2019occasion de discuter des opportunit\u00e9s et des pistes d\u2019innovation pour les entreprises, notamment dans les domaines de la technologie en g\u00e9n\u00e9ral et du num\u00e9rique en particulier, c\u0153ur de m\u00e9tier de Tunisie Telecom, dont le directeur ex\u00e9cutif du d\u00e9veloppement et des technologies, Sami Soudani, a mis en avant lors de la table-ronde sur la cyber s\u00e9curit\u00e9, aux c\u00f4t\u00e9s du ministre des Technologies de la Communication M. Nizar Ben Neji<\/p>\n\n\n<div class=\"wp-block-image\">\n<figure class=\"aligncenter size-full is-resized\"><img decoding=\"async\" src=\"https:\/\/kapitalis.com\/tunisie\/wp-content\/uploads\/2022\/12\/tt4.jpg\" alt=\"\" class=\"wp-image-5670959\" width=\"500\" srcset=\"https:\/\/kapitalis.com\/tunisie\/wp-content\/uploads\/2022\/12\/tt4.jpg 604w, https:\/\/kapitalis.com\/tunisie\/wp-content\/uploads\/2022\/12\/tt4-300x132.jpg 300w, https:\/\/kapitalis.com\/tunisie\/wp-content\/uploads\/2022\/12\/tt4-580x254.jpg 580w\" sizes=\"(max-width: 604px) 100vw, 604px\" \/><\/figure>\n<\/div>\n\n\n<p>L\u2019op\u00e9rateur historique, qui assure son r\u00f4le d\u2019op\u00e9rateur universel et multiservices se positionne comme un partenaire orient\u00e9 innovation et opportunit\u00e9s avenir et propose \u00e0 ses clients entreprises des solutions de dynamisation de l\u2019\u00e9conomie par la transformation digitale. Ainsi, l\u2019op\u00e9rateur global leader sur le march\u00e9 des t\u00e9l\u00e9communications en Tunisie confirme encore une fois que son expertise technologique constitue un de ses atouts majeurs.<\/p>\n\n\n\n<p class=\"has-text-align-right\"><strong>Communiqu\u00e9<\/strong><\/p>\n","protected":false},"excerpt":{"rendered":"<p>Tunisie Telecom Partenaire Technologique des Journ\u00e9es de l\u2019Entreprise<\/p>\n","protected":false},"author":6,"featured_media":5670955,"comment_status":"open","ping_status":"open","sticky":false,"template":"","format":"standard","meta":{"footnotes":""},"categories":[995,998,2433],"tags":[105105,105106,105044,97463,105104,854,930],"class_list":["post-5670889","post","type-post","status-publish","format-standard","has-post-thumbnail","hentry","category-economie","category-societe","category-tunisie","tag-easy-saff-by-tt","tag-jihene-hedhili-bouzaiene-2","tag-journees-de-lentreprise-3","tag-nizar-ben-neji","tag-partenaire-technologique","tag-sousse","tag-tunisie-telecom"],"yoast_head":"<!-- This site is optimized with the Yoast SEO plugin v26.6 - https:\/\/yoast.com\/wordpress\/plugins\/seo\/ -->\n<title>Tunisie Telecom partenaire technologique des Journ\u00e9es de l\u2019Entreprise - Kapitalis<\/title>\n<meta name=\"description\" content=\"Tunisie Telecom a particip\u00e9 comme \u201cPartenaire Technologique\u201c \u00e0 la 36\u00e8me \u00e9dition des Journ\u00e9es de l\u2019entreprise, qui s\u2019est tenue du 8 au 10 d\u00e9cembre 2022 \u00e0 Sousse, sous le th\u00e8me de \u00ab l&#039;Entreprise et la S\u00e9curit\u00e9 : Libert\u00e9s et Souverainet\u00e9 \u00bb.\" \/>\n<meta name=\"robots\" content=\"index, follow, max-snippet:-1, max-image-preview:large, max-video-preview:-1\" \/>\n<link rel=\"canonical\" href=\"https:\/\/kapitalis.com\/tunisie\/2022\/12\/14\/tunisie-telecom-partenaire-technologique-des-journees-de-lentreprise\/\" \/>\n<meta property=\"og:locale\" content=\"fr_FR\" \/>\n<meta property=\"og:type\" content=\"article\" \/>\n<meta property=\"og:title\" content=\"Tunisie Telecom partenaire technologique des Journ\u00e9es de l\u2019Entreprise - Kapitalis\" \/>\n<meta property=\"og:description\" content=\"Tunisie Telecom a particip\u00e9 comme \u201cPartenaire Technologique\u201c \u00e0 la 36\u00e8me \u00e9dition des Journ\u00e9es de l\u2019entreprise, qui s\u2019est tenue du 8 au 10 d\u00e9cembre 2022 \u00e0 Sousse, sous le th\u00e8me de \u00ab l&#039;Entreprise et la S\u00e9curit\u00e9 : Libert\u00e9s et Souverainet\u00e9 \u00bb.\" \/>\n<meta property=\"og:url\" content=\"https:\/\/kapitalis.com\/tunisie\/2022\/12\/14\/tunisie-telecom-partenaire-technologique-des-journees-de-lentreprise\/\" \/>\n<meta property=\"og:site_name\" content=\"Kapitalis\" \/>\n<meta property=\"article:publisher\" content=\"https:\/\/www.facebook.com\/KapitalisInfo\/\" \/>\n<meta property=\"article:published_time\" content=\"2022-12-13T23:07:19+00:00\" \/>\n<meta property=\"article:modified_time\" content=\"2022-12-13T23:13:56+00:00\" \/>\n<meta property=\"og:image\" content=\"https:\/\/kapitalis.com\/tunisie\/wp-content\/uploads\/2022\/12\/Tunisie-Telecom.jpg\" \/>\n\t<meta property=\"og:image:width\" content=\"1200\" \/>\n\t<meta property=\"og:image:height\" content=\"630\" \/>\n\t<meta property=\"og:image:type\" content=\"image\/jpeg\" \/>\n<meta name=\"author\" content=\"Yusra NY\" \/>\n<meta name=\"twitter:card\" content=\"summary_large_image\" \/>\n<meta name=\"twitter:creator\" content=\"@KapitalisInfo\" \/>\n<meta name=\"twitter:site\" content=\"@KapitalisInfo\" \/>\n<meta name=\"twitter:label1\" content=\"\u00c9crit par\" \/>\n\t<meta name=\"twitter:data1\" content=\"Yusra NY\" \/>\n\t<meta name=\"twitter:label2\" content=\"Dur\u00e9e de lecture estim\u00e9e\" \/>\n\t<meta name=\"twitter:data2\" content=\"3 minutes\" \/>\n<script type=\"application\/ld+json\" class=\"yoast-schema-graph\">{\"@context\":\"https:\/\/schema.org\",\"@graph\":[{\"@type\":\"Article\",\"@id\":\"https:\/\/kapitalis.com\/tunisie\/2022\/12\/14\/tunisie-telecom-partenaire-technologique-des-journees-de-lentreprise\/#article\",\"isPartOf\":{\"@id\":\"https:\/\/kapitalis.com\/tunisie\/2022\/12\/14\/tunisie-telecom-partenaire-technologique-des-journees-de-lentreprise\/\"},\"author\":{\"name\":\"Yusra NY\",\"@id\":\"https:\/\/kapitalis.com\/tunisie\/#\/schema\/person\/74bbde0154d49d790a92aaeac5bc01d5\"},\"headline\":\"Tunisie Telecom partenaire technologique des Journ\u00e9es de l\u2019Entreprise\",\"datePublished\":\"2022-12-13T23:07:19+00:00\",\"dateModified\":\"2022-12-13T23:13:56+00:00\",\"mainEntityOfPage\":{\"@id\":\"https:\/\/kapitalis.com\/tunisie\/2022\/12\/14\/tunisie-telecom-partenaire-technologique-des-journees-de-lentreprise\/\"},\"wordCount\":440,\"commentCount\":0,\"publisher\":{\"@id\":\"https:\/\/kapitalis.com\/tunisie\/#organization\"},\"image\":{\"@id\":\"https:\/\/kapitalis.com\/tunisie\/2022\/12\/14\/tunisie-telecom-partenaire-technologique-des-journees-de-lentreprise\/#primaryimage\"},\"thumbnailUrl\":\"https:\/\/kapitalis.com\/tunisie\/wp-content\/uploads\/2022\/12\/Tunisie-Telecom.jpg\",\"keywords\":[\"Easy Saff by TT\",\"Jihene Hedhili Bouzaiene\",\"Journ\u00e9es de l\u2019Entreprise\",\"Nizar Ben Neji\",\"Partenaire Technologique\",\"Sousse\",\"Tunisie Telecom\"],\"articleSection\":[\"ECONOMIE\",\"SOCIETE\",\"Tunisie\"],\"inLanguage\":\"fr-FR\",\"potentialAction\":[{\"@type\":\"CommentAction\",\"name\":\"Comment\",\"target\":[\"https:\/\/kapitalis.com\/tunisie\/2022\/12\/14\/tunisie-telecom-partenaire-technologique-des-journees-de-lentreprise\/#respond\"]}]},{\"@type\":\"WebPage\",\"@id\":\"https:\/\/kapitalis.com\/tunisie\/2022\/12\/14\/tunisie-telecom-partenaire-technologique-des-journees-de-lentreprise\/\",\"url\":\"https:\/\/kapitalis.com\/tunisie\/2022\/12\/14\/tunisie-telecom-partenaire-technologique-des-journees-de-lentreprise\/\",\"name\":\"Tunisie Telecom partenaire technologique des Journ\u00e9es de l\u2019Entreprise - Kapitalis\",\"isPartOf\":{\"@id\":\"https:\/\/kapitalis.com\/tunisie\/#website\"},\"primaryImageOfPage\":{\"@id\":\"https:\/\/kapitalis.com\/tunisie\/2022\/12\/14\/tunisie-telecom-partenaire-technologique-des-journees-de-lentreprise\/#primaryimage\"},\"image\":{\"@id\":\"https:\/\/kapitalis.com\/tunisie\/2022\/12\/14\/tunisie-telecom-partenaire-technologique-des-journees-de-lentreprise\/#primaryimage\"},\"thumbnailUrl\":\"https:\/\/kapitalis.com\/tunisie\/wp-content\/uploads\/2022\/12\/Tunisie-Telecom.jpg\",\"datePublished\":\"2022-12-13T23:07:19+00:00\",\"dateModified\":\"2022-12-13T23:13:56+00:00\",\"description\":\"Tunisie Telecom a particip\u00e9 comme \u201cPartenaire Technologique\u201c \u00e0 la 36\u00e8me \u00e9dition des Journ\u00e9es de l\u2019entreprise, qui s\u2019est tenue du 8 au 10 d\u00e9cembre 2022 \u00e0 Sousse, sous le th\u00e8me de \u00ab l'Entreprise et la S\u00e9curit\u00e9 : Libert\u00e9s et Souverainet\u00e9 \u00bb.\",\"breadcrumb\":{\"@id\":\"https:\/\/kapitalis.com\/tunisie\/2022\/12\/14\/tunisie-telecom-partenaire-technologique-des-journees-de-lentreprise\/#breadcrumb\"},\"inLanguage\":\"fr-FR\",\"potentialAction\":[{\"@type\":\"ReadAction\",\"target\":[\"https:\/\/kapitalis.com\/tunisie\/2022\/12\/14\/tunisie-telecom-partenaire-technologique-des-journees-de-lentreprise\/\"]}]},{\"@type\":\"ImageObject\",\"inLanguage\":\"fr-FR\",\"@id\":\"https:\/\/kapitalis.com\/tunisie\/2022\/12\/14\/tunisie-telecom-partenaire-technologique-des-journees-de-lentreprise\/#primaryimage\",\"url\":\"https:\/\/kapitalis.com\/tunisie\/wp-content\/uploads\/2022\/12\/Tunisie-Telecom.jpg\",\"contentUrl\":\"https:\/\/kapitalis.com\/tunisie\/wp-content\/uploads\/2022\/12\/Tunisie-Telecom.jpg\",\"width\":1200,\"height\":630},{\"@type\":\"BreadcrumbList\",\"@id\":\"https:\/\/kapitalis.com\/tunisie\/2022\/12\/14\/tunisie-telecom-partenaire-technologique-des-journees-de-lentreprise\/#breadcrumb\",\"itemListElement\":[{\"@type\":\"ListItem\",\"position\":1,\"name\":\"Accueil\",\"item\":\"https:\/\/kapitalis.com\/tunisie\/\"},{\"@type\":\"ListItem\",\"position\":2,\"name\":\"Tunisie Telecom partenaire technologique des Journ\u00e9es de l\u2019Entreprise\"}]},{\"@type\":\"WebSite\",\"@id\":\"https:\/\/kapitalis.com\/tunisie\/#website\",\"url\":\"https:\/\/kapitalis.com\/tunisie\/\",\"name\":\"Kapitalis\",\"description\":\"L&#039;actualit\u00e9 en Tunisie et dans le monde\",\"publisher\":{\"@id\":\"https:\/\/kapitalis.com\/tunisie\/#organization\"},\"potentialAction\":[{\"@type\":\"SearchAction\",\"target\":{\"@type\":\"EntryPoint\",\"urlTemplate\":\"https:\/\/kapitalis.com\/tunisie\/?s={search_term_string}\"},\"query-input\":{\"@type\":\"PropertyValueSpecification\",\"valueRequired\":true,\"valueName\":\"search_term_string\"}}],\"inLanguage\":\"fr-FR\"},{\"@type\":\"Organization\",\"@id\":\"https:\/\/kapitalis.com\/tunisie\/#organization\",\"name\":\"Kapitalis\",\"url\":\"https:\/\/kapitalis.com\/tunisie\/\",\"logo\":{\"@type\":\"ImageObject\",\"inLanguage\":\"fr-FR\",\"@id\":\"https:\/\/kapitalis.com\/tunisie\/#\/schema\/logo\/image\/\",\"url\":\"https:\/\/kapitalis.com\/tunisie\/wp-content\/uploads\/2022\/05\/Kapitalis-big-size.png\",\"contentUrl\":\"https:\/\/kapitalis.com\/tunisie\/wp-content\/uploads\/2022\/05\/Kapitalis-big-size.png\",\"width\":5000,\"height\":1500,\"caption\":\"Kapitalis\"},\"image\":{\"@id\":\"https:\/\/kapitalis.com\/tunisie\/#\/schema\/logo\/image\/\"},\"sameAs\":[\"https:\/\/www.facebook.com\/KapitalisInfo\/\",\"https:\/\/x.com\/KapitalisInfo\",\"https:\/\/www.youtube.com\/channel\/UC-yDYrHyfFBWWZaOw3FPg9Q\"]},{\"@type\":\"Person\",\"@id\":\"https:\/\/kapitalis.com\/tunisie\/#\/schema\/person\/74bbde0154d49d790a92aaeac5bc01d5\",\"name\":\"Yusra NY\",\"url\":\"https:\/\/kapitalis.com\/tunisie\/author\/yuza_adam\/\"}]}<\/script>\n<!-- \/ Yoast SEO plugin. -->","yoast_head_json":{"title":"Tunisie Telecom partenaire technologique des Journ\u00e9es de l\u2019Entreprise - Kapitalis","description":"Tunisie Telecom a particip\u00e9 comme \u201cPartenaire Technologique\u201c \u00e0 la 36\u00e8me \u00e9dition des Journ\u00e9es de l\u2019entreprise, qui s\u2019est tenue du 8 au 10 d\u00e9cembre 2022 \u00e0 Sousse, sous le th\u00e8me de \u00ab l'Entreprise et la S\u00e9curit\u00e9 : Libert\u00e9s et Souverainet\u00e9 \u00bb.","robots":{"index":"index","follow":"follow","max-snippet":"max-snippet:-1","max-image-preview":"max-image-preview:large","max-video-preview":"max-video-preview:-1"},"canonical":"https:\/\/kapitalis.com\/tunisie\/2022\/12\/14\/tunisie-telecom-partenaire-technologique-des-journees-de-lentreprise\/","og_locale":"fr_FR","og_type":"article","og_title":"Tunisie Telecom partenaire technologique des Journ\u00e9es de l\u2019Entreprise - Kapitalis","og_description":"Tunisie Telecom a particip\u00e9 comme \u201cPartenaire Technologique\u201c \u00e0 la 36\u00e8me \u00e9dition des Journ\u00e9es de l\u2019entreprise, qui s\u2019est tenue du 8 au 10 d\u00e9cembre 2022 \u00e0 Sousse, sous le th\u00e8me de \u00ab l'Entreprise et la S\u00e9curit\u00e9 : Libert\u00e9s et Souverainet\u00e9 \u00bb.","og_url":"https:\/\/kapitalis.com\/tunisie\/2022\/12\/14\/tunisie-telecom-partenaire-technologique-des-journees-de-lentreprise\/","og_site_name":"Kapitalis","article_publisher":"https:\/\/www.facebook.com\/KapitalisInfo\/","article_published_time":"2022-12-13T23:07:19+00:00","article_modified_time":"2022-12-13T23:13:56+00:00","og_image":[{"width":1200,"height":630,"url":"https:\/\/kapitalis.com\/tunisie\/wp-content\/uploads\/2022\/12\/Tunisie-Telecom.jpg","type":"image\/jpeg"}],"author":"Yusra NY","twitter_card":"summary_large_image","twitter_creator":"@KapitalisInfo","twitter_site":"@KapitalisInfo","twitter_misc":{"\u00c9crit par":"Yusra NY","Dur\u00e9e de lecture estim\u00e9e":"3 minutes"},"schema":{"@context":"https:\/\/schema.org","@graph":[{"@type":"Article","@id":"https:\/\/kapitalis.com\/tunisie\/2022\/12\/14\/tunisie-telecom-partenaire-technologique-des-journees-de-lentreprise\/#article","isPartOf":{"@id":"https:\/\/kapitalis.com\/tunisie\/2022\/12\/14\/tunisie-telecom-partenaire-technologique-des-journees-de-lentreprise\/"},"author":{"name":"Yusra NY","@id":"https:\/\/kapitalis.com\/tunisie\/#\/schema\/person\/74bbde0154d49d790a92aaeac5bc01d5"},"headline":"Tunisie Telecom partenaire technologique des Journ\u00e9es de l\u2019Entreprise","datePublished":"2022-12-13T23:07:19+00:00","dateModified":"2022-12-13T23:13:56+00:00","mainEntityOfPage":{"@id":"https:\/\/kapitalis.com\/tunisie\/2022\/12\/14\/tunisie-telecom-partenaire-technologique-des-journees-de-lentreprise\/"},"wordCount":440,"commentCount":0,"publisher":{"@id":"https:\/\/kapitalis.com\/tunisie\/#organization"},"image":{"@id":"https:\/\/kapitalis.com\/tunisie\/2022\/12\/14\/tunisie-telecom-partenaire-technologique-des-journees-de-lentreprise\/#primaryimage"},"thumbnailUrl":"https:\/\/kapitalis.com\/tunisie\/wp-content\/uploads\/2022\/12\/Tunisie-Telecom.jpg","keywords":["Easy Saff by TT","Jihene Hedhili Bouzaiene","Journ\u00e9es de l\u2019Entreprise","Nizar Ben Neji","Partenaire Technologique","Sousse","Tunisie Telecom"],"articleSection":["ECONOMIE","SOCIETE","Tunisie"],"inLanguage":"fr-FR","potentialAction":[{"@type":"CommentAction","name":"Comment","target":["https:\/\/kapitalis.com\/tunisie\/2022\/12\/14\/tunisie-telecom-partenaire-technologique-des-journees-de-lentreprise\/#respond"]}]},{"@type":"WebPage","@id":"https:\/\/kapitalis.com\/tunisie\/2022\/12\/14\/tunisie-telecom-partenaire-technologique-des-journees-de-lentreprise\/","url":"https:\/\/kapitalis.com\/tunisie\/2022\/12\/14\/tunisie-telecom-partenaire-technologique-des-journees-de-lentreprise\/","name":"Tunisie Telecom partenaire technologique des Journ\u00e9es de l\u2019Entreprise - Kapitalis","isPartOf":{"@id":"https:\/\/kapitalis.com\/tunisie\/#website"},"primaryImageOfPage":{"@id":"https:\/\/kapitalis.com\/tunisie\/2022\/12\/14\/tunisie-telecom-partenaire-technologique-des-journees-de-lentreprise\/#primaryimage"},"image":{"@id":"https:\/\/kapitalis.com\/tunisie\/2022\/12\/14\/tunisie-telecom-partenaire-technologique-des-journees-de-lentreprise\/#primaryimage"},"thumbnailUrl":"https:\/\/kapitalis.com\/tunisie\/wp-content\/uploads\/2022\/12\/Tunisie-Telecom.jpg","datePublished":"2022-12-13T23:07:19+00:00","dateModified":"2022-12-13T23:13:56+00:00","description":"Tunisie Telecom a particip\u00e9 comme \u201cPartenaire Technologique\u201c \u00e0 la 36\u00e8me \u00e9dition des Journ\u00e9es de l\u2019entreprise, qui s\u2019est tenue du 8 au 10 d\u00e9cembre 2022 \u00e0 Sousse, sous le th\u00e8me de \u00ab l'Entreprise et la S\u00e9curit\u00e9 : Libert\u00e9s et Souverainet\u00e9 \u00bb.","breadcrumb":{"@id":"https:\/\/kapitalis.com\/tunisie\/2022\/12\/14\/tunisie-telecom-partenaire-technologique-des-journees-de-lentreprise\/#breadcrumb"},"inLanguage":"fr-FR","potentialAction":[{"@type":"ReadAction","target":["https:\/\/kapitalis.com\/tunisie\/2022\/12\/14\/tunisie-telecom-partenaire-technologique-des-journees-de-lentreprise\/"]}]},{"@type":"ImageObject","inLanguage":"fr-FR","@id":"https:\/\/kapitalis.com\/tunisie\/2022\/12\/14\/tunisie-telecom-partenaire-technologique-des-journees-de-lentreprise\/#primaryimage","url":"https:\/\/kapitalis.com\/tunisie\/wp-content\/uploads\/2022\/12\/Tunisie-Telecom.jpg","contentUrl":"https:\/\/kapitalis.com\/tunisie\/wp-content\/uploads\/2022\/12\/Tunisie-Telecom.jpg","width":1200,"height":630},{"@type":"BreadcrumbList","@id":"https:\/\/kapitalis.com\/tunisie\/2022\/12\/14\/tunisie-telecom-partenaire-technologique-des-journees-de-lentreprise\/#breadcrumb","itemListElement":[{"@type":"ListItem","position":1,"name":"Accueil","item":"https:\/\/kapitalis.com\/tunisie\/"},{"@type":"ListItem","position":2,"name":"Tunisie Telecom partenaire technologique des Journ\u00e9es de l\u2019Entreprise"}]},{"@type":"WebSite","@id":"https:\/\/kapitalis.com\/tunisie\/#website","url":"https:\/\/kapitalis.com\/tunisie\/","name":"Kapitalis","description":"L&#039;actualit\u00e9 en Tunisie et dans le monde","publisher":{"@id":"https:\/\/kapitalis.com\/tunisie\/#organization"},"potentialAction":[{"@type":"SearchAction","target":{"@type":"EntryPoint","urlTemplate":"https:\/\/kapitalis.com\/tunisie\/?s={search_term_string}"},"query-input":{"@type":"PropertyValueSpecification","valueRequired":true,"valueName":"search_term_string"}}],"inLanguage":"fr-FR"},{"@type":"Organization","@id":"https:\/\/kapitalis.com\/tunisie\/#organization","name":"Kapitalis","url":"https:\/\/kapitalis.com\/tunisie\/","logo":{"@type":"ImageObject","inLanguage":"fr-FR","@id":"https:\/\/kapitalis.com\/tunisie\/#\/schema\/logo\/image\/","url":"https:\/\/kapitalis.com\/tunisie\/wp-content\/uploads\/2022\/05\/Kapitalis-big-size.png","contentUrl":"https:\/\/kapitalis.com\/tunisie\/wp-content\/uploads\/2022\/05\/Kapitalis-big-size.png","width":5000,"height":1500,"caption":"Kapitalis"},"image":{"@id":"https:\/\/kapitalis.com\/tunisie\/#\/schema\/logo\/image\/"},"sameAs":["https:\/\/www.facebook.com\/KapitalisInfo\/","https:\/\/x.com\/KapitalisInfo","https:\/\/www.youtube.com\/channel\/UC-yDYrHyfFBWWZaOw3FPg9Q"]},{"@type":"Person","@id":"https:\/\/kapitalis.com\/tunisie\/#\/schema\/person\/74bbde0154d49d790a92aaeac5bc01d5","name":"Yusra NY","url":"https:\/\/kapitalis.com\/tunisie\/author\/yuza_adam\/"}]}},"_links":{"self":[{"href":"https:\/\/kapitalis.com\/tunisie\/wp-json\/wp\/v2\/posts\/5670889","targetHints":{"allow":["GET"]}}],"collection":[{"href":"https:\/\/kapitalis.com\/tunisie\/wp-json\/wp\/v2\/posts"}],"about":[{"href":"https:\/\/kapitalis.com\/tunisie\/wp-json\/wp\/v2\/types\/post"}],"author":[{"embeddable":true,"href":"https:\/\/kapitalis.com\/tunisie\/wp-json\/wp\/v2\/users\/6"}],"replies":[{"embeddable":true,"href":"https:\/\/kapitalis.com\/tunisie\/wp-json\/wp\/v2\/comments?post=5670889"}],"version-history":[{"count":3,"href":"https:\/\/kapitalis.com\/tunisie\/wp-json\/wp\/v2\/posts\/5670889\/revisions"}],"predecessor-version":[{"id":5670990,"href":"https:\/\/kapitalis.com\/tunisie\/wp-json\/wp\/v2\/posts\/5670889\/revisions\/5670990"}],"wp:featuredmedia":[{"embeddable":true,"href":"https:\/\/kapitalis.com\/tunisie\/wp-json\/wp\/v2\/media\/5670955"}],"wp:attachment":[{"href":"https:\/\/kapitalis.com\/tunisie\/wp-json\/wp\/v2\/media?parent=5670889"}],"wp:term":[{"taxonomy":"category","embeddable":true,"href":"https:\/\/kapitalis.com\/tunisie\/wp-json\/wp\/v2\/categories?post=5670889"},{"taxonomy":"post_tag","embeddable":true,"href":"https:\/\/kapitalis.com\/tunisie\/wp-json\/wp\/v2\/tags?post=5670889"}],"curies":[{"name":"wp","href":"https:\/\/api.w.org\/{rel}","templated":true}]}}