{"id":5673154,"date":"2022-12-14T08:37:54","date_gmt":"2022-12-14T07:37:54","guid":{"rendered":"https:\/\/kapitalis.com\/tunisie\/?p=5673154"},"modified":"2022-12-14T08:37:56","modified_gmt":"2022-12-14T07:37:56","slug":"tunisie-al-bawsala-refuse-detre-un-faux-temoin-dun-parlement-de-facade","status":"publish","type":"post","link":"https:\/\/kapitalis.com\/tunisie\/2022\/12\/14\/tunisie-al-bawsala-refuse-detre-un-faux-temoin-dun-parlement-de-facade\/","title":{"rendered":"Tunisie\u00a0: Al-Bawsala refuse d\u2019\u00eatre \u00abun faux t\u00e9moin d\u2019un parlement de fa\u00e7ade\u00bb"},"content":{"rendered":"\n<p><strong><em>L\u2019organisation Al-Bawsala a d\u00e9cid\u00e9 de \u00abne pas surveiller les travaux de la prochaine Assembl\u00e9e des repr\u00e9sentants du peuple (ARP) apr\u00e8s les \u00e9lections l\u00e9gislatives du 17 d\u00e9cembre et de boycotter toutes ses composantes, blocs parlementaires et commissions\u00bb.<\/em><\/strong><\/p>\n\n\n\n<!--more-->\n\n\n\n<p>C\u2019est ce qu\u2019a d\u00e9clar\u00e9 Haythem Benzid, le responsable de la communication de cette organisation sp\u00e9cialis\u00e9e dans l\u2019observation des travaux parlementaire depuis 2011 et dont les rapports ont toujours \u00e9t\u00e9 utiles et instructives, et pas seulement pour les m\u00e9dias.<\/p>\n\n\n\n<p>S\u2019exprimant lors d\u2019une conf\u00e9rence de presse tenue par Al-Bawsala, mardi 13 d\u00e9cembre 2022, Benzid a expliqu\u00e9 que le boycott du prochain parlement ne signifie en aucun cas un retrait de la vie politique, <em>\u00abl\u2019organisation poursuivra son r\u00f4le de surveillance, mais refuse d\u2019\u00eatre un faux t\u00e9moin d\u2019un processus individuel et d\u2019un parlement de fa\u00e7ade\u00bb<\/em>, par allusion au processus politique engag\u00e9 unilat\u00e9ralement depuis la proclamation de l\u2019\u00e9tat d\u2019exception par le pr\u00e9sident de la r\u00e9publique Ka\u00efs Sa\u00efed depuis le 25 juillet 2022. L\u2019organisation continuera \u00e0 <em>\u00absurveiller les affaires politiques, \u00e0 fournir des analyses critiques et \u00e0 remplir son r\u00f4le en tant que l\u2019un des piliers de la soci\u00e9t\u00e9 civile\u00bb<\/em>, a-t-il ajout\u00e9.<\/p>\n\n\n\n<p>Benzid a soulign\u00e9 que l\u2019organisation continuera \u00e9galement \u00e0 surveiller les lois qui seront promulgu\u00e9es par le pr\u00e9sident de la r\u00e9publique, affirmant que la d\u00e9cision de boycotter intervient apr\u00e8s une <em>\u00ab\u00e9valuation objective bas\u00e9e sur un certain nombre de donn\u00e9es, comme le d\u00e9cret-loi n\u00b054\u00bb<\/em>. <em>\u00abCe texte va \u00e0 l\u2019encontre de la libert\u00e9 d\u2019expression, de la presse et de l\u2019imprimerie\u00bb<\/em>, a-t-il dit, rappelant que le d\u00e9cret a \u00e9t\u00e9 adopt\u00e9 pour poursuivre les journalistes.<\/p>\n\n\n\n<p>En vertu de cette loi, a-t-il ajout\u00e9, des civils ont comparu devant le tribunal militaire, des juges ont \u00e9t\u00e9 arbitrairement r\u00e9voqu\u00e9s, des d\u00e9cisions du tribunal administratif ont \u00e9t\u00e9 ignor\u00e9es et des institutions \u00e9lues ont \u00e9t\u00e9 ferm\u00e9es, notamment l\u2019Instance nationale de lutte contre la corruption (INLUCC).<\/p>\n\n\n\n<p>Dans une note distribu\u00e9e lors de la conf\u00e9rence de presse, Al-Bawsala a d\u00e9clar\u00e9 que la promulgation de la loi r\u00e9gissant les \u00e9lections des d\u00e9put\u00e9s refl\u00e8te <em>\u00ables v\u00e9ritables intentions du pr\u00e9sident de la r\u00e9publique\u00bb<\/em>. <em>\u00abCette loi va cr\u00e9er une assembl\u00e9e o\u00f9 le principe de parit\u00e9 a \u00e9t\u00e9 totalement ignor\u00e9\u00bb<\/em>, a-t-il regrett\u00e9.<\/p>\n\n\n\n<p class=\"has-text-align-right\"><strong>I. B.<\/strong> (avec Tap).<\/p>\n","protected":false},"excerpt":{"rendered":"<p>Al-Bawsala refuse de surveiller un parlement de fa\u00e7ade.  <\/p>\n","protected":false},"author":8,"featured_media":5673215,"comment_status":"open","ping_status":"open","sticky":false,"template":"","format":"standard","meta":{"footnotes":""},"categories":[997,2433],"tags":[3669,93,104471,105113,76012,62643],"class_list":["post-5673154","post","type-post","status-publish","format-standard","has-post-thumbnail","hentry","category-politique","category-tunisie","tag-al-bawsala","tag-assemblee","tag-decret-loi-n54","tag-haythem-benzid","tag-kais-saied-2","tag-tunisie"],"yoast_head":"<!-- This site is optimized with the Yoast SEO plugin v26.6 - https:\/\/yoast.com\/wordpress\/plugins\/seo\/ -->\n<title>Tunisie\u00a0: Al-Bawsala refuse d\u2019\u00eatre \u00abun faux t\u00e9moin d\u2019un parlement de fa\u00e7ade\u00bb - Kapitalis<\/title>\n<meta name=\"robots\" content=\"index, follow, max-snippet:-1, max-image-preview:large, max-video-preview:-1\" \/>\n<link rel=\"canonical\" href=\"https:\/\/kapitalis.com\/tunisie\/2022\/12\/14\/tunisie-al-bawsala-refuse-detre-un-faux-temoin-dun-parlement-de-facade\/\" \/>\n<meta property=\"og:locale\" content=\"fr_FR\" \/>\n<meta property=\"og:type\" content=\"article\" \/>\n<meta property=\"og:title\" content=\"Tunisie\u00a0: Al-Bawsala refuse d\u2019\u00eatre \u00abun faux t\u00e9moin d\u2019un parlement de fa\u00e7ade\u00bb - Kapitalis\" \/>\n<meta property=\"og:description\" content=\"Al-Bawsala refuse de surveiller un parlement de fa\u00e7ade.\" \/>\n<meta property=\"og:url\" content=\"https:\/\/kapitalis.com\/tunisie\/2022\/12\/14\/tunisie-al-bawsala-refuse-detre-un-faux-temoin-dun-parlement-de-facade\/\" \/>\n<meta property=\"og:site_name\" content=\"Kapitalis\" \/>\n<meta property=\"article:publisher\" content=\"https:\/\/www.facebook.com\/KapitalisInfo\/\" \/>\n<meta property=\"article:published_time\" content=\"2022-12-14T07:37:54+00:00\" \/>\n<meta property=\"article:modified_time\" content=\"2022-12-14T07:37:56+00:00\" \/>\n<meta property=\"og:image\" content=\"https:\/\/kapitalis.com\/tunisie\/wp-content\/uploads\/2022\/12\/Al-Bawsala-Assemblee-Saied.jpg\" \/>\n\t<meta property=\"og:image:width\" content=\"1200\" \/>\n\t<meta property=\"og:image:height\" content=\"630\" \/>\n\t<meta property=\"og:image:type\" content=\"image\/jpeg\" \/>\n<meta name=\"author\" content=\"webmaster kapitalis\" \/>\n<meta name=\"twitter:card\" content=\"summary_large_image\" \/>\n<meta name=\"twitter:creator\" content=\"@KapitalisInfo\" \/>\n<meta name=\"twitter:site\" content=\"@KapitalisInfo\" \/>\n<meta name=\"twitter:label1\" content=\"\u00c9crit par\" \/>\n\t<meta name=\"twitter:data1\" content=\"webmaster kapitalis\" \/>\n\t<meta name=\"twitter:label2\" content=\"Dur\u00e9e de lecture estim\u00e9e\" \/>\n\t<meta name=\"twitter:data2\" content=\"2 minutes\" \/>\n<script type=\"application\/ld+json\" class=\"yoast-schema-graph\">{\"@context\":\"https:\/\/schema.org\",\"@graph\":[{\"@type\":\"Article\",\"@id\":\"https:\/\/kapitalis.com\/tunisie\/2022\/12\/14\/tunisie-al-bawsala-refuse-detre-un-faux-temoin-dun-parlement-de-facade\/#article\",\"isPartOf\":{\"@id\":\"https:\/\/kapitalis.com\/tunisie\/2022\/12\/14\/tunisie-al-bawsala-refuse-detre-un-faux-temoin-dun-parlement-de-facade\/\"},\"author\":{\"name\":\"webmaster kapitalis\",\"@id\":\"https:\/\/kapitalis.com\/tunisie\/#\/schema\/person\/d71f33a9ca44f7bad4698210b480c8e9\"},\"headline\":\"Tunisie\u00a0: Al-Bawsala refuse d\u2019\u00eatre \u00abun faux t\u00e9moin d\u2019un parlement de fa\u00e7ade\u00bb\",\"datePublished\":\"2022-12-14T07:37:54+00:00\",\"dateModified\":\"2022-12-14T07:37:56+00:00\",\"mainEntityOfPage\":{\"@id\":\"https:\/\/kapitalis.com\/tunisie\/2022\/12\/14\/tunisie-al-bawsala-refuse-detre-un-faux-temoin-dun-parlement-de-facade\/\"},\"wordCount\":422,\"commentCount\":2,\"publisher\":{\"@id\":\"https:\/\/kapitalis.com\/tunisie\/#organization\"},\"image\":{\"@id\":\"https:\/\/kapitalis.com\/tunisie\/2022\/12\/14\/tunisie-al-bawsala-refuse-detre-un-faux-temoin-dun-parlement-de-facade\/#primaryimage\"},\"thumbnailUrl\":\"https:\/\/kapitalis.com\/tunisie\/wp-content\/uploads\/2022\/12\/Al-Bawsala-Assemblee-Saied.jpg\",\"keywords\":[\"Al-Bawsala\",\"Assembl\u00e9e\",\"d\u00e9cret-loi N\u00b054\",\"Haythem Benzid\",\"Ka\u00efs Sa\u00efed\",\"Tunisie\"],\"articleSection\":[\"POLITIQUE\",\"Tunisie\"],\"inLanguage\":\"fr-FR\",\"potentialAction\":[{\"@type\":\"CommentAction\",\"name\":\"Comment\",\"target\":[\"https:\/\/kapitalis.com\/tunisie\/2022\/12\/14\/tunisie-al-bawsala-refuse-detre-un-faux-temoin-dun-parlement-de-facade\/#respond\"]}]},{\"@type\":\"WebPage\",\"@id\":\"https:\/\/kapitalis.com\/tunisie\/2022\/12\/14\/tunisie-al-bawsala-refuse-detre-un-faux-temoin-dun-parlement-de-facade\/\",\"url\":\"https:\/\/kapitalis.com\/tunisie\/2022\/12\/14\/tunisie-al-bawsala-refuse-detre-un-faux-temoin-dun-parlement-de-facade\/\",\"name\":\"Tunisie\u00a0: Al-Bawsala refuse d\u2019\u00eatre \u00abun faux t\u00e9moin d\u2019un parlement de fa\u00e7ade\u00bb - Kapitalis\",\"isPartOf\":{\"@id\":\"https:\/\/kapitalis.com\/tunisie\/#website\"},\"primaryImageOfPage\":{\"@id\":\"https:\/\/kapitalis.com\/tunisie\/2022\/12\/14\/tunisie-al-bawsala-refuse-detre-un-faux-temoin-dun-parlement-de-facade\/#primaryimage\"},\"image\":{\"@id\":\"https:\/\/kapitalis.com\/tunisie\/2022\/12\/14\/tunisie-al-bawsala-refuse-detre-un-faux-temoin-dun-parlement-de-facade\/#primaryimage\"},\"thumbnailUrl\":\"https:\/\/kapitalis.com\/tunisie\/wp-content\/uploads\/2022\/12\/Al-Bawsala-Assemblee-Saied.jpg\",\"datePublished\":\"2022-12-14T07:37:54+00:00\",\"dateModified\":\"2022-12-14T07:37:56+00:00\",\"breadcrumb\":{\"@id\":\"https:\/\/kapitalis.com\/tunisie\/2022\/12\/14\/tunisie-al-bawsala-refuse-detre-un-faux-temoin-dun-parlement-de-facade\/#breadcrumb\"},\"inLanguage\":\"fr-FR\",\"potentialAction\":[{\"@type\":\"ReadAction\",\"target\":[\"https:\/\/kapitalis.com\/tunisie\/2022\/12\/14\/tunisie-al-bawsala-refuse-detre-un-faux-temoin-dun-parlement-de-facade\/\"]}]},{\"@type\":\"ImageObject\",\"inLanguage\":\"fr-FR\",\"@id\":\"https:\/\/kapitalis.com\/tunisie\/2022\/12\/14\/tunisie-al-bawsala-refuse-detre-un-faux-temoin-dun-parlement-de-facade\/#primaryimage\",\"url\":\"https:\/\/kapitalis.com\/tunisie\/wp-content\/uploads\/2022\/12\/Al-Bawsala-Assemblee-Saied.jpg\",\"contentUrl\":\"https:\/\/kapitalis.com\/tunisie\/wp-content\/uploads\/2022\/12\/Al-Bawsala-Assemblee-Saied.jpg\",\"width\":1200,\"height\":630},{\"@type\":\"BreadcrumbList\",\"@id\":\"https:\/\/kapitalis.com\/tunisie\/2022\/12\/14\/tunisie-al-bawsala-refuse-detre-un-faux-temoin-dun-parlement-de-facade\/#breadcrumb\",\"itemListElement\":[{\"@type\":\"ListItem\",\"position\":1,\"name\":\"Accueil\",\"item\":\"https:\/\/kapitalis.com\/tunisie\/\"},{\"@type\":\"ListItem\",\"position\":2,\"name\":\"Tunisie\u00a0: Al-Bawsala refuse d\u2019\u00eatre \u00abun faux t\u00e9moin d\u2019un parlement de fa\u00e7ade\u00bb\"}]},{\"@type\":\"WebSite\",\"@id\":\"https:\/\/kapitalis.com\/tunisie\/#website\",\"url\":\"https:\/\/kapitalis.com\/tunisie\/\",\"name\":\"Kapitalis\",\"description\":\"L&#039;actualit\u00e9 en Tunisie et dans le monde\",\"publisher\":{\"@id\":\"https:\/\/kapitalis.com\/tunisie\/#organization\"},\"potentialAction\":[{\"@type\":\"SearchAction\",\"target\":{\"@type\":\"EntryPoint\",\"urlTemplate\":\"https:\/\/kapitalis.com\/tunisie\/?s={search_term_string}\"},\"query-input\":{\"@type\":\"PropertyValueSpecification\",\"valueRequired\":true,\"valueName\":\"search_term_string\"}}],\"inLanguage\":\"fr-FR\"},{\"@type\":\"Organization\",\"@id\":\"https:\/\/kapitalis.com\/tunisie\/#organization\",\"name\":\"Kapitalis\",\"url\":\"https:\/\/kapitalis.com\/tunisie\/\",\"logo\":{\"@type\":\"ImageObject\",\"inLanguage\":\"fr-FR\",\"@id\":\"https:\/\/kapitalis.com\/tunisie\/#\/schema\/logo\/image\/\",\"url\":\"https:\/\/kapitalis.com\/tunisie\/wp-content\/uploads\/2022\/05\/Kapitalis-big-size.png\",\"contentUrl\":\"https:\/\/kapitalis.com\/tunisie\/wp-content\/uploads\/2022\/05\/Kapitalis-big-size.png\",\"width\":5000,\"height\":1500,\"caption\":\"Kapitalis\"},\"image\":{\"@id\":\"https:\/\/kapitalis.com\/tunisie\/#\/schema\/logo\/image\/\"},\"sameAs\":[\"https:\/\/www.facebook.com\/KapitalisInfo\/\",\"https:\/\/x.com\/KapitalisInfo\",\"https:\/\/www.youtube.com\/channel\/UC-yDYrHyfFBWWZaOw3FPg9Q\"]},{\"@type\":\"Person\",\"@id\":\"https:\/\/kapitalis.com\/tunisie\/#\/schema\/person\/d71f33a9ca44f7bad4698210b480c8e9\",\"name\":\"webmaster kapitalis\",\"url\":\"https:\/\/kapitalis.com\/tunisie\/author\/webmaster-kapitalis\/\"}]}<\/script>\n<!-- \/ Yoast SEO plugin. -->","yoast_head_json":{"title":"Tunisie\u00a0: Al-Bawsala refuse d\u2019\u00eatre \u00abun faux t\u00e9moin d\u2019un parlement de fa\u00e7ade\u00bb - Kapitalis","robots":{"index":"index","follow":"follow","max-snippet":"max-snippet:-1","max-image-preview":"max-image-preview:large","max-video-preview":"max-video-preview:-1"},"canonical":"https:\/\/kapitalis.com\/tunisie\/2022\/12\/14\/tunisie-al-bawsala-refuse-detre-un-faux-temoin-dun-parlement-de-facade\/","og_locale":"fr_FR","og_type":"article","og_title":"Tunisie\u00a0: Al-Bawsala refuse d\u2019\u00eatre \u00abun faux t\u00e9moin d\u2019un parlement de fa\u00e7ade\u00bb - Kapitalis","og_description":"Al-Bawsala refuse de surveiller un parlement de fa\u00e7ade.","og_url":"https:\/\/kapitalis.com\/tunisie\/2022\/12\/14\/tunisie-al-bawsala-refuse-detre-un-faux-temoin-dun-parlement-de-facade\/","og_site_name":"Kapitalis","article_publisher":"https:\/\/www.facebook.com\/KapitalisInfo\/","article_published_time":"2022-12-14T07:37:54+00:00","article_modified_time":"2022-12-14T07:37:56+00:00","og_image":[{"width":1200,"height":630,"url":"https:\/\/kapitalis.com\/tunisie\/wp-content\/uploads\/2022\/12\/Al-Bawsala-Assemblee-Saied.jpg","type":"image\/jpeg"}],"author":"webmaster kapitalis","twitter_card":"summary_large_image","twitter_creator":"@KapitalisInfo","twitter_site":"@KapitalisInfo","twitter_misc":{"\u00c9crit par":"webmaster kapitalis","Dur\u00e9e de lecture estim\u00e9e":"2 minutes"},"schema":{"@context":"https:\/\/schema.org","@graph":[{"@type":"Article","@id":"https:\/\/kapitalis.com\/tunisie\/2022\/12\/14\/tunisie-al-bawsala-refuse-detre-un-faux-temoin-dun-parlement-de-facade\/#article","isPartOf":{"@id":"https:\/\/kapitalis.com\/tunisie\/2022\/12\/14\/tunisie-al-bawsala-refuse-detre-un-faux-temoin-dun-parlement-de-facade\/"},"author":{"name":"webmaster kapitalis","@id":"https:\/\/kapitalis.com\/tunisie\/#\/schema\/person\/d71f33a9ca44f7bad4698210b480c8e9"},"headline":"Tunisie\u00a0: Al-Bawsala refuse d\u2019\u00eatre \u00abun faux t\u00e9moin d\u2019un parlement de fa\u00e7ade\u00bb","datePublished":"2022-12-14T07:37:54+00:00","dateModified":"2022-12-14T07:37:56+00:00","mainEntityOfPage":{"@id":"https:\/\/kapitalis.com\/tunisie\/2022\/12\/14\/tunisie-al-bawsala-refuse-detre-un-faux-temoin-dun-parlement-de-facade\/"},"wordCount":422,"commentCount":2,"publisher":{"@id":"https:\/\/kapitalis.com\/tunisie\/#organization"},"image":{"@id":"https:\/\/kapitalis.com\/tunisie\/2022\/12\/14\/tunisie-al-bawsala-refuse-detre-un-faux-temoin-dun-parlement-de-facade\/#primaryimage"},"thumbnailUrl":"https:\/\/kapitalis.com\/tunisie\/wp-content\/uploads\/2022\/12\/Al-Bawsala-Assemblee-Saied.jpg","keywords":["Al-Bawsala","Assembl\u00e9e","d\u00e9cret-loi N\u00b054","Haythem Benzid","Ka\u00efs Sa\u00efed","Tunisie"],"articleSection":["POLITIQUE","Tunisie"],"inLanguage":"fr-FR","potentialAction":[{"@type":"CommentAction","name":"Comment","target":["https:\/\/kapitalis.com\/tunisie\/2022\/12\/14\/tunisie-al-bawsala-refuse-detre-un-faux-temoin-dun-parlement-de-facade\/#respond"]}]},{"@type":"WebPage","@id":"https:\/\/kapitalis.com\/tunisie\/2022\/12\/14\/tunisie-al-bawsala-refuse-detre-un-faux-temoin-dun-parlement-de-facade\/","url":"https:\/\/kapitalis.com\/tunisie\/2022\/12\/14\/tunisie-al-bawsala-refuse-detre-un-faux-temoin-dun-parlement-de-facade\/","name":"Tunisie\u00a0: Al-Bawsala refuse d\u2019\u00eatre \u00abun faux t\u00e9moin d\u2019un parlement de fa\u00e7ade\u00bb - Kapitalis","isPartOf":{"@id":"https:\/\/kapitalis.com\/tunisie\/#website"},"primaryImageOfPage":{"@id":"https:\/\/kapitalis.com\/tunisie\/2022\/12\/14\/tunisie-al-bawsala-refuse-detre-un-faux-temoin-dun-parlement-de-facade\/#primaryimage"},"image":{"@id":"https:\/\/kapitalis.com\/tunisie\/2022\/12\/14\/tunisie-al-bawsala-refuse-detre-un-faux-temoin-dun-parlement-de-facade\/#primaryimage"},"thumbnailUrl":"https:\/\/kapitalis.com\/tunisie\/wp-content\/uploads\/2022\/12\/Al-Bawsala-Assemblee-Saied.jpg","datePublished":"2022-12-14T07:37:54+00:00","dateModified":"2022-12-14T07:37:56+00:00","breadcrumb":{"@id":"https:\/\/kapitalis.com\/tunisie\/2022\/12\/14\/tunisie-al-bawsala-refuse-detre-un-faux-temoin-dun-parlement-de-facade\/#breadcrumb"},"inLanguage":"fr-FR","potentialAction":[{"@type":"ReadAction","target":["https:\/\/kapitalis.com\/tunisie\/2022\/12\/14\/tunisie-al-bawsala-refuse-detre-un-faux-temoin-dun-parlement-de-facade\/"]}]},{"@type":"ImageObject","inLanguage":"fr-FR","@id":"https:\/\/kapitalis.com\/tunisie\/2022\/12\/14\/tunisie-al-bawsala-refuse-detre-un-faux-temoin-dun-parlement-de-facade\/#primaryimage","url":"https:\/\/kapitalis.com\/tunisie\/wp-content\/uploads\/2022\/12\/Al-Bawsala-Assemblee-Saied.jpg","contentUrl":"https:\/\/kapitalis.com\/tunisie\/wp-content\/uploads\/2022\/12\/Al-Bawsala-Assemblee-Saied.jpg","width":1200,"height":630},{"@type":"BreadcrumbList","@id":"https:\/\/kapitalis.com\/tunisie\/2022\/12\/14\/tunisie-al-bawsala-refuse-detre-un-faux-temoin-dun-parlement-de-facade\/#breadcrumb","itemListElement":[{"@type":"ListItem","position":1,"name":"Accueil","item":"https:\/\/kapitalis.com\/tunisie\/"},{"@type":"ListItem","position":2,"name":"Tunisie\u00a0: Al-Bawsala refuse d\u2019\u00eatre \u00abun faux t\u00e9moin d\u2019un parlement de fa\u00e7ade\u00bb"}]},{"@type":"WebSite","@id":"https:\/\/kapitalis.com\/tunisie\/#website","url":"https:\/\/kapitalis.com\/tunisie\/","name":"Kapitalis","description":"L&#039;actualit\u00e9 en Tunisie et dans le monde","publisher":{"@id":"https:\/\/kapitalis.com\/tunisie\/#organization"},"potentialAction":[{"@type":"SearchAction","target":{"@type":"EntryPoint","urlTemplate":"https:\/\/kapitalis.com\/tunisie\/?s={search_term_string}"},"query-input":{"@type":"PropertyValueSpecification","valueRequired":true,"valueName":"search_term_string"}}],"inLanguage":"fr-FR"},{"@type":"Organization","@id":"https:\/\/kapitalis.com\/tunisie\/#organization","name":"Kapitalis","url":"https:\/\/kapitalis.com\/tunisie\/","logo":{"@type":"ImageObject","inLanguage":"fr-FR","@id":"https:\/\/kapitalis.com\/tunisie\/#\/schema\/logo\/image\/","url":"https:\/\/kapitalis.com\/tunisie\/wp-content\/uploads\/2022\/05\/Kapitalis-big-size.png","contentUrl":"https:\/\/kapitalis.com\/tunisie\/wp-content\/uploads\/2022\/05\/Kapitalis-big-size.png","width":5000,"height":1500,"caption":"Kapitalis"},"image":{"@id":"https:\/\/kapitalis.com\/tunisie\/#\/schema\/logo\/image\/"},"sameAs":["https:\/\/www.facebook.com\/KapitalisInfo\/","https:\/\/x.com\/KapitalisInfo","https:\/\/www.youtube.com\/channel\/UC-yDYrHyfFBWWZaOw3FPg9Q"]},{"@type":"Person","@id":"https:\/\/kapitalis.com\/tunisie\/#\/schema\/person\/d71f33a9ca44f7bad4698210b480c8e9","name":"webmaster kapitalis","url":"https:\/\/kapitalis.com\/tunisie\/author\/webmaster-kapitalis\/"}]}},"_links":{"self":[{"href":"https:\/\/kapitalis.com\/tunisie\/wp-json\/wp\/v2\/posts\/5673154","targetHints":{"allow":["GET"]}}],"collection":[{"href":"https:\/\/kapitalis.com\/tunisie\/wp-json\/wp\/v2\/posts"}],"about":[{"href":"https:\/\/kapitalis.com\/tunisie\/wp-json\/wp\/v2\/types\/post"}],"author":[{"embeddable":true,"href":"https:\/\/kapitalis.com\/tunisie\/wp-json\/wp\/v2\/users\/8"}],"replies":[{"embeddable":true,"href":"https:\/\/kapitalis.com\/tunisie\/wp-json\/wp\/v2\/comments?post=5673154"}],"version-history":[{"count":1,"href":"https:\/\/kapitalis.com\/tunisie\/wp-json\/wp\/v2\/posts\/5673154\/revisions"}],"predecessor-version":[{"id":5673222,"href":"https:\/\/kapitalis.com\/tunisie\/wp-json\/wp\/v2\/posts\/5673154\/revisions\/5673222"}],"wp:featuredmedia":[{"embeddable":true,"href":"https:\/\/kapitalis.com\/tunisie\/wp-json\/wp\/v2\/media\/5673215"}],"wp:attachment":[{"href":"https:\/\/kapitalis.com\/tunisie\/wp-json\/wp\/v2\/media?parent=5673154"}],"wp:term":[{"taxonomy":"category","embeddable":true,"href":"https:\/\/kapitalis.com\/tunisie\/wp-json\/wp\/v2\/categories?post=5673154"},{"taxonomy":"post_tag","embeddable":true,"href":"https:\/\/kapitalis.com\/tunisie\/wp-json\/wp\/v2\/tags?post=5673154"}],"curies":[{"name":"wp","href":"https:\/\/api.w.org\/{rel}","templated":true}]}}