{"id":5673747,"date":"2022-12-14T09:39:57","date_gmt":"2022-12-14T08:39:57","guid":{"rendered":"https:\/\/kapitalis.com\/tunisie\/?p=5673747"},"modified":"2022-12-14T09:39:59","modified_gmt":"2022-12-14T08:39:59","slug":"chokri-latif-lavenir-des-droits-de-lhomme-en-tunisie-est-incertain","status":"publish","type":"post","link":"https:\/\/kapitalis.com\/tunisie\/2022\/12\/14\/chokri-latif-lavenir-des-droits-de-lhomme-en-tunisie-est-incertain\/","title":{"rendered":"Chokri Latif\u00a0: \u00abL\u2019avenir des droits de l\u2019homme en Tunisie est incertain\u00bb"},"content":{"rendered":"\n<p><strong><em>Le cadre juridico-politique actuel en Tunisie laisse entrevoir \u00abun risque s\u00e9rieux de retour des anciennes pratiques de torture et d\u2019impunit\u00e9\u00bb, a averti le pr\u00e9sident de l\u2019Organisation contre la torture en Tunisie (OCTT), Chokri Latif, en faisant \u00e9tat de nombreux cas de morts suspectes suite \u00e0 des actes de \u00abviolence excessive\u00bb et de \u00abtirs \u00e0 balles r\u00e9elles\u00bb lors de descentes de police.<\/em><\/strong><\/p>\n\n\n\n<!--more-->\n\n\n\n<p>Chokri Latif s\u2019exprimait lors d\u2019une conf\u00e9rence de presse tenue au si\u00e8ge de l\u2019organisation \u00e0 Tunis mardi 13 d\u00e9cembre 2022 pour pr\u00e9senter les rapports d\u2019activit\u00e9 2021 et 2022 de l\u2019OCTT.<\/p>\n\n\n\n<p>La Premi\u00e8re ministre Najla Bouden s\u2019est abstenue d\u2019assister \u00e0 toute r\u00e9union avec des organisations de la soci\u00e9t\u00e9 civile, avant la pr\u00e9sentation du rapport tunisien sur la situation des droits de l\u2019homme devant le Conseil des droits de l\u2019homme des Nations unies \u00e0 Gen\u00e8ve, a ajout\u00e9 Latif. <em>\u00abIl y a tellement d\u2019indices que l\u2019avenir des droits de l\u2019homme en Tunisie est incertain\u00bb<\/em>, a-t-il soulign\u00e9, en citant la suspension de la constitution de 2014 et son remplacement par un autre <em>\u00abpr\u00e9sidentialiste\u00bb<\/em>, ainsi que la proclamation de l\u2019\u00e9tat d\u2019urgence, le 25 juillet 2021.<\/p>\n\n\n\n<p>Latif a \u00e9galement \u00e9voqu\u00e9 la pr\u00e9paration des \u00e9lections l\u00e9gislatives du 17 d\u00e9cembre \u00e0 travers une commission \u00e9lectorale <em>\u00absur mesure\u00bb<\/em> et le remplacement du Conseil sup\u00e9rieur de la magistrature par un Conseil <em>\u00abprovisoire\u00bb<\/em>.<\/p>\n\n\n\n<p>De son c\u00f4t\u00e9, le secr\u00e9taire g\u00e9n\u00e9ral de l\u2019organisation Mondher Cherni a indiqu\u00e9 que 90% des victimes de tortures sont des hommes, ajoutant que 65% des cas concernent des jeunes, tandis que 28% des victimes sont des personnes \u00e2g\u00e9es et 7% des enfants.<\/p>\n\n\n\n<p>Il a \u00e9galement indiqu\u00e9 que 58% des violations ont \u00e9t\u00e9 commises dans le Grand Tunis et 28% dans le nord-ouest, ajoutant que 70% des violations ont \u00e9t\u00e9 perp\u00e9tr\u00e9es par la police, 16% dans les prisons et 14% par la garde nationale. La plupart des violations \u00e9taient des cas de violence et de mauvais traitements, a-t-il soulign\u00e9.<\/p>\n\n\n\n<p>Cherni a soulign\u00e9 la n\u00e9cessit\u00e9 de consacrer l\u2019abolition de la peine de mort, rappelant que les tribunaux tunisiens ont prononc\u00e9 48 condamnations \u00e0 mort au cours de l\u2019ann\u00e9e \u00e9coul\u00e9e, ce qui soul\u00e8ve des questions sur la constitution du 25 juillet.<\/p>\n\n\n\n<p><strong><em>D\u2019apr\u00e8s Tap.<\/em><\/strong><\/p>\n","protected":false},"excerpt":{"rendered":"<p>\u00abIl y a tellement d\u2019indices que l\u2019avenir des droits de l\u2019homme en Tunisie est incertain\u00bb, avertit Chokri Latif.<\/p>\n","protected":false},"author":8,"featured_media":5673783,"comment_status":"open","ping_status":"open","sticky":false,"template":"","format":"standard","meta":{"footnotes":""},"categories":[997,998,2433],"tags":[81067,3138,105120,906],"class_list":["post-5673747","post","type-post","status-publish","format-standard","has-post-thumbnail","hentry","category-politique","category-societe","category-tunisie","tag-chokri-latif","tag-droits-de-lhomme","tag-mondher-cherni","tag-torture"],"yoast_head":"<!-- This site is optimized with the Yoast SEO plugin v26.6 - https:\/\/yoast.com\/wordpress\/plugins\/seo\/ -->\n<title>Chokri Latif\u00a0: \u00abL\u2019avenir des droits de l\u2019homme en Tunisie est incertain\u00bb - Kapitalis<\/title>\n<meta name=\"robots\" content=\"index, follow, max-snippet:-1, max-image-preview:large, max-video-preview:-1\" \/>\n<link rel=\"canonical\" href=\"https:\/\/kapitalis.com\/tunisie\/2022\/12\/14\/chokri-latif-lavenir-des-droits-de-lhomme-en-tunisie-est-incertain\/\" \/>\n<meta property=\"og:locale\" content=\"fr_FR\" \/>\n<meta property=\"og:type\" content=\"article\" \/>\n<meta property=\"og:title\" content=\"Chokri Latif\u00a0: \u00abL\u2019avenir des droits de l\u2019homme en Tunisie est incertain\u00bb - Kapitalis\" \/>\n<meta property=\"og:description\" content=\"\u00abIl y a tellement d\u2019indices que l\u2019avenir des droits de l\u2019homme en Tunisie est incertain\u00bb, avertit Chokri Latif.\" \/>\n<meta property=\"og:url\" content=\"https:\/\/kapitalis.com\/tunisie\/2022\/12\/14\/chokri-latif-lavenir-des-droits-de-lhomme-en-tunisie-est-incertain\/\" \/>\n<meta property=\"og:site_name\" content=\"Kapitalis\" \/>\n<meta property=\"article:publisher\" content=\"https:\/\/www.facebook.com\/KapitalisInfo\/\" \/>\n<meta property=\"article:published_time\" content=\"2022-12-14T08:39:57+00:00\" \/>\n<meta property=\"article:modified_time\" content=\"2022-12-14T08:39:59+00:00\" \/>\n<meta property=\"og:image\" content=\"https:\/\/kapitalis.com\/tunisie\/wp-content\/uploads\/2022\/12\/Chokri-Latif.jpg\" \/>\n\t<meta property=\"og:image:width\" content=\"1200\" \/>\n\t<meta property=\"og:image:height\" content=\"630\" \/>\n\t<meta property=\"og:image:type\" content=\"image\/jpeg\" \/>\n<meta name=\"author\" content=\"webmaster kapitalis\" \/>\n<meta name=\"twitter:card\" content=\"summary_large_image\" \/>\n<meta name=\"twitter:creator\" content=\"@KapitalisInfo\" \/>\n<meta name=\"twitter:site\" content=\"@KapitalisInfo\" \/>\n<meta name=\"twitter:label1\" content=\"\u00c9crit par\" \/>\n\t<meta name=\"twitter:data1\" content=\"webmaster kapitalis\" \/>\n\t<meta name=\"twitter:label2\" content=\"Dur\u00e9e de lecture estim\u00e9e\" \/>\n\t<meta name=\"twitter:data2\" content=\"2 minutes\" \/>\n<script type=\"application\/ld+json\" class=\"yoast-schema-graph\">{\"@context\":\"https:\/\/schema.org\",\"@graph\":[{\"@type\":\"Article\",\"@id\":\"https:\/\/kapitalis.com\/tunisie\/2022\/12\/14\/chokri-latif-lavenir-des-droits-de-lhomme-en-tunisie-est-incertain\/#article\",\"isPartOf\":{\"@id\":\"https:\/\/kapitalis.com\/tunisie\/2022\/12\/14\/chokri-latif-lavenir-des-droits-de-lhomme-en-tunisie-est-incertain\/\"},\"author\":{\"name\":\"webmaster kapitalis\",\"@id\":\"https:\/\/kapitalis.com\/tunisie\/#\/schema\/person\/d71f33a9ca44f7bad4698210b480c8e9\"},\"headline\":\"Chokri Latif\u00a0: \u00abL\u2019avenir des droits de l\u2019homme en Tunisie est incertain\u00bb\",\"datePublished\":\"2022-12-14T08:39:57+00:00\",\"dateModified\":\"2022-12-14T08:39:59+00:00\",\"mainEntityOfPage\":{\"@id\":\"https:\/\/kapitalis.com\/tunisie\/2022\/12\/14\/chokri-latif-lavenir-des-droits-de-lhomme-en-tunisie-est-incertain\/\"},\"wordCount\":388,\"commentCount\":0,\"publisher\":{\"@id\":\"https:\/\/kapitalis.com\/tunisie\/#organization\"},\"image\":{\"@id\":\"https:\/\/kapitalis.com\/tunisie\/2022\/12\/14\/chokri-latif-lavenir-des-droits-de-lhomme-en-tunisie-est-incertain\/#primaryimage\"},\"thumbnailUrl\":\"https:\/\/kapitalis.com\/tunisie\/wp-content\/uploads\/2022\/12\/Chokri-Latif.jpg\",\"keywords\":[\"Chokri Latif\",\"droits de l\u2019Homme\",\"Mondher Cherni\",\"torture\"],\"articleSection\":[\"POLITIQUE\",\"SOCIETE\",\"Tunisie\"],\"inLanguage\":\"fr-FR\",\"potentialAction\":[{\"@type\":\"CommentAction\",\"name\":\"Comment\",\"target\":[\"https:\/\/kapitalis.com\/tunisie\/2022\/12\/14\/chokri-latif-lavenir-des-droits-de-lhomme-en-tunisie-est-incertain\/#respond\"]}]},{\"@type\":\"WebPage\",\"@id\":\"https:\/\/kapitalis.com\/tunisie\/2022\/12\/14\/chokri-latif-lavenir-des-droits-de-lhomme-en-tunisie-est-incertain\/\",\"url\":\"https:\/\/kapitalis.com\/tunisie\/2022\/12\/14\/chokri-latif-lavenir-des-droits-de-lhomme-en-tunisie-est-incertain\/\",\"name\":\"Chokri Latif\u00a0: \u00abL\u2019avenir des droits de l\u2019homme en Tunisie est incertain\u00bb - Kapitalis\",\"isPartOf\":{\"@id\":\"https:\/\/kapitalis.com\/tunisie\/#website\"},\"primaryImageOfPage\":{\"@id\":\"https:\/\/kapitalis.com\/tunisie\/2022\/12\/14\/chokri-latif-lavenir-des-droits-de-lhomme-en-tunisie-est-incertain\/#primaryimage\"},\"image\":{\"@id\":\"https:\/\/kapitalis.com\/tunisie\/2022\/12\/14\/chokri-latif-lavenir-des-droits-de-lhomme-en-tunisie-est-incertain\/#primaryimage\"},\"thumbnailUrl\":\"https:\/\/kapitalis.com\/tunisie\/wp-content\/uploads\/2022\/12\/Chokri-Latif.jpg\",\"datePublished\":\"2022-12-14T08:39:57+00:00\",\"dateModified\":\"2022-12-14T08:39:59+00:00\",\"breadcrumb\":{\"@id\":\"https:\/\/kapitalis.com\/tunisie\/2022\/12\/14\/chokri-latif-lavenir-des-droits-de-lhomme-en-tunisie-est-incertain\/#breadcrumb\"},\"inLanguage\":\"fr-FR\",\"potentialAction\":[{\"@type\":\"ReadAction\",\"target\":[\"https:\/\/kapitalis.com\/tunisie\/2022\/12\/14\/chokri-latif-lavenir-des-droits-de-lhomme-en-tunisie-est-incertain\/\"]}]},{\"@type\":\"ImageObject\",\"inLanguage\":\"fr-FR\",\"@id\":\"https:\/\/kapitalis.com\/tunisie\/2022\/12\/14\/chokri-latif-lavenir-des-droits-de-lhomme-en-tunisie-est-incertain\/#primaryimage\",\"url\":\"https:\/\/kapitalis.com\/tunisie\/wp-content\/uploads\/2022\/12\/Chokri-Latif.jpg\",\"contentUrl\":\"https:\/\/kapitalis.com\/tunisie\/wp-content\/uploads\/2022\/12\/Chokri-Latif.jpg\",\"width\":1200,\"height\":630},{\"@type\":\"BreadcrumbList\",\"@id\":\"https:\/\/kapitalis.com\/tunisie\/2022\/12\/14\/chokri-latif-lavenir-des-droits-de-lhomme-en-tunisie-est-incertain\/#breadcrumb\",\"itemListElement\":[{\"@type\":\"ListItem\",\"position\":1,\"name\":\"Accueil\",\"item\":\"https:\/\/kapitalis.com\/tunisie\/\"},{\"@type\":\"ListItem\",\"position\":2,\"name\":\"Chokri Latif\u00a0: \u00abL\u2019avenir des droits de l\u2019homme en Tunisie est incertain\u00bb\"}]},{\"@type\":\"WebSite\",\"@id\":\"https:\/\/kapitalis.com\/tunisie\/#website\",\"url\":\"https:\/\/kapitalis.com\/tunisie\/\",\"name\":\"Kapitalis\",\"description\":\"L&#039;actualit\u00e9 en Tunisie et dans le monde\",\"publisher\":{\"@id\":\"https:\/\/kapitalis.com\/tunisie\/#organization\"},\"potentialAction\":[{\"@type\":\"SearchAction\",\"target\":{\"@type\":\"EntryPoint\",\"urlTemplate\":\"https:\/\/kapitalis.com\/tunisie\/?s={search_term_string}\"},\"query-input\":{\"@type\":\"PropertyValueSpecification\",\"valueRequired\":true,\"valueName\":\"search_term_string\"}}],\"inLanguage\":\"fr-FR\"},{\"@type\":\"Organization\",\"@id\":\"https:\/\/kapitalis.com\/tunisie\/#organization\",\"name\":\"Kapitalis\",\"url\":\"https:\/\/kapitalis.com\/tunisie\/\",\"logo\":{\"@type\":\"ImageObject\",\"inLanguage\":\"fr-FR\",\"@id\":\"https:\/\/kapitalis.com\/tunisie\/#\/schema\/logo\/image\/\",\"url\":\"https:\/\/kapitalis.com\/tunisie\/wp-content\/uploads\/2022\/05\/Kapitalis-big-size.png\",\"contentUrl\":\"https:\/\/kapitalis.com\/tunisie\/wp-content\/uploads\/2022\/05\/Kapitalis-big-size.png\",\"width\":5000,\"height\":1500,\"caption\":\"Kapitalis\"},\"image\":{\"@id\":\"https:\/\/kapitalis.com\/tunisie\/#\/schema\/logo\/image\/\"},\"sameAs\":[\"https:\/\/www.facebook.com\/KapitalisInfo\/\",\"https:\/\/x.com\/KapitalisInfo\",\"https:\/\/www.youtube.com\/channel\/UC-yDYrHyfFBWWZaOw3FPg9Q\"]},{\"@type\":\"Person\",\"@id\":\"https:\/\/kapitalis.com\/tunisie\/#\/schema\/person\/d71f33a9ca44f7bad4698210b480c8e9\",\"name\":\"webmaster kapitalis\",\"url\":\"https:\/\/kapitalis.com\/tunisie\/author\/webmaster-kapitalis\/\"}]}<\/script>\n<!-- \/ Yoast SEO plugin. -->","yoast_head_json":{"title":"Chokri Latif\u00a0: \u00abL\u2019avenir des droits de l\u2019homme en Tunisie est incertain\u00bb - Kapitalis","robots":{"index":"index","follow":"follow","max-snippet":"max-snippet:-1","max-image-preview":"max-image-preview:large","max-video-preview":"max-video-preview:-1"},"canonical":"https:\/\/kapitalis.com\/tunisie\/2022\/12\/14\/chokri-latif-lavenir-des-droits-de-lhomme-en-tunisie-est-incertain\/","og_locale":"fr_FR","og_type":"article","og_title":"Chokri Latif\u00a0: \u00abL\u2019avenir des droits de l\u2019homme en Tunisie est incertain\u00bb - Kapitalis","og_description":"\u00abIl y a tellement d\u2019indices que l\u2019avenir des droits de l\u2019homme en Tunisie est incertain\u00bb, avertit Chokri Latif.","og_url":"https:\/\/kapitalis.com\/tunisie\/2022\/12\/14\/chokri-latif-lavenir-des-droits-de-lhomme-en-tunisie-est-incertain\/","og_site_name":"Kapitalis","article_publisher":"https:\/\/www.facebook.com\/KapitalisInfo\/","article_published_time":"2022-12-14T08:39:57+00:00","article_modified_time":"2022-12-14T08:39:59+00:00","og_image":[{"width":1200,"height":630,"url":"https:\/\/kapitalis.com\/tunisie\/wp-content\/uploads\/2022\/12\/Chokri-Latif.jpg","type":"image\/jpeg"}],"author":"webmaster kapitalis","twitter_card":"summary_large_image","twitter_creator":"@KapitalisInfo","twitter_site":"@KapitalisInfo","twitter_misc":{"\u00c9crit par":"webmaster kapitalis","Dur\u00e9e de lecture estim\u00e9e":"2 minutes"},"schema":{"@context":"https:\/\/schema.org","@graph":[{"@type":"Article","@id":"https:\/\/kapitalis.com\/tunisie\/2022\/12\/14\/chokri-latif-lavenir-des-droits-de-lhomme-en-tunisie-est-incertain\/#article","isPartOf":{"@id":"https:\/\/kapitalis.com\/tunisie\/2022\/12\/14\/chokri-latif-lavenir-des-droits-de-lhomme-en-tunisie-est-incertain\/"},"author":{"name":"webmaster kapitalis","@id":"https:\/\/kapitalis.com\/tunisie\/#\/schema\/person\/d71f33a9ca44f7bad4698210b480c8e9"},"headline":"Chokri Latif\u00a0: \u00abL\u2019avenir des droits de l\u2019homme en Tunisie est incertain\u00bb","datePublished":"2022-12-14T08:39:57+00:00","dateModified":"2022-12-14T08:39:59+00:00","mainEntityOfPage":{"@id":"https:\/\/kapitalis.com\/tunisie\/2022\/12\/14\/chokri-latif-lavenir-des-droits-de-lhomme-en-tunisie-est-incertain\/"},"wordCount":388,"commentCount":0,"publisher":{"@id":"https:\/\/kapitalis.com\/tunisie\/#organization"},"image":{"@id":"https:\/\/kapitalis.com\/tunisie\/2022\/12\/14\/chokri-latif-lavenir-des-droits-de-lhomme-en-tunisie-est-incertain\/#primaryimage"},"thumbnailUrl":"https:\/\/kapitalis.com\/tunisie\/wp-content\/uploads\/2022\/12\/Chokri-Latif.jpg","keywords":["Chokri Latif","droits de l\u2019Homme","Mondher Cherni","torture"],"articleSection":["POLITIQUE","SOCIETE","Tunisie"],"inLanguage":"fr-FR","potentialAction":[{"@type":"CommentAction","name":"Comment","target":["https:\/\/kapitalis.com\/tunisie\/2022\/12\/14\/chokri-latif-lavenir-des-droits-de-lhomme-en-tunisie-est-incertain\/#respond"]}]},{"@type":"WebPage","@id":"https:\/\/kapitalis.com\/tunisie\/2022\/12\/14\/chokri-latif-lavenir-des-droits-de-lhomme-en-tunisie-est-incertain\/","url":"https:\/\/kapitalis.com\/tunisie\/2022\/12\/14\/chokri-latif-lavenir-des-droits-de-lhomme-en-tunisie-est-incertain\/","name":"Chokri Latif\u00a0: \u00abL\u2019avenir des droits de l\u2019homme en Tunisie est incertain\u00bb - Kapitalis","isPartOf":{"@id":"https:\/\/kapitalis.com\/tunisie\/#website"},"primaryImageOfPage":{"@id":"https:\/\/kapitalis.com\/tunisie\/2022\/12\/14\/chokri-latif-lavenir-des-droits-de-lhomme-en-tunisie-est-incertain\/#primaryimage"},"image":{"@id":"https:\/\/kapitalis.com\/tunisie\/2022\/12\/14\/chokri-latif-lavenir-des-droits-de-lhomme-en-tunisie-est-incertain\/#primaryimage"},"thumbnailUrl":"https:\/\/kapitalis.com\/tunisie\/wp-content\/uploads\/2022\/12\/Chokri-Latif.jpg","datePublished":"2022-12-14T08:39:57+00:00","dateModified":"2022-12-14T08:39:59+00:00","breadcrumb":{"@id":"https:\/\/kapitalis.com\/tunisie\/2022\/12\/14\/chokri-latif-lavenir-des-droits-de-lhomme-en-tunisie-est-incertain\/#breadcrumb"},"inLanguage":"fr-FR","potentialAction":[{"@type":"ReadAction","target":["https:\/\/kapitalis.com\/tunisie\/2022\/12\/14\/chokri-latif-lavenir-des-droits-de-lhomme-en-tunisie-est-incertain\/"]}]},{"@type":"ImageObject","inLanguage":"fr-FR","@id":"https:\/\/kapitalis.com\/tunisie\/2022\/12\/14\/chokri-latif-lavenir-des-droits-de-lhomme-en-tunisie-est-incertain\/#primaryimage","url":"https:\/\/kapitalis.com\/tunisie\/wp-content\/uploads\/2022\/12\/Chokri-Latif.jpg","contentUrl":"https:\/\/kapitalis.com\/tunisie\/wp-content\/uploads\/2022\/12\/Chokri-Latif.jpg","width":1200,"height":630},{"@type":"BreadcrumbList","@id":"https:\/\/kapitalis.com\/tunisie\/2022\/12\/14\/chokri-latif-lavenir-des-droits-de-lhomme-en-tunisie-est-incertain\/#breadcrumb","itemListElement":[{"@type":"ListItem","position":1,"name":"Accueil","item":"https:\/\/kapitalis.com\/tunisie\/"},{"@type":"ListItem","position":2,"name":"Chokri Latif\u00a0: \u00abL\u2019avenir des droits de l\u2019homme en Tunisie est incertain\u00bb"}]},{"@type":"WebSite","@id":"https:\/\/kapitalis.com\/tunisie\/#website","url":"https:\/\/kapitalis.com\/tunisie\/","name":"Kapitalis","description":"L&#039;actualit\u00e9 en Tunisie et dans le monde","publisher":{"@id":"https:\/\/kapitalis.com\/tunisie\/#organization"},"potentialAction":[{"@type":"SearchAction","target":{"@type":"EntryPoint","urlTemplate":"https:\/\/kapitalis.com\/tunisie\/?s={search_term_string}"},"query-input":{"@type":"PropertyValueSpecification","valueRequired":true,"valueName":"search_term_string"}}],"inLanguage":"fr-FR"},{"@type":"Organization","@id":"https:\/\/kapitalis.com\/tunisie\/#organization","name":"Kapitalis","url":"https:\/\/kapitalis.com\/tunisie\/","logo":{"@type":"ImageObject","inLanguage":"fr-FR","@id":"https:\/\/kapitalis.com\/tunisie\/#\/schema\/logo\/image\/","url":"https:\/\/kapitalis.com\/tunisie\/wp-content\/uploads\/2022\/05\/Kapitalis-big-size.png","contentUrl":"https:\/\/kapitalis.com\/tunisie\/wp-content\/uploads\/2022\/05\/Kapitalis-big-size.png","width":5000,"height":1500,"caption":"Kapitalis"},"image":{"@id":"https:\/\/kapitalis.com\/tunisie\/#\/schema\/logo\/image\/"},"sameAs":["https:\/\/www.facebook.com\/KapitalisInfo\/","https:\/\/x.com\/KapitalisInfo","https:\/\/www.youtube.com\/channel\/UC-yDYrHyfFBWWZaOw3FPg9Q"]},{"@type":"Person","@id":"https:\/\/kapitalis.com\/tunisie\/#\/schema\/person\/d71f33a9ca44f7bad4698210b480c8e9","name":"webmaster kapitalis","url":"https:\/\/kapitalis.com\/tunisie\/author\/webmaster-kapitalis\/"}]}},"_links":{"self":[{"href":"https:\/\/kapitalis.com\/tunisie\/wp-json\/wp\/v2\/posts\/5673747","targetHints":{"allow":["GET"]}}],"collection":[{"href":"https:\/\/kapitalis.com\/tunisie\/wp-json\/wp\/v2\/posts"}],"about":[{"href":"https:\/\/kapitalis.com\/tunisie\/wp-json\/wp\/v2\/types\/post"}],"author":[{"embeddable":true,"href":"https:\/\/kapitalis.com\/tunisie\/wp-json\/wp\/v2\/users\/8"}],"replies":[{"embeddable":true,"href":"https:\/\/kapitalis.com\/tunisie\/wp-json\/wp\/v2\/comments?post=5673747"}],"version-history":[{"count":1,"href":"https:\/\/kapitalis.com\/tunisie\/wp-json\/wp\/v2\/posts\/5673747\/revisions"}],"predecessor-version":[{"id":5673789,"href":"https:\/\/kapitalis.com\/tunisie\/wp-json\/wp\/v2\/posts\/5673747\/revisions\/5673789"}],"wp:featuredmedia":[{"embeddable":true,"href":"https:\/\/kapitalis.com\/tunisie\/wp-json\/wp\/v2\/media\/5673783"}],"wp:attachment":[{"href":"https:\/\/kapitalis.com\/tunisie\/wp-json\/wp\/v2\/media?parent=5673747"}],"wp:term":[{"taxonomy":"category","embeddable":true,"href":"https:\/\/kapitalis.com\/tunisie\/wp-json\/wp\/v2\/categories?post=5673747"},{"taxonomy":"post_tag","embeddable":true,"href":"https:\/\/kapitalis.com\/tunisie\/wp-json\/wp\/v2\/tags?post=5673747"}],"curies":[{"name":"wp","href":"https:\/\/api.w.org\/{rel}","templated":true}]}}