{"id":56841,"date":"2016-07-05T10:09:38","date_gmt":"2016-07-05T09:09:38","guid":{"rendered":"http:\/\/kapitalis.com\/tunisie\/?p=56841"},"modified":"2016-07-05T10:11:30","modified_gmt":"2016-07-05T09:11:30","slug":"le-president-caid-essebsi-se-felicite-pour-la-reussite-de-son-initiative","status":"publish","type":"post","link":"https:\/\/kapitalis.com\/tunisie\/2016\/07\/05\/le-president-caid-essebsi-se-felicite-pour-la-reussite-de-son-initiative\/","title":{"rendered":"Le pr\u00e9sident Caid Essebsi se f\u00e9licite pour la r\u00e9ussite de son initiative"},"content":{"rendered":"<p style=\"text-align: center;\"><img loading=\"lazy\" decoding=\"async\" class=\"alignnone size-full wp-image-56842\" src=\"http:\/\/kapitalis.com\/tunisie\/wp-content\/uploads\/2016\/07\/Concertation-Gouvernement-Union-nationale.jpg\" alt=\"Concertation-Gouvernement-Union-nationale\" width=\"626\" height=\"380\" \/><\/p>\n<p style=\"text-align: left;\"><em><strong>Le pr\u00e9sident de la r\u00e9publique Beji Caid Essebsi se f\u00e9licite de la r\u00e9ussite de son initiative portant sur la formation d\u2019un gouvernement d\u2019union nationale.<\/strong> <\/em><\/p>\n<p style=\"text-align: left;\"><!--more--><\/p>\n<p style=\"text-align: left;\">Lors de la derni\u00e8re r\u00e9union de concertation des partis et des organisations sur cette initiative, tenue lundi soir, au palais de Carthage, le chef de l\u2019Etat a estim\u00e9 que cette initiative <em>\u00aba atteint ses objectifs dans la limite des pr\u00e9rogatives fix\u00e9es par la constitution au pr\u00e9sident de la r\u00e9publique\u00bb<\/em>.<\/p>\n<p style=\"text-align: left;\"><em>\u00abNous disposons d\u00e9sormais d\u2019un document qui fait l\u2019unanimit\u00e9, que nous avons \u00e9labor\u00e9 ensemble et qui a fait l\u2019objet de concertation avec tous les partis et organisations pr\u00e9sents autour de cette table, qui lui ont apport\u00e9 les amendements qu\u2019ils ont jug\u00e9 utiles\u00bb<\/em>, a-t-il indiqu\u00e9.<\/p>\n<p style=\"text-align: left;\">Le chef de l\u2019Etat a pr\u00e9cis\u00e9 que <em>\u00abtoutes les parties prenantes aux concertations se sont engag\u00e9es \u00e0 parachever avant l&rsquo;Aid El-Fitr les priorit\u00e9s et ont r\u00e9ussi \u00e0 le faire dans un temps aussi limit\u00e9\u00bb<\/em>, souhaitant que le peuple tunisien appr\u00e9ciera \u00e0 sa juste valeur ces efforts.<\/p>\n<p style=\"text-align: left;\"><em>\u00abLe peuple tunisien a besoin d\u2019une lueur d\u2019espoir, d\u2019autant que le mois de ramadhan s\u2019est bien pass\u00e9 et la Tunisie a su d\u00e9jouer ce que beaucoup souhaitaient se produire, et ce gr\u00e2ce aux efforts des cadres des forces de s\u00e9curit\u00e9 et de l\u2019arm\u00e9e ainsi que les hommes politiques\u00bb<\/em>, a-t-il ajout\u00e9.<\/p>\n<p style=\"text-align: left;\">Pour ce qui est du prochain gouvernement, le pr\u00e9sident Caid Essebsi a indiqu\u00e9 que <em>\u00abla question est d\u00e9sormais du ressort des partis politiques\u00bb<\/em>, rappelant que le pr\u00e9sident de la r\u00e9publique n\u2019est pas habilit\u00e9 par la constitution \u00e0 proposer un chef de gouvernement.<\/p>\n<p style=\"text-align: left;\">R\u00e9pondant aux d\u00e9tracteurs de son initiative, le pr\u00e9sident de la r\u00e9publique a affirm\u00e9 que ceux-ci <em>\u00abn\u2019ont pas compris le plan sur lequel on s\u2019\u00e9tait mis d\u2019accord et que le gouvernement d\u2019union nationale ne signifie pas n\u00e9cessairement que tout participant aux concertations sera un de ses membres\u00bb.<\/em><\/p>\n<p style=\"text-align: left;\"><em>\u00abParmi les partis engag\u00e9s dans les concertations certains n\u2019\u00e9taient pas pr\u00eats \u00e0 faire parti du gouvernement ou n\u2019en \u00e9taient pas concern\u00e9s, mais ils n\u2019\u00e9taient pas non plus exclus de la participation\u00bb<\/em> (aux concertations, Ndlr), a-t-il ajout\u00e9.<\/p>\n<p style=\"text-align: left;\">Le pr\u00e9sident Essebsi s\u2019est f\u00e9licit\u00e9, par ailleurs, que les partis politiques, les organisations et les hommes politiques assument leurs responsabilit\u00e9s. <em>\u00abC\u2019est la premi\u00e8re fois dans l\u2019histoire de la Tunisie que toutes les sensibilit\u00e9s politiques se r\u00e9unissent autour d\u2019une m\u00eame table et font preuve d\u2019altruisme lorsqu\u2019il s\u2019agit de l\u2019int\u00e9r\u00eat sup\u00e9rieur du pays\u00bb<\/em>, a-t-il soulign\u00e9, feignant d\u2019oublier que certains partis n\u2019ont pas \u00e9t\u00e9 associ\u00e9s aux concertations ou ont refus\u00e9 d\u2019en faire partie, comme le Front populaire, \u00e0 moins qu\u2019il les consid\u00e8re comme une quantit\u00e9 n\u00e9gligeable.<\/p>\n<p style=\"text-align: left;\">Le chef de l\u2019Etat a justifi\u00e9 le lancement de son initiative par le retrait du soutien des partis au gouvernement. <em>\u00abLe retrait de ce soutien dont le gouvernement tirait sa force r\u00e9v\u00e8le l\u2019existence d\u2019un probl\u00e8me et le chef de l\u2019Etat, quelles que soient les limites de ses pr\u00e9rogatives constitutionnelles, a une grande responsabilit\u00e9 morale dans la d\u00e9fense des int\u00e9r\u00eats du pays et de son peuple<\/em>\u00bb, a-t-il fait remarquer.<\/p>\n<p style=\"text-align: left;\">La r\u00e9union s\u2019est d\u00e9roul\u00e9e en pr\u00e9sence de Houcine Abassi, secr\u00e9taire g\u00e9n\u00e9rale de l\u2019Union g\u00e9n\u00e9rale tunisienne du travail (UGTT), Hichem Elloumi, repr\u00e9sentant l\u2019Union tunisienne de l\u2019industrie, du commerce et de l\u2019artisanat (Utica), Kouraich Belghith, de l\u2019Union tunisienne de l\u2019agriculture et de la p\u00eache (Utap), Rached Ghannouchi (Ennahdha), Hafedh Caid Essebsi (Nidaa Tounes), Slim Riahi (Union patriotique libre), Riadh Mouakher (Afek Tounes), Mohsen Marzouk (Machrouu Tounes), Kamel Morjane (L\u2019Initiative nationale destourienne), Mohamed Sellini (Mouvement Echaab), Issam Chebbi (Parti R\u00e9publicain) et Samir Ettaieb (Voie d\u00e9mocratique et sociale).<\/p>\n<p style=\"text-align: left;\">Selon un communiqu\u00e9 rendu public par la pr\u00e9sidence de la r\u00e9publique \u00e0 l\u2019issue de la r\u00e9union, les participants ont pass\u00e9 en revue le document approuv\u00e9 par les experts et qui comporte les priorit\u00e9s qui seront adopt\u00e9es par le programme du gouvernement d\u2019union nationale, \u00e0 savoir la lutte contre le terrorisme et la corruption, la relance de la croissance et de l\u2019emploi, l\u2019instauration des bases de la bonne gouvernance, la ma\u00eetrise des \u00e9quilibres financiers, la poursuite d\u2019une politique sociale \u00e9quilibr\u00e9e, la mise en place d\u2019une politique en direction des collectivit\u00e9s locales, la consolidation de l\u2019action gouvernementale et le parach\u00e8vement des institutions constitutionnelles.<\/p>\n<p style=\"text-align: left;\">Il a \u00e9t\u00e9 convenu que le nouveau gouvernement b\u00e9n\u00e9ficie du soutien total de toutes les parties prenantes aux concertations.<\/p>\n<p style=\"text-align: right;\"><em><strong>Source<\/strong><\/em> : Tap.<\/p>\n","protected":false},"excerpt":{"rendered":"<p>Le pr\u00e9sident de la r\u00e9publique Beji Caid Essebsi se f\u00e9licite de la r\u00e9ussite de son initiative portant sur la formation d\u2019un gouvernement d\u2019union nationale.<\/p>\n","protected":false},"author":8,"featured_media":56842,"comment_status":"open","ping_status":"open","sticky":false,"template":"","format":"standard","meta":{"footnotes":""},"categories":[997,2433],"tags":[14260,1714],"class_list":["post-56841","post","type-post","status-publish","format-standard","has-post-thumbnail","hentry","category-politique","category-tunisie","tag-gouvernement-dunion-nationale","tag-houcine-abassi"],"yoast_head":"<!-- This site is optimized with the Yoast SEO plugin v26.6 - https:\/\/yoast.com\/wordpress\/plugins\/seo\/ -->\n<title>Le pr\u00e9sident Caid Essebsi se f\u00e9licite pour la r\u00e9ussite de son initiative - Kapitalis<\/title>\n<meta name=\"robots\" content=\"index, follow, max-snippet:-1, max-image-preview:large, max-video-preview:-1\" \/>\n<link rel=\"canonical\" href=\"https:\/\/kapitalis.com\/tunisie\/2016\/07\/05\/le-president-caid-essebsi-se-felicite-pour-la-reussite-de-son-initiative\/\" \/>\n<meta property=\"og:locale\" content=\"fr_FR\" \/>\n<meta property=\"og:type\" content=\"article\" \/>\n<meta property=\"og:title\" content=\"Le pr\u00e9sident Caid Essebsi se f\u00e9licite pour la r\u00e9ussite de son initiative - Kapitalis\" \/>\n<meta property=\"og:description\" content=\"Le pr\u00e9sident de la r\u00e9publique Beji Caid Essebsi se f\u00e9licite de la r\u00e9ussite de son initiative portant sur la formation d\u2019un gouvernement d\u2019union nationale.\" \/>\n<meta property=\"og:url\" content=\"https:\/\/kapitalis.com\/tunisie\/2016\/07\/05\/le-president-caid-essebsi-se-felicite-pour-la-reussite-de-son-initiative\/\" \/>\n<meta property=\"og:site_name\" content=\"Kapitalis\" \/>\n<meta property=\"article:publisher\" content=\"https:\/\/www.facebook.com\/KapitalisInfo\/\" \/>\n<meta property=\"article:published_time\" content=\"2016-07-05T09:09:38+00:00\" \/>\n<meta property=\"article:modified_time\" content=\"2016-07-05T09:11:30+00:00\" \/>\n<meta property=\"og:image\" content=\"https:\/\/kapitalis.com\/tunisie\/wp-content\/uploads\/2022\/05\/kapitalis-logo-fb.png\" \/>\n\t<meta property=\"og:image:width\" content=\"1200\" \/>\n\t<meta property=\"og:image:height\" content=\"630\" \/>\n\t<meta property=\"og:image:type\" content=\"image\/png\" \/>\n<meta name=\"author\" content=\"webmaster kapitalis\" \/>\n<meta name=\"twitter:card\" content=\"summary_large_image\" \/>\n<meta name=\"twitter:creator\" content=\"@KapitalisInfo\" \/>\n<meta name=\"twitter:site\" content=\"@KapitalisInfo\" \/>\n<meta name=\"twitter:label1\" content=\"\u00c9crit par\" \/>\n\t<meta name=\"twitter:data1\" content=\"webmaster kapitalis\" \/>\n\t<meta name=\"twitter:label2\" content=\"Dur\u00e9e de lecture estim\u00e9e\" \/>\n\t<meta name=\"twitter:data2\" content=\"4 minutes\" \/>\n<script type=\"application\/ld+json\" class=\"yoast-schema-graph\">{\"@context\":\"https:\/\/schema.org\",\"@graph\":[{\"@type\":\"Article\",\"@id\":\"https:\/\/kapitalis.com\/tunisie\/2016\/07\/05\/le-president-caid-essebsi-se-felicite-pour-la-reussite-de-son-initiative\/#article\",\"isPartOf\":{\"@id\":\"https:\/\/kapitalis.com\/tunisie\/2016\/07\/05\/le-president-caid-essebsi-se-felicite-pour-la-reussite-de-son-initiative\/\"},\"author\":{\"name\":\"webmaster kapitalis\",\"@id\":\"https:\/\/kapitalis.com\/tunisie\/#\/schema\/person\/d71f33a9ca44f7bad4698210b480c8e9\"},\"headline\":\"Le pr\u00e9sident Caid Essebsi se f\u00e9licite pour la r\u00e9ussite de son initiative\",\"datePublished\":\"2016-07-05T09:09:38+00:00\",\"dateModified\":\"2016-07-05T09:11:30+00:00\",\"mainEntityOfPage\":{\"@id\":\"https:\/\/kapitalis.com\/tunisie\/2016\/07\/05\/le-president-caid-essebsi-se-felicite-pour-la-reussite-de-son-initiative\/\"},\"wordCount\":829,\"commentCount\":2,\"publisher\":{\"@id\":\"https:\/\/kapitalis.com\/tunisie\/#organization\"},\"image\":{\"@id\":\"https:\/\/kapitalis.com\/tunisie\/2016\/07\/05\/le-president-caid-essebsi-se-felicite-pour-la-reussite-de-son-initiative\/#primaryimage\"},\"thumbnailUrl\":\"\",\"keywords\":[\"gouvernement d'union nationale\",\"Houcine Abassi\"],\"articleSection\":[\"POLITIQUE\",\"Tunisie\"],\"inLanguage\":\"fr-FR\",\"potentialAction\":[{\"@type\":\"CommentAction\",\"name\":\"Comment\",\"target\":[\"https:\/\/kapitalis.com\/tunisie\/2016\/07\/05\/le-president-caid-essebsi-se-felicite-pour-la-reussite-de-son-initiative\/#respond\"]}]},{\"@type\":\"WebPage\",\"@id\":\"https:\/\/kapitalis.com\/tunisie\/2016\/07\/05\/le-president-caid-essebsi-se-felicite-pour-la-reussite-de-son-initiative\/\",\"url\":\"https:\/\/kapitalis.com\/tunisie\/2016\/07\/05\/le-president-caid-essebsi-se-felicite-pour-la-reussite-de-son-initiative\/\",\"name\":\"Le pr\u00e9sident Caid Essebsi se f\u00e9licite pour la r\u00e9ussite de son initiative - Kapitalis\",\"isPartOf\":{\"@id\":\"https:\/\/kapitalis.com\/tunisie\/#website\"},\"primaryImageOfPage\":{\"@id\":\"https:\/\/kapitalis.com\/tunisie\/2016\/07\/05\/le-president-caid-essebsi-se-felicite-pour-la-reussite-de-son-initiative\/#primaryimage\"},\"image\":{\"@id\":\"https:\/\/kapitalis.com\/tunisie\/2016\/07\/05\/le-president-caid-essebsi-se-felicite-pour-la-reussite-de-son-initiative\/#primaryimage\"},\"thumbnailUrl\":\"\",\"datePublished\":\"2016-07-05T09:09:38+00:00\",\"dateModified\":\"2016-07-05T09:11:30+00:00\",\"breadcrumb\":{\"@id\":\"https:\/\/kapitalis.com\/tunisie\/2016\/07\/05\/le-president-caid-essebsi-se-felicite-pour-la-reussite-de-son-initiative\/#breadcrumb\"},\"inLanguage\":\"fr-FR\",\"potentialAction\":[{\"@type\":\"ReadAction\",\"target\":[\"https:\/\/kapitalis.com\/tunisie\/2016\/07\/05\/le-president-caid-essebsi-se-felicite-pour-la-reussite-de-son-initiative\/\"]}]},{\"@type\":\"ImageObject\",\"inLanguage\":\"fr-FR\",\"@id\":\"https:\/\/kapitalis.com\/tunisie\/2016\/07\/05\/le-president-caid-essebsi-se-felicite-pour-la-reussite-de-son-initiative\/#primaryimage\",\"url\":\"\",\"contentUrl\":\"\"},{\"@type\":\"BreadcrumbList\",\"@id\":\"https:\/\/kapitalis.com\/tunisie\/2016\/07\/05\/le-president-caid-essebsi-se-felicite-pour-la-reussite-de-son-initiative\/#breadcrumb\",\"itemListElement\":[{\"@type\":\"ListItem\",\"position\":1,\"name\":\"Accueil\",\"item\":\"https:\/\/kapitalis.com\/tunisie\/\"},{\"@type\":\"ListItem\",\"position\":2,\"name\":\"Le pr\u00e9sident Caid Essebsi se f\u00e9licite pour la r\u00e9ussite de son initiative\"}]},{\"@type\":\"WebSite\",\"@id\":\"https:\/\/kapitalis.com\/tunisie\/#website\",\"url\":\"https:\/\/kapitalis.com\/tunisie\/\",\"name\":\"Kapitalis\",\"description\":\"L&#039;actualit\u00e9 en Tunisie et dans le monde\",\"publisher\":{\"@id\":\"https:\/\/kapitalis.com\/tunisie\/#organization\"},\"potentialAction\":[{\"@type\":\"SearchAction\",\"target\":{\"@type\":\"EntryPoint\",\"urlTemplate\":\"https:\/\/kapitalis.com\/tunisie\/?s={search_term_string}\"},\"query-input\":{\"@type\":\"PropertyValueSpecification\",\"valueRequired\":true,\"valueName\":\"search_term_string\"}}],\"inLanguage\":\"fr-FR\"},{\"@type\":\"Organization\",\"@id\":\"https:\/\/kapitalis.com\/tunisie\/#organization\",\"name\":\"Kapitalis\",\"url\":\"https:\/\/kapitalis.com\/tunisie\/\",\"logo\":{\"@type\":\"ImageObject\",\"inLanguage\":\"fr-FR\",\"@id\":\"https:\/\/kapitalis.com\/tunisie\/#\/schema\/logo\/image\/\",\"url\":\"https:\/\/kapitalis.com\/tunisie\/wp-content\/uploads\/2022\/05\/Kapitalis-big-size.png\",\"contentUrl\":\"https:\/\/kapitalis.com\/tunisie\/wp-content\/uploads\/2022\/05\/Kapitalis-big-size.png\",\"width\":5000,\"height\":1500,\"caption\":\"Kapitalis\"},\"image\":{\"@id\":\"https:\/\/kapitalis.com\/tunisie\/#\/schema\/logo\/image\/\"},\"sameAs\":[\"https:\/\/www.facebook.com\/KapitalisInfo\/\",\"https:\/\/x.com\/KapitalisInfo\",\"https:\/\/www.youtube.com\/channel\/UC-yDYrHyfFBWWZaOw3FPg9Q\"]},{\"@type\":\"Person\",\"@id\":\"https:\/\/kapitalis.com\/tunisie\/#\/schema\/person\/d71f33a9ca44f7bad4698210b480c8e9\",\"name\":\"webmaster kapitalis\",\"url\":\"https:\/\/kapitalis.com\/tunisie\/author\/webmaster-kapitalis\/\"}]}<\/script>\n<!-- \/ Yoast SEO plugin. -->","yoast_head_json":{"title":"Le pr\u00e9sident Caid Essebsi se f\u00e9licite pour la r\u00e9ussite de son initiative - Kapitalis","robots":{"index":"index","follow":"follow","max-snippet":"max-snippet:-1","max-image-preview":"max-image-preview:large","max-video-preview":"max-video-preview:-1"},"canonical":"https:\/\/kapitalis.com\/tunisie\/2016\/07\/05\/le-president-caid-essebsi-se-felicite-pour-la-reussite-de-son-initiative\/","og_locale":"fr_FR","og_type":"article","og_title":"Le pr\u00e9sident Caid Essebsi se f\u00e9licite pour la r\u00e9ussite de son initiative - Kapitalis","og_description":"Le pr\u00e9sident de la r\u00e9publique Beji Caid Essebsi se f\u00e9licite de la r\u00e9ussite de son initiative portant sur la formation d\u2019un gouvernement d\u2019union nationale.","og_url":"https:\/\/kapitalis.com\/tunisie\/2016\/07\/05\/le-president-caid-essebsi-se-felicite-pour-la-reussite-de-son-initiative\/","og_site_name":"Kapitalis","article_publisher":"https:\/\/www.facebook.com\/KapitalisInfo\/","article_published_time":"2016-07-05T09:09:38+00:00","article_modified_time":"2016-07-05T09:11:30+00:00","og_image":[{"width":1200,"height":630,"url":"https:\/\/kapitalis.com\/tunisie\/wp-content\/uploads\/2022\/05\/kapitalis-logo-fb.png","type":"image\/png"}],"author":"webmaster kapitalis","twitter_card":"summary_large_image","twitter_creator":"@KapitalisInfo","twitter_site":"@KapitalisInfo","twitter_misc":{"\u00c9crit par":"webmaster kapitalis","Dur\u00e9e de lecture estim\u00e9e":"4 minutes"},"schema":{"@context":"https:\/\/schema.org","@graph":[{"@type":"Article","@id":"https:\/\/kapitalis.com\/tunisie\/2016\/07\/05\/le-president-caid-essebsi-se-felicite-pour-la-reussite-de-son-initiative\/#article","isPartOf":{"@id":"https:\/\/kapitalis.com\/tunisie\/2016\/07\/05\/le-president-caid-essebsi-se-felicite-pour-la-reussite-de-son-initiative\/"},"author":{"name":"webmaster kapitalis","@id":"https:\/\/kapitalis.com\/tunisie\/#\/schema\/person\/d71f33a9ca44f7bad4698210b480c8e9"},"headline":"Le pr\u00e9sident Caid Essebsi se f\u00e9licite pour la r\u00e9ussite de son initiative","datePublished":"2016-07-05T09:09:38+00:00","dateModified":"2016-07-05T09:11:30+00:00","mainEntityOfPage":{"@id":"https:\/\/kapitalis.com\/tunisie\/2016\/07\/05\/le-president-caid-essebsi-se-felicite-pour-la-reussite-de-son-initiative\/"},"wordCount":829,"commentCount":2,"publisher":{"@id":"https:\/\/kapitalis.com\/tunisie\/#organization"},"image":{"@id":"https:\/\/kapitalis.com\/tunisie\/2016\/07\/05\/le-president-caid-essebsi-se-felicite-pour-la-reussite-de-son-initiative\/#primaryimage"},"thumbnailUrl":"","keywords":["gouvernement d'union nationale","Houcine Abassi"],"articleSection":["POLITIQUE","Tunisie"],"inLanguage":"fr-FR","potentialAction":[{"@type":"CommentAction","name":"Comment","target":["https:\/\/kapitalis.com\/tunisie\/2016\/07\/05\/le-president-caid-essebsi-se-felicite-pour-la-reussite-de-son-initiative\/#respond"]}]},{"@type":"WebPage","@id":"https:\/\/kapitalis.com\/tunisie\/2016\/07\/05\/le-president-caid-essebsi-se-felicite-pour-la-reussite-de-son-initiative\/","url":"https:\/\/kapitalis.com\/tunisie\/2016\/07\/05\/le-president-caid-essebsi-se-felicite-pour-la-reussite-de-son-initiative\/","name":"Le pr\u00e9sident Caid Essebsi se f\u00e9licite pour la r\u00e9ussite de son initiative - Kapitalis","isPartOf":{"@id":"https:\/\/kapitalis.com\/tunisie\/#website"},"primaryImageOfPage":{"@id":"https:\/\/kapitalis.com\/tunisie\/2016\/07\/05\/le-president-caid-essebsi-se-felicite-pour-la-reussite-de-son-initiative\/#primaryimage"},"image":{"@id":"https:\/\/kapitalis.com\/tunisie\/2016\/07\/05\/le-president-caid-essebsi-se-felicite-pour-la-reussite-de-son-initiative\/#primaryimage"},"thumbnailUrl":"","datePublished":"2016-07-05T09:09:38+00:00","dateModified":"2016-07-05T09:11:30+00:00","breadcrumb":{"@id":"https:\/\/kapitalis.com\/tunisie\/2016\/07\/05\/le-president-caid-essebsi-se-felicite-pour-la-reussite-de-son-initiative\/#breadcrumb"},"inLanguage":"fr-FR","potentialAction":[{"@type":"ReadAction","target":["https:\/\/kapitalis.com\/tunisie\/2016\/07\/05\/le-president-caid-essebsi-se-felicite-pour-la-reussite-de-son-initiative\/"]}]},{"@type":"ImageObject","inLanguage":"fr-FR","@id":"https:\/\/kapitalis.com\/tunisie\/2016\/07\/05\/le-president-caid-essebsi-se-felicite-pour-la-reussite-de-son-initiative\/#primaryimage","url":"","contentUrl":""},{"@type":"BreadcrumbList","@id":"https:\/\/kapitalis.com\/tunisie\/2016\/07\/05\/le-president-caid-essebsi-se-felicite-pour-la-reussite-de-son-initiative\/#breadcrumb","itemListElement":[{"@type":"ListItem","position":1,"name":"Accueil","item":"https:\/\/kapitalis.com\/tunisie\/"},{"@type":"ListItem","position":2,"name":"Le pr\u00e9sident Caid Essebsi se f\u00e9licite pour la r\u00e9ussite de son initiative"}]},{"@type":"WebSite","@id":"https:\/\/kapitalis.com\/tunisie\/#website","url":"https:\/\/kapitalis.com\/tunisie\/","name":"Kapitalis","description":"L&#039;actualit\u00e9 en Tunisie et dans le monde","publisher":{"@id":"https:\/\/kapitalis.com\/tunisie\/#organization"},"potentialAction":[{"@type":"SearchAction","target":{"@type":"EntryPoint","urlTemplate":"https:\/\/kapitalis.com\/tunisie\/?s={search_term_string}"},"query-input":{"@type":"PropertyValueSpecification","valueRequired":true,"valueName":"search_term_string"}}],"inLanguage":"fr-FR"},{"@type":"Organization","@id":"https:\/\/kapitalis.com\/tunisie\/#organization","name":"Kapitalis","url":"https:\/\/kapitalis.com\/tunisie\/","logo":{"@type":"ImageObject","inLanguage":"fr-FR","@id":"https:\/\/kapitalis.com\/tunisie\/#\/schema\/logo\/image\/","url":"https:\/\/kapitalis.com\/tunisie\/wp-content\/uploads\/2022\/05\/Kapitalis-big-size.png","contentUrl":"https:\/\/kapitalis.com\/tunisie\/wp-content\/uploads\/2022\/05\/Kapitalis-big-size.png","width":5000,"height":1500,"caption":"Kapitalis"},"image":{"@id":"https:\/\/kapitalis.com\/tunisie\/#\/schema\/logo\/image\/"},"sameAs":["https:\/\/www.facebook.com\/KapitalisInfo\/","https:\/\/x.com\/KapitalisInfo","https:\/\/www.youtube.com\/channel\/UC-yDYrHyfFBWWZaOw3FPg9Q"]},{"@type":"Person","@id":"https:\/\/kapitalis.com\/tunisie\/#\/schema\/person\/d71f33a9ca44f7bad4698210b480c8e9","name":"webmaster kapitalis","url":"https:\/\/kapitalis.com\/tunisie\/author\/webmaster-kapitalis\/"}]}},"_links":{"self":[{"href":"https:\/\/kapitalis.com\/tunisie\/wp-json\/wp\/v2\/posts\/56841","targetHints":{"allow":["GET"]}}],"collection":[{"href":"https:\/\/kapitalis.com\/tunisie\/wp-json\/wp\/v2\/posts"}],"about":[{"href":"https:\/\/kapitalis.com\/tunisie\/wp-json\/wp\/v2\/types\/post"}],"author":[{"embeddable":true,"href":"https:\/\/kapitalis.com\/tunisie\/wp-json\/wp\/v2\/users\/8"}],"replies":[{"embeddable":true,"href":"https:\/\/kapitalis.com\/tunisie\/wp-json\/wp\/v2\/comments?post=56841"}],"version-history":[{"count":0,"href":"https:\/\/kapitalis.com\/tunisie\/wp-json\/wp\/v2\/posts\/56841\/revisions"}],"wp:featuredmedia":[{"embeddable":true,"href":"https:\/\/kapitalis.com\/tunisie\/wp-json\/wp\/v2\/media\/56842"}],"wp:attachment":[{"href":"https:\/\/kapitalis.com\/tunisie\/wp-json\/wp\/v2\/media?parent=56841"}],"wp:term":[{"taxonomy":"category","embeddable":true,"href":"https:\/\/kapitalis.com\/tunisie\/wp-json\/wp\/v2\/categories?post=56841"},{"taxonomy":"post_tag","embeddable":true,"href":"https:\/\/kapitalis.com\/tunisie\/wp-json\/wp\/v2\/tags?post=56841"}],"curies":[{"name":"wp","href":"https:\/\/api.w.org\/{rel}","templated":true}]}}