{"id":56870,"date":"2016-07-05T11:13:22","date_gmt":"2016-07-05T10:13:22","guid":{"rendered":"http:\/\/kapitalis.com\/tunisie\/?p=56870"},"modified":"2016-07-05T11:13:22","modified_gmt":"2016-07-05T10:13:22","slug":"meteo-de-laid-ciel-nuageux-et-mer-agitee","status":"publish","type":"post","link":"https:\/\/kapitalis.com\/tunisie\/2016\/07\/05\/meteo-de-laid-ciel-nuageux-et-mer-agitee\/","title":{"rendered":"M\u00e9t\u00e9o de l\u2019Aid : Ciel nuageux et mer agit\u00e9e"},"content":{"rendered":"<p><img loading=\"lazy\" decoding=\"async\" class=\"alignnone size-full wp-image-3343 aligncenter\" src=\"http:\/\/kapitalis.com\/tunisie\/wp-content\/uploads\/2015\/06\/Ciel-nuageux.jpg\" alt=\"Ciel-nuageux\" width=\"626\" height=\"380\" \/><\/p>\n<p><em><strong>Aujourd\u2019hui, le ciel sera partiellement voil\u00e9 et parfois nuageux l\u2019apr\u00e8s-midi sur le nord et le centre avec quelques pluies locales prenant, temporairement, un caract\u00e8re orageux sur les hauteurs ouest.<\/strong> <\/em><\/p>\n<p><!--more--><\/p>\n<p>Le vent soufflera de secteur Est faible \u00e0 mod\u00e9r\u00e9 de 15 \u00e0 30 km\/h puis se renfor\u00e7ant l\u2019apr\u00e8s midi pr\u00e8s les c\u00f4tes atteignant 40 km\/h et d\u00e9passant 60 km\/h sous orages.<\/p>\n<p>La mer sera peu agit\u00e9e \u00e0 agit\u00e9e. Les temp\u00e9ratures maximales seront comprises entre 32 et 36\u00b0C sur les r\u00e9gions c\u00f4ti\u00e8res, entre 38 et 43\u00b0C sur le reste du pays avec coups locaux de sirocco.<\/p>\n<p>Pour demain, mercredi, 1er jour d&rsquo;Aid El-Fitr, le ciel sera couvert de quelques nuages sur la plupart des r\u00e9gions. Les nuages seront plus abondants l\u2019apr\u00e8s-midi sur le centre-ouest.<\/p>\n<p>Le vent soufflera de secteur Nord sur le nord et le centre et de secteur Est sur le sud, assez fort de 30 \u00e0 50 Km\/h pr\u00e8s des c\u00f4tes et sur le sud avec ph\u00e9nom\u00e8nes locaux de sable et faible \u00e0 mod\u00e9r\u00e9 de 15 \u00e0 25 km\/h ailleurs.<\/p>\n<p>La mer sera agit\u00e9e et les temp\u00e9ratures maximales comprises entre 31 et 36\u00b0C sur le nord, les r\u00e9gions c\u00f4ti\u00e8res et les hauteurs et entre 37 et 42\u00b0C ailleurs, atteignant 44\u00b0C sur le sud avec coups de sirocco.<\/p>\n<p><em><strong>Source<\/strong> <\/em>: <em>Institut national de m\u00e9t\u00e9orologie. <\/em><\/p>\n","protected":false},"excerpt":{"rendered":"<p>Aujourd\u2019hui, le ciel sera partiellement voil\u00e9 et parfois nuageux l\u2019apr\u00e8s-midi sur le nord et le centre avec quelques pluies locales prenant, temporairement, un caract\u00e8re orageux sur les hauteurs ouest.<\/p>\n","protected":false},"author":8,"featured_media":0,"comment_status":"open","ping_status":"open","sticky":false,"template":"","format":"standard","meta":{"footnotes":""},"categories":[998,2433],"tags":[3110,18959,603,1616,1664,1665],"class_list":["post-56870","post","type-post","status-publish","format-standard","hentry","category-societe","category-tunisie","tag-aid-el-fitr","tag-mer-agitee","tag-meteo","tag-nuages","tag-pluies","tag-temperatures"],"yoast_head":"<!-- This site is optimized with the Yoast SEO plugin v26.6 - https:\/\/yoast.com\/wordpress\/plugins\/seo\/ -->\n<title>M\u00e9t\u00e9o de l\u2019Aid : Ciel nuageux et mer agit\u00e9e - Kapitalis<\/title>\n<meta name=\"robots\" content=\"index, follow, max-snippet:-1, max-image-preview:large, max-video-preview:-1\" \/>\n<link rel=\"canonical\" href=\"https:\/\/kapitalis.com\/tunisie\/2016\/07\/05\/meteo-de-laid-ciel-nuageux-et-mer-agitee\/\" \/>\n<meta property=\"og:locale\" content=\"fr_FR\" \/>\n<meta property=\"og:type\" content=\"article\" \/>\n<meta property=\"og:title\" content=\"M\u00e9t\u00e9o de l\u2019Aid : Ciel nuageux et mer agit\u00e9e - Kapitalis\" \/>\n<meta property=\"og:description\" content=\"Aujourd\u2019hui, le ciel sera partiellement voil\u00e9 et parfois nuageux l\u2019apr\u00e8s-midi sur le nord et le centre avec quelques pluies locales prenant, temporairement, un caract\u00e8re orageux sur les hauteurs ouest.\" \/>\n<meta property=\"og:url\" content=\"https:\/\/kapitalis.com\/tunisie\/2016\/07\/05\/meteo-de-laid-ciel-nuageux-et-mer-agitee\/\" \/>\n<meta property=\"og:site_name\" content=\"Kapitalis\" \/>\n<meta property=\"article:publisher\" content=\"https:\/\/www.facebook.com\/KapitalisInfo\/\" \/>\n<meta property=\"article:published_time\" content=\"2016-07-05T10:13:22+00:00\" \/>\n<meta property=\"og:image\" content=\"http:\/\/kapitalis.com\/tunisie\/wp-content\/uploads\/2015\/06\/Ciel-nuageux.jpg\" \/>\n<meta name=\"author\" content=\"webmaster kapitalis\" \/>\n<meta name=\"twitter:card\" content=\"summary_large_image\" \/>\n<meta name=\"twitter:creator\" content=\"@KapitalisInfo\" \/>\n<meta name=\"twitter:site\" content=\"@KapitalisInfo\" \/>\n<meta name=\"twitter:label1\" content=\"\u00c9crit par\" \/>\n\t<meta name=\"twitter:data1\" content=\"webmaster kapitalis\" \/>\n\t<meta name=\"twitter:label2\" content=\"Dur\u00e9e de lecture estim\u00e9e\" \/>\n\t<meta name=\"twitter:data2\" content=\"1 minute\" \/>\n<script type=\"application\/ld+json\" class=\"yoast-schema-graph\">{\"@context\":\"https:\/\/schema.org\",\"@graph\":[{\"@type\":\"Article\",\"@id\":\"https:\/\/kapitalis.com\/tunisie\/2016\/07\/05\/meteo-de-laid-ciel-nuageux-et-mer-agitee\/#article\",\"isPartOf\":{\"@id\":\"https:\/\/kapitalis.com\/tunisie\/2016\/07\/05\/meteo-de-laid-ciel-nuageux-et-mer-agitee\/\"},\"author\":{\"name\":\"webmaster kapitalis\",\"@id\":\"https:\/\/kapitalis.com\/tunisie\/#\/schema\/person\/d71f33a9ca44f7bad4698210b480c8e9\"},\"headline\":\"M\u00e9t\u00e9o de l\u2019Aid : Ciel nuageux et mer agit\u00e9e\",\"datePublished\":\"2016-07-05T10:13:22+00:00\",\"mainEntityOfPage\":{\"@id\":\"https:\/\/kapitalis.com\/tunisie\/2016\/07\/05\/meteo-de-laid-ciel-nuageux-et-mer-agitee\/\"},\"wordCount\":243,\"commentCount\":0,\"publisher\":{\"@id\":\"https:\/\/kapitalis.com\/tunisie\/#organization\"},\"image\":{\"@id\":\"https:\/\/kapitalis.com\/tunisie\/2016\/07\/05\/meteo-de-laid-ciel-nuageux-et-mer-agitee\/#primaryimage\"},\"thumbnailUrl\":\"http:\/\/kapitalis.com\/tunisie\/wp-content\/uploads\/2015\/06\/Ciel-nuageux.jpg\",\"keywords\":[\"A\u00efd El-Fitr\",\"mer agit\u00e9e\",\"m\u00e9t\u00e9o\",\"nuages\",\"pluies\",\"temp\u00e9ratures\"],\"articleSection\":[\"SOCIETE\",\"Tunisie\"],\"inLanguage\":\"fr-FR\",\"potentialAction\":[{\"@type\":\"CommentAction\",\"name\":\"Comment\",\"target\":[\"https:\/\/kapitalis.com\/tunisie\/2016\/07\/05\/meteo-de-laid-ciel-nuageux-et-mer-agitee\/#respond\"]}]},{\"@type\":\"WebPage\",\"@id\":\"https:\/\/kapitalis.com\/tunisie\/2016\/07\/05\/meteo-de-laid-ciel-nuageux-et-mer-agitee\/\",\"url\":\"https:\/\/kapitalis.com\/tunisie\/2016\/07\/05\/meteo-de-laid-ciel-nuageux-et-mer-agitee\/\",\"name\":\"M\u00e9t\u00e9o de l\u2019Aid : Ciel nuageux et mer agit\u00e9e - Kapitalis\",\"isPartOf\":{\"@id\":\"https:\/\/kapitalis.com\/tunisie\/#website\"},\"primaryImageOfPage\":{\"@id\":\"https:\/\/kapitalis.com\/tunisie\/2016\/07\/05\/meteo-de-laid-ciel-nuageux-et-mer-agitee\/#primaryimage\"},\"image\":{\"@id\":\"https:\/\/kapitalis.com\/tunisie\/2016\/07\/05\/meteo-de-laid-ciel-nuageux-et-mer-agitee\/#primaryimage\"},\"thumbnailUrl\":\"http:\/\/kapitalis.com\/tunisie\/wp-content\/uploads\/2015\/06\/Ciel-nuageux.jpg\",\"datePublished\":\"2016-07-05T10:13:22+00:00\",\"breadcrumb\":{\"@id\":\"https:\/\/kapitalis.com\/tunisie\/2016\/07\/05\/meteo-de-laid-ciel-nuageux-et-mer-agitee\/#breadcrumb\"},\"inLanguage\":\"fr-FR\",\"potentialAction\":[{\"@type\":\"ReadAction\",\"target\":[\"https:\/\/kapitalis.com\/tunisie\/2016\/07\/05\/meteo-de-laid-ciel-nuageux-et-mer-agitee\/\"]}]},{\"@type\":\"ImageObject\",\"inLanguage\":\"fr-FR\",\"@id\":\"https:\/\/kapitalis.com\/tunisie\/2016\/07\/05\/meteo-de-laid-ciel-nuageux-et-mer-agitee\/#primaryimage\",\"url\":\"http:\/\/kapitalis.com\/tunisie\/wp-content\/uploads\/2015\/06\/Ciel-nuageux.jpg\",\"contentUrl\":\"http:\/\/kapitalis.com\/tunisie\/wp-content\/uploads\/2015\/06\/Ciel-nuageux.jpg\"},{\"@type\":\"BreadcrumbList\",\"@id\":\"https:\/\/kapitalis.com\/tunisie\/2016\/07\/05\/meteo-de-laid-ciel-nuageux-et-mer-agitee\/#breadcrumb\",\"itemListElement\":[{\"@type\":\"ListItem\",\"position\":1,\"name\":\"Accueil\",\"item\":\"https:\/\/kapitalis.com\/tunisie\/\"},{\"@type\":\"ListItem\",\"position\":2,\"name\":\"M\u00e9t\u00e9o de l\u2019Aid : Ciel nuageux et mer agit\u00e9e\"}]},{\"@type\":\"WebSite\",\"@id\":\"https:\/\/kapitalis.com\/tunisie\/#website\",\"url\":\"https:\/\/kapitalis.com\/tunisie\/\",\"name\":\"Kapitalis\",\"description\":\"L&#039;actualit\u00e9 en Tunisie et dans le monde\",\"publisher\":{\"@id\":\"https:\/\/kapitalis.com\/tunisie\/#organization\"},\"potentialAction\":[{\"@type\":\"SearchAction\",\"target\":{\"@type\":\"EntryPoint\",\"urlTemplate\":\"https:\/\/kapitalis.com\/tunisie\/?s={search_term_string}\"},\"query-input\":{\"@type\":\"PropertyValueSpecification\",\"valueRequired\":true,\"valueName\":\"search_term_string\"}}],\"inLanguage\":\"fr-FR\"},{\"@type\":\"Organization\",\"@id\":\"https:\/\/kapitalis.com\/tunisie\/#organization\",\"name\":\"Kapitalis\",\"url\":\"https:\/\/kapitalis.com\/tunisie\/\",\"logo\":{\"@type\":\"ImageObject\",\"inLanguage\":\"fr-FR\",\"@id\":\"https:\/\/kapitalis.com\/tunisie\/#\/schema\/logo\/image\/\",\"url\":\"https:\/\/kapitalis.com\/tunisie\/wp-content\/uploads\/2022\/05\/Kapitalis-big-size.png\",\"contentUrl\":\"https:\/\/kapitalis.com\/tunisie\/wp-content\/uploads\/2022\/05\/Kapitalis-big-size.png\",\"width\":5000,\"height\":1500,\"caption\":\"Kapitalis\"},\"image\":{\"@id\":\"https:\/\/kapitalis.com\/tunisie\/#\/schema\/logo\/image\/\"},\"sameAs\":[\"https:\/\/www.facebook.com\/KapitalisInfo\/\",\"https:\/\/x.com\/KapitalisInfo\",\"https:\/\/www.youtube.com\/channel\/UC-yDYrHyfFBWWZaOw3FPg9Q\"]},{\"@type\":\"Person\",\"@id\":\"https:\/\/kapitalis.com\/tunisie\/#\/schema\/person\/d71f33a9ca44f7bad4698210b480c8e9\",\"name\":\"webmaster kapitalis\",\"url\":\"https:\/\/kapitalis.com\/tunisie\/author\/webmaster-kapitalis\/\"}]}<\/script>\n<!-- \/ Yoast SEO plugin. -->","yoast_head_json":{"title":"M\u00e9t\u00e9o de l\u2019Aid : Ciel nuageux et mer agit\u00e9e - Kapitalis","robots":{"index":"index","follow":"follow","max-snippet":"max-snippet:-1","max-image-preview":"max-image-preview:large","max-video-preview":"max-video-preview:-1"},"canonical":"https:\/\/kapitalis.com\/tunisie\/2016\/07\/05\/meteo-de-laid-ciel-nuageux-et-mer-agitee\/","og_locale":"fr_FR","og_type":"article","og_title":"M\u00e9t\u00e9o de l\u2019Aid : Ciel nuageux et mer agit\u00e9e - Kapitalis","og_description":"Aujourd\u2019hui, le ciel sera partiellement voil\u00e9 et parfois nuageux l\u2019apr\u00e8s-midi sur le nord et le centre avec quelques pluies locales prenant, temporairement, un caract\u00e8re orageux sur les hauteurs ouest.","og_url":"https:\/\/kapitalis.com\/tunisie\/2016\/07\/05\/meteo-de-laid-ciel-nuageux-et-mer-agitee\/","og_site_name":"Kapitalis","article_publisher":"https:\/\/www.facebook.com\/KapitalisInfo\/","article_published_time":"2016-07-05T10:13:22+00:00","og_image":[{"url":"http:\/\/kapitalis.com\/tunisie\/wp-content\/uploads\/2015\/06\/Ciel-nuageux.jpg","type":"","width":"","height":""}],"author":"webmaster kapitalis","twitter_card":"summary_large_image","twitter_creator":"@KapitalisInfo","twitter_site":"@KapitalisInfo","twitter_misc":{"\u00c9crit par":"webmaster kapitalis","Dur\u00e9e de lecture estim\u00e9e":"1 minute"},"schema":{"@context":"https:\/\/schema.org","@graph":[{"@type":"Article","@id":"https:\/\/kapitalis.com\/tunisie\/2016\/07\/05\/meteo-de-laid-ciel-nuageux-et-mer-agitee\/#article","isPartOf":{"@id":"https:\/\/kapitalis.com\/tunisie\/2016\/07\/05\/meteo-de-laid-ciel-nuageux-et-mer-agitee\/"},"author":{"name":"webmaster kapitalis","@id":"https:\/\/kapitalis.com\/tunisie\/#\/schema\/person\/d71f33a9ca44f7bad4698210b480c8e9"},"headline":"M\u00e9t\u00e9o de l\u2019Aid : Ciel nuageux et mer agit\u00e9e","datePublished":"2016-07-05T10:13:22+00:00","mainEntityOfPage":{"@id":"https:\/\/kapitalis.com\/tunisie\/2016\/07\/05\/meteo-de-laid-ciel-nuageux-et-mer-agitee\/"},"wordCount":243,"commentCount":0,"publisher":{"@id":"https:\/\/kapitalis.com\/tunisie\/#organization"},"image":{"@id":"https:\/\/kapitalis.com\/tunisie\/2016\/07\/05\/meteo-de-laid-ciel-nuageux-et-mer-agitee\/#primaryimage"},"thumbnailUrl":"http:\/\/kapitalis.com\/tunisie\/wp-content\/uploads\/2015\/06\/Ciel-nuageux.jpg","keywords":["A\u00efd El-Fitr","mer agit\u00e9e","m\u00e9t\u00e9o","nuages","pluies","temp\u00e9ratures"],"articleSection":["SOCIETE","Tunisie"],"inLanguage":"fr-FR","potentialAction":[{"@type":"CommentAction","name":"Comment","target":["https:\/\/kapitalis.com\/tunisie\/2016\/07\/05\/meteo-de-laid-ciel-nuageux-et-mer-agitee\/#respond"]}]},{"@type":"WebPage","@id":"https:\/\/kapitalis.com\/tunisie\/2016\/07\/05\/meteo-de-laid-ciel-nuageux-et-mer-agitee\/","url":"https:\/\/kapitalis.com\/tunisie\/2016\/07\/05\/meteo-de-laid-ciel-nuageux-et-mer-agitee\/","name":"M\u00e9t\u00e9o de l\u2019Aid : Ciel nuageux et mer agit\u00e9e - Kapitalis","isPartOf":{"@id":"https:\/\/kapitalis.com\/tunisie\/#website"},"primaryImageOfPage":{"@id":"https:\/\/kapitalis.com\/tunisie\/2016\/07\/05\/meteo-de-laid-ciel-nuageux-et-mer-agitee\/#primaryimage"},"image":{"@id":"https:\/\/kapitalis.com\/tunisie\/2016\/07\/05\/meteo-de-laid-ciel-nuageux-et-mer-agitee\/#primaryimage"},"thumbnailUrl":"http:\/\/kapitalis.com\/tunisie\/wp-content\/uploads\/2015\/06\/Ciel-nuageux.jpg","datePublished":"2016-07-05T10:13:22+00:00","breadcrumb":{"@id":"https:\/\/kapitalis.com\/tunisie\/2016\/07\/05\/meteo-de-laid-ciel-nuageux-et-mer-agitee\/#breadcrumb"},"inLanguage":"fr-FR","potentialAction":[{"@type":"ReadAction","target":["https:\/\/kapitalis.com\/tunisie\/2016\/07\/05\/meteo-de-laid-ciel-nuageux-et-mer-agitee\/"]}]},{"@type":"ImageObject","inLanguage":"fr-FR","@id":"https:\/\/kapitalis.com\/tunisie\/2016\/07\/05\/meteo-de-laid-ciel-nuageux-et-mer-agitee\/#primaryimage","url":"http:\/\/kapitalis.com\/tunisie\/wp-content\/uploads\/2015\/06\/Ciel-nuageux.jpg","contentUrl":"http:\/\/kapitalis.com\/tunisie\/wp-content\/uploads\/2015\/06\/Ciel-nuageux.jpg"},{"@type":"BreadcrumbList","@id":"https:\/\/kapitalis.com\/tunisie\/2016\/07\/05\/meteo-de-laid-ciel-nuageux-et-mer-agitee\/#breadcrumb","itemListElement":[{"@type":"ListItem","position":1,"name":"Accueil","item":"https:\/\/kapitalis.com\/tunisie\/"},{"@type":"ListItem","position":2,"name":"M\u00e9t\u00e9o de l\u2019Aid : Ciel nuageux et mer agit\u00e9e"}]},{"@type":"WebSite","@id":"https:\/\/kapitalis.com\/tunisie\/#website","url":"https:\/\/kapitalis.com\/tunisie\/","name":"Kapitalis","description":"L&#039;actualit\u00e9 en Tunisie et dans le monde","publisher":{"@id":"https:\/\/kapitalis.com\/tunisie\/#organization"},"potentialAction":[{"@type":"SearchAction","target":{"@type":"EntryPoint","urlTemplate":"https:\/\/kapitalis.com\/tunisie\/?s={search_term_string}"},"query-input":{"@type":"PropertyValueSpecification","valueRequired":true,"valueName":"search_term_string"}}],"inLanguage":"fr-FR"},{"@type":"Organization","@id":"https:\/\/kapitalis.com\/tunisie\/#organization","name":"Kapitalis","url":"https:\/\/kapitalis.com\/tunisie\/","logo":{"@type":"ImageObject","inLanguage":"fr-FR","@id":"https:\/\/kapitalis.com\/tunisie\/#\/schema\/logo\/image\/","url":"https:\/\/kapitalis.com\/tunisie\/wp-content\/uploads\/2022\/05\/Kapitalis-big-size.png","contentUrl":"https:\/\/kapitalis.com\/tunisie\/wp-content\/uploads\/2022\/05\/Kapitalis-big-size.png","width":5000,"height":1500,"caption":"Kapitalis"},"image":{"@id":"https:\/\/kapitalis.com\/tunisie\/#\/schema\/logo\/image\/"},"sameAs":["https:\/\/www.facebook.com\/KapitalisInfo\/","https:\/\/x.com\/KapitalisInfo","https:\/\/www.youtube.com\/channel\/UC-yDYrHyfFBWWZaOw3FPg9Q"]},{"@type":"Person","@id":"https:\/\/kapitalis.com\/tunisie\/#\/schema\/person\/d71f33a9ca44f7bad4698210b480c8e9","name":"webmaster kapitalis","url":"https:\/\/kapitalis.com\/tunisie\/author\/webmaster-kapitalis\/"}]}},"_links":{"self":[{"href":"https:\/\/kapitalis.com\/tunisie\/wp-json\/wp\/v2\/posts\/56870","targetHints":{"allow":["GET"]}}],"collection":[{"href":"https:\/\/kapitalis.com\/tunisie\/wp-json\/wp\/v2\/posts"}],"about":[{"href":"https:\/\/kapitalis.com\/tunisie\/wp-json\/wp\/v2\/types\/post"}],"author":[{"embeddable":true,"href":"https:\/\/kapitalis.com\/tunisie\/wp-json\/wp\/v2\/users\/8"}],"replies":[{"embeddable":true,"href":"https:\/\/kapitalis.com\/tunisie\/wp-json\/wp\/v2\/comments?post=56870"}],"version-history":[{"count":0,"href":"https:\/\/kapitalis.com\/tunisie\/wp-json\/wp\/v2\/posts\/56870\/revisions"}],"wp:attachment":[{"href":"https:\/\/kapitalis.com\/tunisie\/wp-json\/wp\/v2\/media?parent=56870"}],"wp:term":[{"taxonomy":"category","embeddable":true,"href":"https:\/\/kapitalis.com\/tunisie\/wp-json\/wp\/v2\/categories?post=56870"},{"taxonomy":"post_tag","embeddable":true,"href":"https:\/\/kapitalis.com\/tunisie\/wp-json\/wp\/v2\/tags?post=56870"}],"curies":[{"name":"wp","href":"https:\/\/api.w.org\/{rel}","templated":true}]}}