{"id":56938,"date":"2016-07-05T18:00:47","date_gmt":"2016-07-05T17:00:47","guid":{"rendered":"http:\/\/kapitalis.com\/tunisie\/?p=56938"},"modified":"2016-07-05T18:00:47","modified_gmt":"2016-07-05T17:00:47","slug":"manifestation-a-nice-contre-labattage-des-chiens-errants-en-tunisie","status":"publish","type":"post","link":"https:\/\/kapitalis.com\/tunisie\/2016\/07\/05\/manifestation-a-nice-contre-labattage-des-chiens-errants-en-tunisie\/","title":{"rendered":"Manifestation \u00e0 Nice contre l\u2019abattage des chiens errants en Tunisie"},"content":{"rendered":"<p style=\"text-align: center;\"><img loading=\"lazy\" decoding=\"async\" class=\"alignnone size-full wp-image-56940\" src=\"http:\/\/kapitalis.com\/tunisie\/wp-content\/uploads\/2016\/07\/Nice-manif-contre-abattage-chiens-en-Tunisie.jpg\" alt=\"Nice - manif contre abattage chiens en Tunisie\" width=\"626\" height=\"380\" \/><\/p>\n<p><em><strong>Des activistes de diff\u00e9rentes nationalit\u00e9s ont organis\u00e9, samedi, une manifestation devant le consulat de Tunisie \u00e0 Nice, pour d\u00e9noncer l\u2019abattage des chiens errants en Tunisie.<\/strong><\/em><\/p>\n<p><!--more--><\/p>\n<p>En mai dernier, les amis des animaux ont organis\u00e9, en Tunisie, <a href=\"http:\/\/kapitalis.com\/tunisie\/2016\/05\/27\/tunis-manifestation-contre-labattage-des-chiens-errants\/\">des mouvements de protestation <\/a>contre les abattages sauvages de chiens errants et appel\u00e9 les autorit\u00e9s \u00e0 privil\u00e9gier la st\u00e9rilisation et la vaccination.<\/p>\n<p>Des images horribles de chiens abattus avaient \u00e9t\u00e9 partag\u00e9es sur les r\u00e9seaux sociaux et une p\u00e9tition mise en ligne puis une manifestation de protestation\u00a0fut\u00a0organis\u00e9e \u00e0 Tunis. Les m\u00e9dias tunisiens puis internationaux ont relay\u00e9 cette affaire.<\/p>\n<div class=\"embed\">\n<div class=\"video\">\n<iframe loading=\"lazy\" width=\"1280\" height=\"720\" src=\"https:\/\/www.youtube.com\/embed\/1iojbZVaUEM?&#038;showinfo=0&#038;controls=0\" frameborder=\"0\" allowfullscreen><\/iframe>\n<\/div>\n<\/div>\n<p>&nbsp;<br \/>\nDes activistes \u00e9trangers ont repris le flambeau pour soutenir les Tunisiens dans leur d\u00e9marche et manifest\u00e9, le 2 juillet, \u00e0 Nice, au sud de la France. La journaliste-activiste Carole Rapha\u00eblle Davis a r\u00e9alis\u00e9 un reportage sur ce happening contre l&rsquo;abattage des chiens errants en Tunisie.<\/p>\n<p>Les manifestant ont \u00e9galement appel\u00e9 \u00e0 mettre fin aux\u00a0abandons et rappel\u00e9 que \u00ab<em>lorsque l\u2019on s\u2019engage \u00e0 prendre un chien ou un chat, il devient un membre de notre famille \u00e0 part enti\u00e8re pour toute sa vie<\/em>\u00bb.<\/p>\n<p style=\"text-align: right;\"><strong>Y. N.<\/strong><\/p>\n","protected":false},"excerpt":{"rendered":"<p>Des activistes de diff\u00e9rentes nationalit\u00e9s ont organis\u00e9, samedi, une manifestation devant le consulat de Tunisie \u00e0 Nice, pour d\u00e9noncer l\u2019abattage des chiens errants en Tunisie.<\/p>\n","protected":false},"author":6,"featured_media":56940,"comment_status":"open","ping_status":"open","sticky":false,"template":"","format":"standard","meta":{"footnotes":""},"categories":[4806],"tags":[15920,9594,10035],"class_list":["post-56938","post","type-post","status-publish","format-standard","has-post-thumbnail","hentry","category-videos","tag-nice","tag-sterilisation","tag-vaccination"],"yoast_head":"<!-- This site is optimized with the Yoast SEO plugin v26.6 - https:\/\/yoast.com\/wordpress\/plugins\/seo\/ -->\n<title>Manifestation \u00e0 Nice contre l\u2019abattage des chiens errants en Tunisie - Kapitalis<\/title>\n<meta name=\"robots\" content=\"index, follow, max-snippet:-1, max-image-preview:large, max-video-preview:-1\" \/>\n<link rel=\"canonical\" href=\"https:\/\/kapitalis.com\/tunisie\/2016\/07\/05\/manifestation-a-nice-contre-labattage-des-chiens-errants-en-tunisie\/\" \/>\n<meta property=\"og:locale\" content=\"fr_FR\" \/>\n<meta property=\"og:type\" content=\"article\" \/>\n<meta property=\"og:title\" content=\"Manifestation \u00e0 Nice contre l\u2019abattage des chiens errants en Tunisie - Kapitalis\" \/>\n<meta property=\"og:description\" content=\"Des activistes de diff\u00e9rentes nationalit\u00e9s ont organis\u00e9, samedi, une manifestation devant le consulat de Tunisie \u00e0 Nice, pour d\u00e9noncer l\u2019abattage des chiens errants en Tunisie.\" \/>\n<meta property=\"og:url\" content=\"https:\/\/kapitalis.com\/tunisie\/2016\/07\/05\/manifestation-a-nice-contre-labattage-des-chiens-errants-en-tunisie\/\" \/>\n<meta property=\"og:site_name\" content=\"Kapitalis\" \/>\n<meta property=\"article:publisher\" content=\"https:\/\/www.facebook.com\/KapitalisInfo\/\" \/>\n<meta property=\"article:published_time\" content=\"2016-07-05T17:00:47+00:00\" \/>\n<meta property=\"og:image\" content=\"https:\/\/kapitalis.com\/tunisie\/wp-content\/uploads\/2022\/05\/kapitalis-logo-fb.png\" \/>\n\t<meta property=\"og:image:width\" content=\"1200\" \/>\n\t<meta property=\"og:image:height\" content=\"630\" \/>\n\t<meta property=\"og:image:type\" content=\"image\/png\" \/>\n<meta name=\"author\" content=\"Yusra NY\" \/>\n<meta name=\"twitter:card\" content=\"summary_large_image\" \/>\n<meta name=\"twitter:creator\" content=\"@KapitalisInfo\" \/>\n<meta name=\"twitter:site\" content=\"@KapitalisInfo\" \/>\n<meta name=\"twitter:label1\" content=\"\u00c9crit par\" \/>\n\t<meta name=\"twitter:data1\" content=\"Yusra NY\" \/>\n\t<meta name=\"twitter:label2\" content=\"Dur\u00e9e de lecture estim\u00e9e\" \/>\n\t<meta name=\"twitter:data2\" content=\"1 minute\" \/>\n<script type=\"application\/ld+json\" class=\"yoast-schema-graph\">{\"@context\":\"https:\/\/schema.org\",\"@graph\":[{\"@type\":\"Article\",\"@id\":\"https:\/\/kapitalis.com\/tunisie\/2016\/07\/05\/manifestation-a-nice-contre-labattage-des-chiens-errants-en-tunisie\/#article\",\"isPartOf\":{\"@id\":\"https:\/\/kapitalis.com\/tunisie\/2016\/07\/05\/manifestation-a-nice-contre-labattage-des-chiens-errants-en-tunisie\/\"},\"author\":{\"name\":\"Yusra NY\",\"@id\":\"https:\/\/kapitalis.com\/tunisie\/#\/schema\/person\/74bbde0154d49d790a92aaeac5bc01d5\"},\"headline\":\"Manifestation \u00e0 Nice contre l\u2019abattage des chiens errants en Tunisie\",\"datePublished\":\"2016-07-05T17:00:47+00:00\",\"mainEntityOfPage\":{\"@id\":\"https:\/\/kapitalis.com\/tunisie\/2016\/07\/05\/manifestation-a-nice-contre-labattage-des-chiens-errants-en-tunisie\/\"},\"wordCount\":200,\"commentCount\":28,\"publisher\":{\"@id\":\"https:\/\/kapitalis.com\/tunisie\/#organization\"},\"image\":{\"@id\":\"https:\/\/kapitalis.com\/tunisie\/2016\/07\/05\/manifestation-a-nice-contre-labattage-des-chiens-errants-en-tunisie\/#primaryimage\"},\"thumbnailUrl\":\"\",\"keywords\":[\"Nice\",\"st\u00e9rilisation\",\"vaccination\"],\"articleSection\":[\"VIDEOS\"],\"inLanguage\":\"fr-FR\",\"potentialAction\":[{\"@type\":\"CommentAction\",\"name\":\"Comment\",\"target\":[\"https:\/\/kapitalis.com\/tunisie\/2016\/07\/05\/manifestation-a-nice-contre-labattage-des-chiens-errants-en-tunisie\/#respond\"]}]},{\"@type\":\"WebPage\",\"@id\":\"https:\/\/kapitalis.com\/tunisie\/2016\/07\/05\/manifestation-a-nice-contre-labattage-des-chiens-errants-en-tunisie\/\",\"url\":\"https:\/\/kapitalis.com\/tunisie\/2016\/07\/05\/manifestation-a-nice-contre-labattage-des-chiens-errants-en-tunisie\/\",\"name\":\"Manifestation \u00e0 Nice contre l\u2019abattage des chiens errants en Tunisie - Kapitalis\",\"isPartOf\":{\"@id\":\"https:\/\/kapitalis.com\/tunisie\/#website\"},\"primaryImageOfPage\":{\"@id\":\"https:\/\/kapitalis.com\/tunisie\/2016\/07\/05\/manifestation-a-nice-contre-labattage-des-chiens-errants-en-tunisie\/#primaryimage\"},\"image\":{\"@id\":\"https:\/\/kapitalis.com\/tunisie\/2016\/07\/05\/manifestation-a-nice-contre-labattage-des-chiens-errants-en-tunisie\/#primaryimage\"},\"thumbnailUrl\":\"\",\"datePublished\":\"2016-07-05T17:00:47+00:00\",\"breadcrumb\":{\"@id\":\"https:\/\/kapitalis.com\/tunisie\/2016\/07\/05\/manifestation-a-nice-contre-labattage-des-chiens-errants-en-tunisie\/#breadcrumb\"},\"inLanguage\":\"fr-FR\",\"potentialAction\":[{\"@type\":\"ReadAction\",\"target\":[\"https:\/\/kapitalis.com\/tunisie\/2016\/07\/05\/manifestation-a-nice-contre-labattage-des-chiens-errants-en-tunisie\/\"]}]},{\"@type\":\"ImageObject\",\"inLanguage\":\"fr-FR\",\"@id\":\"https:\/\/kapitalis.com\/tunisie\/2016\/07\/05\/manifestation-a-nice-contre-labattage-des-chiens-errants-en-tunisie\/#primaryimage\",\"url\":\"\",\"contentUrl\":\"\"},{\"@type\":\"BreadcrumbList\",\"@id\":\"https:\/\/kapitalis.com\/tunisie\/2016\/07\/05\/manifestation-a-nice-contre-labattage-des-chiens-errants-en-tunisie\/#breadcrumb\",\"itemListElement\":[{\"@type\":\"ListItem\",\"position\":1,\"name\":\"Accueil\",\"item\":\"https:\/\/kapitalis.com\/tunisie\/\"},{\"@type\":\"ListItem\",\"position\":2,\"name\":\"Manifestation \u00e0 Nice contre l\u2019abattage des chiens errants en Tunisie\"}]},{\"@type\":\"WebSite\",\"@id\":\"https:\/\/kapitalis.com\/tunisie\/#website\",\"url\":\"https:\/\/kapitalis.com\/tunisie\/\",\"name\":\"Kapitalis\",\"description\":\"L&#039;actualit\u00e9 en Tunisie et dans le monde\",\"publisher\":{\"@id\":\"https:\/\/kapitalis.com\/tunisie\/#organization\"},\"potentialAction\":[{\"@type\":\"SearchAction\",\"target\":{\"@type\":\"EntryPoint\",\"urlTemplate\":\"https:\/\/kapitalis.com\/tunisie\/?s={search_term_string}\"},\"query-input\":{\"@type\":\"PropertyValueSpecification\",\"valueRequired\":true,\"valueName\":\"search_term_string\"}}],\"inLanguage\":\"fr-FR\"},{\"@type\":\"Organization\",\"@id\":\"https:\/\/kapitalis.com\/tunisie\/#organization\",\"name\":\"Kapitalis\",\"url\":\"https:\/\/kapitalis.com\/tunisie\/\",\"logo\":{\"@type\":\"ImageObject\",\"inLanguage\":\"fr-FR\",\"@id\":\"https:\/\/kapitalis.com\/tunisie\/#\/schema\/logo\/image\/\",\"url\":\"https:\/\/kapitalis.com\/tunisie\/wp-content\/uploads\/2022\/05\/Kapitalis-big-size.png\",\"contentUrl\":\"https:\/\/kapitalis.com\/tunisie\/wp-content\/uploads\/2022\/05\/Kapitalis-big-size.png\",\"width\":5000,\"height\":1500,\"caption\":\"Kapitalis\"},\"image\":{\"@id\":\"https:\/\/kapitalis.com\/tunisie\/#\/schema\/logo\/image\/\"},\"sameAs\":[\"https:\/\/www.facebook.com\/KapitalisInfo\/\",\"https:\/\/x.com\/KapitalisInfo\",\"https:\/\/www.youtube.com\/channel\/UC-yDYrHyfFBWWZaOw3FPg9Q\"]},{\"@type\":\"Person\",\"@id\":\"https:\/\/kapitalis.com\/tunisie\/#\/schema\/person\/74bbde0154d49d790a92aaeac5bc01d5\",\"name\":\"Yusra NY\",\"url\":\"https:\/\/kapitalis.com\/tunisie\/author\/yuza_adam\/\"}]}<\/script>\n<!-- \/ Yoast SEO plugin. -->","yoast_head_json":{"title":"Manifestation \u00e0 Nice contre l\u2019abattage des chiens errants en Tunisie - Kapitalis","robots":{"index":"index","follow":"follow","max-snippet":"max-snippet:-1","max-image-preview":"max-image-preview:large","max-video-preview":"max-video-preview:-1"},"canonical":"https:\/\/kapitalis.com\/tunisie\/2016\/07\/05\/manifestation-a-nice-contre-labattage-des-chiens-errants-en-tunisie\/","og_locale":"fr_FR","og_type":"article","og_title":"Manifestation \u00e0 Nice contre l\u2019abattage des chiens errants en Tunisie - Kapitalis","og_description":"Des activistes de diff\u00e9rentes nationalit\u00e9s ont organis\u00e9, samedi, une manifestation devant le consulat de Tunisie \u00e0 Nice, pour d\u00e9noncer l\u2019abattage des chiens errants en Tunisie.","og_url":"https:\/\/kapitalis.com\/tunisie\/2016\/07\/05\/manifestation-a-nice-contre-labattage-des-chiens-errants-en-tunisie\/","og_site_name":"Kapitalis","article_publisher":"https:\/\/www.facebook.com\/KapitalisInfo\/","article_published_time":"2016-07-05T17:00:47+00:00","og_image":[{"width":1200,"height":630,"url":"https:\/\/kapitalis.com\/tunisie\/wp-content\/uploads\/2022\/05\/kapitalis-logo-fb.png","type":"image\/png"}],"author":"Yusra NY","twitter_card":"summary_large_image","twitter_creator":"@KapitalisInfo","twitter_site":"@KapitalisInfo","twitter_misc":{"\u00c9crit par":"Yusra NY","Dur\u00e9e de lecture estim\u00e9e":"1 minute"},"schema":{"@context":"https:\/\/schema.org","@graph":[{"@type":"Article","@id":"https:\/\/kapitalis.com\/tunisie\/2016\/07\/05\/manifestation-a-nice-contre-labattage-des-chiens-errants-en-tunisie\/#article","isPartOf":{"@id":"https:\/\/kapitalis.com\/tunisie\/2016\/07\/05\/manifestation-a-nice-contre-labattage-des-chiens-errants-en-tunisie\/"},"author":{"name":"Yusra NY","@id":"https:\/\/kapitalis.com\/tunisie\/#\/schema\/person\/74bbde0154d49d790a92aaeac5bc01d5"},"headline":"Manifestation \u00e0 Nice contre l\u2019abattage des chiens errants en Tunisie","datePublished":"2016-07-05T17:00:47+00:00","mainEntityOfPage":{"@id":"https:\/\/kapitalis.com\/tunisie\/2016\/07\/05\/manifestation-a-nice-contre-labattage-des-chiens-errants-en-tunisie\/"},"wordCount":200,"commentCount":28,"publisher":{"@id":"https:\/\/kapitalis.com\/tunisie\/#organization"},"image":{"@id":"https:\/\/kapitalis.com\/tunisie\/2016\/07\/05\/manifestation-a-nice-contre-labattage-des-chiens-errants-en-tunisie\/#primaryimage"},"thumbnailUrl":"","keywords":["Nice","st\u00e9rilisation","vaccination"],"articleSection":["VIDEOS"],"inLanguage":"fr-FR","potentialAction":[{"@type":"CommentAction","name":"Comment","target":["https:\/\/kapitalis.com\/tunisie\/2016\/07\/05\/manifestation-a-nice-contre-labattage-des-chiens-errants-en-tunisie\/#respond"]}]},{"@type":"WebPage","@id":"https:\/\/kapitalis.com\/tunisie\/2016\/07\/05\/manifestation-a-nice-contre-labattage-des-chiens-errants-en-tunisie\/","url":"https:\/\/kapitalis.com\/tunisie\/2016\/07\/05\/manifestation-a-nice-contre-labattage-des-chiens-errants-en-tunisie\/","name":"Manifestation \u00e0 Nice contre l\u2019abattage des chiens errants en Tunisie - Kapitalis","isPartOf":{"@id":"https:\/\/kapitalis.com\/tunisie\/#website"},"primaryImageOfPage":{"@id":"https:\/\/kapitalis.com\/tunisie\/2016\/07\/05\/manifestation-a-nice-contre-labattage-des-chiens-errants-en-tunisie\/#primaryimage"},"image":{"@id":"https:\/\/kapitalis.com\/tunisie\/2016\/07\/05\/manifestation-a-nice-contre-labattage-des-chiens-errants-en-tunisie\/#primaryimage"},"thumbnailUrl":"","datePublished":"2016-07-05T17:00:47+00:00","breadcrumb":{"@id":"https:\/\/kapitalis.com\/tunisie\/2016\/07\/05\/manifestation-a-nice-contre-labattage-des-chiens-errants-en-tunisie\/#breadcrumb"},"inLanguage":"fr-FR","potentialAction":[{"@type":"ReadAction","target":["https:\/\/kapitalis.com\/tunisie\/2016\/07\/05\/manifestation-a-nice-contre-labattage-des-chiens-errants-en-tunisie\/"]}]},{"@type":"ImageObject","inLanguage":"fr-FR","@id":"https:\/\/kapitalis.com\/tunisie\/2016\/07\/05\/manifestation-a-nice-contre-labattage-des-chiens-errants-en-tunisie\/#primaryimage","url":"","contentUrl":""},{"@type":"BreadcrumbList","@id":"https:\/\/kapitalis.com\/tunisie\/2016\/07\/05\/manifestation-a-nice-contre-labattage-des-chiens-errants-en-tunisie\/#breadcrumb","itemListElement":[{"@type":"ListItem","position":1,"name":"Accueil","item":"https:\/\/kapitalis.com\/tunisie\/"},{"@type":"ListItem","position":2,"name":"Manifestation \u00e0 Nice contre l\u2019abattage des chiens errants en Tunisie"}]},{"@type":"WebSite","@id":"https:\/\/kapitalis.com\/tunisie\/#website","url":"https:\/\/kapitalis.com\/tunisie\/","name":"Kapitalis","description":"L&#039;actualit\u00e9 en Tunisie et dans le monde","publisher":{"@id":"https:\/\/kapitalis.com\/tunisie\/#organization"},"potentialAction":[{"@type":"SearchAction","target":{"@type":"EntryPoint","urlTemplate":"https:\/\/kapitalis.com\/tunisie\/?s={search_term_string}"},"query-input":{"@type":"PropertyValueSpecification","valueRequired":true,"valueName":"search_term_string"}}],"inLanguage":"fr-FR"},{"@type":"Organization","@id":"https:\/\/kapitalis.com\/tunisie\/#organization","name":"Kapitalis","url":"https:\/\/kapitalis.com\/tunisie\/","logo":{"@type":"ImageObject","inLanguage":"fr-FR","@id":"https:\/\/kapitalis.com\/tunisie\/#\/schema\/logo\/image\/","url":"https:\/\/kapitalis.com\/tunisie\/wp-content\/uploads\/2022\/05\/Kapitalis-big-size.png","contentUrl":"https:\/\/kapitalis.com\/tunisie\/wp-content\/uploads\/2022\/05\/Kapitalis-big-size.png","width":5000,"height":1500,"caption":"Kapitalis"},"image":{"@id":"https:\/\/kapitalis.com\/tunisie\/#\/schema\/logo\/image\/"},"sameAs":["https:\/\/www.facebook.com\/KapitalisInfo\/","https:\/\/x.com\/KapitalisInfo","https:\/\/www.youtube.com\/channel\/UC-yDYrHyfFBWWZaOw3FPg9Q"]},{"@type":"Person","@id":"https:\/\/kapitalis.com\/tunisie\/#\/schema\/person\/74bbde0154d49d790a92aaeac5bc01d5","name":"Yusra NY","url":"https:\/\/kapitalis.com\/tunisie\/author\/yuza_adam\/"}]}},"_links":{"self":[{"href":"https:\/\/kapitalis.com\/tunisie\/wp-json\/wp\/v2\/posts\/56938","targetHints":{"allow":["GET"]}}],"collection":[{"href":"https:\/\/kapitalis.com\/tunisie\/wp-json\/wp\/v2\/posts"}],"about":[{"href":"https:\/\/kapitalis.com\/tunisie\/wp-json\/wp\/v2\/types\/post"}],"author":[{"embeddable":true,"href":"https:\/\/kapitalis.com\/tunisie\/wp-json\/wp\/v2\/users\/6"}],"replies":[{"embeddable":true,"href":"https:\/\/kapitalis.com\/tunisie\/wp-json\/wp\/v2\/comments?post=56938"}],"version-history":[{"count":0,"href":"https:\/\/kapitalis.com\/tunisie\/wp-json\/wp\/v2\/posts\/56938\/revisions"}],"wp:featuredmedia":[{"embeddable":true,"href":"https:\/\/kapitalis.com\/tunisie\/wp-json\/wp\/v2\/media\/56940"}],"wp:attachment":[{"href":"https:\/\/kapitalis.com\/tunisie\/wp-json\/wp\/v2\/media?parent=56938"}],"wp:term":[{"taxonomy":"category","embeddable":true,"href":"https:\/\/kapitalis.com\/tunisie\/wp-json\/wp\/v2\/categories?post=56938"},{"taxonomy":"post_tag","embeddable":true,"href":"https:\/\/kapitalis.com\/tunisie\/wp-json\/wp\/v2\/tags?post=56938"}],"curies":[{"name":"wp","href":"https:\/\/api.w.org\/{rel}","templated":true}]}}