{"id":5694301,"date":"2022-12-14T22:13:43","date_gmt":"2022-12-14T21:13:43","guid":{"rendered":"https:\/\/kapitalis.com\/tunisie\/?p=5694301"},"modified":"2022-12-14T22:15:46","modified_gmt":"2022-12-14T21:15:46","slug":"tunisie-a-propos-de-la-rencontre-entre-lambassadeur-de-suisse-et-najla-bouden","status":"publish","type":"post","link":"https:\/\/kapitalis.com\/tunisie\/2022\/12\/14\/tunisie-a-propos-de-la-rencontre-entre-lambassadeur-de-suisse-et-najla-bouden\/","title":{"rendered":"Tunisie : A propos de la rencontre entre l&rsquo;ambassadeur de Suisse et Najla Bouden"},"content":{"rendered":"\n<p><strong><em>L\u2019Ambassadeur de Suisse en Tunisie Josef Renggli a \u00e9t\u00e9 re\u00e7u, ce mercredi 14 d\u00e9cembre 2022, par la cheffe du gouvernement Najla Bouden. La rencontre a \u00e9t\u00e9 une occasion d&rsquo;aborder diff\u00e9rents sujets, et en particulier le d\u00e9veloppement de la coop\u00e9ration entre les deux pays.<\/em><\/strong><\/p>\n\n\n\n<!--more-->\n\n\n\n<p>\u00ab<em>Cette rencontre a \u00e9t\u00e9 l\u2019occasion de passer en revue les relations bilat\u00e9rales<\/em> \ud83c\uddf9\ud83c\uddf3-\ud83c\udde8\ud83c\udded et <em>d\u2019avoir un \u00e9change fructueux sur des th\u00e8mes d\u2019int\u00e9r\u00eat commun tels que les d\u00e9fis politiques et \u00e9conomiques actuels de la Tunisie, le soutien suisse <\/em>\ud83c\udde8\ud83c\udded<em> \u00e0 la Tunisie par le biais de son programme de coop\u00e9ration au d\u00e9veloppement, l\u2019investissement et le commerce, ainsi que la coop\u00e9ration dans les domaines judiciaire et migratoire<\/em>\u00bb, indique un communiqu\u00e9 de l&rsquo;Ambassade Suisse.<\/p>\n\n\n<div class=\"wp-block-image\">\n<figure class=\"aligncenter size-large is-resized\"><img decoding=\"async\" src=\"https:\/\/kapitalis.com\/tunisie\/wp-content\/uploads\/2022\/12\/s-1024x682.jpg\" alt=\"\" class=\"wp-image-5694364\" width=\"500\" srcset=\"https:\/\/kapitalis.com\/tunisie\/wp-content\/uploads\/2022\/12\/s-1024x682.jpg 1024w, https:\/\/kapitalis.com\/tunisie\/wp-content\/uploads\/2022\/12\/s-300x200.jpg 300w, https:\/\/kapitalis.com\/tunisie\/wp-content\/uploads\/2022\/12\/s-768x512.jpg 768w, https:\/\/kapitalis.com\/tunisie\/wp-content\/uploads\/2022\/12\/s-580x387.jpg 580w, https:\/\/kapitalis.com\/tunisie\/wp-content\/uploads\/2022\/12\/s-860x573.jpg 860w, https:\/\/kapitalis.com\/tunisie\/wp-content\/uploads\/2022\/12\/s-1160x773.jpg 1160w, https:\/\/kapitalis.com\/tunisie\/wp-content\/uploads\/2022\/12\/s.jpg 1280w\" sizes=\"(max-width: 1024px) 100vw, 1024px\" \/><\/figure>\n<\/div>\n\n\n<p>De son c\u00f4t\u00e9 la pr\u00e9sidence du gouvernement a \u00e9voqu\u00e9<em> \u00abun entretien positif, ayant port\u00e9 sur la profondeur des relations d&rsquo;amiti\u00e9 et de coop\u00e9ration entre la Tunisie et la Suisse\u00bb, <\/em>ajoutant que Najla Bouden a r\u00e9affirm\u00e9 la volont\u00e9 de la Tunisie \u00e0 <em>\u00abdiversifier les domaines et les perspectives des \u00e9changes entre les deux pays, tout en soulignant l&rsquo;importance d\u2019une approche globale et multidimensionnelle qui consacre les principes de solidarit\u00e9 et de d\u00e9veloppement\u00bb.<\/em><\/p>\n\n\n<div class=\"wp-block-image\">\n<figure class=\"aligncenter size-large is-resized\"><img decoding=\"async\" src=\"https:\/\/kapitalis.com\/tunisie\/wp-content\/uploads\/2022\/12\/s2-1-1024x602.jpg\" alt=\"\" class=\"wp-image-5694366\" width=\"500\" srcset=\"https:\/\/kapitalis.com\/tunisie\/wp-content\/uploads\/2022\/12\/s2-1-1024x602.jpg 1024w, https:\/\/kapitalis.com\/tunisie\/wp-content\/uploads\/2022\/12\/s2-1-300x176.jpg 300w, https:\/\/kapitalis.com\/tunisie\/wp-content\/uploads\/2022\/12\/s2-1-768x451.jpg 768w, https:\/\/kapitalis.com\/tunisie\/wp-content\/uploads\/2022\/12\/s2-1-580x341.jpg 580w, https:\/\/kapitalis.com\/tunisie\/wp-content\/uploads\/2022\/12\/s2-1-860x505.jpg 860w, https:\/\/kapitalis.com\/tunisie\/wp-content\/uploads\/2022\/12\/s2-1-1160x682.jpg 1160w, https:\/\/kapitalis.com\/tunisie\/wp-content\/uploads\/2022\/12\/s2-1.jpg 1280w\" sizes=\"(max-width: 1024px) 100vw, 1024px\" \/><\/figure>\n<\/div>\n\n\n<p>Dans son communiqu\u00e9, la pr\u00e9sidence a ajout\u00e9 que la r\u00e9union a \u00e9galement port\u00e9 sur l&rsquo;importance du renforcement de <em>\u00abl&rsquo;organisation de la migration circulaire comme une formule appropri\u00e9e r\u00e9pondant aux aspirations des diff\u00e9rentes parties\u00bb.<\/em><\/p>\n\n\n\n<p class=\"has-text-align-right\"><strong>Y. N.<\/strong><\/p>\n","protected":false},"excerpt":{"rendered":"<p>Tunisie : A propos de la rencontre entre l&rsquo;ambassadeur de Suisse et Najla Bouden<\/p>\n","protected":false},"author":6,"featured_media":5694361,"comment_status":"open","ping_status":"open","sticky":false,"template":"","format":"standard","meta":{"footnotes":""},"categories":[997,2433],"tags":[66,1704,94296,93702,866,62643],"class_list":["post-5694301","post","type-post","status-publish","format-standard","has-post-thumbnail","hentry","category-politique","category-tunisie","tag-ambassade","tag-ambassadeur","tag-josef-renggli","tag-najla-bouden","tag-suisse","tag-tunisie"],"yoast_head":"<!-- This site is optimized with the Yoast SEO plugin v26.6 - https:\/\/yoast.com\/wordpress\/plugins\/seo\/ -->\n<title>Tunisie : A propos de la rencontre entre l&#039;ambassadeur de Suisse et Najla Bouden - Kapitalis<\/title>\n<meta name=\"description\" content=\"L\u2019Ambassadeur de Suisse en Tunisie Josef Renggli a \u00e9t\u00e9 re\u00e7u, ce mercredi 14 d\u00e9cembre 2022, par la cheffe du gouvernement Najla Bouden. La rencontre a \u00e9t\u00e9 une occasion d&#039;aborder diff\u00e9rents sujets, et en particulier le d\u00e9veloppement de la coop\u00e9ration entre les deux pays.\" \/>\n<meta name=\"robots\" content=\"index, follow, max-snippet:-1, max-image-preview:large, max-video-preview:-1\" \/>\n<link rel=\"canonical\" href=\"https:\/\/kapitalis.com\/tunisie\/2022\/12\/14\/tunisie-a-propos-de-la-rencontre-entre-lambassadeur-de-suisse-et-najla-bouden\/\" \/>\n<meta property=\"og:locale\" content=\"fr_FR\" \/>\n<meta property=\"og:type\" content=\"article\" \/>\n<meta property=\"og:title\" content=\"Tunisie : A propos de la rencontre entre l&#039;ambassadeur de Suisse et Najla Bouden - Kapitalis\" \/>\n<meta property=\"og:description\" content=\"L\u2019Ambassadeur de Suisse en Tunisie Josef Renggli a \u00e9t\u00e9 re\u00e7u, ce mercredi 14 d\u00e9cembre 2022, par la cheffe du gouvernement Najla Bouden. La rencontre a \u00e9t\u00e9 une occasion d&#039;aborder diff\u00e9rents sujets, et en particulier le d\u00e9veloppement de la coop\u00e9ration entre les deux pays.\" \/>\n<meta property=\"og:url\" content=\"https:\/\/kapitalis.com\/tunisie\/2022\/12\/14\/tunisie-a-propos-de-la-rencontre-entre-lambassadeur-de-suisse-et-najla-bouden\/\" \/>\n<meta property=\"og:site_name\" content=\"Kapitalis\" \/>\n<meta property=\"article:publisher\" content=\"https:\/\/www.facebook.com\/KapitalisInfo\/\" \/>\n<meta property=\"article:published_time\" content=\"2022-12-14T21:13:43+00:00\" \/>\n<meta property=\"article:modified_time\" content=\"2022-12-14T21:15:46+00:00\" \/>\n<meta property=\"og:image\" content=\"https:\/\/kapitalis.com\/tunisie\/wp-content\/uploads\/2022\/12\/Josef-Renggli-Najla-Bouden-Suisse.jpg\" \/>\n\t<meta property=\"og:image:width\" content=\"1200\" \/>\n\t<meta property=\"og:image:height\" content=\"630\" \/>\n\t<meta property=\"og:image:type\" content=\"image\/jpeg\" \/>\n<meta name=\"author\" content=\"Yusra NY\" \/>\n<meta name=\"twitter:card\" content=\"summary_large_image\" \/>\n<meta name=\"twitter:creator\" content=\"@KapitalisInfo\" \/>\n<meta name=\"twitter:site\" content=\"@KapitalisInfo\" \/>\n<meta name=\"twitter:label1\" content=\"\u00c9crit par\" \/>\n\t<meta name=\"twitter:data1\" content=\"Yusra NY\" \/>\n\t<meta name=\"twitter:label2\" content=\"Dur\u00e9e de lecture estim\u00e9e\" \/>\n\t<meta name=\"twitter:data2\" content=\"2 minutes\" \/>\n<script type=\"application\/ld+json\" class=\"yoast-schema-graph\">{\"@context\":\"https:\/\/schema.org\",\"@graph\":[{\"@type\":\"Article\",\"@id\":\"https:\/\/kapitalis.com\/tunisie\/2022\/12\/14\/tunisie-a-propos-de-la-rencontre-entre-lambassadeur-de-suisse-et-najla-bouden\/#article\",\"isPartOf\":{\"@id\":\"https:\/\/kapitalis.com\/tunisie\/2022\/12\/14\/tunisie-a-propos-de-la-rencontre-entre-lambassadeur-de-suisse-et-najla-bouden\/\"},\"author\":{\"name\":\"Yusra NY\",\"@id\":\"https:\/\/kapitalis.com\/tunisie\/#\/schema\/person\/74bbde0154d49d790a92aaeac5bc01d5\"},\"headline\":\"Tunisie : A propos de la rencontre entre l&rsquo;ambassadeur de Suisse et Najla Bouden\",\"datePublished\":\"2022-12-14T21:13:43+00:00\",\"dateModified\":\"2022-12-14T21:15:46+00:00\",\"mainEntityOfPage\":{\"@id\":\"https:\/\/kapitalis.com\/tunisie\/2022\/12\/14\/tunisie-a-propos-de-la-rencontre-entre-lambassadeur-de-suisse-et-najla-bouden\/\"},\"wordCount\":257,\"commentCount\":1,\"publisher\":{\"@id\":\"https:\/\/kapitalis.com\/tunisie\/#organization\"},\"image\":{\"@id\":\"https:\/\/kapitalis.com\/tunisie\/2022\/12\/14\/tunisie-a-propos-de-la-rencontre-entre-lambassadeur-de-suisse-et-najla-bouden\/#primaryimage\"},\"thumbnailUrl\":\"https:\/\/kapitalis.com\/tunisie\/wp-content\/uploads\/2022\/12\/Josef-Renggli-Najla-Bouden-Suisse.jpg\",\"keywords\":[\"ambassade\",\"ambassadeur\",\"Josef Renggli\",\"Najla Bouden\",\"Suisse\",\"Tunisie\"],\"articleSection\":[\"POLITIQUE\",\"Tunisie\"],\"inLanguage\":\"fr-FR\",\"potentialAction\":[{\"@type\":\"CommentAction\",\"name\":\"Comment\",\"target\":[\"https:\/\/kapitalis.com\/tunisie\/2022\/12\/14\/tunisie-a-propos-de-la-rencontre-entre-lambassadeur-de-suisse-et-najla-bouden\/#respond\"]}]},{\"@type\":\"WebPage\",\"@id\":\"https:\/\/kapitalis.com\/tunisie\/2022\/12\/14\/tunisie-a-propos-de-la-rencontre-entre-lambassadeur-de-suisse-et-najla-bouden\/\",\"url\":\"https:\/\/kapitalis.com\/tunisie\/2022\/12\/14\/tunisie-a-propos-de-la-rencontre-entre-lambassadeur-de-suisse-et-najla-bouden\/\",\"name\":\"Tunisie : A propos de la rencontre entre l'ambassadeur de Suisse et Najla Bouden - Kapitalis\",\"isPartOf\":{\"@id\":\"https:\/\/kapitalis.com\/tunisie\/#website\"},\"primaryImageOfPage\":{\"@id\":\"https:\/\/kapitalis.com\/tunisie\/2022\/12\/14\/tunisie-a-propos-de-la-rencontre-entre-lambassadeur-de-suisse-et-najla-bouden\/#primaryimage\"},\"image\":{\"@id\":\"https:\/\/kapitalis.com\/tunisie\/2022\/12\/14\/tunisie-a-propos-de-la-rencontre-entre-lambassadeur-de-suisse-et-najla-bouden\/#primaryimage\"},\"thumbnailUrl\":\"https:\/\/kapitalis.com\/tunisie\/wp-content\/uploads\/2022\/12\/Josef-Renggli-Najla-Bouden-Suisse.jpg\",\"datePublished\":\"2022-12-14T21:13:43+00:00\",\"dateModified\":\"2022-12-14T21:15:46+00:00\",\"description\":\"L\u2019Ambassadeur de Suisse en Tunisie Josef Renggli a \u00e9t\u00e9 re\u00e7u, ce mercredi 14 d\u00e9cembre 2022, par la cheffe du gouvernement Najla Bouden. La rencontre a \u00e9t\u00e9 une occasion d'aborder diff\u00e9rents sujets, et en particulier le d\u00e9veloppement de la coop\u00e9ration entre les deux pays.\",\"breadcrumb\":{\"@id\":\"https:\/\/kapitalis.com\/tunisie\/2022\/12\/14\/tunisie-a-propos-de-la-rencontre-entre-lambassadeur-de-suisse-et-najla-bouden\/#breadcrumb\"},\"inLanguage\":\"fr-FR\",\"potentialAction\":[{\"@type\":\"ReadAction\",\"target\":[\"https:\/\/kapitalis.com\/tunisie\/2022\/12\/14\/tunisie-a-propos-de-la-rencontre-entre-lambassadeur-de-suisse-et-najla-bouden\/\"]}]},{\"@type\":\"ImageObject\",\"inLanguage\":\"fr-FR\",\"@id\":\"https:\/\/kapitalis.com\/tunisie\/2022\/12\/14\/tunisie-a-propos-de-la-rencontre-entre-lambassadeur-de-suisse-et-najla-bouden\/#primaryimage\",\"url\":\"https:\/\/kapitalis.com\/tunisie\/wp-content\/uploads\/2022\/12\/Josef-Renggli-Najla-Bouden-Suisse.jpg\",\"contentUrl\":\"https:\/\/kapitalis.com\/tunisie\/wp-content\/uploads\/2022\/12\/Josef-Renggli-Najla-Bouden-Suisse.jpg\",\"width\":1200,\"height\":630},{\"@type\":\"BreadcrumbList\",\"@id\":\"https:\/\/kapitalis.com\/tunisie\/2022\/12\/14\/tunisie-a-propos-de-la-rencontre-entre-lambassadeur-de-suisse-et-najla-bouden\/#breadcrumb\",\"itemListElement\":[{\"@type\":\"ListItem\",\"position\":1,\"name\":\"Accueil\",\"item\":\"https:\/\/kapitalis.com\/tunisie\/\"},{\"@type\":\"ListItem\",\"position\":2,\"name\":\"Tunisie : A propos de la rencontre entre l&rsquo;ambassadeur de Suisse et Najla Bouden\"}]},{\"@type\":\"WebSite\",\"@id\":\"https:\/\/kapitalis.com\/tunisie\/#website\",\"url\":\"https:\/\/kapitalis.com\/tunisie\/\",\"name\":\"Kapitalis\",\"description\":\"L&#039;actualit\u00e9 en Tunisie et dans le monde\",\"publisher\":{\"@id\":\"https:\/\/kapitalis.com\/tunisie\/#organization\"},\"potentialAction\":[{\"@type\":\"SearchAction\",\"target\":{\"@type\":\"EntryPoint\",\"urlTemplate\":\"https:\/\/kapitalis.com\/tunisie\/?s={search_term_string}\"},\"query-input\":{\"@type\":\"PropertyValueSpecification\",\"valueRequired\":true,\"valueName\":\"search_term_string\"}}],\"inLanguage\":\"fr-FR\"},{\"@type\":\"Organization\",\"@id\":\"https:\/\/kapitalis.com\/tunisie\/#organization\",\"name\":\"Kapitalis\",\"url\":\"https:\/\/kapitalis.com\/tunisie\/\",\"logo\":{\"@type\":\"ImageObject\",\"inLanguage\":\"fr-FR\",\"@id\":\"https:\/\/kapitalis.com\/tunisie\/#\/schema\/logo\/image\/\",\"url\":\"https:\/\/kapitalis.com\/tunisie\/wp-content\/uploads\/2022\/05\/Kapitalis-big-size.png\",\"contentUrl\":\"https:\/\/kapitalis.com\/tunisie\/wp-content\/uploads\/2022\/05\/Kapitalis-big-size.png\",\"width\":5000,\"height\":1500,\"caption\":\"Kapitalis\"},\"image\":{\"@id\":\"https:\/\/kapitalis.com\/tunisie\/#\/schema\/logo\/image\/\"},\"sameAs\":[\"https:\/\/www.facebook.com\/KapitalisInfo\/\",\"https:\/\/x.com\/KapitalisInfo\",\"https:\/\/www.youtube.com\/channel\/UC-yDYrHyfFBWWZaOw3FPg9Q\"]},{\"@type\":\"Person\",\"@id\":\"https:\/\/kapitalis.com\/tunisie\/#\/schema\/person\/74bbde0154d49d790a92aaeac5bc01d5\",\"name\":\"Yusra NY\",\"url\":\"https:\/\/kapitalis.com\/tunisie\/author\/yuza_adam\/\"}]}<\/script>\n<!-- \/ Yoast SEO plugin. -->","yoast_head_json":{"title":"Tunisie : A propos de la rencontre entre l'ambassadeur de Suisse et Najla Bouden - Kapitalis","description":"L\u2019Ambassadeur de Suisse en Tunisie Josef Renggli a \u00e9t\u00e9 re\u00e7u, ce mercredi 14 d\u00e9cembre 2022, par la cheffe du gouvernement Najla Bouden. La rencontre a \u00e9t\u00e9 une occasion d'aborder diff\u00e9rents sujets, et en particulier le d\u00e9veloppement de la coop\u00e9ration entre les deux pays.","robots":{"index":"index","follow":"follow","max-snippet":"max-snippet:-1","max-image-preview":"max-image-preview:large","max-video-preview":"max-video-preview:-1"},"canonical":"https:\/\/kapitalis.com\/tunisie\/2022\/12\/14\/tunisie-a-propos-de-la-rencontre-entre-lambassadeur-de-suisse-et-najla-bouden\/","og_locale":"fr_FR","og_type":"article","og_title":"Tunisie : A propos de la rencontre entre l'ambassadeur de Suisse et Najla Bouden - Kapitalis","og_description":"L\u2019Ambassadeur de Suisse en Tunisie Josef Renggli a \u00e9t\u00e9 re\u00e7u, ce mercredi 14 d\u00e9cembre 2022, par la cheffe du gouvernement Najla Bouden. La rencontre a \u00e9t\u00e9 une occasion d'aborder diff\u00e9rents sujets, et en particulier le d\u00e9veloppement de la coop\u00e9ration entre les deux pays.","og_url":"https:\/\/kapitalis.com\/tunisie\/2022\/12\/14\/tunisie-a-propos-de-la-rencontre-entre-lambassadeur-de-suisse-et-najla-bouden\/","og_site_name":"Kapitalis","article_publisher":"https:\/\/www.facebook.com\/KapitalisInfo\/","article_published_time":"2022-12-14T21:13:43+00:00","article_modified_time":"2022-12-14T21:15:46+00:00","og_image":[{"width":1200,"height":630,"url":"https:\/\/kapitalis.com\/tunisie\/wp-content\/uploads\/2022\/12\/Josef-Renggli-Najla-Bouden-Suisse.jpg","type":"image\/jpeg"}],"author":"Yusra NY","twitter_card":"summary_large_image","twitter_creator":"@KapitalisInfo","twitter_site":"@KapitalisInfo","twitter_misc":{"\u00c9crit par":"Yusra NY","Dur\u00e9e de lecture estim\u00e9e":"2 minutes"},"schema":{"@context":"https:\/\/schema.org","@graph":[{"@type":"Article","@id":"https:\/\/kapitalis.com\/tunisie\/2022\/12\/14\/tunisie-a-propos-de-la-rencontre-entre-lambassadeur-de-suisse-et-najla-bouden\/#article","isPartOf":{"@id":"https:\/\/kapitalis.com\/tunisie\/2022\/12\/14\/tunisie-a-propos-de-la-rencontre-entre-lambassadeur-de-suisse-et-najla-bouden\/"},"author":{"name":"Yusra NY","@id":"https:\/\/kapitalis.com\/tunisie\/#\/schema\/person\/74bbde0154d49d790a92aaeac5bc01d5"},"headline":"Tunisie : A propos de la rencontre entre l&rsquo;ambassadeur de Suisse et Najla Bouden","datePublished":"2022-12-14T21:13:43+00:00","dateModified":"2022-12-14T21:15:46+00:00","mainEntityOfPage":{"@id":"https:\/\/kapitalis.com\/tunisie\/2022\/12\/14\/tunisie-a-propos-de-la-rencontre-entre-lambassadeur-de-suisse-et-najla-bouden\/"},"wordCount":257,"commentCount":1,"publisher":{"@id":"https:\/\/kapitalis.com\/tunisie\/#organization"},"image":{"@id":"https:\/\/kapitalis.com\/tunisie\/2022\/12\/14\/tunisie-a-propos-de-la-rencontre-entre-lambassadeur-de-suisse-et-najla-bouden\/#primaryimage"},"thumbnailUrl":"https:\/\/kapitalis.com\/tunisie\/wp-content\/uploads\/2022\/12\/Josef-Renggli-Najla-Bouden-Suisse.jpg","keywords":["ambassade","ambassadeur","Josef Renggli","Najla Bouden","Suisse","Tunisie"],"articleSection":["POLITIQUE","Tunisie"],"inLanguage":"fr-FR","potentialAction":[{"@type":"CommentAction","name":"Comment","target":["https:\/\/kapitalis.com\/tunisie\/2022\/12\/14\/tunisie-a-propos-de-la-rencontre-entre-lambassadeur-de-suisse-et-najla-bouden\/#respond"]}]},{"@type":"WebPage","@id":"https:\/\/kapitalis.com\/tunisie\/2022\/12\/14\/tunisie-a-propos-de-la-rencontre-entre-lambassadeur-de-suisse-et-najla-bouden\/","url":"https:\/\/kapitalis.com\/tunisie\/2022\/12\/14\/tunisie-a-propos-de-la-rencontre-entre-lambassadeur-de-suisse-et-najla-bouden\/","name":"Tunisie : A propos de la rencontre entre l'ambassadeur de Suisse et Najla Bouden - Kapitalis","isPartOf":{"@id":"https:\/\/kapitalis.com\/tunisie\/#website"},"primaryImageOfPage":{"@id":"https:\/\/kapitalis.com\/tunisie\/2022\/12\/14\/tunisie-a-propos-de-la-rencontre-entre-lambassadeur-de-suisse-et-najla-bouden\/#primaryimage"},"image":{"@id":"https:\/\/kapitalis.com\/tunisie\/2022\/12\/14\/tunisie-a-propos-de-la-rencontre-entre-lambassadeur-de-suisse-et-najla-bouden\/#primaryimage"},"thumbnailUrl":"https:\/\/kapitalis.com\/tunisie\/wp-content\/uploads\/2022\/12\/Josef-Renggli-Najla-Bouden-Suisse.jpg","datePublished":"2022-12-14T21:13:43+00:00","dateModified":"2022-12-14T21:15:46+00:00","description":"L\u2019Ambassadeur de Suisse en Tunisie Josef Renggli a \u00e9t\u00e9 re\u00e7u, ce mercredi 14 d\u00e9cembre 2022, par la cheffe du gouvernement Najla Bouden. La rencontre a \u00e9t\u00e9 une occasion d'aborder diff\u00e9rents sujets, et en particulier le d\u00e9veloppement de la coop\u00e9ration entre les deux pays.","breadcrumb":{"@id":"https:\/\/kapitalis.com\/tunisie\/2022\/12\/14\/tunisie-a-propos-de-la-rencontre-entre-lambassadeur-de-suisse-et-najla-bouden\/#breadcrumb"},"inLanguage":"fr-FR","potentialAction":[{"@type":"ReadAction","target":["https:\/\/kapitalis.com\/tunisie\/2022\/12\/14\/tunisie-a-propos-de-la-rencontre-entre-lambassadeur-de-suisse-et-najla-bouden\/"]}]},{"@type":"ImageObject","inLanguage":"fr-FR","@id":"https:\/\/kapitalis.com\/tunisie\/2022\/12\/14\/tunisie-a-propos-de-la-rencontre-entre-lambassadeur-de-suisse-et-najla-bouden\/#primaryimage","url":"https:\/\/kapitalis.com\/tunisie\/wp-content\/uploads\/2022\/12\/Josef-Renggli-Najla-Bouden-Suisse.jpg","contentUrl":"https:\/\/kapitalis.com\/tunisie\/wp-content\/uploads\/2022\/12\/Josef-Renggli-Najla-Bouden-Suisse.jpg","width":1200,"height":630},{"@type":"BreadcrumbList","@id":"https:\/\/kapitalis.com\/tunisie\/2022\/12\/14\/tunisie-a-propos-de-la-rencontre-entre-lambassadeur-de-suisse-et-najla-bouden\/#breadcrumb","itemListElement":[{"@type":"ListItem","position":1,"name":"Accueil","item":"https:\/\/kapitalis.com\/tunisie\/"},{"@type":"ListItem","position":2,"name":"Tunisie : A propos de la rencontre entre l&rsquo;ambassadeur de Suisse et Najla Bouden"}]},{"@type":"WebSite","@id":"https:\/\/kapitalis.com\/tunisie\/#website","url":"https:\/\/kapitalis.com\/tunisie\/","name":"Kapitalis","description":"L&#039;actualit\u00e9 en Tunisie et dans le monde","publisher":{"@id":"https:\/\/kapitalis.com\/tunisie\/#organization"},"potentialAction":[{"@type":"SearchAction","target":{"@type":"EntryPoint","urlTemplate":"https:\/\/kapitalis.com\/tunisie\/?s={search_term_string}"},"query-input":{"@type":"PropertyValueSpecification","valueRequired":true,"valueName":"search_term_string"}}],"inLanguage":"fr-FR"},{"@type":"Organization","@id":"https:\/\/kapitalis.com\/tunisie\/#organization","name":"Kapitalis","url":"https:\/\/kapitalis.com\/tunisie\/","logo":{"@type":"ImageObject","inLanguage":"fr-FR","@id":"https:\/\/kapitalis.com\/tunisie\/#\/schema\/logo\/image\/","url":"https:\/\/kapitalis.com\/tunisie\/wp-content\/uploads\/2022\/05\/Kapitalis-big-size.png","contentUrl":"https:\/\/kapitalis.com\/tunisie\/wp-content\/uploads\/2022\/05\/Kapitalis-big-size.png","width":5000,"height":1500,"caption":"Kapitalis"},"image":{"@id":"https:\/\/kapitalis.com\/tunisie\/#\/schema\/logo\/image\/"},"sameAs":["https:\/\/www.facebook.com\/KapitalisInfo\/","https:\/\/x.com\/KapitalisInfo","https:\/\/www.youtube.com\/channel\/UC-yDYrHyfFBWWZaOw3FPg9Q"]},{"@type":"Person","@id":"https:\/\/kapitalis.com\/tunisie\/#\/schema\/person\/74bbde0154d49d790a92aaeac5bc01d5","name":"Yusra NY","url":"https:\/\/kapitalis.com\/tunisie\/author\/yuza_adam\/"}]}},"_links":{"self":[{"href":"https:\/\/kapitalis.com\/tunisie\/wp-json\/wp\/v2\/posts\/5694301","targetHints":{"allow":["GET"]}}],"collection":[{"href":"https:\/\/kapitalis.com\/tunisie\/wp-json\/wp\/v2\/posts"}],"about":[{"href":"https:\/\/kapitalis.com\/tunisie\/wp-json\/wp\/v2\/types\/post"}],"author":[{"embeddable":true,"href":"https:\/\/kapitalis.com\/tunisie\/wp-json\/wp\/v2\/users\/6"}],"replies":[{"embeddable":true,"href":"https:\/\/kapitalis.com\/tunisie\/wp-json\/wp\/v2\/comments?post=5694301"}],"version-history":[{"count":3,"href":"https:\/\/kapitalis.com\/tunisie\/wp-json\/wp\/v2\/posts\/5694301\/revisions"}],"predecessor-version":[{"id":5694401,"href":"https:\/\/kapitalis.com\/tunisie\/wp-json\/wp\/v2\/posts\/5694301\/revisions\/5694401"}],"wp:featuredmedia":[{"embeddable":true,"href":"https:\/\/kapitalis.com\/tunisie\/wp-json\/wp\/v2\/media\/5694361"}],"wp:attachment":[{"href":"https:\/\/kapitalis.com\/tunisie\/wp-json\/wp\/v2\/media?parent=5694301"}],"wp:term":[{"taxonomy":"category","embeddable":true,"href":"https:\/\/kapitalis.com\/tunisie\/wp-json\/wp\/v2\/categories?post=5694301"},{"taxonomy":"post_tag","embeddable":true,"href":"https:\/\/kapitalis.com\/tunisie\/wp-json\/wp\/v2\/tags?post=5694301"}],"curies":[{"name":"wp","href":"https:\/\/api.w.org\/{rel}","templated":true}]}}