{"id":5701398,"date":"2022-12-15T18:22:34","date_gmt":"2022-12-15T17:22:34","guid":{"rendered":"https:\/\/kapitalis.com\/tunisie\/?p=5701398"},"modified":"2022-12-16T01:01:30","modified_gmt":"2022-12-16T00:01:30","slug":"affaire-de-ladolescent-disparu-a-rades-et-retrouve-a-sousse-precisions-de-la-dgsn","status":"publish","type":"post","link":"https:\/\/kapitalis.com\/tunisie\/2022\/12\/15\/affaire-de-ladolescent-disparu-a-rades-et-retrouve-a-sousse-precisions-de-la-dgsn\/","title":{"rendered":"Affaire de l&rsquo;adolescent disparu \u00e0 Rad\u00e8s et retrouv\u00e9 \u00e0 Sousse : Pr\u00e9cisions de la DGSN"},"content":{"rendered":"\n<p><strong><em>La Direction g\u00e9n\u00e9rale de la s\u00fbret\u00e9 nationale (DGSN) est revenu cet apr\u00e8s-midi, sur l&rsquo;affaire de l&rsquo;adolescent de 14 ans disparu lundi \u00e0 Rad\u00e8s (banlieue sud de Tunis) et retrouv\u00e9, hier \u00e0 Akouda au gouvernorat de Sousse.<\/em><\/strong><\/p>\n\n\n\n<!--more-->\n\n\n\n<p>Dans un communiqu\u00e9 publi\u00e9 ce jeudi 15 d\u00e9cembre 2022, la DGSN a pr\u00e9cis\u00e9 que suite \u00e0 l&rsquo;alerte sur la disparition de l&rsquo;adolescent, dont le t\u00e9l\u00e9phone \u00e9tait hors service, des investigations ont \u00e9t\u00e9 men\u00e9es et il a pu \u00eatre identifi\u00e9 via des cam\u00e9ras de surveillance, l&rsquo;une au niveau de la gare \u00e0 Rad\u00e8s et une autre \u00e0 la gare \u00e0 Sousse.<\/p>\n\n\n\n<p>La m\u00eame source ajoute que la police de Sousse a \u00e9t\u00e9 alert\u00e9e \u00e0 son tour et que les agents ont men\u00e9 des recherches sur terrain, en particulier dans les stations de transport, avant de retrouver l&rsquo;adolescent au niveau de la gare.<\/p>\n\n\n\n<p>Ce dernier a \u00e9t\u00e9 entendu en pr\u00e9sence de sa m\u00e8re (qui \u00e9t\u00e9 contact\u00e9e et qui s&rsquo;est rendue sur les lieux) ainsi qu&rsquo;en pr\u00e9sence du d\u00e9l\u00e9gu\u00e9 r\u00e9gional de la protection de l&rsquo;enfance \u00e0 Sousse, et a confirm\u00e9 avoir quitt\u00e9 le domicile familial pour faire un tour avec une camarade de classe, avant de se rendre chez sa grand-m\u00e8re \u00e0 la cit\u00e9 Milaha \u00e0 Rad\u00e8s, ajoute la DGSN.<\/p>\n\n\n\n<p>Apr\u00e8s avoir re\u00e7u un appel t\u00e9l\u00e9phonique de son p\u00e8re qui l&rsquo;a r\u00e9primand\u00e9 parce qu&rsquo;il n&rsquo;avait pas r\u00e9pondu \u00e0 plusieurs de ses appels, il a d\u00e9cid\u00e9 d&rsquo;aller \u00e0 la gare pour se rendre chez sa tante qui habite \u00e0 Sousse, et ce, sans en informer ses parents. Au cours de son d\u00e9placement, il s&rsquo;est rendu compte que son t\u00e9l\u00e9phone portable \u00e9tait d\u00e9charg\u00e9 et il n&rsquo;a donc pas pu contacter sa tante pour l&rsquo;informer de son arriv\u00e9e.<\/p>\n\n\n\n<p>Une fois \u00e0 Sousse, il a err\u00e9 pendant les heures dans la rue, avant de passer la nuit dans un des caf\u00e9s de la place, et a d\u00e9cid\u00e9 de rentrer \u00e0 la maison, le lendemain en se rendant \u00e0 la gare de Sousse, o\u00f9 les unit\u00e9s s\u00e9curitaire l&rsquo;ont trouv\u00e9, ajoute encore la DGSN, en pr\u00e9cisant que l&rsquo;adolescent a affirm\u00e9 n&rsquo;avoir subi aucune agression et qu&rsquo;il craignait des reproches de ses parents.<\/p>\n\n\n\n<p>Le communiqu\u00e9 de la DGSN vient mettre fin \u00e0 toutes les rumeurs diffus\u00e9es sur les r\u00e9seaux sociaux, relatives \u00e0 un \u00e9ventuel enl\u00e8vement; version qui avait, notons-le \u00e9t\u00e9 publi\u00e9e sur Facebook par certains proches de l&rsquo;adolescent dont un c\u00e9l\u00e8bre chroniqueur , en diffusant une photo (\u00e0 visage d\u00e9couvert) d&rsquo;un jeune homme pr\u00e9sent\u00e9 comme l&rsquo;agresseur\u2026<\/p>\n\n\n\n<p class=\"has-text-align-right\"><strong>Y. N.<\/strong><\/p>\n\n\n\n<figure class=\"wp-block-embed is-type-wp-embed is-provider-kapitalis wp-block-embed-kapitalis\"><div class=\"wp-block-embed__wrapper\">\n<blockquote class=\"wp-embedded-content\" data-secret=\"x1clECc79X\"><a href=\"https:\/\/kapitalis.com\/tunisie\/2022\/12\/14\/tunisie-disparu-a-rades-ladolescent-baraa-retrouve-sain-et-sauf-a-sousse\/\">Tunisie : Disparu \u00e0 Rad\u00e8s, l&rsquo;adolescent Baraa retrouv\u00e9 sain et sauf \u00e0 Sousse<\/a><\/blockquote><iframe loading=\"lazy\" class=\"wp-embedded-content\" sandbox=\"allow-scripts\" security=\"restricted\" style=\"position: absolute; clip: rect(1px, 1px, 1px, 1px);\" title=\"\u00ab\u00a0Tunisie : Disparu \u00e0 Rad\u00e8s, l&rsquo;adolescent Baraa retrouv\u00e9 sain et sauf \u00e0 Sousse\u00a0\u00bb &#8212; Kapitalis\" src=\"https:\/\/kapitalis.com\/tunisie\/2022\/12\/14\/tunisie-disparu-a-rades-ladolescent-baraa-retrouve-sain-et-sauf-a-sousse\/embed\/#?secret=ivk72jO81V#?secret=x1clECc79X\" data-secret=\"x1clECc79X\" width=\"600\" height=\"338\" frameborder=\"0\" marginwidth=\"0\" marginheight=\"0\" scrolling=\"no\"><\/iframe>\n<\/div><\/figure>\n","protected":false},"excerpt":{"rendered":"<p>Affaire de l&rsquo;adolescent disparu \u00e0 Rad\u00e8s et retrouv\u00e9 \u00e0 Sousse : Pr\u00e9cisions de la DGSN<\/p>\n","protected":false},"author":6,"featured_media":5701608,"comment_status":"open","ping_status":"open","sticky":false,"template":"","format":"standard","meta":{"footnotes":""},"categories":[998,2433],"tags":[105156,1678,10576,2107,282,1872,854,64491,62643],"class_list":["post-5701398","post","type-post","status-publish","format-standard","has-post-thumbnail","hentry","category-societe","category-tunisie","tag-ado-disparu","tag-adolescent","tag-akouda","tag-banlieue-sud","tag-disparition","tag-rades","tag-sousse","tag-tunis","tag-tunisie"],"yoast_head":"<!-- This site is optimized with the Yoast SEO plugin v26.6 - https:\/\/yoast.com\/wordpress\/plugins\/seo\/ -->\n<title>Affaire de l&#039;adolescent disparu \u00e0 Rad\u00e8s et retrouv\u00e9 \u00e0 Sousse : Pr\u00e9cisions de la DGSN - Kapitalis<\/title>\n<meta name=\"description\" content=\"La Direction g\u00e9n\u00e9rale de la s\u00fbret\u00e9 nationale (DGSN) est revenu cet apr\u00e8s-midi, sur l&#039;affaire de l&#039;adolescent de 14 ans disparu lundi \u00e0 Rad\u00e8s (banlieue sud de Tunis) a retrouv\u00e9, hier \u00e0 Akouda au gouvernorat de Sousse.\" \/>\n<meta name=\"robots\" content=\"index, follow, max-snippet:-1, max-image-preview:large, max-video-preview:-1\" \/>\n<link rel=\"canonical\" href=\"https:\/\/kapitalis.com\/tunisie\/2022\/12\/15\/affaire-de-ladolescent-disparu-a-rades-et-retrouve-a-sousse-precisions-de-la-dgsn\/\" \/>\n<meta property=\"og:locale\" content=\"fr_FR\" \/>\n<meta property=\"og:type\" content=\"article\" \/>\n<meta property=\"og:title\" content=\"Affaire de l&#039;adolescent disparu \u00e0 Rad\u00e8s et retrouv\u00e9 \u00e0 Sousse : Pr\u00e9cisions de la DGSN - Kapitalis\" \/>\n<meta property=\"og:description\" content=\"La Direction g\u00e9n\u00e9rale de la s\u00fbret\u00e9 nationale (DGSN) est revenu cet apr\u00e8s-midi, sur l&#039;affaire de l&#039;adolescent de 14 ans disparu lundi \u00e0 Rad\u00e8s (banlieue sud de Tunis) a retrouv\u00e9, hier \u00e0 Akouda au gouvernorat de Sousse.\" \/>\n<meta property=\"og:url\" content=\"https:\/\/kapitalis.com\/tunisie\/2022\/12\/15\/affaire-de-ladolescent-disparu-a-rades-et-retrouve-a-sousse-precisions-de-la-dgsn\/\" \/>\n<meta property=\"og:site_name\" content=\"Kapitalis\" \/>\n<meta property=\"article:publisher\" content=\"https:\/\/www.facebook.com\/KapitalisInfo\/\" \/>\n<meta property=\"article:published_time\" content=\"2022-12-15T17:22:34+00:00\" \/>\n<meta property=\"article:modified_time\" content=\"2022-12-16T00:01:30+00:00\" \/>\n<meta property=\"og:image\" content=\"https:\/\/kapitalis.com\/tunisie\/wp-content\/uploads\/2022\/12\/DGSN-ado-diapru.jpg\" \/>\n\t<meta property=\"og:image:width\" content=\"1200\" \/>\n\t<meta property=\"og:image:height\" content=\"630\" \/>\n\t<meta property=\"og:image:type\" content=\"image\/jpeg\" \/>\n<meta name=\"author\" content=\"Yusra NY\" \/>\n<meta name=\"twitter:card\" content=\"summary_large_image\" \/>\n<meta name=\"twitter:creator\" content=\"@KapitalisInfo\" \/>\n<meta name=\"twitter:site\" content=\"@KapitalisInfo\" \/>\n<meta name=\"twitter:label1\" content=\"\u00c9crit par\" \/>\n\t<meta name=\"twitter:data1\" content=\"Yusra NY\" \/>\n\t<meta name=\"twitter:label2\" content=\"Dur\u00e9e de lecture estim\u00e9e\" \/>\n\t<meta name=\"twitter:data2\" content=\"3 minutes\" \/>\n<script type=\"application\/ld+json\" class=\"yoast-schema-graph\">{\"@context\":\"https:\/\/schema.org\",\"@graph\":[{\"@type\":\"Article\",\"@id\":\"https:\/\/kapitalis.com\/tunisie\/2022\/12\/15\/affaire-de-ladolescent-disparu-a-rades-et-retrouve-a-sousse-precisions-de-la-dgsn\/#article\",\"isPartOf\":{\"@id\":\"https:\/\/kapitalis.com\/tunisie\/2022\/12\/15\/affaire-de-ladolescent-disparu-a-rades-et-retrouve-a-sousse-precisions-de-la-dgsn\/\"},\"author\":{\"name\":\"Yusra NY\",\"@id\":\"https:\/\/kapitalis.com\/tunisie\/#\/schema\/person\/74bbde0154d49d790a92aaeac5bc01d5\"},\"headline\":\"Affaire de l&rsquo;adolescent disparu \u00e0 Rad\u00e8s et retrouv\u00e9 \u00e0 Sousse : Pr\u00e9cisions de la DGSN\",\"datePublished\":\"2022-12-15T17:22:34+00:00\",\"dateModified\":\"2022-12-16T00:01:30+00:00\",\"mainEntityOfPage\":{\"@id\":\"https:\/\/kapitalis.com\/tunisie\/2022\/12\/15\/affaire-de-ladolescent-disparu-a-rades-et-retrouve-a-sousse-precisions-de-la-dgsn\/\"},\"wordCount\":449,\"commentCount\":0,\"publisher\":{\"@id\":\"https:\/\/kapitalis.com\/tunisie\/#organization\"},\"image\":{\"@id\":\"https:\/\/kapitalis.com\/tunisie\/2022\/12\/15\/affaire-de-ladolescent-disparu-a-rades-et-retrouve-a-sousse-precisions-de-la-dgsn\/#primaryimage\"},\"thumbnailUrl\":\"https:\/\/kapitalis.com\/tunisie\/wp-content\/uploads\/2022\/12\/DGSN-ado-diapru.jpg\",\"keywords\":[\"ado disparu\",\"adolescent\",\"Akouda\",\"banlieue sud\",\"Disparition\",\"Rad\u00e8s\",\"Sousse\",\"Tunis\",\"Tunisie\"],\"articleSection\":[\"SOCIETE\",\"Tunisie\"],\"inLanguage\":\"fr-FR\",\"potentialAction\":[{\"@type\":\"CommentAction\",\"name\":\"Comment\",\"target\":[\"https:\/\/kapitalis.com\/tunisie\/2022\/12\/15\/affaire-de-ladolescent-disparu-a-rades-et-retrouve-a-sousse-precisions-de-la-dgsn\/#respond\"]}]},{\"@type\":\"WebPage\",\"@id\":\"https:\/\/kapitalis.com\/tunisie\/2022\/12\/15\/affaire-de-ladolescent-disparu-a-rades-et-retrouve-a-sousse-precisions-de-la-dgsn\/\",\"url\":\"https:\/\/kapitalis.com\/tunisie\/2022\/12\/15\/affaire-de-ladolescent-disparu-a-rades-et-retrouve-a-sousse-precisions-de-la-dgsn\/\",\"name\":\"Affaire de l'adolescent disparu \u00e0 Rad\u00e8s et retrouv\u00e9 \u00e0 Sousse : Pr\u00e9cisions de la DGSN - Kapitalis\",\"isPartOf\":{\"@id\":\"https:\/\/kapitalis.com\/tunisie\/#website\"},\"primaryImageOfPage\":{\"@id\":\"https:\/\/kapitalis.com\/tunisie\/2022\/12\/15\/affaire-de-ladolescent-disparu-a-rades-et-retrouve-a-sousse-precisions-de-la-dgsn\/#primaryimage\"},\"image\":{\"@id\":\"https:\/\/kapitalis.com\/tunisie\/2022\/12\/15\/affaire-de-ladolescent-disparu-a-rades-et-retrouve-a-sousse-precisions-de-la-dgsn\/#primaryimage\"},\"thumbnailUrl\":\"https:\/\/kapitalis.com\/tunisie\/wp-content\/uploads\/2022\/12\/DGSN-ado-diapru.jpg\",\"datePublished\":\"2022-12-15T17:22:34+00:00\",\"dateModified\":\"2022-12-16T00:01:30+00:00\",\"description\":\"La Direction g\u00e9n\u00e9rale de la s\u00fbret\u00e9 nationale (DGSN) est revenu cet apr\u00e8s-midi, sur l'affaire de l'adolescent de 14 ans disparu lundi \u00e0 Rad\u00e8s (banlieue sud de Tunis) a retrouv\u00e9, hier \u00e0 Akouda au gouvernorat de Sousse.\",\"breadcrumb\":{\"@id\":\"https:\/\/kapitalis.com\/tunisie\/2022\/12\/15\/affaire-de-ladolescent-disparu-a-rades-et-retrouve-a-sousse-precisions-de-la-dgsn\/#breadcrumb\"},\"inLanguage\":\"fr-FR\",\"potentialAction\":[{\"@type\":\"ReadAction\",\"target\":[\"https:\/\/kapitalis.com\/tunisie\/2022\/12\/15\/affaire-de-ladolescent-disparu-a-rades-et-retrouve-a-sousse-precisions-de-la-dgsn\/\"]}]},{\"@type\":\"ImageObject\",\"inLanguage\":\"fr-FR\",\"@id\":\"https:\/\/kapitalis.com\/tunisie\/2022\/12\/15\/affaire-de-ladolescent-disparu-a-rades-et-retrouve-a-sousse-precisions-de-la-dgsn\/#primaryimage\",\"url\":\"https:\/\/kapitalis.com\/tunisie\/wp-content\/uploads\/2022\/12\/DGSN-ado-diapru.jpg\",\"contentUrl\":\"https:\/\/kapitalis.com\/tunisie\/wp-content\/uploads\/2022\/12\/DGSN-ado-diapru.jpg\",\"width\":1200,\"height\":630},{\"@type\":\"BreadcrumbList\",\"@id\":\"https:\/\/kapitalis.com\/tunisie\/2022\/12\/15\/affaire-de-ladolescent-disparu-a-rades-et-retrouve-a-sousse-precisions-de-la-dgsn\/#breadcrumb\",\"itemListElement\":[{\"@type\":\"ListItem\",\"position\":1,\"name\":\"Accueil\",\"item\":\"https:\/\/kapitalis.com\/tunisie\/\"},{\"@type\":\"ListItem\",\"position\":2,\"name\":\"Affaire de l&rsquo;adolescent disparu \u00e0 Rad\u00e8s et retrouv\u00e9 \u00e0 Sousse : Pr\u00e9cisions de la DGSN\"}]},{\"@type\":\"WebSite\",\"@id\":\"https:\/\/kapitalis.com\/tunisie\/#website\",\"url\":\"https:\/\/kapitalis.com\/tunisie\/\",\"name\":\"Kapitalis\",\"description\":\"L&#039;actualit\u00e9 en Tunisie et dans le monde\",\"publisher\":{\"@id\":\"https:\/\/kapitalis.com\/tunisie\/#organization\"},\"potentialAction\":[{\"@type\":\"SearchAction\",\"target\":{\"@type\":\"EntryPoint\",\"urlTemplate\":\"https:\/\/kapitalis.com\/tunisie\/?s={search_term_string}\"},\"query-input\":{\"@type\":\"PropertyValueSpecification\",\"valueRequired\":true,\"valueName\":\"search_term_string\"}}],\"inLanguage\":\"fr-FR\"},{\"@type\":\"Organization\",\"@id\":\"https:\/\/kapitalis.com\/tunisie\/#organization\",\"name\":\"Kapitalis\",\"url\":\"https:\/\/kapitalis.com\/tunisie\/\",\"logo\":{\"@type\":\"ImageObject\",\"inLanguage\":\"fr-FR\",\"@id\":\"https:\/\/kapitalis.com\/tunisie\/#\/schema\/logo\/image\/\",\"url\":\"https:\/\/kapitalis.com\/tunisie\/wp-content\/uploads\/2022\/05\/Kapitalis-big-size.png\",\"contentUrl\":\"https:\/\/kapitalis.com\/tunisie\/wp-content\/uploads\/2022\/05\/Kapitalis-big-size.png\",\"width\":5000,\"height\":1500,\"caption\":\"Kapitalis\"},\"image\":{\"@id\":\"https:\/\/kapitalis.com\/tunisie\/#\/schema\/logo\/image\/\"},\"sameAs\":[\"https:\/\/www.facebook.com\/KapitalisInfo\/\",\"https:\/\/x.com\/KapitalisInfo\",\"https:\/\/www.youtube.com\/channel\/UC-yDYrHyfFBWWZaOw3FPg9Q\"]},{\"@type\":\"Person\",\"@id\":\"https:\/\/kapitalis.com\/tunisie\/#\/schema\/person\/74bbde0154d49d790a92aaeac5bc01d5\",\"name\":\"Yusra NY\",\"url\":\"https:\/\/kapitalis.com\/tunisie\/author\/yuza_adam\/\"}]}<\/script>\n<!-- \/ Yoast SEO plugin. -->","yoast_head_json":{"title":"Affaire de l'adolescent disparu \u00e0 Rad\u00e8s et retrouv\u00e9 \u00e0 Sousse : Pr\u00e9cisions de la DGSN - Kapitalis","description":"La Direction g\u00e9n\u00e9rale de la s\u00fbret\u00e9 nationale (DGSN) est revenu cet apr\u00e8s-midi, sur l'affaire de l'adolescent de 14 ans disparu lundi \u00e0 Rad\u00e8s (banlieue sud de Tunis) a retrouv\u00e9, hier \u00e0 Akouda au gouvernorat de Sousse.","robots":{"index":"index","follow":"follow","max-snippet":"max-snippet:-1","max-image-preview":"max-image-preview:large","max-video-preview":"max-video-preview:-1"},"canonical":"https:\/\/kapitalis.com\/tunisie\/2022\/12\/15\/affaire-de-ladolescent-disparu-a-rades-et-retrouve-a-sousse-precisions-de-la-dgsn\/","og_locale":"fr_FR","og_type":"article","og_title":"Affaire de l'adolescent disparu \u00e0 Rad\u00e8s et retrouv\u00e9 \u00e0 Sousse : Pr\u00e9cisions de la DGSN - Kapitalis","og_description":"La Direction g\u00e9n\u00e9rale de la s\u00fbret\u00e9 nationale (DGSN) est revenu cet apr\u00e8s-midi, sur l'affaire de l'adolescent de 14 ans disparu lundi \u00e0 Rad\u00e8s (banlieue sud de Tunis) a retrouv\u00e9, hier \u00e0 Akouda au gouvernorat de Sousse.","og_url":"https:\/\/kapitalis.com\/tunisie\/2022\/12\/15\/affaire-de-ladolescent-disparu-a-rades-et-retrouve-a-sousse-precisions-de-la-dgsn\/","og_site_name":"Kapitalis","article_publisher":"https:\/\/www.facebook.com\/KapitalisInfo\/","article_published_time":"2022-12-15T17:22:34+00:00","article_modified_time":"2022-12-16T00:01:30+00:00","og_image":[{"width":1200,"height":630,"url":"https:\/\/kapitalis.com\/tunisie\/wp-content\/uploads\/2022\/12\/DGSN-ado-diapru.jpg","type":"image\/jpeg"}],"author":"Yusra NY","twitter_card":"summary_large_image","twitter_creator":"@KapitalisInfo","twitter_site":"@KapitalisInfo","twitter_misc":{"\u00c9crit par":"Yusra NY","Dur\u00e9e de lecture estim\u00e9e":"3 minutes"},"schema":{"@context":"https:\/\/schema.org","@graph":[{"@type":"Article","@id":"https:\/\/kapitalis.com\/tunisie\/2022\/12\/15\/affaire-de-ladolescent-disparu-a-rades-et-retrouve-a-sousse-precisions-de-la-dgsn\/#article","isPartOf":{"@id":"https:\/\/kapitalis.com\/tunisie\/2022\/12\/15\/affaire-de-ladolescent-disparu-a-rades-et-retrouve-a-sousse-precisions-de-la-dgsn\/"},"author":{"name":"Yusra NY","@id":"https:\/\/kapitalis.com\/tunisie\/#\/schema\/person\/74bbde0154d49d790a92aaeac5bc01d5"},"headline":"Affaire de l&rsquo;adolescent disparu \u00e0 Rad\u00e8s et retrouv\u00e9 \u00e0 Sousse : Pr\u00e9cisions de la DGSN","datePublished":"2022-12-15T17:22:34+00:00","dateModified":"2022-12-16T00:01:30+00:00","mainEntityOfPage":{"@id":"https:\/\/kapitalis.com\/tunisie\/2022\/12\/15\/affaire-de-ladolescent-disparu-a-rades-et-retrouve-a-sousse-precisions-de-la-dgsn\/"},"wordCount":449,"commentCount":0,"publisher":{"@id":"https:\/\/kapitalis.com\/tunisie\/#organization"},"image":{"@id":"https:\/\/kapitalis.com\/tunisie\/2022\/12\/15\/affaire-de-ladolescent-disparu-a-rades-et-retrouve-a-sousse-precisions-de-la-dgsn\/#primaryimage"},"thumbnailUrl":"https:\/\/kapitalis.com\/tunisie\/wp-content\/uploads\/2022\/12\/DGSN-ado-diapru.jpg","keywords":["ado disparu","adolescent","Akouda","banlieue sud","Disparition","Rad\u00e8s","Sousse","Tunis","Tunisie"],"articleSection":["SOCIETE","Tunisie"],"inLanguage":"fr-FR","potentialAction":[{"@type":"CommentAction","name":"Comment","target":["https:\/\/kapitalis.com\/tunisie\/2022\/12\/15\/affaire-de-ladolescent-disparu-a-rades-et-retrouve-a-sousse-precisions-de-la-dgsn\/#respond"]}]},{"@type":"WebPage","@id":"https:\/\/kapitalis.com\/tunisie\/2022\/12\/15\/affaire-de-ladolescent-disparu-a-rades-et-retrouve-a-sousse-precisions-de-la-dgsn\/","url":"https:\/\/kapitalis.com\/tunisie\/2022\/12\/15\/affaire-de-ladolescent-disparu-a-rades-et-retrouve-a-sousse-precisions-de-la-dgsn\/","name":"Affaire de l'adolescent disparu \u00e0 Rad\u00e8s et retrouv\u00e9 \u00e0 Sousse : Pr\u00e9cisions de la DGSN - Kapitalis","isPartOf":{"@id":"https:\/\/kapitalis.com\/tunisie\/#website"},"primaryImageOfPage":{"@id":"https:\/\/kapitalis.com\/tunisie\/2022\/12\/15\/affaire-de-ladolescent-disparu-a-rades-et-retrouve-a-sousse-precisions-de-la-dgsn\/#primaryimage"},"image":{"@id":"https:\/\/kapitalis.com\/tunisie\/2022\/12\/15\/affaire-de-ladolescent-disparu-a-rades-et-retrouve-a-sousse-precisions-de-la-dgsn\/#primaryimage"},"thumbnailUrl":"https:\/\/kapitalis.com\/tunisie\/wp-content\/uploads\/2022\/12\/DGSN-ado-diapru.jpg","datePublished":"2022-12-15T17:22:34+00:00","dateModified":"2022-12-16T00:01:30+00:00","description":"La Direction g\u00e9n\u00e9rale de la s\u00fbret\u00e9 nationale (DGSN) est revenu cet apr\u00e8s-midi, sur l'affaire de l'adolescent de 14 ans disparu lundi \u00e0 Rad\u00e8s (banlieue sud de Tunis) a retrouv\u00e9, hier \u00e0 Akouda au gouvernorat de Sousse.","breadcrumb":{"@id":"https:\/\/kapitalis.com\/tunisie\/2022\/12\/15\/affaire-de-ladolescent-disparu-a-rades-et-retrouve-a-sousse-precisions-de-la-dgsn\/#breadcrumb"},"inLanguage":"fr-FR","potentialAction":[{"@type":"ReadAction","target":["https:\/\/kapitalis.com\/tunisie\/2022\/12\/15\/affaire-de-ladolescent-disparu-a-rades-et-retrouve-a-sousse-precisions-de-la-dgsn\/"]}]},{"@type":"ImageObject","inLanguage":"fr-FR","@id":"https:\/\/kapitalis.com\/tunisie\/2022\/12\/15\/affaire-de-ladolescent-disparu-a-rades-et-retrouve-a-sousse-precisions-de-la-dgsn\/#primaryimage","url":"https:\/\/kapitalis.com\/tunisie\/wp-content\/uploads\/2022\/12\/DGSN-ado-diapru.jpg","contentUrl":"https:\/\/kapitalis.com\/tunisie\/wp-content\/uploads\/2022\/12\/DGSN-ado-diapru.jpg","width":1200,"height":630},{"@type":"BreadcrumbList","@id":"https:\/\/kapitalis.com\/tunisie\/2022\/12\/15\/affaire-de-ladolescent-disparu-a-rades-et-retrouve-a-sousse-precisions-de-la-dgsn\/#breadcrumb","itemListElement":[{"@type":"ListItem","position":1,"name":"Accueil","item":"https:\/\/kapitalis.com\/tunisie\/"},{"@type":"ListItem","position":2,"name":"Affaire de l&rsquo;adolescent disparu \u00e0 Rad\u00e8s et retrouv\u00e9 \u00e0 Sousse : Pr\u00e9cisions de la DGSN"}]},{"@type":"WebSite","@id":"https:\/\/kapitalis.com\/tunisie\/#website","url":"https:\/\/kapitalis.com\/tunisie\/","name":"Kapitalis","description":"L&#039;actualit\u00e9 en Tunisie et dans le monde","publisher":{"@id":"https:\/\/kapitalis.com\/tunisie\/#organization"},"potentialAction":[{"@type":"SearchAction","target":{"@type":"EntryPoint","urlTemplate":"https:\/\/kapitalis.com\/tunisie\/?s={search_term_string}"},"query-input":{"@type":"PropertyValueSpecification","valueRequired":true,"valueName":"search_term_string"}}],"inLanguage":"fr-FR"},{"@type":"Organization","@id":"https:\/\/kapitalis.com\/tunisie\/#organization","name":"Kapitalis","url":"https:\/\/kapitalis.com\/tunisie\/","logo":{"@type":"ImageObject","inLanguage":"fr-FR","@id":"https:\/\/kapitalis.com\/tunisie\/#\/schema\/logo\/image\/","url":"https:\/\/kapitalis.com\/tunisie\/wp-content\/uploads\/2022\/05\/Kapitalis-big-size.png","contentUrl":"https:\/\/kapitalis.com\/tunisie\/wp-content\/uploads\/2022\/05\/Kapitalis-big-size.png","width":5000,"height":1500,"caption":"Kapitalis"},"image":{"@id":"https:\/\/kapitalis.com\/tunisie\/#\/schema\/logo\/image\/"},"sameAs":["https:\/\/www.facebook.com\/KapitalisInfo\/","https:\/\/x.com\/KapitalisInfo","https:\/\/www.youtube.com\/channel\/UC-yDYrHyfFBWWZaOw3FPg9Q"]},{"@type":"Person","@id":"https:\/\/kapitalis.com\/tunisie\/#\/schema\/person\/74bbde0154d49d790a92aaeac5bc01d5","name":"Yusra NY","url":"https:\/\/kapitalis.com\/tunisie\/author\/yuza_adam\/"}]}},"_links":{"self":[{"href":"https:\/\/kapitalis.com\/tunisie\/wp-json\/wp\/v2\/posts\/5701398","targetHints":{"allow":["GET"]}}],"collection":[{"href":"https:\/\/kapitalis.com\/tunisie\/wp-json\/wp\/v2\/posts"}],"about":[{"href":"https:\/\/kapitalis.com\/tunisie\/wp-json\/wp\/v2\/types\/post"}],"author":[{"embeddable":true,"href":"https:\/\/kapitalis.com\/tunisie\/wp-json\/wp\/v2\/users\/6"}],"replies":[{"embeddable":true,"href":"https:\/\/kapitalis.com\/tunisie\/wp-json\/wp\/v2\/comments?post=5701398"}],"version-history":[{"count":5,"href":"https:\/\/kapitalis.com\/tunisie\/wp-json\/wp\/v2\/posts\/5701398\/revisions"}],"predecessor-version":[{"id":5701710,"href":"https:\/\/kapitalis.com\/tunisie\/wp-json\/wp\/v2\/posts\/5701398\/revisions\/5701710"}],"wp:featuredmedia":[{"embeddable":true,"href":"https:\/\/kapitalis.com\/tunisie\/wp-json\/wp\/v2\/media\/5701608"}],"wp:attachment":[{"href":"https:\/\/kapitalis.com\/tunisie\/wp-json\/wp\/v2\/media?parent=5701398"}],"wp:term":[{"taxonomy":"category","embeddable":true,"href":"https:\/\/kapitalis.com\/tunisie\/wp-json\/wp\/v2\/categories?post=5701398"},{"taxonomy":"post_tag","embeddable":true,"href":"https:\/\/kapitalis.com\/tunisie\/wp-json\/wp\/v2\/tags?post=5701398"}],"curies":[{"name":"wp","href":"https:\/\/api.w.org\/{rel}","templated":true}]}}