{"id":57102,"date":"2016-07-08T08:31:49","date_gmt":"2016-07-08T07:31:49","guid":{"rendered":"http:\/\/kapitalis.com\/tunisie\/?p=57102"},"modified":"2016-07-08T08:31:49","modified_gmt":"2016-07-08T07:31:49","slug":"mohamed-moada-refait-surface-a-nefta-via-lassociatif","status":"publish","type":"post","link":"https:\/\/kapitalis.com\/tunisie\/2016\/07\/08\/mohamed-moada-refait-surface-a-nefta-via-lassociatif\/","title":{"rendered":"Mohamed Moada refait surface \u00e0 Nefta via l\u2019associatif"},"content":{"rendered":"<p><img loading=\"lazy\" decoding=\"async\" class=\"alignnone size-full wp-image-57103 aligncenter\" src=\"http:\/\/kapitalis.com\/tunisie\/wp-content\/uploads\/2016\/07\/Mohamed-Moada.jpg\" alt=\"Mohamed-Moada\" width=\"626\" height=\"380\" \/><\/p>\n<p><em><strong>Quasiment invisible sur la sc\u00e8ne politique et m\u00e9diatique depuis le 14 janvier 2016, Mohamed Moada \u00e9merge apr\u00e8s une longue absence.<\/strong> <\/em><\/p>\n<p><!--more--><\/p>\n<p>L\u2019ancien secr\u00e9taire g\u00e9n\u00e9ral du Mouvement des d\u00e9mocrates socialistes (MDS), qui avait eu des d\u00e9m\u00eal\u00e9es avec l\u2019ancien pr\u00e9sident Ben Ali, refait surface loin de Tunis, en l\u2019occurrence \u00e0 Nefta, dont il est originaire, en se lan\u00e7ant dans l\u2019action associative.<br \/>\nM. Moada a en effet cr\u00e9\u00e9 le \u00abCentre Abi Al-Abbas Addirjini et Abi Ali Assouni pour l\u2019h\u00e9ritage, le dialogue et le d\u00e9veloppement \u00e0 Nefta\u00bb.<\/p>\n<p>Ce centre ambitionne de contribuer \u00e0 l\u2019\u00e9tablissement du dialogue entre les religions et les sectes, \u00e0 prot\u00e9ger l\u2019h\u00e9ritage local mat\u00e9riel et immat\u00e9riel de Nefta, \u00e0 la promotion des savants, \u00e9crivains et cr\u00e9ateurs de cette ville, etc.<\/p>\n<p style=\"text-align: right;\"><strong>Nabil Ben Ameur<\/strong><\/p>\n","protected":false},"excerpt":{"rendered":"<p>Quasiment invisible sur la sc\u00e8ne politique et m\u00e9diatique depuis le 14 janvier 2016, Mohamed Moada \u00e9merge apr\u00e8s une longue absence.<\/p>\n","protected":false},"author":8,"featured_media":57103,"comment_status":"open","ping_status":"open","sticky":false,"template":"","format":"standard","meta":{"footnotes":""},"categories":[997,2433],"tags":[140,275,4243],"class_list":["post-57102","post","type-post","status-publish","format-standard","has-post-thumbnail","hentry","category-politique","category-tunisie","tag-ben-ali","tag-developpement","tag-nefta"],"yoast_head":"<!-- This site is optimized with the Yoast SEO plugin v26.6 - https:\/\/yoast.com\/wordpress\/plugins\/seo\/ -->\n<title>Mohamed Moada refait surface \u00e0 Nefta via l\u2019associatif - Kapitalis<\/title>\n<meta name=\"robots\" content=\"index, follow, max-snippet:-1, max-image-preview:large, max-video-preview:-1\" \/>\n<link rel=\"canonical\" href=\"https:\/\/kapitalis.com\/tunisie\/2016\/07\/08\/mohamed-moada-refait-surface-a-nefta-via-lassociatif\/\" \/>\n<meta property=\"og:locale\" content=\"fr_FR\" \/>\n<meta property=\"og:type\" content=\"article\" \/>\n<meta property=\"og:title\" content=\"Mohamed Moada refait surface \u00e0 Nefta via l\u2019associatif - Kapitalis\" \/>\n<meta property=\"og:description\" content=\"Quasiment invisible sur la sc\u00e8ne politique et m\u00e9diatique depuis le 14 janvier 2016, Mohamed Moada \u00e9merge apr\u00e8s une longue absence.\" \/>\n<meta property=\"og:url\" content=\"https:\/\/kapitalis.com\/tunisie\/2016\/07\/08\/mohamed-moada-refait-surface-a-nefta-via-lassociatif\/\" \/>\n<meta property=\"og:site_name\" content=\"Kapitalis\" \/>\n<meta property=\"article:publisher\" content=\"https:\/\/www.facebook.com\/KapitalisInfo\/\" \/>\n<meta property=\"article:published_time\" content=\"2016-07-08T07:31:49+00:00\" \/>\n<meta property=\"og:image\" content=\"https:\/\/kapitalis.com\/tunisie\/wp-content\/uploads\/2022\/05\/kapitalis-logo-fb.png\" \/>\n\t<meta property=\"og:image:width\" content=\"1200\" \/>\n\t<meta property=\"og:image:height\" content=\"630\" \/>\n\t<meta property=\"og:image:type\" content=\"image\/png\" \/>\n<meta name=\"author\" content=\"webmaster kapitalis\" \/>\n<meta name=\"twitter:card\" content=\"summary_large_image\" \/>\n<meta name=\"twitter:creator\" content=\"@KapitalisInfo\" \/>\n<meta name=\"twitter:site\" content=\"@KapitalisInfo\" \/>\n<meta name=\"twitter:label1\" content=\"\u00c9crit par\" \/>\n\t<meta name=\"twitter:data1\" content=\"webmaster kapitalis\" \/>\n\t<meta name=\"twitter:label2\" content=\"Dur\u00e9e de lecture estim\u00e9e\" \/>\n\t<meta name=\"twitter:data2\" content=\"1 minute\" \/>\n<script type=\"application\/ld+json\" class=\"yoast-schema-graph\">{\"@context\":\"https:\/\/schema.org\",\"@graph\":[{\"@type\":\"Article\",\"@id\":\"https:\/\/kapitalis.com\/tunisie\/2016\/07\/08\/mohamed-moada-refait-surface-a-nefta-via-lassociatif\/#article\",\"isPartOf\":{\"@id\":\"https:\/\/kapitalis.com\/tunisie\/2016\/07\/08\/mohamed-moada-refait-surface-a-nefta-via-lassociatif\/\"},\"author\":{\"name\":\"webmaster kapitalis\",\"@id\":\"https:\/\/kapitalis.com\/tunisie\/#\/schema\/person\/d71f33a9ca44f7bad4698210b480c8e9\"},\"headline\":\"Mohamed Moada refait surface \u00e0 Nefta via l\u2019associatif\",\"datePublished\":\"2016-07-08T07:31:49+00:00\",\"mainEntityOfPage\":{\"@id\":\"https:\/\/kapitalis.com\/tunisie\/2016\/07\/08\/mohamed-moada-refait-surface-a-nefta-via-lassociatif\/\"},\"wordCount\":148,\"commentCount\":5,\"publisher\":{\"@id\":\"https:\/\/kapitalis.com\/tunisie\/#organization\"},\"image\":{\"@id\":\"https:\/\/kapitalis.com\/tunisie\/2016\/07\/08\/mohamed-moada-refait-surface-a-nefta-via-lassociatif\/#primaryimage\"},\"thumbnailUrl\":\"\",\"keywords\":[\"Ben Ali\",\"d\u00e9veloppement\",\"Nefta\"],\"articleSection\":[\"POLITIQUE\",\"Tunisie\"],\"inLanguage\":\"fr-FR\",\"potentialAction\":[{\"@type\":\"CommentAction\",\"name\":\"Comment\",\"target\":[\"https:\/\/kapitalis.com\/tunisie\/2016\/07\/08\/mohamed-moada-refait-surface-a-nefta-via-lassociatif\/#respond\"]}]},{\"@type\":\"WebPage\",\"@id\":\"https:\/\/kapitalis.com\/tunisie\/2016\/07\/08\/mohamed-moada-refait-surface-a-nefta-via-lassociatif\/\",\"url\":\"https:\/\/kapitalis.com\/tunisie\/2016\/07\/08\/mohamed-moada-refait-surface-a-nefta-via-lassociatif\/\",\"name\":\"Mohamed Moada refait surface \u00e0 Nefta via l\u2019associatif - Kapitalis\",\"isPartOf\":{\"@id\":\"https:\/\/kapitalis.com\/tunisie\/#website\"},\"primaryImageOfPage\":{\"@id\":\"https:\/\/kapitalis.com\/tunisie\/2016\/07\/08\/mohamed-moada-refait-surface-a-nefta-via-lassociatif\/#primaryimage\"},\"image\":{\"@id\":\"https:\/\/kapitalis.com\/tunisie\/2016\/07\/08\/mohamed-moada-refait-surface-a-nefta-via-lassociatif\/#primaryimage\"},\"thumbnailUrl\":\"\",\"datePublished\":\"2016-07-08T07:31:49+00:00\",\"breadcrumb\":{\"@id\":\"https:\/\/kapitalis.com\/tunisie\/2016\/07\/08\/mohamed-moada-refait-surface-a-nefta-via-lassociatif\/#breadcrumb\"},\"inLanguage\":\"fr-FR\",\"potentialAction\":[{\"@type\":\"ReadAction\",\"target\":[\"https:\/\/kapitalis.com\/tunisie\/2016\/07\/08\/mohamed-moada-refait-surface-a-nefta-via-lassociatif\/\"]}]},{\"@type\":\"ImageObject\",\"inLanguage\":\"fr-FR\",\"@id\":\"https:\/\/kapitalis.com\/tunisie\/2016\/07\/08\/mohamed-moada-refait-surface-a-nefta-via-lassociatif\/#primaryimage\",\"url\":\"\",\"contentUrl\":\"\"},{\"@type\":\"BreadcrumbList\",\"@id\":\"https:\/\/kapitalis.com\/tunisie\/2016\/07\/08\/mohamed-moada-refait-surface-a-nefta-via-lassociatif\/#breadcrumb\",\"itemListElement\":[{\"@type\":\"ListItem\",\"position\":1,\"name\":\"Accueil\",\"item\":\"https:\/\/kapitalis.com\/tunisie\/\"},{\"@type\":\"ListItem\",\"position\":2,\"name\":\"Mohamed Moada refait surface \u00e0 Nefta via l\u2019associatif\"}]},{\"@type\":\"WebSite\",\"@id\":\"https:\/\/kapitalis.com\/tunisie\/#website\",\"url\":\"https:\/\/kapitalis.com\/tunisie\/\",\"name\":\"Kapitalis\",\"description\":\"L&#039;actualit\u00e9 en Tunisie et dans le monde\",\"publisher\":{\"@id\":\"https:\/\/kapitalis.com\/tunisie\/#organization\"},\"potentialAction\":[{\"@type\":\"SearchAction\",\"target\":{\"@type\":\"EntryPoint\",\"urlTemplate\":\"https:\/\/kapitalis.com\/tunisie\/?s={search_term_string}\"},\"query-input\":{\"@type\":\"PropertyValueSpecification\",\"valueRequired\":true,\"valueName\":\"search_term_string\"}}],\"inLanguage\":\"fr-FR\"},{\"@type\":\"Organization\",\"@id\":\"https:\/\/kapitalis.com\/tunisie\/#organization\",\"name\":\"Kapitalis\",\"url\":\"https:\/\/kapitalis.com\/tunisie\/\",\"logo\":{\"@type\":\"ImageObject\",\"inLanguage\":\"fr-FR\",\"@id\":\"https:\/\/kapitalis.com\/tunisie\/#\/schema\/logo\/image\/\",\"url\":\"https:\/\/kapitalis.com\/tunisie\/wp-content\/uploads\/2022\/05\/Kapitalis-big-size.png\",\"contentUrl\":\"https:\/\/kapitalis.com\/tunisie\/wp-content\/uploads\/2022\/05\/Kapitalis-big-size.png\",\"width\":5000,\"height\":1500,\"caption\":\"Kapitalis\"},\"image\":{\"@id\":\"https:\/\/kapitalis.com\/tunisie\/#\/schema\/logo\/image\/\"},\"sameAs\":[\"https:\/\/www.facebook.com\/KapitalisInfo\/\",\"https:\/\/x.com\/KapitalisInfo\",\"https:\/\/www.youtube.com\/channel\/UC-yDYrHyfFBWWZaOw3FPg9Q\"]},{\"@type\":\"Person\",\"@id\":\"https:\/\/kapitalis.com\/tunisie\/#\/schema\/person\/d71f33a9ca44f7bad4698210b480c8e9\",\"name\":\"webmaster kapitalis\",\"url\":\"https:\/\/kapitalis.com\/tunisie\/author\/webmaster-kapitalis\/\"}]}<\/script>\n<!-- \/ Yoast SEO plugin. -->","yoast_head_json":{"title":"Mohamed Moada refait surface \u00e0 Nefta via l\u2019associatif - Kapitalis","robots":{"index":"index","follow":"follow","max-snippet":"max-snippet:-1","max-image-preview":"max-image-preview:large","max-video-preview":"max-video-preview:-1"},"canonical":"https:\/\/kapitalis.com\/tunisie\/2016\/07\/08\/mohamed-moada-refait-surface-a-nefta-via-lassociatif\/","og_locale":"fr_FR","og_type":"article","og_title":"Mohamed Moada refait surface \u00e0 Nefta via l\u2019associatif - Kapitalis","og_description":"Quasiment invisible sur la sc\u00e8ne politique et m\u00e9diatique depuis le 14 janvier 2016, Mohamed Moada \u00e9merge apr\u00e8s une longue absence.","og_url":"https:\/\/kapitalis.com\/tunisie\/2016\/07\/08\/mohamed-moada-refait-surface-a-nefta-via-lassociatif\/","og_site_name":"Kapitalis","article_publisher":"https:\/\/www.facebook.com\/KapitalisInfo\/","article_published_time":"2016-07-08T07:31:49+00:00","og_image":[{"width":1200,"height":630,"url":"https:\/\/kapitalis.com\/tunisie\/wp-content\/uploads\/2022\/05\/kapitalis-logo-fb.png","type":"image\/png"}],"author":"webmaster kapitalis","twitter_card":"summary_large_image","twitter_creator":"@KapitalisInfo","twitter_site":"@KapitalisInfo","twitter_misc":{"\u00c9crit par":"webmaster kapitalis","Dur\u00e9e de lecture estim\u00e9e":"1 minute"},"schema":{"@context":"https:\/\/schema.org","@graph":[{"@type":"Article","@id":"https:\/\/kapitalis.com\/tunisie\/2016\/07\/08\/mohamed-moada-refait-surface-a-nefta-via-lassociatif\/#article","isPartOf":{"@id":"https:\/\/kapitalis.com\/tunisie\/2016\/07\/08\/mohamed-moada-refait-surface-a-nefta-via-lassociatif\/"},"author":{"name":"webmaster kapitalis","@id":"https:\/\/kapitalis.com\/tunisie\/#\/schema\/person\/d71f33a9ca44f7bad4698210b480c8e9"},"headline":"Mohamed Moada refait surface \u00e0 Nefta via l\u2019associatif","datePublished":"2016-07-08T07:31:49+00:00","mainEntityOfPage":{"@id":"https:\/\/kapitalis.com\/tunisie\/2016\/07\/08\/mohamed-moada-refait-surface-a-nefta-via-lassociatif\/"},"wordCount":148,"commentCount":5,"publisher":{"@id":"https:\/\/kapitalis.com\/tunisie\/#organization"},"image":{"@id":"https:\/\/kapitalis.com\/tunisie\/2016\/07\/08\/mohamed-moada-refait-surface-a-nefta-via-lassociatif\/#primaryimage"},"thumbnailUrl":"","keywords":["Ben Ali","d\u00e9veloppement","Nefta"],"articleSection":["POLITIQUE","Tunisie"],"inLanguage":"fr-FR","potentialAction":[{"@type":"CommentAction","name":"Comment","target":["https:\/\/kapitalis.com\/tunisie\/2016\/07\/08\/mohamed-moada-refait-surface-a-nefta-via-lassociatif\/#respond"]}]},{"@type":"WebPage","@id":"https:\/\/kapitalis.com\/tunisie\/2016\/07\/08\/mohamed-moada-refait-surface-a-nefta-via-lassociatif\/","url":"https:\/\/kapitalis.com\/tunisie\/2016\/07\/08\/mohamed-moada-refait-surface-a-nefta-via-lassociatif\/","name":"Mohamed Moada refait surface \u00e0 Nefta via l\u2019associatif - Kapitalis","isPartOf":{"@id":"https:\/\/kapitalis.com\/tunisie\/#website"},"primaryImageOfPage":{"@id":"https:\/\/kapitalis.com\/tunisie\/2016\/07\/08\/mohamed-moada-refait-surface-a-nefta-via-lassociatif\/#primaryimage"},"image":{"@id":"https:\/\/kapitalis.com\/tunisie\/2016\/07\/08\/mohamed-moada-refait-surface-a-nefta-via-lassociatif\/#primaryimage"},"thumbnailUrl":"","datePublished":"2016-07-08T07:31:49+00:00","breadcrumb":{"@id":"https:\/\/kapitalis.com\/tunisie\/2016\/07\/08\/mohamed-moada-refait-surface-a-nefta-via-lassociatif\/#breadcrumb"},"inLanguage":"fr-FR","potentialAction":[{"@type":"ReadAction","target":["https:\/\/kapitalis.com\/tunisie\/2016\/07\/08\/mohamed-moada-refait-surface-a-nefta-via-lassociatif\/"]}]},{"@type":"ImageObject","inLanguage":"fr-FR","@id":"https:\/\/kapitalis.com\/tunisie\/2016\/07\/08\/mohamed-moada-refait-surface-a-nefta-via-lassociatif\/#primaryimage","url":"","contentUrl":""},{"@type":"BreadcrumbList","@id":"https:\/\/kapitalis.com\/tunisie\/2016\/07\/08\/mohamed-moada-refait-surface-a-nefta-via-lassociatif\/#breadcrumb","itemListElement":[{"@type":"ListItem","position":1,"name":"Accueil","item":"https:\/\/kapitalis.com\/tunisie\/"},{"@type":"ListItem","position":2,"name":"Mohamed Moada refait surface \u00e0 Nefta via l\u2019associatif"}]},{"@type":"WebSite","@id":"https:\/\/kapitalis.com\/tunisie\/#website","url":"https:\/\/kapitalis.com\/tunisie\/","name":"Kapitalis","description":"L&#039;actualit\u00e9 en Tunisie et dans le monde","publisher":{"@id":"https:\/\/kapitalis.com\/tunisie\/#organization"},"potentialAction":[{"@type":"SearchAction","target":{"@type":"EntryPoint","urlTemplate":"https:\/\/kapitalis.com\/tunisie\/?s={search_term_string}"},"query-input":{"@type":"PropertyValueSpecification","valueRequired":true,"valueName":"search_term_string"}}],"inLanguage":"fr-FR"},{"@type":"Organization","@id":"https:\/\/kapitalis.com\/tunisie\/#organization","name":"Kapitalis","url":"https:\/\/kapitalis.com\/tunisie\/","logo":{"@type":"ImageObject","inLanguage":"fr-FR","@id":"https:\/\/kapitalis.com\/tunisie\/#\/schema\/logo\/image\/","url":"https:\/\/kapitalis.com\/tunisie\/wp-content\/uploads\/2022\/05\/Kapitalis-big-size.png","contentUrl":"https:\/\/kapitalis.com\/tunisie\/wp-content\/uploads\/2022\/05\/Kapitalis-big-size.png","width":5000,"height":1500,"caption":"Kapitalis"},"image":{"@id":"https:\/\/kapitalis.com\/tunisie\/#\/schema\/logo\/image\/"},"sameAs":["https:\/\/www.facebook.com\/KapitalisInfo\/","https:\/\/x.com\/KapitalisInfo","https:\/\/www.youtube.com\/channel\/UC-yDYrHyfFBWWZaOw3FPg9Q"]},{"@type":"Person","@id":"https:\/\/kapitalis.com\/tunisie\/#\/schema\/person\/d71f33a9ca44f7bad4698210b480c8e9","name":"webmaster kapitalis","url":"https:\/\/kapitalis.com\/tunisie\/author\/webmaster-kapitalis\/"}]}},"_links":{"self":[{"href":"https:\/\/kapitalis.com\/tunisie\/wp-json\/wp\/v2\/posts\/57102","targetHints":{"allow":["GET"]}}],"collection":[{"href":"https:\/\/kapitalis.com\/tunisie\/wp-json\/wp\/v2\/posts"}],"about":[{"href":"https:\/\/kapitalis.com\/tunisie\/wp-json\/wp\/v2\/types\/post"}],"author":[{"embeddable":true,"href":"https:\/\/kapitalis.com\/tunisie\/wp-json\/wp\/v2\/users\/8"}],"replies":[{"embeddable":true,"href":"https:\/\/kapitalis.com\/tunisie\/wp-json\/wp\/v2\/comments?post=57102"}],"version-history":[{"count":0,"href":"https:\/\/kapitalis.com\/tunisie\/wp-json\/wp\/v2\/posts\/57102\/revisions"}],"wp:featuredmedia":[{"embeddable":true,"href":"https:\/\/kapitalis.com\/tunisie\/wp-json\/wp\/v2\/media\/57103"}],"wp:attachment":[{"href":"https:\/\/kapitalis.com\/tunisie\/wp-json\/wp\/v2\/media?parent=57102"}],"wp:term":[{"taxonomy":"category","embeddable":true,"href":"https:\/\/kapitalis.com\/tunisie\/wp-json\/wp\/v2\/categories?post=57102"},{"taxonomy":"post_tag","embeddable":true,"href":"https:\/\/kapitalis.com\/tunisie\/wp-json\/wp\/v2\/tags?post=57102"}],"curies":[{"name":"wp","href":"https:\/\/api.w.org\/{rel}","templated":true}]}}