{"id":5710852,"date":"2022-12-16T19:00:05","date_gmt":"2022-12-16T18:00:05","guid":{"rendered":"https:\/\/kapitalis.com\/tunisie\/?p=5710852"},"modified":"2022-12-16T19:16:17","modified_gmt":"2022-12-16T18:16:17","slug":"sante-dr-boujdaria-sexprime-sur-la-vague-de-la-grippe-saisonniere-en-tunisie","status":"publish","type":"post","link":"https:\/\/kapitalis.com\/tunisie\/2022\/12\/16\/sante-dr-boujdaria-sexprime-sur-la-vague-de-la-grippe-saisonniere-en-tunisie\/","title":{"rendered":"Sant\u00e9 : Dr Boujdaria s&rsquo;exprime sur la vague de la grippe saisonni\u00e8re en Tunisie"},"content":{"rendered":"\n<p><em><strong>Dr Rafik Boujdaria chef de service des urgences \u00e0 l&rsquo;h\u00f4pital Abderrahmen Mami \u00e0 l&rsquo;Ariana s&rsquo;est exprim\u00e9, ce vendredi 16 d\u00e9cembre 2022, sur la vague de la grippe saisonni\u00e8re qui s\u00e9vit en Tunisie.<\/strong><\/em><\/p>\n\n\n\n<!--more-->\n\n\n\n<p>Dans une d\u00e9claration \u00e0 l&rsquo;agence Tap, Dr Boujdaria a indiqu\u00e9 que les h\u00f4pitaux publics ont enregistr\u00e9 une grande affluence de patients touch\u00e9s par la grippe, et que le nombre de consultations chez les m\u00e9decins a \u00e9galement augment\u00e9, en affirmant que la capacit\u00e9 d&rsquo;accueil des lits de r\u00e9animation a atteint ses limites et que les lits dans les services de p\u00e9diatrie ont, quant \u00e0 eux, d\u00e9pass\u00e9 la capacit\u00e9 d&rsquo;accueil \u00e0 raison de 200%.<\/p>\n\n\n\n<p>Quant aux sympt\u00f4mes de la grippe, ils se caract\u00e9risent par une diarrh\u00e9e, des vomissements, de la fi\u00e8vre et des maux de t\u00eate, ainsi que de la toux, ajoute la m\u00eame source, tout en exprimant ses craintes quant \u00e0 une nouvelle vague de coronavirus, attendue en janvier prochain, en parall\u00e8le de la propagation de la grippe saisonni\u00e8re.<\/p>\n\n\n\n<p>Dr Boujdaria a , de ce fait, recommand\u00e9 la vaccination contre la grippe saisonni\u00e8re ainsi qu&rsquo;un sch\u00e9ma vaccinal complet contre le coronavirus, en particulier pour les personnes \u00e2g\u00e9es et celles dites vuln\u00e9rables, souffrant de maladies chroniques, tout en appelant au respect des mesures pr\u00e9ventives.<\/p>\n\n\n\n<p class=\"has-text-align-right\"><strong>Y. N.<\/strong><\/p>\n\n\n\n<figure class=\"wp-block-embed is-type-wp-embed is-provider-kapitalis wp-block-embed-kapitalis\"><div class=\"wp-block-embed__wrapper\">\n<blockquote class=\"wp-embedded-content\" data-secret=\"azA8tQ4OjM\"><a href=\"https:\/\/kapitalis.com\/tunisie\/2022\/12\/08\/tunisie-recommandations-du-ministere-de-la-sante-pour-se-premunir-contre-la-grippe-saisonniere\/\">Tunisie : Recommandations du minist\u00e8re de la Sant\u00e9 pour se pr\u00e9munir contre la grippe saisonni\u00e8re<\/a><\/blockquote><iframe loading=\"lazy\" class=\"wp-embedded-content\" sandbox=\"allow-scripts\" security=\"restricted\" style=\"position: absolute; clip: rect(1px, 1px, 1px, 1px);\" title=\"\u00ab\u00a0Tunisie : Recommandations du minist\u00e8re de la Sant\u00e9 pour se pr\u00e9munir contre la grippe saisonni\u00e8re\u00a0\u00bb &#8212; Kapitalis\" src=\"https:\/\/kapitalis.com\/tunisie\/2022\/12\/08\/tunisie-recommandations-du-ministere-de-la-sante-pour-se-premunir-contre-la-grippe-saisonniere\/embed\/#?secret=3nGel3r03w#?secret=azA8tQ4OjM\" data-secret=\"azA8tQ4OjM\" width=\"600\" height=\"338\" frameborder=\"0\" marginwidth=\"0\" marginheight=\"0\" scrolling=\"no\"><\/iframe>\n<\/div><\/figure>\n","protected":false},"excerpt":{"rendered":"<p>Dr Boujdaria s&rsquo;exprime sur la vague de la grippe saisonni\u00e8re en Tunisie<\/p>\n","protected":false},"author":6,"featured_media":5710918,"comment_status":"open","ping_status":"open","sticky":false,"template":"","format":"standard","meta":{"footnotes":""},"categories":[998,2433],"tags":[75291,86375,75915,810,62643],"class_list":["post-5710852","post","type-post","status-publish","format-standard","has-post-thumbnail","hentry","category-societe","category-tunisie","tag-covid-19","tag-dr-boujdaria","tag-grippe-saisonniere","tag-sante","tag-tunisie"],"yoast_head":"<!-- This site is optimized with the Yoast SEO plugin v26.6 - https:\/\/yoast.com\/wordpress\/plugins\/seo\/ -->\n<title>Sant\u00e9 : Dr Boujdaria s&#039;exprime sur la vague de la grippe saisonni\u00e8re en Tunisie - Kapitalis<\/title>\n<meta name=\"description\" content=\"Dr Rafik Boujdaria chef de service des urgences \u00e0 l&#039;h\u00f4pital Abderrahmen Mami \u00e0 l&#039;Ariana s&#039;est exprim\u00e9, ce vendredi 16 d\u00e9cembre 2022, sur la vague de grippe saisonni\u00e8re qui s\u00e9vit en Tunisie.\" \/>\n<meta name=\"robots\" content=\"index, follow, max-snippet:-1, max-image-preview:large, max-video-preview:-1\" \/>\n<link rel=\"canonical\" href=\"https:\/\/kapitalis.com\/tunisie\/2022\/12\/16\/sante-dr-boujdaria-sexprime-sur-la-vague-de-la-grippe-saisonniere-en-tunisie\/\" \/>\n<meta property=\"og:locale\" content=\"fr_FR\" \/>\n<meta property=\"og:type\" content=\"article\" \/>\n<meta property=\"og:title\" content=\"Sant\u00e9 : Dr Boujdaria s&#039;exprime sur la vague de la grippe saisonni\u00e8re en Tunisie - Kapitalis\" \/>\n<meta property=\"og:description\" content=\"Dr Rafik Boujdaria chef de service des urgences \u00e0 l&#039;h\u00f4pital Abderrahmen Mami \u00e0 l&#039;Ariana s&#039;est exprim\u00e9, ce vendredi 16 d\u00e9cembre 2022, sur la vague de grippe saisonni\u00e8re qui s\u00e9vit en Tunisie.\" \/>\n<meta property=\"og:url\" content=\"https:\/\/kapitalis.com\/tunisie\/2022\/12\/16\/sante-dr-boujdaria-sexprime-sur-la-vague-de-la-grippe-saisonniere-en-tunisie\/\" \/>\n<meta property=\"og:site_name\" content=\"Kapitalis\" \/>\n<meta property=\"article:publisher\" content=\"https:\/\/www.facebook.com\/KapitalisInfo\/\" \/>\n<meta property=\"article:published_time\" content=\"2022-12-16T18:00:05+00:00\" \/>\n<meta property=\"article:modified_time\" content=\"2022-12-16T18:16:17+00:00\" \/>\n<meta property=\"og:image\" content=\"https:\/\/kapitalis.com\/tunisie\/wp-content\/uploads\/2022\/12\/grippe-1.jpg\" \/>\n\t<meta property=\"og:image:width\" content=\"1200\" \/>\n\t<meta property=\"og:image:height\" content=\"630\" \/>\n\t<meta property=\"og:image:type\" content=\"image\/jpeg\" \/>\n<meta name=\"author\" content=\"Yusra NY\" \/>\n<meta name=\"twitter:card\" content=\"summary_large_image\" \/>\n<meta name=\"twitter:creator\" content=\"@KapitalisInfo\" \/>\n<meta name=\"twitter:site\" content=\"@KapitalisInfo\" \/>\n<meta name=\"twitter:label1\" content=\"\u00c9crit par\" \/>\n\t<meta name=\"twitter:data1\" content=\"Yusra NY\" \/>\n\t<meta name=\"twitter:label2\" content=\"Dur\u00e9e de lecture estim\u00e9e\" \/>\n\t<meta name=\"twitter:data2\" content=\"2 minutes\" \/>\n<script type=\"application\/ld+json\" class=\"yoast-schema-graph\">{\"@context\":\"https:\/\/schema.org\",\"@graph\":[{\"@type\":\"Article\",\"@id\":\"https:\/\/kapitalis.com\/tunisie\/2022\/12\/16\/sante-dr-boujdaria-sexprime-sur-la-vague-de-la-grippe-saisonniere-en-tunisie\/#article\",\"isPartOf\":{\"@id\":\"https:\/\/kapitalis.com\/tunisie\/2022\/12\/16\/sante-dr-boujdaria-sexprime-sur-la-vague-de-la-grippe-saisonniere-en-tunisie\/\"},\"author\":{\"name\":\"Yusra NY\",\"@id\":\"https:\/\/kapitalis.com\/tunisie\/#\/schema\/person\/74bbde0154d49d790a92aaeac5bc01d5\"},\"headline\":\"Sant\u00e9 : Dr Boujdaria s&rsquo;exprime sur la vague de la grippe saisonni\u00e8re en Tunisie\",\"datePublished\":\"2022-12-16T18:00:05+00:00\",\"dateModified\":\"2022-12-16T18:16:17+00:00\",\"mainEntityOfPage\":{\"@id\":\"https:\/\/kapitalis.com\/tunisie\/2022\/12\/16\/sante-dr-boujdaria-sexprime-sur-la-vague-de-la-grippe-saisonniere-en-tunisie\/\"},\"wordCount\":239,\"commentCount\":0,\"publisher\":{\"@id\":\"https:\/\/kapitalis.com\/tunisie\/#organization\"},\"image\":{\"@id\":\"https:\/\/kapitalis.com\/tunisie\/2022\/12\/16\/sante-dr-boujdaria-sexprime-sur-la-vague-de-la-grippe-saisonniere-en-tunisie\/#primaryimage\"},\"thumbnailUrl\":\"https:\/\/kapitalis.com\/tunisie\/wp-content\/uploads\/2022\/12\/grippe-1.jpg\",\"keywords\":[\"Covid-19\",\"Dr Boujdaria\",\"grippe saisonni\u00e8re\",\"Sant\u00e9\",\"Tunisie\"],\"articleSection\":[\"SOCIETE\",\"Tunisie\"],\"inLanguage\":\"fr-FR\",\"potentialAction\":[{\"@type\":\"CommentAction\",\"name\":\"Comment\",\"target\":[\"https:\/\/kapitalis.com\/tunisie\/2022\/12\/16\/sante-dr-boujdaria-sexprime-sur-la-vague-de-la-grippe-saisonniere-en-tunisie\/#respond\"]}]},{\"@type\":\"WebPage\",\"@id\":\"https:\/\/kapitalis.com\/tunisie\/2022\/12\/16\/sante-dr-boujdaria-sexprime-sur-la-vague-de-la-grippe-saisonniere-en-tunisie\/\",\"url\":\"https:\/\/kapitalis.com\/tunisie\/2022\/12\/16\/sante-dr-boujdaria-sexprime-sur-la-vague-de-la-grippe-saisonniere-en-tunisie\/\",\"name\":\"Sant\u00e9 : Dr Boujdaria s'exprime sur la vague de la grippe saisonni\u00e8re en Tunisie - Kapitalis\",\"isPartOf\":{\"@id\":\"https:\/\/kapitalis.com\/tunisie\/#website\"},\"primaryImageOfPage\":{\"@id\":\"https:\/\/kapitalis.com\/tunisie\/2022\/12\/16\/sante-dr-boujdaria-sexprime-sur-la-vague-de-la-grippe-saisonniere-en-tunisie\/#primaryimage\"},\"image\":{\"@id\":\"https:\/\/kapitalis.com\/tunisie\/2022\/12\/16\/sante-dr-boujdaria-sexprime-sur-la-vague-de-la-grippe-saisonniere-en-tunisie\/#primaryimage\"},\"thumbnailUrl\":\"https:\/\/kapitalis.com\/tunisie\/wp-content\/uploads\/2022\/12\/grippe-1.jpg\",\"datePublished\":\"2022-12-16T18:00:05+00:00\",\"dateModified\":\"2022-12-16T18:16:17+00:00\",\"description\":\"Dr Rafik Boujdaria chef de service des urgences \u00e0 l'h\u00f4pital Abderrahmen Mami \u00e0 l'Ariana s'est exprim\u00e9, ce vendredi 16 d\u00e9cembre 2022, sur la vague de grippe saisonni\u00e8re qui s\u00e9vit en Tunisie.\",\"breadcrumb\":{\"@id\":\"https:\/\/kapitalis.com\/tunisie\/2022\/12\/16\/sante-dr-boujdaria-sexprime-sur-la-vague-de-la-grippe-saisonniere-en-tunisie\/#breadcrumb\"},\"inLanguage\":\"fr-FR\",\"potentialAction\":[{\"@type\":\"ReadAction\",\"target\":[\"https:\/\/kapitalis.com\/tunisie\/2022\/12\/16\/sante-dr-boujdaria-sexprime-sur-la-vague-de-la-grippe-saisonniere-en-tunisie\/\"]}]},{\"@type\":\"ImageObject\",\"inLanguage\":\"fr-FR\",\"@id\":\"https:\/\/kapitalis.com\/tunisie\/2022\/12\/16\/sante-dr-boujdaria-sexprime-sur-la-vague-de-la-grippe-saisonniere-en-tunisie\/#primaryimage\",\"url\":\"https:\/\/kapitalis.com\/tunisie\/wp-content\/uploads\/2022\/12\/grippe-1.jpg\",\"contentUrl\":\"https:\/\/kapitalis.com\/tunisie\/wp-content\/uploads\/2022\/12\/grippe-1.jpg\",\"width\":1200,\"height\":630},{\"@type\":\"BreadcrumbList\",\"@id\":\"https:\/\/kapitalis.com\/tunisie\/2022\/12\/16\/sante-dr-boujdaria-sexprime-sur-la-vague-de-la-grippe-saisonniere-en-tunisie\/#breadcrumb\",\"itemListElement\":[{\"@type\":\"ListItem\",\"position\":1,\"name\":\"Accueil\",\"item\":\"https:\/\/kapitalis.com\/tunisie\/\"},{\"@type\":\"ListItem\",\"position\":2,\"name\":\"Sant\u00e9 : Dr Boujdaria s&rsquo;exprime sur la vague de la grippe saisonni\u00e8re en Tunisie\"}]},{\"@type\":\"WebSite\",\"@id\":\"https:\/\/kapitalis.com\/tunisie\/#website\",\"url\":\"https:\/\/kapitalis.com\/tunisie\/\",\"name\":\"Kapitalis\",\"description\":\"L&#039;actualit\u00e9 en Tunisie et dans le monde\",\"publisher\":{\"@id\":\"https:\/\/kapitalis.com\/tunisie\/#organization\"},\"potentialAction\":[{\"@type\":\"SearchAction\",\"target\":{\"@type\":\"EntryPoint\",\"urlTemplate\":\"https:\/\/kapitalis.com\/tunisie\/?s={search_term_string}\"},\"query-input\":{\"@type\":\"PropertyValueSpecification\",\"valueRequired\":true,\"valueName\":\"search_term_string\"}}],\"inLanguage\":\"fr-FR\"},{\"@type\":\"Organization\",\"@id\":\"https:\/\/kapitalis.com\/tunisie\/#organization\",\"name\":\"Kapitalis\",\"url\":\"https:\/\/kapitalis.com\/tunisie\/\",\"logo\":{\"@type\":\"ImageObject\",\"inLanguage\":\"fr-FR\",\"@id\":\"https:\/\/kapitalis.com\/tunisie\/#\/schema\/logo\/image\/\",\"url\":\"https:\/\/kapitalis.com\/tunisie\/wp-content\/uploads\/2022\/05\/Kapitalis-big-size.png\",\"contentUrl\":\"https:\/\/kapitalis.com\/tunisie\/wp-content\/uploads\/2022\/05\/Kapitalis-big-size.png\",\"width\":5000,\"height\":1500,\"caption\":\"Kapitalis\"},\"image\":{\"@id\":\"https:\/\/kapitalis.com\/tunisie\/#\/schema\/logo\/image\/\"},\"sameAs\":[\"https:\/\/www.facebook.com\/KapitalisInfo\/\",\"https:\/\/x.com\/KapitalisInfo\",\"https:\/\/www.youtube.com\/channel\/UC-yDYrHyfFBWWZaOw3FPg9Q\"]},{\"@type\":\"Person\",\"@id\":\"https:\/\/kapitalis.com\/tunisie\/#\/schema\/person\/74bbde0154d49d790a92aaeac5bc01d5\",\"name\":\"Yusra NY\",\"url\":\"https:\/\/kapitalis.com\/tunisie\/author\/yuza_adam\/\"}]}<\/script>\n<!-- \/ Yoast SEO plugin. -->","yoast_head_json":{"title":"Sant\u00e9 : Dr Boujdaria s'exprime sur la vague de la grippe saisonni\u00e8re en Tunisie - Kapitalis","description":"Dr Rafik Boujdaria chef de service des urgences \u00e0 l'h\u00f4pital Abderrahmen Mami \u00e0 l'Ariana s'est exprim\u00e9, ce vendredi 16 d\u00e9cembre 2022, sur la vague de grippe saisonni\u00e8re qui s\u00e9vit en Tunisie.","robots":{"index":"index","follow":"follow","max-snippet":"max-snippet:-1","max-image-preview":"max-image-preview:large","max-video-preview":"max-video-preview:-1"},"canonical":"https:\/\/kapitalis.com\/tunisie\/2022\/12\/16\/sante-dr-boujdaria-sexprime-sur-la-vague-de-la-grippe-saisonniere-en-tunisie\/","og_locale":"fr_FR","og_type":"article","og_title":"Sant\u00e9 : Dr Boujdaria s'exprime sur la vague de la grippe saisonni\u00e8re en Tunisie - Kapitalis","og_description":"Dr Rafik Boujdaria chef de service des urgences \u00e0 l'h\u00f4pital Abderrahmen Mami \u00e0 l'Ariana s'est exprim\u00e9, ce vendredi 16 d\u00e9cembre 2022, sur la vague de grippe saisonni\u00e8re qui s\u00e9vit en Tunisie.","og_url":"https:\/\/kapitalis.com\/tunisie\/2022\/12\/16\/sante-dr-boujdaria-sexprime-sur-la-vague-de-la-grippe-saisonniere-en-tunisie\/","og_site_name":"Kapitalis","article_publisher":"https:\/\/www.facebook.com\/KapitalisInfo\/","article_published_time":"2022-12-16T18:00:05+00:00","article_modified_time":"2022-12-16T18:16:17+00:00","og_image":[{"width":1200,"height":630,"url":"https:\/\/kapitalis.com\/tunisie\/wp-content\/uploads\/2022\/12\/grippe-1.jpg","type":"image\/jpeg"}],"author":"Yusra NY","twitter_card":"summary_large_image","twitter_creator":"@KapitalisInfo","twitter_site":"@KapitalisInfo","twitter_misc":{"\u00c9crit par":"Yusra NY","Dur\u00e9e de lecture estim\u00e9e":"2 minutes"},"schema":{"@context":"https:\/\/schema.org","@graph":[{"@type":"Article","@id":"https:\/\/kapitalis.com\/tunisie\/2022\/12\/16\/sante-dr-boujdaria-sexprime-sur-la-vague-de-la-grippe-saisonniere-en-tunisie\/#article","isPartOf":{"@id":"https:\/\/kapitalis.com\/tunisie\/2022\/12\/16\/sante-dr-boujdaria-sexprime-sur-la-vague-de-la-grippe-saisonniere-en-tunisie\/"},"author":{"name":"Yusra NY","@id":"https:\/\/kapitalis.com\/tunisie\/#\/schema\/person\/74bbde0154d49d790a92aaeac5bc01d5"},"headline":"Sant\u00e9 : Dr Boujdaria s&rsquo;exprime sur la vague de la grippe saisonni\u00e8re en Tunisie","datePublished":"2022-12-16T18:00:05+00:00","dateModified":"2022-12-16T18:16:17+00:00","mainEntityOfPage":{"@id":"https:\/\/kapitalis.com\/tunisie\/2022\/12\/16\/sante-dr-boujdaria-sexprime-sur-la-vague-de-la-grippe-saisonniere-en-tunisie\/"},"wordCount":239,"commentCount":0,"publisher":{"@id":"https:\/\/kapitalis.com\/tunisie\/#organization"},"image":{"@id":"https:\/\/kapitalis.com\/tunisie\/2022\/12\/16\/sante-dr-boujdaria-sexprime-sur-la-vague-de-la-grippe-saisonniere-en-tunisie\/#primaryimage"},"thumbnailUrl":"https:\/\/kapitalis.com\/tunisie\/wp-content\/uploads\/2022\/12\/grippe-1.jpg","keywords":["Covid-19","Dr Boujdaria","grippe saisonni\u00e8re","Sant\u00e9","Tunisie"],"articleSection":["SOCIETE","Tunisie"],"inLanguage":"fr-FR","potentialAction":[{"@type":"CommentAction","name":"Comment","target":["https:\/\/kapitalis.com\/tunisie\/2022\/12\/16\/sante-dr-boujdaria-sexprime-sur-la-vague-de-la-grippe-saisonniere-en-tunisie\/#respond"]}]},{"@type":"WebPage","@id":"https:\/\/kapitalis.com\/tunisie\/2022\/12\/16\/sante-dr-boujdaria-sexprime-sur-la-vague-de-la-grippe-saisonniere-en-tunisie\/","url":"https:\/\/kapitalis.com\/tunisie\/2022\/12\/16\/sante-dr-boujdaria-sexprime-sur-la-vague-de-la-grippe-saisonniere-en-tunisie\/","name":"Sant\u00e9 : Dr Boujdaria s'exprime sur la vague de la grippe saisonni\u00e8re en Tunisie - Kapitalis","isPartOf":{"@id":"https:\/\/kapitalis.com\/tunisie\/#website"},"primaryImageOfPage":{"@id":"https:\/\/kapitalis.com\/tunisie\/2022\/12\/16\/sante-dr-boujdaria-sexprime-sur-la-vague-de-la-grippe-saisonniere-en-tunisie\/#primaryimage"},"image":{"@id":"https:\/\/kapitalis.com\/tunisie\/2022\/12\/16\/sante-dr-boujdaria-sexprime-sur-la-vague-de-la-grippe-saisonniere-en-tunisie\/#primaryimage"},"thumbnailUrl":"https:\/\/kapitalis.com\/tunisie\/wp-content\/uploads\/2022\/12\/grippe-1.jpg","datePublished":"2022-12-16T18:00:05+00:00","dateModified":"2022-12-16T18:16:17+00:00","description":"Dr Rafik Boujdaria chef de service des urgences \u00e0 l'h\u00f4pital Abderrahmen Mami \u00e0 l'Ariana s'est exprim\u00e9, ce vendredi 16 d\u00e9cembre 2022, sur la vague de grippe saisonni\u00e8re qui s\u00e9vit en Tunisie.","breadcrumb":{"@id":"https:\/\/kapitalis.com\/tunisie\/2022\/12\/16\/sante-dr-boujdaria-sexprime-sur-la-vague-de-la-grippe-saisonniere-en-tunisie\/#breadcrumb"},"inLanguage":"fr-FR","potentialAction":[{"@type":"ReadAction","target":["https:\/\/kapitalis.com\/tunisie\/2022\/12\/16\/sante-dr-boujdaria-sexprime-sur-la-vague-de-la-grippe-saisonniere-en-tunisie\/"]}]},{"@type":"ImageObject","inLanguage":"fr-FR","@id":"https:\/\/kapitalis.com\/tunisie\/2022\/12\/16\/sante-dr-boujdaria-sexprime-sur-la-vague-de-la-grippe-saisonniere-en-tunisie\/#primaryimage","url":"https:\/\/kapitalis.com\/tunisie\/wp-content\/uploads\/2022\/12\/grippe-1.jpg","contentUrl":"https:\/\/kapitalis.com\/tunisie\/wp-content\/uploads\/2022\/12\/grippe-1.jpg","width":1200,"height":630},{"@type":"BreadcrumbList","@id":"https:\/\/kapitalis.com\/tunisie\/2022\/12\/16\/sante-dr-boujdaria-sexprime-sur-la-vague-de-la-grippe-saisonniere-en-tunisie\/#breadcrumb","itemListElement":[{"@type":"ListItem","position":1,"name":"Accueil","item":"https:\/\/kapitalis.com\/tunisie\/"},{"@type":"ListItem","position":2,"name":"Sant\u00e9 : Dr Boujdaria s&rsquo;exprime sur la vague de la grippe saisonni\u00e8re en Tunisie"}]},{"@type":"WebSite","@id":"https:\/\/kapitalis.com\/tunisie\/#website","url":"https:\/\/kapitalis.com\/tunisie\/","name":"Kapitalis","description":"L&#039;actualit\u00e9 en Tunisie et dans le monde","publisher":{"@id":"https:\/\/kapitalis.com\/tunisie\/#organization"},"potentialAction":[{"@type":"SearchAction","target":{"@type":"EntryPoint","urlTemplate":"https:\/\/kapitalis.com\/tunisie\/?s={search_term_string}"},"query-input":{"@type":"PropertyValueSpecification","valueRequired":true,"valueName":"search_term_string"}}],"inLanguage":"fr-FR"},{"@type":"Organization","@id":"https:\/\/kapitalis.com\/tunisie\/#organization","name":"Kapitalis","url":"https:\/\/kapitalis.com\/tunisie\/","logo":{"@type":"ImageObject","inLanguage":"fr-FR","@id":"https:\/\/kapitalis.com\/tunisie\/#\/schema\/logo\/image\/","url":"https:\/\/kapitalis.com\/tunisie\/wp-content\/uploads\/2022\/05\/Kapitalis-big-size.png","contentUrl":"https:\/\/kapitalis.com\/tunisie\/wp-content\/uploads\/2022\/05\/Kapitalis-big-size.png","width":5000,"height":1500,"caption":"Kapitalis"},"image":{"@id":"https:\/\/kapitalis.com\/tunisie\/#\/schema\/logo\/image\/"},"sameAs":["https:\/\/www.facebook.com\/KapitalisInfo\/","https:\/\/x.com\/KapitalisInfo","https:\/\/www.youtube.com\/channel\/UC-yDYrHyfFBWWZaOw3FPg9Q"]},{"@type":"Person","@id":"https:\/\/kapitalis.com\/tunisie\/#\/schema\/person\/74bbde0154d49d790a92aaeac5bc01d5","name":"Yusra NY","url":"https:\/\/kapitalis.com\/tunisie\/author\/yuza_adam\/"}]}},"_links":{"self":[{"href":"https:\/\/kapitalis.com\/tunisie\/wp-json\/wp\/v2\/posts\/5710852","targetHints":{"allow":["GET"]}}],"collection":[{"href":"https:\/\/kapitalis.com\/tunisie\/wp-json\/wp\/v2\/posts"}],"about":[{"href":"https:\/\/kapitalis.com\/tunisie\/wp-json\/wp\/v2\/types\/post"}],"author":[{"embeddable":true,"href":"https:\/\/kapitalis.com\/tunisie\/wp-json\/wp\/v2\/users\/6"}],"replies":[{"embeddable":true,"href":"https:\/\/kapitalis.com\/tunisie\/wp-json\/wp\/v2\/comments?post=5710852"}],"version-history":[{"count":2,"href":"https:\/\/kapitalis.com\/tunisie\/wp-json\/wp\/v2\/posts\/5710852\/revisions"}],"predecessor-version":[{"id":5710961,"href":"https:\/\/kapitalis.com\/tunisie\/wp-json\/wp\/v2\/posts\/5710852\/revisions\/5710961"}],"wp:featuredmedia":[{"embeddable":true,"href":"https:\/\/kapitalis.com\/tunisie\/wp-json\/wp\/v2\/media\/5710918"}],"wp:attachment":[{"href":"https:\/\/kapitalis.com\/tunisie\/wp-json\/wp\/v2\/media?parent=5710852"}],"wp:term":[{"taxonomy":"category","embeddable":true,"href":"https:\/\/kapitalis.com\/tunisie\/wp-json\/wp\/v2\/categories?post=5710852"},{"taxonomy":"post_tag","embeddable":true,"href":"https:\/\/kapitalis.com\/tunisie\/wp-json\/wp\/v2\/tags?post=5710852"}],"curies":[{"name":"wp","href":"https:\/\/api.w.org\/{rel}","templated":true}]}}