{"id":5711,"date":"2015-07-01T09:58:26","date_gmt":"2015-07-01T08:58:26","guid":{"rendered":"http:\/\/kapitalis.com\/tunisie\/?p=5711"},"modified":"2015-07-01T09:58:26","modified_gmt":"2015-07-01T08:58:26","slug":"annulation-du-congres-panafricain-de-cardiologie-a-hammamet","status":"publish","type":"post","link":"https:\/\/kapitalis.com\/tunisie\/2015\/07\/01\/annulation-du-congres-panafricain-de-cardiologie-a-hammamet\/","title":{"rendered":"Annulation du congr\u00e8s panafricain de cardiologie \u00e0 Hammamet"},"content":{"rendered":"<p><img loading=\"lazy\" decoding=\"async\" class=\"aligncenter size-full wp-image-5712\" src=\"http:\/\/kapitalis.com\/tunisie\/wp-content\/uploads\/2015\/07\/Congres-panafricain-de-cardiologie.jpg\" alt=\"Congres-panafricain-de-cardiologie\" width=\"626\" height=\"380\" \/><\/p>\n<p><em><strong>Le Congr\u00e8s panafricain de cardiologie, qui devait se tenir du 3 au 7 octobre 2015, \u00e0 Yasmine Hammamet, n\u2019aura finalement pas lieu.<\/strong> <\/em><\/p>\n<p><!--more--><\/p>\n<p>Dans une lettre adress\u00e9e, hier soir, \u00e0 ses coll\u00e8gues de la Soci\u00e9t\u00e9 tunisienne de cardiologie et de chirurgie cardio-vasculaire (STCCCV), le professeur Bogani Mayosi, pr\u00e9sident de la Pan-African Society of Cardiology (Pascar), s\u2019est dit au regret d\u2019annuler ce congr\u00e8s si attendu, suite \u00e0 la trag\u00e9die ayant r\u00e9cemment frapp\u00e9 Tunisie.<\/p>\n<p>Traduire : apr\u00e8s l\u2019attaque terroriste contre un h\u00f4tel \u00e0 Sousse, vendredi 26 juin, qui a fait 38 morts parmi les touristes \u00e9trangers, les cardiologues africains ne sont plus chauds pour venir en Tunisie.<\/p>\n<p>Cette d\u00e9cision a eu l\u2019effet d\u2019une douche froide pour les chirurgiens cardiovasculaires tunisiens qui ne s\u2019y attendaient. N\u2019emp\u00eache que la plupart comprennent la d\u00e9cision du pr\u00e9sident du Pascar, m\u00eame si beaucoup ont du mal \u00e0 la dig\u00e9rer, d\u2019autant qu\u2019elle vient d\u2019un m\u00e9decin, qui plus est africain, qui aurait pu montrer un minimum de solidarit\u00e9 avec la Tunisie.<\/p>\n<p>Raouf Denguir, professeur chirurgien cardio-vasculaire \u00e0 l\u2019h\u00f4pital Rabta, s\u2019est dit navr\u00e9, car un \u00e9norme travail a d\u00e9j\u00e0 \u00e9t\u00e9 accompli par le groupe de STCCV et le Pascar pour assurer la r\u00e9ussite du congr\u00e8s. <em>\u00abMais on ne peut pas obliger les confr\u00e8res \u00e0 venir en Tunisie, qu&rsquo;il soient europ\u00e9ens ou africains ou autres, tant qu\u2019on est pas en mesure de leur garantir le minimum de s\u00e9curit\u00e9\u00bb<\/em>, a-t-il dit.<\/p>\n<p style=\"text-align: right;\"><strong>Z. A.<\/strong><\/p>\n","protected":false},"excerpt":{"rendered":"<p>Le Congr\u00e8s panafricain de cardiologie, qui devait se tenir du 3 au 7 octobre 2015, \u00e0 Yasmine Hammamet, n\u2019aura finalement pas lieu.<\/p>\n","protected":false},"author":5,"featured_media":5712,"comment_status":"open","ping_status":"open","sticky":false,"template":"","format":"standard","meta":{"footnotes":""},"categories":[998,2433],"tags":[2633,2783,439],"class_list":["post-5711","post","type-post","status-publish","format-standard","has-post-thumbnail","hentry","category-societe","category-tunisie","tag-attentat-terroriste","tag-cardiologie","tag-hammamet"],"yoast_head":"<!-- This site is optimized with the Yoast SEO plugin v26.6 - https:\/\/yoast.com\/wordpress\/plugins\/seo\/ -->\n<title>Annulation du congr\u00e8s panafricain de cardiologie \u00e0 Hammamet - Kapitalis<\/title>\n<meta name=\"robots\" content=\"index, follow, max-snippet:-1, max-image-preview:large, max-video-preview:-1\" \/>\n<link rel=\"canonical\" href=\"https:\/\/kapitalis.com\/tunisie\/2015\/07\/01\/annulation-du-congres-panafricain-de-cardiologie-a-hammamet\/\" \/>\n<meta property=\"og:locale\" content=\"fr_FR\" \/>\n<meta property=\"og:type\" content=\"article\" \/>\n<meta property=\"og:title\" content=\"Annulation du congr\u00e8s panafricain de cardiologie \u00e0 Hammamet - Kapitalis\" \/>\n<meta property=\"og:description\" content=\"Le Congr\u00e8s panafricain de cardiologie, qui devait se tenir du 3 au 7 octobre 2015, \u00e0 Yasmine Hammamet, n\u2019aura finalement pas lieu.\" \/>\n<meta property=\"og:url\" content=\"https:\/\/kapitalis.com\/tunisie\/2015\/07\/01\/annulation-du-congres-panafricain-de-cardiologie-a-hammamet\/\" \/>\n<meta property=\"og:site_name\" content=\"Kapitalis\" \/>\n<meta property=\"article:publisher\" content=\"https:\/\/www.facebook.com\/KapitalisInfo\/\" \/>\n<meta property=\"article:published_time\" content=\"2015-07-01T08:58:26+00:00\" \/>\n<meta property=\"og:image\" content=\"https:\/\/kapitalis.com\/tunisie\/wp-content\/uploads\/2022\/05\/kapitalis-logo-fb.png\" \/>\n\t<meta property=\"og:image:width\" content=\"1200\" \/>\n\t<meta property=\"og:image:height\" content=\"630\" \/>\n\t<meta property=\"og:image:type\" content=\"image\/png\" \/>\n<meta name=\"author\" content=\"Ridha Elkefi\" \/>\n<meta name=\"twitter:card\" content=\"summary_large_image\" \/>\n<meta name=\"twitter:creator\" content=\"@KapitalisInfo\" \/>\n<meta name=\"twitter:site\" content=\"@KapitalisInfo\" \/>\n<meta name=\"twitter:label1\" content=\"\u00c9crit par\" \/>\n\t<meta name=\"twitter:data1\" content=\"Ridha Elkefi\" \/>\n\t<meta name=\"twitter:label2\" content=\"Dur\u00e9e de lecture estim\u00e9e\" \/>\n\t<meta name=\"twitter:data2\" content=\"1 minute\" \/>\n<script type=\"application\/ld+json\" class=\"yoast-schema-graph\">{\"@context\":\"https:\/\/schema.org\",\"@graph\":[{\"@type\":\"Article\",\"@id\":\"https:\/\/kapitalis.com\/tunisie\/2015\/07\/01\/annulation-du-congres-panafricain-de-cardiologie-a-hammamet\/#article\",\"isPartOf\":{\"@id\":\"https:\/\/kapitalis.com\/tunisie\/2015\/07\/01\/annulation-du-congres-panafricain-de-cardiologie-a-hammamet\/\"},\"author\":{\"name\":\"Ridha Elkefi\",\"@id\":\"https:\/\/kapitalis.com\/tunisie\/#\/schema\/person\/16627fc9b2fc0116230e88af071eebab\"},\"headline\":\"Annulation du congr\u00e8s panafricain de cardiologie \u00e0 Hammamet\",\"datePublished\":\"2015-07-01T08:58:26+00:00\",\"mainEntityOfPage\":{\"@id\":\"https:\/\/kapitalis.com\/tunisie\/2015\/07\/01\/annulation-du-congres-panafricain-de-cardiologie-a-hammamet\/\"},\"wordCount\":263,\"commentCount\":0,\"publisher\":{\"@id\":\"https:\/\/kapitalis.com\/tunisie\/#organization\"},\"image\":{\"@id\":\"https:\/\/kapitalis.com\/tunisie\/2015\/07\/01\/annulation-du-congres-panafricain-de-cardiologie-a-hammamet\/#primaryimage\"},\"thumbnailUrl\":\"\",\"keywords\":[\"attentat terroriste\",\"cardiologie\",\"Hammamet\"],\"articleSection\":[\"SOCIETE\",\"Tunisie\"],\"inLanguage\":\"fr-FR\",\"potentialAction\":[{\"@type\":\"CommentAction\",\"name\":\"Comment\",\"target\":[\"https:\/\/kapitalis.com\/tunisie\/2015\/07\/01\/annulation-du-congres-panafricain-de-cardiologie-a-hammamet\/#respond\"]}]},{\"@type\":\"WebPage\",\"@id\":\"https:\/\/kapitalis.com\/tunisie\/2015\/07\/01\/annulation-du-congres-panafricain-de-cardiologie-a-hammamet\/\",\"url\":\"https:\/\/kapitalis.com\/tunisie\/2015\/07\/01\/annulation-du-congres-panafricain-de-cardiologie-a-hammamet\/\",\"name\":\"Annulation du congr\u00e8s panafricain de cardiologie \u00e0 Hammamet - Kapitalis\",\"isPartOf\":{\"@id\":\"https:\/\/kapitalis.com\/tunisie\/#website\"},\"primaryImageOfPage\":{\"@id\":\"https:\/\/kapitalis.com\/tunisie\/2015\/07\/01\/annulation-du-congres-panafricain-de-cardiologie-a-hammamet\/#primaryimage\"},\"image\":{\"@id\":\"https:\/\/kapitalis.com\/tunisie\/2015\/07\/01\/annulation-du-congres-panafricain-de-cardiologie-a-hammamet\/#primaryimage\"},\"thumbnailUrl\":\"\",\"datePublished\":\"2015-07-01T08:58:26+00:00\",\"breadcrumb\":{\"@id\":\"https:\/\/kapitalis.com\/tunisie\/2015\/07\/01\/annulation-du-congres-panafricain-de-cardiologie-a-hammamet\/#breadcrumb\"},\"inLanguage\":\"fr-FR\",\"potentialAction\":[{\"@type\":\"ReadAction\",\"target\":[\"https:\/\/kapitalis.com\/tunisie\/2015\/07\/01\/annulation-du-congres-panafricain-de-cardiologie-a-hammamet\/\"]}]},{\"@type\":\"ImageObject\",\"inLanguage\":\"fr-FR\",\"@id\":\"https:\/\/kapitalis.com\/tunisie\/2015\/07\/01\/annulation-du-congres-panafricain-de-cardiologie-a-hammamet\/#primaryimage\",\"url\":\"\",\"contentUrl\":\"\"},{\"@type\":\"BreadcrumbList\",\"@id\":\"https:\/\/kapitalis.com\/tunisie\/2015\/07\/01\/annulation-du-congres-panafricain-de-cardiologie-a-hammamet\/#breadcrumb\",\"itemListElement\":[{\"@type\":\"ListItem\",\"position\":1,\"name\":\"Accueil\",\"item\":\"https:\/\/kapitalis.com\/tunisie\/\"},{\"@type\":\"ListItem\",\"position\":2,\"name\":\"Annulation du congr\u00e8s panafricain de cardiologie \u00e0 Hammamet\"}]},{\"@type\":\"WebSite\",\"@id\":\"https:\/\/kapitalis.com\/tunisie\/#website\",\"url\":\"https:\/\/kapitalis.com\/tunisie\/\",\"name\":\"Kapitalis\",\"description\":\"L&#039;actualit\u00e9 en Tunisie et dans le monde\",\"publisher\":{\"@id\":\"https:\/\/kapitalis.com\/tunisie\/#organization\"},\"potentialAction\":[{\"@type\":\"SearchAction\",\"target\":{\"@type\":\"EntryPoint\",\"urlTemplate\":\"https:\/\/kapitalis.com\/tunisie\/?s={search_term_string}\"},\"query-input\":{\"@type\":\"PropertyValueSpecification\",\"valueRequired\":true,\"valueName\":\"search_term_string\"}}],\"inLanguage\":\"fr-FR\"},{\"@type\":\"Organization\",\"@id\":\"https:\/\/kapitalis.com\/tunisie\/#organization\",\"name\":\"Kapitalis\",\"url\":\"https:\/\/kapitalis.com\/tunisie\/\",\"logo\":{\"@type\":\"ImageObject\",\"inLanguage\":\"fr-FR\",\"@id\":\"https:\/\/kapitalis.com\/tunisie\/#\/schema\/logo\/image\/\",\"url\":\"https:\/\/kapitalis.com\/tunisie\/wp-content\/uploads\/2022\/05\/Kapitalis-big-size.png\",\"contentUrl\":\"https:\/\/kapitalis.com\/tunisie\/wp-content\/uploads\/2022\/05\/Kapitalis-big-size.png\",\"width\":5000,\"height\":1500,\"caption\":\"Kapitalis\"},\"image\":{\"@id\":\"https:\/\/kapitalis.com\/tunisie\/#\/schema\/logo\/image\/\"},\"sameAs\":[\"https:\/\/www.facebook.com\/KapitalisInfo\/\",\"https:\/\/x.com\/KapitalisInfo\",\"https:\/\/www.youtube.com\/channel\/UC-yDYrHyfFBWWZaOw3FPg9Q\"]},{\"@type\":\"Person\",\"@id\":\"https:\/\/kapitalis.com\/tunisie\/#\/schema\/person\/16627fc9b2fc0116230e88af071eebab\",\"name\":\"Ridha Elkefi\",\"url\":\"https:\/\/kapitalis.com\/tunisie\/author\/ridha-kefi\/\"}]}<\/script>\n<!-- \/ Yoast SEO plugin. -->","yoast_head_json":{"title":"Annulation du congr\u00e8s panafricain de cardiologie \u00e0 Hammamet - Kapitalis","robots":{"index":"index","follow":"follow","max-snippet":"max-snippet:-1","max-image-preview":"max-image-preview:large","max-video-preview":"max-video-preview:-1"},"canonical":"https:\/\/kapitalis.com\/tunisie\/2015\/07\/01\/annulation-du-congres-panafricain-de-cardiologie-a-hammamet\/","og_locale":"fr_FR","og_type":"article","og_title":"Annulation du congr\u00e8s panafricain de cardiologie \u00e0 Hammamet - Kapitalis","og_description":"Le Congr\u00e8s panafricain de cardiologie, qui devait se tenir du 3 au 7 octobre 2015, \u00e0 Yasmine Hammamet, n\u2019aura finalement pas lieu.","og_url":"https:\/\/kapitalis.com\/tunisie\/2015\/07\/01\/annulation-du-congres-panafricain-de-cardiologie-a-hammamet\/","og_site_name":"Kapitalis","article_publisher":"https:\/\/www.facebook.com\/KapitalisInfo\/","article_published_time":"2015-07-01T08:58:26+00:00","og_image":[{"width":1200,"height":630,"url":"https:\/\/kapitalis.com\/tunisie\/wp-content\/uploads\/2022\/05\/kapitalis-logo-fb.png","type":"image\/png"}],"author":"Ridha Elkefi","twitter_card":"summary_large_image","twitter_creator":"@KapitalisInfo","twitter_site":"@KapitalisInfo","twitter_misc":{"\u00c9crit par":"Ridha Elkefi","Dur\u00e9e de lecture estim\u00e9e":"1 minute"},"schema":{"@context":"https:\/\/schema.org","@graph":[{"@type":"Article","@id":"https:\/\/kapitalis.com\/tunisie\/2015\/07\/01\/annulation-du-congres-panafricain-de-cardiologie-a-hammamet\/#article","isPartOf":{"@id":"https:\/\/kapitalis.com\/tunisie\/2015\/07\/01\/annulation-du-congres-panafricain-de-cardiologie-a-hammamet\/"},"author":{"name":"Ridha Elkefi","@id":"https:\/\/kapitalis.com\/tunisie\/#\/schema\/person\/16627fc9b2fc0116230e88af071eebab"},"headline":"Annulation du congr\u00e8s panafricain de cardiologie \u00e0 Hammamet","datePublished":"2015-07-01T08:58:26+00:00","mainEntityOfPage":{"@id":"https:\/\/kapitalis.com\/tunisie\/2015\/07\/01\/annulation-du-congres-panafricain-de-cardiologie-a-hammamet\/"},"wordCount":263,"commentCount":0,"publisher":{"@id":"https:\/\/kapitalis.com\/tunisie\/#organization"},"image":{"@id":"https:\/\/kapitalis.com\/tunisie\/2015\/07\/01\/annulation-du-congres-panafricain-de-cardiologie-a-hammamet\/#primaryimage"},"thumbnailUrl":"","keywords":["attentat terroriste","cardiologie","Hammamet"],"articleSection":["SOCIETE","Tunisie"],"inLanguage":"fr-FR","potentialAction":[{"@type":"CommentAction","name":"Comment","target":["https:\/\/kapitalis.com\/tunisie\/2015\/07\/01\/annulation-du-congres-panafricain-de-cardiologie-a-hammamet\/#respond"]}]},{"@type":"WebPage","@id":"https:\/\/kapitalis.com\/tunisie\/2015\/07\/01\/annulation-du-congres-panafricain-de-cardiologie-a-hammamet\/","url":"https:\/\/kapitalis.com\/tunisie\/2015\/07\/01\/annulation-du-congres-panafricain-de-cardiologie-a-hammamet\/","name":"Annulation du congr\u00e8s panafricain de cardiologie \u00e0 Hammamet - Kapitalis","isPartOf":{"@id":"https:\/\/kapitalis.com\/tunisie\/#website"},"primaryImageOfPage":{"@id":"https:\/\/kapitalis.com\/tunisie\/2015\/07\/01\/annulation-du-congres-panafricain-de-cardiologie-a-hammamet\/#primaryimage"},"image":{"@id":"https:\/\/kapitalis.com\/tunisie\/2015\/07\/01\/annulation-du-congres-panafricain-de-cardiologie-a-hammamet\/#primaryimage"},"thumbnailUrl":"","datePublished":"2015-07-01T08:58:26+00:00","breadcrumb":{"@id":"https:\/\/kapitalis.com\/tunisie\/2015\/07\/01\/annulation-du-congres-panafricain-de-cardiologie-a-hammamet\/#breadcrumb"},"inLanguage":"fr-FR","potentialAction":[{"@type":"ReadAction","target":["https:\/\/kapitalis.com\/tunisie\/2015\/07\/01\/annulation-du-congres-panafricain-de-cardiologie-a-hammamet\/"]}]},{"@type":"ImageObject","inLanguage":"fr-FR","@id":"https:\/\/kapitalis.com\/tunisie\/2015\/07\/01\/annulation-du-congres-panafricain-de-cardiologie-a-hammamet\/#primaryimage","url":"","contentUrl":""},{"@type":"BreadcrumbList","@id":"https:\/\/kapitalis.com\/tunisie\/2015\/07\/01\/annulation-du-congres-panafricain-de-cardiologie-a-hammamet\/#breadcrumb","itemListElement":[{"@type":"ListItem","position":1,"name":"Accueil","item":"https:\/\/kapitalis.com\/tunisie\/"},{"@type":"ListItem","position":2,"name":"Annulation du congr\u00e8s panafricain de cardiologie \u00e0 Hammamet"}]},{"@type":"WebSite","@id":"https:\/\/kapitalis.com\/tunisie\/#website","url":"https:\/\/kapitalis.com\/tunisie\/","name":"Kapitalis","description":"L&#039;actualit\u00e9 en Tunisie et dans le monde","publisher":{"@id":"https:\/\/kapitalis.com\/tunisie\/#organization"},"potentialAction":[{"@type":"SearchAction","target":{"@type":"EntryPoint","urlTemplate":"https:\/\/kapitalis.com\/tunisie\/?s={search_term_string}"},"query-input":{"@type":"PropertyValueSpecification","valueRequired":true,"valueName":"search_term_string"}}],"inLanguage":"fr-FR"},{"@type":"Organization","@id":"https:\/\/kapitalis.com\/tunisie\/#organization","name":"Kapitalis","url":"https:\/\/kapitalis.com\/tunisie\/","logo":{"@type":"ImageObject","inLanguage":"fr-FR","@id":"https:\/\/kapitalis.com\/tunisie\/#\/schema\/logo\/image\/","url":"https:\/\/kapitalis.com\/tunisie\/wp-content\/uploads\/2022\/05\/Kapitalis-big-size.png","contentUrl":"https:\/\/kapitalis.com\/tunisie\/wp-content\/uploads\/2022\/05\/Kapitalis-big-size.png","width":5000,"height":1500,"caption":"Kapitalis"},"image":{"@id":"https:\/\/kapitalis.com\/tunisie\/#\/schema\/logo\/image\/"},"sameAs":["https:\/\/www.facebook.com\/KapitalisInfo\/","https:\/\/x.com\/KapitalisInfo","https:\/\/www.youtube.com\/channel\/UC-yDYrHyfFBWWZaOw3FPg9Q"]},{"@type":"Person","@id":"https:\/\/kapitalis.com\/tunisie\/#\/schema\/person\/16627fc9b2fc0116230e88af071eebab","name":"Ridha Elkefi","url":"https:\/\/kapitalis.com\/tunisie\/author\/ridha-kefi\/"}]}},"_links":{"self":[{"href":"https:\/\/kapitalis.com\/tunisie\/wp-json\/wp\/v2\/posts\/5711","targetHints":{"allow":["GET"]}}],"collection":[{"href":"https:\/\/kapitalis.com\/tunisie\/wp-json\/wp\/v2\/posts"}],"about":[{"href":"https:\/\/kapitalis.com\/tunisie\/wp-json\/wp\/v2\/types\/post"}],"author":[{"embeddable":true,"href":"https:\/\/kapitalis.com\/tunisie\/wp-json\/wp\/v2\/users\/5"}],"replies":[{"embeddable":true,"href":"https:\/\/kapitalis.com\/tunisie\/wp-json\/wp\/v2\/comments?post=5711"}],"version-history":[{"count":0,"href":"https:\/\/kapitalis.com\/tunisie\/wp-json\/wp\/v2\/posts\/5711\/revisions"}],"wp:featuredmedia":[{"embeddable":true,"href":"https:\/\/kapitalis.com\/tunisie\/wp-json\/wp\/v2\/media\/5712"}],"wp:attachment":[{"href":"https:\/\/kapitalis.com\/tunisie\/wp-json\/wp\/v2\/media?parent=5711"}],"wp:term":[{"taxonomy":"category","embeddable":true,"href":"https:\/\/kapitalis.com\/tunisie\/wp-json\/wp\/v2\/categories?post=5711"},{"taxonomy":"post_tag","embeddable":true,"href":"https:\/\/kapitalis.com\/tunisie\/wp-json\/wp\/v2\/tags?post=5711"}],"curies":[{"name":"wp","href":"https:\/\/api.w.org\/{rel}","templated":true}]}}