{"id":5713609,"date":"2022-12-17T00:32:53","date_gmt":"2022-12-16T23:32:53","guid":{"rendered":"https:\/\/kapitalis.com\/tunisie\/?p=5713609"},"modified":"2022-12-17T00:48:47","modified_gmt":"2022-12-16T23:48:47","slug":"kasserine-enquete-suite-au-deces-dun-eleve-tombe-dune-camionnette-en-rentrant-du-college","status":"publish","type":"post","link":"https:\/\/kapitalis.com\/tunisie\/2022\/12\/17\/kasserine-enquete-suite-au-deces-dun-eleve-tombe-dune-camionnette-en-rentrant-du-college\/","title":{"rendered":"Kasserine : Enqu\u00eate suite au d\u00e9c\u00e8s d&rsquo;un \u00e9l\u00e8ve tomb\u00e9 d\u2019une camionnette en rentrant du coll\u00e8ge"},"content":{"rendered":"\n<p><strong><em>Le parquet de Kasserine a ordonn\u00e9 l&rsquo;ouverture d&rsquo;une enqu\u00eate suite au d\u00e9c\u00e8s de Mohamed Toukay Jabbari<\/em><\/strong>, <strong><em>un \u00e9l\u00e8ve de 15 ans tomb\u00e9 d\u2019une camionnette alors qu&rsquo;il rentrait du coll\u00e8ge.<\/em><\/strong><\/p>\n\n\n\n<!--more-->\n\n\n\n<p>Install\u00e9 avec d&rsquo;autres camarades \u00e0 l&rsquo;arri\u00e8re de la camionnette, Mohamed Toukay \u00e9l\u00e8ve en 9e ann\u00e9e au coll\u00e8ge Edoghra a chut\u00e9 et a \u00e9t\u00e9 gri\u00e8vement bless\u00e9 et transport\u00e9 \u00e0 l&rsquo;h\u00f4pital r\u00e9gional, avant de succomber \u00e0 de graves blessures.<\/p>\n\n\n\n<p>Dans une d\u00e9claration aux m\u00e9dias, le porte-parole du tribunal de premi\u00e8re instance de Kasserine a annonc\u00e9 que le parquet a ordonn\u00e9 l&rsquo;ouverture d&rsquo;une enqu\u00eate, en ajoutant que le conducteur devra compara\u00eetre devant le juge, lundi prochain, selon Mosa\u00efque FM.<\/p>\n\n\n\n<p>La m\u00eame source, citant des source du syndicat, a ajout\u00e9 que le conducteur de la camionnette, comme plusieurs autres de la r\u00e9gion, transportait gratuitement les \u00e9l\u00e8ves pour leur \u00e9viter de faire des kilom\u00e8tres \u00e0 pieds, en l&rsquo;absence de transport d\u00e9di\u00e9s aux \u00e9coliers&#8230;<\/p>\n\n\n\n<p class=\"has-text-align-right\"><strong>Y. N.<\/strong><\/p>\n","protected":false},"excerpt":{"rendered":"<p>Kasserine : Enqu\u00eate suite au d\u00e9c\u00e8s d&rsquo;un \u00e9l\u00e8ve tomb\u00e9 d\u2019une camionnette en rentrant du coll\u00e8ge<\/p>\n","protected":false},"author":6,"featured_media":2969525,"comment_status":"open","ping_status":"open","sticky":false,"template":"","format":"standard","meta":{"footnotes":""},"categories":[998,2433],"tags":[105195,64263,314,325,525,62643],"class_list":["post-5713609","post","type-post","status-publish","format-standard","has-post-thumbnail","hentry","category-societe","category-tunisie","tag-college-edoghra","tag-deces","tag-eleve","tag-enquete","tag-kasserine","tag-tunisie"],"yoast_head":"<!-- This site is optimized with the Yoast SEO plugin v26.6 - https:\/\/yoast.com\/wordpress\/plugins\/seo\/ -->\n<title>Kasserine : Enqu\u00eate suite au d\u00e9c\u00e8s d&#039;un \u00e9l\u00e8ve tomb\u00e9 d\u2019une camionnette en rentrant du coll\u00e8ge - Kapitalis<\/title>\n<meta name=\"description\" content=\"Le parquet de Kasserine a ordonn\u00e9 l&#039;ouverture d&#039;une enqu\u00eate suite au d\u00e9c\u00e8s d&#039;un un \u00e9l\u00e8ve de 15 ans tomb\u00e9 d\u2019une camionnette alors qu&#039;il rentrait du coll\u00e8ge.\" \/>\n<meta name=\"robots\" content=\"index, follow, max-snippet:-1, max-image-preview:large, max-video-preview:-1\" \/>\n<link rel=\"canonical\" href=\"https:\/\/kapitalis.com\/tunisie\/2022\/12\/17\/kasserine-enquete-suite-au-deces-dun-eleve-tombe-dune-camionnette-en-rentrant-du-college\/\" \/>\n<meta property=\"og:locale\" content=\"fr_FR\" \/>\n<meta property=\"og:type\" content=\"article\" \/>\n<meta property=\"og:title\" content=\"Kasserine : Enqu\u00eate suite au d\u00e9c\u00e8s d&#039;un \u00e9l\u00e8ve tomb\u00e9 d\u2019une camionnette en rentrant du coll\u00e8ge - Kapitalis\" \/>\n<meta property=\"og:description\" content=\"Le parquet de Kasserine a ordonn\u00e9 l&#039;ouverture d&#039;une enqu\u00eate suite au d\u00e9c\u00e8s d&#039;un un \u00e9l\u00e8ve de 15 ans tomb\u00e9 d\u2019une camionnette alors qu&#039;il rentrait du coll\u00e8ge.\" \/>\n<meta property=\"og:url\" content=\"https:\/\/kapitalis.com\/tunisie\/2022\/12\/17\/kasserine-enquete-suite-au-deces-dun-eleve-tombe-dune-camionnette-en-rentrant-du-college\/\" \/>\n<meta property=\"og:site_name\" content=\"Kapitalis\" \/>\n<meta property=\"article:publisher\" content=\"https:\/\/www.facebook.com\/KapitalisInfo\/\" \/>\n<meta property=\"article:published_time\" content=\"2022-12-16T23:32:53+00:00\" \/>\n<meta property=\"article:modified_time\" content=\"2022-12-16T23:48:47+00:00\" \/>\n<meta property=\"og:image\" content=\"https:\/\/kapitalis.com\/tunisie\/wp-content\/uploads\/2022\/08\/justice-juge.jpg\" \/>\n\t<meta property=\"og:image:width\" content=\"1200\" \/>\n\t<meta property=\"og:image:height\" content=\"630\" \/>\n\t<meta property=\"og:image:type\" content=\"image\/jpeg\" \/>\n<meta name=\"author\" content=\"Yusra NY\" \/>\n<meta name=\"twitter:card\" content=\"summary_large_image\" \/>\n<meta name=\"twitter:creator\" content=\"@KapitalisInfo\" \/>\n<meta name=\"twitter:site\" content=\"@KapitalisInfo\" \/>\n<meta name=\"twitter:label1\" content=\"\u00c9crit par\" \/>\n\t<meta name=\"twitter:data1\" content=\"Yusra NY\" \/>\n\t<meta name=\"twitter:label2\" content=\"Dur\u00e9e de lecture estim\u00e9e\" \/>\n\t<meta name=\"twitter:data2\" content=\"1 minute\" \/>\n<script type=\"application\/ld+json\" class=\"yoast-schema-graph\">{\"@context\":\"https:\/\/schema.org\",\"@graph\":[{\"@type\":\"Article\",\"@id\":\"https:\/\/kapitalis.com\/tunisie\/2022\/12\/17\/kasserine-enquete-suite-au-deces-dun-eleve-tombe-dune-camionnette-en-rentrant-du-college\/#article\",\"isPartOf\":{\"@id\":\"https:\/\/kapitalis.com\/tunisie\/2022\/12\/17\/kasserine-enquete-suite-au-deces-dun-eleve-tombe-dune-camionnette-en-rentrant-du-college\/\"},\"author\":{\"name\":\"Yusra NY\",\"@id\":\"https:\/\/kapitalis.com\/tunisie\/#\/schema\/person\/74bbde0154d49d790a92aaeac5bc01d5\"},\"headline\":\"Kasserine : Enqu\u00eate suite au d\u00e9c\u00e8s d&rsquo;un \u00e9l\u00e8ve tomb\u00e9 d\u2019une camionnette en rentrant du coll\u00e8ge\",\"datePublished\":\"2022-12-16T23:32:53+00:00\",\"dateModified\":\"2022-12-16T23:48:47+00:00\",\"mainEntityOfPage\":{\"@id\":\"https:\/\/kapitalis.com\/tunisie\/2022\/12\/17\/kasserine-enquete-suite-au-deces-dun-eleve-tombe-dune-camionnette-en-rentrant-du-college\/\"},\"wordCount\":189,\"commentCount\":1,\"publisher\":{\"@id\":\"https:\/\/kapitalis.com\/tunisie\/#organization\"},\"image\":{\"@id\":\"https:\/\/kapitalis.com\/tunisie\/2022\/12\/17\/kasserine-enquete-suite-au-deces-dun-eleve-tombe-dune-camionnette-en-rentrant-du-college\/#primaryimage\"},\"thumbnailUrl\":\"https:\/\/kapitalis.com\/tunisie\/wp-content\/uploads\/2022\/08\/justice-juge.jpg\",\"keywords\":[\"coll\u00e8ge Edoghra\",\"d\u00e9c\u00e8s\",\"\u00e9l\u00e8ve\",\"enqu\u00eate\",\"Kasserine\",\"Tunisie\"],\"articleSection\":[\"SOCIETE\",\"Tunisie\"],\"inLanguage\":\"fr-FR\",\"potentialAction\":[{\"@type\":\"CommentAction\",\"name\":\"Comment\",\"target\":[\"https:\/\/kapitalis.com\/tunisie\/2022\/12\/17\/kasserine-enquete-suite-au-deces-dun-eleve-tombe-dune-camionnette-en-rentrant-du-college\/#respond\"]}]},{\"@type\":\"WebPage\",\"@id\":\"https:\/\/kapitalis.com\/tunisie\/2022\/12\/17\/kasserine-enquete-suite-au-deces-dun-eleve-tombe-dune-camionnette-en-rentrant-du-college\/\",\"url\":\"https:\/\/kapitalis.com\/tunisie\/2022\/12\/17\/kasserine-enquete-suite-au-deces-dun-eleve-tombe-dune-camionnette-en-rentrant-du-college\/\",\"name\":\"Kasserine : Enqu\u00eate suite au d\u00e9c\u00e8s d'un \u00e9l\u00e8ve tomb\u00e9 d\u2019une camionnette en rentrant du coll\u00e8ge - Kapitalis\",\"isPartOf\":{\"@id\":\"https:\/\/kapitalis.com\/tunisie\/#website\"},\"primaryImageOfPage\":{\"@id\":\"https:\/\/kapitalis.com\/tunisie\/2022\/12\/17\/kasserine-enquete-suite-au-deces-dun-eleve-tombe-dune-camionnette-en-rentrant-du-college\/#primaryimage\"},\"image\":{\"@id\":\"https:\/\/kapitalis.com\/tunisie\/2022\/12\/17\/kasserine-enquete-suite-au-deces-dun-eleve-tombe-dune-camionnette-en-rentrant-du-college\/#primaryimage\"},\"thumbnailUrl\":\"https:\/\/kapitalis.com\/tunisie\/wp-content\/uploads\/2022\/08\/justice-juge.jpg\",\"datePublished\":\"2022-12-16T23:32:53+00:00\",\"dateModified\":\"2022-12-16T23:48:47+00:00\",\"description\":\"Le parquet de Kasserine a ordonn\u00e9 l'ouverture d'une enqu\u00eate suite au d\u00e9c\u00e8s d'un un \u00e9l\u00e8ve de 15 ans tomb\u00e9 d\u2019une camionnette alors qu'il rentrait du coll\u00e8ge.\",\"breadcrumb\":{\"@id\":\"https:\/\/kapitalis.com\/tunisie\/2022\/12\/17\/kasserine-enquete-suite-au-deces-dun-eleve-tombe-dune-camionnette-en-rentrant-du-college\/#breadcrumb\"},\"inLanguage\":\"fr-FR\",\"potentialAction\":[{\"@type\":\"ReadAction\",\"target\":[\"https:\/\/kapitalis.com\/tunisie\/2022\/12\/17\/kasserine-enquete-suite-au-deces-dun-eleve-tombe-dune-camionnette-en-rentrant-du-college\/\"]}]},{\"@type\":\"ImageObject\",\"inLanguage\":\"fr-FR\",\"@id\":\"https:\/\/kapitalis.com\/tunisie\/2022\/12\/17\/kasserine-enquete-suite-au-deces-dun-eleve-tombe-dune-camionnette-en-rentrant-du-college\/#primaryimage\",\"url\":\"https:\/\/kapitalis.com\/tunisie\/wp-content\/uploads\/2022\/08\/justice-juge.jpg\",\"contentUrl\":\"https:\/\/kapitalis.com\/tunisie\/wp-content\/uploads\/2022\/08\/justice-juge.jpg\",\"width\":1200,\"height\":630},{\"@type\":\"BreadcrumbList\",\"@id\":\"https:\/\/kapitalis.com\/tunisie\/2022\/12\/17\/kasserine-enquete-suite-au-deces-dun-eleve-tombe-dune-camionnette-en-rentrant-du-college\/#breadcrumb\",\"itemListElement\":[{\"@type\":\"ListItem\",\"position\":1,\"name\":\"Accueil\",\"item\":\"https:\/\/kapitalis.com\/tunisie\/\"},{\"@type\":\"ListItem\",\"position\":2,\"name\":\"Kasserine : Enqu\u00eate suite au d\u00e9c\u00e8s d&rsquo;un \u00e9l\u00e8ve tomb\u00e9 d\u2019une camionnette en rentrant du coll\u00e8ge\"}]},{\"@type\":\"WebSite\",\"@id\":\"https:\/\/kapitalis.com\/tunisie\/#website\",\"url\":\"https:\/\/kapitalis.com\/tunisie\/\",\"name\":\"Kapitalis\",\"description\":\"L&#039;actualit\u00e9 en Tunisie et dans le monde\",\"publisher\":{\"@id\":\"https:\/\/kapitalis.com\/tunisie\/#organization\"},\"potentialAction\":[{\"@type\":\"SearchAction\",\"target\":{\"@type\":\"EntryPoint\",\"urlTemplate\":\"https:\/\/kapitalis.com\/tunisie\/?s={search_term_string}\"},\"query-input\":{\"@type\":\"PropertyValueSpecification\",\"valueRequired\":true,\"valueName\":\"search_term_string\"}}],\"inLanguage\":\"fr-FR\"},{\"@type\":\"Organization\",\"@id\":\"https:\/\/kapitalis.com\/tunisie\/#organization\",\"name\":\"Kapitalis\",\"url\":\"https:\/\/kapitalis.com\/tunisie\/\",\"logo\":{\"@type\":\"ImageObject\",\"inLanguage\":\"fr-FR\",\"@id\":\"https:\/\/kapitalis.com\/tunisie\/#\/schema\/logo\/image\/\",\"url\":\"https:\/\/kapitalis.com\/tunisie\/wp-content\/uploads\/2022\/05\/Kapitalis-big-size.png\",\"contentUrl\":\"https:\/\/kapitalis.com\/tunisie\/wp-content\/uploads\/2022\/05\/Kapitalis-big-size.png\",\"width\":5000,\"height\":1500,\"caption\":\"Kapitalis\"},\"image\":{\"@id\":\"https:\/\/kapitalis.com\/tunisie\/#\/schema\/logo\/image\/\"},\"sameAs\":[\"https:\/\/www.facebook.com\/KapitalisInfo\/\",\"https:\/\/x.com\/KapitalisInfo\",\"https:\/\/www.youtube.com\/channel\/UC-yDYrHyfFBWWZaOw3FPg9Q\"]},{\"@type\":\"Person\",\"@id\":\"https:\/\/kapitalis.com\/tunisie\/#\/schema\/person\/74bbde0154d49d790a92aaeac5bc01d5\",\"name\":\"Yusra NY\",\"url\":\"https:\/\/kapitalis.com\/tunisie\/author\/yuza_adam\/\"}]}<\/script>\n<!-- \/ Yoast SEO plugin. -->","yoast_head_json":{"title":"Kasserine : Enqu\u00eate suite au d\u00e9c\u00e8s d'un \u00e9l\u00e8ve tomb\u00e9 d\u2019une camionnette en rentrant du coll\u00e8ge - Kapitalis","description":"Le parquet de Kasserine a ordonn\u00e9 l'ouverture d'une enqu\u00eate suite au d\u00e9c\u00e8s d'un un \u00e9l\u00e8ve de 15 ans tomb\u00e9 d\u2019une camionnette alors qu'il rentrait du coll\u00e8ge.","robots":{"index":"index","follow":"follow","max-snippet":"max-snippet:-1","max-image-preview":"max-image-preview:large","max-video-preview":"max-video-preview:-1"},"canonical":"https:\/\/kapitalis.com\/tunisie\/2022\/12\/17\/kasserine-enquete-suite-au-deces-dun-eleve-tombe-dune-camionnette-en-rentrant-du-college\/","og_locale":"fr_FR","og_type":"article","og_title":"Kasserine : Enqu\u00eate suite au d\u00e9c\u00e8s d'un \u00e9l\u00e8ve tomb\u00e9 d\u2019une camionnette en rentrant du coll\u00e8ge - Kapitalis","og_description":"Le parquet de Kasserine a ordonn\u00e9 l'ouverture d'une enqu\u00eate suite au d\u00e9c\u00e8s d'un un \u00e9l\u00e8ve de 15 ans tomb\u00e9 d\u2019une camionnette alors qu'il rentrait du coll\u00e8ge.","og_url":"https:\/\/kapitalis.com\/tunisie\/2022\/12\/17\/kasserine-enquete-suite-au-deces-dun-eleve-tombe-dune-camionnette-en-rentrant-du-college\/","og_site_name":"Kapitalis","article_publisher":"https:\/\/www.facebook.com\/KapitalisInfo\/","article_published_time":"2022-12-16T23:32:53+00:00","article_modified_time":"2022-12-16T23:48:47+00:00","og_image":[{"width":1200,"height":630,"url":"https:\/\/kapitalis.com\/tunisie\/wp-content\/uploads\/2022\/08\/justice-juge.jpg","type":"image\/jpeg"}],"author":"Yusra NY","twitter_card":"summary_large_image","twitter_creator":"@KapitalisInfo","twitter_site":"@KapitalisInfo","twitter_misc":{"\u00c9crit par":"Yusra NY","Dur\u00e9e de lecture estim\u00e9e":"1 minute"},"schema":{"@context":"https:\/\/schema.org","@graph":[{"@type":"Article","@id":"https:\/\/kapitalis.com\/tunisie\/2022\/12\/17\/kasserine-enquete-suite-au-deces-dun-eleve-tombe-dune-camionnette-en-rentrant-du-college\/#article","isPartOf":{"@id":"https:\/\/kapitalis.com\/tunisie\/2022\/12\/17\/kasserine-enquete-suite-au-deces-dun-eleve-tombe-dune-camionnette-en-rentrant-du-college\/"},"author":{"name":"Yusra NY","@id":"https:\/\/kapitalis.com\/tunisie\/#\/schema\/person\/74bbde0154d49d790a92aaeac5bc01d5"},"headline":"Kasserine : Enqu\u00eate suite au d\u00e9c\u00e8s d&rsquo;un \u00e9l\u00e8ve tomb\u00e9 d\u2019une camionnette en rentrant du coll\u00e8ge","datePublished":"2022-12-16T23:32:53+00:00","dateModified":"2022-12-16T23:48:47+00:00","mainEntityOfPage":{"@id":"https:\/\/kapitalis.com\/tunisie\/2022\/12\/17\/kasserine-enquete-suite-au-deces-dun-eleve-tombe-dune-camionnette-en-rentrant-du-college\/"},"wordCount":189,"commentCount":1,"publisher":{"@id":"https:\/\/kapitalis.com\/tunisie\/#organization"},"image":{"@id":"https:\/\/kapitalis.com\/tunisie\/2022\/12\/17\/kasserine-enquete-suite-au-deces-dun-eleve-tombe-dune-camionnette-en-rentrant-du-college\/#primaryimage"},"thumbnailUrl":"https:\/\/kapitalis.com\/tunisie\/wp-content\/uploads\/2022\/08\/justice-juge.jpg","keywords":["coll\u00e8ge Edoghra","d\u00e9c\u00e8s","\u00e9l\u00e8ve","enqu\u00eate","Kasserine","Tunisie"],"articleSection":["SOCIETE","Tunisie"],"inLanguage":"fr-FR","potentialAction":[{"@type":"CommentAction","name":"Comment","target":["https:\/\/kapitalis.com\/tunisie\/2022\/12\/17\/kasserine-enquete-suite-au-deces-dun-eleve-tombe-dune-camionnette-en-rentrant-du-college\/#respond"]}]},{"@type":"WebPage","@id":"https:\/\/kapitalis.com\/tunisie\/2022\/12\/17\/kasserine-enquete-suite-au-deces-dun-eleve-tombe-dune-camionnette-en-rentrant-du-college\/","url":"https:\/\/kapitalis.com\/tunisie\/2022\/12\/17\/kasserine-enquete-suite-au-deces-dun-eleve-tombe-dune-camionnette-en-rentrant-du-college\/","name":"Kasserine : Enqu\u00eate suite au d\u00e9c\u00e8s d'un \u00e9l\u00e8ve tomb\u00e9 d\u2019une camionnette en rentrant du coll\u00e8ge - Kapitalis","isPartOf":{"@id":"https:\/\/kapitalis.com\/tunisie\/#website"},"primaryImageOfPage":{"@id":"https:\/\/kapitalis.com\/tunisie\/2022\/12\/17\/kasserine-enquete-suite-au-deces-dun-eleve-tombe-dune-camionnette-en-rentrant-du-college\/#primaryimage"},"image":{"@id":"https:\/\/kapitalis.com\/tunisie\/2022\/12\/17\/kasserine-enquete-suite-au-deces-dun-eleve-tombe-dune-camionnette-en-rentrant-du-college\/#primaryimage"},"thumbnailUrl":"https:\/\/kapitalis.com\/tunisie\/wp-content\/uploads\/2022\/08\/justice-juge.jpg","datePublished":"2022-12-16T23:32:53+00:00","dateModified":"2022-12-16T23:48:47+00:00","description":"Le parquet de Kasserine a ordonn\u00e9 l'ouverture d'une enqu\u00eate suite au d\u00e9c\u00e8s d'un un \u00e9l\u00e8ve de 15 ans tomb\u00e9 d\u2019une camionnette alors qu'il rentrait du coll\u00e8ge.","breadcrumb":{"@id":"https:\/\/kapitalis.com\/tunisie\/2022\/12\/17\/kasserine-enquete-suite-au-deces-dun-eleve-tombe-dune-camionnette-en-rentrant-du-college\/#breadcrumb"},"inLanguage":"fr-FR","potentialAction":[{"@type":"ReadAction","target":["https:\/\/kapitalis.com\/tunisie\/2022\/12\/17\/kasserine-enquete-suite-au-deces-dun-eleve-tombe-dune-camionnette-en-rentrant-du-college\/"]}]},{"@type":"ImageObject","inLanguage":"fr-FR","@id":"https:\/\/kapitalis.com\/tunisie\/2022\/12\/17\/kasserine-enquete-suite-au-deces-dun-eleve-tombe-dune-camionnette-en-rentrant-du-college\/#primaryimage","url":"https:\/\/kapitalis.com\/tunisie\/wp-content\/uploads\/2022\/08\/justice-juge.jpg","contentUrl":"https:\/\/kapitalis.com\/tunisie\/wp-content\/uploads\/2022\/08\/justice-juge.jpg","width":1200,"height":630},{"@type":"BreadcrumbList","@id":"https:\/\/kapitalis.com\/tunisie\/2022\/12\/17\/kasserine-enquete-suite-au-deces-dun-eleve-tombe-dune-camionnette-en-rentrant-du-college\/#breadcrumb","itemListElement":[{"@type":"ListItem","position":1,"name":"Accueil","item":"https:\/\/kapitalis.com\/tunisie\/"},{"@type":"ListItem","position":2,"name":"Kasserine : Enqu\u00eate suite au d\u00e9c\u00e8s d&rsquo;un \u00e9l\u00e8ve tomb\u00e9 d\u2019une camionnette en rentrant du coll\u00e8ge"}]},{"@type":"WebSite","@id":"https:\/\/kapitalis.com\/tunisie\/#website","url":"https:\/\/kapitalis.com\/tunisie\/","name":"Kapitalis","description":"L&#039;actualit\u00e9 en Tunisie et dans le monde","publisher":{"@id":"https:\/\/kapitalis.com\/tunisie\/#organization"},"potentialAction":[{"@type":"SearchAction","target":{"@type":"EntryPoint","urlTemplate":"https:\/\/kapitalis.com\/tunisie\/?s={search_term_string}"},"query-input":{"@type":"PropertyValueSpecification","valueRequired":true,"valueName":"search_term_string"}}],"inLanguage":"fr-FR"},{"@type":"Organization","@id":"https:\/\/kapitalis.com\/tunisie\/#organization","name":"Kapitalis","url":"https:\/\/kapitalis.com\/tunisie\/","logo":{"@type":"ImageObject","inLanguage":"fr-FR","@id":"https:\/\/kapitalis.com\/tunisie\/#\/schema\/logo\/image\/","url":"https:\/\/kapitalis.com\/tunisie\/wp-content\/uploads\/2022\/05\/Kapitalis-big-size.png","contentUrl":"https:\/\/kapitalis.com\/tunisie\/wp-content\/uploads\/2022\/05\/Kapitalis-big-size.png","width":5000,"height":1500,"caption":"Kapitalis"},"image":{"@id":"https:\/\/kapitalis.com\/tunisie\/#\/schema\/logo\/image\/"},"sameAs":["https:\/\/www.facebook.com\/KapitalisInfo\/","https:\/\/x.com\/KapitalisInfo","https:\/\/www.youtube.com\/channel\/UC-yDYrHyfFBWWZaOw3FPg9Q"]},{"@type":"Person","@id":"https:\/\/kapitalis.com\/tunisie\/#\/schema\/person\/74bbde0154d49d790a92aaeac5bc01d5","name":"Yusra NY","url":"https:\/\/kapitalis.com\/tunisie\/author\/yuza_adam\/"}]}},"_links":{"self":[{"href":"https:\/\/kapitalis.com\/tunisie\/wp-json\/wp\/v2\/posts\/5713609","targetHints":{"allow":["GET"]}}],"collection":[{"href":"https:\/\/kapitalis.com\/tunisie\/wp-json\/wp\/v2\/posts"}],"about":[{"href":"https:\/\/kapitalis.com\/tunisie\/wp-json\/wp\/v2\/types\/post"}],"author":[{"embeddable":true,"href":"https:\/\/kapitalis.com\/tunisie\/wp-json\/wp\/v2\/users\/6"}],"replies":[{"embeddable":true,"href":"https:\/\/kapitalis.com\/tunisie\/wp-json\/wp\/v2\/comments?post=5713609"}],"version-history":[{"count":3,"href":"https:\/\/kapitalis.com\/tunisie\/wp-json\/wp\/v2\/posts\/5713609\/revisions"}],"predecessor-version":[{"id":5713653,"href":"https:\/\/kapitalis.com\/tunisie\/wp-json\/wp\/v2\/posts\/5713609\/revisions\/5713653"}],"wp:featuredmedia":[{"embeddable":true,"href":"https:\/\/kapitalis.com\/tunisie\/wp-json\/wp\/v2\/media\/2969525"}],"wp:attachment":[{"href":"https:\/\/kapitalis.com\/tunisie\/wp-json\/wp\/v2\/media?parent=5713609"}],"wp:term":[{"taxonomy":"category","embeddable":true,"href":"https:\/\/kapitalis.com\/tunisie\/wp-json\/wp\/v2\/categories?post=5713609"},{"taxonomy":"post_tag","embeddable":true,"href":"https:\/\/kapitalis.com\/tunisie\/wp-json\/wp\/v2\/tags?post=5713609"}],"curies":[{"name":"wp","href":"https:\/\/api.w.org\/{rel}","templated":true}]}}