{"id":57149,"date":"2016-07-08T12:32:38","date_gmt":"2016-07-08T11:32:38","guid":{"rendered":"http:\/\/kapitalis.com\/tunisie\/?p=57149"},"modified":"2016-07-08T12:32:38","modified_gmt":"2016-07-08T11:32:38","slug":"libye-les-islamistes-en-colere-apres-la-liberation-de-seif-al-islam-kadhafi","status":"publish","type":"post","link":"https:\/\/kapitalis.com\/tunisie\/2016\/07\/08\/libye-les-islamistes-en-colere-apres-la-liberation-de-seif-al-islam-kadhafi\/","title":{"rendered":"Libye : Les islamistes en col\u00e8re apr\u00e8s la lib\u00e9ration de Seif Al-Islam Kadhafi"},"content":{"rendered":"<p><img loading=\"lazy\" decoding=\"async\" class=\"alignnone size-full wp-image-57150 aligncenter\" src=\"http:\/\/kapitalis.com\/tunisie\/wp-content\/uploads\/2016\/07\/Saif-El-Islam-Kadhafi.jpg\" alt=\"Saif-El-Islam-Kadhafi\" width=\"626\" height=\"380\" \/><\/p>\n<p><em><strong>Pour des raisons de s\u00e9curit\u00e9, Seif Al-Islam Kadhafi, amnisti\u00e9 \u00e0 la mi-avril par le parlement de Tobrouk, est libre mais en r\u00e9sidence surveill\u00e9e.<\/strong> <\/em><\/p>\n<p><!--more--><\/p>\n<p>C\u2019est ce qu\u2019a confirm\u00e9, jeudi soir, sur France 24, Ajmi \u00c2tiri, ge\u00f4lier pendant 5 ans du fils de Mouammar Kadhafi, incarc\u00e9r\u00e9 depuis son arrestation le 19 novembre 2011, ajoutant que les responsables de la prison de Zintan (ouest du pays) n\u2019ont fait qu\u2019appliquer une d\u00e9cision du parlement de Tobrouk, reconnu par la communaut\u00e9 internationale, qui a \u00e9t\u00e9 prise avant l\u2019installation du gouvernement Fayez Sarraj, le 12 mars 2016.<\/p>\n<p><em>\u00abConform\u00e9ment \u00e0 la loi libyenne, Se\u00eff Al-Islam a b\u00e9n\u00e9fici\u00e9 d&rsquo;une loi d&rsquo;amnistie g\u00e9n\u00e9rale d\u00e9cr\u00e9t\u00e9e par le parlement de Tobrouk\u00bb<\/em>, a d\u00e9clar\u00e9 Ajmi \u00c2tiri, confirmant ainsi l\u2019information relative \u00e0 la lib\u00e9ration du fils de l\u2019ancien guide libyen, annonc\u00e9e le 6 juillet courant sur France 24 par ses avocats.<\/p>\n<p>Il est \u00e0 rappeler que la milice de Zintan, qui d\u00e9tient Seif Al-Islam depuis le 19 novembre 2011, a refus\u00e9 de le remettre au gouvernement de Tripoli o\u00f9 le tribunal des rebelles islamistes l\u2019a condamn\u00e9 \u00e0 mort par contumace, le 28 juillet 2015.<br \/>\nSelon plusieurs tribus libyennes, sa lib\u00e9ration s\u2019inscrit dans le cadre de la r\u00e9conciliation nationale en cours entre les ex-kadhafistes et les ex-r\u00e9volutionnaires, dans une Libye qui cherche son unit\u00e9 face \u00e0 la menace de l\u2019organisation terroriste de l\u2019\u00c9tat islamique (Daech).<\/p>\n<p>Cette lib\u00e9ration a \u00e9t\u00e9 vivement critiqu\u00e9e par Brahim Rejeb, un militant des droits de l\u2019homme proche du gouvernement de Tripoli, qui l\u2019a qualifi\u00e9e, dans une d\u00e9claration, hier soir, sur France 24, d\u2019<em>\u00abill\u00e9gale car d\u00e9cid\u00e9e par un parlement ill\u00e9gal.\u00bb<\/em><\/p>\n<p style=\"text-align: right;\"><strong>Z. A.<\/strong><\/p>\n","protected":false},"excerpt":{"rendered":"<p>Pour des raisons de s\u00e9curit\u00e9, Seif Al-Islam Kadhafi, amnisti\u00e9 \u00e0 la mi-avril par le parlement de Tobrouk, est libre mais en r\u00e9sidence surveill\u00e9e.<\/p>\n","protected":false},"author":8,"featured_media":57150,"comment_status":"open","ping_status":"open","sticky":false,"template":"","format":"standard","meta":{"footnotes":""},"categories":[997,2433],"tags":[1053],"class_list":["post-57149","post","type-post","status-publish","format-standard","has-post-thumbnail","hentry","category-politique","category-tunisie","tag-liberation"],"yoast_head":"<!-- This site is optimized with the Yoast SEO plugin v26.6 - https:\/\/yoast.com\/wordpress\/plugins\/seo\/ -->\n<title>Libye : Les islamistes en col\u00e8re apr\u00e8s la lib\u00e9ration de Seif Al-Islam Kadhafi - Kapitalis<\/title>\n<meta name=\"robots\" content=\"index, follow, max-snippet:-1, max-image-preview:large, max-video-preview:-1\" \/>\n<link rel=\"canonical\" href=\"https:\/\/kapitalis.com\/tunisie\/2016\/07\/08\/libye-les-islamistes-en-colere-apres-la-liberation-de-seif-al-islam-kadhafi\/\" \/>\n<meta property=\"og:locale\" content=\"fr_FR\" \/>\n<meta property=\"og:type\" content=\"article\" \/>\n<meta property=\"og:title\" content=\"Libye : Les islamistes en col\u00e8re apr\u00e8s la lib\u00e9ration de Seif Al-Islam Kadhafi - Kapitalis\" \/>\n<meta property=\"og:description\" content=\"Pour des raisons de s\u00e9curit\u00e9, Seif Al-Islam Kadhafi, amnisti\u00e9 \u00e0 la mi-avril par le parlement de Tobrouk, est libre mais en r\u00e9sidence surveill\u00e9e.\" \/>\n<meta property=\"og:url\" content=\"https:\/\/kapitalis.com\/tunisie\/2016\/07\/08\/libye-les-islamistes-en-colere-apres-la-liberation-de-seif-al-islam-kadhafi\/\" \/>\n<meta property=\"og:site_name\" content=\"Kapitalis\" \/>\n<meta property=\"article:publisher\" content=\"https:\/\/www.facebook.com\/KapitalisInfo\/\" \/>\n<meta property=\"article:published_time\" content=\"2016-07-08T11:32:38+00:00\" \/>\n<meta property=\"og:image\" content=\"https:\/\/kapitalis.com\/tunisie\/wp-content\/uploads\/2022\/05\/kapitalis-logo-fb.png\" \/>\n\t<meta property=\"og:image:width\" content=\"1200\" \/>\n\t<meta property=\"og:image:height\" content=\"630\" \/>\n\t<meta property=\"og:image:type\" content=\"image\/png\" \/>\n<meta name=\"author\" content=\"webmaster kapitalis\" \/>\n<meta name=\"twitter:card\" content=\"summary_large_image\" \/>\n<meta name=\"twitter:creator\" content=\"@KapitalisInfo\" \/>\n<meta name=\"twitter:site\" content=\"@KapitalisInfo\" \/>\n<meta name=\"twitter:label1\" content=\"\u00c9crit par\" \/>\n\t<meta name=\"twitter:data1\" content=\"webmaster kapitalis\" \/>\n\t<meta name=\"twitter:label2\" content=\"Dur\u00e9e de lecture estim\u00e9e\" \/>\n\t<meta name=\"twitter:data2\" content=\"1 minute\" \/>\n<script type=\"application\/ld+json\" class=\"yoast-schema-graph\">{\"@context\":\"https:\/\/schema.org\",\"@graph\":[{\"@type\":\"Article\",\"@id\":\"https:\/\/kapitalis.com\/tunisie\/2016\/07\/08\/libye-les-islamistes-en-colere-apres-la-liberation-de-seif-al-islam-kadhafi\/#article\",\"isPartOf\":{\"@id\":\"https:\/\/kapitalis.com\/tunisie\/2016\/07\/08\/libye-les-islamistes-en-colere-apres-la-liberation-de-seif-al-islam-kadhafi\/\"},\"author\":{\"name\":\"webmaster kapitalis\",\"@id\":\"https:\/\/kapitalis.com\/tunisie\/#\/schema\/person\/d71f33a9ca44f7bad4698210b480c8e9\"},\"headline\":\"Libye : Les islamistes en col\u00e8re apr\u00e8s la lib\u00e9ration de Seif Al-Islam Kadhafi\",\"datePublished\":\"2016-07-08T11:32:38+00:00\",\"mainEntityOfPage\":{\"@id\":\"https:\/\/kapitalis.com\/tunisie\/2016\/07\/08\/libye-les-islamistes-en-colere-apres-la-liberation-de-seif-al-islam-kadhafi\/\"},\"wordCount\":301,\"commentCount\":10,\"publisher\":{\"@id\":\"https:\/\/kapitalis.com\/tunisie\/#organization\"},\"image\":{\"@id\":\"https:\/\/kapitalis.com\/tunisie\/2016\/07\/08\/libye-les-islamistes-en-colere-apres-la-liberation-de-seif-al-islam-kadhafi\/#primaryimage\"},\"thumbnailUrl\":\"\",\"keywords\":[\"lib\u00e9ration\"],\"articleSection\":[\"POLITIQUE\",\"Tunisie\"],\"inLanguage\":\"fr-FR\",\"potentialAction\":[{\"@type\":\"CommentAction\",\"name\":\"Comment\",\"target\":[\"https:\/\/kapitalis.com\/tunisie\/2016\/07\/08\/libye-les-islamistes-en-colere-apres-la-liberation-de-seif-al-islam-kadhafi\/#respond\"]}]},{\"@type\":\"WebPage\",\"@id\":\"https:\/\/kapitalis.com\/tunisie\/2016\/07\/08\/libye-les-islamistes-en-colere-apres-la-liberation-de-seif-al-islam-kadhafi\/\",\"url\":\"https:\/\/kapitalis.com\/tunisie\/2016\/07\/08\/libye-les-islamistes-en-colere-apres-la-liberation-de-seif-al-islam-kadhafi\/\",\"name\":\"Libye : Les islamistes en col\u00e8re apr\u00e8s la lib\u00e9ration de Seif Al-Islam Kadhafi - Kapitalis\",\"isPartOf\":{\"@id\":\"https:\/\/kapitalis.com\/tunisie\/#website\"},\"primaryImageOfPage\":{\"@id\":\"https:\/\/kapitalis.com\/tunisie\/2016\/07\/08\/libye-les-islamistes-en-colere-apres-la-liberation-de-seif-al-islam-kadhafi\/#primaryimage\"},\"image\":{\"@id\":\"https:\/\/kapitalis.com\/tunisie\/2016\/07\/08\/libye-les-islamistes-en-colere-apres-la-liberation-de-seif-al-islam-kadhafi\/#primaryimage\"},\"thumbnailUrl\":\"\",\"datePublished\":\"2016-07-08T11:32:38+00:00\",\"breadcrumb\":{\"@id\":\"https:\/\/kapitalis.com\/tunisie\/2016\/07\/08\/libye-les-islamistes-en-colere-apres-la-liberation-de-seif-al-islam-kadhafi\/#breadcrumb\"},\"inLanguage\":\"fr-FR\",\"potentialAction\":[{\"@type\":\"ReadAction\",\"target\":[\"https:\/\/kapitalis.com\/tunisie\/2016\/07\/08\/libye-les-islamistes-en-colere-apres-la-liberation-de-seif-al-islam-kadhafi\/\"]}]},{\"@type\":\"ImageObject\",\"inLanguage\":\"fr-FR\",\"@id\":\"https:\/\/kapitalis.com\/tunisie\/2016\/07\/08\/libye-les-islamistes-en-colere-apres-la-liberation-de-seif-al-islam-kadhafi\/#primaryimage\",\"url\":\"\",\"contentUrl\":\"\"},{\"@type\":\"BreadcrumbList\",\"@id\":\"https:\/\/kapitalis.com\/tunisie\/2016\/07\/08\/libye-les-islamistes-en-colere-apres-la-liberation-de-seif-al-islam-kadhafi\/#breadcrumb\",\"itemListElement\":[{\"@type\":\"ListItem\",\"position\":1,\"name\":\"Accueil\",\"item\":\"https:\/\/kapitalis.com\/tunisie\/\"},{\"@type\":\"ListItem\",\"position\":2,\"name\":\"Libye : Les islamistes en col\u00e8re apr\u00e8s la lib\u00e9ration de Seif Al-Islam Kadhafi\"}]},{\"@type\":\"WebSite\",\"@id\":\"https:\/\/kapitalis.com\/tunisie\/#website\",\"url\":\"https:\/\/kapitalis.com\/tunisie\/\",\"name\":\"Kapitalis\",\"description\":\"L&#039;actualit\u00e9 en Tunisie et dans le monde\",\"publisher\":{\"@id\":\"https:\/\/kapitalis.com\/tunisie\/#organization\"},\"potentialAction\":[{\"@type\":\"SearchAction\",\"target\":{\"@type\":\"EntryPoint\",\"urlTemplate\":\"https:\/\/kapitalis.com\/tunisie\/?s={search_term_string}\"},\"query-input\":{\"@type\":\"PropertyValueSpecification\",\"valueRequired\":true,\"valueName\":\"search_term_string\"}}],\"inLanguage\":\"fr-FR\"},{\"@type\":\"Organization\",\"@id\":\"https:\/\/kapitalis.com\/tunisie\/#organization\",\"name\":\"Kapitalis\",\"url\":\"https:\/\/kapitalis.com\/tunisie\/\",\"logo\":{\"@type\":\"ImageObject\",\"inLanguage\":\"fr-FR\",\"@id\":\"https:\/\/kapitalis.com\/tunisie\/#\/schema\/logo\/image\/\",\"url\":\"https:\/\/kapitalis.com\/tunisie\/wp-content\/uploads\/2022\/05\/Kapitalis-big-size.png\",\"contentUrl\":\"https:\/\/kapitalis.com\/tunisie\/wp-content\/uploads\/2022\/05\/Kapitalis-big-size.png\",\"width\":5000,\"height\":1500,\"caption\":\"Kapitalis\"},\"image\":{\"@id\":\"https:\/\/kapitalis.com\/tunisie\/#\/schema\/logo\/image\/\"},\"sameAs\":[\"https:\/\/www.facebook.com\/KapitalisInfo\/\",\"https:\/\/x.com\/KapitalisInfo\",\"https:\/\/www.youtube.com\/channel\/UC-yDYrHyfFBWWZaOw3FPg9Q\"]},{\"@type\":\"Person\",\"@id\":\"https:\/\/kapitalis.com\/tunisie\/#\/schema\/person\/d71f33a9ca44f7bad4698210b480c8e9\",\"name\":\"webmaster kapitalis\",\"url\":\"https:\/\/kapitalis.com\/tunisie\/author\/webmaster-kapitalis\/\"}]}<\/script>\n<!-- \/ Yoast SEO plugin. -->","yoast_head_json":{"title":"Libye : Les islamistes en col\u00e8re apr\u00e8s la lib\u00e9ration de Seif Al-Islam Kadhafi - Kapitalis","robots":{"index":"index","follow":"follow","max-snippet":"max-snippet:-1","max-image-preview":"max-image-preview:large","max-video-preview":"max-video-preview:-1"},"canonical":"https:\/\/kapitalis.com\/tunisie\/2016\/07\/08\/libye-les-islamistes-en-colere-apres-la-liberation-de-seif-al-islam-kadhafi\/","og_locale":"fr_FR","og_type":"article","og_title":"Libye : Les islamistes en col\u00e8re apr\u00e8s la lib\u00e9ration de Seif Al-Islam Kadhafi - Kapitalis","og_description":"Pour des raisons de s\u00e9curit\u00e9, Seif Al-Islam Kadhafi, amnisti\u00e9 \u00e0 la mi-avril par le parlement de Tobrouk, est libre mais en r\u00e9sidence surveill\u00e9e.","og_url":"https:\/\/kapitalis.com\/tunisie\/2016\/07\/08\/libye-les-islamistes-en-colere-apres-la-liberation-de-seif-al-islam-kadhafi\/","og_site_name":"Kapitalis","article_publisher":"https:\/\/www.facebook.com\/KapitalisInfo\/","article_published_time":"2016-07-08T11:32:38+00:00","og_image":[{"width":1200,"height":630,"url":"https:\/\/kapitalis.com\/tunisie\/wp-content\/uploads\/2022\/05\/kapitalis-logo-fb.png","type":"image\/png"}],"author":"webmaster kapitalis","twitter_card":"summary_large_image","twitter_creator":"@KapitalisInfo","twitter_site":"@KapitalisInfo","twitter_misc":{"\u00c9crit par":"webmaster kapitalis","Dur\u00e9e de lecture estim\u00e9e":"1 minute"},"schema":{"@context":"https:\/\/schema.org","@graph":[{"@type":"Article","@id":"https:\/\/kapitalis.com\/tunisie\/2016\/07\/08\/libye-les-islamistes-en-colere-apres-la-liberation-de-seif-al-islam-kadhafi\/#article","isPartOf":{"@id":"https:\/\/kapitalis.com\/tunisie\/2016\/07\/08\/libye-les-islamistes-en-colere-apres-la-liberation-de-seif-al-islam-kadhafi\/"},"author":{"name":"webmaster kapitalis","@id":"https:\/\/kapitalis.com\/tunisie\/#\/schema\/person\/d71f33a9ca44f7bad4698210b480c8e9"},"headline":"Libye : Les islamistes en col\u00e8re apr\u00e8s la lib\u00e9ration de Seif Al-Islam Kadhafi","datePublished":"2016-07-08T11:32:38+00:00","mainEntityOfPage":{"@id":"https:\/\/kapitalis.com\/tunisie\/2016\/07\/08\/libye-les-islamistes-en-colere-apres-la-liberation-de-seif-al-islam-kadhafi\/"},"wordCount":301,"commentCount":10,"publisher":{"@id":"https:\/\/kapitalis.com\/tunisie\/#organization"},"image":{"@id":"https:\/\/kapitalis.com\/tunisie\/2016\/07\/08\/libye-les-islamistes-en-colere-apres-la-liberation-de-seif-al-islam-kadhafi\/#primaryimage"},"thumbnailUrl":"","keywords":["lib\u00e9ration"],"articleSection":["POLITIQUE","Tunisie"],"inLanguage":"fr-FR","potentialAction":[{"@type":"CommentAction","name":"Comment","target":["https:\/\/kapitalis.com\/tunisie\/2016\/07\/08\/libye-les-islamistes-en-colere-apres-la-liberation-de-seif-al-islam-kadhafi\/#respond"]}]},{"@type":"WebPage","@id":"https:\/\/kapitalis.com\/tunisie\/2016\/07\/08\/libye-les-islamistes-en-colere-apres-la-liberation-de-seif-al-islam-kadhafi\/","url":"https:\/\/kapitalis.com\/tunisie\/2016\/07\/08\/libye-les-islamistes-en-colere-apres-la-liberation-de-seif-al-islam-kadhafi\/","name":"Libye : Les islamistes en col\u00e8re apr\u00e8s la lib\u00e9ration de Seif Al-Islam Kadhafi - Kapitalis","isPartOf":{"@id":"https:\/\/kapitalis.com\/tunisie\/#website"},"primaryImageOfPage":{"@id":"https:\/\/kapitalis.com\/tunisie\/2016\/07\/08\/libye-les-islamistes-en-colere-apres-la-liberation-de-seif-al-islam-kadhafi\/#primaryimage"},"image":{"@id":"https:\/\/kapitalis.com\/tunisie\/2016\/07\/08\/libye-les-islamistes-en-colere-apres-la-liberation-de-seif-al-islam-kadhafi\/#primaryimage"},"thumbnailUrl":"","datePublished":"2016-07-08T11:32:38+00:00","breadcrumb":{"@id":"https:\/\/kapitalis.com\/tunisie\/2016\/07\/08\/libye-les-islamistes-en-colere-apres-la-liberation-de-seif-al-islam-kadhafi\/#breadcrumb"},"inLanguage":"fr-FR","potentialAction":[{"@type":"ReadAction","target":["https:\/\/kapitalis.com\/tunisie\/2016\/07\/08\/libye-les-islamistes-en-colere-apres-la-liberation-de-seif-al-islam-kadhafi\/"]}]},{"@type":"ImageObject","inLanguage":"fr-FR","@id":"https:\/\/kapitalis.com\/tunisie\/2016\/07\/08\/libye-les-islamistes-en-colere-apres-la-liberation-de-seif-al-islam-kadhafi\/#primaryimage","url":"","contentUrl":""},{"@type":"BreadcrumbList","@id":"https:\/\/kapitalis.com\/tunisie\/2016\/07\/08\/libye-les-islamistes-en-colere-apres-la-liberation-de-seif-al-islam-kadhafi\/#breadcrumb","itemListElement":[{"@type":"ListItem","position":1,"name":"Accueil","item":"https:\/\/kapitalis.com\/tunisie\/"},{"@type":"ListItem","position":2,"name":"Libye : Les islamistes en col\u00e8re apr\u00e8s la lib\u00e9ration de Seif Al-Islam Kadhafi"}]},{"@type":"WebSite","@id":"https:\/\/kapitalis.com\/tunisie\/#website","url":"https:\/\/kapitalis.com\/tunisie\/","name":"Kapitalis","description":"L&#039;actualit\u00e9 en Tunisie et dans le monde","publisher":{"@id":"https:\/\/kapitalis.com\/tunisie\/#organization"},"potentialAction":[{"@type":"SearchAction","target":{"@type":"EntryPoint","urlTemplate":"https:\/\/kapitalis.com\/tunisie\/?s={search_term_string}"},"query-input":{"@type":"PropertyValueSpecification","valueRequired":true,"valueName":"search_term_string"}}],"inLanguage":"fr-FR"},{"@type":"Organization","@id":"https:\/\/kapitalis.com\/tunisie\/#organization","name":"Kapitalis","url":"https:\/\/kapitalis.com\/tunisie\/","logo":{"@type":"ImageObject","inLanguage":"fr-FR","@id":"https:\/\/kapitalis.com\/tunisie\/#\/schema\/logo\/image\/","url":"https:\/\/kapitalis.com\/tunisie\/wp-content\/uploads\/2022\/05\/Kapitalis-big-size.png","contentUrl":"https:\/\/kapitalis.com\/tunisie\/wp-content\/uploads\/2022\/05\/Kapitalis-big-size.png","width":5000,"height":1500,"caption":"Kapitalis"},"image":{"@id":"https:\/\/kapitalis.com\/tunisie\/#\/schema\/logo\/image\/"},"sameAs":["https:\/\/www.facebook.com\/KapitalisInfo\/","https:\/\/x.com\/KapitalisInfo","https:\/\/www.youtube.com\/channel\/UC-yDYrHyfFBWWZaOw3FPg9Q"]},{"@type":"Person","@id":"https:\/\/kapitalis.com\/tunisie\/#\/schema\/person\/d71f33a9ca44f7bad4698210b480c8e9","name":"webmaster kapitalis","url":"https:\/\/kapitalis.com\/tunisie\/author\/webmaster-kapitalis\/"}]}},"_links":{"self":[{"href":"https:\/\/kapitalis.com\/tunisie\/wp-json\/wp\/v2\/posts\/57149","targetHints":{"allow":["GET"]}}],"collection":[{"href":"https:\/\/kapitalis.com\/tunisie\/wp-json\/wp\/v2\/posts"}],"about":[{"href":"https:\/\/kapitalis.com\/tunisie\/wp-json\/wp\/v2\/types\/post"}],"author":[{"embeddable":true,"href":"https:\/\/kapitalis.com\/tunisie\/wp-json\/wp\/v2\/users\/8"}],"replies":[{"embeddable":true,"href":"https:\/\/kapitalis.com\/tunisie\/wp-json\/wp\/v2\/comments?post=57149"}],"version-history":[{"count":0,"href":"https:\/\/kapitalis.com\/tunisie\/wp-json\/wp\/v2\/posts\/57149\/revisions"}],"wp:featuredmedia":[{"embeddable":true,"href":"https:\/\/kapitalis.com\/tunisie\/wp-json\/wp\/v2\/media\/57150"}],"wp:attachment":[{"href":"https:\/\/kapitalis.com\/tunisie\/wp-json\/wp\/v2\/media?parent=57149"}],"wp:term":[{"taxonomy":"category","embeddable":true,"href":"https:\/\/kapitalis.com\/tunisie\/wp-json\/wp\/v2\/categories?post=57149"},{"taxonomy":"post_tag","embeddable":true,"href":"https:\/\/kapitalis.com\/tunisie\/wp-json\/wp\/v2\/tags?post=57149"}],"curies":[{"name":"wp","href":"https:\/\/api.w.org\/{rel}","templated":true}]}}