{"id":57159,"date":"2016-07-08T13:26:14","date_gmt":"2016-07-08T12:26:14","guid":{"rendered":"http:\/\/kapitalis.com\/tunisie\/?p=57159"},"modified":"2016-07-08T13:26:14","modified_gmt":"2016-07-08T12:26:14","slug":"internet-tunisie-telecom-couvre-la-zone-cotiere-dar-el-jenna-a-bizerte","status":"publish","type":"post","link":"https:\/\/kapitalis.com\/tunisie\/2016\/07\/08\/internet-tunisie-telecom-couvre-la-zone-cotiere-dar-el-jenna-a-bizerte\/","title":{"rendered":"Internet : Tunisie Telecom couvre la zone c\u00f4ti\u00e8re Dar El-Jenna \u00e0 Bizerte"},"content":{"rendered":"<p><img loading=\"lazy\" decoding=\"async\" class=\"alignnone size-full wp-image-53264 aligncenter\" src=\"http:\/\/kapitalis.com\/tunisie\/wp-content\/uploads\/2016\/06\/Tunisie-Telecom.jpg\" alt=\"Tunisie-Telecom\" width=\"626\" height=\"380\" \/><br \/>\n<em><strong>Tunisie Telecom annonce la couverture des localit\u00e9s de Dar Ramel, Dar El-Jenna, Houichette et El-Dheroua, \u00e0 Bizerte, avec l\u2019internet mobile \u00e0 tr\u00e8s haut d\u00e9bit.<\/strong><\/em><\/p>\n<p><!--more--><\/p>\n<p>Ainsi, apr\u00e8s avoir d\u00e9senclav\u00e9 la zone c\u00f4ti\u00e8re de Sidi Mechreg, dans ce m\u00eame gouvernorat, l\u2019op\u00e9rateur historique poursuit sa politique de proximit\u00e9 et d\u2019accompagnement de ses clients, notamment dans leurs d\u00e9placements et pendant leurs vacances estivales.<\/p>\n<p>Dans un communiqu\u00e9 publi\u00e9 aujourd\u2019hui, l\u2019op\u00e9rateur loue le savoir-faire et le d\u00e9vouement de ses \u00e9quipes techniques, qui ont r\u00e9ussi \u00e0 surmonter les obstacles naturelles et \u00e0 d\u00e9ployer le r\u00e9seau de l\u2019internet mobile dans des zones montagneuses qui rendent tr\u00e8s difficiles les solutions de transmission.<\/p>\n<p style=\"text-align: right;\"><strong>I. B. <\/strong><\/p>\n","protected":false},"excerpt":{"rendered":"<p>Tunisie Telecom annonce la couverture des localit\u00e9s de Dar Ramel, Dar El-Jenna, Houichette et El-Dheroua, \u00e0 Bizerte, avec l\u2019internet mobile \u00e0 tr\u00e8s haut d\u00e9bit.<\/p>\n","protected":false},"author":8,"featured_media":0,"comment_status":"open","ping_status":"open","sticky":false,"template":"","format":"standard","meta":{"footnotes":""},"categories":[993,2433],"tags":[930],"class_list":["post-57159","post","type-post","status-publish","format-standard","hentry","category-conso","category-tunisie","tag-tunisie-telecom"],"yoast_head":"<!-- This site is optimized with the Yoast SEO plugin v26.6 - https:\/\/yoast.com\/wordpress\/plugins\/seo\/ -->\n<title>Internet : Tunisie Telecom couvre la zone c\u00f4ti\u00e8re Dar El-Jenna \u00e0 Bizerte - Kapitalis<\/title>\n<meta name=\"robots\" content=\"index, follow, max-snippet:-1, max-image-preview:large, max-video-preview:-1\" \/>\n<link rel=\"canonical\" href=\"https:\/\/kapitalis.com\/tunisie\/2016\/07\/08\/internet-tunisie-telecom-couvre-la-zone-cotiere-dar-el-jenna-a-bizerte\/\" \/>\n<meta property=\"og:locale\" content=\"fr_FR\" \/>\n<meta property=\"og:type\" content=\"article\" \/>\n<meta property=\"og:title\" content=\"Internet : Tunisie Telecom couvre la zone c\u00f4ti\u00e8re Dar El-Jenna \u00e0 Bizerte - Kapitalis\" \/>\n<meta property=\"og:description\" content=\"Tunisie Telecom annonce la couverture des localit\u00e9s de Dar Ramel, Dar El-Jenna, Houichette et El-Dheroua, \u00e0 Bizerte, avec l\u2019internet mobile \u00e0 tr\u00e8s haut d\u00e9bit.\" \/>\n<meta property=\"og:url\" content=\"https:\/\/kapitalis.com\/tunisie\/2016\/07\/08\/internet-tunisie-telecom-couvre-la-zone-cotiere-dar-el-jenna-a-bizerte\/\" \/>\n<meta property=\"og:site_name\" content=\"Kapitalis\" \/>\n<meta property=\"article:publisher\" content=\"https:\/\/www.facebook.com\/KapitalisInfo\/\" \/>\n<meta property=\"article:published_time\" content=\"2016-07-08T12:26:14+00:00\" \/>\n<meta property=\"og:image\" content=\"http:\/\/kapitalis.com\/tunisie\/wp-content\/uploads\/2016\/06\/Tunisie-Telecom.jpg\" \/>\n<meta name=\"author\" content=\"webmaster kapitalis\" \/>\n<meta name=\"twitter:card\" content=\"summary_large_image\" \/>\n<meta name=\"twitter:creator\" content=\"@KapitalisInfo\" \/>\n<meta name=\"twitter:site\" content=\"@KapitalisInfo\" \/>\n<meta name=\"twitter:label1\" content=\"\u00c9crit par\" \/>\n\t<meta name=\"twitter:data1\" content=\"webmaster kapitalis\" \/>\n\t<meta name=\"twitter:label2\" content=\"Dur\u00e9e de lecture estim\u00e9e\" \/>\n\t<meta name=\"twitter:data2\" content=\"1 minute\" \/>\n<script type=\"application\/ld+json\" class=\"yoast-schema-graph\">{\"@context\":\"https:\/\/schema.org\",\"@graph\":[{\"@type\":\"Article\",\"@id\":\"https:\/\/kapitalis.com\/tunisie\/2016\/07\/08\/internet-tunisie-telecom-couvre-la-zone-cotiere-dar-el-jenna-a-bizerte\/#article\",\"isPartOf\":{\"@id\":\"https:\/\/kapitalis.com\/tunisie\/2016\/07\/08\/internet-tunisie-telecom-couvre-la-zone-cotiere-dar-el-jenna-a-bizerte\/\"},\"author\":{\"name\":\"webmaster kapitalis\",\"@id\":\"https:\/\/kapitalis.com\/tunisie\/#\/schema\/person\/d71f33a9ca44f7bad4698210b480c8e9\"},\"headline\":\"Internet : Tunisie Telecom couvre la zone c\u00f4ti\u00e8re Dar El-Jenna \u00e0 Bizerte\",\"datePublished\":\"2016-07-08T12:26:14+00:00\",\"mainEntityOfPage\":{\"@id\":\"https:\/\/kapitalis.com\/tunisie\/2016\/07\/08\/internet-tunisie-telecom-couvre-la-zone-cotiere-dar-el-jenna-a-bizerte\/\"},\"wordCount\":135,\"commentCount\":0,\"publisher\":{\"@id\":\"https:\/\/kapitalis.com\/tunisie\/#organization\"},\"image\":{\"@id\":\"https:\/\/kapitalis.com\/tunisie\/2016\/07\/08\/internet-tunisie-telecom-couvre-la-zone-cotiere-dar-el-jenna-a-bizerte\/#primaryimage\"},\"thumbnailUrl\":\"http:\/\/kapitalis.com\/tunisie\/wp-content\/uploads\/2016\/06\/Tunisie-Telecom.jpg\",\"keywords\":[\"Tunisie Telecom\"],\"articleSection\":[\"CONSO\",\"Tunisie\"],\"inLanguage\":\"fr-FR\",\"potentialAction\":[{\"@type\":\"CommentAction\",\"name\":\"Comment\",\"target\":[\"https:\/\/kapitalis.com\/tunisie\/2016\/07\/08\/internet-tunisie-telecom-couvre-la-zone-cotiere-dar-el-jenna-a-bizerte\/#respond\"]}]},{\"@type\":\"WebPage\",\"@id\":\"https:\/\/kapitalis.com\/tunisie\/2016\/07\/08\/internet-tunisie-telecom-couvre-la-zone-cotiere-dar-el-jenna-a-bizerte\/\",\"url\":\"https:\/\/kapitalis.com\/tunisie\/2016\/07\/08\/internet-tunisie-telecom-couvre-la-zone-cotiere-dar-el-jenna-a-bizerte\/\",\"name\":\"Internet : Tunisie Telecom couvre la zone c\u00f4ti\u00e8re Dar El-Jenna \u00e0 Bizerte - Kapitalis\",\"isPartOf\":{\"@id\":\"https:\/\/kapitalis.com\/tunisie\/#website\"},\"primaryImageOfPage\":{\"@id\":\"https:\/\/kapitalis.com\/tunisie\/2016\/07\/08\/internet-tunisie-telecom-couvre-la-zone-cotiere-dar-el-jenna-a-bizerte\/#primaryimage\"},\"image\":{\"@id\":\"https:\/\/kapitalis.com\/tunisie\/2016\/07\/08\/internet-tunisie-telecom-couvre-la-zone-cotiere-dar-el-jenna-a-bizerte\/#primaryimage\"},\"thumbnailUrl\":\"http:\/\/kapitalis.com\/tunisie\/wp-content\/uploads\/2016\/06\/Tunisie-Telecom.jpg\",\"datePublished\":\"2016-07-08T12:26:14+00:00\",\"breadcrumb\":{\"@id\":\"https:\/\/kapitalis.com\/tunisie\/2016\/07\/08\/internet-tunisie-telecom-couvre-la-zone-cotiere-dar-el-jenna-a-bizerte\/#breadcrumb\"},\"inLanguage\":\"fr-FR\",\"potentialAction\":[{\"@type\":\"ReadAction\",\"target\":[\"https:\/\/kapitalis.com\/tunisie\/2016\/07\/08\/internet-tunisie-telecom-couvre-la-zone-cotiere-dar-el-jenna-a-bizerte\/\"]}]},{\"@type\":\"ImageObject\",\"inLanguage\":\"fr-FR\",\"@id\":\"https:\/\/kapitalis.com\/tunisie\/2016\/07\/08\/internet-tunisie-telecom-couvre-la-zone-cotiere-dar-el-jenna-a-bizerte\/#primaryimage\",\"url\":\"http:\/\/kapitalis.com\/tunisie\/wp-content\/uploads\/2016\/06\/Tunisie-Telecom.jpg\",\"contentUrl\":\"http:\/\/kapitalis.com\/tunisie\/wp-content\/uploads\/2016\/06\/Tunisie-Telecom.jpg\"},{\"@type\":\"BreadcrumbList\",\"@id\":\"https:\/\/kapitalis.com\/tunisie\/2016\/07\/08\/internet-tunisie-telecom-couvre-la-zone-cotiere-dar-el-jenna-a-bizerte\/#breadcrumb\",\"itemListElement\":[{\"@type\":\"ListItem\",\"position\":1,\"name\":\"Accueil\",\"item\":\"https:\/\/kapitalis.com\/tunisie\/\"},{\"@type\":\"ListItem\",\"position\":2,\"name\":\"Internet : Tunisie Telecom couvre la zone c\u00f4ti\u00e8re Dar El-Jenna \u00e0 Bizerte\"}]},{\"@type\":\"WebSite\",\"@id\":\"https:\/\/kapitalis.com\/tunisie\/#website\",\"url\":\"https:\/\/kapitalis.com\/tunisie\/\",\"name\":\"Kapitalis\",\"description\":\"L&#039;actualit\u00e9 en Tunisie et dans le monde\",\"publisher\":{\"@id\":\"https:\/\/kapitalis.com\/tunisie\/#organization\"},\"potentialAction\":[{\"@type\":\"SearchAction\",\"target\":{\"@type\":\"EntryPoint\",\"urlTemplate\":\"https:\/\/kapitalis.com\/tunisie\/?s={search_term_string}\"},\"query-input\":{\"@type\":\"PropertyValueSpecification\",\"valueRequired\":true,\"valueName\":\"search_term_string\"}}],\"inLanguage\":\"fr-FR\"},{\"@type\":\"Organization\",\"@id\":\"https:\/\/kapitalis.com\/tunisie\/#organization\",\"name\":\"Kapitalis\",\"url\":\"https:\/\/kapitalis.com\/tunisie\/\",\"logo\":{\"@type\":\"ImageObject\",\"inLanguage\":\"fr-FR\",\"@id\":\"https:\/\/kapitalis.com\/tunisie\/#\/schema\/logo\/image\/\",\"url\":\"https:\/\/kapitalis.com\/tunisie\/wp-content\/uploads\/2022\/05\/Kapitalis-big-size.png\",\"contentUrl\":\"https:\/\/kapitalis.com\/tunisie\/wp-content\/uploads\/2022\/05\/Kapitalis-big-size.png\",\"width\":5000,\"height\":1500,\"caption\":\"Kapitalis\"},\"image\":{\"@id\":\"https:\/\/kapitalis.com\/tunisie\/#\/schema\/logo\/image\/\"},\"sameAs\":[\"https:\/\/www.facebook.com\/KapitalisInfo\/\",\"https:\/\/x.com\/KapitalisInfo\",\"https:\/\/www.youtube.com\/channel\/UC-yDYrHyfFBWWZaOw3FPg9Q\"]},{\"@type\":\"Person\",\"@id\":\"https:\/\/kapitalis.com\/tunisie\/#\/schema\/person\/d71f33a9ca44f7bad4698210b480c8e9\",\"name\":\"webmaster kapitalis\",\"url\":\"https:\/\/kapitalis.com\/tunisie\/author\/webmaster-kapitalis\/\"}]}<\/script>\n<!-- \/ Yoast SEO plugin. -->","yoast_head_json":{"title":"Internet : Tunisie Telecom couvre la zone c\u00f4ti\u00e8re Dar El-Jenna \u00e0 Bizerte - Kapitalis","robots":{"index":"index","follow":"follow","max-snippet":"max-snippet:-1","max-image-preview":"max-image-preview:large","max-video-preview":"max-video-preview:-1"},"canonical":"https:\/\/kapitalis.com\/tunisie\/2016\/07\/08\/internet-tunisie-telecom-couvre-la-zone-cotiere-dar-el-jenna-a-bizerte\/","og_locale":"fr_FR","og_type":"article","og_title":"Internet : Tunisie Telecom couvre la zone c\u00f4ti\u00e8re Dar El-Jenna \u00e0 Bizerte - Kapitalis","og_description":"Tunisie Telecom annonce la couverture des localit\u00e9s de Dar Ramel, Dar El-Jenna, Houichette et El-Dheroua, \u00e0 Bizerte, avec l\u2019internet mobile \u00e0 tr\u00e8s haut d\u00e9bit.","og_url":"https:\/\/kapitalis.com\/tunisie\/2016\/07\/08\/internet-tunisie-telecom-couvre-la-zone-cotiere-dar-el-jenna-a-bizerte\/","og_site_name":"Kapitalis","article_publisher":"https:\/\/www.facebook.com\/KapitalisInfo\/","article_published_time":"2016-07-08T12:26:14+00:00","og_image":[{"url":"http:\/\/kapitalis.com\/tunisie\/wp-content\/uploads\/2016\/06\/Tunisie-Telecom.jpg","type":"","width":"","height":""}],"author":"webmaster kapitalis","twitter_card":"summary_large_image","twitter_creator":"@KapitalisInfo","twitter_site":"@KapitalisInfo","twitter_misc":{"\u00c9crit par":"webmaster kapitalis","Dur\u00e9e de lecture estim\u00e9e":"1 minute"},"schema":{"@context":"https:\/\/schema.org","@graph":[{"@type":"Article","@id":"https:\/\/kapitalis.com\/tunisie\/2016\/07\/08\/internet-tunisie-telecom-couvre-la-zone-cotiere-dar-el-jenna-a-bizerte\/#article","isPartOf":{"@id":"https:\/\/kapitalis.com\/tunisie\/2016\/07\/08\/internet-tunisie-telecom-couvre-la-zone-cotiere-dar-el-jenna-a-bizerte\/"},"author":{"name":"webmaster kapitalis","@id":"https:\/\/kapitalis.com\/tunisie\/#\/schema\/person\/d71f33a9ca44f7bad4698210b480c8e9"},"headline":"Internet : Tunisie Telecom couvre la zone c\u00f4ti\u00e8re Dar El-Jenna \u00e0 Bizerte","datePublished":"2016-07-08T12:26:14+00:00","mainEntityOfPage":{"@id":"https:\/\/kapitalis.com\/tunisie\/2016\/07\/08\/internet-tunisie-telecom-couvre-la-zone-cotiere-dar-el-jenna-a-bizerte\/"},"wordCount":135,"commentCount":0,"publisher":{"@id":"https:\/\/kapitalis.com\/tunisie\/#organization"},"image":{"@id":"https:\/\/kapitalis.com\/tunisie\/2016\/07\/08\/internet-tunisie-telecom-couvre-la-zone-cotiere-dar-el-jenna-a-bizerte\/#primaryimage"},"thumbnailUrl":"http:\/\/kapitalis.com\/tunisie\/wp-content\/uploads\/2016\/06\/Tunisie-Telecom.jpg","keywords":["Tunisie Telecom"],"articleSection":["CONSO","Tunisie"],"inLanguage":"fr-FR","potentialAction":[{"@type":"CommentAction","name":"Comment","target":["https:\/\/kapitalis.com\/tunisie\/2016\/07\/08\/internet-tunisie-telecom-couvre-la-zone-cotiere-dar-el-jenna-a-bizerte\/#respond"]}]},{"@type":"WebPage","@id":"https:\/\/kapitalis.com\/tunisie\/2016\/07\/08\/internet-tunisie-telecom-couvre-la-zone-cotiere-dar-el-jenna-a-bizerte\/","url":"https:\/\/kapitalis.com\/tunisie\/2016\/07\/08\/internet-tunisie-telecom-couvre-la-zone-cotiere-dar-el-jenna-a-bizerte\/","name":"Internet : Tunisie Telecom couvre la zone c\u00f4ti\u00e8re Dar El-Jenna \u00e0 Bizerte - Kapitalis","isPartOf":{"@id":"https:\/\/kapitalis.com\/tunisie\/#website"},"primaryImageOfPage":{"@id":"https:\/\/kapitalis.com\/tunisie\/2016\/07\/08\/internet-tunisie-telecom-couvre-la-zone-cotiere-dar-el-jenna-a-bizerte\/#primaryimage"},"image":{"@id":"https:\/\/kapitalis.com\/tunisie\/2016\/07\/08\/internet-tunisie-telecom-couvre-la-zone-cotiere-dar-el-jenna-a-bizerte\/#primaryimage"},"thumbnailUrl":"http:\/\/kapitalis.com\/tunisie\/wp-content\/uploads\/2016\/06\/Tunisie-Telecom.jpg","datePublished":"2016-07-08T12:26:14+00:00","breadcrumb":{"@id":"https:\/\/kapitalis.com\/tunisie\/2016\/07\/08\/internet-tunisie-telecom-couvre-la-zone-cotiere-dar-el-jenna-a-bizerte\/#breadcrumb"},"inLanguage":"fr-FR","potentialAction":[{"@type":"ReadAction","target":["https:\/\/kapitalis.com\/tunisie\/2016\/07\/08\/internet-tunisie-telecom-couvre-la-zone-cotiere-dar-el-jenna-a-bizerte\/"]}]},{"@type":"ImageObject","inLanguage":"fr-FR","@id":"https:\/\/kapitalis.com\/tunisie\/2016\/07\/08\/internet-tunisie-telecom-couvre-la-zone-cotiere-dar-el-jenna-a-bizerte\/#primaryimage","url":"http:\/\/kapitalis.com\/tunisie\/wp-content\/uploads\/2016\/06\/Tunisie-Telecom.jpg","contentUrl":"http:\/\/kapitalis.com\/tunisie\/wp-content\/uploads\/2016\/06\/Tunisie-Telecom.jpg"},{"@type":"BreadcrumbList","@id":"https:\/\/kapitalis.com\/tunisie\/2016\/07\/08\/internet-tunisie-telecom-couvre-la-zone-cotiere-dar-el-jenna-a-bizerte\/#breadcrumb","itemListElement":[{"@type":"ListItem","position":1,"name":"Accueil","item":"https:\/\/kapitalis.com\/tunisie\/"},{"@type":"ListItem","position":2,"name":"Internet : Tunisie Telecom couvre la zone c\u00f4ti\u00e8re Dar El-Jenna \u00e0 Bizerte"}]},{"@type":"WebSite","@id":"https:\/\/kapitalis.com\/tunisie\/#website","url":"https:\/\/kapitalis.com\/tunisie\/","name":"Kapitalis","description":"L&#039;actualit\u00e9 en Tunisie et dans le monde","publisher":{"@id":"https:\/\/kapitalis.com\/tunisie\/#organization"},"potentialAction":[{"@type":"SearchAction","target":{"@type":"EntryPoint","urlTemplate":"https:\/\/kapitalis.com\/tunisie\/?s={search_term_string}"},"query-input":{"@type":"PropertyValueSpecification","valueRequired":true,"valueName":"search_term_string"}}],"inLanguage":"fr-FR"},{"@type":"Organization","@id":"https:\/\/kapitalis.com\/tunisie\/#organization","name":"Kapitalis","url":"https:\/\/kapitalis.com\/tunisie\/","logo":{"@type":"ImageObject","inLanguage":"fr-FR","@id":"https:\/\/kapitalis.com\/tunisie\/#\/schema\/logo\/image\/","url":"https:\/\/kapitalis.com\/tunisie\/wp-content\/uploads\/2022\/05\/Kapitalis-big-size.png","contentUrl":"https:\/\/kapitalis.com\/tunisie\/wp-content\/uploads\/2022\/05\/Kapitalis-big-size.png","width":5000,"height":1500,"caption":"Kapitalis"},"image":{"@id":"https:\/\/kapitalis.com\/tunisie\/#\/schema\/logo\/image\/"},"sameAs":["https:\/\/www.facebook.com\/KapitalisInfo\/","https:\/\/x.com\/KapitalisInfo","https:\/\/www.youtube.com\/channel\/UC-yDYrHyfFBWWZaOw3FPg9Q"]},{"@type":"Person","@id":"https:\/\/kapitalis.com\/tunisie\/#\/schema\/person\/d71f33a9ca44f7bad4698210b480c8e9","name":"webmaster kapitalis","url":"https:\/\/kapitalis.com\/tunisie\/author\/webmaster-kapitalis\/"}]}},"_links":{"self":[{"href":"https:\/\/kapitalis.com\/tunisie\/wp-json\/wp\/v2\/posts\/57159","targetHints":{"allow":["GET"]}}],"collection":[{"href":"https:\/\/kapitalis.com\/tunisie\/wp-json\/wp\/v2\/posts"}],"about":[{"href":"https:\/\/kapitalis.com\/tunisie\/wp-json\/wp\/v2\/types\/post"}],"author":[{"embeddable":true,"href":"https:\/\/kapitalis.com\/tunisie\/wp-json\/wp\/v2\/users\/8"}],"replies":[{"embeddable":true,"href":"https:\/\/kapitalis.com\/tunisie\/wp-json\/wp\/v2\/comments?post=57159"}],"version-history":[{"count":0,"href":"https:\/\/kapitalis.com\/tunisie\/wp-json\/wp\/v2\/posts\/57159\/revisions"}],"wp:attachment":[{"href":"https:\/\/kapitalis.com\/tunisie\/wp-json\/wp\/v2\/media?parent=57159"}],"wp:term":[{"taxonomy":"category","embeddable":true,"href":"https:\/\/kapitalis.com\/tunisie\/wp-json\/wp\/v2\/categories?post=57159"},{"taxonomy":"post_tag","embeddable":true,"href":"https:\/\/kapitalis.com\/tunisie\/wp-json\/wp\/v2\/tags?post=57159"}],"curies":[{"name":"wp","href":"https:\/\/api.w.org\/{rel}","templated":true}]}}