{"id":5721077,"date":"2022-12-17T20:05:29","date_gmt":"2022-12-17T19:05:29","guid":{"rendered":"https:\/\/kapitalis.com\/tunisie\/?p=5721077"},"modified":"2022-12-17T20:07:20","modified_gmt":"2022-12-17T19:07:20","slug":"faible-mobilisation-pour-les-legislatives-en-tunisie-pour-nadia-chaabane-le-peuple-ne-croit-plus-en-kais-saied","status":"publish","type":"post","link":"https:\/\/kapitalis.com\/tunisie\/2022\/12\/17\/faible-mobilisation-pour-les-legislatives-en-tunisie-pour-nadia-chaabane-le-peuple-ne-croit-plus-en-kais-saied\/","title":{"rendered":"Faible mobilisation pour les l\u00e9gislatives en Tunisie : Pour Nadia Chaabane le peuple ne croit plus en Ka\u00efs Sa\u00efed"},"content":{"rendered":"\n<p><strong><em>Intervenant <strong><em>ce samedi 17 d\u00e9cembre 2022<\/em><\/strong> sur TV5 Monde, la constituante (2011-2014) Nadia Chaabane, membre du bureau politique du parti Al-Massar est exprim\u00e9e  sur la faible participation au 1er tour des l\u00e9gislatives en Tunisie, tout en d\u00e9non\u00e7ant \u00abdes \u00e9lections en trompe l\u2019\u0153il, pour un parlement sans pouvoir sans projet\u2026<\/em><\/strong>\u00bb<\/p>\n\n\n\n<!--more-->\n\n\n\n<p><a href=\"https:\/\/www.facebook.com\/watch\/?v=538736474965025\" target=\"_blank\" rel=\"noreferrer noopener\">Nadia Chaabane <\/a>a affirm\u00e9 ne pas du tout \u00eatre surprise par le faible taux de mobilisation des Tunisiens aux l\u00e9gislatives, estimant que le peuple tunisien n&rsquo;a pas adh\u00e9r\u00e9 \u00e0 ce processus \u00e9lectoral, car il ne croit plus en Ka\u00efs Sa\u00efed le pr\u00e9sident de la r\u00e9publique : <em>\u00abIl a commenc\u00e9 par suspendre la constitution et le parlement et l\u00e0 il est en train de suspendre quelque part le processus d\u00e9mocratique et la transition\u00bb<\/em>, a-t-elle indiqu\u00e9.<\/p>\n\n\n\n<p>Nadia Chaabane affirme \u00e9galement que le pr\u00e9sident Sa\u00efed est en train de tracer son chemin en mettant en place son propre projet, tout en d\u00e9plorant l&rsquo;absence de dialogue et de d\u00e9bat. <\/p>\n\n\n\n<p>\u00ab<em>Il va se retrouver face \u00e0 face avec la m\u00eame population qui ne s&rsquo;est pas mobilis\u00e9e qui n&rsquo;a pas \u00e9t\u00e9 voter parce qu&rsquo;elle ne croit m\u00eame plus en lui et elle n&rsquo;en attend rien<\/em>\u00bb, a ajout\u00e9 la constituante en lan\u00e7ant : <em>\u00abAujourd&rsquo;hui il y avait plus la queue chez le boulanger que devant les bureaux de votes\u00bb.<\/em><\/p>\n\n\n\n<p>La dirigeante Al-Massar a \u00e9galement affirm\u00e9 que la Tunisie s&rsquo;achemine m\u00eame sur une p\u00e9riode un peu sombre et pointe du doigt la responsabilit\u00e9 du pr\u00e9sident de la r\u00e9publique.<\/p>\n\n\n\n<p>\u00ab<em>Une responsabilit\u00e9 historique dans la suspension de cette transition d\u00e9mocratique o\u00f9 malgr\u00e9 toute les difficult\u00e9s les choses ne peuvent se faire avec une seule voix, il faut impliquer tout le monde dans ce processus, chose qu&rsquo;il &lsquo;na jamais souhait\u00e9. Il a tendance \u00e0 s&rsquo;\u00e9couter tout seul on a le droit un monologue, on n&rsquo;a jamais eu le droit \u00e0 un pr\u00e9sident qui s&rsquo;est adress\u00e9 \u00e0 nous et d&rsquo;ailleurs il ne s&rsquo;adresse pas du tout aux m\u00e9dias ni qui que ce soit, il est dans un monologue<\/em>\u00bb, a encore ajout\u00e9 Mme Chaabane, avant de conclure : <em>\u00abIl est en train de d\u00e9rouler son projet sans concertation d&rsquo;aucune sorte donc \u00e0 partir de l\u00e0 il est seul responsable de la situation et du marasme dans lequel se trouve aujourd&rsquo;hui le pays et la crise profonde dans laquelle s&rsquo;enfonce le pays de jour en jour\u2026 La priorit\u00e9 num\u00e9ro 1 est \u00e9conomique et c&rsquo;est le dernier de ses soucis\u00bb<\/em><\/p>\n\n\n\n<p class=\"has-text-align-right\"><strong>Y. N.<\/strong><\/p>\n","protected":false},"excerpt":{"rendered":"<p>Faible mobilisation pour les l\u00e9gislatives : Pour Nadia Chaabane le peuple ne croit plus en Ka\u00efs Sa\u00efed<\/p>\n","protected":false},"author":6,"featured_media":5721230,"comment_status":"open","ping_status":"open","sticky":false,"template":"","format":"standard","meta":{"footnotes":""},"categories":[997,2433],"tags":[313,76012,9031,24741,62643],"class_list":["post-5721077","post","type-post","status-publish","format-standard","has-post-thumbnail","hentry","category-politique","category-tunisie","tag-elections","tag-kais-saied-2","tag-legislatives","tag-nadia-chaabane","tag-tunisie"],"yoast_head":"<!-- This site is optimized with the Yoast SEO plugin v26.6 - https:\/\/yoast.com\/wordpress\/plugins\/seo\/ -->\n<title>Faible mobilisation pour les l\u00e9gislatives en Tunisie : Pour Nadia Chaabane le peuple ne croit plus en Ka\u00efs Sa\u00efed - Kapitalis<\/title>\n<meta name=\"description\" content=\"Intervenant sur TV5 Monde, la constituante (2011-2014) Nadia Chaabane, membre du bureau politique du parti Al-Massar s&#039;est exprim\u00e9e ce samedi 17 d\u00e9cembre 2022, sur la faible participation au 1er tour des l\u00e9gislatives, tout en d\u00e9non\u00e7ant des \u00e9lections en trompe l\u2019\u0153il, pour un parlement sans pouvoir sans projet\u2026\" \/>\n<meta name=\"robots\" content=\"index, follow, max-snippet:-1, max-image-preview:large, max-video-preview:-1\" \/>\n<link rel=\"canonical\" href=\"https:\/\/kapitalis.com\/tunisie\/2022\/12\/17\/faible-mobilisation-pour-les-legislatives-en-tunisie-pour-nadia-chaabane-le-peuple-ne-croit-plus-en-kais-saied\/\" \/>\n<meta property=\"og:locale\" content=\"fr_FR\" \/>\n<meta property=\"og:type\" content=\"article\" \/>\n<meta property=\"og:title\" content=\"Faible mobilisation pour les l\u00e9gislatives en Tunisie : Pour Nadia Chaabane le peuple ne croit plus en Ka\u00efs Sa\u00efed - Kapitalis\" \/>\n<meta property=\"og:description\" content=\"Intervenant sur TV5 Monde, la constituante (2011-2014) Nadia Chaabane, membre du bureau politique du parti Al-Massar s&#039;est exprim\u00e9e ce samedi 17 d\u00e9cembre 2022, sur la faible participation au 1er tour des l\u00e9gislatives, tout en d\u00e9non\u00e7ant des \u00e9lections en trompe l\u2019\u0153il, pour un parlement sans pouvoir sans projet\u2026\" \/>\n<meta property=\"og:url\" content=\"https:\/\/kapitalis.com\/tunisie\/2022\/12\/17\/faible-mobilisation-pour-les-legislatives-en-tunisie-pour-nadia-chaabane-le-peuple-ne-croit-plus-en-kais-saied\/\" \/>\n<meta property=\"og:site_name\" content=\"Kapitalis\" \/>\n<meta property=\"article:publisher\" content=\"https:\/\/www.facebook.com\/KapitalisInfo\/\" \/>\n<meta property=\"article:published_time\" content=\"2022-12-17T19:05:29+00:00\" \/>\n<meta property=\"article:modified_time\" content=\"2022-12-17T19:07:20+00:00\" \/>\n<meta property=\"og:image\" content=\"https:\/\/kapitalis.com\/tunisie\/wp-content\/uploads\/2022\/12\/Nadia-Chaabane.jpg\" \/>\n\t<meta property=\"og:image:width\" content=\"1200\" \/>\n\t<meta property=\"og:image:height\" content=\"630\" \/>\n\t<meta property=\"og:image:type\" content=\"image\/jpeg\" \/>\n<meta name=\"author\" content=\"Yusra NY\" \/>\n<meta name=\"twitter:card\" content=\"summary_large_image\" \/>\n<meta name=\"twitter:creator\" content=\"@KapitalisInfo\" \/>\n<meta name=\"twitter:site\" content=\"@KapitalisInfo\" \/>\n<meta name=\"twitter:label1\" content=\"\u00c9crit par\" \/>\n\t<meta name=\"twitter:data1\" content=\"Yusra NY\" \/>\n\t<meta name=\"twitter:label2\" content=\"Dur\u00e9e de lecture estim\u00e9e\" \/>\n\t<meta name=\"twitter:data2\" content=\"3 minutes\" \/>\n<script type=\"application\/ld+json\" class=\"yoast-schema-graph\">{\"@context\":\"https:\/\/schema.org\",\"@graph\":[{\"@type\":\"Article\",\"@id\":\"https:\/\/kapitalis.com\/tunisie\/2022\/12\/17\/faible-mobilisation-pour-les-legislatives-en-tunisie-pour-nadia-chaabane-le-peuple-ne-croit-plus-en-kais-saied\/#article\",\"isPartOf\":{\"@id\":\"https:\/\/kapitalis.com\/tunisie\/2022\/12\/17\/faible-mobilisation-pour-les-legislatives-en-tunisie-pour-nadia-chaabane-le-peuple-ne-croit-plus-en-kais-saied\/\"},\"author\":{\"name\":\"Yusra NY\",\"@id\":\"https:\/\/kapitalis.com\/tunisie\/#\/schema\/person\/74bbde0154d49d790a92aaeac5bc01d5\"},\"headline\":\"Faible mobilisation pour les l\u00e9gislatives en Tunisie : Pour Nadia Chaabane le peuple ne croit plus en Ka\u00efs Sa\u00efed\",\"datePublished\":\"2022-12-17T19:05:29+00:00\",\"dateModified\":\"2022-12-17T19:07:20+00:00\",\"mainEntityOfPage\":{\"@id\":\"https:\/\/kapitalis.com\/tunisie\/2022\/12\/17\/faible-mobilisation-pour-les-legislatives-en-tunisie-pour-nadia-chaabane-le-peuple-ne-croit-plus-en-kais-saied\/\"},\"wordCount\":437,\"commentCount\":6,\"publisher\":{\"@id\":\"https:\/\/kapitalis.com\/tunisie\/#organization\"},\"image\":{\"@id\":\"https:\/\/kapitalis.com\/tunisie\/2022\/12\/17\/faible-mobilisation-pour-les-legislatives-en-tunisie-pour-nadia-chaabane-le-peuple-ne-croit-plus-en-kais-saied\/#primaryimage\"},\"thumbnailUrl\":\"https:\/\/kapitalis.com\/tunisie\/wp-content\/uploads\/2022\/12\/Nadia-Chaabane.jpg\",\"keywords\":[\"\u00e9lections\",\"Ka\u00efs Sa\u00efed\",\"l\u00e9gislatives\",\"Nadia Chaabane\",\"Tunisie\"],\"articleSection\":[\"POLITIQUE\",\"Tunisie\"],\"inLanguage\":\"fr-FR\",\"potentialAction\":[{\"@type\":\"CommentAction\",\"name\":\"Comment\",\"target\":[\"https:\/\/kapitalis.com\/tunisie\/2022\/12\/17\/faible-mobilisation-pour-les-legislatives-en-tunisie-pour-nadia-chaabane-le-peuple-ne-croit-plus-en-kais-saied\/#respond\"]}]},{\"@type\":\"WebPage\",\"@id\":\"https:\/\/kapitalis.com\/tunisie\/2022\/12\/17\/faible-mobilisation-pour-les-legislatives-en-tunisie-pour-nadia-chaabane-le-peuple-ne-croit-plus-en-kais-saied\/\",\"url\":\"https:\/\/kapitalis.com\/tunisie\/2022\/12\/17\/faible-mobilisation-pour-les-legislatives-en-tunisie-pour-nadia-chaabane-le-peuple-ne-croit-plus-en-kais-saied\/\",\"name\":\"Faible mobilisation pour les l\u00e9gislatives en Tunisie : Pour Nadia Chaabane le peuple ne croit plus en Ka\u00efs Sa\u00efed - Kapitalis\",\"isPartOf\":{\"@id\":\"https:\/\/kapitalis.com\/tunisie\/#website\"},\"primaryImageOfPage\":{\"@id\":\"https:\/\/kapitalis.com\/tunisie\/2022\/12\/17\/faible-mobilisation-pour-les-legislatives-en-tunisie-pour-nadia-chaabane-le-peuple-ne-croit-plus-en-kais-saied\/#primaryimage\"},\"image\":{\"@id\":\"https:\/\/kapitalis.com\/tunisie\/2022\/12\/17\/faible-mobilisation-pour-les-legislatives-en-tunisie-pour-nadia-chaabane-le-peuple-ne-croit-plus-en-kais-saied\/#primaryimage\"},\"thumbnailUrl\":\"https:\/\/kapitalis.com\/tunisie\/wp-content\/uploads\/2022\/12\/Nadia-Chaabane.jpg\",\"datePublished\":\"2022-12-17T19:05:29+00:00\",\"dateModified\":\"2022-12-17T19:07:20+00:00\",\"description\":\"Intervenant sur TV5 Monde, la constituante (2011-2014) Nadia Chaabane, membre du bureau politique du parti Al-Massar s'est exprim\u00e9e ce samedi 17 d\u00e9cembre 2022, sur la faible participation au 1er tour des l\u00e9gislatives, tout en d\u00e9non\u00e7ant des \u00e9lections en trompe l\u2019\u0153il, pour un parlement sans pouvoir sans projet\u2026\",\"breadcrumb\":{\"@id\":\"https:\/\/kapitalis.com\/tunisie\/2022\/12\/17\/faible-mobilisation-pour-les-legislatives-en-tunisie-pour-nadia-chaabane-le-peuple-ne-croit-plus-en-kais-saied\/#breadcrumb\"},\"inLanguage\":\"fr-FR\",\"potentialAction\":[{\"@type\":\"ReadAction\",\"target\":[\"https:\/\/kapitalis.com\/tunisie\/2022\/12\/17\/faible-mobilisation-pour-les-legislatives-en-tunisie-pour-nadia-chaabane-le-peuple-ne-croit-plus-en-kais-saied\/\"]}]},{\"@type\":\"ImageObject\",\"inLanguage\":\"fr-FR\",\"@id\":\"https:\/\/kapitalis.com\/tunisie\/2022\/12\/17\/faible-mobilisation-pour-les-legislatives-en-tunisie-pour-nadia-chaabane-le-peuple-ne-croit-plus-en-kais-saied\/#primaryimage\",\"url\":\"https:\/\/kapitalis.com\/tunisie\/wp-content\/uploads\/2022\/12\/Nadia-Chaabane.jpg\",\"contentUrl\":\"https:\/\/kapitalis.com\/tunisie\/wp-content\/uploads\/2022\/12\/Nadia-Chaabane.jpg\",\"width\":1200,\"height\":630},{\"@type\":\"BreadcrumbList\",\"@id\":\"https:\/\/kapitalis.com\/tunisie\/2022\/12\/17\/faible-mobilisation-pour-les-legislatives-en-tunisie-pour-nadia-chaabane-le-peuple-ne-croit-plus-en-kais-saied\/#breadcrumb\",\"itemListElement\":[{\"@type\":\"ListItem\",\"position\":1,\"name\":\"Accueil\",\"item\":\"https:\/\/kapitalis.com\/tunisie\/\"},{\"@type\":\"ListItem\",\"position\":2,\"name\":\"Faible mobilisation pour les l\u00e9gislatives en Tunisie : Pour Nadia Chaabane le peuple ne croit plus en Ka\u00efs Sa\u00efed\"}]},{\"@type\":\"WebSite\",\"@id\":\"https:\/\/kapitalis.com\/tunisie\/#website\",\"url\":\"https:\/\/kapitalis.com\/tunisie\/\",\"name\":\"Kapitalis\",\"description\":\"L&#039;actualit\u00e9 en Tunisie et dans le monde\",\"publisher\":{\"@id\":\"https:\/\/kapitalis.com\/tunisie\/#organization\"},\"potentialAction\":[{\"@type\":\"SearchAction\",\"target\":{\"@type\":\"EntryPoint\",\"urlTemplate\":\"https:\/\/kapitalis.com\/tunisie\/?s={search_term_string}\"},\"query-input\":{\"@type\":\"PropertyValueSpecification\",\"valueRequired\":true,\"valueName\":\"search_term_string\"}}],\"inLanguage\":\"fr-FR\"},{\"@type\":\"Organization\",\"@id\":\"https:\/\/kapitalis.com\/tunisie\/#organization\",\"name\":\"Kapitalis\",\"url\":\"https:\/\/kapitalis.com\/tunisie\/\",\"logo\":{\"@type\":\"ImageObject\",\"inLanguage\":\"fr-FR\",\"@id\":\"https:\/\/kapitalis.com\/tunisie\/#\/schema\/logo\/image\/\",\"url\":\"https:\/\/kapitalis.com\/tunisie\/wp-content\/uploads\/2022\/05\/Kapitalis-big-size.png\",\"contentUrl\":\"https:\/\/kapitalis.com\/tunisie\/wp-content\/uploads\/2022\/05\/Kapitalis-big-size.png\",\"width\":5000,\"height\":1500,\"caption\":\"Kapitalis\"},\"image\":{\"@id\":\"https:\/\/kapitalis.com\/tunisie\/#\/schema\/logo\/image\/\"},\"sameAs\":[\"https:\/\/www.facebook.com\/KapitalisInfo\/\",\"https:\/\/x.com\/KapitalisInfo\",\"https:\/\/www.youtube.com\/channel\/UC-yDYrHyfFBWWZaOw3FPg9Q\"]},{\"@type\":\"Person\",\"@id\":\"https:\/\/kapitalis.com\/tunisie\/#\/schema\/person\/74bbde0154d49d790a92aaeac5bc01d5\",\"name\":\"Yusra NY\",\"url\":\"https:\/\/kapitalis.com\/tunisie\/author\/yuza_adam\/\"}]}<\/script>\n<!-- \/ Yoast SEO plugin. -->","yoast_head_json":{"title":"Faible mobilisation pour les l\u00e9gislatives en Tunisie : Pour Nadia Chaabane le peuple ne croit plus en Ka\u00efs Sa\u00efed - Kapitalis","description":"Intervenant sur TV5 Monde, la constituante (2011-2014) Nadia Chaabane, membre du bureau politique du parti Al-Massar s'est exprim\u00e9e ce samedi 17 d\u00e9cembre 2022, sur la faible participation au 1er tour des l\u00e9gislatives, tout en d\u00e9non\u00e7ant des \u00e9lections en trompe l\u2019\u0153il, pour un parlement sans pouvoir sans projet\u2026","robots":{"index":"index","follow":"follow","max-snippet":"max-snippet:-1","max-image-preview":"max-image-preview:large","max-video-preview":"max-video-preview:-1"},"canonical":"https:\/\/kapitalis.com\/tunisie\/2022\/12\/17\/faible-mobilisation-pour-les-legislatives-en-tunisie-pour-nadia-chaabane-le-peuple-ne-croit-plus-en-kais-saied\/","og_locale":"fr_FR","og_type":"article","og_title":"Faible mobilisation pour les l\u00e9gislatives en Tunisie : Pour Nadia Chaabane le peuple ne croit plus en Ka\u00efs Sa\u00efed - Kapitalis","og_description":"Intervenant sur TV5 Monde, la constituante (2011-2014) Nadia Chaabane, membre du bureau politique du parti Al-Massar s'est exprim\u00e9e ce samedi 17 d\u00e9cembre 2022, sur la faible participation au 1er tour des l\u00e9gislatives, tout en d\u00e9non\u00e7ant des \u00e9lections en trompe l\u2019\u0153il, pour un parlement sans pouvoir sans projet\u2026","og_url":"https:\/\/kapitalis.com\/tunisie\/2022\/12\/17\/faible-mobilisation-pour-les-legislatives-en-tunisie-pour-nadia-chaabane-le-peuple-ne-croit-plus-en-kais-saied\/","og_site_name":"Kapitalis","article_publisher":"https:\/\/www.facebook.com\/KapitalisInfo\/","article_published_time":"2022-12-17T19:05:29+00:00","article_modified_time":"2022-12-17T19:07:20+00:00","og_image":[{"width":1200,"height":630,"url":"https:\/\/kapitalis.com\/tunisie\/wp-content\/uploads\/2022\/12\/Nadia-Chaabane.jpg","type":"image\/jpeg"}],"author":"Yusra NY","twitter_card":"summary_large_image","twitter_creator":"@KapitalisInfo","twitter_site":"@KapitalisInfo","twitter_misc":{"\u00c9crit par":"Yusra NY","Dur\u00e9e de lecture estim\u00e9e":"3 minutes"},"schema":{"@context":"https:\/\/schema.org","@graph":[{"@type":"Article","@id":"https:\/\/kapitalis.com\/tunisie\/2022\/12\/17\/faible-mobilisation-pour-les-legislatives-en-tunisie-pour-nadia-chaabane-le-peuple-ne-croit-plus-en-kais-saied\/#article","isPartOf":{"@id":"https:\/\/kapitalis.com\/tunisie\/2022\/12\/17\/faible-mobilisation-pour-les-legislatives-en-tunisie-pour-nadia-chaabane-le-peuple-ne-croit-plus-en-kais-saied\/"},"author":{"name":"Yusra NY","@id":"https:\/\/kapitalis.com\/tunisie\/#\/schema\/person\/74bbde0154d49d790a92aaeac5bc01d5"},"headline":"Faible mobilisation pour les l\u00e9gislatives en Tunisie : Pour Nadia Chaabane le peuple ne croit plus en Ka\u00efs Sa\u00efed","datePublished":"2022-12-17T19:05:29+00:00","dateModified":"2022-12-17T19:07:20+00:00","mainEntityOfPage":{"@id":"https:\/\/kapitalis.com\/tunisie\/2022\/12\/17\/faible-mobilisation-pour-les-legislatives-en-tunisie-pour-nadia-chaabane-le-peuple-ne-croit-plus-en-kais-saied\/"},"wordCount":437,"commentCount":6,"publisher":{"@id":"https:\/\/kapitalis.com\/tunisie\/#organization"},"image":{"@id":"https:\/\/kapitalis.com\/tunisie\/2022\/12\/17\/faible-mobilisation-pour-les-legislatives-en-tunisie-pour-nadia-chaabane-le-peuple-ne-croit-plus-en-kais-saied\/#primaryimage"},"thumbnailUrl":"https:\/\/kapitalis.com\/tunisie\/wp-content\/uploads\/2022\/12\/Nadia-Chaabane.jpg","keywords":["\u00e9lections","Ka\u00efs Sa\u00efed","l\u00e9gislatives","Nadia Chaabane","Tunisie"],"articleSection":["POLITIQUE","Tunisie"],"inLanguage":"fr-FR","potentialAction":[{"@type":"CommentAction","name":"Comment","target":["https:\/\/kapitalis.com\/tunisie\/2022\/12\/17\/faible-mobilisation-pour-les-legislatives-en-tunisie-pour-nadia-chaabane-le-peuple-ne-croit-plus-en-kais-saied\/#respond"]}]},{"@type":"WebPage","@id":"https:\/\/kapitalis.com\/tunisie\/2022\/12\/17\/faible-mobilisation-pour-les-legislatives-en-tunisie-pour-nadia-chaabane-le-peuple-ne-croit-plus-en-kais-saied\/","url":"https:\/\/kapitalis.com\/tunisie\/2022\/12\/17\/faible-mobilisation-pour-les-legislatives-en-tunisie-pour-nadia-chaabane-le-peuple-ne-croit-plus-en-kais-saied\/","name":"Faible mobilisation pour les l\u00e9gislatives en Tunisie : Pour Nadia Chaabane le peuple ne croit plus en Ka\u00efs Sa\u00efed - Kapitalis","isPartOf":{"@id":"https:\/\/kapitalis.com\/tunisie\/#website"},"primaryImageOfPage":{"@id":"https:\/\/kapitalis.com\/tunisie\/2022\/12\/17\/faible-mobilisation-pour-les-legislatives-en-tunisie-pour-nadia-chaabane-le-peuple-ne-croit-plus-en-kais-saied\/#primaryimage"},"image":{"@id":"https:\/\/kapitalis.com\/tunisie\/2022\/12\/17\/faible-mobilisation-pour-les-legislatives-en-tunisie-pour-nadia-chaabane-le-peuple-ne-croit-plus-en-kais-saied\/#primaryimage"},"thumbnailUrl":"https:\/\/kapitalis.com\/tunisie\/wp-content\/uploads\/2022\/12\/Nadia-Chaabane.jpg","datePublished":"2022-12-17T19:05:29+00:00","dateModified":"2022-12-17T19:07:20+00:00","description":"Intervenant sur TV5 Monde, la constituante (2011-2014) Nadia Chaabane, membre du bureau politique du parti Al-Massar s'est exprim\u00e9e ce samedi 17 d\u00e9cembre 2022, sur la faible participation au 1er tour des l\u00e9gislatives, tout en d\u00e9non\u00e7ant des \u00e9lections en trompe l\u2019\u0153il, pour un parlement sans pouvoir sans projet\u2026","breadcrumb":{"@id":"https:\/\/kapitalis.com\/tunisie\/2022\/12\/17\/faible-mobilisation-pour-les-legislatives-en-tunisie-pour-nadia-chaabane-le-peuple-ne-croit-plus-en-kais-saied\/#breadcrumb"},"inLanguage":"fr-FR","potentialAction":[{"@type":"ReadAction","target":["https:\/\/kapitalis.com\/tunisie\/2022\/12\/17\/faible-mobilisation-pour-les-legislatives-en-tunisie-pour-nadia-chaabane-le-peuple-ne-croit-plus-en-kais-saied\/"]}]},{"@type":"ImageObject","inLanguage":"fr-FR","@id":"https:\/\/kapitalis.com\/tunisie\/2022\/12\/17\/faible-mobilisation-pour-les-legislatives-en-tunisie-pour-nadia-chaabane-le-peuple-ne-croit-plus-en-kais-saied\/#primaryimage","url":"https:\/\/kapitalis.com\/tunisie\/wp-content\/uploads\/2022\/12\/Nadia-Chaabane.jpg","contentUrl":"https:\/\/kapitalis.com\/tunisie\/wp-content\/uploads\/2022\/12\/Nadia-Chaabane.jpg","width":1200,"height":630},{"@type":"BreadcrumbList","@id":"https:\/\/kapitalis.com\/tunisie\/2022\/12\/17\/faible-mobilisation-pour-les-legislatives-en-tunisie-pour-nadia-chaabane-le-peuple-ne-croit-plus-en-kais-saied\/#breadcrumb","itemListElement":[{"@type":"ListItem","position":1,"name":"Accueil","item":"https:\/\/kapitalis.com\/tunisie\/"},{"@type":"ListItem","position":2,"name":"Faible mobilisation pour les l\u00e9gislatives en Tunisie : Pour Nadia Chaabane le peuple ne croit plus en Ka\u00efs Sa\u00efed"}]},{"@type":"WebSite","@id":"https:\/\/kapitalis.com\/tunisie\/#website","url":"https:\/\/kapitalis.com\/tunisie\/","name":"Kapitalis","description":"L&#039;actualit\u00e9 en Tunisie et dans le monde","publisher":{"@id":"https:\/\/kapitalis.com\/tunisie\/#organization"},"potentialAction":[{"@type":"SearchAction","target":{"@type":"EntryPoint","urlTemplate":"https:\/\/kapitalis.com\/tunisie\/?s={search_term_string}"},"query-input":{"@type":"PropertyValueSpecification","valueRequired":true,"valueName":"search_term_string"}}],"inLanguage":"fr-FR"},{"@type":"Organization","@id":"https:\/\/kapitalis.com\/tunisie\/#organization","name":"Kapitalis","url":"https:\/\/kapitalis.com\/tunisie\/","logo":{"@type":"ImageObject","inLanguage":"fr-FR","@id":"https:\/\/kapitalis.com\/tunisie\/#\/schema\/logo\/image\/","url":"https:\/\/kapitalis.com\/tunisie\/wp-content\/uploads\/2022\/05\/Kapitalis-big-size.png","contentUrl":"https:\/\/kapitalis.com\/tunisie\/wp-content\/uploads\/2022\/05\/Kapitalis-big-size.png","width":5000,"height":1500,"caption":"Kapitalis"},"image":{"@id":"https:\/\/kapitalis.com\/tunisie\/#\/schema\/logo\/image\/"},"sameAs":["https:\/\/www.facebook.com\/KapitalisInfo\/","https:\/\/x.com\/KapitalisInfo","https:\/\/www.youtube.com\/channel\/UC-yDYrHyfFBWWZaOw3FPg9Q"]},{"@type":"Person","@id":"https:\/\/kapitalis.com\/tunisie\/#\/schema\/person\/74bbde0154d49d790a92aaeac5bc01d5","name":"Yusra NY","url":"https:\/\/kapitalis.com\/tunisie\/author\/yuza_adam\/"}]}},"_links":{"self":[{"href":"https:\/\/kapitalis.com\/tunisie\/wp-json\/wp\/v2\/posts\/5721077","targetHints":{"allow":["GET"]}}],"collection":[{"href":"https:\/\/kapitalis.com\/tunisie\/wp-json\/wp\/v2\/posts"}],"about":[{"href":"https:\/\/kapitalis.com\/tunisie\/wp-json\/wp\/v2\/types\/post"}],"author":[{"embeddable":true,"href":"https:\/\/kapitalis.com\/tunisie\/wp-json\/wp\/v2\/users\/6"}],"replies":[{"embeddable":true,"href":"https:\/\/kapitalis.com\/tunisie\/wp-json\/wp\/v2\/comments?post=5721077"}],"version-history":[{"count":3,"href":"https:\/\/kapitalis.com\/tunisie\/wp-json\/wp\/v2\/posts\/5721077\/revisions"}],"predecessor-version":[{"id":5721262,"href":"https:\/\/kapitalis.com\/tunisie\/wp-json\/wp\/v2\/posts\/5721077\/revisions\/5721262"}],"wp:featuredmedia":[{"embeddable":true,"href":"https:\/\/kapitalis.com\/tunisie\/wp-json\/wp\/v2\/media\/5721230"}],"wp:attachment":[{"href":"https:\/\/kapitalis.com\/tunisie\/wp-json\/wp\/v2\/media?parent=5721077"}],"wp:term":[{"taxonomy":"category","embeddable":true,"href":"https:\/\/kapitalis.com\/tunisie\/wp-json\/wp\/v2\/categories?post=5721077"},{"taxonomy":"post_tag","embeddable":true,"href":"https:\/\/kapitalis.com\/tunisie\/wp-json\/wp\/v2\/tags?post=5721077"}],"curies":[{"name":"wp","href":"https:\/\/api.w.org\/{rel}","templated":true}]}}