{"id":57213,"date":"2016-07-08T19:07:29","date_gmt":"2016-07-08T18:07:29","guid":{"rendered":"http:\/\/kapitalis.com\/tunisie\/?p=57213"},"modified":"2016-07-08T19:07:29","modified_gmt":"2016-07-08T18:07:29","slug":"la-diplomatie-tunisienne-au-centre-de-la-rencontre-essid-jhinaoui","status":"publish","type":"post","link":"https:\/\/kapitalis.com\/tunisie\/2016\/07\/08\/la-diplomatie-tunisienne-au-centre-de-la-rencontre-essid-jhinaoui\/","title":{"rendered":"La diplomatie tunisienne au centre de la rencontre Essid &#8211; Jhinaoui"},"content":{"rendered":"<p style=\"text-align: center;\"><img loading=\"lazy\" decoding=\"async\" class=\"alignnone size-full wp-image-57214\" src=\"http:\/\/kapitalis.com\/tunisie\/wp-content\/uploads\/2016\/07\/Khemaies-Jhinaoui-et-Habib-Essid.jpg\" alt=\"Khemaies-Jhinaoui-et-Habib-Essid\" width=\"626\" height=\"380\" \/><\/p>\n<p style=\"text-align: left;\"><em><strong>L\u2019entretien a port\u00e9 sur les pr\u00e9paratifs en pr\u00e9vision de la visite de Jhinaoui en France (13 juillet) et la participation de la Tunisie aux prochains sommets africain et arabe.<\/strong><\/em><\/p>\n<p style=\"text-align: left;\"><!--more--><\/p>\n<p style=\"text-align: left;\">Les prochaines \u00e9ch\u00e9ances diplomatiques ont \u00e9t\u00e9 au centre de l&rsquo;entretien, vendredi, entre le chef du gouvernement, Habib Essid, avec le ministre des Affaires \u00e9trang\u00e8res, Khemaies Jhinaoui.<\/p>\n<p style=\"text-align: left;\">L\u2019entretien a, notamment, port\u00e9 sur la visite officielle qu\u2019effectuera M. Jhinaoui, le 13 juillet courant, \u00e0 Paris, \u00e0 l&rsquo;invitation de son homologue fran\u00e7ais. Au cours de cette visite, le ministre des Affaires \u00e9trang\u00e8res aura des rencontres avec des hauts responsables du gouvernement et des parlementaires fran\u00e7ais, indique un communiqu\u00e9 de la pr\u00e9sidence du gouvernement.<\/p>\n<p style=\"text-align: left;\">M. Jhinaoui a d\u00e9clar\u00e9 avoir \u00e9voqu\u00e9 avec M. Essid les pr\u00e9paratifs engag\u00e9s en pr\u00e9vision de la participation de la Tunisie au sommet de l\u2019Union africaine, pr\u00e9vu les 17 et 18 juillet \u00e0 Kigali, au Rwanda, et au sommet de la Ligue des Etats arabes, en Mauritanie, les 25 et 26 du m\u00eame mois.<\/p>\n<p style=\"text-align: left;\">La situation r\u00e9gionale, notamment en Libye, et le r\u00f4le de la Tunisie pour aider le peuple libyen \u00e0 d\u00e9passer la crise, ont \u00e9galement \u00e9t\u00e9 \u00e9voqu\u00e9s, souligne le communiqu\u00e9.<\/p>\n<p style=\"text-align: right;\"><strong>I. B.<\/strong> (avec Tap).<\/p>\n","protected":false},"excerpt":{"rendered":"<p>L\u2019entretien a port\u00e9 sur les pr\u00e9paratifs en pr\u00e9vision de la visite de Jhinaoui en France (13 juillet) et la participation de la Tunisie aux prochains sommets africain et arabe.<\/p>\n","protected":false},"author":8,"featured_media":57214,"comment_status":"open","ping_status":"open","sticky":false,"template":"","format":"standard","meta":{"footnotes":""},"categories":[997,2433],"tags":[11842,435,12471,1527,7724],"class_list":["post-57213","post","type-post","status-publish","format-standard","has-post-thumbnail","hentry","category-politique","category-tunisie","tag-diplomatie-tunisienne","tag-habib-essid","tag-khemaies-jhinaoui","tag-mauritanie","tag-rwanda"],"yoast_head":"<!-- This site is optimized with the Yoast SEO plugin v26.6 - https:\/\/yoast.com\/wordpress\/plugins\/seo\/ -->\n<title>La diplomatie tunisienne au centre de la rencontre Essid - Jhinaoui - Kapitalis<\/title>\n<meta name=\"robots\" content=\"index, follow, max-snippet:-1, max-image-preview:large, max-video-preview:-1\" \/>\n<link rel=\"canonical\" href=\"https:\/\/kapitalis.com\/tunisie\/2016\/07\/08\/la-diplomatie-tunisienne-au-centre-de-la-rencontre-essid-jhinaoui\/\" \/>\n<meta property=\"og:locale\" content=\"fr_FR\" \/>\n<meta property=\"og:type\" content=\"article\" \/>\n<meta property=\"og:title\" content=\"La diplomatie tunisienne au centre de la rencontre Essid - Jhinaoui - Kapitalis\" \/>\n<meta property=\"og:description\" content=\"L\u2019entretien a port\u00e9 sur les pr\u00e9paratifs en pr\u00e9vision de la visite de Jhinaoui en France (13 juillet) et la participation de la Tunisie aux prochains sommets africain et arabe.\" \/>\n<meta property=\"og:url\" content=\"https:\/\/kapitalis.com\/tunisie\/2016\/07\/08\/la-diplomatie-tunisienne-au-centre-de-la-rencontre-essid-jhinaoui\/\" \/>\n<meta property=\"og:site_name\" content=\"Kapitalis\" \/>\n<meta property=\"article:publisher\" content=\"https:\/\/www.facebook.com\/KapitalisInfo\/\" \/>\n<meta property=\"article:published_time\" content=\"2016-07-08T18:07:29+00:00\" \/>\n<meta property=\"og:image\" content=\"https:\/\/kapitalis.com\/tunisie\/wp-content\/uploads\/2022\/05\/kapitalis-logo-fb.png\" \/>\n\t<meta property=\"og:image:width\" content=\"1200\" \/>\n\t<meta property=\"og:image:height\" content=\"630\" \/>\n\t<meta property=\"og:image:type\" content=\"image\/png\" \/>\n<meta name=\"author\" content=\"webmaster kapitalis\" \/>\n<meta name=\"twitter:card\" content=\"summary_large_image\" \/>\n<meta name=\"twitter:creator\" content=\"@KapitalisInfo\" \/>\n<meta name=\"twitter:site\" content=\"@KapitalisInfo\" \/>\n<meta name=\"twitter:label1\" content=\"\u00c9crit par\" \/>\n\t<meta name=\"twitter:data1\" content=\"webmaster kapitalis\" \/>\n\t<meta name=\"twitter:label2\" content=\"Dur\u00e9e de lecture estim\u00e9e\" \/>\n\t<meta name=\"twitter:data2\" content=\"1 minute\" \/>\n<script type=\"application\/ld+json\" class=\"yoast-schema-graph\">{\"@context\":\"https:\/\/schema.org\",\"@graph\":[{\"@type\":\"Article\",\"@id\":\"https:\/\/kapitalis.com\/tunisie\/2016\/07\/08\/la-diplomatie-tunisienne-au-centre-de-la-rencontre-essid-jhinaoui\/#article\",\"isPartOf\":{\"@id\":\"https:\/\/kapitalis.com\/tunisie\/2016\/07\/08\/la-diplomatie-tunisienne-au-centre-de-la-rencontre-essid-jhinaoui\/\"},\"author\":{\"name\":\"webmaster kapitalis\",\"@id\":\"https:\/\/kapitalis.com\/tunisie\/#\/schema\/person\/d71f33a9ca44f7bad4698210b480c8e9\"},\"headline\":\"La diplomatie tunisienne au centre de la rencontre Essid &#8211; Jhinaoui\",\"datePublished\":\"2016-07-08T18:07:29+00:00\",\"mainEntityOfPage\":{\"@id\":\"https:\/\/kapitalis.com\/tunisie\/2016\/07\/08\/la-diplomatie-tunisienne-au-centre-de-la-rencontre-essid-jhinaoui\/\"},\"wordCount\":217,\"commentCount\":0,\"publisher\":{\"@id\":\"https:\/\/kapitalis.com\/tunisie\/#organization\"},\"image\":{\"@id\":\"https:\/\/kapitalis.com\/tunisie\/2016\/07\/08\/la-diplomatie-tunisienne-au-centre-de-la-rencontre-essid-jhinaoui\/#primaryimage\"},\"thumbnailUrl\":\"\",\"keywords\":[\"diplomatie tunisienne\",\"Habib Essid\",\"Khemaies Jhinaoui\",\"Mauritanie\",\"Rwanda\"],\"articleSection\":[\"POLITIQUE\",\"Tunisie\"],\"inLanguage\":\"fr-FR\",\"potentialAction\":[{\"@type\":\"CommentAction\",\"name\":\"Comment\",\"target\":[\"https:\/\/kapitalis.com\/tunisie\/2016\/07\/08\/la-diplomatie-tunisienne-au-centre-de-la-rencontre-essid-jhinaoui\/#respond\"]}]},{\"@type\":\"WebPage\",\"@id\":\"https:\/\/kapitalis.com\/tunisie\/2016\/07\/08\/la-diplomatie-tunisienne-au-centre-de-la-rencontre-essid-jhinaoui\/\",\"url\":\"https:\/\/kapitalis.com\/tunisie\/2016\/07\/08\/la-diplomatie-tunisienne-au-centre-de-la-rencontre-essid-jhinaoui\/\",\"name\":\"La diplomatie tunisienne au centre de la rencontre Essid - Jhinaoui - Kapitalis\",\"isPartOf\":{\"@id\":\"https:\/\/kapitalis.com\/tunisie\/#website\"},\"primaryImageOfPage\":{\"@id\":\"https:\/\/kapitalis.com\/tunisie\/2016\/07\/08\/la-diplomatie-tunisienne-au-centre-de-la-rencontre-essid-jhinaoui\/#primaryimage\"},\"image\":{\"@id\":\"https:\/\/kapitalis.com\/tunisie\/2016\/07\/08\/la-diplomatie-tunisienne-au-centre-de-la-rencontre-essid-jhinaoui\/#primaryimage\"},\"thumbnailUrl\":\"\",\"datePublished\":\"2016-07-08T18:07:29+00:00\",\"breadcrumb\":{\"@id\":\"https:\/\/kapitalis.com\/tunisie\/2016\/07\/08\/la-diplomatie-tunisienne-au-centre-de-la-rencontre-essid-jhinaoui\/#breadcrumb\"},\"inLanguage\":\"fr-FR\",\"potentialAction\":[{\"@type\":\"ReadAction\",\"target\":[\"https:\/\/kapitalis.com\/tunisie\/2016\/07\/08\/la-diplomatie-tunisienne-au-centre-de-la-rencontre-essid-jhinaoui\/\"]}]},{\"@type\":\"ImageObject\",\"inLanguage\":\"fr-FR\",\"@id\":\"https:\/\/kapitalis.com\/tunisie\/2016\/07\/08\/la-diplomatie-tunisienne-au-centre-de-la-rencontre-essid-jhinaoui\/#primaryimage\",\"url\":\"\",\"contentUrl\":\"\"},{\"@type\":\"BreadcrumbList\",\"@id\":\"https:\/\/kapitalis.com\/tunisie\/2016\/07\/08\/la-diplomatie-tunisienne-au-centre-de-la-rencontre-essid-jhinaoui\/#breadcrumb\",\"itemListElement\":[{\"@type\":\"ListItem\",\"position\":1,\"name\":\"Accueil\",\"item\":\"https:\/\/kapitalis.com\/tunisie\/\"},{\"@type\":\"ListItem\",\"position\":2,\"name\":\"La diplomatie tunisienne au centre de la rencontre Essid &#8211; Jhinaoui\"}]},{\"@type\":\"WebSite\",\"@id\":\"https:\/\/kapitalis.com\/tunisie\/#website\",\"url\":\"https:\/\/kapitalis.com\/tunisie\/\",\"name\":\"Kapitalis\",\"description\":\"L&#039;actualit\u00e9 en Tunisie et dans le monde\",\"publisher\":{\"@id\":\"https:\/\/kapitalis.com\/tunisie\/#organization\"},\"potentialAction\":[{\"@type\":\"SearchAction\",\"target\":{\"@type\":\"EntryPoint\",\"urlTemplate\":\"https:\/\/kapitalis.com\/tunisie\/?s={search_term_string}\"},\"query-input\":{\"@type\":\"PropertyValueSpecification\",\"valueRequired\":true,\"valueName\":\"search_term_string\"}}],\"inLanguage\":\"fr-FR\"},{\"@type\":\"Organization\",\"@id\":\"https:\/\/kapitalis.com\/tunisie\/#organization\",\"name\":\"Kapitalis\",\"url\":\"https:\/\/kapitalis.com\/tunisie\/\",\"logo\":{\"@type\":\"ImageObject\",\"inLanguage\":\"fr-FR\",\"@id\":\"https:\/\/kapitalis.com\/tunisie\/#\/schema\/logo\/image\/\",\"url\":\"https:\/\/kapitalis.com\/tunisie\/wp-content\/uploads\/2022\/05\/Kapitalis-big-size.png\",\"contentUrl\":\"https:\/\/kapitalis.com\/tunisie\/wp-content\/uploads\/2022\/05\/Kapitalis-big-size.png\",\"width\":5000,\"height\":1500,\"caption\":\"Kapitalis\"},\"image\":{\"@id\":\"https:\/\/kapitalis.com\/tunisie\/#\/schema\/logo\/image\/\"},\"sameAs\":[\"https:\/\/www.facebook.com\/KapitalisInfo\/\",\"https:\/\/x.com\/KapitalisInfo\",\"https:\/\/www.youtube.com\/channel\/UC-yDYrHyfFBWWZaOw3FPg9Q\"]},{\"@type\":\"Person\",\"@id\":\"https:\/\/kapitalis.com\/tunisie\/#\/schema\/person\/d71f33a9ca44f7bad4698210b480c8e9\",\"name\":\"webmaster kapitalis\",\"url\":\"https:\/\/kapitalis.com\/tunisie\/author\/webmaster-kapitalis\/\"}]}<\/script>\n<!-- \/ Yoast SEO plugin. -->","yoast_head_json":{"title":"La diplomatie tunisienne au centre de la rencontre Essid - Jhinaoui - Kapitalis","robots":{"index":"index","follow":"follow","max-snippet":"max-snippet:-1","max-image-preview":"max-image-preview:large","max-video-preview":"max-video-preview:-1"},"canonical":"https:\/\/kapitalis.com\/tunisie\/2016\/07\/08\/la-diplomatie-tunisienne-au-centre-de-la-rencontre-essid-jhinaoui\/","og_locale":"fr_FR","og_type":"article","og_title":"La diplomatie tunisienne au centre de la rencontre Essid - Jhinaoui - Kapitalis","og_description":"L\u2019entretien a port\u00e9 sur les pr\u00e9paratifs en pr\u00e9vision de la visite de Jhinaoui en France (13 juillet) et la participation de la Tunisie aux prochains sommets africain et arabe.","og_url":"https:\/\/kapitalis.com\/tunisie\/2016\/07\/08\/la-diplomatie-tunisienne-au-centre-de-la-rencontre-essid-jhinaoui\/","og_site_name":"Kapitalis","article_publisher":"https:\/\/www.facebook.com\/KapitalisInfo\/","article_published_time":"2016-07-08T18:07:29+00:00","og_image":[{"width":1200,"height":630,"url":"https:\/\/kapitalis.com\/tunisie\/wp-content\/uploads\/2022\/05\/kapitalis-logo-fb.png","type":"image\/png"}],"author":"webmaster kapitalis","twitter_card":"summary_large_image","twitter_creator":"@KapitalisInfo","twitter_site":"@KapitalisInfo","twitter_misc":{"\u00c9crit par":"webmaster kapitalis","Dur\u00e9e de lecture estim\u00e9e":"1 minute"},"schema":{"@context":"https:\/\/schema.org","@graph":[{"@type":"Article","@id":"https:\/\/kapitalis.com\/tunisie\/2016\/07\/08\/la-diplomatie-tunisienne-au-centre-de-la-rencontre-essid-jhinaoui\/#article","isPartOf":{"@id":"https:\/\/kapitalis.com\/tunisie\/2016\/07\/08\/la-diplomatie-tunisienne-au-centre-de-la-rencontre-essid-jhinaoui\/"},"author":{"name":"webmaster kapitalis","@id":"https:\/\/kapitalis.com\/tunisie\/#\/schema\/person\/d71f33a9ca44f7bad4698210b480c8e9"},"headline":"La diplomatie tunisienne au centre de la rencontre Essid &#8211; Jhinaoui","datePublished":"2016-07-08T18:07:29+00:00","mainEntityOfPage":{"@id":"https:\/\/kapitalis.com\/tunisie\/2016\/07\/08\/la-diplomatie-tunisienne-au-centre-de-la-rencontre-essid-jhinaoui\/"},"wordCount":217,"commentCount":0,"publisher":{"@id":"https:\/\/kapitalis.com\/tunisie\/#organization"},"image":{"@id":"https:\/\/kapitalis.com\/tunisie\/2016\/07\/08\/la-diplomatie-tunisienne-au-centre-de-la-rencontre-essid-jhinaoui\/#primaryimage"},"thumbnailUrl":"","keywords":["diplomatie tunisienne","Habib Essid","Khemaies Jhinaoui","Mauritanie","Rwanda"],"articleSection":["POLITIQUE","Tunisie"],"inLanguage":"fr-FR","potentialAction":[{"@type":"CommentAction","name":"Comment","target":["https:\/\/kapitalis.com\/tunisie\/2016\/07\/08\/la-diplomatie-tunisienne-au-centre-de-la-rencontre-essid-jhinaoui\/#respond"]}]},{"@type":"WebPage","@id":"https:\/\/kapitalis.com\/tunisie\/2016\/07\/08\/la-diplomatie-tunisienne-au-centre-de-la-rencontre-essid-jhinaoui\/","url":"https:\/\/kapitalis.com\/tunisie\/2016\/07\/08\/la-diplomatie-tunisienne-au-centre-de-la-rencontre-essid-jhinaoui\/","name":"La diplomatie tunisienne au centre de la rencontre Essid - Jhinaoui - Kapitalis","isPartOf":{"@id":"https:\/\/kapitalis.com\/tunisie\/#website"},"primaryImageOfPage":{"@id":"https:\/\/kapitalis.com\/tunisie\/2016\/07\/08\/la-diplomatie-tunisienne-au-centre-de-la-rencontre-essid-jhinaoui\/#primaryimage"},"image":{"@id":"https:\/\/kapitalis.com\/tunisie\/2016\/07\/08\/la-diplomatie-tunisienne-au-centre-de-la-rencontre-essid-jhinaoui\/#primaryimage"},"thumbnailUrl":"","datePublished":"2016-07-08T18:07:29+00:00","breadcrumb":{"@id":"https:\/\/kapitalis.com\/tunisie\/2016\/07\/08\/la-diplomatie-tunisienne-au-centre-de-la-rencontre-essid-jhinaoui\/#breadcrumb"},"inLanguage":"fr-FR","potentialAction":[{"@type":"ReadAction","target":["https:\/\/kapitalis.com\/tunisie\/2016\/07\/08\/la-diplomatie-tunisienne-au-centre-de-la-rencontre-essid-jhinaoui\/"]}]},{"@type":"ImageObject","inLanguage":"fr-FR","@id":"https:\/\/kapitalis.com\/tunisie\/2016\/07\/08\/la-diplomatie-tunisienne-au-centre-de-la-rencontre-essid-jhinaoui\/#primaryimage","url":"","contentUrl":""},{"@type":"BreadcrumbList","@id":"https:\/\/kapitalis.com\/tunisie\/2016\/07\/08\/la-diplomatie-tunisienne-au-centre-de-la-rencontre-essid-jhinaoui\/#breadcrumb","itemListElement":[{"@type":"ListItem","position":1,"name":"Accueil","item":"https:\/\/kapitalis.com\/tunisie\/"},{"@type":"ListItem","position":2,"name":"La diplomatie tunisienne au centre de la rencontre Essid &#8211; Jhinaoui"}]},{"@type":"WebSite","@id":"https:\/\/kapitalis.com\/tunisie\/#website","url":"https:\/\/kapitalis.com\/tunisie\/","name":"Kapitalis","description":"L&#039;actualit\u00e9 en Tunisie et dans le monde","publisher":{"@id":"https:\/\/kapitalis.com\/tunisie\/#organization"},"potentialAction":[{"@type":"SearchAction","target":{"@type":"EntryPoint","urlTemplate":"https:\/\/kapitalis.com\/tunisie\/?s={search_term_string}"},"query-input":{"@type":"PropertyValueSpecification","valueRequired":true,"valueName":"search_term_string"}}],"inLanguage":"fr-FR"},{"@type":"Organization","@id":"https:\/\/kapitalis.com\/tunisie\/#organization","name":"Kapitalis","url":"https:\/\/kapitalis.com\/tunisie\/","logo":{"@type":"ImageObject","inLanguage":"fr-FR","@id":"https:\/\/kapitalis.com\/tunisie\/#\/schema\/logo\/image\/","url":"https:\/\/kapitalis.com\/tunisie\/wp-content\/uploads\/2022\/05\/Kapitalis-big-size.png","contentUrl":"https:\/\/kapitalis.com\/tunisie\/wp-content\/uploads\/2022\/05\/Kapitalis-big-size.png","width":5000,"height":1500,"caption":"Kapitalis"},"image":{"@id":"https:\/\/kapitalis.com\/tunisie\/#\/schema\/logo\/image\/"},"sameAs":["https:\/\/www.facebook.com\/KapitalisInfo\/","https:\/\/x.com\/KapitalisInfo","https:\/\/www.youtube.com\/channel\/UC-yDYrHyfFBWWZaOw3FPg9Q"]},{"@type":"Person","@id":"https:\/\/kapitalis.com\/tunisie\/#\/schema\/person\/d71f33a9ca44f7bad4698210b480c8e9","name":"webmaster kapitalis","url":"https:\/\/kapitalis.com\/tunisie\/author\/webmaster-kapitalis\/"}]}},"_links":{"self":[{"href":"https:\/\/kapitalis.com\/tunisie\/wp-json\/wp\/v2\/posts\/57213","targetHints":{"allow":["GET"]}}],"collection":[{"href":"https:\/\/kapitalis.com\/tunisie\/wp-json\/wp\/v2\/posts"}],"about":[{"href":"https:\/\/kapitalis.com\/tunisie\/wp-json\/wp\/v2\/types\/post"}],"author":[{"embeddable":true,"href":"https:\/\/kapitalis.com\/tunisie\/wp-json\/wp\/v2\/users\/8"}],"replies":[{"embeddable":true,"href":"https:\/\/kapitalis.com\/tunisie\/wp-json\/wp\/v2\/comments?post=57213"}],"version-history":[{"count":0,"href":"https:\/\/kapitalis.com\/tunisie\/wp-json\/wp\/v2\/posts\/57213\/revisions"}],"wp:featuredmedia":[{"embeddable":true,"href":"https:\/\/kapitalis.com\/tunisie\/wp-json\/wp\/v2\/media\/57214"}],"wp:attachment":[{"href":"https:\/\/kapitalis.com\/tunisie\/wp-json\/wp\/v2\/media?parent=57213"}],"wp:term":[{"taxonomy":"category","embeddable":true,"href":"https:\/\/kapitalis.com\/tunisie\/wp-json\/wp\/v2\/categories?post=57213"},{"taxonomy":"post_tag","embeddable":true,"href":"https:\/\/kapitalis.com\/tunisie\/wp-json\/wp\/v2\/tags?post=57213"}],"curies":[{"name":"wp","href":"https:\/\/api.w.org\/{rel}","templated":true}]}}