{"id":57262,"date":"2016-07-09T13:24:57","date_gmt":"2016-07-09T12:24:57","guid":{"rendered":"http:\/\/kapitalis.com\/tunisie\/?p=57262"},"modified":"2016-07-09T13:24:57","modified_gmt":"2016-07-09T12:24:57","slug":"operation-antiterroriste-de-mnihla-29-suspects-ecroues-et-19-liberes","status":"publish","type":"post","link":"https:\/\/kapitalis.com\/tunisie\/2016\/07\/09\/operation-antiterroriste-de-mnihla-29-suspects-ecroues-et-19-liberes\/","title":{"rendered":"Op\u00e9ration antiterroriste de Mnihla : 29 suspects \u00e9crou\u00e9s et 19 lib\u00e9r\u00e9s"},"content":{"rendered":"<p style=\"text-align: center;\"><img loading=\"lazy\" decoding=\"async\" class=\"alignnone size-full wp-image-49775\" src=\"http:\/\/kapitalis.com\/tunisie\/wp-content\/uploads\/2016\/05\/mnihla-arrestation-terroriste.jpg\" alt=\"mnihla- arrestation terroriste\" width=\"626\" height=\"380\" \/><\/p>\n<p><em><strong>La justice a \u00e9mis, hier, 2 mandats de d\u00e9p\u00f4t suppl\u00e9mentaires contre des individus arr\u00eat\u00e9s lors de l\u2019op\u00e9ration antiterroriste de\u00a0Mnihla\u00a0et a lib\u00e9r\u00e9 5 autres.<\/strong><\/em><\/p>\n<p><!--more--><\/p>\n<p>Apr\u00e8s avoir \u00e9mis, fin mai dernier, 27 mandats de d\u00e9p\u00f4t contre des individus accus\u00e9s d\u2019implication dans divers attentats terroristes, le juge d\u2019instruction du p\u00f4le judiciaire antiterroriste a d\u00e9cid\u00e9, hier soir, d\u2019\u00e9crouer 2 autres\u00a0et de lib\u00e9rer\u00a05 suspects, dont les dossiers ne contiennent pas de pi\u00e8ces justifiant des poursuites judiciaires.<\/p>\n<p>L\u2019op\u00e9ration antiterroriste de Mnihla, men\u00e9e le 11 mai 2016, par les forces sp\u00e9ciales de la garde nationale, avait conduit \u00e0 l\u2019arrestation de 57 suspects, dont\u00a029 seront poursuivis en justice et 19 lib\u00e9r\u00e9s pour manque de preuves, alors que 9 autres sont encore d\u00e9tenus et seront bient\u00f4t interrog\u00e9s.<\/p>\n<p>Rappelons aussi que 15 autres suspects, dont les noms ont \u00e9t\u00e9 cit\u00e9s lors des interrogatoires, sont toujours recherch\u00e9s.<\/p>\n<p>Plusieurs syndicats de police d\u00e9noncent la lib\u00e9ration des 19 suspects dans cette affaire, pr\u00e9cisant que parmi eux, certains ont b\u00e9n\u00e9fici\u00e9 d\u2019entrainement dans des camps\u00a0\u00a0de l\u2019organisation terroriste de l\u2019Etat islamique (Daech),\u00a0en Libye.<\/p>\n<p style=\"text-align: right;\"><strong>Y. N.<\/strong><\/p>\n","protected":false},"excerpt":{"rendered":"<p>La justice a \u00e9mis, hier, 2 mandats de d\u00e9p\u00f4t suppl\u00e9mentaires contre des individus arr\u00eat\u00e9s lors de l\u2019op\u00e9ration antiterroriste de\u00a0Mnihla\u00a0et a lib\u00e9r\u00e9 5 autres.<\/p>\n","protected":false},"author":6,"featured_media":0,"comment_status":"open","ping_status":"open","sticky":false,"template":"","format":"standard","meta":{"footnotes":""},"categories":[998,2433],"tags":[258,521,8459,2836,6112,899],"class_list":["post-57262","post","type-post","status-publish","format-standard","hentry","category-societe","category-tunisie","tag-daech","tag-juge","tag-mnihla","tag-suspects","tag-syndicat-police","tag-terroristes"],"yoast_head":"<!-- This site is optimized with the Yoast SEO plugin v26.6 - https:\/\/yoast.com\/wordpress\/plugins\/seo\/ -->\n<title>Op\u00e9ration antiterroriste de Mnihla : 29 suspects \u00e9crou\u00e9s et 19 lib\u00e9r\u00e9s - Kapitalis<\/title>\n<meta name=\"robots\" content=\"index, follow, max-snippet:-1, max-image-preview:large, max-video-preview:-1\" \/>\n<link rel=\"canonical\" href=\"https:\/\/kapitalis.com\/tunisie\/2016\/07\/09\/operation-antiterroriste-de-mnihla-29-suspects-ecroues-et-19-liberes\/\" \/>\n<meta property=\"og:locale\" content=\"fr_FR\" \/>\n<meta property=\"og:type\" content=\"article\" \/>\n<meta property=\"og:title\" content=\"Op\u00e9ration antiterroriste de Mnihla : 29 suspects \u00e9crou\u00e9s et 19 lib\u00e9r\u00e9s - Kapitalis\" \/>\n<meta property=\"og:description\" content=\"La justice a \u00e9mis, hier, 2 mandats de d\u00e9p\u00f4t suppl\u00e9mentaires contre des individus arr\u00eat\u00e9s lors de l\u2019op\u00e9ration antiterroriste de\u00a0Mnihla\u00a0et a lib\u00e9r\u00e9 5 autres.\" \/>\n<meta property=\"og:url\" content=\"https:\/\/kapitalis.com\/tunisie\/2016\/07\/09\/operation-antiterroriste-de-mnihla-29-suspects-ecroues-et-19-liberes\/\" \/>\n<meta property=\"og:site_name\" content=\"Kapitalis\" \/>\n<meta property=\"article:publisher\" content=\"https:\/\/www.facebook.com\/KapitalisInfo\/\" \/>\n<meta property=\"article:published_time\" content=\"2016-07-09T12:24:57+00:00\" \/>\n<meta property=\"og:image\" content=\"http:\/\/kapitalis.com\/tunisie\/wp-content\/uploads\/2016\/05\/mnihla-arrestation-terroriste.jpg\" \/>\n<meta name=\"author\" content=\"Yusra NY\" \/>\n<meta name=\"twitter:card\" content=\"summary_large_image\" \/>\n<meta name=\"twitter:creator\" content=\"@KapitalisInfo\" \/>\n<meta name=\"twitter:site\" content=\"@KapitalisInfo\" \/>\n<meta name=\"twitter:label1\" content=\"\u00c9crit par\" \/>\n\t<meta name=\"twitter:data1\" content=\"Yusra NY\" \/>\n\t<meta name=\"twitter:label2\" content=\"Dur\u00e9e de lecture estim\u00e9e\" \/>\n\t<meta name=\"twitter:data2\" content=\"1 minute\" \/>\n<script type=\"application\/ld+json\" class=\"yoast-schema-graph\">{\"@context\":\"https:\/\/schema.org\",\"@graph\":[{\"@type\":\"Article\",\"@id\":\"https:\/\/kapitalis.com\/tunisie\/2016\/07\/09\/operation-antiterroriste-de-mnihla-29-suspects-ecroues-et-19-liberes\/#article\",\"isPartOf\":{\"@id\":\"https:\/\/kapitalis.com\/tunisie\/2016\/07\/09\/operation-antiterroriste-de-mnihla-29-suspects-ecroues-et-19-liberes\/\"},\"author\":{\"name\":\"Yusra NY\",\"@id\":\"https:\/\/kapitalis.com\/tunisie\/#\/schema\/person\/74bbde0154d49d790a92aaeac5bc01d5\"},\"headline\":\"Op\u00e9ration antiterroriste de Mnihla : 29 suspects \u00e9crou\u00e9s et 19 lib\u00e9r\u00e9s\",\"datePublished\":\"2016-07-09T12:24:57+00:00\",\"mainEntityOfPage\":{\"@id\":\"https:\/\/kapitalis.com\/tunisie\/2016\/07\/09\/operation-antiterroriste-de-mnihla-29-suspects-ecroues-et-19-liberes\/\"},\"wordCount\":213,\"commentCount\":0,\"publisher\":{\"@id\":\"https:\/\/kapitalis.com\/tunisie\/#organization\"},\"image\":{\"@id\":\"https:\/\/kapitalis.com\/tunisie\/2016\/07\/09\/operation-antiterroriste-de-mnihla-29-suspects-ecroues-et-19-liberes\/#primaryimage\"},\"thumbnailUrl\":\"http:\/\/kapitalis.com\/tunisie\/wp-content\/uploads\/2016\/05\/mnihla-arrestation-terroriste.jpg\",\"keywords\":[\"Daech\",\"juge\",\"Mnihla\",\"suspects\",\"Syndicat police\",\"terroristes\"],\"articleSection\":[\"SOCIETE\",\"Tunisie\"],\"inLanguage\":\"fr-FR\",\"potentialAction\":[{\"@type\":\"CommentAction\",\"name\":\"Comment\",\"target\":[\"https:\/\/kapitalis.com\/tunisie\/2016\/07\/09\/operation-antiterroriste-de-mnihla-29-suspects-ecroues-et-19-liberes\/#respond\"]}]},{\"@type\":\"WebPage\",\"@id\":\"https:\/\/kapitalis.com\/tunisie\/2016\/07\/09\/operation-antiterroriste-de-mnihla-29-suspects-ecroues-et-19-liberes\/\",\"url\":\"https:\/\/kapitalis.com\/tunisie\/2016\/07\/09\/operation-antiterroriste-de-mnihla-29-suspects-ecroues-et-19-liberes\/\",\"name\":\"Op\u00e9ration antiterroriste de Mnihla : 29 suspects \u00e9crou\u00e9s et 19 lib\u00e9r\u00e9s - Kapitalis\",\"isPartOf\":{\"@id\":\"https:\/\/kapitalis.com\/tunisie\/#website\"},\"primaryImageOfPage\":{\"@id\":\"https:\/\/kapitalis.com\/tunisie\/2016\/07\/09\/operation-antiterroriste-de-mnihla-29-suspects-ecroues-et-19-liberes\/#primaryimage\"},\"image\":{\"@id\":\"https:\/\/kapitalis.com\/tunisie\/2016\/07\/09\/operation-antiterroriste-de-mnihla-29-suspects-ecroues-et-19-liberes\/#primaryimage\"},\"thumbnailUrl\":\"http:\/\/kapitalis.com\/tunisie\/wp-content\/uploads\/2016\/05\/mnihla-arrestation-terroriste.jpg\",\"datePublished\":\"2016-07-09T12:24:57+00:00\",\"breadcrumb\":{\"@id\":\"https:\/\/kapitalis.com\/tunisie\/2016\/07\/09\/operation-antiterroriste-de-mnihla-29-suspects-ecroues-et-19-liberes\/#breadcrumb\"},\"inLanguage\":\"fr-FR\",\"potentialAction\":[{\"@type\":\"ReadAction\",\"target\":[\"https:\/\/kapitalis.com\/tunisie\/2016\/07\/09\/operation-antiterroriste-de-mnihla-29-suspects-ecroues-et-19-liberes\/\"]}]},{\"@type\":\"ImageObject\",\"inLanguage\":\"fr-FR\",\"@id\":\"https:\/\/kapitalis.com\/tunisie\/2016\/07\/09\/operation-antiterroriste-de-mnihla-29-suspects-ecroues-et-19-liberes\/#primaryimage\",\"url\":\"http:\/\/kapitalis.com\/tunisie\/wp-content\/uploads\/2016\/05\/mnihla-arrestation-terroriste.jpg\",\"contentUrl\":\"http:\/\/kapitalis.com\/tunisie\/wp-content\/uploads\/2016\/05\/mnihla-arrestation-terroriste.jpg\"},{\"@type\":\"BreadcrumbList\",\"@id\":\"https:\/\/kapitalis.com\/tunisie\/2016\/07\/09\/operation-antiterroriste-de-mnihla-29-suspects-ecroues-et-19-liberes\/#breadcrumb\",\"itemListElement\":[{\"@type\":\"ListItem\",\"position\":1,\"name\":\"Accueil\",\"item\":\"https:\/\/kapitalis.com\/tunisie\/\"},{\"@type\":\"ListItem\",\"position\":2,\"name\":\"Op\u00e9ration antiterroriste de Mnihla : 29 suspects \u00e9crou\u00e9s et 19 lib\u00e9r\u00e9s\"}]},{\"@type\":\"WebSite\",\"@id\":\"https:\/\/kapitalis.com\/tunisie\/#website\",\"url\":\"https:\/\/kapitalis.com\/tunisie\/\",\"name\":\"Kapitalis\",\"description\":\"L&#039;actualit\u00e9 en Tunisie et dans le monde\",\"publisher\":{\"@id\":\"https:\/\/kapitalis.com\/tunisie\/#organization\"},\"potentialAction\":[{\"@type\":\"SearchAction\",\"target\":{\"@type\":\"EntryPoint\",\"urlTemplate\":\"https:\/\/kapitalis.com\/tunisie\/?s={search_term_string}\"},\"query-input\":{\"@type\":\"PropertyValueSpecification\",\"valueRequired\":true,\"valueName\":\"search_term_string\"}}],\"inLanguage\":\"fr-FR\"},{\"@type\":\"Organization\",\"@id\":\"https:\/\/kapitalis.com\/tunisie\/#organization\",\"name\":\"Kapitalis\",\"url\":\"https:\/\/kapitalis.com\/tunisie\/\",\"logo\":{\"@type\":\"ImageObject\",\"inLanguage\":\"fr-FR\",\"@id\":\"https:\/\/kapitalis.com\/tunisie\/#\/schema\/logo\/image\/\",\"url\":\"https:\/\/kapitalis.com\/tunisie\/wp-content\/uploads\/2022\/05\/Kapitalis-big-size.png\",\"contentUrl\":\"https:\/\/kapitalis.com\/tunisie\/wp-content\/uploads\/2022\/05\/Kapitalis-big-size.png\",\"width\":5000,\"height\":1500,\"caption\":\"Kapitalis\"},\"image\":{\"@id\":\"https:\/\/kapitalis.com\/tunisie\/#\/schema\/logo\/image\/\"},\"sameAs\":[\"https:\/\/www.facebook.com\/KapitalisInfo\/\",\"https:\/\/x.com\/KapitalisInfo\",\"https:\/\/www.youtube.com\/channel\/UC-yDYrHyfFBWWZaOw3FPg9Q\"]},{\"@type\":\"Person\",\"@id\":\"https:\/\/kapitalis.com\/tunisie\/#\/schema\/person\/74bbde0154d49d790a92aaeac5bc01d5\",\"name\":\"Yusra NY\",\"url\":\"https:\/\/kapitalis.com\/tunisie\/author\/yuza_adam\/\"}]}<\/script>\n<!-- \/ Yoast SEO plugin. -->","yoast_head_json":{"title":"Op\u00e9ration antiterroriste de Mnihla : 29 suspects \u00e9crou\u00e9s et 19 lib\u00e9r\u00e9s - Kapitalis","robots":{"index":"index","follow":"follow","max-snippet":"max-snippet:-1","max-image-preview":"max-image-preview:large","max-video-preview":"max-video-preview:-1"},"canonical":"https:\/\/kapitalis.com\/tunisie\/2016\/07\/09\/operation-antiterroriste-de-mnihla-29-suspects-ecroues-et-19-liberes\/","og_locale":"fr_FR","og_type":"article","og_title":"Op\u00e9ration antiterroriste de Mnihla : 29 suspects \u00e9crou\u00e9s et 19 lib\u00e9r\u00e9s - Kapitalis","og_description":"La justice a \u00e9mis, hier, 2 mandats de d\u00e9p\u00f4t suppl\u00e9mentaires contre des individus arr\u00eat\u00e9s lors de l\u2019op\u00e9ration antiterroriste de\u00a0Mnihla\u00a0et a lib\u00e9r\u00e9 5 autres.","og_url":"https:\/\/kapitalis.com\/tunisie\/2016\/07\/09\/operation-antiterroriste-de-mnihla-29-suspects-ecroues-et-19-liberes\/","og_site_name":"Kapitalis","article_publisher":"https:\/\/www.facebook.com\/KapitalisInfo\/","article_published_time":"2016-07-09T12:24:57+00:00","og_image":[{"url":"http:\/\/kapitalis.com\/tunisie\/wp-content\/uploads\/2016\/05\/mnihla-arrestation-terroriste.jpg","type":"","width":"","height":""}],"author":"Yusra NY","twitter_card":"summary_large_image","twitter_creator":"@KapitalisInfo","twitter_site":"@KapitalisInfo","twitter_misc":{"\u00c9crit par":"Yusra NY","Dur\u00e9e de lecture estim\u00e9e":"1 minute"},"schema":{"@context":"https:\/\/schema.org","@graph":[{"@type":"Article","@id":"https:\/\/kapitalis.com\/tunisie\/2016\/07\/09\/operation-antiterroriste-de-mnihla-29-suspects-ecroues-et-19-liberes\/#article","isPartOf":{"@id":"https:\/\/kapitalis.com\/tunisie\/2016\/07\/09\/operation-antiterroriste-de-mnihla-29-suspects-ecroues-et-19-liberes\/"},"author":{"name":"Yusra NY","@id":"https:\/\/kapitalis.com\/tunisie\/#\/schema\/person\/74bbde0154d49d790a92aaeac5bc01d5"},"headline":"Op\u00e9ration antiterroriste de Mnihla : 29 suspects \u00e9crou\u00e9s et 19 lib\u00e9r\u00e9s","datePublished":"2016-07-09T12:24:57+00:00","mainEntityOfPage":{"@id":"https:\/\/kapitalis.com\/tunisie\/2016\/07\/09\/operation-antiterroriste-de-mnihla-29-suspects-ecroues-et-19-liberes\/"},"wordCount":213,"commentCount":0,"publisher":{"@id":"https:\/\/kapitalis.com\/tunisie\/#organization"},"image":{"@id":"https:\/\/kapitalis.com\/tunisie\/2016\/07\/09\/operation-antiterroriste-de-mnihla-29-suspects-ecroues-et-19-liberes\/#primaryimage"},"thumbnailUrl":"http:\/\/kapitalis.com\/tunisie\/wp-content\/uploads\/2016\/05\/mnihla-arrestation-terroriste.jpg","keywords":["Daech","juge","Mnihla","suspects","Syndicat police","terroristes"],"articleSection":["SOCIETE","Tunisie"],"inLanguage":"fr-FR","potentialAction":[{"@type":"CommentAction","name":"Comment","target":["https:\/\/kapitalis.com\/tunisie\/2016\/07\/09\/operation-antiterroriste-de-mnihla-29-suspects-ecroues-et-19-liberes\/#respond"]}]},{"@type":"WebPage","@id":"https:\/\/kapitalis.com\/tunisie\/2016\/07\/09\/operation-antiterroriste-de-mnihla-29-suspects-ecroues-et-19-liberes\/","url":"https:\/\/kapitalis.com\/tunisie\/2016\/07\/09\/operation-antiterroriste-de-mnihla-29-suspects-ecroues-et-19-liberes\/","name":"Op\u00e9ration antiterroriste de Mnihla : 29 suspects \u00e9crou\u00e9s et 19 lib\u00e9r\u00e9s - Kapitalis","isPartOf":{"@id":"https:\/\/kapitalis.com\/tunisie\/#website"},"primaryImageOfPage":{"@id":"https:\/\/kapitalis.com\/tunisie\/2016\/07\/09\/operation-antiterroriste-de-mnihla-29-suspects-ecroues-et-19-liberes\/#primaryimage"},"image":{"@id":"https:\/\/kapitalis.com\/tunisie\/2016\/07\/09\/operation-antiterroriste-de-mnihla-29-suspects-ecroues-et-19-liberes\/#primaryimage"},"thumbnailUrl":"http:\/\/kapitalis.com\/tunisie\/wp-content\/uploads\/2016\/05\/mnihla-arrestation-terroriste.jpg","datePublished":"2016-07-09T12:24:57+00:00","breadcrumb":{"@id":"https:\/\/kapitalis.com\/tunisie\/2016\/07\/09\/operation-antiterroriste-de-mnihla-29-suspects-ecroues-et-19-liberes\/#breadcrumb"},"inLanguage":"fr-FR","potentialAction":[{"@type":"ReadAction","target":["https:\/\/kapitalis.com\/tunisie\/2016\/07\/09\/operation-antiterroriste-de-mnihla-29-suspects-ecroues-et-19-liberes\/"]}]},{"@type":"ImageObject","inLanguage":"fr-FR","@id":"https:\/\/kapitalis.com\/tunisie\/2016\/07\/09\/operation-antiterroriste-de-mnihla-29-suspects-ecroues-et-19-liberes\/#primaryimage","url":"http:\/\/kapitalis.com\/tunisie\/wp-content\/uploads\/2016\/05\/mnihla-arrestation-terroriste.jpg","contentUrl":"http:\/\/kapitalis.com\/tunisie\/wp-content\/uploads\/2016\/05\/mnihla-arrestation-terroriste.jpg"},{"@type":"BreadcrumbList","@id":"https:\/\/kapitalis.com\/tunisie\/2016\/07\/09\/operation-antiterroriste-de-mnihla-29-suspects-ecroues-et-19-liberes\/#breadcrumb","itemListElement":[{"@type":"ListItem","position":1,"name":"Accueil","item":"https:\/\/kapitalis.com\/tunisie\/"},{"@type":"ListItem","position":2,"name":"Op\u00e9ration antiterroriste de Mnihla : 29 suspects \u00e9crou\u00e9s et 19 lib\u00e9r\u00e9s"}]},{"@type":"WebSite","@id":"https:\/\/kapitalis.com\/tunisie\/#website","url":"https:\/\/kapitalis.com\/tunisie\/","name":"Kapitalis","description":"L&#039;actualit\u00e9 en Tunisie et dans le monde","publisher":{"@id":"https:\/\/kapitalis.com\/tunisie\/#organization"},"potentialAction":[{"@type":"SearchAction","target":{"@type":"EntryPoint","urlTemplate":"https:\/\/kapitalis.com\/tunisie\/?s={search_term_string}"},"query-input":{"@type":"PropertyValueSpecification","valueRequired":true,"valueName":"search_term_string"}}],"inLanguage":"fr-FR"},{"@type":"Organization","@id":"https:\/\/kapitalis.com\/tunisie\/#organization","name":"Kapitalis","url":"https:\/\/kapitalis.com\/tunisie\/","logo":{"@type":"ImageObject","inLanguage":"fr-FR","@id":"https:\/\/kapitalis.com\/tunisie\/#\/schema\/logo\/image\/","url":"https:\/\/kapitalis.com\/tunisie\/wp-content\/uploads\/2022\/05\/Kapitalis-big-size.png","contentUrl":"https:\/\/kapitalis.com\/tunisie\/wp-content\/uploads\/2022\/05\/Kapitalis-big-size.png","width":5000,"height":1500,"caption":"Kapitalis"},"image":{"@id":"https:\/\/kapitalis.com\/tunisie\/#\/schema\/logo\/image\/"},"sameAs":["https:\/\/www.facebook.com\/KapitalisInfo\/","https:\/\/x.com\/KapitalisInfo","https:\/\/www.youtube.com\/channel\/UC-yDYrHyfFBWWZaOw3FPg9Q"]},{"@type":"Person","@id":"https:\/\/kapitalis.com\/tunisie\/#\/schema\/person\/74bbde0154d49d790a92aaeac5bc01d5","name":"Yusra NY","url":"https:\/\/kapitalis.com\/tunisie\/author\/yuza_adam\/"}]}},"_links":{"self":[{"href":"https:\/\/kapitalis.com\/tunisie\/wp-json\/wp\/v2\/posts\/57262","targetHints":{"allow":["GET"]}}],"collection":[{"href":"https:\/\/kapitalis.com\/tunisie\/wp-json\/wp\/v2\/posts"}],"about":[{"href":"https:\/\/kapitalis.com\/tunisie\/wp-json\/wp\/v2\/types\/post"}],"author":[{"embeddable":true,"href":"https:\/\/kapitalis.com\/tunisie\/wp-json\/wp\/v2\/users\/6"}],"replies":[{"embeddable":true,"href":"https:\/\/kapitalis.com\/tunisie\/wp-json\/wp\/v2\/comments?post=57262"}],"version-history":[{"count":0,"href":"https:\/\/kapitalis.com\/tunisie\/wp-json\/wp\/v2\/posts\/57262\/revisions"}],"wp:attachment":[{"href":"https:\/\/kapitalis.com\/tunisie\/wp-json\/wp\/v2\/media?parent=57262"}],"wp:term":[{"taxonomy":"category","embeddable":true,"href":"https:\/\/kapitalis.com\/tunisie\/wp-json\/wp\/v2\/categories?post=57262"},{"taxonomy":"post_tag","embeddable":true,"href":"https:\/\/kapitalis.com\/tunisie\/wp-json\/wp\/v2\/tags?post=57262"}],"curies":[{"name":"wp","href":"https:\/\/api.w.org\/{rel}","templated":true}]}}