{"id":5744770,"date":"2022-12-19T08:08:12","date_gmt":"2022-12-19T07:08:12","guid":{"rendered":"https:\/\/kapitalis.com\/tunisie\/?p=5744770"},"modified":"2022-12-19T08:08:14","modified_gmt":"2022-12-19T07:08:14","slug":"legislatives-en-tunisie-le-peuple-nen-peut-plus","status":"publish","type":"post","link":"https:\/\/kapitalis.com\/tunisie\/2022\/12\/19\/legislatives-en-tunisie-le-peuple-nen-peut-plus\/","title":{"rendered":"L\u00e9gislatives en Tunisie\u00a0: le peuple n\u2019en peut plus !"},"content":{"rendered":"\n<p><strong><em>Bis repetita, la Tunisie du Printemps arabe tangue de nouveau! Les \u00e9lections l\u00e9gislatives organis\u00e9es le 17 d\u00e9cembre 2022 ont \u00e9t\u00e9 magistralement boud\u00e9es, moins de 9% des \u00e9lecteurs inscrits ont vot\u00e9. Une abstention qui traduit toute la d\u00e9ception et toute la d\u00e9fiance populaire au syst\u00e8me populiste et autoritaire, instaur\u00e9 par le pr\u00e9sident Ka\u00efs Sa\u00efed. D\u00e9cryptage\u2026<\/em><\/strong><\/p>\n\n\n\n<p>Par <strong>Moktar Lamari <\/strong>*<\/p>\n\n\n\n<!--more-->\n\n\n<div class=\"wp-block-image\">\n<figure class=\"alignleft size-full is-resized\"><img decoding=\"async\" src=\"http:\/\/kapitalis.com\/tunisie\/wp-content\/uploads\/2019\/10\/Moktar-Lamari.jpg\" alt=\"\" class=\"wp-image-246439\" width=\"200\"\/><\/figure>\n<\/div>\n\n\n<p>Toute une r\u00e9ponse populaire au pr\u00e9sident Ka\u00efs Sa\u00efed qui r\u00e8gne en ma\u00eetre absolu depuis le 25 juillet 2021.<\/p>\n\n\n\n<p>Par ce niveau d\u2019abstention (8,8%), l\u2019opposition exige d\u00e9sormais son d\u00e9part imm\u00e9diatement. On lui reproche son incomp\u00e9tence patente et dangereuse dans les dossiers \u00e9conomiques. Le pays est quasiment en faillite, et sans un accord de sauvetage avec le FMI, il fera banqueroute.<\/p>\n\n\n\n<p>Avec ces \u00e9lections, tout indique que la Tunisie renoue avec son instabilit\u00e9 politique, 13 gouvernements depuis 2011, avec plus de 560 ministres, un millier de d\u00e9put\u00e9s et 4 pr\u00e9sidents. Le pr\u00e9sident Ka\u00efs Sa\u00efed et la cheffe de gouvernement Najla Bouden doivent tirer leurs conclusions au regard de la d\u00e9saffection populaire des \u00e9lections l\u00e9gislatives tenues ce 17 d\u00e9cembre, douzi\u00e8me anniversaire du le R\u00e9volte du Jasmin.<\/p>\n\n\n\n<p>Le verdict des urnes vides est limpide et sanglant: on ne peut pas g\u00e9rer l\u00e9gitimement un pays et r\u00e9former douloureusement son \u00e9conomie et r\u00e9nover ses institutions avec 8% de votes aux \u00e9lections l\u00e9gislatives.<\/p>\n\n\n\n<h2 class=\"wp-block-heading\">Ils ont vot\u00e9 par les pieds<\/h2>\n\n\n\n<p>Quand il a fait sa campagne \u00e9lectorale pour les pr\u00e9sidentielles, Ka\u00efs Sa\u00efed n\u2019avait pas en main un programme \u00e9conomique \u00e0 proprement parl\u00e9. Il se limitait \u00e0 dire que mon programme \u00e9conomique se r\u00e9sume par le slogan <em>\u00abJe ferai ce que le peuple veut\u00bb<\/em>!<\/p>\n\n\n\n<p>Trois ans au pouvoir, et pas besoin de dire que le pr\u00e9sident a trahi l\u2019essentiel de ses promesses: emplois, pourvoir d\u2019achat et prosp\u00e9rit\u00e9. Les 92% de taux d\u2019abstention raisonnent comme un niet populaire, qui dit en substance&nbsp;: on n\u2019en veut plus et on n\u2019en peut plus du syst\u00e8me Sa\u00efed.<\/p>\n\n\n\n<p>Une rupture de confiance et tout un camouflet! D\u00e9cid\u00e9ment, le peuple veut changer d\u2019attelage, ne faisant plus confiance au pr\u00e9sident en poste et son syst\u00e8me g\u00e9n\u00e9rateur de pauvret\u00e9 et de d\u00e9sespoir.<\/p>\n\n\n\n<p>Pas besoin de dire que ce pr\u00e9sident a fait comme ses pr\u00e9d\u00e9cesseurs de l\u2019\u00e8re du post-2011. Il s\u2019est dop\u00e9 de la dette, a maintenu les rapports de force, a laiss\u00e9 faire les gaspillages et la corruption au sein de l\u2019Etat, sans rien r\u00e9former et sans rien am\u00e9liorer de concret pour le niveau de vie des citoyens. Il a incarn\u00e9 le pouvoir pour le pouvoir\u2026<\/p>\n\n\n\n<p>Avec un tel taux de participation aux \u00e9lections l\u00e9gislatives (8,8%), la Tunisie de Kais Sa\u00efed bat un record mondial dans le registre des taux d\u2019abstention aux \u00e9lections l\u00e9gislatives, dans les pays d\u00e9mocratiques et se revendiquant d\u00e9mocrates.<\/p>\n\n\n\n<p>Le message venant des \u00e9lecteurs qui sont rest\u00e9s \u00e0 la maison au lieu d\u2019aller voter est \u00e9tourdissant, assourdissant. Il est lourd de signification et charg\u00e9 de non-dits.<\/p>\n\n\n\n<figure class=\"wp-block-embed is-type-wp-embed is-provider-kapitalis wp-block-embed-kapitalis\"><div class=\"wp-block-embed__wrapper\">\n<blockquote class=\"wp-embedded-content\" data-secret=\"JZBT3w9tla\"><a href=\"https:\/\/kapitalis.com\/tunisie\/2022\/12\/19\/la-tunisie-bat-un-mauvais-record-mondial-une-abstention-aux-elections-de-912\/\">La Tunisie bat un (mauvais) record mondial\u00a0: une abstention aux \u00e9lections\u00a0de 91,2%<\/a><\/blockquote><iframe loading=\"lazy\" class=\"wp-embedded-content\" sandbox=\"allow-scripts\" security=\"restricted\" style=\"position: absolute; clip: rect(1px, 1px, 1px, 1px);\" title=\"\u00ab\u00a0La Tunisie bat un (mauvais) record mondial\u00a0: une abstention aux \u00e9lections\u00a0de 91,2%\u00a0\u00bb &#8212; Kapitalis\" src=\"https:\/\/kapitalis.com\/tunisie\/2022\/12\/19\/la-tunisie-bat-un-mauvais-record-mondial-une-abstention-aux-elections-de-912\/embed\/#?secret=DAi3bdaoM3#?secret=JZBT3w9tla\" data-secret=\"JZBT3w9tla\" width=\"600\" height=\"338\" frameborder=\"0\" marginwidth=\"0\" marginheight=\"0\" scrolling=\"no\"><\/iframe>\n<\/div><\/figure>\n\n\n\n<p>Lors de ces l\u00e9gislatives, les Tunisiens et les Tunisiennes ont vot\u00e9 par les pieds, ne voulant plus cautionner ceux qui promettent monts et merveilles et d\u00e9livrent \u00e0 la place mis\u00e8re, instabilit\u00e9 et pr\u00e9carit\u00e9. Les bonnes paroles et les diatribes ne nourrissent pas les ventres creux. Et ne font pas des enfants en sant\u00e9.<\/p>\n\n\n\n<h2 class=\"wp-block-heading\">Il n\u2019a rien compris \u00e0 l\u2019\u00e9conomie<\/h2>\n\n\n\n<p>Le message des abstentionnistes de ces \u00e9lections l\u00e9gislatives trouve son essence dans l\u2019\u00e9chec \u00e9conomique d\u2019un pr\u00e9sident qui n\u2019a pas de vision coh\u00e9rente, qui est n\u00e9gationniste de l\u2019\u00e9conomique et irr\u00e9aliste dans ses promesses et projets.<\/p>\n\n\n\n<p>Son projet se r\u00e9sume en deux mots clefs, complotisme et pens\u00e9e magique. Il investit dans le complotisme pour accuser les autres (sp\u00e9culateurs, ennemis, etc.), entre autres de ses \u00e9checs et toutes les p\u00e9nuries qui ravagent le pays. Il cultive la pens\u00e9e magique pour dire que gr\u00e2ce \u00e0 lui, la Tunisie va r\u00e9cup\u00e9rer des <em>\u00abmilliards de milliards de dinars\u00bb<\/em> des banques suisses\u2026 ces <em>\u00abfortunes imaginaires\u00bb<\/em> vol\u00e9es \u00e0 la Tunisie par les politiciens tunisiens.<\/p>\n\n\n\n<p>Un fana de la logique fond\u00e9e sur le <em>wishfull thinking<\/em>, une rh\u00e9torique insens\u00e9e qui se limite au discours et qui ne change rien au quotidien des gens.<\/p>\n\n\n\n<p>Le pr\u00e9sident ne dispose pas de programme \u00e9conomique qui peut g\u00e9n\u00e9rer la prosp\u00e9rit\u00e9. Or, un leader qui ne prend pas de risques pour r\u00e9former et pour cr\u00e9er la richesse ne pourra pas cr\u00e9er l\u2019espoir et m\u00e9riter la confiance.<\/p>\n\n\n\n<p>L\u2019\u00e9chec du pr\u00e9sident Ka\u00efs Sa\u00efed est patent sur tous les fronts de l\u2019\u00e9conomique, du mon\u00e9taire et du budg\u00e9taire. C\u2019est la paup\u00e9risation des citoyens qui est en cause et qui nourrit autant de m\u00e9pris et de d\u00e9saffection du discours politique et de l\u2019inaction \u00e9conomique.<\/p>\n\n\n\n<p>On se rappelle de cette formule prononc\u00e9e, il y a plus de 20 ans, par Bill Clinton face \u00e0 son adversaire aux \u00e9lections, avec un <em>wording<\/em> cru : <em>\u00abIt\u2019s the economy stupid!\u00bb<\/em><\/p>\n\n\n\n<p>C\u2019est l\u2019\u00e9chec sur le front \u00e9conomique qui explique autant de d\u00e9saffection et d\u00e9ception du monde politique. Un tel \u00e9chec \u00e9rode la l\u00e9gitimit\u00e9 et mine la cr\u00e9dibilit\u00e9 requises pour gouverner, pour r\u00e9former et pour mobiliser.<\/p>\n\n\n\n<p>Le verdict de 8,8% de participation aux \u00e9lections l\u00e9gislatives ne peut aucunement l\u00e9gitimer les r\u00e9formes structurelles requises par le FMI pour sauver un pays de sa banqueroute. On comprend un peu mieux le r\u00e9trop\u00e9dalage du FMI qui ne veut pas cautionner un r\u00e9gime qui m\u00e8ne le pays \u00e0 la banqueroute.<\/p>\n\n\n\n<p>Les citoyens ne signent jamais un ch\u00e8que en blanc! M\u00eame les moins \u00e9duqu\u00e9s et les plus na\u00effs, sont dans une certaine mesure rationnels et coh\u00e9rents dans leur d\u00e9cision, dans leur vote et dans leur abstention.<\/p>\n\n\n\n<h2 class=\"wp-block-heading\">Autoritarisme vernis de populisme<\/h2>\n\n\n\n<p>Le forcing engag\u00e9 par le pr\u00e9sident Ka\u00efs Sa\u00efed, le 25 juillet 2021, \u00e9tait pourtant bien parti, n\u00e9cessaire et bien accueilli par la Tunisie dans son ensemble, tous esp\u00e9raient se d\u00e9barrasser des islamistes et de leurs alli\u00e9s v\u00e9reux.<\/p>\n\n\n\n<p>Tout \u00e9tait permis et bienvenus : limogeages \u00e0 grande \u00e9chelle, le premier ministre, les ministres, certains maires, d\u00e9put\u00e9s du parlement, de mani\u00e8re manu militaire pour faire taire, pour d\u00e9faire et cadenasser toutes certaines institutions infest\u00e9es par la corruption et le bakchich.<\/p>\n\n\n\n<figure class=\"wp-block-embed is-type-wp-embed is-provider-kapitalis wp-block-embed-kapitalis\"><div class=\"wp-block-embed__wrapper\">\n<blockquote class=\"wp-embedded-content\" data-secret=\"fp5vWSrdcK\"><a href=\"https:\/\/kapitalis.com\/tunisie\/2022\/12\/18\/les-tunisiens-ne-veulent-plus-de-kais-saied\/\">Les Tunisiens ne veulent plus de Ka\u00efs Sa\u00efed<\/a><\/blockquote><iframe loading=\"lazy\" class=\"wp-embedded-content\" sandbox=\"allow-scripts\" security=\"restricted\" style=\"position: absolute; clip: rect(1px, 1px, 1px, 1px);\" title=\"\u00ab\u00a0Les Tunisiens ne veulent plus de Ka\u00efs Sa\u00efed\u00a0\u00bb &#8212; Kapitalis\" src=\"https:\/\/kapitalis.com\/tunisie\/2022\/12\/18\/les-tunisiens-ne-veulent-plus-de-kais-saied\/embed\/#?secret=vC1IpQ4Hff#?secret=fp5vWSrdcK\" data-secret=\"fp5vWSrdcK\" width=\"600\" height=\"338\" frameborder=\"0\" marginwidth=\"0\" marginheight=\"0\" scrolling=\"no\"><\/iframe>\n<\/div><\/figure>\n\n\n\n<p>Les \u00e9lecteurs, les Tunisiens et les Tunisiennes sont peut-\u00eatre na\u00effs, mais pas \u00e0 ce point. Ils ont vite compris le jeu du pr\u00e9sident Sa\u00efed qui ne fait qu\u2019\u00e0 sa t\u00eate et voulait se doter d\u2019un parlement fantoche, factice et des \u00e9lus marionnettes qu\u2019il peut manipuler \u00e0 gr\u00e9 pour ses desseins et surtout pour renforcer son pouvoir autoritaire et populiste.<\/p>\n\n\n\n<p>Les citoyens ont enfin compris que le locataire du palais de Carthage ne pigeait rien \u00e0 l\u2019\u00e9conomique, et il ne fait que saccager la valeur du dinar et sacrifier le pouvoir d\u2019achat du citoyen avec.<\/p>\n\n\n\n<h2 class=\"wp-block-heading\">Un bilan \u00e9conomique catastrophique<\/h2>\n\n\n\n<p>Depuis que Ka\u00efs Sa\u00efed est au pouvoir (2019), le dinar a perdu 25% de sa valeur, et le pouvoir d\u2019achat s\u2019est \u00e9tiol\u00e9 de presque 55%. Les taux d\u2019int\u00e9r\u00eat nominaux ont doubl\u00e9, l\u2019investissement s\u2019est effondr\u00e9 et la pauvret\u00e9 s\u2019est r\u00e9pandue comme feu de brousse. Le ch\u00f4mage s\u2019est incrust\u00e9 dans le paysage politique au grand d\u00e9sarroi des dipl\u00f4m\u00e9s et des jeunes qui ont tout mis dans leur projet \u00e9ducatif.<\/p>\n\n\n\n<p>La Tunisie est aujourd\u2019hui plus pauvre qu\u2019en 2010. Mesur\u00e9 en revenu per capita (en $ constant), le Tunisien lambda gagne en moyenne 10% de moins qu\u2019en 2010. Une d\u00e9cennie de paup\u00e9risation et de gouvernance d\u2019amateurs, peu soucieux du citoyen et de son pouvoir d\u2019achat.<\/p>\n\n\n\n<p>Un v\u00e9ritable exodus s\u2019est d\u00e9clench\u00e9 et se renforce \u00e0 chaque jour, dans l\u2019indiff\u00e9rence du pr\u00e9sident.<\/p>\n\n\n\n<p>Quasiment 30 000 citoyens quittent le pays annuellement, surtout de fa\u00e7on clandestine et p\u00e9rilleuse pour leur vie. Des centaines de jeunes tunisiens meurent noy\u00e9s annuellement lors de ces \u00e9preuves migratoires, leurs cadavres d\u00e9vor\u00e9s par les poissons, perdus \u00e0 jamais.<\/p>\n\n\n\n<p>L\u2019ins\u00e9curit\u00e9 s\u2019est g\u00e9n\u00e9ralis\u00e9e, avec un lourd tribut support\u00e9 par les femmes, elles sont violent\u00e9es comme jamais ailleurs dans le monde.<\/p>\n\n\n\n<p>Les services publics laissent \u00e0 d\u00e9sirer, presque 100 000 jeunes d\u00e9crochent de l\u2019\u00e9cole annuellement. Les infrastructures se d\u00e9labrent de mani\u00e8re inqui\u00e9tante, au vu au su de tous les d\u00e9cideurs.<\/p>\n\n\n\n<p>Avec en prime, les p\u00e9nuries de m\u00e9dicaments, de lait, de sucre, d\u2019essence, pains, riz, de mat\u00e9riaux de construction, sans parler des taxes qui explosent et qui poussent les capitaux \u00e0 se r\u00e9fugier dans le secteur informel, qui embrasse d\u00e9sormais plus de 45% du produit int\u00e9rieur brut cr\u00e9\u00e9 par la Tunisie.<\/p>\n\n\n\n<p>Les jeunes ne veulent pas voter pour le syst\u00e8me Sa\u00efed, ils ne veulent plus cautionner des chim\u00e8res et ch\u00e2teaux de cartes&nbsp;: 70% d\u2019entre eux ne pensent qu\u2019\u00e0 l\u2019exodus et aux prochaines opportunit\u00e9s pour rejoindre l\u2019Europe.<\/p>\n\n\n\n<p>Le bilan de Ka\u00efs Sa\u00efed est criant! Il est devant nos yeux, les 92% d\u2019abstention sont le reflet d\u2019un bilan qui laisse \u00e0 d\u00e9sirer.<\/p>\n\n\n\n<p>Cela dit, le pr\u00e9sident a aussi voulu d\u00e9crocher les \u00e9lections l\u00e9gislatives des d\u00e9bats sur les choix, enjeux et d\u00e9fis \u00e9conomiques des programmes des candidats aux \u00e9lections. Et cela explique largement le fort taux d\u2019abstention au pr\u00e9sent scrutin. On vote pour des projets, des id\u00e9es et pas pour des noms parachut\u00e9s par le concours de circonstances.<\/p>\n\n\n\n<p>Vivement que \u00e7a change et vivement que la Tunisie retrouve le chemin de la prosp\u00e9rit\u00e9 \u00e9conomique, le reste vient avec! Les jeunes et les moins jeunes veulent des emplois, un revenu d\u00e9cent. Ils ne veulent pas que la Tunisie fasse faillite dans les prochains mois ou semaines.<\/p>\n\n\n\n<p>Le juridisme verbeux de Ka\u00efs Sa\u00efed est d\u00e9magogique, et m\u00e8ne la Tunisie droit dans le mur. Ce juridisme primaire ne pourra aucunement constituer une fin en soi, pour g\u00e9n\u00e9rer la prosp\u00e9rit\u00e9 et le progr\u00e8s en Tunisie. <\/p>\n\n\n\n<p><em>Economiste universitaire au Canada.<\/em><\/p>\n","protected":false},"excerpt":{"rendered":"<p>Moins de 9% des Tunisiens inscrits ont vot\u00e9 aux l\u00e9gislatives. Une abstention qui traduit toute la d\u00e9ception et toute la d\u00e9fiance populaire au syst\u00e8me populiste et autoritaire de Ka\u00efs Sa\u00efed. <\/p>\n","protected":false},"author":8,"featured_media":5744819,"comment_status":"open","ping_status":"open","sticky":false,"template":"","format":"standard","meta":{"footnotes":""},"categories":[992,995,997,1000,2433],"tags":[388,76012,9031,68595,93702,62643],"class_list":["post-5744770","post","type-post","status-publish","format-standard","has-post-thumbnail","hentry","category-a-la-une","category-economie","category-politique","category-tribune","category-tunisie","tag-fmi","tag-kais-saied-2","tag-legislatives","tag-moktar-lamari","tag-najla-bouden","tag-tunisie"],"yoast_head":"<!-- This site is optimized with the Yoast SEO plugin v26.6 - https:\/\/yoast.com\/wordpress\/plugins\/seo\/ -->\n<title>L\u00e9gislatives en Tunisie\u00a0: le peuple n\u2019en peut plus ! - Kapitalis<\/title>\n<meta name=\"robots\" content=\"index, follow, max-snippet:-1, max-image-preview:large, max-video-preview:-1\" \/>\n<link rel=\"canonical\" href=\"https:\/\/kapitalis.com\/tunisie\/2022\/12\/19\/legislatives-en-tunisie-le-peuple-nen-peut-plus\/\" \/>\n<meta property=\"og:locale\" content=\"fr_FR\" \/>\n<meta property=\"og:type\" content=\"article\" \/>\n<meta property=\"og:title\" content=\"L\u00e9gislatives en Tunisie\u00a0: le peuple n\u2019en peut plus ! - Kapitalis\" \/>\n<meta property=\"og:description\" content=\"Moins de 9% des Tunisiens inscrits ont vot\u00e9 aux l\u00e9gislatives. Une abstention qui traduit toute la d\u00e9ception et toute la d\u00e9fiance populaire au syst\u00e8me populiste et autoritaire de Ka\u00efs Sa\u00efed.\" \/>\n<meta property=\"og:url\" content=\"https:\/\/kapitalis.com\/tunisie\/2022\/12\/19\/legislatives-en-tunisie-le-peuple-nen-peut-plus\/\" \/>\n<meta property=\"og:site_name\" content=\"Kapitalis\" \/>\n<meta property=\"article:publisher\" content=\"https:\/\/www.facebook.com\/KapitalisInfo\/\" \/>\n<meta property=\"article:published_time\" content=\"2022-12-19T07:08:12+00:00\" \/>\n<meta property=\"article:modified_time\" content=\"2022-12-19T07:08:14+00:00\" \/>\n<meta property=\"og:image\" content=\"https:\/\/kapitalis.com\/tunisie\/wp-content\/uploads\/2022\/12\/Kais-Saied-Legislatives-2022.jpg\" \/>\n\t<meta property=\"og:image:width\" content=\"1200\" \/>\n\t<meta property=\"og:image:height\" content=\"630\" \/>\n\t<meta property=\"og:image:type\" content=\"image\/jpeg\" \/>\n<meta name=\"author\" content=\"webmaster kapitalis\" \/>\n<meta name=\"twitter:card\" content=\"summary_large_image\" \/>\n<meta name=\"twitter:creator\" content=\"@KapitalisInfo\" \/>\n<meta name=\"twitter:site\" content=\"@KapitalisInfo\" \/>\n<meta name=\"twitter:label1\" content=\"\u00c9crit par\" \/>\n\t<meta name=\"twitter:data1\" content=\"webmaster kapitalis\" \/>\n\t<meta name=\"twitter:label2\" content=\"Dur\u00e9e de lecture estim\u00e9e\" \/>\n\t<meta name=\"twitter:data2\" content=\"9 minutes\" \/>\n<script type=\"application\/ld+json\" class=\"yoast-schema-graph\">{\"@context\":\"https:\/\/schema.org\",\"@graph\":[{\"@type\":\"Article\",\"@id\":\"https:\/\/kapitalis.com\/tunisie\/2022\/12\/19\/legislatives-en-tunisie-le-peuple-nen-peut-plus\/#article\",\"isPartOf\":{\"@id\":\"https:\/\/kapitalis.com\/tunisie\/2022\/12\/19\/legislatives-en-tunisie-le-peuple-nen-peut-plus\/\"},\"author\":{\"name\":\"webmaster kapitalis\",\"@id\":\"https:\/\/kapitalis.com\/tunisie\/#\/schema\/person\/d71f33a9ca44f7bad4698210b480c8e9\"},\"headline\":\"L\u00e9gislatives en Tunisie\u00a0: le peuple n\u2019en peut plus !\",\"datePublished\":\"2022-12-19T07:08:12+00:00\",\"dateModified\":\"2022-12-19T07:08:14+00:00\",\"mainEntityOfPage\":{\"@id\":\"https:\/\/kapitalis.com\/tunisie\/2022\/12\/19\/legislatives-en-tunisie-le-peuple-nen-peut-plus\/\"},\"wordCount\":1764,\"commentCount\":3,\"publisher\":{\"@id\":\"https:\/\/kapitalis.com\/tunisie\/#organization\"},\"image\":{\"@id\":\"https:\/\/kapitalis.com\/tunisie\/2022\/12\/19\/legislatives-en-tunisie-le-peuple-nen-peut-plus\/#primaryimage\"},\"thumbnailUrl\":\"https:\/\/kapitalis.com\/tunisie\/wp-content\/uploads\/2022\/12\/Kais-Saied-Legislatives-2022.jpg\",\"keywords\":[\"FMI\",\"Ka\u00efs Sa\u00efed\",\"l\u00e9gislatives\",\"Moktar Lamari\",\"Najla Bouden\",\"Tunisie\"],\"articleSection\":[\"A LA UNE\",\"ECONOMIE\",\"POLITIQUE\",\"TRIBUNE\",\"Tunisie\"],\"inLanguage\":\"fr-FR\",\"potentialAction\":[{\"@type\":\"CommentAction\",\"name\":\"Comment\",\"target\":[\"https:\/\/kapitalis.com\/tunisie\/2022\/12\/19\/legislatives-en-tunisie-le-peuple-nen-peut-plus\/#respond\"]}]},{\"@type\":\"WebPage\",\"@id\":\"https:\/\/kapitalis.com\/tunisie\/2022\/12\/19\/legislatives-en-tunisie-le-peuple-nen-peut-plus\/\",\"url\":\"https:\/\/kapitalis.com\/tunisie\/2022\/12\/19\/legislatives-en-tunisie-le-peuple-nen-peut-plus\/\",\"name\":\"L\u00e9gislatives en Tunisie\u00a0: le peuple n\u2019en peut plus ! - Kapitalis\",\"isPartOf\":{\"@id\":\"https:\/\/kapitalis.com\/tunisie\/#website\"},\"primaryImageOfPage\":{\"@id\":\"https:\/\/kapitalis.com\/tunisie\/2022\/12\/19\/legislatives-en-tunisie-le-peuple-nen-peut-plus\/#primaryimage\"},\"image\":{\"@id\":\"https:\/\/kapitalis.com\/tunisie\/2022\/12\/19\/legislatives-en-tunisie-le-peuple-nen-peut-plus\/#primaryimage\"},\"thumbnailUrl\":\"https:\/\/kapitalis.com\/tunisie\/wp-content\/uploads\/2022\/12\/Kais-Saied-Legislatives-2022.jpg\",\"datePublished\":\"2022-12-19T07:08:12+00:00\",\"dateModified\":\"2022-12-19T07:08:14+00:00\",\"breadcrumb\":{\"@id\":\"https:\/\/kapitalis.com\/tunisie\/2022\/12\/19\/legislatives-en-tunisie-le-peuple-nen-peut-plus\/#breadcrumb\"},\"inLanguage\":\"fr-FR\",\"potentialAction\":[{\"@type\":\"ReadAction\",\"target\":[\"https:\/\/kapitalis.com\/tunisie\/2022\/12\/19\/legislatives-en-tunisie-le-peuple-nen-peut-plus\/\"]}]},{\"@type\":\"ImageObject\",\"inLanguage\":\"fr-FR\",\"@id\":\"https:\/\/kapitalis.com\/tunisie\/2022\/12\/19\/legislatives-en-tunisie-le-peuple-nen-peut-plus\/#primaryimage\",\"url\":\"https:\/\/kapitalis.com\/tunisie\/wp-content\/uploads\/2022\/12\/Kais-Saied-Legislatives-2022.jpg\",\"contentUrl\":\"https:\/\/kapitalis.com\/tunisie\/wp-content\/uploads\/2022\/12\/Kais-Saied-Legislatives-2022.jpg\",\"width\":1200,\"height\":630},{\"@type\":\"BreadcrumbList\",\"@id\":\"https:\/\/kapitalis.com\/tunisie\/2022\/12\/19\/legislatives-en-tunisie-le-peuple-nen-peut-plus\/#breadcrumb\",\"itemListElement\":[{\"@type\":\"ListItem\",\"position\":1,\"name\":\"Accueil\",\"item\":\"https:\/\/kapitalis.com\/tunisie\/\"},{\"@type\":\"ListItem\",\"position\":2,\"name\":\"L\u00e9gislatives en Tunisie\u00a0: le peuple n\u2019en peut plus !\"}]},{\"@type\":\"WebSite\",\"@id\":\"https:\/\/kapitalis.com\/tunisie\/#website\",\"url\":\"https:\/\/kapitalis.com\/tunisie\/\",\"name\":\"Kapitalis\",\"description\":\"L&#039;actualit\u00e9 en Tunisie et dans le monde\",\"publisher\":{\"@id\":\"https:\/\/kapitalis.com\/tunisie\/#organization\"},\"potentialAction\":[{\"@type\":\"SearchAction\",\"target\":{\"@type\":\"EntryPoint\",\"urlTemplate\":\"https:\/\/kapitalis.com\/tunisie\/?s={search_term_string}\"},\"query-input\":{\"@type\":\"PropertyValueSpecification\",\"valueRequired\":true,\"valueName\":\"search_term_string\"}}],\"inLanguage\":\"fr-FR\"},{\"@type\":\"Organization\",\"@id\":\"https:\/\/kapitalis.com\/tunisie\/#organization\",\"name\":\"Kapitalis\",\"url\":\"https:\/\/kapitalis.com\/tunisie\/\",\"logo\":{\"@type\":\"ImageObject\",\"inLanguage\":\"fr-FR\",\"@id\":\"https:\/\/kapitalis.com\/tunisie\/#\/schema\/logo\/image\/\",\"url\":\"https:\/\/kapitalis.com\/tunisie\/wp-content\/uploads\/2022\/05\/Kapitalis-big-size.png\",\"contentUrl\":\"https:\/\/kapitalis.com\/tunisie\/wp-content\/uploads\/2022\/05\/Kapitalis-big-size.png\",\"width\":5000,\"height\":1500,\"caption\":\"Kapitalis\"},\"image\":{\"@id\":\"https:\/\/kapitalis.com\/tunisie\/#\/schema\/logo\/image\/\"},\"sameAs\":[\"https:\/\/www.facebook.com\/KapitalisInfo\/\",\"https:\/\/x.com\/KapitalisInfo\",\"https:\/\/www.youtube.com\/channel\/UC-yDYrHyfFBWWZaOw3FPg9Q\"]},{\"@type\":\"Person\",\"@id\":\"https:\/\/kapitalis.com\/tunisie\/#\/schema\/person\/d71f33a9ca44f7bad4698210b480c8e9\",\"name\":\"webmaster kapitalis\",\"url\":\"https:\/\/kapitalis.com\/tunisie\/author\/webmaster-kapitalis\/\"}]}<\/script>\n<!-- \/ Yoast SEO plugin. -->","yoast_head_json":{"title":"L\u00e9gislatives en Tunisie\u00a0: le peuple n\u2019en peut plus ! - Kapitalis","robots":{"index":"index","follow":"follow","max-snippet":"max-snippet:-1","max-image-preview":"max-image-preview:large","max-video-preview":"max-video-preview:-1"},"canonical":"https:\/\/kapitalis.com\/tunisie\/2022\/12\/19\/legislatives-en-tunisie-le-peuple-nen-peut-plus\/","og_locale":"fr_FR","og_type":"article","og_title":"L\u00e9gislatives en Tunisie\u00a0: le peuple n\u2019en peut plus ! - Kapitalis","og_description":"Moins de 9% des Tunisiens inscrits ont vot\u00e9 aux l\u00e9gislatives. Une abstention qui traduit toute la d\u00e9ception et toute la d\u00e9fiance populaire au syst\u00e8me populiste et autoritaire de Ka\u00efs Sa\u00efed.","og_url":"https:\/\/kapitalis.com\/tunisie\/2022\/12\/19\/legislatives-en-tunisie-le-peuple-nen-peut-plus\/","og_site_name":"Kapitalis","article_publisher":"https:\/\/www.facebook.com\/KapitalisInfo\/","article_published_time":"2022-12-19T07:08:12+00:00","article_modified_time":"2022-12-19T07:08:14+00:00","og_image":[{"width":1200,"height":630,"url":"https:\/\/kapitalis.com\/tunisie\/wp-content\/uploads\/2022\/12\/Kais-Saied-Legislatives-2022.jpg","type":"image\/jpeg"}],"author":"webmaster kapitalis","twitter_card":"summary_large_image","twitter_creator":"@KapitalisInfo","twitter_site":"@KapitalisInfo","twitter_misc":{"\u00c9crit par":"webmaster kapitalis","Dur\u00e9e de lecture estim\u00e9e":"9 minutes"},"schema":{"@context":"https:\/\/schema.org","@graph":[{"@type":"Article","@id":"https:\/\/kapitalis.com\/tunisie\/2022\/12\/19\/legislatives-en-tunisie-le-peuple-nen-peut-plus\/#article","isPartOf":{"@id":"https:\/\/kapitalis.com\/tunisie\/2022\/12\/19\/legislatives-en-tunisie-le-peuple-nen-peut-plus\/"},"author":{"name":"webmaster kapitalis","@id":"https:\/\/kapitalis.com\/tunisie\/#\/schema\/person\/d71f33a9ca44f7bad4698210b480c8e9"},"headline":"L\u00e9gislatives en Tunisie\u00a0: le peuple n\u2019en peut plus !","datePublished":"2022-12-19T07:08:12+00:00","dateModified":"2022-12-19T07:08:14+00:00","mainEntityOfPage":{"@id":"https:\/\/kapitalis.com\/tunisie\/2022\/12\/19\/legislatives-en-tunisie-le-peuple-nen-peut-plus\/"},"wordCount":1764,"commentCount":3,"publisher":{"@id":"https:\/\/kapitalis.com\/tunisie\/#organization"},"image":{"@id":"https:\/\/kapitalis.com\/tunisie\/2022\/12\/19\/legislatives-en-tunisie-le-peuple-nen-peut-plus\/#primaryimage"},"thumbnailUrl":"https:\/\/kapitalis.com\/tunisie\/wp-content\/uploads\/2022\/12\/Kais-Saied-Legislatives-2022.jpg","keywords":["FMI","Ka\u00efs Sa\u00efed","l\u00e9gislatives","Moktar Lamari","Najla Bouden","Tunisie"],"articleSection":["A LA UNE","ECONOMIE","POLITIQUE","TRIBUNE","Tunisie"],"inLanguage":"fr-FR","potentialAction":[{"@type":"CommentAction","name":"Comment","target":["https:\/\/kapitalis.com\/tunisie\/2022\/12\/19\/legislatives-en-tunisie-le-peuple-nen-peut-plus\/#respond"]}]},{"@type":"WebPage","@id":"https:\/\/kapitalis.com\/tunisie\/2022\/12\/19\/legislatives-en-tunisie-le-peuple-nen-peut-plus\/","url":"https:\/\/kapitalis.com\/tunisie\/2022\/12\/19\/legislatives-en-tunisie-le-peuple-nen-peut-plus\/","name":"L\u00e9gislatives en Tunisie\u00a0: le peuple n\u2019en peut plus ! - Kapitalis","isPartOf":{"@id":"https:\/\/kapitalis.com\/tunisie\/#website"},"primaryImageOfPage":{"@id":"https:\/\/kapitalis.com\/tunisie\/2022\/12\/19\/legislatives-en-tunisie-le-peuple-nen-peut-plus\/#primaryimage"},"image":{"@id":"https:\/\/kapitalis.com\/tunisie\/2022\/12\/19\/legislatives-en-tunisie-le-peuple-nen-peut-plus\/#primaryimage"},"thumbnailUrl":"https:\/\/kapitalis.com\/tunisie\/wp-content\/uploads\/2022\/12\/Kais-Saied-Legislatives-2022.jpg","datePublished":"2022-12-19T07:08:12+00:00","dateModified":"2022-12-19T07:08:14+00:00","breadcrumb":{"@id":"https:\/\/kapitalis.com\/tunisie\/2022\/12\/19\/legislatives-en-tunisie-le-peuple-nen-peut-plus\/#breadcrumb"},"inLanguage":"fr-FR","potentialAction":[{"@type":"ReadAction","target":["https:\/\/kapitalis.com\/tunisie\/2022\/12\/19\/legislatives-en-tunisie-le-peuple-nen-peut-plus\/"]}]},{"@type":"ImageObject","inLanguage":"fr-FR","@id":"https:\/\/kapitalis.com\/tunisie\/2022\/12\/19\/legislatives-en-tunisie-le-peuple-nen-peut-plus\/#primaryimage","url":"https:\/\/kapitalis.com\/tunisie\/wp-content\/uploads\/2022\/12\/Kais-Saied-Legislatives-2022.jpg","contentUrl":"https:\/\/kapitalis.com\/tunisie\/wp-content\/uploads\/2022\/12\/Kais-Saied-Legislatives-2022.jpg","width":1200,"height":630},{"@type":"BreadcrumbList","@id":"https:\/\/kapitalis.com\/tunisie\/2022\/12\/19\/legislatives-en-tunisie-le-peuple-nen-peut-plus\/#breadcrumb","itemListElement":[{"@type":"ListItem","position":1,"name":"Accueil","item":"https:\/\/kapitalis.com\/tunisie\/"},{"@type":"ListItem","position":2,"name":"L\u00e9gislatives en Tunisie\u00a0: le peuple n\u2019en peut plus !"}]},{"@type":"WebSite","@id":"https:\/\/kapitalis.com\/tunisie\/#website","url":"https:\/\/kapitalis.com\/tunisie\/","name":"Kapitalis","description":"L&#039;actualit\u00e9 en Tunisie et dans le monde","publisher":{"@id":"https:\/\/kapitalis.com\/tunisie\/#organization"},"potentialAction":[{"@type":"SearchAction","target":{"@type":"EntryPoint","urlTemplate":"https:\/\/kapitalis.com\/tunisie\/?s={search_term_string}"},"query-input":{"@type":"PropertyValueSpecification","valueRequired":true,"valueName":"search_term_string"}}],"inLanguage":"fr-FR"},{"@type":"Organization","@id":"https:\/\/kapitalis.com\/tunisie\/#organization","name":"Kapitalis","url":"https:\/\/kapitalis.com\/tunisie\/","logo":{"@type":"ImageObject","inLanguage":"fr-FR","@id":"https:\/\/kapitalis.com\/tunisie\/#\/schema\/logo\/image\/","url":"https:\/\/kapitalis.com\/tunisie\/wp-content\/uploads\/2022\/05\/Kapitalis-big-size.png","contentUrl":"https:\/\/kapitalis.com\/tunisie\/wp-content\/uploads\/2022\/05\/Kapitalis-big-size.png","width":5000,"height":1500,"caption":"Kapitalis"},"image":{"@id":"https:\/\/kapitalis.com\/tunisie\/#\/schema\/logo\/image\/"},"sameAs":["https:\/\/www.facebook.com\/KapitalisInfo\/","https:\/\/x.com\/KapitalisInfo","https:\/\/www.youtube.com\/channel\/UC-yDYrHyfFBWWZaOw3FPg9Q"]},{"@type":"Person","@id":"https:\/\/kapitalis.com\/tunisie\/#\/schema\/person\/d71f33a9ca44f7bad4698210b480c8e9","name":"webmaster kapitalis","url":"https:\/\/kapitalis.com\/tunisie\/author\/webmaster-kapitalis\/"}]}},"_links":{"self":[{"href":"https:\/\/kapitalis.com\/tunisie\/wp-json\/wp\/v2\/posts\/5744770","targetHints":{"allow":["GET"]}}],"collection":[{"href":"https:\/\/kapitalis.com\/tunisie\/wp-json\/wp\/v2\/posts"}],"about":[{"href":"https:\/\/kapitalis.com\/tunisie\/wp-json\/wp\/v2\/types\/post"}],"author":[{"embeddable":true,"href":"https:\/\/kapitalis.com\/tunisie\/wp-json\/wp\/v2\/users\/8"}],"replies":[{"embeddable":true,"href":"https:\/\/kapitalis.com\/tunisie\/wp-json\/wp\/v2\/comments?post=5744770"}],"version-history":[{"count":1,"href":"https:\/\/kapitalis.com\/tunisie\/wp-json\/wp\/v2\/posts\/5744770\/revisions"}],"predecessor-version":[{"id":5744835,"href":"https:\/\/kapitalis.com\/tunisie\/wp-json\/wp\/v2\/posts\/5744770\/revisions\/5744835"}],"wp:featuredmedia":[{"embeddable":true,"href":"https:\/\/kapitalis.com\/tunisie\/wp-json\/wp\/v2\/media\/5744819"}],"wp:attachment":[{"href":"https:\/\/kapitalis.com\/tunisie\/wp-json\/wp\/v2\/media?parent=5744770"}],"wp:term":[{"taxonomy":"category","embeddable":true,"href":"https:\/\/kapitalis.com\/tunisie\/wp-json\/wp\/v2\/categories?post=5744770"},{"taxonomy":"post_tag","embeddable":true,"href":"https:\/\/kapitalis.com\/tunisie\/wp-json\/wp\/v2\/tags?post=5744770"}],"curies":[{"name":"wp","href":"https:\/\/api.w.org\/{rel}","templated":true}]}}