{"id":5758277,"date":"2022-12-20T11:37:30","date_gmt":"2022-12-20T10:37:30","guid":{"rendered":"https:\/\/kapitalis.com\/tunisie\/?p=5758277"},"modified":"2022-12-20T11:37:31","modified_gmt":"2022-12-20T10:37:31","slug":"sghaier-zakraoui-la-parenthese-de-kais-saied-doit-etre-fermee","status":"publish","type":"post","link":"https:\/\/kapitalis.com\/tunisie\/2022\/12\/20\/sghaier-zakraoui-la-parenthese-de-kais-saied-doit-etre-fermee\/","title":{"rendered":"Sghaier Zakraoui\u00a0: \u00abLa parenth\u00e8se de Ka\u00efs Sa\u00efed doit \u00eatre ferm\u00e9e\u00bb"},"content":{"rendered":"\n<p><strong><em>Le chef du d\u00e9partement de droit public \u00e0 la facult\u00e9 de droit et des sciences politiques de Tunis, Sghaier Zakraoui, a d\u00e9clar\u00e9 que le processus politique engag\u00e9 par le pr\u00e9sident de la r\u00e9publique est termin\u00e9 et que ce dernier n\u2019a plus de l\u00e9galit\u00e9 ni de l\u00e9gitimit\u00e9, ajoutant : \u00abKa\u00efs Sa\u00efed est une parenth\u00e8se qui doit \u00eatre ferm\u00e9e\u00bb.<\/em><\/strong><\/p>\n\n\n\n<!--more-->\n\n\n\n<p>Dans une d\u00e9claration \u00e0 l\u2019\u00e9mission en <em>\u00ab\u00a060 Minutes\u00a0\u00bb<\/em> sur les ondes de <a href=\"http:\/\/Dans une d\u00e9claration \u00e0 l\u2019\u00e9mission en 60 Minutes sur les ondes de Diwan FM , ce mardi 20 d\u00e9cembre 2022, le juriste a estim\u00e9 que \u00abla chute a \u00e9t\u00e9 retentissante, et que les \u00e9lections l\u00e9gislatives ont lamentablement \u00e9chou\u00e9 et leurs r\u00e9sultats sont honteux\u00bb, faisant allusion au tr\u00e8s faible taux de participation, estim\u00e9 initialement \u00e0 8,8% avant d\u2019\u00eatre revu \u00e0 la hausse, deux jours apr\u00e8s, par la commission \u00e9lectorale, \u00e0 11,2%.\" target=\"_blank\" rel=\"noreferrer noopener\">Diwan FM<\/a>, ce mardi 20 d\u00e9cembre 2022, le juriste a estim\u00e9 que <em>\u00abla chute a \u00e9t\u00e9 retentissante, et que les \u00e9lections l\u00e9gislatives ont lamentablement \u00e9chou\u00e9 et leurs r\u00e9sultats sont honteux\u00bb<\/em>, faisant allusion au tr\u00e8s faible taux de participation, estim\u00e9 initialement \u00e0 8,8% avant d\u2019\u00eatre revu \u00e0 la hausse, deux jours apr\u00e8s, par la commission \u00e9lectorale, \u00e0 11,22%.<\/p>\n\n\n\n<p><em>\u00abLe pr\u00e9sident de la r\u00e9publique n\u2019a pas le courage de faire face aux Tunisiens, car il a poursuivi une voie individuelle et unilat\u00e9rale, dont il a exclu tout le monde\u00bb, <\/em>a-t-il ajout\u00e9, qualifiant le vote de samedi de <em>\u00abd\u00e9cevant\u00bb.<\/em><\/p>\n\n\n\n<p>Le professeur de droit public a aussi expliqu\u00e9 que le taux de participation officiel aux \u00e9lections l\u00e9gislatives, fix\u00e9, aux derni\u00e8res estimations, \u00e0 11,22%, \u00e9tait surprenant, exprimant sa surprise face \u00e0 la hausse du r\u00e9sultat de 8,8% \u00e0 11,22%.<\/p>\n\n\n\n<p>Sghaier Zakraoui a pr\u00e9cis\u00e9 que l\u2019Instance sup\u00e9rieur ind\u00e9pendant pour les \u00e9lections (Isie) n\u2019est pas responsable des r\u00e9sultats des \u00e9lections, tout en pointant la pleine responsabilit\u00e9 du pr\u00e9sident de la r\u00e9publique, ajoutant : <em>\u00abLe chef de l\u2019\u00c9tat est devenu un probl\u00e8me et un fardeau pour le pays\u2026 et la solution doit venir de l\u2019ext\u00e9rieur de son syst\u00e8me\u00bb<\/em>. <\/p>\n\n\n\n<p><em>\u00abLes organisations nationales et les partis politiques peuvent s\u2019asseoir \u00e0 la table du dialogue et proposer un gouvernement d\u2019urgence \u00e9conomique pour sortir la Tunisie de la crise\u00bb<\/em>, a conclu l&rsquo;universitaire, qui \u00e9tait parmi les plus fervents soutien de Ka\u00efs Sa\u00efed, au lendemain de la proclamation de l&rsquo;\u00e9tat d&rsquo;exception, le 25 juillet 2021, y voyant le seul moyen de mettre fin aux ravages de l&rsquo;ancien syst\u00e8me en place dans le pays, avant de critiquer la d\u00e9rive autoritaire du pr\u00e9sident de la r\u00e9publique et son cavalier seul<em>. <\/em>.<\/p>\n\n\n\n<p class=\"has-text-align-right\"><strong>I. B. <\/strong><\/p>\n","protected":false},"excerpt":{"rendered":"<p>\u00abKa\u00efs Sa\u00efed est une parenth\u00e8se qui doit \u00eatre ferm\u00e9e\u00bb, estime Sghaier Zakraoui.<\/p>\n","protected":false},"author":8,"featured_media":5758452,"comment_status":"open","ping_status":"open","sticky":false,"template":"","format":"standard","meta":{"footnotes":""},"categories":[997,2433],"tags":[499,76012,9031,97552,62643],"class_list":["post-5758277","post","type-post","status-publish","format-standard","has-post-thumbnail","hentry","category-politique","category-tunisie","tag-isie","tag-kais-saied-2","tag-legislatives","tag-sghaier-zakraoui","tag-tunisie"],"yoast_head":"<!-- This site is optimized with the Yoast SEO plugin v26.6 - https:\/\/yoast.com\/wordpress\/plugins\/seo\/ -->\n<title>Sghaier Zakraoui\u00a0: \u00abLa parenth\u00e8se de Ka\u00efs Sa\u00efed doit \u00eatre ferm\u00e9e\u00bb - Kapitalis<\/title>\n<meta name=\"robots\" content=\"index, follow, max-snippet:-1, max-image-preview:large, max-video-preview:-1\" \/>\n<link rel=\"canonical\" href=\"https:\/\/kapitalis.com\/tunisie\/2022\/12\/20\/sghaier-zakraoui-la-parenthese-de-kais-saied-doit-etre-fermee\/\" \/>\n<meta property=\"og:locale\" content=\"fr_FR\" \/>\n<meta property=\"og:type\" content=\"article\" \/>\n<meta property=\"og:title\" content=\"Sghaier Zakraoui\u00a0: \u00abLa parenth\u00e8se de Ka\u00efs Sa\u00efed doit \u00eatre ferm\u00e9e\u00bb - Kapitalis\" \/>\n<meta property=\"og:description\" content=\"\u00abKa\u00efs Sa\u00efed est une parenth\u00e8se qui doit \u00eatre ferm\u00e9e\u00bb, estime Sghaier Zakraoui.\" \/>\n<meta property=\"og:url\" content=\"https:\/\/kapitalis.com\/tunisie\/2022\/12\/20\/sghaier-zakraoui-la-parenthese-de-kais-saied-doit-etre-fermee\/\" \/>\n<meta property=\"og:site_name\" content=\"Kapitalis\" \/>\n<meta property=\"article:publisher\" content=\"https:\/\/www.facebook.com\/KapitalisInfo\/\" \/>\n<meta property=\"article:published_time\" content=\"2022-12-20T10:37:30+00:00\" \/>\n<meta property=\"article:modified_time\" content=\"2022-12-20T10:37:31+00:00\" \/>\n<meta property=\"og:image\" content=\"https:\/\/kapitalis.com\/tunisie\/wp-content\/uploads\/2022\/12\/Sghaier-Zakraoui.jpg\" \/>\n\t<meta property=\"og:image:width\" content=\"1200\" \/>\n\t<meta property=\"og:image:height\" content=\"630\" \/>\n\t<meta property=\"og:image:type\" content=\"image\/jpeg\" \/>\n<meta name=\"author\" content=\"webmaster kapitalis\" \/>\n<meta name=\"twitter:card\" content=\"summary_large_image\" \/>\n<meta name=\"twitter:creator\" content=\"@KapitalisInfo\" \/>\n<meta name=\"twitter:site\" content=\"@KapitalisInfo\" \/>\n<meta name=\"twitter:label1\" content=\"\u00c9crit par\" \/>\n\t<meta name=\"twitter:data1\" content=\"webmaster kapitalis\" \/>\n\t<meta name=\"twitter:label2\" content=\"Dur\u00e9e de lecture estim\u00e9e\" \/>\n\t<meta name=\"twitter:data2\" content=\"2 minutes\" \/>\n<script type=\"application\/ld+json\" class=\"yoast-schema-graph\">{\"@context\":\"https:\/\/schema.org\",\"@graph\":[{\"@type\":\"Article\",\"@id\":\"https:\/\/kapitalis.com\/tunisie\/2022\/12\/20\/sghaier-zakraoui-la-parenthese-de-kais-saied-doit-etre-fermee\/#article\",\"isPartOf\":{\"@id\":\"https:\/\/kapitalis.com\/tunisie\/2022\/12\/20\/sghaier-zakraoui-la-parenthese-de-kais-saied-doit-etre-fermee\/\"},\"author\":{\"name\":\"webmaster kapitalis\",\"@id\":\"https:\/\/kapitalis.com\/tunisie\/#\/schema\/person\/d71f33a9ca44f7bad4698210b480c8e9\"},\"headline\":\"Sghaier Zakraoui\u00a0: \u00abLa parenth\u00e8se de Ka\u00efs Sa\u00efed doit \u00eatre ferm\u00e9e\u00bb\",\"datePublished\":\"2022-12-20T10:37:30+00:00\",\"dateModified\":\"2022-12-20T10:37:31+00:00\",\"mainEntityOfPage\":{\"@id\":\"https:\/\/kapitalis.com\/tunisie\/2022\/12\/20\/sghaier-zakraoui-la-parenthese-de-kais-saied-doit-etre-fermee\/\"},\"wordCount\":388,\"commentCount\":2,\"publisher\":{\"@id\":\"https:\/\/kapitalis.com\/tunisie\/#organization\"},\"image\":{\"@id\":\"https:\/\/kapitalis.com\/tunisie\/2022\/12\/20\/sghaier-zakraoui-la-parenthese-de-kais-saied-doit-etre-fermee\/#primaryimage\"},\"thumbnailUrl\":\"https:\/\/kapitalis.com\/tunisie\/wp-content\/uploads\/2022\/12\/Sghaier-Zakraoui.jpg\",\"keywords\":[\"Isie\",\"Ka\u00efs Sa\u00efed\",\"l\u00e9gislatives\",\"Sghaier Zakraoui\",\"Tunisie\"],\"articleSection\":[\"POLITIQUE\",\"Tunisie\"],\"inLanguage\":\"fr-FR\",\"potentialAction\":[{\"@type\":\"CommentAction\",\"name\":\"Comment\",\"target\":[\"https:\/\/kapitalis.com\/tunisie\/2022\/12\/20\/sghaier-zakraoui-la-parenthese-de-kais-saied-doit-etre-fermee\/#respond\"]}]},{\"@type\":\"WebPage\",\"@id\":\"https:\/\/kapitalis.com\/tunisie\/2022\/12\/20\/sghaier-zakraoui-la-parenthese-de-kais-saied-doit-etre-fermee\/\",\"url\":\"https:\/\/kapitalis.com\/tunisie\/2022\/12\/20\/sghaier-zakraoui-la-parenthese-de-kais-saied-doit-etre-fermee\/\",\"name\":\"Sghaier Zakraoui\u00a0: \u00abLa parenth\u00e8se de Ka\u00efs Sa\u00efed doit \u00eatre ferm\u00e9e\u00bb - Kapitalis\",\"isPartOf\":{\"@id\":\"https:\/\/kapitalis.com\/tunisie\/#website\"},\"primaryImageOfPage\":{\"@id\":\"https:\/\/kapitalis.com\/tunisie\/2022\/12\/20\/sghaier-zakraoui-la-parenthese-de-kais-saied-doit-etre-fermee\/#primaryimage\"},\"image\":{\"@id\":\"https:\/\/kapitalis.com\/tunisie\/2022\/12\/20\/sghaier-zakraoui-la-parenthese-de-kais-saied-doit-etre-fermee\/#primaryimage\"},\"thumbnailUrl\":\"https:\/\/kapitalis.com\/tunisie\/wp-content\/uploads\/2022\/12\/Sghaier-Zakraoui.jpg\",\"datePublished\":\"2022-12-20T10:37:30+00:00\",\"dateModified\":\"2022-12-20T10:37:31+00:00\",\"breadcrumb\":{\"@id\":\"https:\/\/kapitalis.com\/tunisie\/2022\/12\/20\/sghaier-zakraoui-la-parenthese-de-kais-saied-doit-etre-fermee\/#breadcrumb\"},\"inLanguage\":\"fr-FR\",\"potentialAction\":[{\"@type\":\"ReadAction\",\"target\":[\"https:\/\/kapitalis.com\/tunisie\/2022\/12\/20\/sghaier-zakraoui-la-parenthese-de-kais-saied-doit-etre-fermee\/\"]}]},{\"@type\":\"ImageObject\",\"inLanguage\":\"fr-FR\",\"@id\":\"https:\/\/kapitalis.com\/tunisie\/2022\/12\/20\/sghaier-zakraoui-la-parenthese-de-kais-saied-doit-etre-fermee\/#primaryimage\",\"url\":\"https:\/\/kapitalis.com\/tunisie\/wp-content\/uploads\/2022\/12\/Sghaier-Zakraoui.jpg\",\"contentUrl\":\"https:\/\/kapitalis.com\/tunisie\/wp-content\/uploads\/2022\/12\/Sghaier-Zakraoui.jpg\",\"width\":1200,\"height\":630},{\"@type\":\"BreadcrumbList\",\"@id\":\"https:\/\/kapitalis.com\/tunisie\/2022\/12\/20\/sghaier-zakraoui-la-parenthese-de-kais-saied-doit-etre-fermee\/#breadcrumb\",\"itemListElement\":[{\"@type\":\"ListItem\",\"position\":1,\"name\":\"Accueil\",\"item\":\"https:\/\/kapitalis.com\/tunisie\/\"},{\"@type\":\"ListItem\",\"position\":2,\"name\":\"Sghaier Zakraoui\u00a0: \u00abLa parenth\u00e8se de Ka\u00efs Sa\u00efed doit \u00eatre ferm\u00e9e\u00bb\"}]},{\"@type\":\"WebSite\",\"@id\":\"https:\/\/kapitalis.com\/tunisie\/#website\",\"url\":\"https:\/\/kapitalis.com\/tunisie\/\",\"name\":\"Kapitalis\",\"description\":\"L&#039;actualit\u00e9 en Tunisie et dans le monde\",\"publisher\":{\"@id\":\"https:\/\/kapitalis.com\/tunisie\/#organization\"},\"potentialAction\":[{\"@type\":\"SearchAction\",\"target\":{\"@type\":\"EntryPoint\",\"urlTemplate\":\"https:\/\/kapitalis.com\/tunisie\/?s={search_term_string}\"},\"query-input\":{\"@type\":\"PropertyValueSpecification\",\"valueRequired\":true,\"valueName\":\"search_term_string\"}}],\"inLanguage\":\"fr-FR\"},{\"@type\":\"Organization\",\"@id\":\"https:\/\/kapitalis.com\/tunisie\/#organization\",\"name\":\"Kapitalis\",\"url\":\"https:\/\/kapitalis.com\/tunisie\/\",\"logo\":{\"@type\":\"ImageObject\",\"inLanguage\":\"fr-FR\",\"@id\":\"https:\/\/kapitalis.com\/tunisie\/#\/schema\/logo\/image\/\",\"url\":\"https:\/\/kapitalis.com\/tunisie\/wp-content\/uploads\/2022\/05\/Kapitalis-big-size.png\",\"contentUrl\":\"https:\/\/kapitalis.com\/tunisie\/wp-content\/uploads\/2022\/05\/Kapitalis-big-size.png\",\"width\":5000,\"height\":1500,\"caption\":\"Kapitalis\"},\"image\":{\"@id\":\"https:\/\/kapitalis.com\/tunisie\/#\/schema\/logo\/image\/\"},\"sameAs\":[\"https:\/\/www.facebook.com\/KapitalisInfo\/\",\"https:\/\/x.com\/KapitalisInfo\",\"https:\/\/www.youtube.com\/channel\/UC-yDYrHyfFBWWZaOw3FPg9Q\"]},{\"@type\":\"Person\",\"@id\":\"https:\/\/kapitalis.com\/tunisie\/#\/schema\/person\/d71f33a9ca44f7bad4698210b480c8e9\",\"name\":\"webmaster kapitalis\",\"url\":\"https:\/\/kapitalis.com\/tunisie\/author\/webmaster-kapitalis\/\"}]}<\/script>\n<!-- \/ Yoast SEO plugin. -->","yoast_head_json":{"title":"Sghaier Zakraoui\u00a0: \u00abLa parenth\u00e8se de Ka\u00efs Sa\u00efed doit \u00eatre ferm\u00e9e\u00bb - Kapitalis","robots":{"index":"index","follow":"follow","max-snippet":"max-snippet:-1","max-image-preview":"max-image-preview:large","max-video-preview":"max-video-preview:-1"},"canonical":"https:\/\/kapitalis.com\/tunisie\/2022\/12\/20\/sghaier-zakraoui-la-parenthese-de-kais-saied-doit-etre-fermee\/","og_locale":"fr_FR","og_type":"article","og_title":"Sghaier Zakraoui\u00a0: \u00abLa parenth\u00e8se de Ka\u00efs Sa\u00efed doit \u00eatre ferm\u00e9e\u00bb - Kapitalis","og_description":"\u00abKa\u00efs Sa\u00efed est une parenth\u00e8se qui doit \u00eatre ferm\u00e9e\u00bb, estime Sghaier Zakraoui.","og_url":"https:\/\/kapitalis.com\/tunisie\/2022\/12\/20\/sghaier-zakraoui-la-parenthese-de-kais-saied-doit-etre-fermee\/","og_site_name":"Kapitalis","article_publisher":"https:\/\/www.facebook.com\/KapitalisInfo\/","article_published_time":"2022-12-20T10:37:30+00:00","article_modified_time":"2022-12-20T10:37:31+00:00","og_image":[{"width":1200,"height":630,"url":"https:\/\/kapitalis.com\/tunisie\/wp-content\/uploads\/2022\/12\/Sghaier-Zakraoui.jpg","type":"image\/jpeg"}],"author":"webmaster kapitalis","twitter_card":"summary_large_image","twitter_creator":"@KapitalisInfo","twitter_site":"@KapitalisInfo","twitter_misc":{"\u00c9crit par":"webmaster kapitalis","Dur\u00e9e de lecture estim\u00e9e":"2 minutes"},"schema":{"@context":"https:\/\/schema.org","@graph":[{"@type":"Article","@id":"https:\/\/kapitalis.com\/tunisie\/2022\/12\/20\/sghaier-zakraoui-la-parenthese-de-kais-saied-doit-etre-fermee\/#article","isPartOf":{"@id":"https:\/\/kapitalis.com\/tunisie\/2022\/12\/20\/sghaier-zakraoui-la-parenthese-de-kais-saied-doit-etre-fermee\/"},"author":{"name":"webmaster kapitalis","@id":"https:\/\/kapitalis.com\/tunisie\/#\/schema\/person\/d71f33a9ca44f7bad4698210b480c8e9"},"headline":"Sghaier Zakraoui\u00a0: \u00abLa parenth\u00e8se de Ka\u00efs Sa\u00efed doit \u00eatre ferm\u00e9e\u00bb","datePublished":"2022-12-20T10:37:30+00:00","dateModified":"2022-12-20T10:37:31+00:00","mainEntityOfPage":{"@id":"https:\/\/kapitalis.com\/tunisie\/2022\/12\/20\/sghaier-zakraoui-la-parenthese-de-kais-saied-doit-etre-fermee\/"},"wordCount":388,"commentCount":2,"publisher":{"@id":"https:\/\/kapitalis.com\/tunisie\/#organization"},"image":{"@id":"https:\/\/kapitalis.com\/tunisie\/2022\/12\/20\/sghaier-zakraoui-la-parenthese-de-kais-saied-doit-etre-fermee\/#primaryimage"},"thumbnailUrl":"https:\/\/kapitalis.com\/tunisie\/wp-content\/uploads\/2022\/12\/Sghaier-Zakraoui.jpg","keywords":["Isie","Ka\u00efs Sa\u00efed","l\u00e9gislatives","Sghaier Zakraoui","Tunisie"],"articleSection":["POLITIQUE","Tunisie"],"inLanguage":"fr-FR","potentialAction":[{"@type":"CommentAction","name":"Comment","target":["https:\/\/kapitalis.com\/tunisie\/2022\/12\/20\/sghaier-zakraoui-la-parenthese-de-kais-saied-doit-etre-fermee\/#respond"]}]},{"@type":"WebPage","@id":"https:\/\/kapitalis.com\/tunisie\/2022\/12\/20\/sghaier-zakraoui-la-parenthese-de-kais-saied-doit-etre-fermee\/","url":"https:\/\/kapitalis.com\/tunisie\/2022\/12\/20\/sghaier-zakraoui-la-parenthese-de-kais-saied-doit-etre-fermee\/","name":"Sghaier Zakraoui\u00a0: \u00abLa parenth\u00e8se de Ka\u00efs Sa\u00efed doit \u00eatre ferm\u00e9e\u00bb - Kapitalis","isPartOf":{"@id":"https:\/\/kapitalis.com\/tunisie\/#website"},"primaryImageOfPage":{"@id":"https:\/\/kapitalis.com\/tunisie\/2022\/12\/20\/sghaier-zakraoui-la-parenthese-de-kais-saied-doit-etre-fermee\/#primaryimage"},"image":{"@id":"https:\/\/kapitalis.com\/tunisie\/2022\/12\/20\/sghaier-zakraoui-la-parenthese-de-kais-saied-doit-etre-fermee\/#primaryimage"},"thumbnailUrl":"https:\/\/kapitalis.com\/tunisie\/wp-content\/uploads\/2022\/12\/Sghaier-Zakraoui.jpg","datePublished":"2022-12-20T10:37:30+00:00","dateModified":"2022-12-20T10:37:31+00:00","breadcrumb":{"@id":"https:\/\/kapitalis.com\/tunisie\/2022\/12\/20\/sghaier-zakraoui-la-parenthese-de-kais-saied-doit-etre-fermee\/#breadcrumb"},"inLanguage":"fr-FR","potentialAction":[{"@type":"ReadAction","target":["https:\/\/kapitalis.com\/tunisie\/2022\/12\/20\/sghaier-zakraoui-la-parenthese-de-kais-saied-doit-etre-fermee\/"]}]},{"@type":"ImageObject","inLanguage":"fr-FR","@id":"https:\/\/kapitalis.com\/tunisie\/2022\/12\/20\/sghaier-zakraoui-la-parenthese-de-kais-saied-doit-etre-fermee\/#primaryimage","url":"https:\/\/kapitalis.com\/tunisie\/wp-content\/uploads\/2022\/12\/Sghaier-Zakraoui.jpg","contentUrl":"https:\/\/kapitalis.com\/tunisie\/wp-content\/uploads\/2022\/12\/Sghaier-Zakraoui.jpg","width":1200,"height":630},{"@type":"BreadcrumbList","@id":"https:\/\/kapitalis.com\/tunisie\/2022\/12\/20\/sghaier-zakraoui-la-parenthese-de-kais-saied-doit-etre-fermee\/#breadcrumb","itemListElement":[{"@type":"ListItem","position":1,"name":"Accueil","item":"https:\/\/kapitalis.com\/tunisie\/"},{"@type":"ListItem","position":2,"name":"Sghaier Zakraoui\u00a0: \u00abLa parenth\u00e8se de Ka\u00efs Sa\u00efed doit \u00eatre ferm\u00e9e\u00bb"}]},{"@type":"WebSite","@id":"https:\/\/kapitalis.com\/tunisie\/#website","url":"https:\/\/kapitalis.com\/tunisie\/","name":"Kapitalis","description":"L&#039;actualit\u00e9 en Tunisie et dans le monde","publisher":{"@id":"https:\/\/kapitalis.com\/tunisie\/#organization"},"potentialAction":[{"@type":"SearchAction","target":{"@type":"EntryPoint","urlTemplate":"https:\/\/kapitalis.com\/tunisie\/?s={search_term_string}"},"query-input":{"@type":"PropertyValueSpecification","valueRequired":true,"valueName":"search_term_string"}}],"inLanguage":"fr-FR"},{"@type":"Organization","@id":"https:\/\/kapitalis.com\/tunisie\/#organization","name":"Kapitalis","url":"https:\/\/kapitalis.com\/tunisie\/","logo":{"@type":"ImageObject","inLanguage":"fr-FR","@id":"https:\/\/kapitalis.com\/tunisie\/#\/schema\/logo\/image\/","url":"https:\/\/kapitalis.com\/tunisie\/wp-content\/uploads\/2022\/05\/Kapitalis-big-size.png","contentUrl":"https:\/\/kapitalis.com\/tunisie\/wp-content\/uploads\/2022\/05\/Kapitalis-big-size.png","width":5000,"height":1500,"caption":"Kapitalis"},"image":{"@id":"https:\/\/kapitalis.com\/tunisie\/#\/schema\/logo\/image\/"},"sameAs":["https:\/\/www.facebook.com\/KapitalisInfo\/","https:\/\/x.com\/KapitalisInfo","https:\/\/www.youtube.com\/channel\/UC-yDYrHyfFBWWZaOw3FPg9Q"]},{"@type":"Person","@id":"https:\/\/kapitalis.com\/tunisie\/#\/schema\/person\/d71f33a9ca44f7bad4698210b480c8e9","name":"webmaster kapitalis","url":"https:\/\/kapitalis.com\/tunisie\/author\/webmaster-kapitalis\/"}]}},"_links":{"self":[{"href":"https:\/\/kapitalis.com\/tunisie\/wp-json\/wp\/v2\/posts\/5758277","targetHints":{"allow":["GET"]}}],"collection":[{"href":"https:\/\/kapitalis.com\/tunisie\/wp-json\/wp\/v2\/posts"}],"about":[{"href":"https:\/\/kapitalis.com\/tunisie\/wp-json\/wp\/v2\/types\/post"}],"author":[{"embeddable":true,"href":"https:\/\/kapitalis.com\/tunisie\/wp-json\/wp\/v2\/users\/8"}],"replies":[{"embeddable":true,"href":"https:\/\/kapitalis.com\/tunisie\/wp-json\/wp\/v2\/comments?post=5758277"}],"version-history":[{"count":2,"href":"https:\/\/kapitalis.com\/tunisie\/wp-json\/wp\/v2\/posts\/5758277\/revisions"}],"predecessor-version":[{"id":5758467,"href":"https:\/\/kapitalis.com\/tunisie\/wp-json\/wp\/v2\/posts\/5758277\/revisions\/5758467"}],"wp:featuredmedia":[{"embeddable":true,"href":"https:\/\/kapitalis.com\/tunisie\/wp-json\/wp\/v2\/media\/5758452"}],"wp:attachment":[{"href":"https:\/\/kapitalis.com\/tunisie\/wp-json\/wp\/v2\/media?parent=5758277"}],"wp:term":[{"taxonomy":"category","embeddable":true,"href":"https:\/\/kapitalis.com\/tunisie\/wp-json\/wp\/v2\/categories?post=5758277"},{"taxonomy":"post_tag","embeddable":true,"href":"https:\/\/kapitalis.com\/tunisie\/wp-json\/wp\/v2\/tags?post=5758277"}],"curies":[{"name":"wp","href":"https:\/\/api.w.org\/{rel}","templated":true}]}}