{"id":5760152,"date":"2022-12-20T13:44:10","date_gmt":"2022-12-20T12:44:10","guid":{"rendered":"https:\/\/kapitalis.com\/tunisie\/?p=5760152"},"modified":"2022-12-20T13:44:11","modified_gmt":"2022-12-20T12:44:11","slug":"tunisie-le-pdl-met-en-garde-contre-linstallation-dun-parlement-rejete-par-le-peuple","status":"publish","type":"post","link":"https:\/\/kapitalis.com\/tunisie\/2022\/12\/20\/tunisie-le-pdl-met-en-garde-contre-linstallation-dun-parlement-rejete-par-le-peuple\/","title":{"rendered":"Tunisie\u00a0: le PDL met en garde contre l\u2019installation d\u2019un parlement \u00abrejet\u00e9 par le peuple\u00bb"},"content":{"rendered":"\n<p><strong><em>Le Parti libre destourien (PDL) a mis en garde Ka\u00efs Sa\u00efed contre la mise en place d\u2019un parlement \u00abrejet\u00e9 par le peuple\u00bb, par allusion \u00e0 celui issue des l\u00e9gislatives du 17 d\u00e9cembre 2022, qui ont \u00e9t\u00e9 sanctionn\u00e9s par un taux d\u2019abstention de pr\u00e8s de 90%, selon les chiffres officielles de la Commission \u00e9lectorale, dont tous les membres ont \u00e9t\u00e9 d\u00e9sign\u00e9s par le pr\u00e9sident de la r\u00e9publique.<\/em><\/strong><\/p>\n\n\n\n<!--more-->\n\n\n\n<p>Dans une lettre ouverte au pr\u00e9sident Sa\u00efed, le PDL a soulign\u00e9 qu\u2019il ne reconna\u00eetrait pas les r\u00e9sultats annonc\u00e9s par l\u2019Instance sup\u00e9rieure ind\u00e9pendante pour les \u00e9lections (Isie) concernant les \u00e9lections l\u00e9gislatives, sachant que celle-ci avait annonc\u00e9, au soir des \u00e9lections, un taux de participation de 8,8% avant de le revoir \u00e0 la hausse, deux jours apr\u00e8s, \u00e0 11,22%.<\/p>\n\n\n\n<p>Le PDL consid\u00e8re que Sa\u00efed s\u2019est arrog\u00e9 tous les pouvoirs depuis la publication au Jort de la nouvelle constitution, le 25 juillet 2022, ajoutant que le chef de l\u2019Etat continuera \u00e0 violer les chartes internationales relatives aux droits de l\u2019homme.<\/p>\n\n\n\n<p>Le PDL a aussi renouvel\u00e9 son appel \u00e0 l\u2019organisation d\u2019\u00e9lections pr\u00e9sidentielles dans les meilleurs d\u00e9lais, \u00e0 la suspension du processus l\u00e9gislatif et au gel des activit\u00e9s de la commission \u00e9lectorale.<\/p>\n\n\n\n<p class=\"has-text-align-right\"><strong>I. B.<\/strong><\/p>\n","protected":false},"excerpt":{"rendered":"<p>Le PDL renouvelle son appel \u00e0 l\u2019organisation d\u2019\u00e9lections pr\u00e9sidentielles dans les meilleurs d\u00e9lais.<\/p>\n","protected":false},"author":8,"featured_media":4273701,"comment_status":"open","ping_status":"open","sticky":false,"template":"","format":"standard","meta":{"footnotes":""},"categories":[997,2433],"tags":[499,76012,9031,73027,33536,62643],"class_list":["post-5760152","post","type-post","status-publish","format-standard","has-post-thumbnail","hentry","category-politique","category-tunisie","tag-isie","tag-kais-saied-2","tag-legislatives","tag-parti-destourien","tag-pdl","tag-tunisie"],"yoast_head":"<!-- This site is optimized with the Yoast SEO plugin v26.6 - https:\/\/yoast.com\/wordpress\/plugins\/seo\/ -->\n<title>Tunisie\u00a0: le PDL met en garde contre l\u2019installation d\u2019un parlement \u00abrejet\u00e9 par le peuple\u00bb - Kapitalis<\/title>\n<meta name=\"robots\" content=\"index, follow, max-snippet:-1, max-image-preview:large, max-video-preview:-1\" \/>\n<link rel=\"canonical\" href=\"https:\/\/kapitalis.com\/tunisie\/2022\/12\/20\/tunisie-le-pdl-met-en-garde-contre-linstallation-dun-parlement-rejete-par-le-peuple\/\" \/>\n<meta property=\"og:locale\" content=\"fr_FR\" \/>\n<meta property=\"og:type\" content=\"article\" \/>\n<meta property=\"og:title\" content=\"Tunisie\u00a0: le PDL met en garde contre l\u2019installation d\u2019un parlement \u00abrejet\u00e9 par le peuple\u00bb - Kapitalis\" \/>\n<meta property=\"og:description\" content=\"Le PDL renouvelle son appel \u00e0 l\u2019organisation d\u2019\u00e9lections pr\u00e9sidentielles dans les meilleurs d\u00e9lais.\" \/>\n<meta property=\"og:url\" content=\"https:\/\/kapitalis.com\/tunisie\/2022\/12\/20\/tunisie-le-pdl-met-en-garde-contre-linstallation-dun-parlement-rejete-par-le-peuple\/\" \/>\n<meta property=\"og:site_name\" content=\"Kapitalis\" \/>\n<meta property=\"article:publisher\" content=\"https:\/\/www.facebook.com\/KapitalisInfo\/\" \/>\n<meta property=\"article:published_time\" content=\"2022-12-20T12:44:10+00:00\" \/>\n<meta property=\"article:modified_time\" content=\"2022-12-20T12:44:11+00:00\" \/>\n<meta property=\"og:image\" content=\"https:\/\/kapitalis.com\/tunisie\/wp-content\/uploads\/2022\/09\/PDL-manif.jpg\" \/>\n\t<meta property=\"og:image:width\" content=\"1200\" \/>\n\t<meta property=\"og:image:height\" content=\"630\" \/>\n\t<meta property=\"og:image:type\" content=\"image\/jpeg\" \/>\n<meta name=\"author\" content=\"webmaster kapitalis\" \/>\n<meta name=\"twitter:card\" content=\"summary_large_image\" \/>\n<meta name=\"twitter:creator\" content=\"@KapitalisInfo\" \/>\n<meta name=\"twitter:site\" content=\"@KapitalisInfo\" \/>\n<meta name=\"twitter:label1\" content=\"\u00c9crit par\" \/>\n\t<meta name=\"twitter:data1\" content=\"webmaster kapitalis\" \/>\n\t<meta name=\"twitter:label2\" content=\"Dur\u00e9e de lecture estim\u00e9e\" \/>\n\t<meta name=\"twitter:data2\" content=\"1 minute\" \/>\n<script type=\"application\/ld+json\" class=\"yoast-schema-graph\">{\"@context\":\"https:\/\/schema.org\",\"@graph\":[{\"@type\":\"Article\",\"@id\":\"https:\/\/kapitalis.com\/tunisie\/2022\/12\/20\/tunisie-le-pdl-met-en-garde-contre-linstallation-dun-parlement-rejete-par-le-peuple\/#article\",\"isPartOf\":{\"@id\":\"https:\/\/kapitalis.com\/tunisie\/2022\/12\/20\/tunisie-le-pdl-met-en-garde-contre-linstallation-dun-parlement-rejete-par-le-peuple\/\"},\"author\":{\"name\":\"webmaster kapitalis\",\"@id\":\"https:\/\/kapitalis.com\/tunisie\/#\/schema\/person\/d71f33a9ca44f7bad4698210b480c8e9\"},\"headline\":\"Tunisie\u00a0: le PDL met en garde contre l\u2019installation d\u2019un parlement \u00abrejet\u00e9 par le peuple\u00bb\",\"datePublished\":\"2022-12-20T12:44:10+00:00\",\"dateModified\":\"2022-12-20T12:44:11+00:00\",\"mainEntityOfPage\":{\"@id\":\"https:\/\/kapitalis.com\/tunisie\/2022\/12\/20\/tunisie-le-pdl-met-en-garde-contre-linstallation-dun-parlement-rejete-par-le-peuple\/\"},\"wordCount\":232,\"commentCount\":2,\"publisher\":{\"@id\":\"https:\/\/kapitalis.com\/tunisie\/#organization\"},\"image\":{\"@id\":\"https:\/\/kapitalis.com\/tunisie\/2022\/12\/20\/tunisie-le-pdl-met-en-garde-contre-linstallation-dun-parlement-rejete-par-le-peuple\/#primaryimage\"},\"thumbnailUrl\":\"https:\/\/kapitalis.com\/tunisie\/wp-content\/uploads\/2022\/09\/PDL-manif.jpg\",\"keywords\":[\"Isie\",\"Ka\u00efs Sa\u00efed\",\"l\u00e9gislatives\",\"parti destourien\",\"PDL\",\"Tunisie\"],\"articleSection\":[\"POLITIQUE\",\"Tunisie\"],\"inLanguage\":\"fr-FR\",\"potentialAction\":[{\"@type\":\"CommentAction\",\"name\":\"Comment\",\"target\":[\"https:\/\/kapitalis.com\/tunisie\/2022\/12\/20\/tunisie-le-pdl-met-en-garde-contre-linstallation-dun-parlement-rejete-par-le-peuple\/#respond\"]}]},{\"@type\":\"WebPage\",\"@id\":\"https:\/\/kapitalis.com\/tunisie\/2022\/12\/20\/tunisie-le-pdl-met-en-garde-contre-linstallation-dun-parlement-rejete-par-le-peuple\/\",\"url\":\"https:\/\/kapitalis.com\/tunisie\/2022\/12\/20\/tunisie-le-pdl-met-en-garde-contre-linstallation-dun-parlement-rejete-par-le-peuple\/\",\"name\":\"Tunisie\u00a0: le PDL met en garde contre l\u2019installation d\u2019un parlement \u00abrejet\u00e9 par le peuple\u00bb - Kapitalis\",\"isPartOf\":{\"@id\":\"https:\/\/kapitalis.com\/tunisie\/#website\"},\"primaryImageOfPage\":{\"@id\":\"https:\/\/kapitalis.com\/tunisie\/2022\/12\/20\/tunisie-le-pdl-met-en-garde-contre-linstallation-dun-parlement-rejete-par-le-peuple\/#primaryimage\"},\"image\":{\"@id\":\"https:\/\/kapitalis.com\/tunisie\/2022\/12\/20\/tunisie-le-pdl-met-en-garde-contre-linstallation-dun-parlement-rejete-par-le-peuple\/#primaryimage\"},\"thumbnailUrl\":\"https:\/\/kapitalis.com\/tunisie\/wp-content\/uploads\/2022\/09\/PDL-manif.jpg\",\"datePublished\":\"2022-12-20T12:44:10+00:00\",\"dateModified\":\"2022-12-20T12:44:11+00:00\",\"breadcrumb\":{\"@id\":\"https:\/\/kapitalis.com\/tunisie\/2022\/12\/20\/tunisie-le-pdl-met-en-garde-contre-linstallation-dun-parlement-rejete-par-le-peuple\/#breadcrumb\"},\"inLanguage\":\"fr-FR\",\"potentialAction\":[{\"@type\":\"ReadAction\",\"target\":[\"https:\/\/kapitalis.com\/tunisie\/2022\/12\/20\/tunisie-le-pdl-met-en-garde-contre-linstallation-dun-parlement-rejete-par-le-peuple\/\"]}]},{\"@type\":\"ImageObject\",\"inLanguage\":\"fr-FR\",\"@id\":\"https:\/\/kapitalis.com\/tunisie\/2022\/12\/20\/tunisie-le-pdl-met-en-garde-contre-linstallation-dun-parlement-rejete-par-le-peuple\/#primaryimage\",\"url\":\"https:\/\/kapitalis.com\/tunisie\/wp-content\/uploads\/2022\/09\/PDL-manif.jpg\",\"contentUrl\":\"https:\/\/kapitalis.com\/tunisie\/wp-content\/uploads\/2022\/09\/PDL-manif.jpg\",\"width\":1200,\"height\":630},{\"@type\":\"BreadcrumbList\",\"@id\":\"https:\/\/kapitalis.com\/tunisie\/2022\/12\/20\/tunisie-le-pdl-met-en-garde-contre-linstallation-dun-parlement-rejete-par-le-peuple\/#breadcrumb\",\"itemListElement\":[{\"@type\":\"ListItem\",\"position\":1,\"name\":\"Accueil\",\"item\":\"https:\/\/kapitalis.com\/tunisie\/\"},{\"@type\":\"ListItem\",\"position\":2,\"name\":\"Tunisie\u00a0: le PDL met en garde contre l\u2019installation d\u2019un parlement \u00abrejet\u00e9 par le peuple\u00bb\"}]},{\"@type\":\"WebSite\",\"@id\":\"https:\/\/kapitalis.com\/tunisie\/#website\",\"url\":\"https:\/\/kapitalis.com\/tunisie\/\",\"name\":\"Kapitalis\",\"description\":\"L&#039;actualit\u00e9 en Tunisie et dans le monde\",\"publisher\":{\"@id\":\"https:\/\/kapitalis.com\/tunisie\/#organization\"},\"potentialAction\":[{\"@type\":\"SearchAction\",\"target\":{\"@type\":\"EntryPoint\",\"urlTemplate\":\"https:\/\/kapitalis.com\/tunisie\/?s={search_term_string}\"},\"query-input\":{\"@type\":\"PropertyValueSpecification\",\"valueRequired\":true,\"valueName\":\"search_term_string\"}}],\"inLanguage\":\"fr-FR\"},{\"@type\":\"Organization\",\"@id\":\"https:\/\/kapitalis.com\/tunisie\/#organization\",\"name\":\"Kapitalis\",\"url\":\"https:\/\/kapitalis.com\/tunisie\/\",\"logo\":{\"@type\":\"ImageObject\",\"inLanguage\":\"fr-FR\",\"@id\":\"https:\/\/kapitalis.com\/tunisie\/#\/schema\/logo\/image\/\",\"url\":\"https:\/\/kapitalis.com\/tunisie\/wp-content\/uploads\/2022\/05\/Kapitalis-big-size.png\",\"contentUrl\":\"https:\/\/kapitalis.com\/tunisie\/wp-content\/uploads\/2022\/05\/Kapitalis-big-size.png\",\"width\":5000,\"height\":1500,\"caption\":\"Kapitalis\"},\"image\":{\"@id\":\"https:\/\/kapitalis.com\/tunisie\/#\/schema\/logo\/image\/\"},\"sameAs\":[\"https:\/\/www.facebook.com\/KapitalisInfo\/\",\"https:\/\/x.com\/KapitalisInfo\",\"https:\/\/www.youtube.com\/channel\/UC-yDYrHyfFBWWZaOw3FPg9Q\"]},{\"@type\":\"Person\",\"@id\":\"https:\/\/kapitalis.com\/tunisie\/#\/schema\/person\/d71f33a9ca44f7bad4698210b480c8e9\",\"name\":\"webmaster kapitalis\",\"url\":\"https:\/\/kapitalis.com\/tunisie\/author\/webmaster-kapitalis\/\"}]}<\/script>\n<!-- \/ Yoast SEO plugin. -->","yoast_head_json":{"title":"Tunisie\u00a0: le PDL met en garde contre l\u2019installation d\u2019un parlement \u00abrejet\u00e9 par le peuple\u00bb - Kapitalis","robots":{"index":"index","follow":"follow","max-snippet":"max-snippet:-1","max-image-preview":"max-image-preview:large","max-video-preview":"max-video-preview:-1"},"canonical":"https:\/\/kapitalis.com\/tunisie\/2022\/12\/20\/tunisie-le-pdl-met-en-garde-contre-linstallation-dun-parlement-rejete-par-le-peuple\/","og_locale":"fr_FR","og_type":"article","og_title":"Tunisie\u00a0: le PDL met en garde contre l\u2019installation d\u2019un parlement \u00abrejet\u00e9 par le peuple\u00bb - Kapitalis","og_description":"Le PDL renouvelle son appel \u00e0 l\u2019organisation d\u2019\u00e9lections pr\u00e9sidentielles dans les meilleurs d\u00e9lais.","og_url":"https:\/\/kapitalis.com\/tunisie\/2022\/12\/20\/tunisie-le-pdl-met-en-garde-contre-linstallation-dun-parlement-rejete-par-le-peuple\/","og_site_name":"Kapitalis","article_publisher":"https:\/\/www.facebook.com\/KapitalisInfo\/","article_published_time":"2022-12-20T12:44:10+00:00","article_modified_time":"2022-12-20T12:44:11+00:00","og_image":[{"width":1200,"height":630,"url":"https:\/\/kapitalis.com\/tunisie\/wp-content\/uploads\/2022\/09\/PDL-manif.jpg","type":"image\/jpeg"}],"author":"webmaster kapitalis","twitter_card":"summary_large_image","twitter_creator":"@KapitalisInfo","twitter_site":"@KapitalisInfo","twitter_misc":{"\u00c9crit par":"webmaster kapitalis","Dur\u00e9e de lecture estim\u00e9e":"1 minute"},"schema":{"@context":"https:\/\/schema.org","@graph":[{"@type":"Article","@id":"https:\/\/kapitalis.com\/tunisie\/2022\/12\/20\/tunisie-le-pdl-met-en-garde-contre-linstallation-dun-parlement-rejete-par-le-peuple\/#article","isPartOf":{"@id":"https:\/\/kapitalis.com\/tunisie\/2022\/12\/20\/tunisie-le-pdl-met-en-garde-contre-linstallation-dun-parlement-rejete-par-le-peuple\/"},"author":{"name":"webmaster kapitalis","@id":"https:\/\/kapitalis.com\/tunisie\/#\/schema\/person\/d71f33a9ca44f7bad4698210b480c8e9"},"headline":"Tunisie\u00a0: le PDL met en garde contre l\u2019installation d\u2019un parlement \u00abrejet\u00e9 par le peuple\u00bb","datePublished":"2022-12-20T12:44:10+00:00","dateModified":"2022-12-20T12:44:11+00:00","mainEntityOfPage":{"@id":"https:\/\/kapitalis.com\/tunisie\/2022\/12\/20\/tunisie-le-pdl-met-en-garde-contre-linstallation-dun-parlement-rejete-par-le-peuple\/"},"wordCount":232,"commentCount":2,"publisher":{"@id":"https:\/\/kapitalis.com\/tunisie\/#organization"},"image":{"@id":"https:\/\/kapitalis.com\/tunisie\/2022\/12\/20\/tunisie-le-pdl-met-en-garde-contre-linstallation-dun-parlement-rejete-par-le-peuple\/#primaryimage"},"thumbnailUrl":"https:\/\/kapitalis.com\/tunisie\/wp-content\/uploads\/2022\/09\/PDL-manif.jpg","keywords":["Isie","Ka\u00efs Sa\u00efed","l\u00e9gislatives","parti destourien","PDL","Tunisie"],"articleSection":["POLITIQUE","Tunisie"],"inLanguage":"fr-FR","potentialAction":[{"@type":"CommentAction","name":"Comment","target":["https:\/\/kapitalis.com\/tunisie\/2022\/12\/20\/tunisie-le-pdl-met-en-garde-contre-linstallation-dun-parlement-rejete-par-le-peuple\/#respond"]}]},{"@type":"WebPage","@id":"https:\/\/kapitalis.com\/tunisie\/2022\/12\/20\/tunisie-le-pdl-met-en-garde-contre-linstallation-dun-parlement-rejete-par-le-peuple\/","url":"https:\/\/kapitalis.com\/tunisie\/2022\/12\/20\/tunisie-le-pdl-met-en-garde-contre-linstallation-dun-parlement-rejete-par-le-peuple\/","name":"Tunisie\u00a0: le PDL met en garde contre l\u2019installation d\u2019un parlement \u00abrejet\u00e9 par le peuple\u00bb - Kapitalis","isPartOf":{"@id":"https:\/\/kapitalis.com\/tunisie\/#website"},"primaryImageOfPage":{"@id":"https:\/\/kapitalis.com\/tunisie\/2022\/12\/20\/tunisie-le-pdl-met-en-garde-contre-linstallation-dun-parlement-rejete-par-le-peuple\/#primaryimage"},"image":{"@id":"https:\/\/kapitalis.com\/tunisie\/2022\/12\/20\/tunisie-le-pdl-met-en-garde-contre-linstallation-dun-parlement-rejete-par-le-peuple\/#primaryimage"},"thumbnailUrl":"https:\/\/kapitalis.com\/tunisie\/wp-content\/uploads\/2022\/09\/PDL-manif.jpg","datePublished":"2022-12-20T12:44:10+00:00","dateModified":"2022-12-20T12:44:11+00:00","breadcrumb":{"@id":"https:\/\/kapitalis.com\/tunisie\/2022\/12\/20\/tunisie-le-pdl-met-en-garde-contre-linstallation-dun-parlement-rejete-par-le-peuple\/#breadcrumb"},"inLanguage":"fr-FR","potentialAction":[{"@type":"ReadAction","target":["https:\/\/kapitalis.com\/tunisie\/2022\/12\/20\/tunisie-le-pdl-met-en-garde-contre-linstallation-dun-parlement-rejete-par-le-peuple\/"]}]},{"@type":"ImageObject","inLanguage":"fr-FR","@id":"https:\/\/kapitalis.com\/tunisie\/2022\/12\/20\/tunisie-le-pdl-met-en-garde-contre-linstallation-dun-parlement-rejete-par-le-peuple\/#primaryimage","url":"https:\/\/kapitalis.com\/tunisie\/wp-content\/uploads\/2022\/09\/PDL-manif.jpg","contentUrl":"https:\/\/kapitalis.com\/tunisie\/wp-content\/uploads\/2022\/09\/PDL-manif.jpg","width":1200,"height":630},{"@type":"BreadcrumbList","@id":"https:\/\/kapitalis.com\/tunisie\/2022\/12\/20\/tunisie-le-pdl-met-en-garde-contre-linstallation-dun-parlement-rejete-par-le-peuple\/#breadcrumb","itemListElement":[{"@type":"ListItem","position":1,"name":"Accueil","item":"https:\/\/kapitalis.com\/tunisie\/"},{"@type":"ListItem","position":2,"name":"Tunisie\u00a0: le PDL met en garde contre l\u2019installation d\u2019un parlement \u00abrejet\u00e9 par le peuple\u00bb"}]},{"@type":"WebSite","@id":"https:\/\/kapitalis.com\/tunisie\/#website","url":"https:\/\/kapitalis.com\/tunisie\/","name":"Kapitalis","description":"L&#039;actualit\u00e9 en Tunisie et dans le monde","publisher":{"@id":"https:\/\/kapitalis.com\/tunisie\/#organization"},"potentialAction":[{"@type":"SearchAction","target":{"@type":"EntryPoint","urlTemplate":"https:\/\/kapitalis.com\/tunisie\/?s={search_term_string}"},"query-input":{"@type":"PropertyValueSpecification","valueRequired":true,"valueName":"search_term_string"}}],"inLanguage":"fr-FR"},{"@type":"Organization","@id":"https:\/\/kapitalis.com\/tunisie\/#organization","name":"Kapitalis","url":"https:\/\/kapitalis.com\/tunisie\/","logo":{"@type":"ImageObject","inLanguage":"fr-FR","@id":"https:\/\/kapitalis.com\/tunisie\/#\/schema\/logo\/image\/","url":"https:\/\/kapitalis.com\/tunisie\/wp-content\/uploads\/2022\/05\/Kapitalis-big-size.png","contentUrl":"https:\/\/kapitalis.com\/tunisie\/wp-content\/uploads\/2022\/05\/Kapitalis-big-size.png","width":5000,"height":1500,"caption":"Kapitalis"},"image":{"@id":"https:\/\/kapitalis.com\/tunisie\/#\/schema\/logo\/image\/"},"sameAs":["https:\/\/www.facebook.com\/KapitalisInfo\/","https:\/\/x.com\/KapitalisInfo","https:\/\/www.youtube.com\/channel\/UC-yDYrHyfFBWWZaOw3FPg9Q"]},{"@type":"Person","@id":"https:\/\/kapitalis.com\/tunisie\/#\/schema\/person\/d71f33a9ca44f7bad4698210b480c8e9","name":"webmaster kapitalis","url":"https:\/\/kapitalis.com\/tunisie\/author\/webmaster-kapitalis\/"}]}},"_links":{"self":[{"href":"https:\/\/kapitalis.com\/tunisie\/wp-json\/wp\/v2\/posts\/5760152","targetHints":{"allow":["GET"]}}],"collection":[{"href":"https:\/\/kapitalis.com\/tunisie\/wp-json\/wp\/v2\/posts"}],"about":[{"href":"https:\/\/kapitalis.com\/tunisie\/wp-json\/wp\/v2\/types\/post"}],"author":[{"embeddable":true,"href":"https:\/\/kapitalis.com\/tunisie\/wp-json\/wp\/v2\/users\/8"}],"replies":[{"embeddable":true,"href":"https:\/\/kapitalis.com\/tunisie\/wp-json\/wp\/v2\/comments?post=5760152"}],"version-history":[{"count":1,"href":"https:\/\/kapitalis.com\/tunisie\/wp-json\/wp\/v2\/posts\/5760152\/revisions"}],"predecessor-version":[{"id":5760188,"href":"https:\/\/kapitalis.com\/tunisie\/wp-json\/wp\/v2\/posts\/5760152\/revisions\/5760188"}],"wp:featuredmedia":[{"embeddable":true,"href":"https:\/\/kapitalis.com\/tunisie\/wp-json\/wp\/v2\/media\/4273701"}],"wp:attachment":[{"href":"https:\/\/kapitalis.com\/tunisie\/wp-json\/wp\/v2\/media?parent=5760152"}],"wp:term":[{"taxonomy":"category","embeddable":true,"href":"https:\/\/kapitalis.com\/tunisie\/wp-json\/wp\/v2\/categories?post=5760152"},{"taxonomy":"post_tag","embeddable":true,"href":"https:\/\/kapitalis.com\/tunisie\/wp-json\/wp\/v2\/tags?post=5760152"}],"curies":[{"name":"wp","href":"https:\/\/api.w.org\/{rel}","templated":true}]}}