{"id":57660,"date":"2016-07-13T17:23:49","date_gmt":"2016-07-13T16:23:49","guid":{"rendered":"http:\/\/kapitalis.com\/tunisie\/?p=57660"},"modified":"2016-07-13T17:34:23","modified_gmt":"2016-07-13T16:34:23","slug":"tunis-une-ado-disparue-du-centre-de-protection-sociale-des-enfants","status":"publish","type":"post","link":"https:\/\/kapitalis.com\/tunisie\/2016\/07\/13\/tunis-une-ado-disparue-du-centre-de-protection-sociale-des-enfants\/","title":{"rendered":"Tunis : Une ado disparue du Centre de protection sociale des enfants"},"content":{"rendered":"<p style=\"text-align: center;\"><img loading=\"lazy\" decoding=\"async\" class=\"alignnone size-full wp-image-57662\" src=\"http:\/\/kapitalis.com\/tunisie\/wp-content\/uploads\/2016\/07\/Sabrine-B-Ammar-Centre-de-protection-sociale-des-enfants.jpg\" alt=\"Sabrine B-Ammar Centre de protection sociale des enfants\" width=\"626\" height=\"380\" \/><\/p>\n<p><em><strong>Le minist\u00e8re de l\u2019Int\u00e9rieur a lanc\u00e9 un appel \u00e0 t\u00e9moins pour retrouver Sabrine Ben Ammar (14 ans), disparue \u00e0 Tunis.<\/strong><\/em><\/p>\n<p><!--more--><\/p>\n<p>Le minist\u00e8re, qui a publi\u00e9 la photo de Sabrine, fille de Cyrine Ben Amor Ben Ammar, pr\u00e9cise qu\u2019il s\u2019agit d\u2019une \u00e9l\u00e8ve prise en charge et h\u00e9berg\u00e9 au Centre de protection sociale des enfants de Zahrouni, \u00e0 l&rsquo;ouest de Tunis.<\/p>\n<p>Les t\u00e9moins sont pri\u00e9s d\u2019apporter toute information pouvant \u00eatre utile pour retrouver Sabrine, en appelant les num\u00e9ros suivants: 71.341.666 \/ 71.571.264 \/ 71.566.977 ou en se rendant directement au poste de police le plus proche ou au si\u00e8ge de la police judiciaire, \u00e0 l\u2019Avenue\u00a0 9-Avril 1938, \u00e0 Tunis.<\/p>\n<p style=\"text-align: right;\"><strong>Y. N.<\/strong><\/p>\n","protected":false},"excerpt":{"rendered":"<p>Le minist\u00e8re de l\u2019Int\u00e9rieur a lanc\u00e9 un appel \u00e0 t\u00e9moins pour retrouver Sabrine Ben Ammar (14 ans), disparue \u00e0 Tunis.<\/p>\n","protected":false},"author":6,"featured_media":57662,"comment_status":"open","ping_status":"open","sticky":false,"template":"","format":"standard","meta":{"footnotes":""},"categories":[998,2433],"tags":[2126,616],"class_list":["post-57660","post","type-post","status-publish","format-standard","has-post-thumbnail","hentry","category-societe","category-tunisie","tag-disparue","tag-ministere-interieur"],"yoast_head":"<!-- This site is optimized with the Yoast SEO plugin v26.6 - https:\/\/yoast.com\/wordpress\/plugins\/seo\/ -->\n<title>Tunis : Une ado disparue du Centre de protection sociale des enfants - Kapitalis<\/title>\n<meta name=\"robots\" content=\"index, follow, max-snippet:-1, max-image-preview:large, max-video-preview:-1\" \/>\n<link rel=\"canonical\" href=\"https:\/\/kapitalis.com\/tunisie\/2016\/07\/13\/tunis-une-ado-disparue-du-centre-de-protection-sociale-des-enfants\/\" \/>\n<meta property=\"og:locale\" content=\"fr_FR\" \/>\n<meta property=\"og:type\" content=\"article\" \/>\n<meta property=\"og:title\" content=\"Tunis : Une ado disparue du Centre de protection sociale des enfants - Kapitalis\" \/>\n<meta property=\"og:description\" content=\"Le minist\u00e8re de l\u2019Int\u00e9rieur a lanc\u00e9 un appel \u00e0 t\u00e9moins pour retrouver Sabrine Ben Ammar (14 ans), disparue \u00e0 Tunis.\" \/>\n<meta property=\"og:url\" content=\"https:\/\/kapitalis.com\/tunisie\/2016\/07\/13\/tunis-une-ado-disparue-du-centre-de-protection-sociale-des-enfants\/\" \/>\n<meta property=\"og:site_name\" content=\"Kapitalis\" \/>\n<meta property=\"article:publisher\" content=\"https:\/\/www.facebook.com\/KapitalisInfo\/\" \/>\n<meta property=\"article:published_time\" content=\"2016-07-13T16:23:49+00:00\" \/>\n<meta property=\"article:modified_time\" content=\"2016-07-13T16:34:23+00:00\" \/>\n<meta property=\"og:image\" content=\"https:\/\/kapitalis.com\/tunisie\/wp-content\/uploads\/2022\/05\/kapitalis-logo-fb.png\" \/>\n\t<meta property=\"og:image:width\" content=\"1200\" \/>\n\t<meta property=\"og:image:height\" content=\"630\" \/>\n\t<meta property=\"og:image:type\" content=\"image\/png\" \/>\n<meta name=\"author\" content=\"Yusra NY\" \/>\n<meta name=\"twitter:card\" content=\"summary_large_image\" \/>\n<meta name=\"twitter:creator\" content=\"@KapitalisInfo\" \/>\n<meta name=\"twitter:site\" content=\"@KapitalisInfo\" \/>\n<meta name=\"twitter:label1\" content=\"\u00c9crit par\" \/>\n\t<meta name=\"twitter:data1\" content=\"Yusra NY\" \/>\n\t<meta name=\"twitter:label2\" content=\"Dur\u00e9e de lecture estim\u00e9e\" \/>\n\t<meta name=\"twitter:data2\" content=\"1 minute\" \/>\n<script type=\"application\/ld+json\" class=\"yoast-schema-graph\">{\"@context\":\"https:\/\/schema.org\",\"@graph\":[{\"@type\":\"Article\",\"@id\":\"https:\/\/kapitalis.com\/tunisie\/2016\/07\/13\/tunis-une-ado-disparue-du-centre-de-protection-sociale-des-enfants\/#article\",\"isPartOf\":{\"@id\":\"https:\/\/kapitalis.com\/tunisie\/2016\/07\/13\/tunis-une-ado-disparue-du-centre-de-protection-sociale-des-enfants\/\"},\"author\":{\"name\":\"Yusra NY\",\"@id\":\"https:\/\/kapitalis.com\/tunisie\/#\/schema\/person\/74bbde0154d49d790a92aaeac5bc01d5\"},\"headline\":\"Tunis : Une ado disparue du Centre de protection sociale des enfants\",\"datePublished\":\"2016-07-13T16:23:49+00:00\",\"dateModified\":\"2016-07-13T16:34:23+00:00\",\"mainEntityOfPage\":{\"@id\":\"https:\/\/kapitalis.com\/tunisie\/2016\/07\/13\/tunis-une-ado-disparue-du-centre-de-protection-sociale-des-enfants\/\"},\"wordCount\":125,\"commentCount\":0,\"publisher\":{\"@id\":\"https:\/\/kapitalis.com\/tunisie\/#organization\"},\"image\":{\"@id\":\"https:\/\/kapitalis.com\/tunisie\/2016\/07\/13\/tunis-une-ado-disparue-du-centre-de-protection-sociale-des-enfants\/#primaryimage\"},\"thumbnailUrl\":\"\",\"keywords\":[\"disparue\",\"minist\u00e8re int\u00e9rieur\"],\"articleSection\":[\"SOCIETE\",\"Tunisie\"],\"inLanguage\":\"fr-FR\",\"potentialAction\":[{\"@type\":\"CommentAction\",\"name\":\"Comment\",\"target\":[\"https:\/\/kapitalis.com\/tunisie\/2016\/07\/13\/tunis-une-ado-disparue-du-centre-de-protection-sociale-des-enfants\/#respond\"]}]},{\"@type\":\"WebPage\",\"@id\":\"https:\/\/kapitalis.com\/tunisie\/2016\/07\/13\/tunis-une-ado-disparue-du-centre-de-protection-sociale-des-enfants\/\",\"url\":\"https:\/\/kapitalis.com\/tunisie\/2016\/07\/13\/tunis-une-ado-disparue-du-centre-de-protection-sociale-des-enfants\/\",\"name\":\"Tunis : Une ado disparue du Centre de protection sociale des enfants - Kapitalis\",\"isPartOf\":{\"@id\":\"https:\/\/kapitalis.com\/tunisie\/#website\"},\"primaryImageOfPage\":{\"@id\":\"https:\/\/kapitalis.com\/tunisie\/2016\/07\/13\/tunis-une-ado-disparue-du-centre-de-protection-sociale-des-enfants\/#primaryimage\"},\"image\":{\"@id\":\"https:\/\/kapitalis.com\/tunisie\/2016\/07\/13\/tunis-une-ado-disparue-du-centre-de-protection-sociale-des-enfants\/#primaryimage\"},\"thumbnailUrl\":\"\",\"datePublished\":\"2016-07-13T16:23:49+00:00\",\"dateModified\":\"2016-07-13T16:34:23+00:00\",\"breadcrumb\":{\"@id\":\"https:\/\/kapitalis.com\/tunisie\/2016\/07\/13\/tunis-une-ado-disparue-du-centre-de-protection-sociale-des-enfants\/#breadcrumb\"},\"inLanguage\":\"fr-FR\",\"potentialAction\":[{\"@type\":\"ReadAction\",\"target\":[\"https:\/\/kapitalis.com\/tunisie\/2016\/07\/13\/tunis-une-ado-disparue-du-centre-de-protection-sociale-des-enfants\/\"]}]},{\"@type\":\"ImageObject\",\"inLanguage\":\"fr-FR\",\"@id\":\"https:\/\/kapitalis.com\/tunisie\/2016\/07\/13\/tunis-une-ado-disparue-du-centre-de-protection-sociale-des-enfants\/#primaryimage\",\"url\":\"\",\"contentUrl\":\"\"},{\"@type\":\"BreadcrumbList\",\"@id\":\"https:\/\/kapitalis.com\/tunisie\/2016\/07\/13\/tunis-une-ado-disparue-du-centre-de-protection-sociale-des-enfants\/#breadcrumb\",\"itemListElement\":[{\"@type\":\"ListItem\",\"position\":1,\"name\":\"Accueil\",\"item\":\"https:\/\/kapitalis.com\/tunisie\/\"},{\"@type\":\"ListItem\",\"position\":2,\"name\":\"Tunis : Une ado disparue du Centre de protection sociale des enfants\"}]},{\"@type\":\"WebSite\",\"@id\":\"https:\/\/kapitalis.com\/tunisie\/#website\",\"url\":\"https:\/\/kapitalis.com\/tunisie\/\",\"name\":\"Kapitalis\",\"description\":\"L&#039;actualit\u00e9 en Tunisie et dans le monde\",\"publisher\":{\"@id\":\"https:\/\/kapitalis.com\/tunisie\/#organization\"},\"potentialAction\":[{\"@type\":\"SearchAction\",\"target\":{\"@type\":\"EntryPoint\",\"urlTemplate\":\"https:\/\/kapitalis.com\/tunisie\/?s={search_term_string}\"},\"query-input\":{\"@type\":\"PropertyValueSpecification\",\"valueRequired\":true,\"valueName\":\"search_term_string\"}}],\"inLanguage\":\"fr-FR\"},{\"@type\":\"Organization\",\"@id\":\"https:\/\/kapitalis.com\/tunisie\/#organization\",\"name\":\"Kapitalis\",\"url\":\"https:\/\/kapitalis.com\/tunisie\/\",\"logo\":{\"@type\":\"ImageObject\",\"inLanguage\":\"fr-FR\",\"@id\":\"https:\/\/kapitalis.com\/tunisie\/#\/schema\/logo\/image\/\",\"url\":\"https:\/\/kapitalis.com\/tunisie\/wp-content\/uploads\/2022\/05\/Kapitalis-big-size.png\",\"contentUrl\":\"https:\/\/kapitalis.com\/tunisie\/wp-content\/uploads\/2022\/05\/Kapitalis-big-size.png\",\"width\":5000,\"height\":1500,\"caption\":\"Kapitalis\"},\"image\":{\"@id\":\"https:\/\/kapitalis.com\/tunisie\/#\/schema\/logo\/image\/\"},\"sameAs\":[\"https:\/\/www.facebook.com\/KapitalisInfo\/\",\"https:\/\/x.com\/KapitalisInfo\",\"https:\/\/www.youtube.com\/channel\/UC-yDYrHyfFBWWZaOw3FPg9Q\"]},{\"@type\":\"Person\",\"@id\":\"https:\/\/kapitalis.com\/tunisie\/#\/schema\/person\/74bbde0154d49d790a92aaeac5bc01d5\",\"name\":\"Yusra NY\",\"url\":\"https:\/\/kapitalis.com\/tunisie\/author\/yuza_adam\/\"}]}<\/script>\n<!-- \/ Yoast SEO plugin. -->","yoast_head_json":{"title":"Tunis : Une ado disparue du Centre de protection sociale des enfants - Kapitalis","robots":{"index":"index","follow":"follow","max-snippet":"max-snippet:-1","max-image-preview":"max-image-preview:large","max-video-preview":"max-video-preview:-1"},"canonical":"https:\/\/kapitalis.com\/tunisie\/2016\/07\/13\/tunis-une-ado-disparue-du-centre-de-protection-sociale-des-enfants\/","og_locale":"fr_FR","og_type":"article","og_title":"Tunis : Une ado disparue du Centre de protection sociale des enfants - Kapitalis","og_description":"Le minist\u00e8re de l\u2019Int\u00e9rieur a lanc\u00e9 un appel \u00e0 t\u00e9moins pour retrouver Sabrine Ben Ammar (14 ans), disparue \u00e0 Tunis.","og_url":"https:\/\/kapitalis.com\/tunisie\/2016\/07\/13\/tunis-une-ado-disparue-du-centre-de-protection-sociale-des-enfants\/","og_site_name":"Kapitalis","article_publisher":"https:\/\/www.facebook.com\/KapitalisInfo\/","article_published_time":"2016-07-13T16:23:49+00:00","article_modified_time":"2016-07-13T16:34:23+00:00","og_image":[{"width":1200,"height":630,"url":"https:\/\/kapitalis.com\/tunisie\/wp-content\/uploads\/2022\/05\/kapitalis-logo-fb.png","type":"image\/png"}],"author":"Yusra NY","twitter_card":"summary_large_image","twitter_creator":"@KapitalisInfo","twitter_site":"@KapitalisInfo","twitter_misc":{"\u00c9crit par":"Yusra NY","Dur\u00e9e de lecture estim\u00e9e":"1 minute"},"schema":{"@context":"https:\/\/schema.org","@graph":[{"@type":"Article","@id":"https:\/\/kapitalis.com\/tunisie\/2016\/07\/13\/tunis-une-ado-disparue-du-centre-de-protection-sociale-des-enfants\/#article","isPartOf":{"@id":"https:\/\/kapitalis.com\/tunisie\/2016\/07\/13\/tunis-une-ado-disparue-du-centre-de-protection-sociale-des-enfants\/"},"author":{"name":"Yusra NY","@id":"https:\/\/kapitalis.com\/tunisie\/#\/schema\/person\/74bbde0154d49d790a92aaeac5bc01d5"},"headline":"Tunis : Une ado disparue du Centre de protection sociale des enfants","datePublished":"2016-07-13T16:23:49+00:00","dateModified":"2016-07-13T16:34:23+00:00","mainEntityOfPage":{"@id":"https:\/\/kapitalis.com\/tunisie\/2016\/07\/13\/tunis-une-ado-disparue-du-centre-de-protection-sociale-des-enfants\/"},"wordCount":125,"commentCount":0,"publisher":{"@id":"https:\/\/kapitalis.com\/tunisie\/#organization"},"image":{"@id":"https:\/\/kapitalis.com\/tunisie\/2016\/07\/13\/tunis-une-ado-disparue-du-centre-de-protection-sociale-des-enfants\/#primaryimage"},"thumbnailUrl":"","keywords":["disparue","minist\u00e8re int\u00e9rieur"],"articleSection":["SOCIETE","Tunisie"],"inLanguage":"fr-FR","potentialAction":[{"@type":"CommentAction","name":"Comment","target":["https:\/\/kapitalis.com\/tunisie\/2016\/07\/13\/tunis-une-ado-disparue-du-centre-de-protection-sociale-des-enfants\/#respond"]}]},{"@type":"WebPage","@id":"https:\/\/kapitalis.com\/tunisie\/2016\/07\/13\/tunis-une-ado-disparue-du-centre-de-protection-sociale-des-enfants\/","url":"https:\/\/kapitalis.com\/tunisie\/2016\/07\/13\/tunis-une-ado-disparue-du-centre-de-protection-sociale-des-enfants\/","name":"Tunis : Une ado disparue du Centre de protection sociale des enfants - Kapitalis","isPartOf":{"@id":"https:\/\/kapitalis.com\/tunisie\/#website"},"primaryImageOfPage":{"@id":"https:\/\/kapitalis.com\/tunisie\/2016\/07\/13\/tunis-une-ado-disparue-du-centre-de-protection-sociale-des-enfants\/#primaryimage"},"image":{"@id":"https:\/\/kapitalis.com\/tunisie\/2016\/07\/13\/tunis-une-ado-disparue-du-centre-de-protection-sociale-des-enfants\/#primaryimage"},"thumbnailUrl":"","datePublished":"2016-07-13T16:23:49+00:00","dateModified":"2016-07-13T16:34:23+00:00","breadcrumb":{"@id":"https:\/\/kapitalis.com\/tunisie\/2016\/07\/13\/tunis-une-ado-disparue-du-centre-de-protection-sociale-des-enfants\/#breadcrumb"},"inLanguage":"fr-FR","potentialAction":[{"@type":"ReadAction","target":["https:\/\/kapitalis.com\/tunisie\/2016\/07\/13\/tunis-une-ado-disparue-du-centre-de-protection-sociale-des-enfants\/"]}]},{"@type":"ImageObject","inLanguage":"fr-FR","@id":"https:\/\/kapitalis.com\/tunisie\/2016\/07\/13\/tunis-une-ado-disparue-du-centre-de-protection-sociale-des-enfants\/#primaryimage","url":"","contentUrl":""},{"@type":"BreadcrumbList","@id":"https:\/\/kapitalis.com\/tunisie\/2016\/07\/13\/tunis-une-ado-disparue-du-centre-de-protection-sociale-des-enfants\/#breadcrumb","itemListElement":[{"@type":"ListItem","position":1,"name":"Accueil","item":"https:\/\/kapitalis.com\/tunisie\/"},{"@type":"ListItem","position":2,"name":"Tunis : Une ado disparue du Centre de protection sociale des enfants"}]},{"@type":"WebSite","@id":"https:\/\/kapitalis.com\/tunisie\/#website","url":"https:\/\/kapitalis.com\/tunisie\/","name":"Kapitalis","description":"L&#039;actualit\u00e9 en Tunisie et dans le monde","publisher":{"@id":"https:\/\/kapitalis.com\/tunisie\/#organization"},"potentialAction":[{"@type":"SearchAction","target":{"@type":"EntryPoint","urlTemplate":"https:\/\/kapitalis.com\/tunisie\/?s={search_term_string}"},"query-input":{"@type":"PropertyValueSpecification","valueRequired":true,"valueName":"search_term_string"}}],"inLanguage":"fr-FR"},{"@type":"Organization","@id":"https:\/\/kapitalis.com\/tunisie\/#organization","name":"Kapitalis","url":"https:\/\/kapitalis.com\/tunisie\/","logo":{"@type":"ImageObject","inLanguage":"fr-FR","@id":"https:\/\/kapitalis.com\/tunisie\/#\/schema\/logo\/image\/","url":"https:\/\/kapitalis.com\/tunisie\/wp-content\/uploads\/2022\/05\/Kapitalis-big-size.png","contentUrl":"https:\/\/kapitalis.com\/tunisie\/wp-content\/uploads\/2022\/05\/Kapitalis-big-size.png","width":5000,"height":1500,"caption":"Kapitalis"},"image":{"@id":"https:\/\/kapitalis.com\/tunisie\/#\/schema\/logo\/image\/"},"sameAs":["https:\/\/www.facebook.com\/KapitalisInfo\/","https:\/\/x.com\/KapitalisInfo","https:\/\/www.youtube.com\/channel\/UC-yDYrHyfFBWWZaOw3FPg9Q"]},{"@type":"Person","@id":"https:\/\/kapitalis.com\/tunisie\/#\/schema\/person\/74bbde0154d49d790a92aaeac5bc01d5","name":"Yusra NY","url":"https:\/\/kapitalis.com\/tunisie\/author\/yuza_adam\/"}]}},"_links":{"self":[{"href":"https:\/\/kapitalis.com\/tunisie\/wp-json\/wp\/v2\/posts\/57660","targetHints":{"allow":["GET"]}}],"collection":[{"href":"https:\/\/kapitalis.com\/tunisie\/wp-json\/wp\/v2\/posts"}],"about":[{"href":"https:\/\/kapitalis.com\/tunisie\/wp-json\/wp\/v2\/types\/post"}],"author":[{"embeddable":true,"href":"https:\/\/kapitalis.com\/tunisie\/wp-json\/wp\/v2\/users\/6"}],"replies":[{"embeddable":true,"href":"https:\/\/kapitalis.com\/tunisie\/wp-json\/wp\/v2\/comments?post=57660"}],"version-history":[{"count":0,"href":"https:\/\/kapitalis.com\/tunisie\/wp-json\/wp\/v2\/posts\/57660\/revisions"}],"wp:featuredmedia":[{"embeddable":true,"href":"https:\/\/kapitalis.com\/tunisie\/wp-json\/wp\/v2\/media\/57662"}],"wp:attachment":[{"href":"https:\/\/kapitalis.com\/tunisie\/wp-json\/wp\/v2\/media?parent=57660"}],"wp:term":[{"taxonomy":"category","embeddable":true,"href":"https:\/\/kapitalis.com\/tunisie\/wp-json\/wp\/v2\/categories?post=57660"},{"taxonomy":"post_tag","embeddable":true,"href":"https:\/\/kapitalis.com\/tunisie\/wp-json\/wp\/v2\/tags?post=57660"}],"curies":[{"name":"wp","href":"https:\/\/api.w.org\/{rel}","templated":true}]}}