{"id":5766318,"date":"2022-12-20T23:29:15","date_gmt":"2022-12-20T22:29:15","guid":{"rendered":"https:\/\/kapitalis.com\/tunisie\/?p=5766318"},"modified":"2022-12-20T23:52:44","modified_gmt":"2022-12-20T22:52:44","slug":"tunisie-azimoun-appelle-a-lannulation-des-legislatives-et-a-la-demission-du-president-saied","status":"publish","type":"post","link":"https:\/\/kapitalis.com\/tunisie\/2022\/12\/20\/tunisie-azimoun-appelle-a-lannulation-des-legislatives-et-a-la-demission-du-president-saied\/","title":{"rendered":"Tunisie : Azimoun appelle \u00e0 l&rsquo;annulation des l\u00e9gislatives et \u00e0 la d\u00e9mission du pr\u00e9sident Sa\u00efed"},"content":{"rendered":"\n<p><em><strong>Le mouvement Azimoun, pr\u00e9sid\u00e9 par l&rsquo;ancien d\u00e9put\u00e9 Ayachi Zammel a appel\u00e9, ce mardi 20 d\u00e9cembre 2022, \u00e0 l&rsquo;annulation des l\u00e9gislatives du 17 d\u00e9cembre estimant que celles-ci ne sont pas l\u00e9gitimes, tout en demandant \u00e0 Ka\u00efs Sa\u00efed \u00e0 d\u00e9missionner de la pr\u00e9sidence de la r\u00e9publique.<\/strong><\/em><\/p>\n\n\n\n<!--more-->\n\n\n\n<p>Pour Azimoun, les r\u00e9sultats des l\u00e9gislatives marqu\u00e9es par un tr\u00e8s faible taux de participation (11,22% selon l&rsquo;Isie) d\u00e9montrent l\u2019ill\u00e9gitimit\u00e9 de ce scrutin et estime de ce fait, que cela s&rsquo;apparente \u00e0 un <em>\u00abretrait de confiance au pr\u00e9sident de la r\u00e9publique, appel\u00e9 \u00e0 d\u00e9missionner\u00bb.<\/em><\/p>\n\n\n\n<p>La m\u00eame source a indiqu\u00e9 que <em>\u00abla nouvelle loi \u00e9lectorale affaibli le r\u00f4le du parlement qui sera compos\u00e9 de d\u00e9put\u00e9s sans identit\u00e9 politique<\/em>\u00bb, et a affirm\u00e9 que <em>\u00able peuple tunisien a rejet\u00e9 la voie unilat\u00e9rale suivie par le chef de l&rsquo;Etat et qu&rsquo;il est temps que chacun prenne ses responsabilit\u00e9s afin de sortir le pays de l&rsquo;impasse politique\u00bb.<\/em><\/p>\n\n\n\n<p>Dans son communiqu\u00e9, Azimoun a aussi invit\u00e9 le Quartet, parrain du dialogue national tunisien, qui a re\u00e7u le Prix Nobel de la paix 2015, \u00ab<em>\u00e0 assumer la responsabilit\u00e9 historique envers la patrie en lan\u00e7ant un dialogue national inclusif et \u00e0 encadrer cette phase de transition\u00bb,<\/em> en attendant de mettre en places des \u00e9lections l\u00e9gislatives et pr\u00e9sidentielle anticip\u00e9es.<\/p>\n\n\n\n<p>Et de conclure en r\u00e9affirmant sa disponibilit\u00e9 \u00e0 prendre toutes les mesures n\u00e9cessaires pour contribuer au succ\u00e8s de cette initiative, ainsi que son ouverture \u00e0 toutes les propositions qui permettront \u00e0 la Tunisie de surmonter cette profonde crise.<\/p>\n\n\n\n<p class=\"has-text-align-right\"><strong>Y. N.<\/strong><\/p>\n","protected":false},"excerpt":{"rendered":"<p>Tunisie : Azimoun appelle \u00e0 l&rsquo;annulation des l\u00e9gislatives et \u00e0 la d\u00e9mission du pr\u00e9sident Sa\u00efed<\/p>\n","protected":false},"author":6,"featured_media":2236952,"comment_status":"open","ping_status":"open","sticky":false,"template":"","format":"standard","meta":{"footnotes":""},"categories":[997,2433],"tags":[100800,313,76012,9031,1158,4797,62643],"class_list":["post-5766318","post","type-post","status-publish","format-standard","has-post-thumbnail","hentry","category-politique","category-tunisie","tag-azimoun","tag-elections","tag-kais-saied-2","tag-legislatives","tag-presidence","tag-presidentielle","tag-tunisie"],"yoast_head":"<!-- This site is optimized with the Yoast SEO plugin v26.6 - https:\/\/yoast.com\/wordpress\/plugins\/seo\/ -->\n<title>Tunisie : Azimoun appelle \u00e0 l&#039;annulation des l\u00e9gislatives et \u00e0 la d\u00e9mission du pr\u00e9sident Sa\u00efed - Kapitalis<\/title>\n<meta name=\"description\" content=\"Le mouvement Azimoun, pr\u00e9sid\u00e9 par l&#039;ancien d\u00e9put\u00e9 Ayachi Zammel a appel\u00e9, ce mardi 20 d\u00e9cembre 2022, \u00e0 l&#039;annulation des l\u00e9gislatives du 17 d\u00e9cembre estimant que celles-ci ne sont pas l\u00e9gitimes, tout en demandant \u00e0 Ka\u00efs Sa\u00efed \u00e0 d\u00e9missionner de la pr\u00e9sidence de la r\u00e9publique.\" \/>\n<meta name=\"robots\" content=\"index, follow, max-snippet:-1, max-image-preview:large, max-video-preview:-1\" \/>\n<link rel=\"canonical\" href=\"https:\/\/kapitalis.com\/tunisie\/2022\/12\/20\/tunisie-azimoun-appelle-a-lannulation-des-legislatives-et-a-la-demission-du-president-saied\/\" \/>\n<meta property=\"og:locale\" content=\"fr_FR\" \/>\n<meta property=\"og:type\" content=\"article\" \/>\n<meta property=\"og:title\" content=\"Tunisie : Azimoun appelle \u00e0 l&#039;annulation des l\u00e9gislatives et \u00e0 la d\u00e9mission du pr\u00e9sident Sa\u00efed - Kapitalis\" \/>\n<meta property=\"og:description\" content=\"Le mouvement Azimoun, pr\u00e9sid\u00e9 par l&#039;ancien d\u00e9put\u00e9 Ayachi Zammel a appel\u00e9, ce mardi 20 d\u00e9cembre 2022, \u00e0 l&#039;annulation des l\u00e9gislatives du 17 d\u00e9cembre estimant que celles-ci ne sont pas l\u00e9gitimes, tout en demandant \u00e0 Ka\u00efs Sa\u00efed \u00e0 d\u00e9missionner de la pr\u00e9sidence de la r\u00e9publique.\" \/>\n<meta property=\"og:url\" content=\"https:\/\/kapitalis.com\/tunisie\/2022\/12\/20\/tunisie-azimoun-appelle-a-lannulation-des-legislatives-et-a-la-demission-du-president-saied\/\" \/>\n<meta property=\"og:site_name\" content=\"Kapitalis\" \/>\n<meta property=\"article:publisher\" content=\"https:\/\/www.facebook.com\/KapitalisInfo\/\" \/>\n<meta property=\"article:published_time\" content=\"2022-12-20T22:29:15+00:00\" \/>\n<meta property=\"article:modified_time\" content=\"2022-12-20T22:52:44+00:00\" \/>\n<meta property=\"og:image\" content=\"https:\/\/kapitalis.com\/tunisie\/wp-content\/uploads\/2022\/07\/Azimoun-Ayachi-Zammel.jpg\" \/>\n\t<meta property=\"og:image:width\" content=\"1200\" \/>\n\t<meta property=\"og:image:height\" content=\"630\" \/>\n\t<meta property=\"og:image:type\" content=\"image\/jpeg\" \/>\n<meta name=\"author\" content=\"Yusra NY\" \/>\n<meta name=\"twitter:card\" content=\"summary_large_image\" \/>\n<meta name=\"twitter:creator\" content=\"@KapitalisInfo\" \/>\n<meta name=\"twitter:site\" content=\"@KapitalisInfo\" \/>\n<meta name=\"twitter:label1\" content=\"\u00c9crit par\" \/>\n\t<meta name=\"twitter:data1\" content=\"Yusra NY\" \/>\n\t<meta name=\"twitter:label2\" content=\"Dur\u00e9e de lecture estim\u00e9e\" \/>\n\t<meta name=\"twitter:data2\" content=\"2 minutes\" \/>\n<script type=\"application\/ld+json\" class=\"yoast-schema-graph\">{\"@context\":\"https:\/\/schema.org\",\"@graph\":[{\"@type\":\"Article\",\"@id\":\"https:\/\/kapitalis.com\/tunisie\/2022\/12\/20\/tunisie-azimoun-appelle-a-lannulation-des-legislatives-et-a-la-demission-du-president-saied\/#article\",\"isPartOf\":{\"@id\":\"https:\/\/kapitalis.com\/tunisie\/2022\/12\/20\/tunisie-azimoun-appelle-a-lannulation-des-legislatives-et-a-la-demission-du-president-saied\/\"},\"author\":{\"name\":\"Yusra NY\",\"@id\":\"https:\/\/kapitalis.com\/tunisie\/#\/schema\/person\/74bbde0154d49d790a92aaeac5bc01d5\"},\"headline\":\"Tunisie : Azimoun appelle \u00e0 l&rsquo;annulation des l\u00e9gislatives et \u00e0 la d\u00e9mission du pr\u00e9sident Sa\u00efed\",\"datePublished\":\"2022-12-20T22:29:15+00:00\",\"dateModified\":\"2022-12-20T22:52:44+00:00\",\"mainEntityOfPage\":{\"@id\":\"https:\/\/kapitalis.com\/tunisie\/2022\/12\/20\/tunisie-azimoun-appelle-a-lannulation-des-legislatives-et-a-la-demission-du-president-saied\/\"},\"wordCount\":278,\"commentCount\":0,\"publisher\":{\"@id\":\"https:\/\/kapitalis.com\/tunisie\/#organization\"},\"image\":{\"@id\":\"https:\/\/kapitalis.com\/tunisie\/2022\/12\/20\/tunisie-azimoun-appelle-a-lannulation-des-legislatives-et-a-la-demission-du-president-saied\/#primaryimage\"},\"thumbnailUrl\":\"https:\/\/kapitalis.com\/tunisie\/wp-content\/uploads\/2022\/07\/Azimoun-Ayachi-Zammel.jpg\",\"keywords\":[\"Azimoun\",\"\u00e9lections\",\"Ka\u00efs Sa\u00efed\",\"l\u00e9gislatives\",\"pr\u00e9sidence\",\"pr\u00e9sidentielle\",\"Tunisie\"],\"articleSection\":[\"POLITIQUE\",\"Tunisie\"],\"inLanguage\":\"fr-FR\",\"potentialAction\":[{\"@type\":\"CommentAction\",\"name\":\"Comment\",\"target\":[\"https:\/\/kapitalis.com\/tunisie\/2022\/12\/20\/tunisie-azimoun-appelle-a-lannulation-des-legislatives-et-a-la-demission-du-president-saied\/#respond\"]}]},{\"@type\":\"WebPage\",\"@id\":\"https:\/\/kapitalis.com\/tunisie\/2022\/12\/20\/tunisie-azimoun-appelle-a-lannulation-des-legislatives-et-a-la-demission-du-president-saied\/\",\"url\":\"https:\/\/kapitalis.com\/tunisie\/2022\/12\/20\/tunisie-azimoun-appelle-a-lannulation-des-legislatives-et-a-la-demission-du-president-saied\/\",\"name\":\"Tunisie : Azimoun appelle \u00e0 l'annulation des l\u00e9gislatives et \u00e0 la d\u00e9mission du pr\u00e9sident Sa\u00efed - Kapitalis\",\"isPartOf\":{\"@id\":\"https:\/\/kapitalis.com\/tunisie\/#website\"},\"primaryImageOfPage\":{\"@id\":\"https:\/\/kapitalis.com\/tunisie\/2022\/12\/20\/tunisie-azimoun-appelle-a-lannulation-des-legislatives-et-a-la-demission-du-president-saied\/#primaryimage\"},\"image\":{\"@id\":\"https:\/\/kapitalis.com\/tunisie\/2022\/12\/20\/tunisie-azimoun-appelle-a-lannulation-des-legislatives-et-a-la-demission-du-president-saied\/#primaryimage\"},\"thumbnailUrl\":\"https:\/\/kapitalis.com\/tunisie\/wp-content\/uploads\/2022\/07\/Azimoun-Ayachi-Zammel.jpg\",\"datePublished\":\"2022-12-20T22:29:15+00:00\",\"dateModified\":\"2022-12-20T22:52:44+00:00\",\"description\":\"Le mouvement Azimoun, pr\u00e9sid\u00e9 par l'ancien d\u00e9put\u00e9 Ayachi Zammel a appel\u00e9, ce mardi 20 d\u00e9cembre 2022, \u00e0 l'annulation des l\u00e9gislatives du 17 d\u00e9cembre estimant que celles-ci ne sont pas l\u00e9gitimes, tout en demandant \u00e0 Ka\u00efs Sa\u00efed \u00e0 d\u00e9missionner de la pr\u00e9sidence de la r\u00e9publique.\",\"breadcrumb\":{\"@id\":\"https:\/\/kapitalis.com\/tunisie\/2022\/12\/20\/tunisie-azimoun-appelle-a-lannulation-des-legislatives-et-a-la-demission-du-president-saied\/#breadcrumb\"},\"inLanguage\":\"fr-FR\",\"potentialAction\":[{\"@type\":\"ReadAction\",\"target\":[\"https:\/\/kapitalis.com\/tunisie\/2022\/12\/20\/tunisie-azimoun-appelle-a-lannulation-des-legislatives-et-a-la-demission-du-president-saied\/\"]}]},{\"@type\":\"ImageObject\",\"inLanguage\":\"fr-FR\",\"@id\":\"https:\/\/kapitalis.com\/tunisie\/2022\/12\/20\/tunisie-azimoun-appelle-a-lannulation-des-legislatives-et-a-la-demission-du-president-saied\/#primaryimage\",\"url\":\"https:\/\/kapitalis.com\/tunisie\/wp-content\/uploads\/2022\/07\/Azimoun-Ayachi-Zammel.jpg\",\"contentUrl\":\"https:\/\/kapitalis.com\/tunisie\/wp-content\/uploads\/2022\/07\/Azimoun-Ayachi-Zammel.jpg\",\"width\":1200,\"height\":630},{\"@type\":\"BreadcrumbList\",\"@id\":\"https:\/\/kapitalis.com\/tunisie\/2022\/12\/20\/tunisie-azimoun-appelle-a-lannulation-des-legislatives-et-a-la-demission-du-president-saied\/#breadcrumb\",\"itemListElement\":[{\"@type\":\"ListItem\",\"position\":1,\"name\":\"Accueil\",\"item\":\"https:\/\/kapitalis.com\/tunisie\/\"},{\"@type\":\"ListItem\",\"position\":2,\"name\":\"Tunisie : Azimoun appelle \u00e0 l&rsquo;annulation des l\u00e9gislatives et \u00e0 la d\u00e9mission du pr\u00e9sident Sa\u00efed\"}]},{\"@type\":\"WebSite\",\"@id\":\"https:\/\/kapitalis.com\/tunisie\/#website\",\"url\":\"https:\/\/kapitalis.com\/tunisie\/\",\"name\":\"Kapitalis\",\"description\":\"L&#039;actualit\u00e9 en Tunisie et dans le monde\",\"publisher\":{\"@id\":\"https:\/\/kapitalis.com\/tunisie\/#organization\"},\"potentialAction\":[{\"@type\":\"SearchAction\",\"target\":{\"@type\":\"EntryPoint\",\"urlTemplate\":\"https:\/\/kapitalis.com\/tunisie\/?s={search_term_string}\"},\"query-input\":{\"@type\":\"PropertyValueSpecification\",\"valueRequired\":true,\"valueName\":\"search_term_string\"}}],\"inLanguage\":\"fr-FR\"},{\"@type\":\"Organization\",\"@id\":\"https:\/\/kapitalis.com\/tunisie\/#organization\",\"name\":\"Kapitalis\",\"url\":\"https:\/\/kapitalis.com\/tunisie\/\",\"logo\":{\"@type\":\"ImageObject\",\"inLanguage\":\"fr-FR\",\"@id\":\"https:\/\/kapitalis.com\/tunisie\/#\/schema\/logo\/image\/\",\"url\":\"https:\/\/kapitalis.com\/tunisie\/wp-content\/uploads\/2022\/05\/Kapitalis-big-size.png\",\"contentUrl\":\"https:\/\/kapitalis.com\/tunisie\/wp-content\/uploads\/2022\/05\/Kapitalis-big-size.png\",\"width\":5000,\"height\":1500,\"caption\":\"Kapitalis\"},\"image\":{\"@id\":\"https:\/\/kapitalis.com\/tunisie\/#\/schema\/logo\/image\/\"},\"sameAs\":[\"https:\/\/www.facebook.com\/KapitalisInfo\/\",\"https:\/\/x.com\/KapitalisInfo\",\"https:\/\/www.youtube.com\/channel\/UC-yDYrHyfFBWWZaOw3FPg9Q\"]},{\"@type\":\"Person\",\"@id\":\"https:\/\/kapitalis.com\/tunisie\/#\/schema\/person\/74bbde0154d49d790a92aaeac5bc01d5\",\"name\":\"Yusra NY\",\"url\":\"https:\/\/kapitalis.com\/tunisie\/author\/yuza_adam\/\"}]}<\/script>\n<!-- \/ Yoast SEO plugin. -->","yoast_head_json":{"title":"Tunisie : Azimoun appelle \u00e0 l'annulation des l\u00e9gislatives et \u00e0 la d\u00e9mission du pr\u00e9sident Sa\u00efed - Kapitalis","description":"Le mouvement Azimoun, pr\u00e9sid\u00e9 par l'ancien d\u00e9put\u00e9 Ayachi Zammel a appel\u00e9, ce mardi 20 d\u00e9cembre 2022, \u00e0 l'annulation des l\u00e9gislatives du 17 d\u00e9cembre estimant que celles-ci ne sont pas l\u00e9gitimes, tout en demandant \u00e0 Ka\u00efs Sa\u00efed \u00e0 d\u00e9missionner de la pr\u00e9sidence de la r\u00e9publique.","robots":{"index":"index","follow":"follow","max-snippet":"max-snippet:-1","max-image-preview":"max-image-preview:large","max-video-preview":"max-video-preview:-1"},"canonical":"https:\/\/kapitalis.com\/tunisie\/2022\/12\/20\/tunisie-azimoun-appelle-a-lannulation-des-legislatives-et-a-la-demission-du-president-saied\/","og_locale":"fr_FR","og_type":"article","og_title":"Tunisie : Azimoun appelle \u00e0 l'annulation des l\u00e9gislatives et \u00e0 la d\u00e9mission du pr\u00e9sident Sa\u00efed - Kapitalis","og_description":"Le mouvement Azimoun, pr\u00e9sid\u00e9 par l'ancien d\u00e9put\u00e9 Ayachi Zammel a appel\u00e9, ce mardi 20 d\u00e9cembre 2022, \u00e0 l'annulation des l\u00e9gislatives du 17 d\u00e9cembre estimant que celles-ci ne sont pas l\u00e9gitimes, tout en demandant \u00e0 Ka\u00efs Sa\u00efed \u00e0 d\u00e9missionner de la pr\u00e9sidence de la r\u00e9publique.","og_url":"https:\/\/kapitalis.com\/tunisie\/2022\/12\/20\/tunisie-azimoun-appelle-a-lannulation-des-legislatives-et-a-la-demission-du-president-saied\/","og_site_name":"Kapitalis","article_publisher":"https:\/\/www.facebook.com\/KapitalisInfo\/","article_published_time":"2022-12-20T22:29:15+00:00","article_modified_time":"2022-12-20T22:52:44+00:00","og_image":[{"width":1200,"height":630,"url":"https:\/\/kapitalis.com\/tunisie\/wp-content\/uploads\/2022\/07\/Azimoun-Ayachi-Zammel.jpg","type":"image\/jpeg"}],"author":"Yusra NY","twitter_card":"summary_large_image","twitter_creator":"@KapitalisInfo","twitter_site":"@KapitalisInfo","twitter_misc":{"\u00c9crit par":"Yusra NY","Dur\u00e9e de lecture estim\u00e9e":"2 minutes"},"schema":{"@context":"https:\/\/schema.org","@graph":[{"@type":"Article","@id":"https:\/\/kapitalis.com\/tunisie\/2022\/12\/20\/tunisie-azimoun-appelle-a-lannulation-des-legislatives-et-a-la-demission-du-president-saied\/#article","isPartOf":{"@id":"https:\/\/kapitalis.com\/tunisie\/2022\/12\/20\/tunisie-azimoun-appelle-a-lannulation-des-legislatives-et-a-la-demission-du-president-saied\/"},"author":{"name":"Yusra NY","@id":"https:\/\/kapitalis.com\/tunisie\/#\/schema\/person\/74bbde0154d49d790a92aaeac5bc01d5"},"headline":"Tunisie : Azimoun appelle \u00e0 l&rsquo;annulation des l\u00e9gislatives et \u00e0 la d\u00e9mission du pr\u00e9sident Sa\u00efed","datePublished":"2022-12-20T22:29:15+00:00","dateModified":"2022-12-20T22:52:44+00:00","mainEntityOfPage":{"@id":"https:\/\/kapitalis.com\/tunisie\/2022\/12\/20\/tunisie-azimoun-appelle-a-lannulation-des-legislatives-et-a-la-demission-du-president-saied\/"},"wordCount":278,"commentCount":0,"publisher":{"@id":"https:\/\/kapitalis.com\/tunisie\/#organization"},"image":{"@id":"https:\/\/kapitalis.com\/tunisie\/2022\/12\/20\/tunisie-azimoun-appelle-a-lannulation-des-legislatives-et-a-la-demission-du-president-saied\/#primaryimage"},"thumbnailUrl":"https:\/\/kapitalis.com\/tunisie\/wp-content\/uploads\/2022\/07\/Azimoun-Ayachi-Zammel.jpg","keywords":["Azimoun","\u00e9lections","Ka\u00efs Sa\u00efed","l\u00e9gislatives","pr\u00e9sidence","pr\u00e9sidentielle","Tunisie"],"articleSection":["POLITIQUE","Tunisie"],"inLanguage":"fr-FR","potentialAction":[{"@type":"CommentAction","name":"Comment","target":["https:\/\/kapitalis.com\/tunisie\/2022\/12\/20\/tunisie-azimoun-appelle-a-lannulation-des-legislatives-et-a-la-demission-du-president-saied\/#respond"]}]},{"@type":"WebPage","@id":"https:\/\/kapitalis.com\/tunisie\/2022\/12\/20\/tunisie-azimoun-appelle-a-lannulation-des-legislatives-et-a-la-demission-du-president-saied\/","url":"https:\/\/kapitalis.com\/tunisie\/2022\/12\/20\/tunisie-azimoun-appelle-a-lannulation-des-legislatives-et-a-la-demission-du-president-saied\/","name":"Tunisie : Azimoun appelle \u00e0 l'annulation des l\u00e9gislatives et \u00e0 la d\u00e9mission du pr\u00e9sident Sa\u00efed - Kapitalis","isPartOf":{"@id":"https:\/\/kapitalis.com\/tunisie\/#website"},"primaryImageOfPage":{"@id":"https:\/\/kapitalis.com\/tunisie\/2022\/12\/20\/tunisie-azimoun-appelle-a-lannulation-des-legislatives-et-a-la-demission-du-president-saied\/#primaryimage"},"image":{"@id":"https:\/\/kapitalis.com\/tunisie\/2022\/12\/20\/tunisie-azimoun-appelle-a-lannulation-des-legislatives-et-a-la-demission-du-president-saied\/#primaryimage"},"thumbnailUrl":"https:\/\/kapitalis.com\/tunisie\/wp-content\/uploads\/2022\/07\/Azimoun-Ayachi-Zammel.jpg","datePublished":"2022-12-20T22:29:15+00:00","dateModified":"2022-12-20T22:52:44+00:00","description":"Le mouvement Azimoun, pr\u00e9sid\u00e9 par l'ancien d\u00e9put\u00e9 Ayachi Zammel a appel\u00e9, ce mardi 20 d\u00e9cembre 2022, \u00e0 l'annulation des l\u00e9gislatives du 17 d\u00e9cembre estimant que celles-ci ne sont pas l\u00e9gitimes, tout en demandant \u00e0 Ka\u00efs Sa\u00efed \u00e0 d\u00e9missionner de la pr\u00e9sidence de la r\u00e9publique.","breadcrumb":{"@id":"https:\/\/kapitalis.com\/tunisie\/2022\/12\/20\/tunisie-azimoun-appelle-a-lannulation-des-legislatives-et-a-la-demission-du-president-saied\/#breadcrumb"},"inLanguage":"fr-FR","potentialAction":[{"@type":"ReadAction","target":["https:\/\/kapitalis.com\/tunisie\/2022\/12\/20\/tunisie-azimoun-appelle-a-lannulation-des-legislatives-et-a-la-demission-du-president-saied\/"]}]},{"@type":"ImageObject","inLanguage":"fr-FR","@id":"https:\/\/kapitalis.com\/tunisie\/2022\/12\/20\/tunisie-azimoun-appelle-a-lannulation-des-legislatives-et-a-la-demission-du-president-saied\/#primaryimage","url":"https:\/\/kapitalis.com\/tunisie\/wp-content\/uploads\/2022\/07\/Azimoun-Ayachi-Zammel.jpg","contentUrl":"https:\/\/kapitalis.com\/tunisie\/wp-content\/uploads\/2022\/07\/Azimoun-Ayachi-Zammel.jpg","width":1200,"height":630},{"@type":"BreadcrumbList","@id":"https:\/\/kapitalis.com\/tunisie\/2022\/12\/20\/tunisie-azimoun-appelle-a-lannulation-des-legislatives-et-a-la-demission-du-president-saied\/#breadcrumb","itemListElement":[{"@type":"ListItem","position":1,"name":"Accueil","item":"https:\/\/kapitalis.com\/tunisie\/"},{"@type":"ListItem","position":2,"name":"Tunisie : Azimoun appelle \u00e0 l&rsquo;annulation des l\u00e9gislatives et \u00e0 la d\u00e9mission du pr\u00e9sident Sa\u00efed"}]},{"@type":"WebSite","@id":"https:\/\/kapitalis.com\/tunisie\/#website","url":"https:\/\/kapitalis.com\/tunisie\/","name":"Kapitalis","description":"L&#039;actualit\u00e9 en Tunisie et dans le monde","publisher":{"@id":"https:\/\/kapitalis.com\/tunisie\/#organization"},"potentialAction":[{"@type":"SearchAction","target":{"@type":"EntryPoint","urlTemplate":"https:\/\/kapitalis.com\/tunisie\/?s={search_term_string}"},"query-input":{"@type":"PropertyValueSpecification","valueRequired":true,"valueName":"search_term_string"}}],"inLanguage":"fr-FR"},{"@type":"Organization","@id":"https:\/\/kapitalis.com\/tunisie\/#organization","name":"Kapitalis","url":"https:\/\/kapitalis.com\/tunisie\/","logo":{"@type":"ImageObject","inLanguage":"fr-FR","@id":"https:\/\/kapitalis.com\/tunisie\/#\/schema\/logo\/image\/","url":"https:\/\/kapitalis.com\/tunisie\/wp-content\/uploads\/2022\/05\/Kapitalis-big-size.png","contentUrl":"https:\/\/kapitalis.com\/tunisie\/wp-content\/uploads\/2022\/05\/Kapitalis-big-size.png","width":5000,"height":1500,"caption":"Kapitalis"},"image":{"@id":"https:\/\/kapitalis.com\/tunisie\/#\/schema\/logo\/image\/"},"sameAs":["https:\/\/www.facebook.com\/KapitalisInfo\/","https:\/\/x.com\/KapitalisInfo","https:\/\/www.youtube.com\/channel\/UC-yDYrHyfFBWWZaOw3FPg9Q"]},{"@type":"Person","@id":"https:\/\/kapitalis.com\/tunisie\/#\/schema\/person\/74bbde0154d49d790a92aaeac5bc01d5","name":"Yusra NY","url":"https:\/\/kapitalis.com\/tunisie\/author\/yuza_adam\/"}]}},"_links":{"self":[{"href":"https:\/\/kapitalis.com\/tunisie\/wp-json\/wp\/v2\/posts\/5766318","targetHints":{"allow":["GET"]}}],"collection":[{"href":"https:\/\/kapitalis.com\/tunisie\/wp-json\/wp\/v2\/posts"}],"about":[{"href":"https:\/\/kapitalis.com\/tunisie\/wp-json\/wp\/v2\/types\/post"}],"author":[{"embeddable":true,"href":"https:\/\/kapitalis.com\/tunisie\/wp-json\/wp\/v2\/users\/6"}],"replies":[{"embeddable":true,"href":"https:\/\/kapitalis.com\/tunisie\/wp-json\/wp\/v2\/comments?post=5766318"}],"version-history":[{"count":3,"href":"https:\/\/kapitalis.com\/tunisie\/wp-json\/wp\/v2\/posts\/5766318\/revisions"}],"predecessor-version":[{"id":5766453,"href":"https:\/\/kapitalis.com\/tunisie\/wp-json\/wp\/v2\/posts\/5766318\/revisions\/5766453"}],"wp:featuredmedia":[{"embeddable":true,"href":"https:\/\/kapitalis.com\/tunisie\/wp-json\/wp\/v2\/media\/2236952"}],"wp:attachment":[{"href":"https:\/\/kapitalis.com\/tunisie\/wp-json\/wp\/v2\/media?parent=5766318"}],"wp:term":[{"taxonomy":"category","embeddable":true,"href":"https:\/\/kapitalis.com\/tunisie\/wp-json\/wp\/v2\/categories?post=5766318"},{"taxonomy":"post_tag","embeddable":true,"href":"https:\/\/kapitalis.com\/tunisie\/wp-json\/wp\/v2\/tags?post=5766318"}],"curies":[{"name":"wp","href":"https:\/\/api.w.org\/{rel}","templated":true}]}}