{"id":5769,"date":"2015-07-01T16:37:53","date_gmt":"2015-07-01T15:37:53","guid":{"rendered":"http:\/\/kapitalis.com\/tunisie\/?p=5769"},"modified":"2015-07-01T16:37:53","modified_gmt":"2015-07-01T15:37:53","slug":"tunisie-lambassade-americaine-recrute-des-gardes-du-corps","status":"publish","type":"post","link":"https:\/\/kapitalis.com\/tunisie\/2015\/07\/01\/tunisie-lambassade-americaine-recrute-des-gardes-du-corps\/","title":{"rendered":"Tunisie : L\u2019ambassade am\u00e9ricaine recrute des gardes du corps"},"content":{"rendered":"<p><img loading=\"lazy\" decoding=\"async\" class=\"aligncenter size-full wp-image-5770\" src=\"http:\/\/kapitalis.com\/tunisie\/wp-content\/uploads\/2015\/07\/Ambassade-des-Etats-Unis-Tunis-.jpg\" alt=\"Ambassade-des-Etats-Unis-Tunis-\" width=\"626\" height=\"380\" \/><\/p>\n<p><em><strong>L\u2019ambassade des Etats-Unis \u00e0 Tunis a lanc\u00e9 un appel \u00e0 candidatures pour le recrutement de deux gardes du corps.<\/strong><\/em><\/p>\n<p><!--more--><\/p>\n<p>Les deux recrues seront appel\u00e9s \u00e0 fournir un \u00ab<em>large \u00e9ventail de services de protection et de s\u00e9curit\u00e9\u00bb au chef de la mission, au personnel de ce dernier et aux visiteurs de haut rang.\u00bb<\/em><\/p>\n<p>Outre une exp\u00e9rience militaire ou dans le domaine de la s\u00e9curit\u00e9, les candidats doivent, entre autres exigences, \u00eatre en mesure conduire des v\u00e9hicules blind\u00e9s.<\/p>\n<p>Si le personnel de l\u2019ambassade am\u00e9ricaine, qui est d\u00e9j\u00e0 un bunker infranchissable, bien avant l\u2019attaque du 14 septembre 2012 men\u00e9e par des hordes islamistes, ne se sentent pas suffisamment en s\u00e9curit\u00e9, qui pourrait vraiment l\u2019\u00eatre en Tunisie.<\/p>\n<p style=\"text-align: right;\"><strong>Nabil Ben Ameur<\/strong><\/p>\n<p style=\"text-align: left;\"><em><strong>Illustration<\/strong>: L&rsquo;ambassade des Etats-Unis \u00e0 Tunis prise d&rsquo;assaut par des groupes islamistes, le 14 septembre 2012<\/em>.<\/p>\n","protected":false},"excerpt":{"rendered":"<p>L\u2019ambassade des Etats-Unis \u00e0 Tunis a lanc\u00e9 un appel \u00e0 candidatures pour le recrutement de deux gardes du corps.<\/p>\n","protected":false},"author":5,"featured_media":5770,"comment_status":"open","ping_status":"open","sticky":false,"template":"","format":"standard","meta":{"footnotes":""},"categories":[997,2433],"tags":[66,349,2816,731,2051,815],"class_list":["post-5769","post","type-post","status-publish","format-standard","has-post-thumbnail","hentry","category-politique","category-tunisie","tag-ambassade","tag-etats-unis","tag-gardes-du-corps","tag-politique","tag-recrutement","tag-securite"],"yoast_head":"<!-- This site is optimized with the Yoast SEO plugin v26.6 - https:\/\/yoast.com\/wordpress\/plugins\/seo\/ -->\n<title>Tunisie : L\u2019ambassade am\u00e9ricaine recrute des gardes du corps - Kapitalis<\/title>\n<meta name=\"robots\" content=\"index, follow, max-snippet:-1, max-image-preview:large, max-video-preview:-1\" \/>\n<link rel=\"canonical\" href=\"https:\/\/kapitalis.com\/tunisie\/2015\/07\/01\/tunisie-lambassade-americaine-recrute-des-gardes-du-corps\/\" \/>\n<meta property=\"og:locale\" content=\"fr_FR\" \/>\n<meta property=\"og:type\" content=\"article\" \/>\n<meta property=\"og:title\" content=\"Tunisie : L\u2019ambassade am\u00e9ricaine recrute des gardes du corps - Kapitalis\" \/>\n<meta property=\"og:description\" content=\"L\u2019ambassade des Etats-Unis \u00e0 Tunis a lanc\u00e9 un appel \u00e0 candidatures pour le recrutement de deux gardes du corps.\" \/>\n<meta property=\"og:url\" content=\"https:\/\/kapitalis.com\/tunisie\/2015\/07\/01\/tunisie-lambassade-americaine-recrute-des-gardes-du-corps\/\" \/>\n<meta property=\"og:site_name\" content=\"Kapitalis\" \/>\n<meta property=\"article:publisher\" content=\"https:\/\/www.facebook.com\/KapitalisInfo\/\" \/>\n<meta property=\"article:published_time\" content=\"2015-07-01T15:37:53+00:00\" \/>\n<meta property=\"og:image\" content=\"https:\/\/kapitalis.com\/tunisie\/wp-content\/uploads\/2022\/05\/kapitalis-logo-fb.png\" \/>\n\t<meta property=\"og:image:width\" content=\"1200\" \/>\n\t<meta property=\"og:image:height\" content=\"630\" \/>\n\t<meta property=\"og:image:type\" content=\"image\/png\" \/>\n<meta name=\"author\" content=\"Ridha Elkefi\" \/>\n<meta name=\"twitter:card\" content=\"summary_large_image\" \/>\n<meta name=\"twitter:creator\" content=\"@KapitalisInfo\" \/>\n<meta name=\"twitter:site\" content=\"@KapitalisInfo\" \/>\n<meta name=\"twitter:label1\" content=\"\u00c9crit par\" \/>\n\t<meta name=\"twitter:data1\" content=\"Ridha Elkefi\" \/>\n\t<meta name=\"twitter:label2\" content=\"Dur\u00e9e de lecture estim\u00e9e\" \/>\n\t<meta name=\"twitter:data2\" content=\"1 minute\" \/>\n<script type=\"application\/ld+json\" class=\"yoast-schema-graph\">{\"@context\":\"https:\/\/schema.org\",\"@graph\":[{\"@type\":\"Article\",\"@id\":\"https:\/\/kapitalis.com\/tunisie\/2015\/07\/01\/tunisie-lambassade-americaine-recrute-des-gardes-du-corps\/#article\",\"isPartOf\":{\"@id\":\"https:\/\/kapitalis.com\/tunisie\/2015\/07\/01\/tunisie-lambassade-americaine-recrute-des-gardes-du-corps\/\"},\"author\":{\"name\":\"Ridha Elkefi\",\"@id\":\"https:\/\/kapitalis.com\/tunisie\/#\/schema\/person\/16627fc9b2fc0116230e88af071eebab\"},\"headline\":\"Tunisie : L\u2019ambassade am\u00e9ricaine recrute des gardes du corps\",\"datePublished\":\"2015-07-01T15:37:53+00:00\",\"mainEntityOfPage\":{\"@id\":\"https:\/\/kapitalis.com\/tunisie\/2015\/07\/01\/tunisie-lambassade-americaine-recrute-des-gardes-du-corps\/\"},\"wordCount\":148,\"commentCount\":2,\"publisher\":{\"@id\":\"https:\/\/kapitalis.com\/tunisie\/#organization\"},\"image\":{\"@id\":\"https:\/\/kapitalis.com\/tunisie\/2015\/07\/01\/tunisie-lambassade-americaine-recrute-des-gardes-du-corps\/#primaryimage\"},\"thumbnailUrl\":\"\",\"keywords\":[\"ambassade\",\"Etats Unis\",\"gardes du corps\",\"politique\",\"recrutement\",\"s\u00e9curit\u00e9\"],\"articleSection\":[\"POLITIQUE\",\"Tunisie\"],\"inLanguage\":\"fr-FR\",\"potentialAction\":[{\"@type\":\"CommentAction\",\"name\":\"Comment\",\"target\":[\"https:\/\/kapitalis.com\/tunisie\/2015\/07\/01\/tunisie-lambassade-americaine-recrute-des-gardes-du-corps\/#respond\"]}]},{\"@type\":\"WebPage\",\"@id\":\"https:\/\/kapitalis.com\/tunisie\/2015\/07\/01\/tunisie-lambassade-americaine-recrute-des-gardes-du-corps\/\",\"url\":\"https:\/\/kapitalis.com\/tunisie\/2015\/07\/01\/tunisie-lambassade-americaine-recrute-des-gardes-du-corps\/\",\"name\":\"Tunisie : L\u2019ambassade am\u00e9ricaine recrute des gardes du corps - Kapitalis\",\"isPartOf\":{\"@id\":\"https:\/\/kapitalis.com\/tunisie\/#website\"},\"primaryImageOfPage\":{\"@id\":\"https:\/\/kapitalis.com\/tunisie\/2015\/07\/01\/tunisie-lambassade-americaine-recrute-des-gardes-du-corps\/#primaryimage\"},\"image\":{\"@id\":\"https:\/\/kapitalis.com\/tunisie\/2015\/07\/01\/tunisie-lambassade-americaine-recrute-des-gardes-du-corps\/#primaryimage\"},\"thumbnailUrl\":\"\",\"datePublished\":\"2015-07-01T15:37:53+00:00\",\"breadcrumb\":{\"@id\":\"https:\/\/kapitalis.com\/tunisie\/2015\/07\/01\/tunisie-lambassade-americaine-recrute-des-gardes-du-corps\/#breadcrumb\"},\"inLanguage\":\"fr-FR\",\"potentialAction\":[{\"@type\":\"ReadAction\",\"target\":[\"https:\/\/kapitalis.com\/tunisie\/2015\/07\/01\/tunisie-lambassade-americaine-recrute-des-gardes-du-corps\/\"]}]},{\"@type\":\"ImageObject\",\"inLanguage\":\"fr-FR\",\"@id\":\"https:\/\/kapitalis.com\/tunisie\/2015\/07\/01\/tunisie-lambassade-americaine-recrute-des-gardes-du-corps\/#primaryimage\",\"url\":\"\",\"contentUrl\":\"\"},{\"@type\":\"BreadcrumbList\",\"@id\":\"https:\/\/kapitalis.com\/tunisie\/2015\/07\/01\/tunisie-lambassade-americaine-recrute-des-gardes-du-corps\/#breadcrumb\",\"itemListElement\":[{\"@type\":\"ListItem\",\"position\":1,\"name\":\"Accueil\",\"item\":\"https:\/\/kapitalis.com\/tunisie\/\"},{\"@type\":\"ListItem\",\"position\":2,\"name\":\"Tunisie : L\u2019ambassade am\u00e9ricaine recrute des gardes du corps\"}]},{\"@type\":\"WebSite\",\"@id\":\"https:\/\/kapitalis.com\/tunisie\/#website\",\"url\":\"https:\/\/kapitalis.com\/tunisie\/\",\"name\":\"Kapitalis\",\"description\":\"L&#039;actualit\u00e9 en Tunisie et dans le monde\",\"publisher\":{\"@id\":\"https:\/\/kapitalis.com\/tunisie\/#organization\"},\"potentialAction\":[{\"@type\":\"SearchAction\",\"target\":{\"@type\":\"EntryPoint\",\"urlTemplate\":\"https:\/\/kapitalis.com\/tunisie\/?s={search_term_string}\"},\"query-input\":{\"@type\":\"PropertyValueSpecification\",\"valueRequired\":true,\"valueName\":\"search_term_string\"}}],\"inLanguage\":\"fr-FR\"},{\"@type\":\"Organization\",\"@id\":\"https:\/\/kapitalis.com\/tunisie\/#organization\",\"name\":\"Kapitalis\",\"url\":\"https:\/\/kapitalis.com\/tunisie\/\",\"logo\":{\"@type\":\"ImageObject\",\"inLanguage\":\"fr-FR\",\"@id\":\"https:\/\/kapitalis.com\/tunisie\/#\/schema\/logo\/image\/\",\"url\":\"https:\/\/kapitalis.com\/tunisie\/wp-content\/uploads\/2022\/05\/Kapitalis-big-size.png\",\"contentUrl\":\"https:\/\/kapitalis.com\/tunisie\/wp-content\/uploads\/2022\/05\/Kapitalis-big-size.png\",\"width\":5000,\"height\":1500,\"caption\":\"Kapitalis\"},\"image\":{\"@id\":\"https:\/\/kapitalis.com\/tunisie\/#\/schema\/logo\/image\/\"},\"sameAs\":[\"https:\/\/www.facebook.com\/KapitalisInfo\/\",\"https:\/\/x.com\/KapitalisInfo\",\"https:\/\/www.youtube.com\/channel\/UC-yDYrHyfFBWWZaOw3FPg9Q\"]},{\"@type\":\"Person\",\"@id\":\"https:\/\/kapitalis.com\/tunisie\/#\/schema\/person\/16627fc9b2fc0116230e88af071eebab\",\"name\":\"Ridha Elkefi\",\"url\":\"https:\/\/kapitalis.com\/tunisie\/author\/ridha-kefi\/\"}]}<\/script>\n<!-- \/ Yoast SEO plugin. -->","yoast_head_json":{"title":"Tunisie : L\u2019ambassade am\u00e9ricaine recrute des gardes du corps - Kapitalis","robots":{"index":"index","follow":"follow","max-snippet":"max-snippet:-1","max-image-preview":"max-image-preview:large","max-video-preview":"max-video-preview:-1"},"canonical":"https:\/\/kapitalis.com\/tunisie\/2015\/07\/01\/tunisie-lambassade-americaine-recrute-des-gardes-du-corps\/","og_locale":"fr_FR","og_type":"article","og_title":"Tunisie : L\u2019ambassade am\u00e9ricaine recrute des gardes du corps - Kapitalis","og_description":"L\u2019ambassade des Etats-Unis \u00e0 Tunis a lanc\u00e9 un appel \u00e0 candidatures pour le recrutement de deux gardes du corps.","og_url":"https:\/\/kapitalis.com\/tunisie\/2015\/07\/01\/tunisie-lambassade-americaine-recrute-des-gardes-du-corps\/","og_site_name":"Kapitalis","article_publisher":"https:\/\/www.facebook.com\/KapitalisInfo\/","article_published_time":"2015-07-01T15:37:53+00:00","og_image":[{"width":1200,"height":630,"url":"https:\/\/kapitalis.com\/tunisie\/wp-content\/uploads\/2022\/05\/kapitalis-logo-fb.png","type":"image\/png"}],"author":"Ridha Elkefi","twitter_card":"summary_large_image","twitter_creator":"@KapitalisInfo","twitter_site":"@KapitalisInfo","twitter_misc":{"\u00c9crit par":"Ridha Elkefi","Dur\u00e9e de lecture estim\u00e9e":"1 minute"},"schema":{"@context":"https:\/\/schema.org","@graph":[{"@type":"Article","@id":"https:\/\/kapitalis.com\/tunisie\/2015\/07\/01\/tunisie-lambassade-americaine-recrute-des-gardes-du-corps\/#article","isPartOf":{"@id":"https:\/\/kapitalis.com\/tunisie\/2015\/07\/01\/tunisie-lambassade-americaine-recrute-des-gardes-du-corps\/"},"author":{"name":"Ridha Elkefi","@id":"https:\/\/kapitalis.com\/tunisie\/#\/schema\/person\/16627fc9b2fc0116230e88af071eebab"},"headline":"Tunisie : L\u2019ambassade am\u00e9ricaine recrute des gardes du corps","datePublished":"2015-07-01T15:37:53+00:00","mainEntityOfPage":{"@id":"https:\/\/kapitalis.com\/tunisie\/2015\/07\/01\/tunisie-lambassade-americaine-recrute-des-gardes-du-corps\/"},"wordCount":148,"commentCount":2,"publisher":{"@id":"https:\/\/kapitalis.com\/tunisie\/#organization"},"image":{"@id":"https:\/\/kapitalis.com\/tunisie\/2015\/07\/01\/tunisie-lambassade-americaine-recrute-des-gardes-du-corps\/#primaryimage"},"thumbnailUrl":"","keywords":["ambassade","Etats Unis","gardes du corps","politique","recrutement","s\u00e9curit\u00e9"],"articleSection":["POLITIQUE","Tunisie"],"inLanguage":"fr-FR","potentialAction":[{"@type":"CommentAction","name":"Comment","target":["https:\/\/kapitalis.com\/tunisie\/2015\/07\/01\/tunisie-lambassade-americaine-recrute-des-gardes-du-corps\/#respond"]}]},{"@type":"WebPage","@id":"https:\/\/kapitalis.com\/tunisie\/2015\/07\/01\/tunisie-lambassade-americaine-recrute-des-gardes-du-corps\/","url":"https:\/\/kapitalis.com\/tunisie\/2015\/07\/01\/tunisie-lambassade-americaine-recrute-des-gardes-du-corps\/","name":"Tunisie : L\u2019ambassade am\u00e9ricaine recrute des gardes du corps - Kapitalis","isPartOf":{"@id":"https:\/\/kapitalis.com\/tunisie\/#website"},"primaryImageOfPage":{"@id":"https:\/\/kapitalis.com\/tunisie\/2015\/07\/01\/tunisie-lambassade-americaine-recrute-des-gardes-du-corps\/#primaryimage"},"image":{"@id":"https:\/\/kapitalis.com\/tunisie\/2015\/07\/01\/tunisie-lambassade-americaine-recrute-des-gardes-du-corps\/#primaryimage"},"thumbnailUrl":"","datePublished":"2015-07-01T15:37:53+00:00","breadcrumb":{"@id":"https:\/\/kapitalis.com\/tunisie\/2015\/07\/01\/tunisie-lambassade-americaine-recrute-des-gardes-du-corps\/#breadcrumb"},"inLanguage":"fr-FR","potentialAction":[{"@type":"ReadAction","target":["https:\/\/kapitalis.com\/tunisie\/2015\/07\/01\/tunisie-lambassade-americaine-recrute-des-gardes-du-corps\/"]}]},{"@type":"ImageObject","inLanguage":"fr-FR","@id":"https:\/\/kapitalis.com\/tunisie\/2015\/07\/01\/tunisie-lambassade-americaine-recrute-des-gardes-du-corps\/#primaryimage","url":"","contentUrl":""},{"@type":"BreadcrumbList","@id":"https:\/\/kapitalis.com\/tunisie\/2015\/07\/01\/tunisie-lambassade-americaine-recrute-des-gardes-du-corps\/#breadcrumb","itemListElement":[{"@type":"ListItem","position":1,"name":"Accueil","item":"https:\/\/kapitalis.com\/tunisie\/"},{"@type":"ListItem","position":2,"name":"Tunisie : L\u2019ambassade am\u00e9ricaine recrute des gardes du corps"}]},{"@type":"WebSite","@id":"https:\/\/kapitalis.com\/tunisie\/#website","url":"https:\/\/kapitalis.com\/tunisie\/","name":"Kapitalis","description":"L&#039;actualit\u00e9 en Tunisie et dans le monde","publisher":{"@id":"https:\/\/kapitalis.com\/tunisie\/#organization"},"potentialAction":[{"@type":"SearchAction","target":{"@type":"EntryPoint","urlTemplate":"https:\/\/kapitalis.com\/tunisie\/?s={search_term_string}"},"query-input":{"@type":"PropertyValueSpecification","valueRequired":true,"valueName":"search_term_string"}}],"inLanguage":"fr-FR"},{"@type":"Organization","@id":"https:\/\/kapitalis.com\/tunisie\/#organization","name":"Kapitalis","url":"https:\/\/kapitalis.com\/tunisie\/","logo":{"@type":"ImageObject","inLanguage":"fr-FR","@id":"https:\/\/kapitalis.com\/tunisie\/#\/schema\/logo\/image\/","url":"https:\/\/kapitalis.com\/tunisie\/wp-content\/uploads\/2022\/05\/Kapitalis-big-size.png","contentUrl":"https:\/\/kapitalis.com\/tunisie\/wp-content\/uploads\/2022\/05\/Kapitalis-big-size.png","width":5000,"height":1500,"caption":"Kapitalis"},"image":{"@id":"https:\/\/kapitalis.com\/tunisie\/#\/schema\/logo\/image\/"},"sameAs":["https:\/\/www.facebook.com\/KapitalisInfo\/","https:\/\/x.com\/KapitalisInfo","https:\/\/www.youtube.com\/channel\/UC-yDYrHyfFBWWZaOw3FPg9Q"]},{"@type":"Person","@id":"https:\/\/kapitalis.com\/tunisie\/#\/schema\/person\/16627fc9b2fc0116230e88af071eebab","name":"Ridha Elkefi","url":"https:\/\/kapitalis.com\/tunisie\/author\/ridha-kefi\/"}]}},"_links":{"self":[{"href":"https:\/\/kapitalis.com\/tunisie\/wp-json\/wp\/v2\/posts\/5769","targetHints":{"allow":["GET"]}}],"collection":[{"href":"https:\/\/kapitalis.com\/tunisie\/wp-json\/wp\/v2\/posts"}],"about":[{"href":"https:\/\/kapitalis.com\/tunisie\/wp-json\/wp\/v2\/types\/post"}],"author":[{"embeddable":true,"href":"https:\/\/kapitalis.com\/tunisie\/wp-json\/wp\/v2\/users\/5"}],"replies":[{"embeddable":true,"href":"https:\/\/kapitalis.com\/tunisie\/wp-json\/wp\/v2\/comments?post=5769"}],"version-history":[{"count":0,"href":"https:\/\/kapitalis.com\/tunisie\/wp-json\/wp\/v2\/posts\/5769\/revisions"}],"wp:featuredmedia":[{"embeddable":true,"href":"https:\/\/kapitalis.com\/tunisie\/wp-json\/wp\/v2\/media\/5770"}],"wp:attachment":[{"href":"https:\/\/kapitalis.com\/tunisie\/wp-json\/wp\/v2\/media?parent=5769"}],"wp:term":[{"taxonomy":"category","embeddable":true,"href":"https:\/\/kapitalis.com\/tunisie\/wp-json\/wp\/v2\/categories?post=5769"},{"taxonomy":"post_tag","embeddable":true,"href":"https:\/\/kapitalis.com\/tunisie\/wp-json\/wp\/v2\/tags?post=5769"}],"curies":[{"name":"wp","href":"https:\/\/api.w.org\/{rel}","templated":true}]}}