{"id":57739,"date":"2016-07-14T12:21:06","date_gmt":"2016-07-14T11:21:06","guid":{"rendered":"http:\/\/kapitalis.com\/tunisie\/?p=57739"},"modified":"2016-07-14T12:21:06","modified_gmt":"2016-07-14T11:21:06","slug":"ce-soir-a-hammamet-spectacle-de-jazz-de-omar-el-ouaer","status":"publish","type":"post","link":"https:\/\/kapitalis.com\/tunisie\/2016\/07\/14\/ce-soir-a-hammamet-spectacle-de-jazz-de-omar-el-ouaer\/","title":{"rendered":"Ce soir \u00e0 Hammamet : Spectacle de jazz de Omar El-Ouaer"},"content":{"rendered":"<p style=\"text-align: center;\"><img loading=\"lazy\" decoding=\"async\" class=\"alignnone size-full wp-image-57740\" src=\"http:\/\/kapitalis.com\/tunisie\/wp-content\/uploads\/2016\/07\/Omar-El-Ouaer.jpg\" alt=\"Omar-El-Ouaer\" width=\"626\" height=\"380\" \/><\/p>\n<p style=\"text-align: left;\"><em><strong>Le Festival international de Hammamet pr\u00e9sente, ce soir, au parking du vieux fort de la ville, le spectacle \u2018\u2018Another perspective\u2019\u2019 de Omar El-Ouaer.<\/strong> <\/em><\/p>\n<p style=\"text-align: left;\"><!--more--><\/p>\n<p style=\"text-align: left;\">Personnage actif de la sc\u00e8ne jazz en Tunisie, Omar El Ouaer s\u2019est produit au sein du projet Jazz Club de Tunis Big Band\u2019\u2019, sous la direction de musiciens r\u00e9put\u00e9s du Vangard Jazz Orchestra (Douglas Purviance, Todd Bashore et Chris Byars). Il a particip\u00e9 au 45e s\u00e9minaire international de jazz sous l\u2019\u00e9gide de la fondation Sienna Jazz, aux c\u00f4t\u00e9s de Gerald Clayton, Jeff Ballard, Avishai Cohen, Roberto Gatto et Walter Smith\u2026<\/p>\n<p style=\"text-align: left;\">Il se produit actuellement en quartet avec son propre projet \u2018\u2018<em>Another perspective\u2019<\/em>\u2019 et travaille sur l\u2019enregistrement de son premier album, dont il pr\u00e9sentera ce soir quelques extraits au public de Hammamet.<\/p>\n<p style=\"text-align: right;\"><strong>I. B. <\/strong><\/p>\n","protected":false},"excerpt":{"rendered":"<p>Le Festival international de Hammamet pr\u00e9sente, ce soir, au parking du vieux fort de la ville, le spectacle \u2018\u2018Another perspective\u2019\u2019 de Omar El-Ouaer.<\/p>\n","protected":false},"author":8,"featured_media":57740,"comment_status":"open","ping_status":"open","sticky":false,"template":"","format":"standard","meta":{"footnotes":""},"categories":[994,2433],"tags":[19897,19362,20388],"class_list":["post-57739","post","type-post","status-publish","format-standard","has-post-thumbnail","hentry","category-culture","category-tunisie","tag-festival-international-de-hammamet","tag-jazz","tag-omar-el-ouaer"],"yoast_head":"<!-- This site is optimized with the Yoast SEO plugin v26.6 - https:\/\/yoast.com\/wordpress\/plugins\/seo\/ -->\n<title>Ce soir \u00e0 Hammamet : Spectacle de jazz de Omar El-Ouaer - Kapitalis<\/title>\n<meta name=\"robots\" content=\"index, follow, max-snippet:-1, max-image-preview:large, max-video-preview:-1\" \/>\n<link rel=\"canonical\" href=\"https:\/\/kapitalis.com\/tunisie\/2016\/07\/14\/ce-soir-a-hammamet-spectacle-de-jazz-de-omar-el-ouaer\/\" \/>\n<meta property=\"og:locale\" content=\"fr_FR\" \/>\n<meta property=\"og:type\" content=\"article\" \/>\n<meta property=\"og:title\" content=\"Ce soir \u00e0 Hammamet : Spectacle de jazz de Omar El-Ouaer - Kapitalis\" \/>\n<meta property=\"og:description\" content=\"Le Festival international de Hammamet pr\u00e9sente, ce soir, au parking du vieux fort de la ville, le spectacle \u2018\u2018Another perspective\u2019\u2019 de Omar El-Ouaer.\" \/>\n<meta property=\"og:url\" content=\"https:\/\/kapitalis.com\/tunisie\/2016\/07\/14\/ce-soir-a-hammamet-spectacle-de-jazz-de-omar-el-ouaer\/\" \/>\n<meta property=\"og:site_name\" content=\"Kapitalis\" \/>\n<meta property=\"article:publisher\" content=\"https:\/\/www.facebook.com\/KapitalisInfo\/\" \/>\n<meta property=\"article:published_time\" content=\"2016-07-14T11:21:06+00:00\" \/>\n<meta property=\"og:image\" content=\"https:\/\/kapitalis.com\/tunisie\/wp-content\/uploads\/2022\/05\/kapitalis-logo-fb.png\" \/>\n\t<meta property=\"og:image:width\" content=\"1200\" \/>\n\t<meta property=\"og:image:height\" content=\"630\" \/>\n\t<meta property=\"og:image:type\" content=\"image\/png\" \/>\n<meta name=\"author\" content=\"webmaster kapitalis\" \/>\n<meta name=\"twitter:card\" content=\"summary_large_image\" \/>\n<meta name=\"twitter:creator\" content=\"@KapitalisInfo\" \/>\n<meta name=\"twitter:site\" content=\"@KapitalisInfo\" \/>\n<meta name=\"twitter:label1\" content=\"\u00c9crit par\" \/>\n\t<meta name=\"twitter:data1\" content=\"webmaster kapitalis\" \/>\n\t<meta name=\"twitter:label2\" content=\"Dur\u00e9e de lecture estim\u00e9e\" \/>\n\t<meta name=\"twitter:data2\" content=\"1 minute\" \/>\n<script type=\"application\/ld+json\" class=\"yoast-schema-graph\">{\"@context\":\"https:\/\/schema.org\",\"@graph\":[{\"@type\":\"Article\",\"@id\":\"https:\/\/kapitalis.com\/tunisie\/2016\/07\/14\/ce-soir-a-hammamet-spectacle-de-jazz-de-omar-el-ouaer\/#article\",\"isPartOf\":{\"@id\":\"https:\/\/kapitalis.com\/tunisie\/2016\/07\/14\/ce-soir-a-hammamet-spectacle-de-jazz-de-omar-el-ouaer\/\"},\"author\":{\"name\":\"webmaster kapitalis\",\"@id\":\"https:\/\/kapitalis.com\/tunisie\/#\/schema\/person\/d71f33a9ca44f7bad4698210b480c8e9\"},\"headline\":\"Ce soir \u00e0 Hammamet : Spectacle de jazz de Omar El-Ouaer\",\"datePublished\":\"2016-07-14T11:21:06+00:00\",\"mainEntityOfPage\":{\"@id\":\"https:\/\/kapitalis.com\/tunisie\/2016\/07\/14\/ce-soir-a-hammamet-spectacle-de-jazz-de-omar-el-ouaer\/\"},\"wordCount\":146,\"commentCount\":0,\"publisher\":{\"@id\":\"https:\/\/kapitalis.com\/tunisie\/#organization\"},\"image\":{\"@id\":\"https:\/\/kapitalis.com\/tunisie\/2016\/07\/14\/ce-soir-a-hammamet-spectacle-de-jazz-de-omar-el-ouaer\/#primaryimage\"},\"thumbnailUrl\":\"\",\"keywords\":[\"Festival international de Hammamet\",\"jazz\",\"Omar El-Ouaer\"],\"articleSection\":[\"CULTURE\",\"Tunisie\"],\"inLanguage\":\"fr-FR\",\"potentialAction\":[{\"@type\":\"CommentAction\",\"name\":\"Comment\",\"target\":[\"https:\/\/kapitalis.com\/tunisie\/2016\/07\/14\/ce-soir-a-hammamet-spectacle-de-jazz-de-omar-el-ouaer\/#respond\"]}]},{\"@type\":\"WebPage\",\"@id\":\"https:\/\/kapitalis.com\/tunisie\/2016\/07\/14\/ce-soir-a-hammamet-spectacle-de-jazz-de-omar-el-ouaer\/\",\"url\":\"https:\/\/kapitalis.com\/tunisie\/2016\/07\/14\/ce-soir-a-hammamet-spectacle-de-jazz-de-omar-el-ouaer\/\",\"name\":\"Ce soir \u00e0 Hammamet : Spectacle de jazz de Omar El-Ouaer - Kapitalis\",\"isPartOf\":{\"@id\":\"https:\/\/kapitalis.com\/tunisie\/#website\"},\"primaryImageOfPage\":{\"@id\":\"https:\/\/kapitalis.com\/tunisie\/2016\/07\/14\/ce-soir-a-hammamet-spectacle-de-jazz-de-omar-el-ouaer\/#primaryimage\"},\"image\":{\"@id\":\"https:\/\/kapitalis.com\/tunisie\/2016\/07\/14\/ce-soir-a-hammamet-spectacle-de-jazz-de-omar-el-ouaer\/#primaryimage\"},\"thumbnailUrl\":\"\",\"datePublished\":\"2016-07-14T11:21:06+00:00\",\"breadcrumb\":{\"@id\":\"https:\/\/kapitalis.com\/tunisie\/2016\/07\/14\/ce-soir-a-hammamet-spectacle-de-jazz-de-omar-el-ouaer\/#breadcrumb\"},\"inLanguage\":\"fr-FR\",\"potentialAction\":[{\"@type\":\"ReadAction\",\"target\":[\"https:\/\/kapitalis.com\/tunisie\/2016\/07\/14\/ce-soir-a-hammamet-spectacle-de-jazz-de-omar-el-ouaer\/\"]}]},{\"@type\":\"ImageObject\",\"inLanguage\":\"fr-FR\",\"@id\":\"https:\/\/kapitalis.com\/tunisie\/2016\/07\/14\/ce-soir-a-hammamet-spectacle-de-jazz-de-omar-el-ouaer\/#primaryimage\",\"url\":\"\",\"contentUrl\":\"\"},{\"@type\":\"BreadcrumbList\",\"@id\":\"https:\/\/kapitalis.com\/tunisie\/2016\/07\/14\/ce-soir-a-hammamet-spectacle-de-jazz-de-omar-el-ouaer\/#breadcrumb\",\"itemListElement\":[{\"@type\":\"ListItem\",\"position\":1,\"name\":\"Accueil\",\"item\":\"https:\/\/kapitalis.com\/tunisie\/\"},{\"@type\":\"ListItem\",\"position\":2,\"name\":\"Ce soir \u00e0 Hammamet : Spectacle de jazz de Omar El-Ouaer\"}]},{\"@type\":\"WebSite\",\"@id\":\"https:\/\/kapitalis.com\/tunisie\/#website\",\"url\":\"https:\/\/kapitalis.com\/tunisie\/\",\"name\":\"Kapitalis\",\"description\":\"L&#039;actualit\u00e9 en Tunisie et dans le monde\",\"publisher\":{\"@id\":\"https:\/\/kapitalis.com\/tunisie\/#organization\"},\"potentialAction\":[{\"@type\":\"SearchAction\",\"target\":{\"@type\":\"EntryPoint\",\"urlTemplate\":\"https:\/\/kapitalis.com\/tunisie\/?s={search_term_string}\"},\"query-input\":{\"@type\":\"PropertyValueSpecification\",\"valueRequired\":true,\"valueName\":\"search_term_string\"}}],\"inLanguage\":\"fr-FR\"},{\"@type\":\"Organization\",\"@id\":\"https:\/\/kapitalis.com\/tunisie\/#organization\",\"name\":\"Kapitalis\",\"url\":\"https:\/\/kapitalis.com\/tunisie\/\",\"logo\":{\"@type\":\"ImageObject\",\"inLanguage\":\"fr-FR\",\"@id\":\"https:\/\/kapitalis.com\/tunisie\/#\/schema\/logo\/image\/\",\"url\":\"https:\/\/kapitalis.com\/tunisie\/wp-content\/uploads\/2022\/05\/Kapitalis-big-size.png\",\"contentUrl\":\"https:\/\/kapitalis.com\/tunisie\/wp-content\/uploads\/2022\/05\/Kapitalis-big-size.png\",\"width\":5000,\"height\":1500,\"caption\":\"Kapitalis\"},\"image\":{\"@id\":\"https:\/\/kapitalis.com\/tunisie\/#\/schema\/logo\/image\/\"},\"sameAs\":[\"https:\/\/www.facebook.com\/KapitalisInfo\/\",\"https:\/\/x.com\/KapitalisInfo\",\"https:\/\/www.youtube.com\/channel\/UC-yDYrHyfFBWWZaOw3FPg9Q\"]},{\"@type\":\"Person\",\"@id\":\"https:\/\/kapitalis.com\/tunisie\/#\/schema\/person\/d71f33a9ca44f7bad4698210b480c8e9\",\"name\":\"webmaster kapitalis\",\"url\":\"https:\/\/kapitalis.com\/tunisie\/author\/webmaster-kapitalis\/\"}]}<\/script>\n<!-- \/ Yoast SEO plugin. -->","yoast_head_json":{"title":"Ce soir \u00e0 Hammamet : Spectacle de jazz de Omar El-Ouaer - Kapitalis","robots":{"index":"index","follow":"follow","max-snippet":"max-snippet:-1","max-image-preview":"max-image-preview:large","max-video-preview":"max-video-preview:-1"},"canonical":"https:\/\/kapitalis.com\/tunisie\/2016\/07\/14\/ce-soir-a-hammamet-spectacle-de-jazz-de-omar-el-ouaer\/","og_locale":"fr_FR","og_type":"article","og_title":"Ce soir \u00e0 Hammamet : Spectacle de jazz de Omar El-Ouaer - Kapitalis","og_description":"Le Festival international de Hammamet pr\u00e9sente, ce soir, au parking du vieux fort de la ville, le spectacle \u2018\u2018Another perspective\u2019\u2019 de Omar El-Ouaer.","og_url":"https:\/\/kapitalis.com\/tunisie\/2016\/07\/14\/ce-soir-a-hammamet-spectacle-de-jazz-de-omar-el-ouaer\/","og_site_name":"Kapitalis","article_publisher":"https:\/\/www.facebook.com\/KapitalisInfo\/","article_published_time":"2016-07-14T11:21:06+00:00","og_image":[{"width":1200,"height":630,"url":"https:\/\/kapitalis.com\/tunisie\/wp-content\/uploads\/2022\/05\/kapitalis-logo-fb.png","type":"image\/png"}],"author":"webmaster kapitalis","twitter_card":"summary_large_image","twitter_creator":"@KapitalisInfo","twitter_site":"@KapitalisInfo","twitter_misc":{"\u00c9crit par":"webmaster kapitalis","Dur\u00e9e de lecture estim\u00e9e":"1 minute"},"schema":{"@context":"https:\/\/schema.org","@graph":[{"@type":"Article","@id":"https:\/\/kapitalis.com\/tunisie\/2016\/07\/14\/ce-soir-a-hammamet-spectacle-de-jazz-de-omar-el-ouaer\/#article","isPartOf":{"@id":"https:\/\/kapitalis.com\/tunisie\/2016\/07\/14\/ce-soir-a-hammamet-spectacle-de-jazz-de-omar-el-ouaer\/"},"author":{"name":"webmaster kapitalis","@id":"https:\/\/kapitalis.com\/tunisie\/#\/schema\/person\/d71f33a9ca44f7bad4698210b480c8e9"},"headline":"Ce soir \u00e0 Hammamet : Spectacle de jazz de Omar El-Ouaer","datePublished":"2016-07-14T11:21:06+00:00","mainEntityOfPage":{"@id":"https:\/\/kapitalis.com\/tunisie\/2016\/07\/14\/ce-soir-a-hammamet-spectacle-de-jazz-de-omar-el-ouaer\/"},"wordCount":146,"commentCount":0,"publisher":{"@id":"https:\/\/kapitalis.com\/tunisie\/#organization"},"image":{"@id":"https:\/\/kapitalis.com\/tunisie\/2016\/07\/14\/ce-soir-a-hammamet-spectacle-de-jazz-de-omar-el-ouaer\/#primaryimage"},"thumbnailUrl":"","keywords":["Festival international de Hammamet","jazz","Omar El-Ouaer"],"articleSection":["CULTURE","Tunisie"],"inLanguage":"fr-FR","potentialAction":[{"@type":"CommentAction","name":"Comment","target":["https:\/\/kapitalis.com\/tunisie\/2016\/07\/14\/ce-soir-a-hammamet-spectacle-de-jazz-de-omar-el-ouaer\/#respond"]}]},{"@type":"WebPage","@id":"https:\/\/kapitalis.com\/tunisie\/2016\/07\/14\/ce-soir-a-hammamet-spectacle-de-jazz-de-omar-el-ouaer\/","url":"https:\/\/kapitalis.com\/tunisie\/2016\/07\/14\/ce-soir-a-hammamet-spectacle-de-jazz-de-omar-el-ouaer\/","name":"Ce soir \u00e0 Hammamet : Spectacle de jazz de Omar El-Ouaer - Kapitalis","isPartOf":{"@id":"https:\/\/kapitalis.com\/tunisie\/#website"},"primaryImageOfPage":{"@id":"https:\/\/kapitalis.com\/tunisie\/2016\/07\/14\/ce-soir-a-hammamet-spectacle-de-jazz-de-omar-el-ouaer\/#primaryimage"},"image":{"@id":"https:\/\/kapitalis.com\/tunisie\/2016\/07\/14\/ce-soir-a-hammamet-spectacle-de-jazz-de-omar-el-ouaer\/#primaryimage"},"thumbnailUrl":"","datePublished":"2016-07-14T11:21:06+00:00","breadcrumb":{"@id":"https:\/\/kapitalis.com\/tunisie\/2016\/07\/14\/ce-soir-a-hammamet-spectacle-de-jazz-de-omar-el-ouaer\/#breadcrumb"},"inLanguage":"fr-FR","potentialAction":[{"@type":"ReadAction","target":["https:\/\/kapitalis.com\/tunisie\/2016\/07\/14\/ce-soir-a-hammamet-spectacle-de-jazz-de-omar-el-ouaer\/"]}]},{"@type":"ImageObject","inLanguage":"fr-FR","@id":"https:\/\/kapitalis.com\/tunisie\/2016\/07\/14\/ce-soir-a-hammamet-spectacle-de-jazz-de-omar-el-ouaer\/#primaryimage","url":"","contentUrl":""},{"@type":"BreadcrumbList","@id":"https:\/\/kapitalis.com\/tunisie\/2016\/07\/14\/ce-soir-a-hammamet-spectacle-de-jazz-de-omar-el-ouaer\/#breadcrumb","itemListElement":[{"@type":"ListItem","position":1,"name":"Accueil","item":"https:\/\/kapitalis.com\/tunisie\/"},{"@type":"ListItem","position":2,"name":"Ce soir \u00e0 Hammamet : Spectacle de jazz de Omar El-Ouaer"}]},{"@type":"WebSite","@id":"https:\/\/kapitalis.com\/tunisie\/#website","url":"https:\/\/kapitalis.com\/tunisie\/","name":"Kapitalis","description":"L&#039;actualit\u00e9 en Tunisie et dans le monde","publisher":{"@id":"https:\/\/kapitalis.com\/tunisie\/#organization"},"potentialAction":[{"@type":"SearchAction","target":{"@type":"EntryPoint","urlTemplate":"https:\/\/kapitalis.com\/tunisie\/?s={search_term_string}"},"query-input":{"@type":"PropertyValueSpecification","valueRequired":true,"valueName":"search_term_string"}}],"inLanguage":"fr-FR"},{"@type":"Organization","@id":"https:\/\/kapitalis.com\/tunisie\/#organization","name":"Kapitalis","url":"https:\/\/kapitalis.com\/tunisie\/","logo":{"@type":"ImageObject","inLanguage":"fr-FR","@id":"https:\/\/kapitalis.com\/tunisie\/#\/schema\/logo\/image\/","url":"https:\/\/kapitalis.com\/tunisie\/wp-content\/uploads\/2022\/05\/Kapitalis-big-size.png","contentUrl":"https:\/\/kapitalis.com\/tunisie\/wp-content\/uploads\/2022\/05\/Kapitalis-big-size.png","width":5000,"height":1500,"caption":"Kapitalis"},"image":{"@id":"https:\/\/kapitalis.com\/tunisie\/#\/schema\/logo\/image\/"},"sameAs":["https:\/\/www.facebook.com\/KapitalisInfo\/","https:\/\/x.com\/KapitalisInfo","https:\/\/www.youtube.com\/channel\/UC-yDYrHyfFBWWZaOw3FPg9Q"]},{"@type":"Person","@id":"https:\/\/kapitalis.com\/tunisie\/#\/schema\/person\/d71f33a9ca44f7bad4698210b480c8e9","name":"webmaster kapitalis","url":"https:\/\/kapitalis.com\/tunisie\/author\/webmaster-kapitalis\/"}]}},"_links":{"self":[{"href":"https:\/\/kapitalis.com\/tunisie\/wp-json\/wp\/v2\/posts\/57739","targetHints":{"allow":["GET"]}}],"collection":[{"href":"https:\/\/kapitalis.com\/tunisie\/wp-json\/wp\/v2\/posts"}],"about":[{"href":"https:\/\/kapitalis.com\/tunisie\/wp-json\/wp\/v2\/types\/post"}],"author":[{"embeddable":true,"href":"https:\/\/kapitalis.com\/tunisie\/wp-json\/wp\/v2\/users\/8"}],"replies":[{"embeddable":true,"href":"https:\/\/kapitalis.com\/tunisie\/wp-json\/wp\/v2\/comments?post=57739"}],"version-history":[{"count":0,"href":"https:\/\/kapitalis.com\/tunisie\/wp-json\/wp\/v2\/posts\/57739\/revisions"}],"wp:featuredmedia":[{"embeddable":true,"href":"https:\/\/kapitalis.com\/tunisie\/wp-json\/wp\/v2\/media\/57740"}],"wp:attachment":[{"href":"https:\/\/kapitalis.com\/tunisie\/wp-json\/wp\/v2\/media?parent=57739"}],"wp:term":[{"taxonomy":"category","embeddable":true,"href":"https:\/\/kapitalis.com\/tunisie\/wp-json\/wp\/v2\/categories?post=57739"},{"taxonomy":"post_tag","embeddable":true,"href":"https:\/\/kapitalis.com\/tunisie\/wp-json\/wp\/v2\/tags?post=57739"}],"curies":[{"name":"wp","href":"https:\/\/api.w.org\/{rel}","templated":true}]}}