{"id":5774491,"date":"2022-12-21T20:39:43","date_gmt":"2022-12-21T19:39:43","guid":{"rendered":"https:\/\/kapitalis.com\/tunisie\/?p=5774491"},"modified":"2022-12-21T21:25:07","modified_gmt":"2022-12-21T20:25:07","slug":"hichem-ajbouni-pas-dalliance-entre-attayar-et-le-front-de-salut-national","status":"publish","type":"post","link":"https:\/\/kapitalis.com\/tunisie\/2022\/12\/21\/hichem-ajbouni-pas-dalliance-entre-attayar-et-le-front-de-salut-national\/","title":{"rendered":"Hichem Ajbouni : \u00abPas d&rsquo;alliance entre Attayar et le Front de salut national\u00bb"},"content":{"rendered":"\n<p><strong><em>Hichem Ajbouni ancien d\u00e9put\u00e9 et dirigeant du Pari d\u00e9mocratique (Attayar) a affirm\u00e9, ce mercredi 21 d\u00e9cembre 2022, qu&rsquo;il n&rsquo;y aura pas d&rsquo;alliance entre son parti et le Front de salut national (FSN), initi\u00e9 et pr\u00e9sid\u00e9 par Ahmed Nejib Chebbi regroupant des partis de l&rsquo;opposition \u00e0 l&rsquo;instar d&rsquo;Ennahdha, Qalb Tounes et Al-Krama.<\/em><\/strong><\/p>\n\n\n\n<!--more-->\n\n\n\n<p>C&rsquo;est ce qu&rsquo;il a indiqu\u00e9 sur Diwan FM, en lan\u00e7ant : \u00ab<em>Certains membres de cette coalition, en particulier Ennahdha, sont responsables de la situation que traverse actuellement la Tunisie\u00bb, <\/em>tout en affirmant que cette position est claire et a \u00e9t\u00e9 discut\u00e9e au sein d&rsquo;Attayar et qu&rsquo;il n&rsquo;y aura pas de retour en arri\u00e8re \u00e0 ce sujet<\/p>\n\n\n\n<p>Interrog\u00e9 sur les r\u00e9centes d\u00e9missions du parti Attayar de Ghazi Chaouachi, Mohamed Hamdi ou encore Majdi Karbai et sur un possible lien avec une \u00e9ventuelle alliance ces derniers avec le FSN, Hichem Ajbouni a estim\u00e9 qu&rsquo;on ne pas faire de lien \u00e0 ce propos, en indiquant que les concern\u00e9s avaient \u00e9galement exprim\u00e9 le rejet de toute alliance avec le Front dirig\u00e9 par Ahmed N\u00e9jib Chebbi, et ce, pour les m\u00eames causes pr\u00e9cit\u00e9es.<\/p>\n\n\n\n<p><em>\u00abA ce jour, je ne m&rsquo;explique pas les raisons de ces d\u00e9missions\u2026\u00bb<\/em> a-t-il encore lanc\u00e9.<\/p>\n\n\n\n<p class=\"has-text-align-right\"><strong>Y. N.<\/strong><\/p>\n\n\n\n<figure class=\"wp-block-embed is-type-wp-embed is-provider-kapitalis wp-block-embed-kapitalis\"><div class=\"wp-block-embed__wrapper\">\n<blockquote class=\"wp-embedded-content\" data-secret=\"AzkOWAB9RL\"><a href=\"https:\/\/kapitalis.com\/tunisie\/2022\/12\/20\/tunisie-apres-chaouachi-et-kerbai-mohamed-hamdi-quitte-attayar\/\">Tunisie : Apr\u00e8s Chaouachi et Kerba\u00ef, Mohamed Hamdi quitte Attayar<\/a><\/blockquote><iframe loading=\"lazy\" class=\"wp-embedded-content\" sandbox=\"allow-scripts\" security=\"restricted\" style=\"position: absolute; clip: rect(1px, 1px, 1px, 1px);\" title=\"\u00ab\u00a0Tunisie : Apr\u00e8s Chaouachi et Kerba\u00ef, Mohamed Hamdi quitte Attayar\u00a0\u00bb &#8212; Kapitalis\" src=\"https:\/\/kapitalis.com\/tunisie\/2022\/12\/20\/tunisie-apres-chaouachi-et-kerbai-mohamed-hamdi-quitte-attayar\/embed\/#?secret=EFy3dc58Jg#?secret=AzkOWAB9RL\" data-secret=\"AzkOWAB9RL\" width=\"600\" height=\"338\" frameborder=\"0\" marginwidth=\"0\" marginheight=\"0\" scrolling=\"no\"><\/iframe>\n<\/div><\/figure>\n\n\n\n<figure class=\"wp-block-embed is-type-wp-embed is-provider-kapitalis wp-block-embed-kapitalis\"><div class=\"wp-block-embed__wrapper\">\n<blockquote class=\"wp-embedded-content\" data-secret=\"HDZfeXwOTV\"><a href=\"https:\/\/kapitalis.com\/tunisie\/2022\/12\/20\/tunisie-ghazi-chaouachi-quitte-attayar-pour-elargir-lhorizon-dune-solution-pour-la-tunisie\/\">Tunisie\u00a0: Ghazi Chaouachi quitte Attayar pour \u00ab\u00e9largir l\u2019horizon d&rsquo;une solution pour la Tunisie\u00bb<\/a><\/blockquote><iframe loading=\"lazy\" class=\"wp-embedded-content\" sandbox=\"allow-scripts\" security=\"restricted\" style=\"position: absolute; clip: rect(1px, 1px, 1px, 1px);\" title=\"\u00ab\u00a0Tunisie\u00a0: Ghazi Chaouachi quitte Attayar pour \u00ab\u00e9largir l\u2019horizon d&rsquo;une solution pour la Tunisie\u00bb\u00a0\u00bb &#8212; Kapitalis\" src=\"https:\/\/kapitalis.com\/tunisie\/2022\/12\/20\/tunisie-ghazi-chaouachi-quitte-attayar-pour-elargir-lhorizon-dune-solution-pour-la-tunisie\/embed\/#?secret=1tVnmUb6lG#?secret=HDZfeXwOTV\" data-secret=\"HDZfeXwOTV\" width=\"600\" height=\"338\" frameborder=\"0\" marginwidth=\"0\" marginheight=\"0\" scrolling=\"no\"><\/iframe>\n<\/div><\/figure>\n","protected":false},"excerpt":{"rendered":"<p>Hichem Ajbouni : \u00abPas d&rsquo;alliance entre Attayar et le Front de salut national\u00bb<\/p>\n","protected":false},"author":6,"featured_media":480416,"comment_status":"open","ping_status":"open","sticky":false,"template":"","format":"standard","meta":{"footnotes":""},"categories":[997,2433],"tags":[87155,65426,15519,13342,15936,68449,105284,62643],"class_list":["post-5774491","post","type-post","status-publish","format-standard","has-post-thumbnail","hentry","category-politique","category-tunisie","tag-ahmed-nejib-chebbi-2","tag-alliance","tag-attayar","tag-demisssion","tag-ghazi-chaouachi","tag-hichem-ajbouni","tag-opposants","tag-tunisie"],"yoast_head":"<!-- This site is optimized with the Yoast SEO plugin v26.6 - https:\/\/yoast.com\/wordpress\/plugins\/seo\/ -->\n<title>Hichem Ajbouni : \u00abPas d&#039;alliance entre Attayar et le Front de salut national\u00bb - Kapitalis<\/title>\n<meta name=\"description\" content=\"Hichem Ajbouni ancien d\u00e9put\u00e9 et dirigeant du Pari d\u00e9mocratique (Attayar) a affirm\u00e9, ce mercredi 21 d\u00e9cembre 2022, qu&#039;il n&#039;aura pas d&#039;alliance entre son parti et le Front de salut national (FSN), initi\u00e9 et pr\u00e9sid\u00e9 par Ahmed Nejib Chebbi regroupant des partis de l&#039;opposition \u00e0 l&#039;instar d&#039;Ennahdha, Qalb Tounes et Al-Krama ainsi que la coalition Citoyens contre le coup d&#039;Etat.\" \/>\n<meta name=\"robots\" content=\"index, follow, max-snippet:-1, max-image-preview:large, max-video-preview:-1\" \/>\n<link rel=\"canonical\" href=\"https:\/\/kapitalis.com\/tunisie\/2022\/12\/21\/hichem-ajbouni-pas-dalliance-entre-attayar-et-le-front-de-salut-national\/\" \/>\n<meta property=\"og:locale\" content=\"fr_FR\" \/>\n<meta property=\"og:type\" content=\"article\" \/>\n<meta property=\"og:title\" content=\"Hichem Ajbouni : \u00abPas d&#039;alliance entre Attayar et le Front de salut national\u00bb - Kapitalis\" \/>\n<meta property=\"og:description\" content=\"Hichem Ajbouni ancien d\u00e9put\u00e9 et dirigeant du Pari d\u00e9mocratique (Attayar) a affirm\u00e9, ce mercredi 21 d\u00e9cembre 2022, qu&#039;il n&#039;aura pas d&#039;alliance entre son parti et le Front de salut national (FSN), initi\u00e9 et pr\u00e9sid\u00e9 par Ahmed Nejib Chebbi regroupant des partis de l&#039;opposition \u00e0 l&#039;instar d&#039;Ennahdha, Qalb Tounes et Al-Krama ainsi que la coalition Citoyens contre le coup d&#039;Etat.\" \/>\n<meta property=\"og:url\" content=\"https:\/\/kapitalis.com\/tunisie\/2022\/12\/21\/hichem-ajbouni-pas-dalliance-entre-attayar-et-le-front-de-salut-national\/\" \/>\n<meta property=\"og:site_name\" content=\"Kapitalis\" \/>\n<meta property=\"article:publisher\" content=\"https:\/\/www.facebook.com\/KapitalisInfo\/\" \/>\n<meta property=\"article:published_time\" content=\"2022-12-21T19:39:43+00:00\" \/>\n<meta property=\"article:modified_time\" content=\"2022-12-21T20:25:07+00:00\" \/>\n<meta property=\"og:image\" content=\"https:\/\/kapitalis.com\/tunisie\/wp-content\/uploads\/2022\/05\/Hichem-Ajbouni.jpg\" \/>\n\t<meta property=\"og:image:width\" content=\"1200\" \/>\n\t<meta property=\"og:image:height\" content=\"630\" \/>\n\t<meta property=\"og:image:type\" content=\"image\/jpeg\" \/>\n<meta name=\"author\" content=\"Yusra NY\" \/>\n<meta name=\"twitter:card\" content=\"summary_large_image\" \/>\n<meta name=\"twitter:creator\" content=\"@KapitalisInfo\" \/>\n<meta name=\"twitter:site\" content=\"@KapitalisInfo\" \/>\n<meta name=\"twitter:label1\" content=\"\u00c9crit par\" \/>\n\t<meta name=\"twitter:data1\" content=\"Yusra NY\" \/>\n\t<meta name=\"twitter:label2\" content=\"Dur\u00e9e de lecture estim\u00e9e\" \/>\n\t<meta name=\"twitter:data2\" content=\"2 minutes\" \/>\n<script type=\"application\/ld+json\" class=\"yoast-schema-graph\">{\"@context\":\"https:\/\/schema.org\",\"@graph\":[{\"@type\":\"Article\",\"@id\":\"https:\/\/kapitalis.com\/tunisie\/2022\/12\/21\/hichem-ajbouni-pas-dalliance-entre-attayar-et-le-front-de-salut-national\/#article\",\"isPartOf\":{\"@id\":\"https:\/\/kapitalis.com\/tunisie\/2022\/12\/21\/hichem-ajbouni-pas-dalliance-entre-attayar-et-le-front-de-salut-national\/\"},\"author\":{\"name\":\"Yusra NY\",\"@id\":\"https:\/\/kapitalis.com\/tunisie\/#\/schema\/person\/74bbde0154d49d790a92aaeac5bc01d5\"},\"headline\":\"Hichem Ajbouni : \u00abPas d&rsquo;alliance entre Attayar et le Front de salut national\u00bb\",\"datePublished\":\"2022-12-21T19:39:43+00:00\",\"dateModified\":\"2022-12-21T20:25:07+00:00\",\"mainEntityOfPage\":{\"@id\":\"https:\/\/kapitalis.com\/tunisie\/2022\/12\/21\/hichem-ajbouni-pas-dalliance-entre-attayar-et-le-front-de-salut-national\/\"},\"wordCount\":227,\"commentCount\":2,\"publisher\":{\"@id\":\"https:\/\/kapitalis.com\/tunisie\/#organization\"},\"image\":{\"@id\":\"https:\/\/kapitalis.com\/tunisie\/2022\/12\/21\/hichem-ajbouni-pas-dalliance-entre-attayar-et-le-front-de-salut-national\/#primaryimage\"},\"thumbnailUrl\":\"https:\/\/kapitalis.com\/tunisie\/wp-content\/uploads\/2022\/05\/Hichem-Ajbouni.jpg\",\"keywords\":[\"Ahmed Nejib Chebbi\",\"alliance\",\"Attayar\",\"d\u00e9misssion\",\"Ghazi Chaouachi\",\"Hichem Ajbouni\",\"opposants\",\"Tunisie\"],\"articleSection\":[\"POLITIQUE\",\"Tunisie\"],\"inLanguage\":\"fr-FR\",\"potentialAction\":[{\"@type\":\"CommentAction\",\"name\":\"Comment\",\"target\":[\"https:\/\/kapitalis.com\/tunisie\/2022\/12\/21\/hichem-ajbouni-pas-dalliance-entre-attayar-et-le-front-de-salut-national\/#respond\"]}]},{\"@type\":\"WebPage\",\"@id\":\"https:\/\/kapitalis.com\/tunisie\/2022\/12\/21\/hichem-ajbouni-pas-dalliance-entre-attayar-et-le-front-de-salut-national\/\",\"url\":\"https:\/\/kapitalis.com\/tunisie\/2022\/12\/21\/hichem-ajbouni-pas-dalliance-entre-attayar-et-le-front-de-salut-national\/\",\"name\":\"Hichem Ajbouni : \u00abPas d'alliance entre Attayar et le Front de salut national\u00bb - Kapitalis\",\"isPartOf\":{\"@id\":\"https:\/\/kapitalis.com\/tunisie\/#website\"},\"primaryImageOfPage\":{\"@id\":\"https:\/\/kapitalis.com\/tunisie\/2022\/12\/21\/hichem-ajbouni-pas-dalliance-entre-attayar-et-le-front-de-salut-national\/#primaryimage\"},\"image\":{\"@id\":\"https:\/\/kapitalis.com\/tunisie\/2022\/12\/21\/hichem-ajbouni-pas-dalliance-entre-attayar-et-le-front-de-salut-national\/#primaryimage\"},\"thumbnailUrl\":\"https:\/\/kapitalis.com\/tunisie\/wp-content\/uploads\/2022\/05\/Hichem-Ajbouni.jpg\",\"datePublished\":\"2022-12-21T19:39:43+00:00\",\"dateModified\":\"2022-12-21T20:25:07+00:00\",\"description\":\"Hichem Ajbouni ancien d\u00e9put\u00e9 et dirigeant du Pari d\u00e9mocratique (Attayar) a affirm\u00e9, ce mercredi 21 d\u00e9cembre 2022, qu'il n'aura pas d'alliance entre son parti et le Front de salut national (FSN), initi\u00e9 et pr\u00e9sid\u00e9 par Ahmed Nejib Chebbi regroupant des partis de l'opposition \u00e0 l'instar d'Ennahdha, Qalb Tounes et Al-Krama ainsi que la coalition Citoyens contre le coup d'Etat.\",\"breadcrumb\":{\"@id\":\"https:\/\/kapitalis.com\/tunisie\/2022\/12\/21\/hichem-ajbouni-pas-dalliance-entre-attayar-et-le-front-de-salut-national\/#breadcrumb\"},\"inLanguage\":\"fr-FR\",\"potentialAction\":[{\"@type\":\"ReadAction\",\"target\":[\"https:\/\/kapitalis.com\/tunisie\/2022\/12\/21\/hichem-ajbouni-pas-dalliance-entre-attayar-et-le-front-de-salut-national\/\"]}]},{\"@type\":\"ImageObject\",\"inLanguage\":\"fr-FR\",\"@id\":\"https:\/\/kapitalis.com\/tunisie\/2022\/12\/21\/hichem-ajbouni-pas-dalliance-entre-attayar-et-le-front-de-salut-national\/#primaryimage\",\"url\":\"https:\/\/kapitalis.com\/tunisie\/wp-content\/uploads\/2022\/05\/Hichem-Ajbouni.jpg\",\"contentUrl\":\"https:\/\/kapitalis.com\/tunisie\/wp-content\/uploads\/2022\/05\/Hichem-Ajbouni.jpg\",\"width\":1200,\"height\":630},{\"@type\":\"BreadcrumbList\",\"@id\":\"https:\/\/kapitalis.com\/tunisie\/2022\/12\/21\/hichem-ajbouni-pas-dalliance-entre-attayar-et-le-front-de-salut-national\/#breadcrumb\",\"itemListElement\":[{\"@type\":\"ListItem\",\"position\":1,\"name\":\"Accueil\",\"item\":\"https:\/\/kapitalis.com\/tunisie\/\"},{\"@type\":\"ListItem\",\"position\":2,\"name\":\"Hichem Ajbouni : \u00abPas d&rsquo;alliance entre Attayar et le Front de salut national\u00bb\"}]},{\"@type\":\"WebSite\",\"@id\":\"https:\/\/kapitalis.com\/tunisie\/#website\",\"url\":\"https:\/\/kapitalis.com\/tunisie\/\",\"name\":\"Kapitalis\",\"description\":\"L&#039;actualit\u00e9 en Tunisie et dans le monde\",\"publisher\":{\"@id\":\"https:\/\/kapitalis.com\/tunisie\/#organization\"},\"potentialAction\":[{\"@type\":\"SearchAction\",\"target\":{\"@type\":\"EntryPoint\",\"urlTemplate\":\"https:\/\/kapitalis.com\/tunisie\/?s={search_term_string}\"},\"query-input\":{\"@type\":\"PropertyValueSpecification\",\"valueRequired\":true,\"valueName\":\"search_term_string\"}}],\"inLanguage\":\"fr-FR\"},{\"@type\":\"Organization\",\"@id\":\"https:\/\/kapitalis.com\/tunisie\/#organization\",\"name\":\"Kapitalis\",\"url\":\"https:\/\/kapitalis.com\/tunisie\/\",\"logo\":{\"@type\":\"ImageObject\",\"inLanguage\":\"fr-FR\",\"@id\":\"https:\/\/kapitalis.com\/tunisie\/#\/schema\/logo\/image\/\",\"url\":\"https:\/\/kapitalis.com\/tunisie\/wp-content\/uploads\/2022\/05\/Kapitalis-big-size.png\",\"contentUrl\":\"https:\/\/kapitalis.com\/tunisie\/wp-content\/uploads\/2022\/05\/Kapitalis-big-size.png\",\"width\":5000,\"height\":1500,\"caption\":\"Kapitalis\"},\"image\":{\"@id\":\"https:\/\/kapitalis.com\/tunisie\/#\/schema\/logo\/image\/\"},\"sameAs\":[\"https:\/\/www.facebook.com\/KapitalisInfo\/\",\"https:\/\/x.com\/KapitalisInfo\",\"https:\/\/www.youtube.com\/channel\/UC-yDYrHyfFBWWZaOw3FPg9Q\"]},{\"@type\":\"Person\",\"@id\":\"https:\/\/kapitalis.com\/tunisie\/#\/schema\/person\/74bbde0154d49d790a92aaeac5bc01d5\",\"name\":\"Yusra NY\",\"url\":\"https:\/\/kapitalis.com\/tunisie\/author\/yuza_adam\/\"}]}<\/script>\n<!-- \/ Yoast SEO plugin. -->","yoast_head_json":{"title":"Hichem Ajbouni : \u00abPas d'alliance entre Attayar et le Front de salut national\u00bb - Kapitalis","description":"Hichem Ajbouni ancien d\u00e9put\u00e9 et dirigeant du Pari d\u00e9mocratique (Attayar) a affirm\u00e9, ce mercredi 21 d\u00e9cembre 2022, qu'il n'aura pas d'alliance entre son parti et le Front de salut national (FSN), initi\u00e9 et pr\u00e9sid\u00e9 par Ahmed Nejib Chebbi regroupant des partis de l'opposition \u00e0 l'instar d'Ennahdha, Qalb Tounes et Al-Krama ainsi que la coalition Citoyens contre le coup d'Etat.","robots":{"index":"index","follow":"follow","max-snippet":"max-snippet:-1","max-image-preview":"max-image-preview:large","max-video-preview":"max-video-preview:-1"},"canonical":"https:\/\/kapitalis.com\/tunisie\/2022\/12\/21\/hichem-ajbouni-pas-dalliance-entre-attayar-et-le-front-de-salut-national\/","og_locale":"fr_FR","og_type":"article","og_title":"Hichem Ajbouni : \u00abPas d'alliance entre Attayar et le Front de salut national\u00bb - Kapitalis","og_description":"Hichem Ajbouni ancien d\u00e9put\u00e9 et dirigeant du Pari d\u00e9mocratique (Attayar) a affirm\u00e9, ce mercredi 21 d\u00e9cembre 2022, qu'il n'aura pas d'alliance entre son parti et le Front de salut national (FSN), initi\u00e9 et pr\u00e9sid\u00e9 par Ahmed Nejib Chebbi regroupant des partis de l'opposition \u00e0 l'instar d'Ennahdha, Qalb Tounes et Al-Krama ainsi que la coalition Citoyens contre le coup d'Etat.","og_url":"https:\/\/kapitalis.com\/tunisie\/2022\/12\/21\/hichem-ajbouni-pas-dalliance-entre-attayar-et-le-front-de-salut-national\/","og_site_name":"Kapitalis","article_publisher":"https:\/\/www.facebook.com\/KapitalisInfo\/","article_published_time":"2022-12-21T19:39:43+00:00","article_modified_time":"2022-12-21T20:25:07+00:00","og_image":[{"width":1200,"height":630,"url":"https:\/\/kapitalis.com\/tunisie\/wp-content\/uploads\/2022\/05\/Hichem-Ajbouni.jpg","type":"image\/jpeg"}],"author":"Yusra NY","twitter_card":"summary_large_image","twitter_creator":"@KapitalisInfo","twitter_site":"@KapitalisInfo","twitter_misc":{"\u00c9crit par":"Yusra NY","Dur\u00e9e de lecture estim\u00e9e":"2 minutes"},"schema":{"@context":"https:\/\/schema.org","@graph":[{"@type":"Article","@id":"https:\/\/kapitalis.com\/tunisie\/2022\/12\/21\/hichem-ajbouni-pas-dalliance-entre-attayar-et-le-front-de-salut-national\/#article","isPartOf":{"@id":"https:\/\/kapitalis.com\/tunisie\/2022\/12\/21\/hichem-ajbouni-pas-dalliance-entre-attayar-et-le-front-de-salut-national\/"},"author":{"name":"Yusra NY","@id":"https:\/\/kapitalis.com\/tunisie\/#\/schema\/person\/74bbde0154d49d790a92aaeac5bc01d5"},"headline":"Hichem Ajbouni : \u00abPas d&rsquo;alliance entre Attayar et le Front de salut national\u00bb","datePublished":"2022-12-21T19:39:43+00:00","dateModified":"2022-12-21T20:25:07+00:00","mainEntityOfPage":{"@id":"https:\/\/kapitalis.com\/tunisie\/2022\/12\/21\/hichem-ajbouni-pas-dalliance-entre-attayar-et-le-front-de-salut-national\/"},"wordCount":227,"commentCount":2,"publisher":{"@id":"https:\/\/kapitalis.com\/tunisie\/#organization"},"image":{"@id":"https:\/\/kapitalis.com\/tunisie\/2022\/12\/21\/hichem-ajbouni-pas-dalliance-entre-attayar-et-le-front-de-salut-national\/#primaryimage"},"thumbnailUrl":"https:\/\/kapitalis.com\/tunisie\/wp-content\/uploads\/2022\/05\/Hichem-Ajbouni.jpg","keywords":["Ahmed Nejib Chebbi","alliance","Attayar","d\u00e9misssion","Ghazi Chaouachi","Hichem Ajbouni","opposants","Tunisie"],"articleSection":["POLITIQUE","Tunisie"],"inLanguage":"fr-FR","potentialAction":[{"@type":"CommentAction","name":"Comment","target":["https:\/\/kapitalis.com\/tunisie\/2022\/12\/21\/hichem-ajbouni-pas-dalliance-entre-attayar-et-le-front-de-salut-national\/#respond"]}]},{"@type":"WebPage","@id":"https:\/\/kapitalis.com\/tunisie\/2022\/12\/21\/hichem-ajbouni-pas-dalliance-entre-attayar-et-le-front-de-salut-national\/","url":"https:\/\/kapitalis.com\/tunisie\/2022\/12\/21\/hichem-ajbouni-pas-dalliance-entre-attayar-et-le-front-de-salut-national\/","name":"Hichem Ajbouni : \u00abPas d'alliance entre Attayar et le Front de salut national\u00bb - Kapitalis","isPartOf":{"@id":"https:\/\/kapitalis.com\/tunisie\/#website"},"primaryImageOfPage":{"@id":"https:\/\/kapitalis.com\/tunisie\/2022\/12\/21\/hichem-ajbouni-pas-dalliance-entre-attayar-et-le-front-de-salut-national\/#primaryimage"},"image":{"@id":"https:\/\/kapitalis.com\/tunisie\/2022\/12\/21\/hichem-ajbouni-pas-dalliance-entre-attayar-et-le-front-de-salut-national\/#primaryimage"},"thumbnailUrl":"https:\/\/kapitalis.com\/tunisie\/wp-content\/uploads\/2022\/05\/Hichem-Ajbouni.jpg","datePublished":"2022-12-21T19:39:43+00:00","dateModified":"2022-12-21T20:25:07+00:00","description":"Hichem Ajbouni ancien d\u00e9put\u00e9 et dirigeant du Pari d\u00e9mocratique (Attayar) a affirm\u00e9, ce mercredi 21 d\u00e9cembre 2022, qu'il n'aura pas d'alliance entre son parti et le Front de salut national (FSN), initi\u00e9 et pr\u00e9sid\u00e9 par Ahmed Nejib Chebbi regroupant des partis de l'opposition \u00e0 l'instar d'Ennahdha, Qalb Tounes et Al-Krama ainsi que la coalition Citoyens contre le coup d'Etat.","breadcrumb":{"@id":"https:\/\/kapitalis.com\/tunisie\/2022\/12\/21\/hichem-ajbouni-pas-dalliance-entre-attayar-et-le-front-de-salut-national\/#breadcrumb"},"inLanguage":"fr-FR","potentialAction":[{"@type":"ReadAction","target":["https:\/\/kapitalis.com\/tunisie\/2022\/12\/21\/hichem-ajbouni-pas-dalliance-entre-attayar-et-le-front-de-salut-national\/"]}]},{"@type":"ImageObject","inLanguage":"fr-FR","@id":"https:\/\/kapitalis.com\/tunisie\/2022\/12\/21\/hichem-ajbouni-pas-dalliance-entre-attayar-et-le-front-de-salut-national\/#primaryimage","url":"https:\/\/kapitalis.com\/tunisie\/wp-content\/uploads\/2022\/05\/Hichem-Ajbouni.jpg","contentUrl":"https:\/\/kapitalis.com\/tunisie\/wp-content\/uploads\/2022\/05\/Hichem-Ajbouni.jpg","width":1200,"height":630},{"@type":"BreadcrumbList","@id":"https:\/\/kapitalis.com\/tunisie\/2022\/12\/21\/hichem-ajbouni-pas-dalliance-entre-attayar-et-le-front-de-salut-national\/#breadcrumb","itemListElement":[{"@type":"ListItem","position":1,"name":"Accueil","item":"https:\/\/kapitalis.com\/tunisie\/"},{"@type":"ListItem","position":2,"name":"Hichem Ajbouni : \u00abPas d&rsquo;alliance entre Attayar et le Front de salut national\u00bb"}]},{"@type":"WebSite","@id":"https:\/\/kapitalis.com\/tunisie\/#website","url":"https:\/\/kapitalis.com\/tunisie\/","name":"Kapitalis","description":"L&#039;actualit\u00e9 en Tunisie et dans le monde","publisher":{"@id":"https:\/\/kapitalis.com\/tunisie\/#organization"},"potentialAction":[{"@type":"SearchAction","target":{"@type":"EntryPoint","urlTemplate":"https:\/\/kapitalis.com\/tunisie\/?s={search_term_string}"},"query-input":{"@type":"PropertyValueSpecification","valueRequired":true,"valueName":"search_term_string"}}],"inLanguage":"fr-FR"},{"@type":"Organization","@id":"https:\/\/kapitalis.com\/tunisie\/#organization","name":"Kapitalis","url":"https:\/\/kapitalis.com\/tunisie\/","logo":{"@type":"ImageObject","inLanguage":"fr-FR","@id":"https:\/\/kapitalis.com\/tunisie\/#\/schema\/logo\/image\/","url":"https:\/\/kapitalis.com\/tunisie\/wp-content\/uploads\/2022\/05\/Kapitalis-big-size.png","contentUrl":"https:\/\/kapitalis.com\/tunisie\/wp-content\/uploads\/2022\/05\/Kapitalis-big-size.png","width":5000,"height":1500,"caption":"Kapitalis"},"image":{"@id":"https:\/\/kapitalis.com\/tunisie\/#\/schema\/logo\/image\/"},"sameAs":["https:\/\/www.facebook.com\/KapitalisInfo\/","https:\/\/x.com\/KapitalisInfo","https:\/\/www.youtube.com\/channel\/UC-yDYrHyfFBWWZaOw3FPg9Q"]},{"@type":"Person","@id":"https:\/\/kapitalis.com\/tunisie\/#\/schema\/person\/74bbde0154d49d790a92aaeac5bc01d5","name":"Yusra NY","url":"https:\/\/kapitalis.com\/tunisie\/author\/yuza_adam\/"}]}},"_links":{"self":[{"href":"https:\/\/kapitalis.com\/tunisie\/wp-json\/wp\/v2\/posts\/5774491","targetHints":{"allow":["GET"]}}],"collection":[{"href":"https:\/\/kapitalis.com\/tunisie\/wp-json\/wp\/v2\/posts"}],"about":[{"href":"https:\/\/kapitalis.com\/tunisie\/wp-json\/wp\/v2\/types\/post"}],"author":[{"embeddable":true,"href":"https:\/\/kapitalis.com\/tunisie\/wp-json\/wp\/v2\/users\/6"}],"replies":[{"embeddable":true,"href":"https:\/\/kapitalis.com\/tunisie\/wp-json\/wp\/v2\/comments?post=5774491"}],"version-history":[{"count":3,"href":"https:\/\/kapitalis.com\/tunisie\/wp-json\/wp\/v2\/posts\/5774491\/revisions"}],"predecessor-version":[{"id":5774599,"href":"https:\/\/kapitalis.com\/tunisie\/wp-json\/wp\/v2\/posts\/5774491\/revisions\/5774599"}],"wp:featuredmedia":[{"embeddable":true,"href":"https:\/\/kapitalis.com\/tunisie\/wp-json\/wp\/v2\/media\/480416"}],"wp:attachment":[{"href":"https:\/\/kapitalis.com\/tunisie\/wp-json\/wp\/v2\/media?parent=5774491"}],"wp:term":[{"taxonomy":"category","embeddable":true,"href":"https:\/\/kapitalis.com\/tunisie\/wp-json\/wp\/v2\/categories?post=5774491"},{"taxonomy":"post_tag","embeddable":true,"href":"https:\/\/kapitalis.com\/tunisie\/wp-json\/wp\/v2\/tags?post=5774491"}],"curies":[{"name":"wp","href":"https:\/\/api.w.org\/{rel}","templated":true}]}}