{"id":57896,"date":"2016-07-15T14:59:07","date_gmt":"2016-07-15T13:59:07","guid":{"rendered":"http:\/\/kapitalis.com\/tunisie\/?p=57896"},"modified":"2016-07-17T11:44:09","modified_gmt":"2016-07-17T10:44:09","slug":"crash-dhelico-a-sfax-le-pilote-a-evite-le-pire","status":"publish","type":"post","link":"https:\/\/kapitalis.com\/tunisie\/2016\/07\/15\/crash-dhelico-a-sfax-le-pilote-a-evite-le-pire\/","title":{"rendered":"Crash d\u2019h\u00e9lico \u00e0 Sfax : Le pilote a \u00e9vit\u00e9 le pire"},"content":{"rendered":"<p style=\"text-align: center;\"><img loading=\"lazy\" decoding=\"async\" class=\"alignnone size-full wp-image-57897\" src=\"http:\/\/kapitalis.com\/tunisie\/wp-content\/uploads\/2016\/07\/Sfax-Crash-helico.jpg\" alt=\"Sfax-Crash helico\" width=\"626\" height=\"380\" \/><\/p>\n<p><em><strong>L\u2019enqu\u00eate a r\u00e9v\u00e9l\u00e9 que le crash de l\u2019h\u00e9licopt\u00e8re, hier, \u00e0 Sfax, est d\u00fb \u00e0 une panne technique. Le pilote a \u00e9vit\u00e9 le pire.<\/strong><\/em><\/p>\n<p><!--more--><\/p>\n<p>Le capitaine Youssef Belhadj, qui \u00e9tait aux commandes de l\u2019appareil, et son \u00e9l\u00e8ve, le lieutenant Moataz Magri, sont morts sur le coup.<\/p>\n<p>Les premiers \u00e9l\u00e9ments de l\u2019enqu\u00eate et les t\u00e9moignages r\u00e9v\u00e8lent que le capitaine a effectu\u00e9 plusieurs man\u0153uvres pour \u00e9viter que son appareil s\u2019\u00e9crase sur un\u00a0quartier r\u00e9sidentiel. L\u2019h\u00e9licopt\u00e8re s\u2019est crash\u00e9 sur un terrain vague pr\u00e8s de la route menant \u00e0 Gab\u00e8s et le capitaine a ainsi \u00e9vit\u00e9 une catastrophe.<\/p>\n<p style=\"text-align: center;\"><img loading=\"lazy\" decoding=\"async\" class=\"alignnone size-full wp-image-57898\" src=\"http:\/\/kapitalis.com\/tunisie\/wp-content\/uploads\/2016\/07\/Sfax-c\u00e9r\u00e9monie-militaire-crash.jpg\" alt=\"Sfax- c\u00e9r\u00e9monie militaire crash\" width=\"500\" height=\"300\" \/><\/p>\n<p>Une c\u00e9r\u00e9monie officielle pour rendre les honneurs militaires aux deux victimes\u00a0s&rsquo;est tenue aujourd&rsquo;hui,\u00a0\u00e0 Laouina, \u00e0 Tunis.<\/p>\n<p style=\"text-align: right;\"><strong>Y. N.<\/strong><\/p>\n","protected":false},"excerpt":{"rendered":"<p>L\u2019enqu\u00eate a r\u00e9v\u00e9l\u00e9 que le crash de l\u2019h\u00e9licopt\u00e8re, hier, \u00e0 Sfax, est d\u00fb \u00e0 une panne technique. Le pilote a \u00e9vit\u00e9 le pire.<\/p>\n","protected":false},"author":6,"featured_media":57897,"comment_status":"open","ping_status":"open","sticky":false,"template":"","format":"standard","meta":{"footnotes":""},"categories":[998,2433],"tags":[80,20378,6486,15376],"class_list":["post-57896","post","type-post","status-publish","format-standard","has-post-thumbnail","hentry","category-societe","category-tunisie","tag-armee","tag-capitaine","tag-laouina","tag-lieutenant"],"yoast_head":"<!-- This site is optimized with the Yoast SEO plugin v26.6 - https:\/\/yoast.com\/wordpress\/plugins\/seo\/ -->\n<title>Crash d\u2019h\u00e9lico \u00e0 Sfax : Le pilote a \u00e9vit\u00e9 le pire - Kapitalis<\/title>\n<meta name=\"robots\" content=\"index, follow, max-snippet:-1, max-image-preview:large, max-video-preview:-1\" \/>\n<link rel=\"canonical\" href=\"https:\/\/kapitalis.com\/tunisie\/2016\/07\/15\/crash-dhelico-a-sfax-le-pilote-a-evite-le-pire\/\" \/>\n<meta property=\"og:locale\" content=\"fr_FR\" \/>\n<meta property=\"og:type\" content=\"article\" \/>\n<meta property=\"og:title\" content=\"Crash d\u2019h\u00e9lico \u00e0 Sfax : Le pilote a \u00e9vit\u00e9 le pire - Kapitalis\" \/>\n<meta property=\"og:description\" content=\"L\u2019enqu\u00eate a r\u00e9v\u00e9l\u00e9 que le crash de l\u2019h\u00e9licopt\u00e8re, hier, \u00e0 Sfax, est d\u00fb \u00e0 une panne technique. Le pilote a \u00e9vit\u00e9 le pire.\" \/>\n<meta property=\"og:url\" content=\"https:\/\/kapitalis.com\/tunisie\/2016\/07\/15\/crash-dhelico-a-sfax-le-pilote-a-evite-le-pire\/\" \/>\n<meta property=\"og:site_name\" content=\"Kapitalis\" \/>\n<meta property=\"article:publisher\" content=\"https:\/\/www.facebook.com\/KapitalisInfo\/\" \/>\n<meta property=\"article:published_time\" content=\"2016-07-15T13:59:07+00:00\" \/>\n<meta property=\"article:modified_time\" content=\"2016-07-17T10:44:09+00:00\" \/>\n<meta property=\"og:image\" content=\"https:\/\/kapitalis.com\/tunisie\/wp-content\/uploads\/2022\/05\/kapitalis-logo-fb.png\" \/>\n\t<meta property=\"og:image:width\" content=\"1200\" \/>\n\t<meta property=\"og:image:height\" content=\"630\" \/>\n\t<meta property=\"og:image:type\" content=\"image\/png\" \/>\n<meta name=\"author\" content=\"Yusra NY\" \/>\n<meta name=\"twitter:card\" content=\"summary_large_image\" \/>\n<meta name=\"twitter:creator\" content=\"@KapitalisInfo\" \/>\n<meta name=\"twitter:site\" content=\"@KapitalisInfo\" \/>\n<meta name=\"twitter:label1\" content=\"\u00c9crit par\" \/>\n\t<meta name=\"twitter:data1\" content=\"Yusra NY\" \/>\n\t<meta name=\"twitter:label2\" content=\"Dur\u00e9e de lecture estim\u00e9e\" \/>\n\t<meta name=\"twitter:data2\" content=\"1 minute\" \/>\n<script type=\"application\/ld+json\" class=\"yoast-schema-graph\">{\"@context\":\"https:\/\/schema.org\",\"@graph\":[{\"@type\":\"Article\",\"@id\":\"https:\/\/kapitalis.com\/tunisie\/2016\/07\/15\/crash-dhelico-a-sfax-le-pilote-a-evite-le-pire\/#article\",\"isPartOf\":{\"@id\":\"https:\/\/kapitalis.com\/tunisie\/2016\/07\/15\/crash-dhelico-a-sfax-le-pilote-a-evite-le-pire\/\"},\"author\":{\"name\":\"Yusra NY\",\"@id\":\"https:\/\/kapitalis.com\/tunisie\/#\/schema\/person\/74bbde0154d49d790a92aaeac5bc01d5\"},\"headline\":\"Crash d\u2019h\u00e9lico \u00e0 Sfax : Le pilote a \u00e9vit\u00e9 le pire\",\"datePublished\":\"2016-07-15T13:59:07+00:00\",\"dateModified\":\"2016-07-17T10:44:09+00:00\",\"mainEntityOfPage\":{\"@id\":\"https:\/\/kapitalis.com\/tunisie\/2016\/07\/15\/crash-dhelico-a-sfax-le-pilote-a-evite-le-pire\/\"},\"wordCount\":145,\"commentCount\":1,\"publisher\":{\"@id\":\"https:\/\/kapitalis.com\/tunisie\/#organization\"},\"image\":{\"@id\":\"https:\/\/kapitalis.com\/tunisie\/2016\/07\/15\/crash-dhelico-a-sfax-le-pilote-a-evite-le-pire\/#primaryimage\"},\"thumbnailUrl\":\"\",\"keywords\":[\"arm\u00e9e\",\"capitaine\",\"Laouina\",\"Lieutenant\"],\"articleSection\":[\"SOCIETE\",\"Tunisie\"],\"inLanguage\":\"fr-FR\",\"potentialAction\":[{\"@type\":\"CommentAction\",\"name\":\"Comment\",\"target\":[\"https:\/\/kapitalis.com\/tunisie\/2016\/07\/15\/crash-dhelico-a-sfax-le-pilote-a-evite-le-pire\/#respond\"]}]},{\"@type\":\"WebPage\",\"@id\":\"https:\/\/kapitalis.com\/tunisie\/2016\/07\/15\/crash-dhelico-a-sfax-le-pilote-a-evite-le-pire\/\",\"url\":\"https:\/\/kapitalis.com\/tunisie\/2016\/07\/15\/crash-dhelico-a-sfax-le-pilote-a-evite-le-pire\/\",\"name\":\"Crash d\u2019h\u00e9lico \u00e0 Sfax : Le pilote a \u00e9vit\u00e9 le pire - Kapitalis\",\"isPartOf\":{\"@id\":\"https:\/\/kapitalis.com\/tunisie\/#website\"},\"primaryImageOfPage\":{\"@id\":\"https:\/\/kapitalis.com\/tunisie\/2016\/07\/15\/crash-dhelico-a-sfax-le-pilote-a-evite-le-pire\/#primaryimage\"},\"image\":{\"@id\":\"https:\/\/kapitalis.com\/tunisie\/2016\/07\/15\/crash-dhelico-a-sfax-le-pilote-a-evite-le-pire\/#primaryimage\"},\"thumbnailUrl\":\"\",\"datePublished\":\"2016-07-15T13:59:07+00:00\",\"dateModified\":\"2016-07-17T10:44:09+00:00\",\"breadcrumb\":{\"@id\":\"https:\/\/kapitalis.com\/tunisie\/2016\/07\/15\/crash-dhelico-a-sfax-le-pilote-a-evite-le-pire\/#breadcrumb\"},\"inLanguage\":\"fr-FR\",\"potentialAction\":[{\"@type\":\"ReadAction\",\"target\":[\"https:\/\/kapitalis.com\/tunisie\/2016\/07\/15\/crash-dhelico-a-sfax-le-pilote-a-evite-le-pire\/\"]}]},{\"@type\":\"ImageObject\",\"inLanguage\":\"fr-FR\",\"@id\":\"https:\/\/kapitalis.com\/tunisie\/2016\/07\/15\/crash-dhelico-a-sfax-le-pilote-a-evite-le-pire\/#primaryimage\",\"url\":\"\",\"contentUrl\":\"\"},{\"@type\":\"BreadcrumbList\",\"@id\":\"https:\/\/kapitalis.com\/tunisie\/2016\/07\/15\/crash-dhelico-a-sfax-le-pilote-a-evite-le-pire\/#breadcrumb\",\"itemListElement\":[{\"@type\":\"ListItem\",\"position\":1,\"name\":\"Accueil\",\"item\":\"https:\/\/kapitalis.com\/tunisie\/\"},{\"@type\":\"ListItem\",\"position\":2,\"name\":\"Crash d\u2019h\u00e9lico \u00e0 Sfax : Le pilote a \u00e9vit\u00e9 le pire\"}]},{\"@type\":\"WebSite\",\"@id\":\"https:\/\/kapitalis.com\/tunisie\/#website\",\"url\":\"https:\/\/kapitalis.com\/tunisie\/\",\"name\":\"Kapitalis\",\"description\":\"L&#039;actualit\u00e9 en Tunisie et dans le monde\",\"publisher\":{\"@id\":\"https:\/\/kapitalis.com\/tunisie\/#organization\"},\"potentialAction\":[{\"@type\":\"SearchAction\",\"target\":{\"@type\":\"EntryPoint\",\"urlTemplate\":\"https:\/\/kapitalis.com\/tunisie\/?s={search_term_string}\"},\"query-input\":{\"@type\":\"PropertyValueSpecification\",\"valueRequired\":true,\"valueName\":\"search_term_string\"}}],\"inLanguage\":\"fr-FR\"},{\"@type\":\"Organization\",\"@id\":\"https:\/\/kapitalis.com\/tunisie\/#organization\",\"name\":\"Kapitalis\",\"url\":\"https:\/\/kapitalis.com\/tunisie\/\",\"logo\":{\"@type\":\"ImageObject\",\"inLanguage\":\"fr-FR\",\"@id\":\"https:\/\/kapitalis.com\/tunisie\/#\/schema\/logo\/image\/\",\"url\":\"https:\/\/kapitalis.com\/tunisie\/wp-content\/uploads\/2022\/05\/Kapitalis-big-size.png\",\"contentUrl\":\"https:\/\/kapitalis.com\/tunisie\/wp-content\/uploads\/2022\/05\/Kapitalis-big-size.png\",\"width\":5000,\"height\":1500,\"caption\":\"Kapitalis\"},\"image\":{\"@id\":\"https:\/\/kapitalis.com\/tunisie\/#\/schema\/logo\/image\/\"},\"sameAs\":[\"https:\/\/www.facebook.com\/KapitalisInfo\/\",\"https:\/\/x.com\/KapitalisInfo\",\"https:\/\/www.youtube.com\/channel\/UC-yDYrHyfFBWWZaOw3FPg9Q\"]},{\"@type\":\"Person\",\"@id\":\"https:\/\/kapitalis.com\/tunisie\/#\/schema\/person\/74bbde0154d49d790a92aaeac5bc01d5\",\"name\":\"Yusra NY\",\"url\":\"https:\/\/kapitalis.com\/tunisie\/author\/yuza_adam\/\"}]}<\/script>\n<!-- \/ Yoast SEO plugin. -->","yoast_head_json":{"title":"Crash d\u2019h\u00e9lico \u00e0 Sfax : Le pilote a \u00e9vit\u00e9 le pire - Kapitalis","robots":{"index":"index","follow":"follow","max-snippet":"max-snippet:-1","max-image-preview":"max-image-preview:large","max-video-preview":"max-video-preview:-1"},"canonical":"https:\/\/kapitalis.com\/tunisie\/2016\/07\/15\/crash-dhelico-a-sfax-le-pilote-a-evite-le-pire\/","og_locale":"fr_FR","og_type":"article","og_title":"Crash d\u2019h\u00e9lico \u00e0 Sfax : Le pilote a \u00e9vit\u00e9 le pire - Kapitalis","og_description":"L\u2019enqu\u00eate a r\u00e9v\u00e9l\u00e9 que le crash de l\u2019h\u00e9licopt\u00e8re, hier, \u00e0 Sfax, est d\u00fb \u00e0 une panne technique. Le pilote a \u00e9vit\u00e9 le pire.","og_url":"https:\/\/kapitalis.com\/tunisie\/2016\/07\/15\/crash-dhelico-a-sfax-le-pilote-a-evite-le-pire\/","og_site_name":"Kapitalis","article_publisher":"https:\/\/www.facebook.com\/KapitalisInfo\/","article_published_time":"2016-07-15T13:59:07+00:00","article_modified_time":"2016-07-17T10:44:09+00:00","og_image":[{"width":1200,"height":630,"url":"https:\/\/kapitalis.com\/tunisie\/wp-content\/uploads\/2022\/05\/kapitalis-logo-fb.png","type":"image\/png"}],"author":"Yusra NY","twitter_card":"summary_large_image","twitter_creator":"@KapitalisInfo","twitter_site":"@KapitalisInfo","twitter_misc":{"\u00c9crit par":"Yusra NY","Dur\u00e9e de lecture estim\u00e9e":"1 minute"},"schema":{"@context":"https:\/\/schema.org","@graph":[{"@type":"Article","@id":"https:\/\/kapitalis.com\/tunisie\/2016\/07\/15\/crash-dhelico-a-sfax-le-pilote-a-evite-le-pire\/#article","isPartOf":{"@id":"https:\/\/kapitalis.com\/tunisie\/2016\/07\/15\/crash-dhelico-a-sfax-le-pilote-a-evite-le-pire\/"},"author":{"name":"Yusra NY","@id":"https:\/\/kapitalis.com\/tunisie\/#\/schema\/person\/74bbde0154d49d790a92aaeac5bc01d5"},"headline":"Crash d\u2019h\u00e9lico \u00e0 Sfax : Le pilote a \u00e9vit\u00e9 le pire","datePublished":"2016-07-15T13:59:07+00:00","dateModified":"2016-07-17T10:44:09+00:00","mainEntityOfPage":{"@id":"https:\/\/kapitalis.com\/tunisie\/2016\/07\/15\/crash-dhelico-a-sfax-le-pilote-a-evite-le-pire\/"},"wordCount":145,"commentCount":1,"publisher":{"@id":"https:\/\/kapitalis.com\/tunisie\/#organization"},"image":{"@id":"https:\/\/kapitalis.com\/tunisie\/2016\/07\/15\/crash-dhelico-a-sfax-le-pilote-a-evite-le-pire\/#primaryimage"},"thumbnailUrl":"","keywords":["arm\u00e9e","capitaine","Laouina","Lieutenant"],"articleSection":["SOCIETE","Tunisie"],"inLanguage":"fr-FR","potentialAction":[{"@type":"CommentAction","name":"Comment","target":["https:\/\/kapitalis.com\/tunisie\/2016\/07\/15\/crash-dhelico-a-sfax-le-pilote-a-evite-le-pire\/#respond"]}]},{"@type":"WebPage","@id":"https:\/\/kapitalis.com\/tunisie\/2016\/07\/15\/crash-dhelico-a-sfax-le-pilote-a-evite-le-pire\/","url":"https:\/\/kapitalis.com\/tunisie\/2016\/07\/15\/crash-dhelico-a-sfax-le-pilote-a-evite-le-pire\/","name":"Crash d\u2019h\u00e9lico \u00e0 Sfax : Le pilote a \u00e9vit\u00e9 le pire - Kapitalis","isPartOf":{"@id":"https:\/\/kapitalis.com\/tunisie\/#website"},"primaryImageOfPage":{"@id":"https:\/\/kapitalis.com\/tunisie\/2016\/07\/15\/crash-dhelico-a-sfax-le-pilote-a-evite-le-pire\/#primaryimage"},"image":{"@id":"https:\/\/kapitalis.com\/tunisie\/2016\/07\/15\/crash-dhelico-a-sfax-le-pilote-a-evite-le-pire\/#primaryimage"},"thumbnailUrl":"","datePublished":"2016-07-15T13:59:07+00:00","dateModified":"2016-07-17T10:44:09+00:00","breadcrumb":{"@id":"https:\/\/kapitalis.com\/tunisie\/2016\/07\/15\/crash-dhelico-a-sfax-le-pilote-a-evite-le-pire\/#breadcrumb"},"inLanguage":"fr-FR","potentialAction":[{"@type":"ReadAction","target":["https:\/\/kapitalis.com\/tunisie\/2016\/07\/15\/crash-dhelico-a-sfax-le-pilote-a-evite-le-pire\/"]}]},{"@type":"ImageObject","inLanguage":"fr-FR","@id":"https:\/\/kapitalis.com\/tunisie\/2016\/07\/15\/crash-dhelico-a-sfax-le-pilote-a-evite-le-pire\/#primaryimage","url":"","contentUrl":""},{"@type":"BreadcrumbList","@id":"https:\/\/kapitalis.com\/tunisie\/2016\/07\/15\/crash-dhelico-a-sfax-le-pilote-a-evite-le-pire\/#breadcrumb","itemListElement":[{"@type":"ListItem","position":1,"name":"Accueil","item":"https:\/\/kapitalis.com\/tunisie\/"},{"@type":"ListItem","position":2,"name":"Crash d\u2019h\u00e9lico \u00e0 Sfax : Le pilote a \u00e9vit\u00e9 le pire"}]},{"@type":"WebSite","@id":"https:\/\/kapitalis.com\/tunisie\/#website","url":"https:\/\/kapitalis.com\/tunisie\/","name":"Kapitalis","description":"L&#039;actualit\u00e9 en Tunisie et dans le monde","publisher":{"@id":"https:\/\/kapitalis.com\/tunisie\/#organization"},"potentialAction":[{"@type":"SearchAction","target":{"@type":"EntryPoint","urlTemplate":"https:\/\/kapitalis.com\/tunisie\/?s={search_term_string}"},"query-input":{"@type":"PropertyValueSpecification","valueRequired":true,"valueName":"search_term_string"}}],"inLanguage":"fr-FR"},{"@type":"Organization","@id":"https:\/\/kapitalis.com\/tunisie\/#organization","name":"Kapitalis","url":"https:\/\/kapitalis.com\/tunisie\/","logo":{"@type":"ImageObject","inLanguage":"fr-FR","@id":"https:\/\/kapitalis.com\/tunisie\/#\/schema\/logo\/image\/","url":"https:\/\/kapitalis.com\/tunisie\/wp-content\/uploads\/2022\/05\/Kapitalis-big-size.png","contentUrl":"https:\/\/kapitalis.com\/tunisie\/wp-content\/uploads\/2022\/05\/Kapitalis-big-size.png","width":5000,"height":1500,"caption":"Kapitalis"},"image":{"@id":"https:\/\/kapitalis.com\/tunisie\/#\/schema\/logo\/image\/"},"sameAs":["https:\/\/www.facebook.com\/KapitalisInfo\/","https:\/\/x.com\/KapitalisInfo","https:\/\/www.youtube.com\/channel\/UC-yDYrHyfFBWWZaOw3FPg9Q"]},{"@type":"Person","@id":"https:\/\/kapitalis.com\/tunisie\/#\/schema\/person\/74bbde0154d49d790a92aaeac5bc01d5","name":"Yusra NY","url":"https:\/\/kapitalis.com\/tunisie\/author\/yuza_adam\/"}]}},"_links":{"self":[{"href":"https:\/\/kapitalis.com\/tunisie\/wp-json\/wp\/v2\/posts\/57896","targetHints":{"allow":["GET"]}}],"collection":[{"href":"https:\/\/kapitalis.com\/tunisie\/wp-json\/wp\/v2\/posts"}],"about":[{"href":"https:\/\/kapitalis.com\/tunisie\/wp-json\/wp\/v2\/types\/post"}],"author":[{"embeddable":true,"href":"https:\/\/kapitalis.com\/tunisie\/wp-json\/wp\/v2\/users\/6"}],"replies":[{"embeddable":true,"href":"https:\/\/kapitalis.com\/tunisie\/wp-json\/wp\/v2\/comments?post=57896"}],"version-history":[{"count":0,"href":"https:\/\/kapitalis.com\/tunisie\/wp-json\/wp\/v2\/posts\/57896\/revisions"}],"wp:featuredmedia":[{"embeddable":true,"href":"https:\/\/kapitalis.com\/tunisie\/wp-json\/wp\/v2\/media\/57897"}],"wp:attachment":[{"href":"https:\/\/kapitalis.com\/tunisie\/wp-json\/wp\/v2\/media?parent=57896"}],"wp:term":[{"taxonomy":"category","embeddable":true,"href":"https:\/\/kapitalis.com\/tunisie\/wp-json\/wp\/v2\/categories?post=57896"},{"taxonomy":"post_tag","embeddable":true,"href":"https:\/\/kapitalis.com\/tunisie\/wp-json\/wp\/v2\/tags?post=57896"}],"curies":[{"name":"wp","href":"https:\/\/api.w.org\/{rel}","templated":true}]}}