{"id":5794914,"date":"2022-12-23T10:53:48","date_gmt":"2022-12-23T09:53:48","guid":{"rendered":"https:\/\/kapitalis.com\/tunisie\/?p=5794914"},"modified":"2022-12-23T10:53:50","modified_gmt":"2022-12-23T09:53:50","slug":"sante-le-the-vert-est-moins-nocif-pour-le-coeur-que-le-cafe","status":"publish","type":"post","link":"https:\/\/kapitalis.com\/tunisie\/2022\/12\/23\/sante-le-the-vert-est-moins-nocif-pour-le-coeur-que-le-cafe\/","title":{"rendered":"Sant\u00e9 : le th\u00e9 vert est moins nocif pour le c\u0153ur que le caf\u00e9"},"content":{"rendered":"\n<p><strong><em>Une r\u00e9cente \u00e9tude japonaise ayant concern\u00e9 plus de 18 600 patients qui ont \u00e9t\u00e9 suivis pendant 18 ans apporte des donn\u00e9es int\u00e9ressantes sur la consommation du caf\u00e9 et du th\u00e9 vert.<\/em><\/strong><\/p>\n\n\n\n<!--more-->\n\n\n\n<p><em>\u00abPour les hypertendus s\u00e9v\u00e8res de grade 2 \u00e0 3, boire 2 tasses de caf\u00e9 ou plus multiplie par deux la mortalit\u00e9 cardio-vasculaire alors qu\u2019il n\u2019y a aucun impact chez les hypertendus de grade I\u00bb<\/em>, rapporte Dr Faouzi Addad, professeur de cardiologie \u00e0 Tunis dans un post Facebook, aujourd\u2019hui, vendredi 23 d\u00e9cembre 2022.<\/p>\n\n\n\n<p><em>\u00abPar ailleurs, la consommation de th\u00e9 vert n\u2019a aucun impact d\u00e9l\u00e9t\u00e8re pour les hypertendus quelle que soit la s\u00e9v\u00e9rit\u00e9 et le niveau de consommation<\/em>\u00bb, ajoute Dr Addad, qui estime que les r\u00e9sultats de cette \u00e9tude sont tout \u00e0 fait plausibles quant \u00e0 la relation du caf\u00e9 avec la s\u00e9v\u00e9rit\u00e9 de l\u2019hypertension art\u00e9rielle. Assi une conclusion s\u2019impose-t-elle&nbsp;: <em>\u00abPour les amateurs du caf\u00e9, prenez soins de contr\u00f4ler votre hypertension en priorit\u00e9 ou passez au th\u00e9 vert en attendant un meilleur contr\u00f4le tensionnel\u00bb<\/em>.<\/p>\n","protected":false},"excerpt":{"rendered":"<p>Les hypertendus doivent pr\u00e9f\u00e9rer le th\u00e9 vert au caf\u00e9, nocif pour le c\u0153ur. <\/p>\n","protected":false},"author":8,"featured_media":5794983,"comment_status":"open","ping_status":"open","sticky":false,"template":"","format":"standard","meta":{"footnotes":""},"categories":[993,998,2433],"tags":[1092,2783,83430,6175,105316,62643],"class_list":["post-5794914","post","type-post","status-publish","format-standard","has-post-thumbnail","hentry","category-conso","category-societe","category-tunisie","tag-cafe","tag-cardiologie","tag-dr-faouzi-addad","tag-hypertension-arterielle","tag-the-vert","tag-tunisie"],"yoast_head":"<!-- This site is optimized with the Yoast SEO plugin v26.6 - https:\/\/yoast.com\/wordpress\/plugins\/seo\/ -->\n<title>Sant\u00e9 : le th\u00e9 vert est moins nocif pour le c\u0153ur que le caf\u00e9 - Kapitalis<\/title>\n<meta name=\"robots\" content=\"index, follow, max-snippet:-1, max-image-preview:large, max-video-preview:-1\" \/>\n<link rel=\"canonical\" href=\"https:\/\/kapitalis.com\/tunisie\/2022\/12\/23\/sante-le-the-vert-est-moins-nocif-pour-le-coeur-que-le-cafe\/\" \/>\n<meta property=\"og:locale\" content=\"fr_FR\" \/>\n<meta property=\"og:type\" content=\"article\" \/>\n<meta property=\"og:title\" content=\"Sant\u00e9 : le th\u00e9 vert est moins nocif pour le c\u0153ur que le caf\u00e9 - Kapitalis\" \/>\n<meta property=\"og:description\" content=\"Les hypertendus doivent pr\u00e9f\u00e9rer le th\u00e9 vert au caf\u00e9, nocif pour le c\u0153ur.\" \/>\n<meta property=\"og:url\" content=\"https:\/\/kapitalis.com\/tunisie\/2022\/12\/23\/sante-le-the-vert-est-moins-nocif-pour-le-coeur-que-le-cafe\/\" \/>\n<meta property=\"og:site_name\" content=\"Kapitalis\" \/>\n<meta property=\"article:publisher\" content=\"https:\/\/www.facebook.com\/KapitalisInfo\/\" \/>\n<meta property=\"article:published_time\" content=\"2022-12-23T09:53:48+00:00\" \/>\n<meta property=\"article:modified_time\" content=\"2022-12-23T09:53:50+00:00\" \/>\n<meta property=\"og:image\" content=\"https:\/\/kapitalis.com\/tunisie\/wp-content\/uploads\/2022\/12\/Cafe-The-vert.jpg\" \/>\n\t<meta property=\"og:image:width\" content=\"1200\" \/>\n\t<meta property=\"og:image:height\" content=\"630\" \/>\n\t<meta property=\"og:image:type\" content=\"image\/jpeg\" \/>\n<meta name=\"author\" content=\"webmaster kapitalis\" \/>\n<meta name=\"twitter:card\" content=\"summary_large_image\" \/>\n<meta name=\"twitter:creator\" content=\"@KapitalisInfo\" \/>\n<meta name=\"twitter:site\" content=\"@KapitalisInfo\" \/>\n<meta name=\"twitter:label1\" content=\"\u00c9crit par\" \/>\n\t<meta name=\"twitter:data1\" content=\"webmaster kapitalis\" \/>\n\t<meta name=\"twitter:label2\" content=\"Dur\u00e9e de lecture estim\u00e9e\" \/>\n\t<meta name=\"twitter:data2\" content=\"1 minute\" \/>\n<script type=\"application\/ld+json\" class=\"yoast-schema-graph\">{\"@context\":\"https:\/\/schema.org\",\"@graph\":[{\"@type\":\"Article\",\"@id\":\"https:\/\/kapitalis.com\/tunisie\/2022\/12\/23\/sante-le-the-vert-est-moins-nocif-pour-le-coeur-que-le-cafe\/#article\",\"isPartOf\":{\"@id\":\"https:\/\/kapitalis.com\/tunisie\/2022\/12\/23\/sante-le-the-vert-est-moins-nocif-pour-le-coeur-que-le-cafe\/\"},\"author\":{\"name\":\"webmaster kapitalis\",\"@id\":\"https:\/\/kapitalis.com\/tunisie\/#\/schema\/person\/d71f33a9ca44f7bad4698210b480c8e9\"},\"headline\":\"Sant\u00e9 : le th\u00e9 vert est moins nocif pour le c\u0153ur que le caf\u00e9\",\"datePublished\":\"2022-12-23T09:53:48+00:00\",\"dateModified\":\"2022-12-23T09:53:50+00:00\",\"mainEntityOfPage\":{\"@id\":\"https:\/\/kapitalis.com\/tunisie\/2022\/12\/23\/sante-le-the-vert-est-moins-nocif-pour-le-coeur-que-le-cafe\/\"},\"wordCount\":189,\"commentCount\":0,\"publisher\":{\"@id\":\"https:\/\/kapitalis.com\/tunisie\/#organization\"},\"image\":{\"@id\":\"https:\/\/kapitalis.com\/tunisie\/2022\/12\/23\/sante-le-the-vert-est-moins-nocif-pour-le-coeur-que-le-cafe\/#primaryimage\"},\"thumbnailUrl\":\"https:\/\/kapitalis.com\/tunisie\/wp-content\/uploads\/2022\/12\/Cafe-The-vert.jpg\",\"keywords\":[\"caf\u00e9\",\"cardiologie\",\"Dr Faouzi Addad\",\"hypertension art\u00e9rielle\",\"th\u00e9 vert\",\"Tunisie\"],\"articleSection\":[\"CONSO\",\"SOCIETE\",\"Tunisie\"],\"inLanguage\":\"fr-FR\",\"potentialAction\":[{\"@type\":\"CommentAction\",\"name\":\"Comment\",\"target\":[\"https:\/\/kapitalis.com\/tunisie\/2022\/12\/23\/sante-le-the-vert-est-moins-nocif-pour-le-coeur-que-le-cafe\/#respond\"]}]},{\"@type\":\"WebPage\",\"@id\":\"https:\/\/kapitalis.com\/tunisie\/2022\/12\/23\/sante-le-the-vert-est-moins-nocif-pour-le-coeur-que-le-cafe\/\",\"url\":\"https:\/\/kapitalis.com\/tunisie\/2022\/12\/23\/sante-le-the-vert-est-moins-nocif-pour-le-coeur-que-le-cafe\/\",\"name\":\"Sant\u00e9 : le th\u00e9 vert est moins nocif pour le c\u0153ur que le caf\u00e9 - Kapitalis\",\"isPartOf\":{\"@id\":\"https:\/\/kapitalis.com\/tunisie\/#website\"},\"primaryImageOfPage\":{\"@id\":\"https:\/\/kapitalis.com\/tunisie\/2022\/12\/23\/sante-le-the-vert-est-moins-nocif-pour-le-coeur-que-le-cafe\/#primaryimage\"},\"image\":{\"@id\":\"https:\/\/kapitalis.com\/tunisie\/2022\/12\/23\/sante-le-the-vert-est-moins-nocif-pour-le-coeur-que-le-cafe\/#primaryimage\"},\"thumbnailUrl\":\"https:\/\/kapitalis.com\/tunisie\/wp-content\/uploads\/2022\/12\/Cafe-The-vert.jpg\",\"datePublished\":\"2022-12-23T09:53:48+00:00\",\"dateModified\":\"2022-12-23T09:53:50+00:00\",\"breadcrumb\":{\"@id\":\"https:\/\/kapitalis.com\/tunisie\/2022\/12\/23\/sante-le-the-vert-est-moins-nocif-pour-le-coeur-que-le-cafe\/#breadcrumb\"},\"inLanguage\":\"fr-FR\",\"potentialAction\":[{\"@type\":\"ReadAction\",\"target\":[\"https:\/\/kapitalis.com\/tunisie\/2022\/12\/23\/sante-le-the-vert-est-moins-nocif-pour-le-coeur-que-le-cafe\/\"]}]},{\"@type\":\"ImageObject\",\"inLanguage\":\"fr-FR\",\"@id\":\"https:\/\/kapitalis.com\/tunisie\/2022\/12\/23\/sante-le-the-vert-est-moins-nocif-pour-le-coeur-que-le-cafe\/#primaryimage\",\"url\":\"https:\/\/kapitalis.com\/tunisie\/wp-content\/uploads\/2022\/12\/Cafe-The-vert.jpg\",\"contentUrl\":\"https:\/\/kapitalis.com\/tunisie\/wp-content\/uploads\/2022\/12\/Cafe-The-vert.jpg\",\"width\":1200,\"height\":630},{\"@type\":\"BreadcrumbList\",\"@id\":\"https:\/\/kapitalis.com\/tunisie\/2022\/12\/23\/sante-le-the-vert-est-moins-nocif-pour-le-coeur-que-le-cafe\/#breadcrumb\",\"itemListElement\":[{\"@type\":\"ListItem\",\"position\":1,\"name\":\"Accueil\",\"item\":\"https:\/\/kapitalis.com\/tunisie\/\"},{\"@type\":\"ListItem\",\"position\":2,\"name\":\"Sant\u00e9 : le th\u00e9 vert est moins nocif pour le c\u0153ur que le caf\u00e9\"}]},{\"@type\":\"WebSite\",\"@id\":\"https:\/\/kapitalis.com\/tunisie\/#website\",\"url\":\"https:\/\/kapitalis.com\/tunisie\/\",\"name\":\"Kapitalis\",\"description\":\"L&#039;actualit\u00e9 en Tunisie et dans le monde\",\"publisher\":{\"@id\":\"https:\/\/kapitalis.com\/tunisie\/#organization\"},\"potentialAction\":[{\"@type\":\"SearchAction\",\"target\":{\"@type\":\"EntryPoint\",\"urlTemplate\":\"https:\/\/kapitalis.com\/tunisie\/?s={search_term_string}\"},\"query-input\":{\"@type\":\"PropertyValueSpecification\",\"valueRequired\":true,\"valueName\":\"search_term_string\"}}],\"inLanguage\":\"fr-FR\"},{\"@type\":\"Organization\",\"@id\":\"https:\/\/kapitalis.com\/tunisie\/#organization\",\"name\":\"Kapitalis\",\"url\":\"https:\/\/kapitalis.com\/tunisie\/\",\"logo\":{\"@type\":\"ImageObject\",\"inLanguage\":\"fr-FR\",\"@id\":\"https:\/\/kapitalis.com\/tunisie\/#\/schema\/logo\/image\/\",\"url\":\"https:\/\/kapitalis.com\/tunisie\/wp-content\/uploads\/2022\/05\/Kapitalis-big-size.png\",\"contentUrl\":\"https:\/\/kapitalis.com\/tunisie\/wp-content\/uploads\/2022\/05\/Kapitalis-big-size.png\",\"width\":5000,\"height\":1500,\"caption\":\"Kapitalis\"},\"image\":{\"@id\":\"https:\/\/kapitalis.com\/tunisie\/#\/schema\/logo\/image\/\"},\"sameAs\":[\"https:\/\/www.facebook.com\/KapitalisInfo\/\",\"https:\/\/x.com\/KapitalisInfo\",\"https:\/\/www.youtube.com\/channel\/UC-yDYrHyfFBWWZaOw3FPg9Q\"]},{\"@type\":\"Person\",\"@id\":\"https:\/\/kapitalis.com\/tunisie\/#\/schema\/person\/d71f33a9ca44f7bad4698210b480c8e9\",\"name\":\"webmaster kapitalis\",\"url\":\"https:\/\/kapitalis.com\/tunisie\/author\/webmaster-kapitalis\/\"}]}<\/script>\n<!-- \/ Yoast SEO plugin. -->","yoast_head_json":{"title":"Sant\u00e9 : le th\u00e9 vert est moins nocif pour le c\u0153ur que le caf\u00e9 - Kapitalis","robots":{"index":"index","follow":"follow","max-snippet":"max-snippet:-1","max-image-preview":"max-image-preview:large","max-video-preview":"max-video-preview:-1"},"canonical":"https:\/\/kapitalis.com\/tunisie\/2022\/12\/23\/sante-le-the-vert-est-moins-nocif-pour-le-coeur-que-le-cafe\/","og_locale":"fr_FR","og_type":"article","og_title":"Sant\u00e9 : le th\u00e9 vert est moins nocif pour le c\u0153ur que le caf\u00e9 - Kapitalis","og_description":"Les hypertendus doivent pr\u00e9f\u00e9rer le th\u00e9 vert au caf\u00e9, nocif pour le c\u0153ur.","og_url":"https:\/\/kapitalis.com\/tunisie\/2022\/12\/23\/sante-le-the-vert-est-moins-nocif-pour-le-coeur-que-le-cafe\/","og_site_name":"Kapitalis","article_publisher":"https:\/\/www.facebook.com\/KapitalisInfo\/","article_published_time":"2022-12-23T09:53:48+00:00","article_modified_time":"2022-12-23T09:53:50+00:00","og_image":[{"width":1200,"height":630,"url":"https:\/\/kapitalis.com\/tunisie\/wp-content\/uploads\/2022\/12\/Cafe-The-vert.jpg","type":"image\/jpeg"}],"author":"webmaster kapitalis","twitter_card":"summary_large_image","twitter_creator":"@KapitalisInfo","twitter_site":"@KapitalisInfo","twitter_misc":{"\u00c9crit par":"webmaster kapitalis","Dur\u00e9e de lecture estim\u00e9e":"1 minute"},"schema":{"@context":"https:\/\/schema.org","@graph":[{"@type":"Article","@id":"https:\/\/kapitalis.com\/tunisie\/2022\/12\/23\/sante-le-the-vert-est-moins-nocif-pour-le-coeur-que-le-cafe\/#article","isPartOf":{"@id":"https:\/\/kapitalis.com\/tunisie\/2022\/12\/23\/sante-le-the-vert-est-moins-nocif-pour-le-coeur-que-le-cafe\/"},"author":{"name":"webmaster kapitalis","@id":"https:\/\/kapitalis.com\/tunisie\/#\/schema\/person\/d71f33a9ca44f7bad4698210b480c8e9"},"headline":"Sant\u00e9 : le th\u00e9 vert est moins nocif pour le c\u0153ur que le caf\u00e9","datePublished":"2022-12-23T09:53:48+00:00","dateModified":"2022-12-23T09:53:50+00:00","mainEntityOfPage":{"@id":"https:\/\/kapitalis.com\/tunisie\/2022\/12\/23\/sante-le-the-vert-est-moins-nocif-pour-le-coeur-que-le-cafe\/"},"wordCount":189,"commentCount":0,"publisher":{"@id":"https:\/\/kapitalis.com\/tunisie\/#organization"},"image":{"@id":"https:\/\/kapitalis.com\/tunisie\/2022\/12\/23\/sante-le-the-vert-est-moins-nocif-pour-le-coeur-que-le-cafe\/#primaryimage"},"thumbnailUrl":"https:\/\/kapitalis.com\/tunisie\/wp-content\/uploads\/2022\/12\/Cafe-The-vert.jpg","keywords":["caf\u00e9","cardiologie","Dr Faouzi Addad","hypertension art\u00e9rielle","th\u00e9 vert","Tunisie"],"articleSection":["CONSO","SOCIETE","Tunisie"],"inLanguage":"fr-FR","potentialAction":[{"@type":"CommentAction","name":"Comment","target":["https:\/\/kapitalis.com\/tunisie\/2022\/12\/23\/sante-le-the-vert-est-moins-nocif-pour-le-coeur-que-le-cafe\/#respond"]}]},{"@type":"WebPage","@id":"https:\/\/kapitalis.com\/tunisie\/2022\/12\/23\/sante-le-the-vert-est-moins-nocif-pour-le-coeur-que-le-cafe\/","url":"https:\/\/kapitalis.com\/tunisie\/2022\/12\/23\/sante-le-the-vert-est-moins-nocif-pour-le-coeur-que-le-cafe\/","name":"Sant\u00e9 : le th\u00e9 vert est moins nocif pour le c\u0153ur que le caf\u00e9 - Kapitalis","isPartOf":{"@id":"https:\/\/kapitalis.com\/tunisie\/#website"},"primaryImageOfPage":{"@id":"https:\/\/kapitalis.com\/tunisie\/2022\/12\/23\/sante-le-the-vert-est-moins-nocif-pour-le-coeur-que-le-cafe\/#primaryimage"},"image":{"@id":"https:\/\/kapitalis.com\/tunisie\/2022\/12\/23\/sante-le-the-vert-est-moins-nocif-pour-le-coeur-que-le-cafe\/#primaryimage"},"thumbnailUrl":"https:\/\/kapitalis.com\/tunisie\/wp-content\/uploads\/2022\/12\/Cafe-The-vert.jpg","datePublished":"2022-12-23T09:53:48+00:00","dateModified":"2022-12-23T09:53:50+00:00","breadcrumb":{"@id":"https:\/\/kapitalis.com\/tunisie\/2022\/12\/23\/sante-le-the-vert-est-moins-nocif-pour-le-coeur-que-le-cafe\/#breadcrumb"},"inLanguage":"fr-FR","potentialAction":[{"@type":"ReadAction","target":["https:\/\/kapitalis.com\/tunisie\/2022\/12\/23\/sante-le-the-vert-est-moins-nocif-pour-le-coeur-que-le-cafe\/"]}]},{"@type":"ImageObject","inLanguage":"fr-FR","@id":"https:\/\/kapitalis.com\/tunisie\/2022\/12\/23\/sante-le-the-vert-est-moins-nocif-pour-le-coeur-que-le-cafe\/#primaryimage","url":"https:\/\/kapitalis.com\/tunisie\/wp-content\/uploads\/2022\/12\/Cafe-The-vert.jpg","contentUrl":"https:\/\/kapitalis.com\/tunisie\/wp-content\/uploads\/2022\/12\/Cafe-The-vert.jpg","width":1200,"height":630},{"@type":"BreadcrumbList","@id":"https:\/\/kapitalis.com\/tunisie\/2022\/12\/23\/sante-le-the-vert-est-moins-nocif-pour-le-coeur-que-le-cafe\/#breadcrumb","itemListElement":[{"@type":"ListItem","position":1,"name":"Accueil","item":"https:\/\/kapitalis.com\/tunisie\/"},{"@type":"ListItem","position":2,"name":"Sant\u00e9 : le th\u00e9 vert est moins nocif pour le c\u0153ur que le caf\u00e9"}]},{"@type":"WebSite","@id":"https:\/\/kapitalis.com\/tunisie\/#website","url":"https:\/\/kapitalis.com\/tunisie\/","name":"Kapitalis","description":"L&#039;actualit\u00e9 en Tunisie et dans le monde","publisher":{"@id":"https:\/\/kapitalis.com\/tunisie\/#organization"},"potentialAction":[{"@type":"SearchAction","target":{"@type":"EntryPoint","urlTemplate":"https:\/\/kapitalis.com\/tunisie\/?s={search_term_string}"},"query-input":{"@type":"PropertyValueSpecification","valueRequired":true,"valueName":"search_term_string"}}],"inLanguage":"fr-FR"},{"@type":"Organization","@id":"https:\/\/kapitalis.com\/tunisie\/#organization","name":"Kapitalis","url":"https:\/\/kapitalis.com\/tunisie\/","logo":{"@type":"ImageObject","inLanguage":"fr-FR","@id":"https:\/\/kapitalis.com\/tunisie\/#\/schema\/logo\/image\/","url":"https:\/\/kapitalis.com\/tunisie\/wp-content\/uploads\/2022\/05\/Kapitalis-big-size.png","contentUrl":"https:\/\/kapitalis.com\/tunisie\/wp-content\/uploads\/2022\/05\/Kapitalis-big-size.png","width":5000,"height":1500,"caption":"Kapitalis"},"image":{"@id":"https:\/\/kapitalis.com\/tunisie\/#\/schema\/logo\/image\/"},"sameAs":["https:\/\/www.facebook.com\/KapitalisInfo\/","https:\/\/x.com\/KapitalisInfo","https:\/\/www.youtube.com\/channel\/UC-yDYrHyfFBWWZaOw3FPg9Q"]},{"@type":"Person","@id":"https:\/\/kapitalis.com\/tunisie\/#\/schema\/person\/d71f33a9ca44f7bad4698210b480c8e9","name":"webmaster kapitalis","url":"https:\/\/kapitalis.com\/tunisie\/author\/webmaster-kapitalis\/"}]}},"_links":{"self":[{"href":"https:\/\/kapitalis.com\/tunisie\/wp-json\/wp\/v2\/posts\/5794914","targetHints":{"allow":["GET"]}}],"collection":[{"href":"https:\/\/kapitalis.com\/tunisie\/wp-json\/wp\/v2\/posts"}],"about":[{"href":"https:\/\/kapitalis.com\/tunisie\/wp-json\/wp\/v2\/types\/post"}],"author":[{"embeddable":true,"href":"https:\/\/kapitalis.com\/tunisie\/wp-json\/wp\/v2\/users\/8"}],"replies":[{"embeddable":true,"href":"https:\/\/kapitalis.com\/tunisie\/wp-json\/wp\/v2\/comments?post=5794914"}],"version-history":[{"count":1,"href":"https:\/\/kapitalis.com\/tunisie\/wp-json\/wp\/v2\/posts\/5794914\/revisions"}],"predecessor-version":[{"id":5794985,"href":"https:\/\/kapitalis.com\/tunisie\/wp-json\/wp\/v2\/posts\/5794914\/revisions\/5794985"}],"wp:featuredmedia":[{"embeddable":true,"href":"https:\/\/kapitalis.com\/tunisie\/wp-json\/wp\/v2\/media\/5794983"}],"wp:attachment":[{"href":"https:\/\/kapitalis.com\/tunisie\/wp-json\/wp\/v2\/media?parent=5794914"}],"wp:term":[{"taxonomy":"category","embeddable":true,"href":"https:\/\/kapitalis.com\/tunisie\/wp-json\/wp\/v2\/categories?post=5794914"},{"taxonomy":"post_tag","embeddable":true,"href":"https:\/\/kapitalis.com\/tunisie\/wp-json\/wp\/v2\/tags?post=5794914"}],"curies":[{"name":"wp","href":"https:\/\/api.w.org\/{rel}","templated":true}]}}