{"id":57983,"date":"2016-07-16T11:15:35","date_gmt":"2016-07-16T10:15:35","guid":{"rendered":"http:\/\/kapitalis.com\/tunisie\/?p=57983"},"modified":"2016-07-16T11:24:35","modified_gmt":"2016-07-16T10:24:35","slug":"nice-daech-revendique-lattaque-terroriste","status":"publish","type":"post","link":"https:\/\/kapitalis.com\/tunisie\/2016\/07\/16\/nice-daech-revendique-lattaque-terroriste\/","title":{"rendered":"Nice : Daech revendique l\u2019attaque terroriste"},"content":{"rendered":"<p style=\"text-align: center;\"><img loading=\"lazy\" decoding=\"async\" class=\"alignnone size-full wp-image-57845\" src=\"http:\/\/kapitalis.com\/tunisie\/wp-content\/uploads\/2016\/07\/Nice-attaque.jpg\" alt=\"Nice attaque\" width=\"626\" height=\"380\" \/><\/p>\n<p><em><strong>L&rsquo;organisation terroriste de l\u2019Etat islamique (Daech) a revendiqu\u00e9 l&rsquo;attentat au poids lourd, jeudi soir, \u00e0 Nice, en France.<\/strong><\/em><\/p>\n<p><!--more--><\/p>\n<p>Selon Reuters, citant l\u2019agence Amaq, li\u00e9e au groupe jihadiste, l\u2019auteur de l\u2019attaque est un <em>\u00absoldat\u00bb<\/em> de l\u2019Etat islamique.<\/p>\n<p><em>\u00abIl a ex\u00e9cut\u00e9 l\u2019op\u00e9ration en r\u00e9ponse aux appels lanc\u00e9s visant les ressortissants des pays de la coalition qui combat l\u2019Etat islamique\u00bb<\/em>, indique l\u2019Amaq.<\/p>\n<p>Les services fran\u00e7ais de renseignements ont \u00e9t\u00e9 avertis de cette revendication et sont en train de v\u00e9rifier son authenticit\u00e9.<\/p>\n<p>On notera, cependant, que cette revendication a \u00e9t\u00e9 faite plus de 24 heures\u00a0apr\u00e8s le massacre, relativement tardivement, par rapport aux pratiques de l\u2019organisation terroriste, habituellement prompte \u00e0 annoncer\u00a0ses <em>\u00abexploits\u00bb<\/em> et \u00e0 livrer des informations in\u00e9dites sur les ex\u00e9cutants. Ce ne fut pas le cas avec\u00a0le Tunisien Mohamed Salman Lahouij Bouhlel, auteur de l&rsquo;attentat de\u00a0Nice, qui n&rsquo;a visiblement\u00a0pas b\u00e9n\u00e9fici\u00e9 d&rsquo;entrainement ou d&rsquo;encadrement. L&rsquo;organisation semble d&rsquo;ailleurs l&rsquo;avouer, \u00e0 demi-mot, puisqu&rsquo;elle pr\u00e9cise que ce dernier a seulement r\u00e9pondu \u00e0 ses\u00a0<em>\u00abappels\u00bb<\/em>. Traduire: il n&rsquo;a pas de lien organique avec elle.\u00a0Ce qui\u00a0sonne aussi comme un avertissement lourd de sens: l&rsquo;organisation terroriste\u00a0cherche \u00e0 prouver que ses appels ont valeur de mobilisation pour de\u00a0nombreux\u00a0<em>\u00absoldats\u00bb<\/em> anonymes ou loups solitaires pr\u00eats \u00e0 passer \u00e0 l&rsquo;acte.<\/p>\n<p style=\"text-align: right;\"><strong>Y. N.<\/strong><\/p>\n","protected":false},"excerpt":{"rendered":"<p>L&rsquo;organisation terroriste de l\u2019Etat islamique (Daech) a revendiqu\u00e9 l&rsquo;attentat au poids lourd, jeudi soir, \u00e0 Nice, en France.<\/p>\n","protected":false},"author":6,"featured_media":0,"comment_status":"open","ping_status":"open","sticky":false,"template":"","format":"standard","meta":{"footnotes":""},"categories":[998,2433],"tags":[258,395,638,15920,3995],"class_list":["post-57983","post","type-post","status-publish","format-standard","hentry","category-societe","category-tunisie","tag-daech","tag-france","tag-morts","tag-nice","tag-organisation-terroriste"],"yoast_head":"<!-- This site is optimized with the Yoast SEO plugin v26.6 - https:\/\/yoast.com\/wordpress\/plugins\/seo\/ -->\n<title>Nice : Daech revendique l\u2019attaque terroriste - Kapitalis<\/title>\n<meta name=\"robots\" content=\"index, follow, max-snippet:-1, max-image-preview:large, max-video-preview:-1\" \/>\n<link rel=\"canonical\" href=\"https:\/\/kapitalis.com\/tunisie\/2016\/07\/16\/nice-daech-revendique-lattaque-terroriste\/\" \/>\n<meta property=\"og:locale\" content=\"fr_FR\" \/>\n<meta property=\"og:type\" content=\"article\" \/>\n<meta property=\"og:title\" content=\"Nice : Daech revendique l\u2019attaque terroriste - Kapitalis\" \/>\n<meta property=\"og:description\" content=\"L&rsquo;organisation terroriste de l\u2019Etat islamique (Daech) a revendiqu\u00e9 l&rsquo;attentat au poids lourd, jeudi soir, \u00e0 Nice, en France.\" \/>\n<meta property=\"og:url\" content=\"https:\/\/kapitalis.com\/tunisie\/2016\/07\/16\/nice-daech-revendique-lattaque-terroriste\/\" \/>\n<meta property=\"og:site_name\" content=\"Kapitalis\" \/>\n<meta property=\"article:publisher\" content=\"https:\/\/www.facebook.com\/KapitalisInfo\/\" \/>\n<meta property=\"article:published_time\" content=\"2016-07-16T10:15:35+00:00\" \/>\n<meta property=\"article:modified_time\" content=\"2016-07-16T10:24:35+00:00\" \/>\n<meta property=\"og:image\" content=\"http:\/\/kapitalis.com\/tunisie\/wp-content\/uploads\/2016\/07\/Nice-attaque.jpg\" \/>\n<meta name=\"author\" content=\"Yusra NY\" \/>\n<meta name=\"twitter:card\" content=\"summary_large_image\" \/>\n<meta name=\"twitter:creator\" content=\"@KapitalisInfo\" \/>\n<meta name=\"twitter:site\" content=\"@KapitalisInfo\" \/>\n<meta name=\"twitter:label1\" content=\"\u00c9crit par\" \/>\n\t<meta name=\"twitter:data1\" content=\"Yusra NY\" \/>\n\t<meta name=\"twitter:label2\" content=\"Dur\u00e9e de lecture estim\u00e9e\" \/>\n\t<meta name=\"twitter:data2\" content=\"1 minute\" \/>\n<script type=\"application\/ld+json\" class=\"yoast-schema-graph\">{\"@context\":\"https:\/\/schema.org\",\"@graph\":[{\"@type\":\"Article\",\"@id\":\"https:\/\/kapitalis.com\/tunisie\/2016\/07\/16\/nice-daech-revendique-lattaque-terroriste\/#article\",\"isPartOf\":{\"@id\":\"https:\/\/kapitalis.com\/tunisie\/2016\/07\/16\/nice-daech-revendique-lattaque-terroriste\/\"},\"author\":{\"name\":\"Yusra NY\",\"@id\":\"https:\/\/kapitalis.com\/tunisie\/#\/schema\/person\/74bbde0154d49d790a92aaeac5bc01d5\"},\"headline\":\"Nice : Daech revendique l\u2019attaque terroriste\",\"datePublished\":\"2016-07-16T10:15:35+00:00\",\"dateModified\":\"2016-07-16T10:24:35+00:00\",\"mainEntityOfPage\":{\"@id\":\"https:\/\/kapitalis.com\/tunisie\/2016\/07\/16\/nice-daech-revendique-lattaque-terroriste\/\"},\"wordCount\":228,\"commentCount\":4,\"publisher\":{\"@id\":\"https:\/\/kapitalis.com\/tunisie\/#organization\"},\"image\":{\"@id\":\"https:\/\/kapitalis.com\/tunisie\/2016\/07\/16\/nice-daech-revendique-lattaque-terroriste\/#primaryimage\"},\"thumbnailUrl\":\"http:\/\/kapitalis.com\/tunisie\/wp-content\/uploads\/2016\/07\/Nice-attaque.jpg\",\"keywords\":[\"Daech\",\"France\",\"morts\",\"Nice\",\"organisation terroriste\"],\"articleSection\":[\"SOCIETE\",\"Tunisie\"],\"inLanguage\":\"fr-FR\",\"potentialAction\":[{\"@type\":\"CommentAction\",\"name\":\"Comment\",\"target\":[\"https:\/\/kapitalis.com\/tunisie\/2016\/07\/16\/nice-daech-revendique-lattaque-terroriste\/#respond\"]}]},{\"@type\":\"WebPage\",\"@id\":\"https:\/\/kapitalis.com\/tunisie\/2016\/07\/16\/nice-daech-revendique-lattaque-terroriste\/\",\"url\":\"https:\/\/kapitalis.com\/tunisie\/2016\/07\/16\/nice-daech-revendique-lattaque-terroriste\/\",\"name\":\"Nice : Daech revendique l\u2019attaque terroriste - Kapitalis\",\"isPartOf\":{\"@id\":\"https:\/\/kapitalis.com\/tunisie\/#website\"},\"primaryImageOfPage\":{\"@id\":\"https:\/\/kapitalis.com\/tunisie\/2016\/07\/16\/nice-daech-revendique-lattaque-terroriste\/#primaryimage\"},\"image\":{\"@id\":\"https:\/\/kapitalis.com\/tunisie\/2016\/07\/16\/nice-daech-revendique-lattaque-terroriste\/#primaryimage\"},\"thumbnailUrl\":\"http:\/\/kapitalis.com\/tunisie\/wp-content\/uploads\/2016\/07\/Nice-attaque.jpg\",\"datePublished\":\"2016-07-16T10:15:35+00:00\",\"dateModified\":\"2016-07-16T10:24:35+00:00\",\"breadcrumb\":{\"@id\":\"https:\/\/kapitalis.com\/tunisie\/2016\/07\/16\/nice-daech-revendique-lattaque-terroriste\/#breadcrumb\"},\"inLanguage\":\"fr-FR\",\"potentialAction\":[{\"@type\":\"ReadAction\",\"target\":[\"https:\/\/kapitalis.com\/tunisie\/2016\/07\/16\/nice-daech-revendique-lattaque-terroriste\/\"]}]},{\"@type\":\"ImageObject\",\"inLanguage\":\"fr-FR\",\"@id\":\"https:\/\/kapitalis.com\/tunisie\/2016\/07\/16\/nice-daech-revendique-lattaque-terroriste\/#primaryimage\",\"url\":\"http:\/\/kapitalis.com\/tunisie\/wp-content\/uploads\/2016\/07\/Nice-attaque.jpg\",\"contentUrl\":\"http:\/\/kapitalis.com\/tunisie\/wp-content\/uploads\/2016\/07\/Nice-attaque.jpg\"},{\"@type\":\"BreadcrumbList\",\"@id\":\"https:\/\/kapitalis.com\/tunisie\/2016\/07\/16\/nice-daech-revendique-lattaque-terroriste\/#breadcrumb\",\"itemListElement\":[{\"@type\":\"ListItem\",\"position\":1,\"name\":\"Accueil\",\"item\":\"https:\/\/kapitalis.com\/tunisie\/\"},{\"@type\":\"ListItem\",\"position\":2,\"name\":\"Nice : Daech revendique l\u2019attaque terroriste\"}]},{\"@type\":\"WebSite\",\"@id\":\"https:\/\/kapitalis.com\/tunisie\/#website\",\"url\":\"https:\/\/kapitalis.com\/tunisie\/\",\"name\":\"Kapitalis\",\"description\":\"L&#039;actualit\u00e9 en Tunisie et dans le monde\",\"publisher\":{\"@id\":\"https:\/\/kapitalis.com\/tunisie\/#organization\"},\"potentialAction\":[{\"@type\":\"SearchAction\",\"target\":{\"@type\":\"EntryPoint\",\"urlTemplate\":\"https:\/\/kapitalis.com\/tunisie\/?s={search_term_string}\"},\"query-input\":{\"@type\":\"PropertyValueSpecification\",\"valueRequired\":true,\"valueName\":\"search_term_string\"}}],\"inLanguage\":\"fr-FR\"},{\"@type\":\"Organization\",\"@id\":\"https:\/\/kapitalis.com\/tunisie\/#organization\",\"name\":\"Kapitalis\",\"url\":\"https:\/\/kapitalis.com\/tunisie\/\",\"logo\":{\"@type\":\"ImageObject\",\"inLanguage\":\"fr-FR\",\"@id\":\"https:\/\/kapitalis.com\/tunisie\/#\/schema\/logo\/image\/\",\"url\":\"https:\/\/kapitalis.com\/tunisie\/wp-content\/uploads\/2022\/05\/Kapitalis-big-size.png\",\"contentUrl\":\"https:\/\/kapitalis.com\/tunisie\/wp-content\/uploads\/2022\/05\/Kapitalis-big-size.png\",\"width\":5000,\"height\":1500,\"caption\":\"Kapitalis\"},\"image\":{\"@id\":\"https:\/\/kapitalis.com\/tunisie\/#\/schema\/logo\/image\/\"},\"sameAs\":[\"https:\/\/www.facebook.com\/KapitalisInfo\/\",\"https:\/\/x.com\/KapitalisInfo\",\"https:\/\/www.youtube.com\/channel\/UC-yDYrHyfFBWWZaOw3FPg9Q\"]},{\"@type\":\"Person\",\"@id\":\"https:\/\/kapitalis.com\/tunisie\/#\/schema\/person\/74bbde0154d49d790a92aaeac5bc01d5\",\"name\":\"Yusra NY\",\"url\":\"https:\/\/kapitalis.com\/tunisie\/author\/yuza_adam\/\"}]}<\/script>\n<!-- \/ Yoast SEO plugin. -->","yoast_head_json":{"title":"Nice : Daech revendique l\u2019attaque terroriste - Kapitalis","robots":{"index":"index","follow":"follow","max-snippet":"max-snippet:-1","max-image-preview":"max-image-preview:large","max-video-preview":"max-video-preview:-1"},"canonical":"https:\/\/kapitalis.com\/tunisie\/2016\/07\/16\/nice-daech-revendique-lattaque-terroriste\/","og_locale":"fr_FR","og_type":"article","og_title":"Nice : Daech revendique l\u2019attaque terroriste - Kapitalis","og_description":"L&rsquo;organisation terroriste de l\u2019Etat islamique (Daech) a revendiqu\u00e9 l&rsquo;attentat au poids lourd, jeudi soir, \u00e0 Nice, en France.","og_url":"https:\/\/kapitalis.com\/tunisie\/2016\/07\/16\/nice-daech-revendique-lattaque-terroriste\/","og_site_name":"Kapitalis","article_publisher":"https:\/\/www.facebook.com\/KapitalisInfo\/","article_published_time":"2016-07-16T10:15:35+00:00","article_modified_time":"2016-07-16T10:24:35+00:00","og_image":[{"url":"http:\/\/kapitalis.com\/tunisie\/wp-content\/uploads\/2016\/07\/Nice-attaque.jpg","type":"","width":"","height":""}],"author":"Yusra NY","twitter_card":"summary_large_image","twitter_creator":"@KapitalisInfo","twitter_site":"@KapitalisInfo","twitter_misc":{"\u00c9crit par":"Yusra NY","Dur\u00e9e de lecture estim\u00e9e":"1 minute"},"schema":{"@context":"https:\/\/schema.org","@graph":[{"@type":"Article","@id":"https:\/\/kapitalis.com\/tunisie\/2016\/07\/16\/nice-daech-revendique-lattaque-terroriste\/#article","isPartOf":{"@id":"https:\/\/kapitalis.com\/tunisie\/2016\/07\/16\/nice-daech-revendique-lattaque-terroriste\/"},"author":{"name":"Yusra NY","@id":"https:\/\/kapitalis.com\/tunisie\/#\/schema\/person\/74bbde0154d49d790a92aaeac5bc01d5"},"headline":"Nice : Daech revendique l\u2019attaque terroriste","datePublished":"2016-07-16T10:15:35+00:00","dateModified":"2016-07-16T10:24:35+00:00","mainEntityOfPage":{"@id":"https:\/\/kapitalis.com\/tunisie\/2016\/07\/16\/nice-daech-revendique-lattaque-terroriste\/"},"wordCount":228,"commentCount":4,"publisher":{"@id":"https:\/\/kapitalis.com\/tunisie\/#organization"},"image":{"@id":"https:\/\/kapitalis.com\/tunisie\/2016\/07\/16\/nice-daech-revendique-lattaque-terroriste\/#primaryimage"},"thumbnailUrl":"http:\/\/kapitalis.com\/tunisie\/wp-content\/uploads\/2016\/07\/Nice-attaque.jpg","keywords":["Daech","France","morts","Nice","organisation terroriste"],"articleSection":["SOCIETE","Tunisie"],"inLanguage":"fr-FR","potentialAction":[{"@type":"CommentAction","name":"Comment","target":["https:\/\/kapitalis.com\/tunisie\/2016\/07\/16\/nice-daech-revendique-lattaque-terroriste\/#respond"]}]},{"@type":"WebPage","@id":"https:\/\/kapitalis.com\/tunisie\/2016\/07\/16\/nice-daech-revendique-lattaque-terroriste\/","url":"https:\/\/kapitalis.com\/tunisie\/2016\/07\/16\/nice-daech-revendique-lattaque-terroriste\/","name":"Nice : Daech revendique l\u2019attaque terroriste - Kapitalis","isPartOf":{"@id":"https:\/\/kapitalis.com\/tunisie\/#website"},"primaryImageOfPage":{"@id":"https:\/\/kapitalis.com\/tunisie\/2016\/07\/16\/nice-daech-revendique-lattaque-terroriste\/#primaryimage"},"image":{"@id":"https:\/\/kapitalis.com\/tunisie\/2016\/07\/16\/nice-daech-revendique-lattaque-terroriste\/#primaryimage"},"thumbnailUrl":"http:\/\/kapitalis.com\/tunisie\/wp-content\/uploads\/2016\/07\/Nice-attaque.jpg","datePublished":"2016-07-16T10:15:35+00:00","dateModified":"2016-07-16T10:24:35+00:00","breadcrumb":{"@id":"https:\/\/kapitalis.com\/tunisie\/2016\/07\/16\/nice-daech-revendique-lattaque-terroriste\/#breadcrumb"},"inLanguage":"fr-FR","potentialAction":[{"@type":"ReadAction","target":["https:\/\/kapitalis.com\/tunisie\/2016\/07\/16\/nice-daech-revendique-lattaque-terroriste\/"]}]},{"@type":"ImageObject","inLanguage":"fr-FR","@id":"https:\/\/kapitalis.com\/tunisie\/2016\/07\/16\/nice-daech-revendique-lattaque-terroriste\/#primaryimage","url":"http:\/\/kapitalis.com\/tunisie\/wp-content\/uploads\/2016\/07\/Nice-attaque.jpg","contentUrl":"http:\/\/kapitalis.com\/tunisie\/wp-content\/uploads\/2016\/07\/Nice-attaque.jpg"},{"@type":"BreadcrumbList","@id":"https:\/\/kapitalis.com\/tunisie\/2016\/07\/16\/nice-daech-revendique-lattaque-terroriste\/#breadcrumb","itemListElement":[{"@type":"ListItem","position":1,"name":"Accueil","item":"https:\/\/kapitalis.com\/tunisie\/"},{"@type":"ListItem","position":2,"name":"Nice : Daech revendique l\u2019attaque terroriste"}]},{"@type":"WebSite","@id":"https:\/\/kapitalis.com\/tunisie\/#website","url":"https:\/\/kapitalis.com\/tunisie\/","name":"Kapitalis","description":"L&#039;actualit\u00e9 en Tunisie et dans le monde","publisher":{"@id":"https:\/\/kapitalis.com\/tunisie\/#organization"},"potentialAction":[{"@type":"SearchAction","target":{"@type":"EntryPoint","urlTemplate":"https:\/\/kapitalis.com\/tunisie\/?s={search_term_string}"},"query-input":{"@type":"PropertyValueSpecification","valueRequired":true,"valueName":"search_term_string"}}],"inLanguage":"fr-FR"},{"@type":"Organization","@id":"https:\/\/kapitalis.com\/tunisie\/#organization","name":"Kapitalis","url":"https:\/\/kapitalis.com\/tunisie\/","logo":{"@type":"ImageObject","inLanguage":"fr-FR","@id":"https:\/\/kapitalis.com\/tunisie\/#\/schema\/logo\/image\/","url":"https:\/\/kapitalis.com\/tunisie\/wp-content\/uploads\/2022\/05\/Kapitalis-big-size.png","contentUrl":"https:\/\/kapitalis.com\/tunisie\/wp-content\/uploads\/2022\/05\/Kapitalis-big-size.png","width":5000,"height":1500,"caption":"Kapitalis"},"image":{"@id":"https:\/\/kapitalis.com\/tunisie\/#\/schema\/logo\/image\/"},"sameAs":["https:\/\/www.facebook.com\/KapitalisInfo\/","https:\/\/x.com\/KapitalisInfo","https:\/\/www.youtube.com\/channel\/UC-yDYrHyfFBWWZaOw3FPg9Q"]},{"@type":"Person","@id":"https:\/\/kapitalis.com\/tunisie\/#\/schema\/person\/74bbde0154d49d790a92aaeac5bc01d5","name":"Yusra NY","url":"https:\/\/kapitalis.com\/tunisie\/author\/yuza_adam\/"}]}},"_links":{"self":[{"href":"https:\/\/kapitalis.com\/tunisie\/wp-json\/wp\/v2\/posts\/57983","targetHints":{"allow":["GET"]}}],"collection":[{"href":"https:\/\/kapitalis.com\/tunisie\/wp-json\/wp\/v2\/posts"}],"about":[{"href":"https:\/\/kapitalis.com\/tunisie\/wp-json\/wp\/v2\/types\/post"}],"author":[{"embeddable":true,"href":"https:\/\/kapitalis.com\/tunisie\/wp-json\/wp\/v2\/users\/6"}],"replies":[{"embeddable":true,"href":"https:\/\/kapitalis.com\/tunisie\/wp-json\/wp\/v2\/comments?post=57983"}],"version-history":[{"count":0,"href":"https:\/\/kapitalis.com\/tunisie\/wp-json\/wp\/v2\/posts\/57983\/revisions"}],"wp:attachment":[{"href":"https:\/\/kapitalis.com\/tunisie\/wp-json\/wp\/v2\/media?parent=57983"}],"wp:term":[{"taxonomy":"category","embeddable":true,"href":"https:\/\/kapitalis.com\/tunisie\/wp-json\/wp\/v2\/categories?post=57983"},{"taxonomy":"post_tag","embeddable":true,"href":"https:\/\/kapitalis.com\/tunisie\/wp-json\/wp\/v2\/tags?post=57983"}],"curies":[{"name":"wp","href":"https:\/\/api.w.org\/{rel}","templated":true}]}}