{"id":58025,"date":"2016-07-16T17:18:03","date_gmt":"2016-07-16T16:18:03","guid":{"rendered":"http:\/\/kapitalis.com\/tunisie\/?p=58025"},"modified":"2016-07-16T17:18:03","modified_gmt":"2016-07-16T16:18:03","slug":"zarzis-arrestation-dun-homme-pour-harcelement-sexuel","status":"publish","type":"post","link":"https:\/\/kapitalis.com\/tunisie\/2016\/07\/16\/zarzis-arrestation-dun-homme-pour-harcelement-sexuel\/","title":{"rendered":"Zarzis : Arrestation d\u2019un homme pour harc\u00e8lement sexuel"},"content":{"rendered":"<p style=\"text-align: center;\"><img loading=\"lazy\" decoding=\"async\" class=\"alignnone size-full wp-image-58026\" src=\"http:\/\/kapitalis.com\/tunisie\/wp-content\/uploads\/2016\/07\/Plage-Zarzis.jpg\" alt=\"Plage Zarzis\" width=\"626\" height=\"380\" \/><\/p>\n<p><em><strong>La police de Zarzis a arr\u00eat\u00e9, hier, un homme de 54 ans, pour harc\u00e8lement et attouchement sexuel sur une adolescente.<\/strong><\/em><\/p>\n<p><!--more--><\/p>\n<p>Une fille\u00a0de 14 ans a rapport\u00e9 \u00e0 sa m\u00e8re, jeudi soir, qu\u2019un homme l\u2019a harcel\u00e9e alors qu\u2019elle se baignait et lui a demand\u00e9 de l&rsquo;accompagner dans un lieu isol\u00e9 de la plage \u00ab<em>pour s\u2019amuser<\/em>\u00bb. La fillette a refus\u00e9, mais ce dernier a continu\u00e9 \u00e0\u00a0se baigner pr\u00e8s d&rsquo;elle et l\u2019a touch\u00e9e \u00e0 plusieurs endroits de\u00a0son corps, l&rsquo;obligeant l\u2019adolescente \u00e0 sortir de l&rsquo;eau et \u00e0 quitter la plage \u00e0 la h\u00e2te.<\/p>\n<p>La maman a port\u00e9 plainte et le harceleur a \u00e9t\u00e9 identifi\u00e9 et arr\u00eat\u00e9 vendredi, mais il a ni\u00e9 les faits et indiqu\u00e9 qu\u2019il n\u2019avait jamais crois\u00e9 l&rsquo;adolescente.<\/p>\n<p>Une enqu\u00eate a \u00e9t\u00e9 ouverte et le suspect maintenu en d\u00e9tention.<\/p>\n<p style=\"text-align: right;\"><strong>Y. N.<\/strong><\/p>\n","protected":false},"excerpt":{"rendered":"<p>La police de Zarzis a arr\u00eat\u00e9, hier, un homme de 54 ans, pour harc\u00e8lement et attouchement sexuel sur une adolescente.<\/p>\n","protected":false},"author":6,"featured_media":58026,"comment_status":"open","ping_status":"open","sticky":false,"template":"","format":"standard","meta":{"footnotes":""},"categories":[998,2433],"tags":[31,1279,5537,719,721,975],"class_list":["post-58025","post","type-post","status-publish","format-standard","has-post-thumbnail","hentry","category-societe","category-tunisie","tag-adolescente","tag-detention","tag-harcelement","tag-plage","tag-plainte","tag-zarzis"],"yoast_head":"<!-- This site is optimized with the Yoast SEO plugin v26.6 - https:\/\/yoast.com\/wordpress\/plugins\/seo\/ -->\n<title>Zarzis : Arrestation d\u2019un homme pour harc\u00e8lement sexuel - Kapitalis<\/title>\n<meta name=\"robots\" content=\"index, follow, max-snippet:-1, max-image-preview:large, max-video-preview:-1\" \/>\n<link rel=\"canonical\" href=\"https:\/\/kapitalis.com\/tunisie\/2016\/07\/16\/zarzis-arrestation-dun-homme-pour-harcelement-sexuel\/\" \/>\n<meta property=\"og:locale\" content=\"fr_FR\" \/>\n<meta property=\"og:type\" content=\"article\" \/>\n<meta property=\"og:title\" content=\"Zarzis : Arrestation d\u2019un homme pour harc\u00e8lement sexuel - Kapitalis\" \/>\n<meta property=\"og:description\" content=\"La police de Zarzis a arr\u00eat\u00e9, hier, un homme de 54 ans, pour harc\u00e8lement et attouchement sexuel sur une adolescente.\" \/>\n<meta property=\"og:url\" content=\"https:\/\/kapitalis.com\/tunisie\/2016\/07\/16\/zarzis-arrestation-dun-homme-pour-harcelement-sexuel\/\" \/>\n<meta property=\"og:site_name\" content=\"Kapitalis\" \/>\n<meta property=\"article:publisher\" content=\"https:\/\/www.facebook.com\/KapitalisInfo\/\" \/>\n<meta property=\"article:published_time\" content=\"2016-07-16T16:18:03+00:00\" \/>\n<meta property=\"og:image\" content=\"https:\/\/kapitalis.com\/tunisie\/wp-content\/uploads\/2022\/05\/kapitalis-logo-fb.png\" \/>\n\t<meta property=\"og:image:width\" content=\"1200\" \/>\n\t<meta property=\"og:image:height\" content=\"630\" \/>\n\t<meta property=\"og:image:type\" content=\"image\/png\" \/>\n<meta name=\"author\" content=\"Yusra NY\" \/>\n<meta name=\"twitter:card\" content=\"summary_large_image\" \/>\n<meta name=\"twitter:creator\" content=\"@KapitalisInfo\" \/>\n<meta name=\"twitter:site\" content=\"@KapitalisInfo\" \/>\n<meta name=\"twitter:label1\" content=\"\u00c9crit par\" \/>\n\t<meta name=\"twitter:data1\" content=\"Yusra NY\" \/>\n\t<meta name=\"twitter:label2\" content=\"Dur\u00e9e de lecture estim\u00e9e\" \/>\n\t<meta name=\"twitter:data2\" content=\"1 minute\" \/>\n<script type=\"application\/ld+json\" class=\"yoast-schema-graph\">{\"@context\":\"https:\/\/schema.org\",\"@graph\":[{\"@type\":\"Article\",\"@id\":\"https:\/\/kapitalis.com\/tunisie\/2016\/07\/16\/zarzis-arrestation-dun-homme-pour-harcelement-sexuel\/#article\",\"isPartOf\":{\"@id\":\"https:\/\/kapitalis.com\/tunisie\/2016\/07\/16\/zarzis-arrestation-dun-homme-pour-harcelement-sexuel\/\"},\"author\":{\"name\":\"Yusra NY\",\"@id\":\"https:\/\/kapitalis.com\/tunisie\/#\/schema\/person\/74bbde0154d49d790a92aaeac5bc01d5\"},\"headline\":\"Zarzis : Arrestation d\u2019un homme pour harc\u00e8lement sexuel\",\"datePublished\":\"2016-07-16T16:18:03+00:00\",\"mainEntityOfPage\":{\"@id\":\"https:\/\/kapitalis.com\/tunisie\/2016\/07\/16\/zarzis-arrestation-dun-homme-pour-harcelement-sexuel\/\"},\"wordCount\":151,\"commentCount\":7,\"publisher\":{\"@id\":\"https:\/\/kapitalis.com\/tunisie\/#organization\"},\"image\":{\"@id\":\"https:\/\/kapitalis.com\/tunisie\/2016\/07\/16\/zarzis-arrestation-dun-homme-pour-harcelement-sexuel\/#primaryimage\"},\"thumbnailUrl\":\"\",\"keywords\":[\"adolescente\",\"d\u00e9tention\",\"harc\u00e8lement\",\"plage\",\"plainte\",\"Zarzis\"],\"articleSection\":[\"SOCIETE\",\"Tunisie\"],\"inLanguage\":\"fr-FR\",\"potentialAction\":[{\"@type\":\"CommentAction\",\"name\":\"Comment\",\"target\":[\"https:\/\/kapitalis.com\/tunisie\/2016\/07\/16\/zarzis-arrestation-dun-homme-pour-harcelement-sexuel\/#respond\"]}]},{\"@type\":\"WebPage\",\"@id\":\"https:\/\/kapitalis.com\/tunisie\/2016\/07\/16\/zarzis-arrestation-dun-homme-pour-harcelement-sexuel\/\",\"url\":\"https:\/\/kapitalis.com\/tunisie\/2016\/07\/16\/zarzis-arrestation-dun-homme-pour-harcelement-sexuel\/\",\"name\":\"Zarzis : Arrestation d\u2019un homme pour harc\u00e8lement sexuel - Kapitalis\",\"isPartOf\":{\"@id\":\"https:\/\/kapitalis.com\/tunisie\/#website\"},\"primaryImageOfPage\":{\"@id\":\"https:\/\/kapitalis.com\/tunisie\/2016\/07\/16\/zarzis-arrestation-dun-homme-pour-harcelement-sexuel\/#primaryimage\"},\"image\":{\"@id\":\"https:\/\/kapitalis.com\/tunisie\/2016\/07\/16\/zarzis-arrestation-dun-homme-pour-harcelement-sexuel\/#primaryimage\"},\"thumbnailUrl\":\"\",\"datePublished\":\"2016-07-16T16:18:03+00:00\",\"breadcrumb\":{\"@id\":\"https:\/\/kapitalis.com\/tunisie\/2016\/07\/16\/zarzis-arrestation-dun-homme-pour-harcelement-sexuel\/#breadcrumb\"},\"inLanguage\":\"fr-FR\",\"potentialAction\":[{\"@type\":\"ReadAction\",\"target\":[\"https:\/\/kapitalis.com\/tunisie\/2016\/07\/16\/zarzis-arrestation-dun-homme-pour-harcelement-sexuel\/\"]}]},{\"@type\":\"ImageObject\",\"inLanguage\":\"fr-FR\",\"@id\":\"https:\/\/kapitalis.com\/tunisie\/2016\/07\/16\/zarzis-arrestation-dun-homme-pour-harcelement-sexuel\/#primaryimage\",\"url\":\"\",\"contentUrl\":\"\"},{\"@type\":\"BreadcrumbList\",\"@id\":\"https:\/\/kapitalis.com\/tunisie\/2016\/07\/16\/zarzis-arrestation-dun-homme-pour-harcelement-sexuel\/#breadcrumb\",\"itemListElement\":[{\"@type\":\"ListItem\",\"position\":1,\"name\":\"Accueil\",\"item\":\"https:\/\/kapitalis.com\/tunisie\/\"},{\"@type\":\"ListItem\",\"position\":2,\"name\":\"Zarzis : Arrestation d\u2019un homme pour harc\u00e8lement sexuel\"}]},{\"@type\":\"WebSite\",\"@id\":\"https:\/\/kapitalis.com\/tunisie\/#website\",\"url\":\"https:\/\/kapitalis.com\/tunisie\/\",\"name\":\"Kapitalis\",\"description\":\"L&#039;actualit\u00e9 en Tunisie et dans le monde\",\"publisher\":{\"@id\":\"https:\/\/kapitalis.com\/tunisie\/#organization\"},\"potentialAction\":[{\"@type\":\"SearchAction\",\"target\":{\"@type\":\"EntryPoint\",\"urlTemplate\":\"https:\/\/kapitalis.com\/tunisie\/?s={search_term_string}\"},\"query-input\":{\"@type\":\"PropertyValueSpecification\",\"valueRequired\":true,\"valueName\":\"search_term_string\"}}],\"inLanguage\":\"fr-FR\"},{\"@type\":\"Organization\",\"@id\":\"https:\/\/kapitalis.com\/tunisie\/#organization\",\"name\":\"Kapitalis\",\"url\":\"https:\/\/kapitalis.com\/tunisie\/\",\"logo\":{\"@type\":\"ImageObject\",\"inLanguage\":\"fr-FR\",\"@id\":\"https:\/\/kapitalis.com\/tunisie\/#\/schema\/logo\/image\/\",\"url\":\"https:\/\/kapitalis.com\/tunisie\/wp-content\/uploads\/2022\/05\/Kapitalis-big-size.png\",\"contentUrl\":\"https:\/\/kapitalis.com\/tunisie\/wp-content\/uploads\/2022\/05\/Kapitalis-big-size.png\",\"width\":5000,\"height\":1500,\"caption\":\"Kapitalis\"},\"image\":{\"@id\":\"https:\/\/kapitalis.com\/tunisie\/#\/schema\/logo\/image\/\"},\"sameAs\":[\"https:\/\/www.facebook.com\/KapitalisInfo\/\",\"https:\/\/x.com\/KapitalisInfo\",\"https:\/\/www.youtube.com\/channel\/UC-yDYrHyfFBWWZaOw3FPg9Q\"]},{\"@type\":\"Person\",\"@id\":\"https:\/\/kapitalis.com\/tunisie\/#\/schema\/person\/74bbde0154d49d790a92aaeac5bc01d5\",\"name\":\"Yusra NY\",\"url\":\"https:\/\/kapitalis.com\/tunisie\/author\/yuza_adam\/\"}]}<\/script>\n<!-- \/ Yoast SEO plugin. -->","yoast_head_json":{"title":"Zarzis : Arrestation d\u2019un homme pour harc\u00e8lement sexuel - Kapitalis","robots":{"index":"index","follow":"follow","max-snippet":"max-snippet:-1","max-image-preview":"max-image-preview:large","max-video-preview":"max-video-preview:-1"},"canonical":"https:\/\/kapitalis.com\/tunisie\/2016\/07\/16\/zarzis-arrestation-dun-homme-pour-harcelement-sexuel\/","og_locale":"fr_FR","og_type":"article","og_title":"Zarzis : Arrestation d\u2019un homme pour harc\u00e8lement sexuel - Kapitalis","og_description":"La police de Zarzis a arr\u00eat\u00e9, hier, un homme de 54 ans, pour harc\u00e8lement et attouchement sexuel sur une adolescente.","og_url":"https:\/\/kapitalis.com\/tunisie\/2016\/07\/16\/zarzis-arrestation-dun-homme-pour-harcelement-sexuel\/","og_site_name":"Kapitalis","article_publisher":"https:\/\/www.facebook.com\/KapitalisInfo\/","article_published_time":"2016-07-16T16:18:03+00:00","og_image":[{"width":1200,"height":630,"url":"https:\/\/kapitalis.com\/tunisie\/wp-content\/uploads\/2022\/05\/kapitalis-logo-fb.png","type":"image\/png"}],"author":"Yusra NY","twitter_card":"summary_large_image","twitter_creator":"@KapitalisInfo","twitter_site":"@KapitalisInfo","twitter_misc":{"\u00c9crit par":"Yusra NY","Dur\u00e9e de lecture estim\u00e9e":"1 minute"},"schema":{"@context":"https:\/\/schema.org","@graph":[{"@type":"Article","@id":"https:\/\/kapitalis.com\/tunisie\/2016\/07\/16\/zarzis-arrestation-dun-homme-pour-harcelement-sexuel\/#article","isPartOf":{"@id":"https:\/\/kapitalis.com\/tunisie\/2016\/07\/16\/zarzis-arrestation-dun-homme-pour-harcelement-sexuel\/"},"author":{"name":"Yusra NY","@id":"https:\/\/kapitalis.com\/tunisie\/#\/schema\/person\/74bbde0154d49d790a92aaeac5bc01d5"},"headline":"Zarzis : Arrestation d\u2019un homme pour harc\u00e8lement sexuel","datePublished":"2016-07-16T16:18:03+00:00","mainEntityOfPage":{"@id":"https:\/\/kapitalis.com\/tunisie\/2016\/07\/16\/zarzis-arrestation-dun-homme-pour-harcelement-sexuel\/"},"wordCount":151,"commentCount":7,"publisher":{"@id":"https:\/\/kapitalis.com\/tunisie\/#organization"},"image":{"@id":"https:\/\/kapitalis.com\/tunisie\/2016\/07\/16\/zarzis-arrestation-dun-homme-pour-harcelement-sexuel\/#primaryimage"},"thumbnailUrl":"","keywords":["adolescente","d\u00e9tention","harc\u00e8lement","plage","plainte","Zarzis"],"articleSection":["SOCIETE","Tunisie"],"inLanguage":"fr-FR","potentialAction":[{"@type":"CommentAction","name":"Comment","target":["https:\/\/kapitalis.com\/tunisie\/2016\/07\/16\/zarzis-arrestation-dun-homme-pour-harcelement-sexuel\/#respond"]}]},{"@type":"WebPage","@id":"https:\/\/kapitalis.com\/tunisie\/2016\/07\/16\/zarzis-arrestation-dun-homme-pour-harcelement-sexuel\/","url":"https:\/\/kapitalis.com\/tunisie\/2016\/07\/16\/zarzis-arrestation-dun-homme-pour-harcelement-sexuel\/","name":"Zarzis : Arrestation d\u2019un homme pour harc\u00e8lement sexuel - Kapitalis","isPartOf":{"@id":"https:\/\/kapitalis.com\/tunisie\/#website"},"primaryImageOfPage":{"@id":"https:\/\/kapitalis.com\/tunisie\/2016\/07\/16\/zarzis-arrestation-dun-homme-pour-harcelement-sexuel\/#primaryimage"},"image":{"@id":"https:\/\/kapitalis.com\/tunisie\/2016\/07\/16\/zarzis-arrestation-dun-homme-pour-harcelement-sexuel\/#primaryimage"},"thumbnailUrl":"","datePublished":"2016-07-16T16:18:03+00:00","breadcrumb":{"@id":"https:\/\/kapitalis.com\/tunisie\/2016\/07\/16\/zarzis-arrestation-dun-homme-pour-harcelement-sexuel\/#breadcrumb"},"inLanguage":"fr-FR","potentialAction":[{"@type":"ReadAction","target":["https:\/\/kapitalis.com\/tunisie\/2016\/07\/16\/zarzis-arrestation-dun-homme-pour-harcelement-sexuel\/"]}]},{"@type":"ImageObject","inLanguage":"fr-FR","@id":"https:\/\/kapitalis.com\/tunisie\/2016\/07\/16\/zarzis-arrestation-dun-homme-pour-harcelement-sexuel\/#primaryimage","url":"","contentUrl":""},{"@type":"BreadcrumbList","@id":"https:\/\/kapitalis.com\/tunisie\/2016\/07\/16\/zarzis-arrestation-dun-homme-pour-harcelement-sexuel\/#breadcrumb","itemListElement":[{"@type":"ListItem","position":1,"name":"Accueil","item":"https:\/\/kapitalis.com\/tunisie\/"},{"@type":"ListItem","position":2,"name":"Zarzis : Arrestation d\u2019un homme pour harc\u00e8lement sexuel"}]},{"@type":"WebSite","@id":"https:\/\/kapitalis.com\/tunisie\/#website","url":"https:\/\/kapitalis.com\/tunisie\/","name":"Kapitalis","description":"L&#039;actualit\u00e9 en Tunisie et dans le monde","publisher":{"@id":"https:\/\/kapitalis.com\/tunisie\/#organization"},"potentialAction":[{"@type":"SearchAction","target":{"@type":"EntryPoint","urlTemplate":"https:\/\/kapitalis.com\/tunisie\/?s={search_term_string}"},"query-input":{"@type":"PropertyValueSpecification","valueRequired":true,"valueName":"search_term_string"}}],"inLanguage":"fr-FR"},{"@type":"Organization","@id":"https:\/\/kapitalis.com\/tunisie\/#organization","name":"Kapitalis","url":"https:\/\/kapitalis.com\/tunisie\/","logo":{"@type":"ImageObject","inLanguage":"fr-FR","@id":"https:\/\/kapitalis.com\/tunisie\/#\/schema\/logo\/image\/","url":"https:\/\/kapitalis.com\/tunisie\/wp-content\/uploads\/2022\/05\/Kapitalis-big-size.png","contentUrl":"https:\/\/kapitalis.com\/tunisie\/wp-content\/uploads\/2022\/05\/Kapitalis-big-size.png","width":5000,"height":1500,"caption":"Kapitalis"},"image":{"@id":"https:\/\/kapitalis.com\/tunisie\/#\/schema\/logo\/image\/"},"sameAs":["https:\/\/www.facebook.com\/KapitalisInfo\/","https:\/\/x.com\/KapitalisInfo","https:\/\/www.youtube.com\/channel\/UC-yDYrHyfFBWWZaOw3FPg9Q"]},{"@type":"Person","@id":"https:\/\/kapitalis.com\/tunisie\/#\/schema\/person\/74bbde0154d49d790a92aaeac5bc01d5","name":"Yusra NY","url":"https:\/\/kapitalis.com\/tunisie\/author\/yuza_adam\/"}]}},"_links":{"self":[{"href":"https:\/\/kapitalis.com\/tunisie\/wp-json\/wp\/v2\/posts\/58025","targetHints":{"allow":["GET"]}}],"collection":[{"href":"https:\/\/kapitalis.com\/tunisie\/wp-json\/wp\/v2\/posts"}],"about":[{"href":"https:\/\/kapitalis.com\/tunisie\/wp-json\/wp\/v2\/types\/post"}],"author":[{"embeddable":true,"href":"https:\/\/kapitalis.com\/tunisie\/wp-json\/wp\/v2\/users\/6"}],"replies":[{"embeddable":true,"href":"https:\/\/kapitalis.com\/tunisie\/wp-json\/wp\/v2\/comments?post=58025"}],"version-history":[{"count":0,"href":"https:\/\/kapitalis.com\/tunisie\/wp-json\/wp\/v2\/posts\/58025\/revisions"}],"wp:featuredmedia":[{"embeddable":true,"href":"https:\/\/kapitalis.com\/tunisie\/wp-json\/wp\/v2\/media\/58026"}],"wp:attachment":[{"href":"https:\/\/kapitalis.com\/tunisie\/wp-json\/wp\/v2\/media?parent=58025"}],"wp:term":[{"taxonomy":"category","embeddable":true,"href":"https:\/\/kapitalis.com\/tunisie\/wp-json\/wp\/v2\/categories?post=58025"},{"taxonomy":"post_tag","embeddable":true,"href":"https:\/\/kapitalis.com\/tunisie\/wp-json\/wp\/v2\/tags?post=58025"}],"curies":[{"name":"wp","href":"https:\/\/api.w.org\/{rel}","templated":true}]}}